{"id":827,"date":"2018-11-12T17:32:07","date_gmt":"2018-11-12T16:32:07","guid":{"rendered":"http:\/\/blog.zhaw.ch\/vitamin-g\/?p=827"},"modified":"2022-04-11T17:51:06","modified_gmt":"2022-04-11T15:51:06","slug":"so-merke-ich-dass-ich-nicht-nutzlos-bin","status":"publish","type":"post","link":"https:\/\/blog.zhaw.ch\/vitamin-g\/so-merke-ich-dass-ich-nicht-nutzlos-bin\/","title":{"rendered":"\u00abSO MERKE ICH, DASS ICH NICHT NUTZLOS BIN\u00bb"},"content":{"rendered":"\n<p><strong>Viele Fl\u00fcchtlinge sind durch Krieg und Folter traumatisiert. Ergotherapie soll ihnen helfen, sich auf die Gegenwart zu konzentrieren und wieder handlungsf\u00e4hig zu werden. Ein Einblick in die Praxis Ergopunkt des Schweizerischen Roten Kreuzes in Bern.<\/strong><\/p>\n\n\n\n<!--more-->\n\n\n\n<p>VON SUSANNE WENGER<\/p>\n\n\n\n<p>Helle, freundliche Atmosph\u00e4re, Regale voller Materialien und Werkzeug, mittendrin ein grosser Tisch: Das ist das Atelier der Praxis Ergopunkt unweit des Bahnhofs Bern. Hier behandelt das sechsk\u00f6pfige Ergotherapie-Team in der Regel Menschen mit Handverletzungen, Rheuma oder nach einem Schlaganfall. An diesem Sp\u00e4tsommernachmittag jedoch sitzt Psychiatrie-Patientin Frau T. am Tisch. Die 31- j\u00e4hrige Asylbewerberin stammt aus dem Iran. Sie wirkt zart und stark zugleich. Vor ihr rattert eine \u00abBernina\u00bb. Angeleitet von Praxisleiterin Irene Schmid, n\u00e4ht Frau T. an einer Stoffdecke, weich und sch\u00f6n. Das Muster hat sie selbst entworfen. \u00abIch kann die Decke sp\u00e4ter mit nach Hause nehmen\u00bb, sagt sie in gutem Deutsch, \u00absie wird mir im Winter warm geben.\u00bb<br>Nach Hause: Das ist im Fall von Frau T. eine Asyl-Kollektivunterkunft, in der sie mit ihrem Vater ein Zimmer teilt. Die Tochter schaut zu ihm, er hat Operationen hinter sich. Vor sieben Jahren fl\u00fcchteten die beiden in die Schweiz, \u00abaus politischen Gr\u00fcnden\u00bb, wie sie sagt. Ihre Asylgesuche wurden abgelehnt, sie leben jetzt von Nothilfe, rechtlich bleibt ein letzter Hoffnungsschimmer. Die Situation ist nicht einfach, umso mehr, als Frau T. mit gesundheitlichen Problemen k\u00e4mpft. Bei ihr wurde eine Posttraumatische Belastungsst\u00f6rung diagnostiziert, zudem leidet sie an Depressionen. \u00abMeine Gedanken drehen sich im Kreis\u00bb, erz\u00e4hlt sie, \u00abhundertmal lese ich im Buch die gleiche Seite.\u00bb Frau T. ist beim Ambulatorium f\u00fcr Folter- und Kriegsopfer des Schweizerischen Roten Kreuzes (SRK) in psychiatrischer Behandlung. Sie hat auch schon Klinikaufenthalte hinter sich.<\/p>\n\n\n\n<h2 class=\"wp-block-heading\">Gegen das Gr\u00fcbeln<\/h2>\n\n\n\n<p>Vierzig bis f\u00fcnfzig Prozent aller Asylsuchenden und Fl\u00fcchtlinge aus Kriegs- und Krisengebieten in der Schweiz weisen nach Sch\u00e4tzungen von Fachleuten Trauma-Folgeerkrankungen auf. \u00abDie Menschen, die zu uns in die Therapie kommen, haben Schlafst\u00f6rungen, Konzentrationsprobleme oder andere vegetative Stressreaktionen wie Schwitzen, Unruhe oder Interesselosigkeit\u00bb, sagt Praxisleiterin Schmid. Oft klagten sie \u00fcber Schmerzen und neigten zu exzessivem Gr\u00fcbeln. Doch bis die Traumafolgen als solche erkannt werden, vergeht meist viel Zeit. Die Mehrheit der Betroffenen schweigt \u00fcber das Unertr\u00e4gliche. Manche spalten es gar ab, ein Vorgang, den die Medizin Dissoziation nennt.<br>Auch Frau T. will oder kann nicht \u00fcber die Erlebnisse sprechen, die sie ersch\u00fcttert haben. F\u00fcr Irene Schmid ist&nbsp; das gar nicht unbedingt n\u00f6tig. \u00abIch muss nicht alles im Detail wissen\u00bb, sagt die erfahrene Fachfrau. Seit zwei Jahren kommt die Iranerin zu ihr in die \u00e4rztlich verordnete Ergotherapie. Der w\u00f6chentliche Termin gibt der jungen Frau Struktur und erg\u00e4nzt die Psychotherapie laut Schmid \u00abauf praktische und handlungsorientierte Weise\u00bb. Traumatisierte Menschen h\u00e4tten Kontrollverlust und Ohnmacht erlebt: \u00abSie sollen wieder Vertrauen in ihre Handlungskompetenz erlangen.\u00bb<\/p>\n\n\n\n<h2 class=\"wp-block-heading\">Wieder Freude sp\u00fcren<\/h2>\n\n\n\n<p>Erreicht wird dies unter anderem durch gestalterische T\u00e4tigkeiten. Frau T. machte schon Collagen, h\u00e4kelte wollene Schalen, wob einen Teppich und fertigte ein Etui an. \u00abEs tut gut, mit den H\u00e4nden etwas herzustellen\u00bb, sagt sie, \u00abso merke ich, dass ich kein nutzloser Mensch bin.\u00bb Sie arbeitet ausschliesslich mit Materialien, die sie taktil und optisch als angenehm empfindet. Dies herauszufinden, sei jeweils schon ein erster kleiner Erfolg, stellt Schmid fest: \u00abDie Menschen lernen, im Hier und Jetzt zu sein, wieder Freude zu sp\u00fcren.\u00bb<br>In der ersten Phase der Therapie geht es laut Schmid darum, Vertrauen und Stabilit\u00e4t zu erzeugen. In der n\u00e4chsten&nbsp;Phase folgt der Bezug zum Alltag. Die Ergotherapeutin half beispielsweise einem Fl\u00fcchtling in seiner K\u00fcche dabei, gesund kochen zu lernen. Er hatte ausgepr\u00e4gte k\u00f6rperliche Schamgef\u00fchle, ebenfalls ein Symptom der Belastungsst\u00f6rung.<\/p>\n\n\n\n<h2 class=\"wp-block-heading\">\u00abVerletzliche Gruppe\u00bb<\/h2>\n\n\n\n<p>Ergotherapie f\u00fcr traumatisierte Gefl\u00fcchtete wird beim SRK Bern-Mittelland seit 2015 angeboten, mehr als 30&nbsp; Personen aus der T\u00fcrkei, Somalia, Afghanistan, Syrien und Iran haben sie seither in Anspruch genommen. Neben Einzeltherapien, wie Frau T. sie besucht, gibt es Gruppentherapien. Die Teilnehmenden sind \u2013 gemeinsam mit Schweizerinnen und Schweizern \u2013 g\u00e4rtnerisch oder handwerklich t\u00e4tig. Reichen die Deutschkenntnisse der Migranten nicht aus, wird ein Dolmetscher beigezogen. Irene Schmid arbeitet schon seit zwanzig Jahren als Ergotherapeutin. Die Erweiterung ihrer Klientel um Psychiatriepatienten entspricht ihr sehr: \u00abTraumatisierte Fl\u00fcchtlinge sind eine besonders verletzliche Gruppe, f\u00fcr die ich mich einsetzen will.\u00bb Je fr\u00fcher Traumafolgest\u00f6rungen therapiert w\u00fcrden, desto eher tr\u00e4ten Erfolge ein. Das schaffe eine Voraussetzung f\u00fcr Integration, unterstreicht Schmid.<br>Zus\u00e4tzlich zum vorhandenen ergotherapeutischen Fachwissen eignet sich das Ergopunkt-Team mit SRK Materialien transkulturelle Kompetenz an. Irene Schmid sieht bei Frau T. Fortschritte, h\u00e4lt sie f\u00fcr stabiler als zu&nbsp; Beginn der Therapie. Der Klientin selbst f\u00e4llt es schwerer, die Wirkung einzusch\u00e4tzen. Sie antwortet differenziert, sichtlich bem\u00fcht, dem Gegenstand gerecht zu werden. In der Ergotherapie komme sie zur Ruhe, sagt sie: \u00abF\u00fcr einen Moment vergesse ich die Sorgen.\u00bb Doch der unsichere Aufenthaltsstatus setzt ihr enorm zu. Sie m\u00f6chte sich in der Schweiz ein Leben aufbauen. In Teheran, vor der Flucht, hatte sie Pl\u00e4ne, Zahnmedizin zu studieren. Nun vergehen die Jahre. Solange ihre Situation nicht gekl\u00e4rt sei, sagt Frau T., \u00abwerde ich nicht heil.\u00bb \/\/<\/p>\n\n\n\n<hr class=\"wp-block-separator\" \/>\n\n\n\n<h2 class=\"wp-block-heading\">LERNEN, MIT ANGST UND STRESS UMZUGEHEN<\/h2>\n\n\n\n<p>\u00abErgo-Psycho-Edukationsgruppe\u00bb: Der etwas sperrige Begriff bezeichnet eine spezielle Form der Arbeit mit traumatisierten Migrantinnen und Migranten, wie sie vom Schweizerischen Roten Kreuz Bern-Mittelland angeboten wird. Die Teilnehmenden \u2013 alle in psychiatrischer Behandlung beim SRK-Ambulatorium f\u00fcr Folter- und Kriegsopfer \u2013 erhalten in dieser Gruppe Informationen zum Thema Gesundheit und zum Einfluss bestimmter Handlungen auf das eigene Befinden. Die \u00e4rztliche Psychotherapeutin Anna Hirschi vermittelt ihnen Wissen \u00fcber die Posttraumatische Belastungsst\u00f6rung sowie den Umgang mit Schmerzen, Angst und Stress. Gleichzeitig kommt an den Gruppensitzungen Chantal Sauvin zum Einsatz, Ergotherapeutin der Praxis Ergopunkt. \u00abWir bieten den Teilnehmenden an, das Wissen aktiv in Handlungen umzusetzen\u00bb, sagt sie. Sauvin erwarb 2017 ihr Diplom und absolviert nun das CAS Best Practice in Ergotherapie \u2013 Psychiatrie an der ZHAW. Das gemeinsame Gestalten, Backen und Spielen wirke nicht nur entspannend, es verschaffe den Patienten auch Erfahrungen von Selbstwirksamkeit und soziale Kontakte. Im Fr\u00fchling wurde die Therapiegruppe zum ersten Mal durchgef\u00fchrt, als Pilotprojekt mit acht M\u00e4nnern aus der T\u00fcrkei. Als Herausforderung an den neun Sitzungen erwies sich, trotz Dolmetscher, die Sprache. Anfang 2019 soll, mit kleineren Anpassungen, eine zweite Gruppe starten. Chantal Sauvin ist vom ganzheitlichen Ansatz \u00fcberzeugt. Auch die R\u00fcckmeldungen der Patienten seien mehrheitlich positiv ausgefallen, sagt sie. So berichtete ein Teilnehmer, bei der Arbeit mit Ton \u00abgeht alles Schlechte weg, wie in die Erde hinein\u00bb.<\/p>\n\n\n\n<p>\u00abVitamin G\u00bb,&nbsp;Seite 16-17<\/p>\n\n\n\n<hr class=\"wp-block-separator\" \/>\n\n\n\n<p><strong>WEITERE INFORMATIONEN<\/strong><\/p>\n\n\n\n<ul class=\"wp-block-list\"><li><a href=\"http:\/\/www.ergopunkt.ch\/\">Praxis Ergopunkt<\/a><\/li><li><a href=\"http:\/\/www.redcross.ch\/de\/organisation\/ambulatorium-fuer-folter-und-kriegsopfer\/hilfe-fuer-traumatisierte-menschen\">Ambulatorium f\u00fcr Folter- und Kriegsopfer, Schweizerisches Rotes Kreuz<\/a><\/li><li><a href=\"https:\/\/weiterbildung.zhaw.ch\/de\/gesundheit\/programm\/cas-best-practice-in-ergotherapie-psychiatrie.html\">Weiterbildung: CAS Best Practice in Ergotherapie \u2013 Psychiatrie<\/a><\/li><\/ul>\n\n\n\n<hr class=\"wp-block-separator\" \/>\n\n\n\n<div class=\"callout-medium\"><a href=\"https:\/\/www.zhaw.ch\/storage\/gesundheit\/ueber-uns\/medien-news\/vitamin-g\/vitamin-g-nr5-2018-zhaw-gesundheit.pdf\"><strong>VITAMIN G, NR. 5\/2018 (PDF)<\/strong><\/a><\/div>\n\n\n\n<div class=\"callout-medium\"><strong><a href=\"https:\/\/www.zhaw.ch\/de\/gesundheit\/ueber-uns\/medien\/magazin-vitamin-g\/\">VITAMIN G BESTELLEN<\/a><\/strong><\/div>\n","protected":false},"excerpt":{"rendered":"<p>Viele Fl\u00fcchtlinge sind durch Krieg und Folter traumatisiert. Ergotherapie soll ihnen helfen, sich auf die Gegenwart zu konzentrieren und wieder handlungsf\u00e4hig zu werden. Ein Einblick in die Praxis Ergopunkt des Schweizerischen Roten Kreuzes in Bern.<\/p>\n","protected":false},"author":303,"featured_media":1467,"comment_status":"open","ping_status":"open","sticky":false,"template":"","format":"standard","meta":{"ngg_post_thumbnail":0,"footnotes":""},"categories":[1],"tags":[],"features":[],"class_list":["post-827","post","type-post","status-publish","format-standard","has-post-thumbnail","hentry","category-allgemein"],"yoast_head":"<!-- This site is optimized with the Yoast SEO Premium plugin v27.2 (Yoast SEO v27.2) - https:\/\/yoast.com\/product\/yoast-seo-premium-wordpress\/ -->\n<title>\u00abSO MERKE ICH, DASS ICH NICHT NUTZLOS BIN\u00bb - Vitamin G \u2013 f\u00fcr Health Professionals mit Weitblick<\/title>\n<meta name=\"robots\" content=\"index, follow, max-snippet:-1, max-image-preview:large, max-video-preview:-1\" \/>\n<link rel=\"canonical\" href=\"https:\/\/blog.zhaw.ch\/vitamin-g\/so-merke-ich-dass-ich-nicht-nutzlos-bin\/\" \/>\n<meta property=\"og:locale\" content=\"de_DE\" \/>\n<meta property=\"og:type\" content=\"article\" \/>\n<meta property=\"og:title\" content=\"\u00abSO MERKE ICH, DASS ICH NICHT NUTZLOS BIN\u00bb\" \/>\n<meta property=\"og:description\" content=\"Viele Fl\u00fcchtlinge sind durch Krieg und Folter traumatisiert. Ergotherapie soll ihnen helfen, sich auf die Gegenwart zu konzentrieren und wieder handlungsf\u00e4hig zu werden. Ein Einblick in die Praxis Ergopunkt des Schweizerischen Roten Kreuzes in Bern.\" \/>\n<meta property=\"og:url\" content=\"https:\/\/blog.zhaw.ch\/vitamin-g\/so-merke-ich-dass-ich-nicht-nutzlos-bin\/\" \/>\n<meta property=\"og:site_name\" content=\"Vitamin G \u2013 f\u00fcr Health Professionals mit Weitblick\" \/>\n<meta property=\"article:published_time\" content=\"2018-11-12T16:32:07+00:00\" \/>\n<meta property=\"article:modified_time\" content=\"2022-04-11T15:51:06+00:00\" \/>\n<meta property=\"og:image\" content=\"https:\/\/blog.zhaw.ch\/vitamin-g\/files\/2020\/06\/2018-5-traumattherapie-ergo.jpg\" \/>\n\t<meta property=\"og:image:width\" content=\"1600\" \/>\n\t<meta property=\"og:image:height\" content=\"800\" \/>\n\t<meta property=\"og:image:type\" content=\"image\/jpeg\" \/>\n<meta name=\"author\" content=\"Vitamin G\" \/>\n<meta name=\"twitter:card\" content=\"summary_large_image\" \/>\n<meta name=\"twitter:label1\" content=\"Verfasst von\" \/>\n\t<meta name=\"twitter:data1\" content=\"Vitamin G\" \/>\n\t<meta name=\"twitter:label2\" content=\"Gesch\u00e4tzte Lesezeit\" \/>\n\t<meta name=\"twitter:data2\" content=\"6\u00a0Minuten\" \/>\n<script type=\"application\/ld+json\" class=\"yoast-schema-graph\">{\"@context\":\"https:\/\/schema.org\",\"@graph\":[{\"@type\":\"Article\",\"@id\":\"https:\/\/blog.zhaw.ch\/vitamin-g\/so-merke-ich-dass-ich-nicht-nutzlos-bin\/#article\",\"isPartOf\":{\"@id\":\"https:\/\/blog.zhaw.ch\/vitamin-g\/so-merke-ich-dass-ich-nicht-nutzlos-bin\/\"},\"author\":{\"name\":\"Vitamin G\",\"@id\":\"https:\/\/blog.zhaw.ch\/vitamin-g\/#\/schema\/person\/c40eef1fd6b5c80a87a5ab6f21a50cc1\"},\"headline\":\"\u00abSO MERKE ICH, DASS ICH NICHT NUTZLOS BIN\u00bb\",\"datePublished\":\"2018-11-12T16:32:07+00:00\",\"dateModified\":\"2022-04-11T15:51:06+00:00\",\"mainEntityOfPage\":{\"@id\":\"https:\/\/blog.zhaw.ch\/vitamin-g\/so-merke-ich-dass-ich-nicht-nutzlos-bin\/\"},\"wordCount\":1132,\"commentCount\":0,\"image\":{\"@id\":\"https:\/\/blog.zhaw.ch\/vitamin-g\/so-merke-ich-dass-ich-nicht-nutzlos-bin\/#primaryimage\"},\"thumbnailUrl\":\"https:\/\/blog.zhaw.ch\/vitamin-g\/files\/2020\/06\/2018-5-traumattherapie-ergo.jpg\",\"inLanguage\":\"de\",\"potentialAction\":[{\"@type\":\"CommentAction\",\"name\":\"Comment\",\"target\":[\"https:\/\/blog.zhaw.ch\/vitamin-g\/so-merke-ich-dass-ich-nicht-nutzlos-bin\/#respond\"]}]},{\"@type\":\"WebPage\",\"@id\":\"https:\/\/blog.zhaw.ch\/vitamin-g\/so-merke-ich-dass-ich-nicht-nutzlos-bin\/\",\"url\":\"https:\/\/blog.zhaw.ch\/vitamin-g\/so-merke-ich-dass-ich-nicht-nutzlos-bin\/\",\"name\":\"\u00abSO MERKE ICH, DASS ICH NICHT NUTZLOS BIN\u00bb - Vitamin G \u2013 f\u00fcr Health Professionals mit Weitblick\",\"isPartOf\":{\"@id\":\"https:\/\/blog.zhaw.ch\/vitamin-g\/#website\"},\"primaryImageOfPage\":{\"@id\":\"https:\/\/blog.zhaw.ch\/vitamin-g\/so-merke-ich-dass-ich-nicht-nutzlos-bin\/#primaryimage\"},\"image\":{\"@id\":\"https:\/\/blog.zhaw.ch\/vitamin-g\/so-merke-ich-dass-ich-nicht-nutzlos-bin\/#primaryimage\"},\"thumbnailUrl\":\"https:\/\/blog.zhaw.ch\/vitamin-g\/files\/2020\/06\/2018-5-traumattherapie-ergo.jpg\",\"datePublished\":\"2018-11-12T16:32:07+00:00\",\"dateModified\":\"2022-04-11T15:51:06+00:00\",\"author\":{\"@id\":\"https:\/\/blog.zhaw.ch\/vitamin-g\/#\/schema\/person\/c40eef1fd6b5c80a87a5ab6f21a50cc1\"},\"breadcrumb\":{\"@id\":\"https:\/\/blog.zhaw.ch\/vitamin-g\/so-merke-ich-dass-ich-nicht-nutzlos-bin\/#breadcrumb\"},\"inLanguage\":\"de\",\"potentialAction\":[{\"@type\":\"ReadAction\",\"target\":[\"https:\/\/blog.zhaw.ch\/vitamin-g\/so-merke-ich-dass-ich-nicht-nutzlos-bin\/\"]}]},{\"@type\":\"ImageObject\",\"inLanguage\":\"de\",\"@id\":\"https:\/\/blog.zhaw.ch\/vitamin-g\/so-merke-ich-dass-ich-nicht-nutzlos-bin\/#primaryimage\",\"url\":\"https:\/\/blog.zhaw.ch\/vitamin-g\/files\/2020\/06\/2018-5-traumattherapie-ergo.jpg\",\"contentUrl\":\"https:\/\/blog.zhaw.ch\/vitamin-g\/files\/2020\/06\/2018-5-traumattherapie-ergo.jpg\",\"width\":1600,\"height\":800},{\"@type\":\"BreadcrumbList\",\"@id\":\"https:\/\/blog.zhaw.ch\/vitamin-g\/so-merke-ich-dass-ich-nicht-nutzlos-bin\/#breadcrumb\",\"itemListElement\":[{\"@type\":\"ListItem\",\"position\":1,\"name\":\"Startseite\",\"item\":\"https:\/\/blog.zhaw.ch\/vitamin-g\/\"},{\"@type\":\"ListItem\",\"position\":2,\"name\":\"\u00abSO MERKE ICH, DASS ICH NICHT NUTZLOS BIN\u00bb\"}]},{\"@type\":\"WebSite\",\"@id\":\"https:\/\/blog.zhaw.ch\/vitamin-g\/#website\",\"url\":\"https:\/\/blog.zhaw.ch\/vitamin-g\/\",\"name\":\"Vitamin G \u2013 f\u00fcr Health Professionals mit Weitblick\",\"description\":\"Ein Blog der ZHAW Z\u00fcrcher Hochschule f\u00fcr Angewandte Wissenschaften\",\"potentialAction\":[{\"@type\":\"SearchAction\",\"target\":{\"@type\":\"EntryPoint\",\"urlTemplate\":\"https:\/\/blog.zhaw.ch\/vitamin-g\/?s={search_term_string}\"},\"query-input\":{\"@type\":\"PropertyValueSpecification\",\"valueRequired\":true,\"valueName\":\"search_term_string\"}}],\"inLanguage\":\"de\"},{\"@type\":\"Person\",\"@id\":\"https:\/\/blog.zhaw.ch\/vitamin-g\/#\/schema\/person\/c40eef1fd6b5c80a87a5ab6f21a50cc1\",\"name\":\"Vitamin G\",\"image\":{\"@type\":\"ImageObject\",\"inLanguage\":\"de\",\"@id\":\"https:\/\/secure.gravatar.com\/avatar\/98f5da1c92db080b7a9598ea470459f2dfc333ede5e4b0779b146129ec54cb34?s=96&d=mm&r=g\",\"url\":\"https:\/\/secure.gravatar.com\/avatar\/98f5da1c92db080b7a9598ea470459f2dfc333ede5e4b0779b146129ec54cb34?s=96&d=mm&r=g\",\"contentUrl\":\"https:\/\/secure.gravatar.com\/avatar\/98f5da1c92db080b7a9598ea470459f2dfc333ede5e4b0779b146129ec54cb34?s=96&d=mm&r=g\",\"caption\":\"Vitamin G\"},\"url\":\"https:\/\/blog.zhaw.ch\/vitamin-g\/author\/funp\/\"}]}<\/script>\n<!-- \/ Yoast SEO Premium plugin. -->","yoast_head_json":{"title":"\u00abSO MERKE ICH, DASS ICH NICHT NUTZLOS BIN\u00bb - Vitamin G \u2013 f\u00fcr Health Professionals mit Weitblick","robots":{"index":"index","follow":"follow","max-snippet":"max-snippet:-1","max-image-preview":"max-image-preview:large","max-video-preview":"max-video-preview:-1"},"canonical":"https:\/\/blog.zhaw.ch\/vitamin-g\/so-merke-ich-dass-ich-nicht-nutzlos-bin\/","og_locale":"de_DE","og_type":"article","og_title":"\u00abSO MERKE ICH, DASS ICH NICHT NUTZLOS BIN\u00bb","og_description":"Viele Fl\u00fcchtlinge sind durch Krieg und Folter traumatisiert. Ergotherapie soll ihnen helfen, sich auf die Gegenwart zu konzentrieren und wieder handlungsf\u00e4hig zu werden. Ein Einblick in die Praxis Ergopunkt des Schweizerischen Roten Kreuzes in Bern.","og_url":"https:\/\/blog.zhaw.ch\/vitamin-g\/so-merke-ich-dass-ich-nicht-nutzlos-bin\/","og_site_name":"Vitamin G \u2013 f\u00fcr Health Professionals mit Weitblick","article_published_time":"2018-11-12T16:32:07+00:00","article_modified_time":"2022-04-11T15:51:06+00:00","og_image":[{"width":1600,"height":800,"url":"https:\/\/blog.zhaw.ch\/vitamin-g\/files\/2020\/06\/2018-5-traumattherapie-ergo.jpg","type":"image\/jpeg"}],"author":"Vitamin G","twitter_card":"summary_large_image","twitter_misc":{"Verfasst von":"Vitamin G","Gesch\u00e4tzte Lesezeit":"6\u00a0Minuten"},"schema":{"@context":"https:\/\/schema.org","@graph":[{"@type":"Article","@id":"https:\/\/blog.zhaw.ch\/vitamin-g\/so-merke-ich-dass-ich-nicht-nutzlos-bin\/#article","isPartOf":{"@id":"https:\/\/blog.zhaw.ch\/vitamin-g\/so-merke-ich-dass-ich-nicht-nutzlos-bin\/"},"author":{"name":"Vitamin G","@id":"https:\/\/blog.zhaw.ch\/vitamin-g\/#\/schema\/person\/c40eef1fd6b5c80a87a5ab6f21a50cc1"},"headline":"\u00abSO MERKE ICH, DASS ICH NICHT NUTZLOS BIN\u00bb","datePublished":"2018-11-12T16:32:07+00:00","dateModified":"2022-04-11T15:51:06+00:00","mainEntityOfPage":{"@id":"https:\/\/blog.zhaw.ch\/vitamin-g\/so-merke-ich-dass-ich-nicht-nutzlos-bin\/"},"wordCount":1132,"commentCount":0,"image":{"@id":"https:\/\/blog.zhaw.ch\/vitamin-g\/so-merke-ich-dass-ich-nicht-nutzlos-bin\/#primaryimage"},"thumbnailUrl":"https:\/\/blog.zhaw.ch\/vitamin-g\/files\/2020\/06\/2018-5-traumattherapie-ergo.jpg","inLanguage":"de","potentialAction":[{"@type":"CommentAction","name":"Comment","target":["https:\/\/blog.zhaw.ch\/vitamin-g\/so-merke-ich-dass-ich-nicht-nutzlos-bin\/#respond"]}]},{"@type":"WebPage","@id":"https:\/\/blog.zhaw.ch\/vitamin-g\/so-merke-ich-dass-ich-nicht-nutzlos-bin\/","url":"https:\/\/blog.zhaw.ch\/vitamin-g\/so-merke-ich-dass-ich-nicht-nutzlos-bin\/","name":"\u00abSO MERKE ICH, DASS ICH NICHT NUTZLOS BIN\u00bb - Vitamin G \u2013 f\u00fcr Health Professionals mit Weitblick","isPartOf":{"@id":"https:\/\/blog.zhaw.ch\/vitamin-g\/#website"},"primaryImageOfPage":{"@id":"https:\/\/blog.zhaw.ch\/vitamin-g\/so-merke-ich-dass-ich-nicht-nutzlos-bin\/#primaryimage"},"image":{"@id":"https:\/\/blog.zhaw.ch\/vitamin-g\/so-merke-ich-dass-ich-nicht-nutzlos-bin\/#primaryimage"},"thumbnailUrl":"https:\/\/blog.zhaw.ch\/vitamin-g\/files\/2020\/06\/2018-5-traumattherapie-ergo.jpg","datePublished":"2018-11-12T16:32:07+00:00","dateModified":"2022-04-11T15:51:06+00:00","author":{"@id":"https:\/\/blog.zhaw.ch\/vitamin-g\/#\/schema\/person\/c40eef1fd6b5c80a87a5ab6f21a50cc1"},"breadcrumb":{"@id":"https:\/\/blog.zhaw.ch\/vitamin-g\/so-merke-ich-dass-ich-nicht-nutzlos-bin\/#breadcrumb"},"inLanguage":"de","potentialAction":[{"@type":"ReadAction","target":["https:\/\/blog.zhaw.ch\/vitamin-g\/so-merke-ich-dass-ich-nicht-nutzlos-bin\/"]}]},{"@type":"ImageObject","inLanguage":"de","@id":"https:\/\/blog.zhaw.ch\/vitamin-g\/so-merke-ich-dass-ich-nicht-nutzlos-bin\/#primaryimage","url":"https:\/\/blog.zhaw.ch\/vitamin-g\/files\/2020\/06\/2018-5-traumattherapie-ergo.jpg","contentUrl":"https:\/\/blog.zhaw.ch\/vitamin-g\/files\/2020\/06\/2018-5-traumattherapie-ergo.jpg","width":1600,"height":800},{"@type":"BreadcrumbList","@id":"https:\/\/blog.zhaw.ch\/vitamin-g\/so-merke-ich-dass-ich-nicht-nutzlos-bin\/#breadcrumb","itemListElement":[{"@type":"ListItem","position":1,"name":"Startseite","item":"https:\/\/blog.zhaw.ch\/vitamin-g\/"},{"@type":"ListItem","position":2,"name":"\u00abSO MERKE ICH, DASS ICH NICHT NUTZLOS BIN\u00bb"}]},{"@type":"WebSite","@id":"https:\/\/blog.zhaw.ch\/vitamin-g\/#website","url":"https:\/\/blog.zhaw.ch\/vitamin-g\/","name":"Vitamin G \u2013 f\u00fcr Health Professionals mit Weitblick","description":"Ein Blog der ZHAW Z\u00fcrcher Hochschule f\u00fcr Angewandte Wissenschaften","potentialAction":[{"@type":"SearchAction","target":{"@type":"EntryPoint","urlTemplate":"https:\/\/blog.zhaw.ch\/vitamin-g\/?s={search_term_string}"},"query-input":{"@type":"PropertyValueSpecification","valueRequired":true,"valueName":"search_term_string"}}],"inLanguage":"de"},{"@type":"Person","@id":"https:\/\/blog.zhaw.ch\/vitamin-g\/#\/schema\/person\/c40eef1fd6b5c80a87a5ab6f21a50cc1","name":"Vitamin G","image":{"@type":"ImageObject","inLanguage":"de","@id":"https:\/\/secure.gravatar.com\/avatar\/98f5da1c92db080b7a9598ea470459f2dfc333ede5e4b0779b146129ec54cb34?s=96&d=mm&r=g","url":"https:\/\/secure.gravatar.com\/avatar\/98f5da1c92db080b7a9598ea470459f2dfc333ede5e4b0779b146129ec54cb34?s=96&d=mm&r=g","contentUrl":"https:\/\/secure.gravatar.com\/avatar\/98f5da1c92db080b7a9598ea470459f2dfc333ede5e4b0779b146129ec54cb34?s=96&d=mm&r=g","caption":"Vitamin G"},"url":"https:\/\/blog.zhaw.ch\/vitamin-g\/author\/funp\/"}]}},"_links":{"self":[{"href":"https:\/\/blog.zhaw.ch\/vitamin-g\/wp-json\/wp\/v2\/posts\/827","targetHints":{"allow":["GET"]}}],"collection":[{"href":"https:\/\/blog.zhaw.ch\/vitamin-g\/wp-json\/wp\/v2\/posts"}],"about":[{"href":"https:\/\/blog.zhaw.ch\/vitamin-g\/wp-json\/wp\/v2\/types\/post"}],"author":[{"embeddable":true,"href":"https:\/\/blog.zhaw.ch\/vitamin-g\/wp-json\/wp\/v2\/users\/303"}],"replies":[{"embeddable":true,"href":"https:\/\/blog.zhaw.ch\/vitamin-g\/wp-json\/wp\/v2\/comments?post=827"}],"version-history":[{"count":7,"href":"https:\/\/blog.zhaw.ch\/vitamin-g\/wp-json\/wp\/v2\/posts\/827\/revisions"}],"predecessor-version":[{"id":2064,"href":"https:\/\/blog.zhaw.ch\/vitamin-g\/wp-json\/wp\/v2\/posts\/827\/revisions\/2064"}],"wp:featuredmedia":[{"embeddable":true,"href":"https:\/\/blog.zhaw.ch\/vitamin-g\/wp-json\/wp\/v2\/media\/1467"}],"wp:attachment":[{"href":"https:\/\/blog.zhaw.ch\/vitamin-g\/wp-json\/wp\/v2\/media?parent=827"}],"wp:term":[{"taxonomy":"category","embeddable":true,"href":"https:\/\/blog.zhaw.ch\/vitamin-g\/wp-json\/wp\/v2\/categories?post=827"},{"taxonomy":"post_tag","embeddable":true,"href":"https:\/\/blog.zhaw.ch\/vitamin-g\/wp-json\/wp\/v2\/tags?post=827"},{"taxonomy":"features","embeddable":true,"href":"https:\/\/blog.zhaw.ch\/vitamin-g\/wp-json\/wp\/v2\/features?post=827"}],"curies":[{"name":"wp","href":"https:\/\/api.w.org\/{rel}","templated":true}]}}