{"id":748,"date":"2018-08-09T10:58:47","date_gmt":"2018-08-09T08:58:47","guid":{"rendered":"http:\/\/blog.zhaw.ch\/vitamin-g\/?p=748"},"modified":"2022-04-11T16:52:24","modified_gmt":"2022-04-11T14:52:24","slug":"hebammendienste-fuer-fluechtlingsfrauen","status":"publish","type":"post","link":"https:\/\/blog.zhaw.ch\/vitamin-g\/hebammendienste-fuer-fluechtlingsfrauen\/","title":{"rendered":"HEBAMMENDIENSTE F\u00dcR FL\u00dcCHTLINGSFRAUEN"},"content":{"rendered":"\n<p><strong>Aus der Sommer-Serie \u00abKnow-How in die Welt hinaustragen\u00bb:&nbsp;Zwei Hebammen brechen ihre Zelte in der Schweiz ab und machen sich auf nach Serbien. Dort m\u00f6chten sie Schwangeren und jungen M\u00fcttern in Fl\u00fcchtlingscamps Unterst\u00fctzung und einen gesch\u00fctzten Ort bieten.<\/strong><\/p>\n\n\n\n<p>VON INGE CORTI<\/p>\n\n\n\n<p>Eliane Reust und Laura Alemanno sind ein eingespieltes Team. 2014 haben sie an der ZHAW bereits die Bachelorarbeit zusammen verfasst. Ihr Thema: Die Wichtigkeit der Mutter-Kind-Beziehung. Diese zu f\u00f6rdern, liegt ihnen als Hebammen am Herzen. Beherzt waren sie neben ihrer Arbeit in Schweizer Spit\u00e4lern auch im Ausland engagiert. In Serbien etwa versorgte Eliane Reust als Volont\u00e4rin der Hilfsorganisation Borderfree Association unter anderem Frauen und ihre Familien mit dem N\u00f6tigsten.Dabei erfuhr sie, was es heisst, in einem Fl\u00fcchtlingscamp ein Kind zur Welt zu bringen. Sie erlebte, wie Schwangere und junge M\u00fctter mit ihren Sorgen und Bed\u00fcrfnissen oft allein waren und nicht wussten, an wen sie sich wenden konnten. Frauen wie diesen bieten die 32 J\u00e4hrige Hebamme und ihre Kollegin Laura Alemanno mit dem Projekt Mambrella bald eine Anlaufstelle. In einer mobilen Hebammenpraxis werden sie Schwangerschaftskontrollen durchf\u00fchren, M\u00fctter im Wochenbett begleiten, sie bei Fragen zu Gesundheit und Verh\u00fctung beraten und nach ihren Babys schauen. \u00abWir m\u00f6chten die Frauen in ihrem Muttersein best\u00e4rken und den Kindern trotz erschwerter Bedingungen einen m\u00f6glichst sanften Start ins Leben erm\u00f6glichen\u00bb, sagt Eliane Reust. Die M\u00fctter sollen ihre Sorgen und N\u00f6te f\u00fcr einen Moment ausblenden k\u00f6nnen, getreu dem Motto des Projekts \u00abWhere mothers can be mothers\u00bb.<\/p>\n\n\n\n<p>F\u00fcr ihr Vorhaben arbeiten die Initiantinnen mit der Borderfree Association in Z\u00fcrich zusammen. Die Non-ProfitOrganisation leistet seit 2015 humanit\u00e4re Hilfe auf der Balkanroute und ist mit einem Team von Freiwilligen st\u00e4ndig vor Ort. Mit ihnen koordinieren die Mambrella-Hebammen ihre Eins\u00e4tze, evaluieren die Abl\u00e4ufe und passen sie laufend den Umst\u00e4nden an. Um das Engagement langfristig abzusichern, planen sie zudem, lokale Hebammen einzubeziehen, damit diese die Betreuung in den Camps auch ohne die Initiantinnen weiterf\u00fchren k\u00f6nnen.<\/p>\n\n\n\n<p>Im Mai 2018 soll das Projekt vor Ort starten. Bis dahin gibt es noch einiges zu organisieren. Der administrative Aufwand rund um ein solches Vorhaben sei gross und bringe laufend neue Herausforderungen, sagt Laura Alemanno. Seit den Anf\u00e4ngen h\u00e4tten sie enorm dazugelernt. Eliane Reust erg\u00e4nzt: \u00abJetzt sehnen wir uns danach, weniger am Laptop zu sitzen und endlich mit der Hebammenarbeit zu beginnen.\u00bb<\/p>\n\n\n\n<p>Nach einer erfolgreichen Crowdfunding-Aktion besuchen die beiden auf der Suche nach potenziellen Sponsoren nun noch diverse Unternehmen. Je mehr F\u00f6rderer sie erreichen, desto gr\u00f6sser werden ihre M\u00f6glichkeiten vor Ort. Unterst\u00fctzt wird das Projekt aber auch von Privatpersonen \u00fcber die Website. Dort gibt es Spendenpakete f\u00fcr unterschiedlich hohe Betr\u00e4ge: etwa f\u00fcr den Kauf von Windeln und Hygieneartikeln, Schwangerschafts- und Wochenbettkontrollen oder Starterkits f\u00fcr die ersten Wochen nach der Geburt. \/\/<\/p>\n\n\n\n<p>\u00abVitamin G\u00bb,&nbsp;Seite 19<\/p>\n\n\n\n<hr class=\"wp-block-separator\" \/>\n\n\n\n<p><strong>WEITERE INFORMATIONEN<\/strong><\/p>\n\n\n\n<ul class=\"wp-block-list\"><li><a href=\"http:\/\/www.mambrella.ch\">Mambrella &#8211; Where mothers can be mothers<\/a><\/li><li><a href=\"https:\/\/www.srf.ch\/kultur\/gesellschaft-religion\/geburtshilfe-ohne-grenzen-die-mobilen-hebammen-helfen-im-fluechtlingslager\">Geburtshilfe ohne Grenzen &#8211; Die mobilen Hebammen helfen im Fl\u00fcchtlingslager, SRF 2 Kultur<\/a><\/li><li><a href=\"https:\/\/mamarocks.ch\/2018\/01\/11\/wie-zwei-schweizer-hebammen-den-fluechtlingsmamas-helfen-wollen\/\">Wie zwei Schweizer Hebammen den Fl\u00fcchtlingsmamas helfen wollen, mama rocks<\/a><\/li><li><a href=\"https:\/\/www.zhaw.ch\/de\/gesundheit\/studium\/bachelorstudium\/bachelor-hebamme\/\">Bachelorstudium Hebamme, ZHAW Gesundheit<\/a><\/li><\/ul>\n\n\n\n<hr class=\"wp-block-separator\" \/>\n\n\n\n<div class=\"callout-medium\"><a href=\"https:\/\/www.zhaw.ch\/storage\/gesundheit\/ueber-uns\/medien-news\/vitamin-g\/vitamin-g-nr4-mai-2018-zhaw-gesundheit.pdf\"><strong>VITAMIN G, NR. 4\/2018 (PDF)<\/strong><\/a><\/div>\n\n\n\n<div class=\"callout-medium\"><strong><a href=\"https:\/\/www.zhaw.ch\/de\/gesundheit\/ueber-uns\/medien\/magazin-vitamin-g\/\">VITAMIN G BESTELLEN<\/a><\/strong><\/div>\n","protected":false},"excerpt":{"rendered":"<p>Aus der Sommer-Serie \u00abKnow-How in die Welt hinaustragen\u00bb:&nbsp;Zwei Hebammen brechen ihre Zelte in der Schweiz ab und machen sich auf nach Serbien. Dort m\u00f6chten sie Schwangeren und jungen M\u00fcttern in Fl\u00fcchtlingscamps Unterst\u00fctzung und einen gesch\u00fctzten Ort bieten. VON INGE CORTI Eliane Reust und Laura Alemanno sind ein eingespieltes Team. 2014 haben sie an der ZHAW [&hellip;]<\/p>\n","protected":false},"author":303,"featured_media":2004,"comment_status":"open","ping_status":"open","sticky":false,"template":"","format":"standard","meta":{"ngg_post_thumbnail":0,"footnotes":""},"categories":[1],"tags":[],"features":[],"class_list":["post-748","post","type-post","status-publish","format-standard","has-post-thumbnail","hentry","category-allgemein"],"yoast_head":"<!-- This site is optimized with the Yoast SEO Premium plugin v27.2 (Yoast SEO v27.2) - https:\/\/yoast.com\/product\/yoast-seo-premium-wordpress\/ -->\n<title>HEBAMMENDIENSTE F\u00dcR FL\u00dcCHTLINGSFRAUEN - Vitamin G \u2013 f\u00fcr Health Professionals mit Weitblick<\/title>\n<meta name=\"robots\" content=\"index, follow, max-snippet:-1, max-image-preview:large, max-video-preview:-1\" \/>\n<link rel=\"canonical\" href=\"https:\/\/blog.zhaw.ch\/vitamin-g\/hebammendienste-fuer-fluechtlingsfrauen\/\" \/>\n<meta property=\"og:locale\" content=\"de_DE\" \/>\n<meta property=\"og:type\" content=\"article\" \/>\n<meta property=\"og:title\" content=\"HEBAMMENDIENSTE F\u00dcR FL\u00dcCHTLINGSFRAUEN\" \/>\n<meta property=\"og:description\" content=\"Aus der Sommer-Serie \u00abKnow-How in die Welt hinaustragen\u00bb:&nbsp;Zwei Hebammen brechen ihre Zelte in der Schweiz ab und machen sich auf nach Serbien. Dort m\u00f6chten sie Schwangeren und jungen M\u00fcttern in Fl\u00fcchtlingscamps Unterst\u00fctzung und einen gesch\u00fctzten Ort bieten. VON INGE CORTI Eliane Reust und Laura Alemanno sind ein eingespieltes Team. 2014 haben sie an der ZHAW [&hellip;]\" \/>\n<meta property=\"og:url\" content=\"https:\/\/blog.zhaw.ch\/vitamin-g\/hebammendienste-fuer-fluechtlingsfrauen\/\" \/>\n<meta property=\"og:site_name\" content=\"Vitamin G \u2013 f\u00fcr Health Professionals mit Weitblick\" \/>\n<meta property=\"article:published_time\" content=\"2018-08-09T08:58:47+00:00\" \/>\n<meta property=\"article:modified_time\" content=\"2022-04-11T14:52:24+00:00\" \/>\n<meta property=\"og:image\" content=\"https:\/\/blog.zhaw.ch\/vitamin-g\/files\/2018\/08\/2018-4-mambrella-255x143-1.jpg\" \/>\n\t<meta property=\"og:image:width\" content=\"2000\" \/>\n\t<meta property=\"og:image:height\" content=\"1000\" \/>\n\t<meta property=\"og:image:type\" content=\"image\/jpeg\" \/>\n<meta name=\"author\" content=\"Vitamin G\" \/>\n<meta name=\"twitter:card\" content=\"summary_large_image\" \/>\n<meta name=\"twitter:label1\" content=\"Verfasst von\" \/>\n\t<meta name=\"twitter:data1\" content=\"Vitamin G\" \/>\n\t<meta name=\"twitter:label2\" content=\"Gesch\u00e4tzte Lesezeit\" \/>\n\t<meta name=\"twitter:data2\" content=\"3\u00a0Minuten\" \/>\n<script type=\"application\/ld+json\" class=\"yoast-schema-graph\">{\"@context\":\"https:\/\/schema.org\",\"@graph\":[{\"@type\":\"Article\",\"@id\":\"https:\/\/blog.zhaw.ch\/vitamin-g\/hebammendienste-fuer-fluechtlingsfrauen\/#article\",\"isPartOf\":{\"@id\":\"https:\/\/blog.zhaw.ch\/vitamin-g\/hebammendienste-fuer-fluechtlingsfrauen\/\"},\"author\":{\"name\":\"Vitamin G\",\"@id\":\"https:\/\/blog.zhaw.ch\/vitamin-g\/#\/schema\/person\/c40eef1fd6b5c80a87a5ab6f21a50cc1\"},\"headline\":\"HEBAMMENDIENSTE F\u00dcR FL\u00dcCHTLINGSFRAUEN\",\"datePublished\":\"2018-08-09T08:58:47+00:00\",\"dateModified\":\"2022-04-11T14:52:24+00:00\",\"mainEntityOfPage\":{\"@id\":\"https:\/\/blog.zhaw.ch\/vitamin-g\/hebammendienste-fuer-fluechtlingsfrauen\/\"},\"wordCount\":538,\"commentCount\":0,\"image\":{\"@id\":\"https:\/\/blog.zhaw.ch\/vitamin-g\/hebammendienste-fuer-fluechtlingsfrauen\/#primaryimage\"},\"thumbnailUrl\":\"https:\/\/blog.zhaw.ch\/vitamin-g\/files\/2018\/08\/2018-4-mambrella-255x143-1.jpg\",\"inLanguage\":\"de\",\"potentialAction\":[{\"@type\":\"CommentAction\",\"name\":\"Comment\",\"target\":[\"https:\/\/blog.zhaw.ch\/vitamin-g\/hebammendienste-fuer-fluechtlingsfrauen\/#respond\"]}]},{\"@type\":\"WebPage\",\"@id\":\"https:\/\/blog.zhaw.ch\/vitamin-g\/hebammendienste-fuer-fluechtlingsfrauen\/\",\"url\":\"https:\/\/blog.zhaw.ch\/vitamin-g\/hebammendienste-fuer-fluechtlingsfrauen\/\",\"name\":\"HEBAMMENDIENSTE F\u00dcR FL\u00dcCHTLINGSFRAUEN - Vitamin G \u2013 f\u00fcr Health Professionals mit Weitblick\",\"isPartOf\":{\"@id\":\"https:\/\/blog.zhaw.ch\/vitamin-g\/#website\"},\"primaryImageOfPage\":{\"@id\":\"https:\/\/blog.zhaw.ch\/vitamin-g\/hebammendienste-fuer-fluechtlingsfrauen\/#primaryimage\"},\"image\":{\"@id\":\"https:\/\/blog.zhaw.ch\/vitamin-g\/hebammendienste-fuer-fluechtlingsfrauen\/#primaryimage\"},\"thumbnailUrl\":\"https:\/\/blog.zhaw.ch\/vitamin-g\/files\/2018\/08\/2018-4-mambrella-255x143-1.jpg\",\"datePublished\":\"2018-08-09T08:58:47+00:00\",\"dateModified\":\"2022-04-11T14:52:24+00:00\",\"author\":{\"@id\":\"https:\/\/blog.zhaw.ch\/vitamin-g\/#\/schema\/person\/c40eef1fd6b5c80a87a5ab6f21a50cc1\"},\"breadcrumb\":{\"@id\":\"https:\/\/blog.zhaw.ch\/vitamin-g\/hebammendienste-fuer-fluechtlingsfrauen\/#breadcrumb\"},\"inLanguage\":\"de\",\"potentialAction\":[{\"@type\":\"ReadAction\",\"target\":[\"https:\/\/blog.zhaw.ch\/vitamin-g\/hebammendienste-fuer-fluechtlingsfrauen\/\"]}]},{\"@type\":\"ImageObject\",\"inLanguage\":\"de\",\"@id\":\"https:\/\/blog.zhaw.ch\/vitamin-g\/hebammendienste-fuer-fluechtlingsfrauen\/#primaryimage\",\"url\":\"https:\/\/blog.zhaw.ch\/vitamin-g\/files\/2018\/08\/2018-4-mambrella-255x143-1.jpg\",\"contentUrl\":\"https:\/\/blog.zhaw.ch\/vitamin-g\/files\/2018\/08\/2018-4-mambrella-255x143-1.jpg\",\"width\":2000,\"height\":1000},{\"@type\":\"BreadcrumbList\",\"@id\":\"https:\/\/blog.zhaw.ch\/vitamin-g\/hebammendienste-fuer-fluechtlingsfrauen\/#breadcrumb\",\"itemListElement\":[{\"@type\":\"ListItem\",\"position\":1,\"name\":\"Startseite\",\"item\":\"https:\/\/blog.zhaw.ch\/vitamin-g\/\"},{\"@type\":\"ListItem\",\"position\":2,\"name\":\"HEBAMMENDIENSTE F\u00dcR FL\u00dcCHTLINGSFRAUEN\"}]},{\"@type\":\"WebSite\",\"@id\":\"https:\/\/blog.zhaw.ch\/vitamin-g\/#website\",\"url\":\"https:\/\/blog.zhaw.ch\/vitamin-g\/\",\"name\":\"Vitamin G \u2013 f\u00fcr Health Professionals mit Weitblick\",\"description\":\"Ein Blog der ZHAW Z\u00fcrcher Hochschule f\u00fcr Angewandte Wissenschaften\",\"potentialAction\":[{\"@type\":\"SearchAction\",\"target\":{\"@type\":\"EntryPoint\",\"urlTemplate\":\"https:\/\/blog.zhaw.ch\/vitamin-g\/?s={search_term_string}\"},\"query-input\":{\"@type\":\"PropertyValueSpecification\",\"valueRequired\":true,\"valueName\":\"search_term_string\"}}],\"inLanguage\":\"de\"},{\"@type\":\"Person\",\"@id\":\"https:\/\/blog.zhaw.ch\/vitamin-g\/#\/schema\/person\/c40eef1fd6b5c80a87a5ab6f21a50cc1\",\"name\":\"Vitamin G\",\"image\":{\"@type\":\"ImageObject\",\"inLanguage\":\"de\",\"@id\":\"https:\/\/secure.gravatar.com\/avatar\/98f5da1c92db080b7a9598ea470459f2dfc333ede5e4b0779b146129ec54cb34?s=96&d=mm&r=g\",\"url\":\"https:\/\/secure.gravatar.com\/avatar\/98f5da1c92db080b7a9598ea470459f2dfc333ede5e4b0779b146129ec54cb34?s=96&d=mm&r=g\",\"contentUrl\":\"https:\/\/secure.gravatar.com\/avatar\/98f5da1c92db080b7a9598ea470459f2dfc333ede5e4b0779b146129ec54cb34?s=96&d=mm&r=g\",\"caption\":\"Vitamin G\"},\"url\":\"https:\/\/blog.zhaw.ch\/vitamin-g\/author\/funp\/\"}]}<\/script>\n<!-- \/ Yoast SEO Premium plugin. -->","yoast_head_json":{"title":"HEBAMMENDIENSTE F\u00dcR FL\u00dcCHTLINGSFRAUEN - Vitamin G \u2013 f\u00fcr Health Professionals mit Weitblick","robots":{"index":"index","follow":"follow","max-snippet":"max-snippet:-1","max-image-preview":"max-image-preview:large","max-video-preview":"max-video-preview:-1"},"canonical":"https:\/\/blog.zhaw.ch\/vitamin-g\/hebammendienste-fuer-fluechtlingsfrauen\/","og_locale":"de_DE","og_type":"article","og_title":"HEBAMMENDIENSTE F\u00dcR FL\u00dcCHTLINGSFRAUEN","og_description":"Aus der Sommer-Serie \u00abKnow-How in die Welt hinaustragen\u00bb:&nbsp;Zwei Hebammen brechen ihre Zelte in der Schweiz ab und machen sich auf nach Serbien. Dort m\u00f6chten sie Schwangeren und jungen M\u00fcttern in Fl\u00fcchtlingscamps Unterst\u00fctzung und einen gesch\u00fctzten Ort bieten. VON INGE CORTI Eliane Reust und Laura Alemanno sind ein eingespieltes Team. 2014 haben sie an der ZHAW [&hellip;]","og_url":"https:\/\/blog.zhaw.ch\/vitamin-g\/hebammendienste-fuer-fluechtlingsfrauen\/","og_site_name":"Vitamin G \u2013 f\u00fcr Health Professionals mit Weitblick","article_published_time":"2018-08-09T08:58:47+00:00","article_modified_time":"2022-04-11T14:52:24+00:00","og_image":[{"width":2000,"height":1000,"url":"https:\/\/blog.zhaw.ch\/vitamin-g\/files\/2018\/08\/2018-4-mambrella-255x143-1.jpg","type":"image\/jpeg"}],"author":"Vitamin G","twitter_card":"summary_large_image","twitter_misc":{"Verfasst von":"Vitamin G","Gesch\u00e4tzte Lesezeit":"3\u00a0Minuten"},"schema":{"@context":"https:\/\/schema.org","@graph":[{"@type":"Article","@id":"https:\/\/blog.zhaw.ch\/vitamin-g\/hebammendienste-fuer-fluechtlingsfrauen\/#article","isPartOf":{"@id":"https:\/\/blog.zhaw.ch\/vitamin-g\/hebammendienste-fuer-fluechtlingsfrauen\/"},"author":{"name":"Vitamin G","@id":"https:\/\/blog.zhaw.ch\/vitamin-g\/#\/schema\/person\/c40eef1fd6b5c80a87a5ab6f21a50cc1"},"headline":"HEBAMMENDIENSTE F\u00dcR FL\u00dcCHTLINGSFRAUEN","datePublished":"2018-08-09T08:58:47+00:00","dateModified":"2022-04-11T14:52:24+00:00","mainEntityOfPage":{"@id":"https:\/\/blog.zhaw.ch\/vitamin-g\/hebammendienste-fuer-fluechtlingsfrauen\/"},"wordCount":538,"commentCount":0,"image":{"@id":"https:\/\/blog.zhaw.ch\/vitamin-g\/hebammendienste-fuer-fluechtlingsfrauen\/#primaryimage"},"thumbnailUrl":"https:\/\/blog.zhaw.ch\/vitamin-g\/files\/2018\/08\/2018-4-mambrella-255x143-1.jpg","inLanguage":"de","potentialAction":[{"@type":"CommentAction","name":"Comment","target":["https:\/\/blog.zhaw.ch\/vitamin-g\/hebammendienste-fuer-fluechtlingsfrauen\/#respond"]}]},{"@type":"WebPage","@id":"https:\/\/blog.zhaw.ch\/vitamin-g\/hebammendienste-fuer-fluechtlingsfrauen\/","url":"https:\/\/blog.zhaw.ch\/vitamin-g\/hebammendienste-fuer-fluechtlingsfrauen\/","name":"HEBAMMENDIENSTE F\u00dcR FL\u00dcCHTLINGSFRAUEN - Vitamin G \u2013 f\u00fcr Health Professionals mit Weitblick","isPartOf":{"@id":"https:\/\/blog.zhaw.ch\/vitamin-g\/#website"},"primaryImageOfPage":{"@id":"https:\/\/blog.zhaw.ch\/vitamin-g\/hebammendienste-fuer-fluechtlingsfrauen\/#primaryimage"},"image":{"@id":"https:\/\/blog.zhaw.ch\/vitamin-g\/hebammendienste-fuer-fluechtlingsfrauen\/#primaryimage"},"thumbnailUrl":"https:\/\/blog.zhaw.ch\/vitamin-g\/files\/2018\/08\/2018-4-mambrella-255x143-1.jpg","datePublished":"2018-08-09T08:58:47+00:00","dateModified":"2022-04-11T14:52:24+00:00","author":{"@id":"https:\/\/blog.zhaw.ch\/vitamin-g\/#\/schema\/person\/c40eef1fd6b5c80a87a5ab6f21a50cc1"},"breadcrumb":{"@id":"https:\/\/blog.zhaw.ch\/vitamin-g\/hebammendienste-fuer-fluechtlingsfrauen\/#breadcrumb"},"inLanguage":"de","potentialAction":[{"@type":"ReadAction","target":["https:\/\/blog.zhaw.ch\/vitamin-g\/hebammendienste-fuer-fluechtlingsfrauen\/"]}]},{"@type":"ImageObject","inLanguage":"de","@id":"https:\/\/blog.zhaw.ch\/vitamin-g\/hebammendienste-fuer-fluechtlingsfrauen\/#primaryimage","url":"https:\/\/blog.zhaw.ch\/vitamin-g\/files\/2018\/08\/2018-4-mambrella-255x143-1.jpg","contentUrl":"https:\/\/blog.zhaw.ch\/vitamin-g\/files\/2018\/08\/2018-4-mambrella-255x143-1.jpg","width":2000,"height":1000},{"@type":"BreadcrumbList","@id":"https:\/\/blog.zhaw.ch\/vitamin-g\/hebammendienste-fuer-fluechtlingsfrauen\/#breadcrumb","itemListElement":[{"@type":"ListItem","position":1,"name":"Startseite","item":"https:\/\/blog.zhaw.ch\/vitamin-g\/"},{"@type":"ListItem","position":2,"name":"HEBAMMENDIENSTE F\u00dcR FL\u00dcCHTLINGSFRAUEN"}]},{"@type":"WebSite","@id":"https:\/\/blog.zhaw.ch\/vitamin-g\/#website","url":"https:\/\/blog.zhaw.ch\/vitamin-g\/","name":"Vitamin G \u2013 f\u00fcr Health Professionals mit Weitblick","description":"Ein Blog der ZHAW Z\u00fcrcher Hochschule f\u00fcr Angewandte Wissenschaften","potentialAction":[{"@type":"SearchAction","target":{"@type":"EntryPoint","urlTemplate":"https:\/\/blog.zhaw.ch\/vitamin-g\/?s={search_term_string}"},"query-input":{"@type":"PropertyValueSpecification","valueRequired":true,"valueName":"search_term_string"}}],"inLanguage":"de"},{"@type":"Person","@id":"https:\/\/blog.zhaw.ch\/vitamin-g\/#\/schema\/person\/c40eef1fd6b5c80a87a5ab6f21a50cc1","name":"Vitamin G","image":{"@type":"ImageObject","inLanguage":"de","@id":"https:\/\/secure.gravatar.com\/avatar\/98f5da1c92db080b7a9598ea470459f2dfc333ede5e4b0779b146129ec54cb34?s=96&d=mm&r=g","url":"https:\/\/secure.gravatar.com\/avatar\/98f5da1c92db080b7a9598ea470459f2dfc333ede5e4b0779b146129ec54cb34?s=96&d=mm&r=g","contentUrl":"https:\/\/secure.gravatar.com\/avatar\/98f5da1c92db080b7a9598ea470459f2dfc333ede5e4b0779b146129ec54cb34?s=96&d=mm&r=g","caption":"Vitamin G"},"url":"https:\/\/blog.zhaw.ch\/vitamin-g\/author\/funp\/"}]}},"_links":{"self":[{"href":"https:\/\/blog.zhaw.ch\/vitamin-g\/wp-json\/wp\/v2\/posts\/748","targetHints":{"allow":["GET"]}}],"collection":[{"href":"https:\/\/blog.zhaw.ch\/vitamin-g\/wp-json\/wp\/v2\/posts"}],"about":[{"href":"https:\/\/blog.zhaw.ch\/vitamin-g\/wp-json\/wp\/v2\/types\/post"}],"author":[{"embeddable":true,"href":"https:\/\/blog.zhaw.ch\/vitamin-g\/wp-json\/wp\/v2\/users\/303"}],"replies":[{"embeddable":true,"href":"https:\/\/blog.zhaw.ch\/vitamin-g\/wp-json\/wp\/v2\/comments?post=748"}],"version-history":[{"count":10,"href":"https:\/\/blog.zhaw.ch\/vitamin-g\/wp-json\/wp\/v2\/posts\/748\/revisions"}],"predecessor-version":[{"id":2005,"href":"https:\/\/blog.zhaw.ch\/vitamin-g\/wp-json\/wp\/v2\/posts\/748\/revisions\/2005"}],"wp:featuredmedia":[{"embeddable":true,"href":"https:\/\/blog.zhaw.ch\/vitamin-g\/wp-json\/wp\/v2\/media\/2004"}],"wp:attachment":[{"href":"https:\/\/blog.zhaw.ch\/vitamin-g\/wp-json\/wp\/v2\/media?parent=748"}],"wp:term":[{"taxonomy":"category","embeddable":true,"href":"https:\/\/blog.zhaw.ch\/vitamin-g\/wp-json\/wp\/v2\/categories?post=748"},{"taxonomy":"post_tag","embeddable":true,"href":"https:\/\/blog.zhaw.ch\/vitamin-g\/wp-json\/wp\/v2\/tags?post=748"},{"taxonomy":"features","embeddable":true,"href":"https:\/\/blog.zhaw.ch\/vitamin-g\/wp-json\/wp\/v2\/features?post=748"}],"curies":[{"name":"wp","href":"https:\/\/api.w.org\/{rel}","templated":true}]}}