{"id":690,"date":"2018-05-02T09:34:02","date_gmt":"2018-05-02T07:34:02","guid":{"rendered":"http:\/\/blog.zhaw.ch\/vitamin-g\/?p=690"},"modified":"2022-04-11T12:42:53","modified_gmt":"2022-04-11T10:42:53","slug":"strapazierter-pferderuecken","status":"publish","type":"post","link":"https:\/\/blog.zhaw.ch\/vitamin-g\/strapazierter-pferderuecken\/","title":{"rendered":"STRAPAZIERTER PFERDER\u00dcCKEN"},"content":{"rendered":"<p><strong>Physiotherapieforschende der ZHAW untersuchen in einer Kooperation mit der Vetsuisse-Fakult\u00e4t der Universit\u00e4t Z\u00fcrich, welchen Einfluss die k\u00f6rperliche Verfassung und die Kompetenz von Reitern auf die Gesundheit von Pferden haben.<\/strong><\/p>\n<p>VON ANOUK HOLTHUIZEN<\/p>\n<p>Wenn das Z\u00fcrcher Schul- und Sportdepartement jeweils seine Reitkurse f\u00fcr Kinder und Jugendliche ausschreibt, sind diese innert Stunden ausgebucht. Die Wochenkurse k\u00f6nnen sich auch jene Familien leisten, f\u00fcr die das Hobby hoch zu Ross im Rahmen von Privatunterricht zu kostspielig ist. Und so wird der Traum f\u00fcr zahlreiche Kinder, vor allem M\u00e4dchen, zumindest vor\u00fcbergehend wahr. W\u00e4ren die Kosten f\u00fcr diesen Sport nicht so hoch, w\u00fcrden wohl einige Tausend Leute mehr in der Schweiz in den Sattel steigen. Das Bundesamt f\u00fcr Statistik sch\u00e4tzte den sogenannten Equidenbestand, zu dem nebst Pferden auch Esel z\u00e4hlen, im Jahr 2016 auf rund 105&#8217;000. Der weitaus gr\u00f6sste Teil der Tiere wird f\u00fcr Freizeitaktivit\u00e4ten genutzt.<br \/>\nDas Gl\u00fcck der Erde mag f\u00fcr Reiterinnen und Reiter auf dem R\u00fccken der Pferde liegen, doch f\u00fcr die Tiere selbst hat das mitunter negative Auswirkungen \u2013 gerade auf ihren R\u00fccken. Mehr als drei Viertel der Sport- und Freizeitpferde, die wegen Leistungsschw\u00e4che und Rittigkeitsproblemen von einer Tier\u00e4rztin oder einem Tierarzt untersucht werden, leiden unter Erkrankungen des Bewegungsapparates, oft am R\u00fccken. Als Reaktion auf ihre Schmerzen \u00e4ndern sie ihre Haltung und es kommt zu Funktionseinschr\u00e4nkungen. Damit kompensieren die leidensf\u00e4higen Pferde Fehler in ihrer Ausbildung und Nutzung, die fehlende Kompetenz von Reitern und Trainern sowie eine mangelhafte Ausr\u00fcstung wie ein unpassender Sattel. Manchmal auch alles gleichzeitig.<\/p>\n<h2>Mit dem Bewegungslabor auf den Hof<\/h2>\n<p>Diese Situation hat die Vetsuisse-Fakult\u00e4t der Universit\u00e4t Z\u00fcrich veranlasst, gemeinsam mit der ZHAW-Forschungsstelle Physiotherapiewissenschaft die R\u00fcckengesundheit von Pferden zu untersuchen und zwar unter Ber\u00fccksichtigung der Reitkompetenzen und der k\u00f6rperlichen Verfassung ihrer Reiter. Zurzeit l\u00e4uft die Auswertung der gesammelten Daten. Von Fr\u00fchling bis Herbst 2017 nahm das Forschungsteam mithilfe eines mobilen Bewegungslabors an verschiedenen Standorten der Deutschschweiz und der Romandie 236 Pferde- Reiter-Paare in den jeweiligen Reitanlagen unter die Lupe. Die Probanden bestanden je zur H\u00e4lfte aus Freizeit- und Sportreitern. Sie mussten im Vorfeld ausf\u00fchrliche Fragebogen zur eigenen k\u00f6rperlichen Gesundheit, zur Haltung und Bewegung des Pferdes sowie zu dessen Ern\u00e4hrung und Nutzung ausf\u00fcllen. Vor Ort wurden sie von Physiotherapeuten systematisch untersucht, w\u00e4hrend Veterin\u00e4rmediziner eine orthop\u00e4dische und chiropraktorische Untersuchung des Pferdes vornahmen. Schliesslich begaben sich die Reiter auf ihren Pferden in die Halle, wo mit einem standardisierten Protokoll die Reitkompetenz erhoben wurde. Sensoren massen dabei die Bewegungen und Kameras zeichneten die Sequenzen auf.<\/p>\n<h2>Zusammenspiel von Pferd und Reiter<\/h2>\n<p>Resultate liegen noch keine vor, doch Barbara Gubler, Projektmitarbeiterin und Leiterin des mobilen Bewegungslabors, sagt: \u00abWir vermuten, dass die k\u00f6rperliche Verfassung des Reiters einen Einfluss auf den physischen Zustand des Pferdes hat.\u00bb Daten zur Fitness von Reitern wurden bisher noch gar nie erfasst. Die aktuell laufende Studie soll dies \u00e4ndern. \u00abZiel ist es, dass Reiter wissen, welche Minimumkompetenzen sie f\u00fcr den Reitsport mitbringen m\u00fcssen und auch Reitlehrer entsprechend informiert und geschult werden k\u00f6nnen\u00bb, so Gubler. Bis heute sei es so, dass die Pferde auf Leistung getrimmt werden, man aber noch wenig dar\u00fcber wisse, was ein Reiter zur gesunden Leistungssteigerung beitragen k\u00f6nne. \u00abReiter sehen das k\u00f6rperliche Zusammenspiel von Pferd und Reiter noch zu wenig und k\u00f6nnen die Auswirkungen ihrer physischen Voraussetzungen auf das Pferd nicht absch\u00e4tzen.\u00bb<\/p>\n<h2>Wachsende Sensibilit\u00e4t<\/h2>\n<p>Auch Professor Michael Weishaupt, Wissenschaftlicher Leiter der Abteilung f\u00fcr Sportmedizin Pferd am Departement f\u00fcr Pferde der Universit\u00e4t Z\u00fcrich, weiss aus seiner Praxis: \u00abHat ein Pferd R\u00fcckenbeschwerden, fokussiert die Behandlung stark auf das Tier. Doch um seine Gesundheit nachhaltig zu verbessern muss man auch die Einflussfaktoren kontrollieren k\u00f6nnen.\u00bb Dieses Verst\u00e4ndnis w\u00fcrde sich in der Sportmedizin seit einigen Jahren immer st\u00e4rker entwickeln. Hilfreich sei auch die zunehmende Spezialisierung von Tier\u00e4rzten, die umfassendere Abkl\u00e4rungen \u00fcberhaupt erst zulasse. Die Beurteilung eines Sattels sei zum Beispiel nicht Teil des Grundstudiums von Veterin\u00e4rmedizinern. Eine \u00fcberraschende Erkenntnis war f\u00fcr die Forscher, wie breit das Spektrum k\u00f6rperlicher F\u00e4higkeiten unter den Reitern und den Pferden ist. Nicht nur die Fitness, auch die Ausr\u00fcstung und die Pflege der Pferde erwiesen sich als h\u00f6chst unterschiedlich. Und noch mehr: \u00abWir diagnostizierten bei vielen Pferden k\u00f6rperliche Beschwerden, obwohl wir Reiter mit gesunden Pferden einluden\u00bb, sagt Michael Weishaupt. Die Reiter mit dem gr\u00f6ssten Fachwissen h\u00e4tten auch mehr Sensibilit\u00e4t und Sorgfalt im Umgang mit ihren Tieren gezeigt. Die Studie macht f\u00fcr ihn deutlich: \u00abIdealerweise haben alle Berufspersonen rund um Pferde, also nebst Reitlehrern auch Sattler, Bereiter und Hufschmiede, einen Blick f\u00fcr die Kompetenzen von Pferd und Reiter und garantieren Qualit\u00e4tsstandards. An diesem Entwicklungsprozess m\u00fcssen wir dranbleiben.\u00bb<br \/>\nDie Resultate der Gesundheitserhebung zu Pferd und Reiter werden im Sommer 2018 publiziert. Ziel ist eine Auslegeordnung der Faktoren, die besonders wichtig sind, um ein Pferd gesund zu erhalten \u2013 damit das Gl\u00fcck der Erde kein Ungl\u00fcck f\u00fcr Pferde ist. \/\/<\/p>\n<p>\u00abVitamin G\u00bb,&nbsp;Seite 29<\/p>\n<hr>\n<p><strong>R\u00dcCKENGESUNDHEIT DER SCHWEIZER PFERDEPOPULATION<\/strong><\/p>\n<ul>\n<li><strong>Leitung<\/strong><br \/>\nChristoph Bauer<\/li>\n<li><strong>Team<\/strong><br \/>\nCarole Pauli, Bettina Sommer, Barbara Gubler, Andr\u00e9 Meichtry, Andrea Aegerter, Bettina Friedrich, Kim Vetter<\/li>\n<li><strong>Partner<\/strong><br \/>\nDepartement f\u00fcr Pferde, Vetsuisse-Fakult\u00e4t, Universit\u00e4t Z\u00fcrich<\/li>\n<li><strong>Finanzierung<\/strong><br \/>\nBundesamt f\u00fcr Lebensmittelsicherheit und Veterin\u00e4rwesen<\/li>\n<\/ul>\n<hr>\n<p><strong>MOBILE MESSUNGEN UND ANALYSEN<\/strong><\/p>\n<p><img loading=\"lazy\" decoding=\"async\" class=\"alignright wp-image-705\" src=\"http:\/\/blog.zhaw.ch\/vitamin-g\/files\/2018\/04\/2018-4-mobiles-bewegungslabor.jpg\" alt=\"\" width=\"200\" height=\"200\" srcset=\"https:\/\/blog.zhaw.ch\/vitamin-g\/files\/2018\/04\/2018-4-mobiles-bewegungslabor.jpg 250w, https:\/\/blog.zhaw.ch\/vitamin-g\/files\/2018\/04\/2018-4-mobiles-bewegungslabor-150x150.jpg 150w\" sizes=\"auto, (max-width: 200px) 100vw, 200px\" \/>Mit dem mobilen Bewegungslabor, welches das Institut f\u00fcr Physiotherapie 2015 lancierte, werden Forschungsauftr\u00e4ge und Dienstleistungsangebote in der Gesundheitsf\u00f6rderung und Pr\u00e4vention f\u00fcr externe Firmen, Vereine, Einrichtungen und Schulen angeboten. Mit moderner Technik und physiotherapeutischer Erfahrung lassen sich so umfassende Messungen und Analysen des Bewegungsapparats sowie entsprechende Beratungen durchf\u00fchren und zwar in den Bereichen Aktivit\u00e4t, Beweglichkeit, Gleichgewicht, Muskelfunktion, Kraft, Leistungsdiagnostik und Ganganalyse.<\/p>\n<p><a href=\"http:\/\/www.zhaw.ch\/gesundheit\/bewegungsanalyse\">zhaw.ch\/gesundheit\/bewegungsanalyse<\/a><\/p>\n<hr>\n<p><strong>WEITERE INFORMATIONEN<\/strong><\/p>\n<ul>\n<li><a href=\"https:\/\/www.zhaw.ch\/no_cache\/de\/forschung\/forschungsdatenbank\/projektdetail\/projektid\/1445\/\">Forschungsprojekt R\u00fcckengesundheit der Schweizer Pferdepopulation<\/a><\/li>\n<li><a href=\"https:\/\/www.zhaw.ch\/de\/gesundheit\/forschung\/physiotherapie\/\">Forschungsstelle Physiotherapiewissenschaft ZHAW Gesundheit<\/a><\/li>\n<li><a href=\"https:\/\/www.tierspital.uzh.ch\/de\/Pferde\/sportmedizin.html\">Abteilung f\u00fcr Sportmedizin Pferd der Vetsuisse-Fakult\u00e4t UZH (Projektpartner)<\/a><\/li>\n<li><a href=\"https:\/\/www.zhaw.ch\/storage\/gesundheit\/dienstleistung\/dl-physiotherapie\/2017_Infoblatt_Bewegungslabor_allgemein.pdf\">Factsheet zum mobilen Bewegungslabor<\/a><\/li>\n<li><a href=\"https:\/\/weiterbildung.zhaw.ch\/de\/gesundheit\/programm\/cas-hippotherapie-plus.html\">CAS Hippotherapie plus<\/a><\/li>\n<\/ul>\n<hr>\n<div class=\"callout-medium\"><a href=\"https:\/\/www.zhaw.ch\/storage\/gesundheit\/ueber-uns\/medien-news\/vitamin-g\/vitamin-g-nr4-mai-2018-zhaw-gesundheit.pdf\"><strong>VITAMIN G, NR. 4\/2018 (PDF)<\/strong><\/a><\/div>\n<div class=\"callout-medium\"><strong><a href=\"https:\/\/www.zhaw.ch\/de\/gesundheit\/ueber-uns\/medien\/magazin-vitamin-g\/\">VITAMIN G BESTELLEN<\/a><\/strong><\/div>\n","protected":false},"excerpt":{"rendered":"<p>Physiotherapieforschende der ZHAW untersuchen in einer Kooperation mit der Vetsuisse-Fakult\u00e4t der Universit\u00e4t Z\u00fcrich, welchen Einfluss die k\u00f6rperliche Verfassung und die Kompetenz von Reitern auf die Gesundheit von Pferden haben. VON ANOUK HOLTHUIZEN Wenn das Z\u00fcrcher Schul- und Sportdepartement jeweils seine Reitkurse f\u00fcr Kinder und Jugendliche ausschreibt, sind diese innert Stunden ausgebucht. Die Wochenkurse k\u00f6nnen sich [&hellip;]<\/p>\n","protected":false},"author":303,"featured_media":1924,"comment_status":"open","ping_status":"open","sticky":false,"template":"","format":"standard","meta":{"ngg_post_thumbnail":0,"footnotes":""},"categories":[1,7],"tags":[],"features":[],"class_list":["post-690","post","type-post","status-publish","format-standard","has-post-thumbnail","hentry","category-allgemein","category-forschung"],"yoast_head":"<!-- This site is optimized with the Yoast SEO Premium plugin v27.2 (Yoast SEO v27.2) - https:\/\/yoast.com\/product\/yoast-seo-premium-wordpress\/ -->\n<title>STRAPAZIERTER PFERDER\u00dcCKEN - Vitamin G \u2013 f\u00fcr Health Professionals mit Weitblick<\/title>\n<meta name=\"robots\" content=\"index, follow, max-snippet:-1, max-image-preview:large, max-video-preview:-1\" \/>\n<link rel=\"canonical\" href=\"https:\/\/blog.zhaw.ch\/vitamin-g\/strapazierter-pferderuecken\/\" \/>\n<meta property=\"og:locale\" content=\"de_DE\" \/>\n<meta property=\"og:type\" content=\"article\" \/>\n<meta property=\"og:title\" content=\"STRAPAZIERTER PFERDER\u00dcCKEN\" \/>\n<meta property=\"og:description\" content=\"Physiotherapieforschende der ZHAW untersuchen in einer Kooperation mit der Vetsuisse-Fakult\u00e4t der Universit\u00e4t Z\u00fcrich, welchen Einfluss die k\u00f6rperliche Verfassung und die Kompetenz von Reitern auf die Gesundheit von Pferden haben. VON ANOUK HOLTHUIZEN Wenn das Z\u00fcrcher Schul- und Sportdepartement jeweils seine Reitkurse f\u00fcr Kinder und Jugendliche ausschreibt, sind diese innert Stunden ausgebucht. Die Wochenkurse k\u00f6nnen sich [&hellip;]\" \/>\n<meta property=\"og:url\" content=\"https:\/\/blog.zhaw.ch\/vitamin-g\/strapazierter-pferderuecken\/\" \/>\n<meta property=\"og:site_name\" content=\"Vitamin G \u2013 f\u00fcr Health Professionals mit Weitblick\" \/>\n<meta property=\"article:published_time\" content=\"2018-05-02T07:34:02+00:00\" \/>\n<meta property=\"article:modified_time\" content=\"2022-04-11T10:42:53+00:00\" \/>\n<meta property=\"og:image\" content=\"https:\/\/blog.zhaw.ch\/vitamin-g\/files\/2018\/05\/2014-4-pferderuecken-pt.jpg\" \/>\n\t<meta property=\"og:image:width\" content=\"2000\" \/>\n\t<meta property=\"og:image:height\" content=\"1000\" \/>\n\t<meta property=\"og:image:type\" content=\"image\/jpeg\" \/>\n<meta name=\"author\" content=\"Vitamin G\" \/>\n<meta name=\"twitter:card\" content=\"summary_large_image\" \/>\n<meta name=\"twitter:label1\" content=\"Verfasst von\" \/>\n\t<meta name=\"twitter:data1\" content=\"Vitamin G\" \/>\n\t<meta name=\"twitter:label2\" content=\"Gesch\u00e4tzte Lesezeit\" \/>\n\t<meta name=\"twitter:data2\" content=\"5\u00a0Minuten\" \/>\n<script type=\"application\/ld+json\" class=\"yoast-schema-graph\">{\"@context\":\"https:\/\/schema.org\",\"@graph\":[{\"@type\":\"Article\",\"@id\":\"https:\/\/blog.zhaw.ch\/vitamin-g\/strapazierter-pferderuecken\/#article\",\"isPartOf\":{\"@id\":\"https:\/\/blog.zhaw.ch\/vitamin-g\/strapazierter-pferderuecken\/\"},\"author\":{\"name\":\"Vitamin G\",\"@id\":\"https:\/\/blog.zhaw.ch\/vitamin-g\/#\/schema\/person\/c40eef1fd6b5c80a87a5ab6f21a50cc1\"},\"headline\":\"STRAPAZIERTER PFERDER\u00dcCKEN\",\"datePublished\":\"2018-05-02T07:34:02+00:00\",\"dateModified\":\"2022-04-11T10:42:53+00:00\",\"mainEntityOfPage\":{\"@id\":\"https:\/\/blog.zhaw.ch\/vitamin-g\/strapazierter-pferderuecken\/\"},\"wordCount\":1010,\"commentCount\":0,\"image\":{\"@id\":\"https:\/\/blog.zhaw.ch\/vitamin-g\/strapazierter-pferderuecken\/#primaryimage\"},\"thumbnailUrl\":\"https:\/\/blog.zhaw.ch\/vitamin-g\/files\/2018\/05\/2014-4-pferderuecken-pt.jpg\",\"articleSection\":{\"1\":\"Forschung\"},\"inLanguage\":\"de\",\"potentialAction\":[{\"@type\":\"CommentAction\",\"name\":\"Comment\",\"target\":[\"https:\/\/blog.zhaw.ch\/vitamin-g\/strapazierter-pferderuecken\/#respond\"]}]},{\"@type\":\"WebPage\",\"@id\":\"https:\/\/blog.zhaw.ch\/vitamin-g\/strapazierter-pferderuecken\/\",\"url\":\"https:\/\/blog.zhaw.ch\/vitamin-g\/strapazierter-pferderuecken\/\",\"name\":\"STRAPAZIERTER PFERDER\u00dcCKEN - Vitamin G \u2013 f\u00fcr Health Professionals mit Weitblick\",\"isPartOf\":{\"@id\":\"https:\/\/blog.zhaw.ch\/vitamin-g\/#website\"},\"primaryImageOfPage\":{\"@id\":\"https:\/\/blog.zhaw.ch\/vitamin-g\/strapazierter-pferderuecken\/#primaryimage\"},\"image\":{\"@id\":\"https:\/\/blog.zhaw.ch\/vitamin-g\/strapazierter-pferderuecken\/#primaryimage\"},\"thumbnailUrl\":\"https:\/\/blog.zhaw.ch\/vitamin-g\/files\/2018\/05\/2014-4-pferderuecken-pt.jpg\",\"datePublished\":\"2018-05-02T07:34:02+00:00\",\"dateModified\":\"2022-04-11T10:42:53+00:00\",\"author\":{\"@id\":\"https:\/\/blog.zhaw.ch\/vitamin-g\/#\/schema\/person\/c40eef1fd6b5c80a87a5ab6f21a50cc1\"},\"breadcrumb\":{\"@id\":\"https:\/\/blog.zhaw.ch\/vitamin-g\/strapazierter-pferderuecken\/#breadcrumb\"},\"inLanguage\":\"de\",\"potentialAction\":[{\"@type\":\"ReadAction\",\"target\":[\"https:\/\/blog.zhaw.ch\/vitamin-g\/strapazierter-pferderuecken\/\"]}]},{\"@type\":\"ImageObject\",\"inLanguage\":\"de\",\"@id\":\"https:\/\/blog.zhaw.ch\/vitamin-g\/strapazierter-pferderuecken\/#primaryimage\",\"url\":\"https:\/\/blog.zhaw.ch\/vitamin-g\/files\/2018\/05\/2014-4-pferderuecken-pt.jpg\",\"contentUrl\":\"https:\/\/blog.zhaw.ch\/vitamin-g\/files\/2018\/05\/2014-4-pferderuecken-pt.jpg\",\"width\":2000,\"height\":1000},{\"@type\":\"BreadcrumbList\",\"@id\":\"https:\/\/blog.zhaw.ch\/vitamin-g\/strapazierter-pferderuecken\/#breadcrumb\",\"itemListElement\":[{\"@type\":\"ListItem\",\"position\":1,\"name\":\"Startseite\",\"item\":\"https:\/\/blog.zhaw.ch\/vitamin-g\/\"},{\"@type\":\"ListItem\",\"position\":2,\"name\":\"STRAPAZIERTER PFERDER\u00dcCKEN\"}]},{\"@type\":\"WebSite\",\"@id\":\"https:\/\/blog.zhaw.ch\/vitamin-g\/#website\",\"url\":\"https:\/\/blog.zhaw.ch\/vitamin-g\/\",\"name\":\"Vitamin G \u2013 f\u00fcr Health Professionals mit Weitblick\",\"description\":\"Ein Blog der ZHAW Z\u00fcrcher Hochschule f\u00fcr Angewandte Wissenschaften\",\"potentialAction\":[{\"@type\":\"SearchAction\",\"target\":{\"@type\":\"EntryPoint\",\"urlTemplate\":\"https:\/\/blog.zhaw.ch\/vitamin-g\/?s={search_term_string}\"},\"query-input\":{\"@type\":\"PropertyValueSpecification\",\"valueRequired\":true,\"valueName\":\"search_term_string\"}}],\"inLanguage\":\"de\"},{\"@type\":\"Person\",\"@id\":\"https:\/\/blog.zhaw.ch\/vitamin-g\/#\/schema\/person\/c40eef1fd6b5c80a87a5ab6f21a50cc1\",\"name\":\"Vitamin G\",\"image\":{\"@type\":\"ImageObject\",\"inLanguage\":\"de\",\"@id\":\"https:\/\/secure.gravatar.com\/avatar\/98f5da1c92db080b7a9598ea470459f2dfc333ede5e4b0779b146129ec54cb34?s=96&d=mm&r=g\",\"url\":\"https:\/\/secure.gravatar.com\/avatar\/98f5da1c92db080b7a9598ea470459f2dfc333ede5e4b0779b146129ec54cb34?s=96&d=mm&r=g\",\"contentUrl\":\"https:\/\/secure.gravatar.com\/avatar\/98f5da1c92db080b7a9598ea470459f2dfc333ede5e4b0779b146129ec54cb34?s=96&d=mm&r=g\",\"caption\":\"Vitamin G\"},\"url\":\"https:\/\/blog.zhaw.ch\/vitamin-g\/author\/funp\/\"}]}<\/script>\n<!-- \/ Yoast SEO Premium plugin. -->","yoast_head_json":{"title":"STRAPAZIERTER PFERDER\u00dcCKEN - Vitamin G \u2013 f\u00fcr Health Professionals mit Weitblick","robots":{"index":"index","follow":"follow","max-snippet":"max-snippet:-1","max-image-preview":"max-image-preview:large","max-video-preview":"max-video-preview:-1"},"canonical":"https:\/\/blog.zhaw.ch\/vitamin-g\/strapazierter-pferderuecken\/","og_locale":"de_DE","og_type":"article","og_title":"STRAPAZIERTER PFERDER\u00dcCKEN","og_description":"Physiotherapieforschende der ZHAW untersuchen in einer Kooperation mit der Vetsuisse-Fakult\u00e4t der Universit\u00e4t Z\u00fcrich, welchen Einfluss die k\u00f6rperliche Verfassung und die Kompetenz von Reitern auf die Gesundheit von Pferden haben. VON ANOUK HOLTHUIZEN Wenn das Z\u00fcrcher Schul- und Sportdepartement jeweils seine Reitkurse f\u00fcr Kinder und Jugendliche ausschreibt, sind diese innert Stunden ausgebucht. Die Wochenkurse k\u00f6nnen sich [&hellip;]","og_url":"https:\/\/blog.zhaw.ch\/vitamin-g\/strapazierter-pferderuecken\/","og_site_name":"Vitamin G \u2013 f\u00fcr Health Professionals mit Weitblick","article_published_time":"2018-05-02T07:34:02+00:00","article_modified_time":"2022-04-11T10:42:53+00:00","og_image":[{"width":2000,"height":1000,"url":"https:\/\/blog.zhaw.ch\/vitamin-g\/files\/2018\/05\/2014-4-pferderuecken-pt.jpg","type":"image\/jpeg"}],"author":"Vitamin G","twitter_card":"summary_large_image","twitter_misc":{"Verfasst von":"Vitamin G","Gesch\u00e4tzte Lesezeit":"5\u00a0Minuten"},"schema":{"@context":"https:\/\/schema.org","@graph":[{"@type":"Article","@id":"https:\/\/blog.zhaw.ch\/vitamin-g\/strapazierter-pferderuecken\/#article","isPartOf":{"@id":"https:\/\/blog.zhaw.ch\/vitamin-g\/strapazierter-pferderuecken\/"},"author":{"name":"Vitamin G","@id":"https:\/\/blog.zhaw.ch\/vitamin-g\/#\/schema\/person\/c40eef1fd6b5c80a87a5ab6f21a50cc1"},"headline":"STRAPAZIERTER PFERDER\u00dcCKEN","datePublished":"2018-05-02T07:34:02+00:00","dateModified":"2022-04-11T10:42:53+00:00","mainEntityOfPage":{"@id":"https:\/\/blog.zhaw.ch\/vitamin-g\/strapazierter-pferderuecken\/"},"wordCount":1010,"commentCount":0,"image":{"@id":"https:\/\/blog.zhaw.ch\/vitamin-g\/strapazierter-pferderuecken\/#primaryimage"},"thumbnailUrl":"https:\/\/blog.zhaw.ch\/vitamin-g\/files\/2018\/05\/2014-4-pferderuecken-pt.jpg","articleSection":{"1":"Forschung"},"inLanguage":"de","potentialAction":[{"@type":"CommentAction","name":"Comment","target":["https:\/\/blog.zhaw.ch\/vitamin-g\/strapazierter-pferderuecken\/#respond"]}]},{"@type":"WebPage","@id":"https:\/\/blog.zhaw.ch\/vitamin-g\/strapazierter-pferderuecken\/","url":"https:\/\/blog.zhaw.ch\/vitamin-g\/strapazierter-pferderuecken\/","name":"STRAPAZIERTER PFERDER\u00dcCKEN - Vitamin G \u2013 f\u00fcr Health Professionals mit Weitblick","isPartOf":{"@id":"https:\/\/blog.zhaw.ch\/vitamin-g\/#website"},"primaryImageOfPage":{"@id":"https:\/\/blog.zhaw.ch\/vitamin-g\/strapazierter-pferderuecken\/#primaryimage"},"image":{"@id":"https:\/\/blog.zhaw.ch\/vitamin-g\/strapazierter-pferderuecken\/#primaryimage"},"thumbnailUrl":"https:\/\/blog.zhaw.ch\/vitamin-g\/files\/2018\/05\/2014-4-pferderuecken-pt.jpg","datePublished":"2018-05-02T07:34:02+00:00","dateModified":"2022-04-11T10:42:53+00:00","author":{"@id":"https:\/\/blog.zhaw.ch\/vitamin-g\/#\/schema\/person\/c40eef1fd6b5c80a87a5ab6f21a50cc1"},"breadcrumb":{"@id":"https:\/\/blog.zhaw.ch\/vitamin-g\/strapazierter-pferderuecken\/#breadcrumb"},"inLanguage":"de","potentialAction":[{"@type":"ReadAction","target":["https:\/\/blog.zhaw.ch\/vitamin-g\/strapazierter-pferderuecken\/"]}]},{"@type":"ImageObject","inLanguage":"de","@id":"https:\/\/blog.zhaw.ch\/vitamin-g\/strapazierter-pferderuecken\/#primaryimage","url":"https:\/\/blog.zhaw.ch\/vitamin-g\/files\/2018\/05\/2014-4-pferderuecken-pt.jpg","contentUrl":"https:\/\/blog.zhaw.ch\/vitamin-g\/files\/2018\/05\/2014-4-pferderuecken-pt.jpg","width":2000,"height":1000},{"@type":"BreadcrumbList","@id":"https:\/\/blog.zhaw.ch\/vitamin-g\/strapazierter-pferderuecken\/#breadcrumb","itemListElement":[{"@type":"ListItem","position":1,"name":"Startseite","item":"https:\/\/blog.zhaw.ch\/vitamin-g\/"},{"@type":"ListItem","position":2,"name":"STRAPAZIERTER PFERDER\u00dcCKEN"}]},{"@type":"WebSite","@id":"https:\/\/blog.zhaw.ch\/vitamin-g\/#website","url":"https:\/\/blog.zhaw.ch\/vitamin-g\/","name":"Vitamin G \u2013 f\u00fcr Health Professionals mit Weitblick","description":"Ein Blog der ZHAW Z\u00fcrcher Hochschule f\u00fcr Angewandte Wissenschaften","potentialAction":[{"@type":"SearchAction","target":{"@type":"EntryPoint","urlTemplate":"https:\/\/blog.zhaw.ch\/vitamin-g\/?s={search_term_string}"},"query-input":{"@type":"PropertyValueSpecification","valueRequired":true,"valueName":"search_term_string"}}],"inLanguage":"de"},{"@type":"Person","@id":"https:\/\/blog.zhaw.ch\/vitamin-g\/#\/schema\/person\/c40eef1fd6b5c80a87a5ab6f21a50cc1","name":"Vitamin G","image":{"@type":"ImageObject","inLanguage":"de","@id":"https:\/\/secure.gravatar.com\/avatar\/98f5da1c92db080b7a9598ea470459f2dfc333ede5e4b0779b146129ec54cb34?s=96&d=mm&r=g","url":"https:\/\/secure.gravatar.com\/avatar\/98f5da1c92db080b7a9598ea470459f2dfc333ede5e4b0779b146129ec54cb34?s=96&d=mm&r=g","contentUrl":"https:\/\/secure.gravatar.com\/avatar\/98f5da1c92db080b7a9598ea470459f2dfc333ede5e4b0779b146129ec54cb34?s=96&d=mm&r=g","caption":"Vitamin G"},"url":"https:\/\/blog.zhaw.ch\/vitamin-g\/author\/funp\/"}]}},"_links":{"self":[{"href":"https:\/\/blog.zhaw.ch\/vitamin-g\/wp-json\/wp\/v2\/posts\/690","targetHints":{"allow":["GET"]}}],"collection":[{"href":"https:\/\/blog.zhaw.ch\/vitamin-g\/wp-json\/wp\/v2\/posts"}],"about":[{"href":"https:\/\/blog.zhaw.ch\/vitamin-g\/wp-json\/wp\/v2\/types\/post"}],"author":[{"embeddable":true,"href":"https:\/\/blog.zhaw.ch\/vitamin-g\/wp-json\/wp\/v2\/users\/303"}],"replies":[{"embeddable":true,"href":"https:\/\/blog.zhaw.ch\/vitamin-g\/wp-json\/wp\/v2\/comments?post=690"}],"version-history":[{"count":15,"href":"https:\/\/blog.zhaw.ch\/vitamin-g\/wp-json\/wp\/v2\/posts\/690\/revisions"}],"predecessor-version":[{"id":785,"href":"https:\/\/blog.zhaw.ch\/vitamin-g\/wp-json\/wp\/v2\/posts\/690\/revisions\/785"}],"wp:featuredmedia":[{"embeddable":true,"href":"https:\/\/blog.zhaw.ch\/vitamin-g\/wp-json\/wp\/v2\/media\/1924"}],"wp:attachment":[{"href":"https:\/\/blog.zhaw.ch\/vitamin-g\/wp-json\/wp\/v2\/media?parent=690"}],"wp:term":[{"taxonomy":"category","embeddable":true,"href":"https:\/\/blog.zhaw.ch\/vitamin-g\/wp-json\/wp\/v2\/categories?post=690"},{"taxonomy":"post_tag","embeddable":true,"href":"https:\/\/blog.zhaw.ch\/vitamin-g\/wp-json\/wp\/v2\/tags?post=690"},{"taxonomy":"features","embeddable":true,"href":"https:\/\/blog.zhaw.ch\/vitamin-g\/wp-json\/wp\/v2\/features?post=690"}],"curies":[{"name":"wp","href":"https:\/\/api.w.org\/{rel}","templated":true}]}}