{"id":681,"date":"2018-05-02T09:31:29","date_gmt":"2018-05-02T07:31:29","guid":{"rendered":"http:\/\/blog.zhaw.ch\/vitamin-g\/?p=681"},"modified":"2018-05-02T09:31:29","modified_gmt":"2018-05-02T07:31:29","slug":"meinung-eigen-und-mitverantwortung","status":"publish","type":"post","link":"https:\/\/blog.zhaw.ch\/vitamin-g\/meinung-eigen-und-mitverantwortung\/","title":{"rendered":"MEINUNG: EIGEN- UND MITVERANTWORTUNG"},"content":{"rendered":"<p>Von <a href=\"https:\/\/www.zhaw.ch\/de\/ueber-uns\/person\/page\/\">JULIE PAGE<\/a>, Leiterin Bachelorstudiengang Gesundheitsf\u00f6rderung und Pr\u00e4vention.<\/p>\n<p>Als m\u00fcndige Personen haben wir das Recht, ein selbstbestimmtes Leben zu f\u00fchren. Damit verbunden ist die Pflicht, unseren Alltag eigenverantwortlich zu gestalten, etwa in Hinblick auf unsere Gesundheit. Um diese langfristig zu erhalten und bei Krankheit schnell zu genesen, sollen wir uns m\u00f6glichst gesundheitsf\u00f6rdernd verhalten. So der aktuelle Zeitgeist.<\/p>\n<p>Dieses Gesundheitsverst\u00e4ndnis birgt die Gefahr, dass soziale Ursachen von Gesundheit und Krankheit aus dem Blick r\u00fccken. Dabei sind die Faktoren, die Gesundheit sch\u00fctzen oder bedrohen, in der Bev\u00f6lkerung erwiesenermassen ungleich verteilt. Nicht alle Mitglieder unserer Gesellschaft haben die gleichen Chancen, ihr Gesundheitspotenzial zu verwirklichen.<\/p>\n<p>Die einseitige Betonung der Eigenverantwortung f\u00f6rdert die Entsolidarisierung zwischen \u00abGesunden\u00bb und \u00abKranken\u00bb. Beispiel daf\u00fcr ist die Initiative \u00abKomatrinker sollen Aufenthalte in Spital und Ausn\u00fcchterungszellen selberbezahlen\u00bb, die der Nationalrat 2015 erfreulicherweise abschrieb. Sie brach mit dem Solidarit\u00e4tsprinzip und wies Jugendlichen die Rolle der Problem- verursacher zu, obschon 90 Prozent der Hospitationen aufgrund von Alkoholvergiftungen Erwachsene betreffen. Um Gesundheit zu erhalten, braucht es nebst Eigenverantwortung gesundheitsf\u00f6rdernde gesellschaftliche Voraussetzungen. Im Beispiel des Komatrinkens k\u00f6nnte dies bedeuten, die Alkoholwerbung st\u00e4rker zu regulieren. Solche Rahmenbedingungen schaffen weder Einzelpersonen noch der Gesundheitssektor alleine. Sie liegen in der Verantwortung von Politik und Gesellschaft als Ganzes. Deshalb legen wir Wert darauf, dass unsere Studierenden ein Bewusstsein f\u00fcr die sozialen, kulturellen, \u00f6konomischen und umweltbedingten Faktoren entwickeln, die unsere Gesundheit beeinflussen. In ihrer sp\u00e4teren T\u00e4tigkeit sollen sie nicht nur auf die individuelle Gesundheitskompetenz einwirken, sondern auch gesellschaftliche Bedingungen mitgestalten. Gefragt ist eine Grundhaltung, die Eigenverantwortung an soziale Mitverantwortung koppelt und die das Wohl aller Menschen \u2013 auch solcher in nachteiligen Lebenslagen \u2013 ins Zentrum stellt.<\/p>\n<p>\u00abVitamin G\u00bb,&nbsp;Seite 5<\/p>\n<hr>\n<p><strong>WEITERE INFORMATIONEN<\/strong><\/p>\n<ul>\n<li><a href=\"https:\/\/www.suchtmagazin.ch\/tl_files\/templates\/Suchtmagazin\/user_upload\/Texte\/SuchtMagazin_2016-3_Leseprobe.pdf\">Gesundheitsf\u00f6rderung zwischen Eigenverantwortung und Fremdbestimmung. Artikel von Bettina Schmidt im Suchtmagazin 3\/2016 (S. 4-10) <\/a><\/li>\n<\/ul>\n<hr>\n<div class=\"callout-medium\"><a href=\"https:\/\/www.zhaw.ch\/storage\/gesundheit\/ueber-uns\/medien-news\/vitamin-g\/vitamin-g-nr4-mai-2018-zhaw-gesundheit.pdf\"><strong>VITAMIN G, NR. 4\/2018 (PDF)<\/strong><\/a><\/div>\n<div class=\"callout-medium\"><strong><a href=\"https:\/\/www.zhaw.ch\/de\/gesundheit\/ueber-uns\/medien\/magazin-vitamin-g\/\">VITAMIN G BESTELLEN<\/a><\/strong><\/div>\n","protected":false},"excerpt":{"rendered":"<p>Von JULIE PAGE, Leiterin Bachelorstudiengang Gesundheitsf\u00f6rderung und Pr\u00e4vention. Als m\u00fcndige Personen haben wir das Recht, ein selbstbestimmtes Leben zu f\u00fchren. Damit verbunden ist die Pflicht, unseren Alltag eigenverantwortlich zu gestalten, etwa in Hinblick auf unsere Gesundheit. Um diese langfristig zu erhalten und bei Krankheit schnell zu genesen, sollen wir uns m\u00f6glichst gesundheitsf\u00f6rdernd verhalten. So der [&hellip;]<\/p>\n","protected":false},"author":303,"featured_media":684,"comment_status":"open","ping_status":"open","sticky":false,"template":"","format":"standard","meta":{"ngg_post_thumbnail":0,"footnotes":""},"categories":[1],"tags":[],"features":[],"class_list":["post-681","post","type-post","status-publish","format-standard","has-post-thumbnail","hentry","category-allgemein"],"yoast_head":"<!-- This site is optimized with the Yoast SEO Premium plugin v27.2 (Yoast SEO v27.2) - https:\/\/yoast.com\/product\/yoast-seo-premium-wordpress\/ -->\n<title>MEINUNG: EIGEN- UND MITVERANTWORTUNG - Vitamin G \u2013 f\u00fcr Health Professionals mit Weitblick<\/title>\n<meta name=\"robots\" content=\"index, follow, max-snippet:-1, max-image-preview:large, max-video-preview:-1\" \/>\n<link rel=\"canonical\" href=\"https:\/\/blog.zhaw.ch\/vitamin-g\/meinung-eigen-und-mitverantwortung\/\" \/>\n<meta property=\"og:locale\" content=\"de_DE\" \/>\n<meta property=\"og:type\" content=\"article\" \/>\n<meta property=\"og:title\" content=\"MEINUNG: EIGEN- UND MITVERANTWORTUNG\" \/>\n<meta property=\"og:description\" content=\"Von JULIE PAGE, Leiterin Bachelorstudiengang Gesundheitsf\u00f6rderung und Pr\u00e4vention. Als m\u00fcndige Personen haben wir das Recht, ein selbstbestimmtes Leben zu f\u00fchren. Damit verbunden ist die Pflicht, unseren Alltag eigenverantwortlich zu gestalten, etwa in Hinblick auf unsere Gesundheit. Um diese langfristig zu erhalten und bei Krankheit schnell zu genesen, sollen wir uns m\u00f6glichst gesundheitsf\u00f6rdernd verhalten. So der [&hellip;]\" \/>\n<meta property=\"og:url\" content=\"https:\/\/blog.zhaw.ch\/vitamin-g\/meinung-eigen-und-mitverantwortung\/\" \/>\n<meta property=\"og:site_name\" content=\"Vitamin G \u2013 f\u00fcr Health Professionals mit Weitblick\" \/>\n<meta property=\"article:published_time\" content=\"2018-05-02T07:31:29+00:00\" \/>\n<meta property=\"og:image\" content=\"https:\/\/blog.zhaw.ch\/vitamin-g\/files\/2018\/04\/2018-4-meinung-julie-page-web.jpg\" \/>\n\t<meta property=\"og:image:width\" content=\"940\" \/>\n\t<meta property=\"og:image:height\" content=\"350\" \/>\n\t<meta property=\"og:image:type\" content=\"image\/jpeg\" \/>\n<meta name=\"author\" content=\"Vitamin G\" \/>\n<meta name=\"twitter:card\" content=\"summary_large_image\" \/>\n<meta name=\"twitter:label1\" content=\"Verfasst von\" \/>\n\t<meta name=\"twitter:data1\" content=\"Vitamin G\" \/>\n\t<meta name=\"twitter:label2\" content=\"Gesch\u00e4tzte Lesezeit\" \/>\n\t<meta name=\"twitter:data2\" content=\"2\u00a0Minuten\" \/>\n<script type=\"application\/ld+json\" class=\"yoast-schema-graph\">{\"@context\":\"https:\/\/schema.org\",\"@graph\":[{\"@type\":\"Article\",\"@id\":\"https:\/\/blog.zhaw.ch\/vitamin-g\/meinung-eigen-und-mitverantwortung\/#article\",\"isPartOf\":{\"@id\":\"https:\/\/blog.zhaw.ch\/vitamin-g\/meinung-eigen-und-mitverantwortung\/\"},\"author\":{\"name\":\"Vitamin G\",\"@id\":\"https:\/\/blog.zhaw.ch\/vitamin-g\/#\/schema\/person\/c40eef1fd6b5c80a87a5ab6f21a50cc1\"},\"headline\":\"MEINUNG: EIGEN- UND MITVERANTWORTUNG\",\"datePublished\":\"2018-05-02T07:31:29+00:00\",\"mainEntityOfPage\":{\"@id\":\"https:\/\/blog.zhaw.ch\/vitamin-g\/meinung-eigen-und-mitverantwortung\/\"},\"wordCount\":313,\"commentCount\":0,\"image\":{\"@id\":\"https:\/\/blog.zhaw.ch\/vitamin-g\/meinung-eigen-und-mitverantwortung\/#primaryimage\"},\"thumbnailUrl\":\"https:\/\/blog.zhaw.ch\/vitamin-g\/files\/2018\/04\/2018-4-meinung-julie-page-web.jpg\",\"inLanguage\":\"de\",\"potentialAction\":[{\"@type\":\"CommentAction\",\"name\":\"Comment\",\"target\":[\"https:\/\/blog.zhaw.ch\/vitamin-g\/meinung-eigen-und-mitverantwortung\/#respond\"]}]},{\"@type\":\"WebPage\",\"@id\":\"https:\/\/blog.zhaw.ch\/vitamin-g\/meinung-eigen-und-mitverantwortung\/\",\"url\":\"https:\/\/blog.zhaw.ch\/vitamin-g\/meinung-eigen-und-mitverantwortung\/\",\"name\":\"MEINUNG: EIGEN- UND MITVERANTWORTUNG - Vitamin G \u2013 f\u00fcr Health Professionals mit Weitblick\",\"isPartOf\":{\"@id\":\"https:\/\/blog.zhaw.ch\/vitamin-g\/#website\"},\"primaryImageOfPage\":{\"@id\":\"https:\/\/blog.zhaw.ch\/vitamin-g\/meinung-eigen-und-mitverantwortung\/#primaryimage\"},\"image\":{\"@id\":\"https:\/\/blog.zhaw.ch\/vitamin-g\/meinung-eigen-und-mitverantwortung\/#primaryimage\"},\"thumbnailUrl\":\"https:\/\/blog.zhaw.ch\/vitamin-g\/files\/2018\/04\/2018-4-meinung-julie-page-web.jpg\",\"datePublished\":\"2018-05-02T07:31:29+00:00\",\"author\":{\"@id\":\"https:\/\/blog.zhaw.ch\/vitamin-g\/#\/schema\/person\/c40eef1fd6b5c80a87a5ab6f21a50cc1\"},\"breadcrumb\":{\"@id\":\"https:\/\/blog.zhaw.ch\/vitamin-g\/meinung-eigen-und-mitverantwortung\/#breadcrumb\"},\"inLanguage\":\"de\",\"potentialAction\":[{\"@type\":\"ReadAction\",\"target\":[\"https:\/\/blog.zhaw.ch\/vitamin-g\/meinung-eigen-und-mitverantwortung\/\"]}]},{\"@type\":\"ImageObject\",\"inLanguage\":\"de\",\"@id\":\"https:\/\/blog.zhaw.ch\/vitamin-g\/meinung-eigen-und-mitverantwortung\/#primaryimage\",\"url\":\"https:\/\/blog.zhaw.ch\/vitamin-g\/files\/2018\/04\/2018-4-meinung-julie-page-web.jpg\",\"contentUrl\":\"https:\/\/blog.zhaw.ch\/vitamin-g\/files\/2018\/04\/2018-4-meinung-julie-page-web.jpg\",\"width\":940,\"height\":350},{\"@type\":\"BreadcrumbList\",\"@id\":\"https:\/\/blog.zhaw.ch\/vitamin-g\/meinung-eigen-und-mitverantwortung\/#breadcrumb\",\"itemListElement\":[{\"@type\":\"ListItem\",\"position\":1,\"name\":\"Startseite\",\"item\":\"https:\/\/blog.zhaw.ch\/vitamin-g\/\"},{\"@type\":\"ListItem\",\"position\":2,\"name\":\"MEINUNG: EIGEN- UND MITVERANTWORTUNG\"}]},{\"@type\":\"WebSite\",\"@id\":\"https:\/\/blog.zhaw.ch\/vitamin-g\/#website\",\"url\":\"https:\/\/blog.zhaw.ch\/vitamin-g\/\",\"name\":\"Vitamin G \u2013 f\u00fcr Health Professionals mit Weitblick\",\"description\":\"Ein Blog der ZHAW Z\u00fcrcher Hochschule f\u00fcr Angewandte Wissenschaften\",\"potentialAction\":[{\"@type\":\"SearchAction\",\"target\":{\"@type\":\"EntryPoint\",\"urlTemplate\":\"https:\/\/blog.zhaw.ch\/vitamin-g\/?s={search_term_string}\"},\"query-input\":{\"@type\":\"PropertyValueSpecification\",\"valueRequired\":true,\"valueName\":\"search_term_string\"}}],\"inLanguage\":\"de\"},{\"@type\":\"Person\",\"@id\":\"https:\/\/blog.zhaw.ch\/vitamin-g\/#\/schema\/person\/c40eef1fd6b5c80a87a5ab6f21a50cc1\",\"name\":\"Vitamin G\",\"image\":{\"@type\":\"ImageObject\",\"inLanguage\":\"de\",\"@id\":\"https:\/\/secure.gravatar.com\/avatar\/98f5da1c92db080b7a9598ea470459f2dfc333ede5e4b0779b146129ec54cb34?s=96&d=mm&r=g\",\"url\":\"https:\/\/secure.gravatar.com\/avatar\/98f5da1c92db080b7a9598ea470459f2dfc333ede5e4b0779b146129ec54cb34?s=96&d=mm&r=g\",\"contentUrl\":\"https:\/\/secure.gravatar.com\/avatar\/98f5da1c92db080b7a9598ea470459f2dfc333ede5e4b0779b146129ec54cb34?s=96&d=mm&r=g\",\"caption\":\"Vitamin G\"},\"url\":\"https:\/\/blog.zhaw.ch\/vitamin-g\/author\/funp\/\"}]}<\/script>\n<!-- \/ Yoast SEO Premium plugin. -->","yoast_head_json":{"title":"MEINUNG: EIGEN- UND MITVERANTWORTUNG - Vitamin G \u2013 f\u00fcr Health Professionals mit Weitblick","robots":{"index":"index","follow":"follow","max-snippet":"max-snippet:-1","max-image-preview":"max-image-preview:large","max-video-preview":"max-video-preview:-1"},"canonical":"https:\/\/blog.zhaw.ch\/vitamin-g\/meinung-eigen-und-mitverantwortung\/","og_locale":"de_DE","og_type":"article","og_title":"MEINUNG: EIGEN- UND MITVERANTWORTUNG","og_description":"Von JULIE PAGE, Leiterin Bachelorstudiengang Gesundheitsf\u00f6rderung und Pr\u00e4vention. Als m\u00fcndige Personen haben wir das Recht, ein selbstbestimmtes Leben zu f\u00fchren. Damit verbunden ist die Pflicht, unseren Alltag eigenverantwortlich zu gestalten, etwa in Hinblick auf unsere Gesundheit. Um diese langfristig zu erhalten und bei Krankheit schnell zu genesen, sollen wir uns m\u00f6glichst gesundheitsf\u00f6rdernd verhalten. So der [&hellip;]","og_url":"https:\/\/blog.zhaw.ch\/vitamin-g\/meinung-eigen-und-mitverantwortung\/","og_site_name":"Vitamin G \u2013 f\u00fcr Health Professionals mit Weitblick","article_published_time":"2018-05-02T07:31:29+00:00","og_image":[{"width":940,"height":350,"url":"https:\/\/blog.zhaw.ch\/vitamin-g\/files\/2018\/04\/2018-4-meinung-julie-page-web.jpg","type":"image\/jpeg"}],"author":"Vitamin G","twitter_card":"summary_large_image","twitter_misc":{"Verfasst von":"Vitamin G","Gesch\u00e4tzte Lesezeit":"2\u00a0Minuten"},"schema":{"@context":"https:\/\/schema.org","@graph":[{"@type":"Article","@id":"https:\/\/blog.zhaw.ch\/vitamin-g\/meinung-eigen-und-mitverantwortung\/#article","isPartOf":{"@id":"https:\/\/blog.zhaw.ch\/vitamin-g\/meinung-eigen-und-mitverantwortung\/"},"author":{"name":"Vitamin G","@id":"https:\/\/blog.zhaw.ch\/vitamin-g\/#\/schema\/person\/c40eef1fd6b5c80a87a5ab6f21a50cc1"},"headline":"MEINUNG: EIGEN- UND MITVERANTWORTUNG","datePublished":"2018-05-02T07:31:29+00:00","mainEntityOfPage":{"@id":"https:\/\/blog.zhaw.ch\/vitamin-g\/meinung-eigen-und-mitverantwortung\/"},"wordCount":313,"commentCount":0,"image":{"@id":"https:\/\/blog.zhaw.ch\/vitamin-g\/meinung-eigen-und-mitverantwortung\/#primaryimage"},"thumbnailUrl":"https:\/\/blog.zhaw.ch\/vitamin-g\/files\/2018\/04\/2018-4-meinung-julie-page-web.jpg","inLanguage":"de","potentialAction":[{"@type":"CommentAction","name":"Comment","target":["https:\/\/blog.zhaw.ch\/vitamin-g\/meinung-eigen-und-mitverantwortung\/#respond"]}]},{"@type":"WebPage","@id":"https:\/\/blog.zhaw.ch\/vitamin-g\/meinung-eigen-und-mitverantwortung\/","url":"https:\/\/blog.zhaw.ch\/vitamin-g\/meinung-eigen-und-mitverantwortung\/","name":"MEINUNG: EIGEN- UND MITVERANTWORTUNG - Vitamin G \u2013 f\u00fcr Health Professionals mit Weitblick","isPartOf":{"@id":"https:\/\/blog.zhaw.ch\/vitamin-g\/#website"},"primaryImageOfPage":{"@id":"https:\/\/blog.zhaw.ch\/vitamin-g\/meinung-eigen-und-mitverantwortung\/#primaryimage"},"image":{"@id":"https:\/\/blog.zhaw.ch\/vitamin-g\/meinung-eigen-und-mitverantwortung\/#primaryimage"},"thumbnailUrl":"https:\/\/blog.zhaw.ch\/vitamin-g\/files\/2018\/04\/2018-4-meinung-julie-page-web.jpg","datePublished":"2018-05-02T07:31:29+00:00","author":{"@id":"https:\/\/blog.zhaw.ch\/vitamin-g\/#\/schema\/person\/c40eef1fd6b5c80a87a5ab6f21a50cc1"},"breadcrumb":{"@id":"https:\/\/blog.zhaw.ch\/vitamin-g\/meinung-eigen-und-mitverantwortung\/#breadcrumb"},"inLanguage":"de","potentialAction":[{"@type":"ReadAction","target":["https:\/\/blog.zhaw.ch\/vitamin-g\/meinung-eigen-und-mitverantwortung\/"]}]},{"@type":"ImageObject","inLanguage":"de","@id":"https:\/\/blog.zhaw.ch\/vitamin-g\/meinung-eigen-und-mitverantwortung\/#primaryimage","url":"https:\/\/blog.zhaw.ch\/vitamin-g\/files\/2018\/04\/2018-4-meinung-julie-page-web.jpg","contentUrl":"https:\/\/blog.zhaw.ch\/vitamin-g\/files\/2018\/04\/2018-4-meinung-julie-page-web.jpg","width":940,"height":350},{"@type":"BreadcrumbList","@id":"https:\/\/blog.zhaw.ch\/vitamin-g\/meinung-eigen-und-mitverantwortung\/#breadcrumb","itemListElement":[{"@type":"ListItem","position":1,"name":"Startseite","item":"https:\/\/blog.zhaw.ch\/vitamin-g\/"},{"@type":"ListItem","position":2,"name":"MEINUNG: EIGEN- UND MITVERANTWORTUNG"}]},{"@type":"WebSite","@id":"https:\/\/blog.zhaw.ch\/vitamin-g\/#website","url":"https:\/\/blog.zhaw.ch\/vitamin-g\/","name":"Vitamin G \u2013 f\u00fcr Health Professionals mit Weitblick","description":"Ein Blog der ZHAW Z\u00fcrcher Hochschule f\u00fcr Angewandte Wissenschaften","potentialAction":[{"@type":"SearchAction","target":{"@type":"EntryPoint","urlTemplate":"https:\/\/blog.zhaw.ch\/vitamin-g\/?s={search_term_string}"},"query-input":{"@type":"PropertyValueSpecification","valueRequired":true,"valueName":"search_term_string"}}],"inLanguage":"de"},{"@type":"Person","@id":"https:\/\/blog.zhaw.ch\/vitamin-g\/#\/schema\/person\/c40eef1fd6b5c80a87a5ab6f21a50cc1","name":"Vitamin G","image":{"@type":"ImageObject","inLanguage":"de","@id":"https:\/\/secure.gravatar.com\/avatar\/98f5da1c92db080b7a9598ea470459f2dfc333ede5e4b0779b146129ec54cb34?s=96&d=mm&r=g","url":"https:\/\/secure.gravatar.com\/avatar\/98f5da1c92db080b7a9598ea470459f2dfc333ede5e4b0779b146129ec54cb34?s=96&d=mm&r=g","contentUrl":"https:\/\/secure.gravatar.com\/avatar\/98f5da1c92db080b7a9598ea470459f2dfc333ede5e4b0779b146129ec54cb34?s=96&d=mm&r=g","caption":"Vitamin G"},"url":"https:\/\/blog.zhaw.ch\/vitamin-g\/author\/funp\/"}]}},"_links":{"self":[{"href":"https:\/\/blog.zhaw.ch\/vitamin-g\/wp-json\/wp\/v2\/posts\/681","targetHints":{"allow":["GET"]}}],"collection":[{"href":"https:\/\/blog.zhaw.ch\/vitamin-g\/wp-json\/wp\/v2\/posts"}],"about":[{"href":"https:\/\/blog.zhaw.ch\/vitamin-g\/wp-json\/wp\/v2\/types\/post"}],"author":[{"embeddable":true,"href":"https:\/\/blog.zhaw.ch\/vitamin-g\/wp-json\/wp\/v2\/users\/303"}],"replies":[{"embeddable":true,"href":"https:\/\/blog.zhaw.ch\/vitamin-g\/wp-json\/wp\/v2\/comments?post=681"}],"version-history":[{"count":5,"href":"https:\/\/blog.zhaw.ch\/vitamin-g\/wp-json\/wp\/v2\/posts\/681\/revisions"}],"predecessor-version":[{"id":816,"href":"https:\/\/blog.zhaw.ch\/vitamin-g\/wp-json\/wp\/v2\/posts\/681\/revisions\/816"}],"wp:featuredmedia":[{"embeddable":true,"href":"https:\/\/blog.zhaw.ch\/vitamin-g\/wp-json\/wp\/v2\/media\/684"}],"wp:attachment":[{"href":"https:\/\/blog.zhaw.ch\/vitamin-g\/wp-json\/wp\/v2\/media?parent=681"}],"wp:term":[{"taxonomy":"category","embeddable":true,"href":"https:\/\/blog.zhaw.ch\/vitamin-g\/wp-json\/wp\/v2\/categories?post=681"},{"taxonomy":"post_tag","embeddable":true,"href":"https:\/\/blog.zhaw.ch\/vitamin-g\/wp-json\/wp\/v2\/tags?post=681"},{"taxonomy":"features","embeddable":true,"href":"https:\/\/blog.zhaw.ch\/vitamin-g\/wp-json\/wp\/v2\/features?post=681"}],"curies":[{"name":"wp","href":"https:\/\/api.w.org\/{rel}","templated":true}]}}