{"id":2966,"date":"2025-01-28T11:38:28","date_gmt":"2025-01-28T10:38:28","guid":{"rendered":"https:\/\/blog.zhaw.ch\/vitamin-g\/?p=2966"},"modified":"2025-03-24T12:16:44","modified_gmt":"2025-03-24T11:16:44","slug":"daten-sind-zum-teilen-da","status":"publish","type":"post","link":"https:\/\/blog.zhaw.ch\/vitamin-g\/daten-sind-zum-teilen-da\/","title":{"rendered":"Daten sind zum Teilen da"},"content":{"rendered":"\n<p>Sie misst den menschlichen Gang, die Aktivit\u00e4t von Muskeln oder die Kr\u00e4fte, die auf ein Gelenk wirken. Die Bewegungsanalyse, bei der Daten zu Abl\u00e4ufen aber auch zu St\u00f6rungen des menschlichen Bewegungsapparats erhoben werden, kommt in verschiedenen Bereichen zum Einsatz: bei der Entwicklung neuer Medizinprodukte, beispielsweise Orthesen oder Schuhe, in der Rehabilitation oder f\u00fcr die klinische Entscheidungsfindung. Die Erhebung von Bewegungsdaten ist dabei meistens aufwendig und ressourcenintensiv. So m\u00fcssen passende Proband:innen rekrutiert, deren Bewegungen in speziellen Laboren mithilfe von High-End-Kameras und Markern erfasst und mit leistungsf\u00e4higen Computern aufbereitet und analysiert werden \u2013 eine Datenerhebung also, die mit viel Vor- und Nachbereitung verbunden ist und einiges an Ressourcen ben\u00f6tigt.<br><br>Deshalb w\u00e4re es eigentlich sinnvoll, wenn Daten aus einzelnen Projekten ver\u00f6ffentlicht w\u00fcrden und so wiederverwendet werden k\u00f6nnten. Bloss: Solche Open Research Data (ORD) sind in der Bewegungsanalyse rar ges\u00e4t. \u00abDer Anteil an \u00f6ffentlich zug\u00e4nglichen Daten aus Bewegungslaboren ist klein\u00bb, sagt Michelle Haas. Die Bewegungswissenschaftlerin geh\u00f6rt zum Team von \u00abMoveD \u2013 Open Research Data in Swiss Movement Laboratories\u00bb. Das von Swissuniversities finanzierte Projekt des ZHAW-Instituts f\u00fcr Physiotherapie m\u00f6chte die Bereitstellung von ORD aus der Bewegungsanalyse f\u00f6rdern. Daf\u00fcr haben die Wissenschaftler:innen in Zusammenarbeit mit Schweizer Bewegungslaboren Guidelines erarbeitet, mit der die Datenbereitstellung vereinfacht und unterst\u00fctzt werden soll.<\/p>\n\n\n\n<h2 class=\"wp-block-heading\" id=\"h-grosser-aufwand-kleiner-stellenwert\">Grosser Aufwand, kleiner Stellenwert<\/h2>\n\n\n\n<p>Eines der gr\u00f6ssten Hindernisse, das der Publikation von Bewegungsdaten im Weg steht: Der Prozess bindet Ressourcen. \u00abF\u00fcr ORD m\u00fcssen beispielsweise zus\u00e4tzliche Metadaten und Informationen zur Datenerhebung und zu den Proband:innen erfasst werden. Oder die erhobenen Daten m\u00fcssen in ein offenes Format umgewandelt und so strukturiert werden, dass sie mit anderen Softwares und Datenstrukturen kompatibel sind\u00bb, schildert Michelle Haas ein paar der Aufgaben. Viele Forschende scheuten diesen Zusatzaufwand. Das habe wohl auch mit dem geringen Stellenwert von Datenpublikationen zu tun, vermutet Haas. \u00abWir Forschende werden an unseren Publikationen gemessen \u2013 Datenpublikationen geh\u00f6ren im Moment aber noch nicht dazu.\u00bb<br><br>Werden Daten trotzdem ver\u00f6ffentlicht, gen\u00fcgen sie h\u00e4ufig nicht den internationalen FAIR-Prinzipien f\u00fcr ORD. \u00abSie werden beispielsweise als Anhang zu Publikationen ver\u00f6ffentlicht und sind deshalb schwer zu finden\u00bb, sagt Michelle Haas. Gem\u00e4ss FAIR sollen Daten auffindbar (findable), zug\u00e4nglich (accessible), interoperabel (interoperable) und wiederverwendbar (reusable) sein. Die MoveD-Guidelines zeigen auf, wie Daten so aufbereitet werden k\u00f6nnen, dass sie den FAIR-Prinzipen entsprechen. Die Guidelines decken dabei den gesamten Lebenszyklus der Daten ab \u2013 von der anf\u00e4nglichen Planung, \u00fcber die Erhebung, Verarbeitung und Analyse bis zur Ver\u00f6ffentlichung. Eine entsprechende Mustervorlage hilft ausserdem dabei, Metadaten mit einem geringeren Aufwand zu erfassen.<\/p>\n\n\n\n<h2 class=\"wp-block-heading\" id=\"h-bedenken-wegen-datenschutz\">Bedenken wegen Datenschutz<\/h2>\n\n\n\n<p>Die Richtlinien beleuchten auch ethische und rechtliche Aspekte. Bedenken h\u00e4tten die Bewegungslabore vor allem wegen des Datenschutzes, so Haas. \u00abBei der Bewegungsanalyse werden sensible pers\u00f6nliche Daten erhoben.\u00bb Deren Schutz kann mit einer Ver\u00f6ffentlichung geschw\u00e4cht werden. \u00abAuch bei vermeintlich anonymisierten Daten besteht ein gewisses Risiko, dass sie in Kombination mit weiteren Angaben R\u00fcckschl\u00fcsse zur Person zulassen, von der sie stammen.\u00bb Die Guidelines unterst\u00fctzen Bewegungswissenschaftler:innen dabei, Bewegungsdaten ausreichend zu anonymisieren oder zu verschl\u00fcsseln.<br><br>Derzeit werden die Richtlinien von mehreren Bewegungslaboren getestet und validiert \u2013 aber auch vom Projektteam selbst. \u00abDie Aufbereitung von Daten aus einem Projekt soll zeigen, ob die Guidelines ausreichend sind.\u00bb \/\/<br><br>von Tobias H\u00e4nni<\/p>\n\n\n\n<p><em><a href=\"https:\/\/www.zhaw.ch\/storage\/gesundheit\/ueber-uns\/medien-news\/vitamin-g\/vitaming-17-2024-doppelseiten-web.pdf#page=8\">Vitamin G, S. 14<\/a><\/em><\/p>\n\n\n\n<hr class=\"wp-block-separator has-alpha-channel-opacity\" \/>\n\n\n\n<h2 class=\"wp-block-heading\" id=\"h-weitere-informationen\">WEITERE INFORMATIONEN<\/h2>\n\n\n\n<ul class=\"wp-block-list\">\n<li><a href=\"https:\/\/impact.zhaw.ch\/de\/artikel\/bewegungsdaten-fuer-alle\">\u00abBewegungsdaten f\u00fcr alle\u00bb, Artikel im Impact 2\/2024<\/a><\/li>\n\n\n\n<li><a href=\"https:\/\/www.zhaw.ch\/de\/gesundheit\/forschung\/physiotherapie\/projekte\/moved-open-research-data-in-swiss-movement-laboratories\">Projekt \u00abMoveD: Open Research Data in Swiss Movement Laboratories\u00bb<\/a><\/li>\n\n\n\n<li><a href=\"https:\/\/www.zhaw.ch\/de\/gesundheit\/forschung\/physiotherapie\/bewegungsanalyse\">Bewegungsanalyse<\/a><\/li>\n<\/ul>\n\n\n\n<hr class=\"wp-block-separator has-alpha-channel-opacity\" \/>\n\n\n\n<h2 class=\"wp-block-heading\" id=\"h-magazin-vitamin-g-fur-health-professionals-mit-weitblick\"><strong>Magazin \u00abVitamin G \u2013 f\u00fcr Health Professionals mit Weitblick\u00bb<\/strong><\/h2>\n\n\n\n<ul class=\"wp-block-list\">\n<li><a href=\"https:\/\/www.zhaw.ch\/de\/gesundheit\/ueber-uns\/medien\/magazin-vitamin-g\/\">\u00abVitamin G\u00bb bestellen<\/a><\/li>\n\n\n\n<li><a href=\"https:\/\/www.zhaw.ch\/storage\/gesundheit\/ueber-uns\/medien-news\/vitamin-g\/vitaming-19-2025-ds-zhaw-gesundheit.pdf\">Aktuelles \u00abVitamin G\u00bb als PDF lesen<\/a><\/li>\n\n\n\n<li><a href=\"https:\/\/www.zhaw.ch\/de\/gesundheit\/ueber-uns\/medien\/magazin-vitamin-g\/#c16801\">Bisher erschienene Ausgaben<\/a><\/li>\n<\/ul>\n","protected":false},"excerpt":{"rendered":"<p>Sie misst den menschlichen Gang, die Aktivit\u00e4t von Muskeln oder die Kr\u00e4fte, die auf ein Gelenk wirken. Die Bewegungsanalyse, bei der Daten zu Abl\u00e4ufen aber auch zu St\u00f6rungen des menschlichen Bewegungsapparats erhoben werden, kommt in verschiedenen Bereichen zum Einsatz: bei der Entwicklung neuer Medizinprodukte, beispielsweise Orthesen oder Schuhe, in der Rehabilitation oder f\u00fcr die klinische [&hellip;]<\/p>\n","protected":false},"author":305,"featured_media":2971,"comment_status":"open","ping_status":"open","sticky":false,"template":"","format":"standard","meta":{"ngg_post_thumbnail":0,"footnotes":""},"categories":[1,6],"tags":[],"features":[],"class_list":["post-2966","post","type-post","status-publish","format-standard","has-post-thumbnail","hentry","category-allgemein","category-dossier"],"yoast_head":"<!-- This site is optimized with the Yoast SEO Premium plugin v27.2 (Yoast SEO v27.2) - https:\/\/yoast.com\/product\/yoast-seo-premium-wordpress\/ -->\n<title>Daten sind zum Teilen da - Vitamin G \u2013 f\u00fcr Health Professionals mit Weitblick<\/title>\n<meta name=\"robots\" content=\"index, follow, max-snippet:-1, max-image-preview:large, max-video-preview:-1\" \/>\n<link rel=\"canonical\" href=\"https:\/\/blog.zhaw.ch\/vitamin-g\/daten-sind-zum-teilen-da\/\" \/>\n<meta property=\"og:locale\" content=\"de_DE\" \/>\n<meta property=\"og:type\" content=\"article\" \/>\n<meta property=\"og:title\" content=\"Daten sind zum Teilen da\" \/>\n<meta property=\"og:description\" content=\"Sie misst den menschlichen Gang, die Aktivit\u00e4t von Muskeln oder die Kr\u00e4fte, die auf ein Gelenk wirken. Die Bewegungsanalyse, bei der Daten zu Abl\u00e4ufen aber auch zu St\u00f6rungen des menschlichen Bewegungsapparats erhoben werden, kommt in verschiedenen Bereichen zum Einsatz: bei der Entwicklung neuer Medizinprodukte, beispielsweise Orthesen oder Schuhe, in der Rehabilitation oder f\u00fcr die klinische [&hellip;]\" \/>\n<meta property=\"og:url\" content=\"https:\/\/blog.zhaw.ch\/vitamin-g\/daten-sind-zum-teilen-da\/\" \/>\n<meta property=\"og:site_name\" content=\"Vitamin G \u2013 f\u00fcr Health Professionals mit Weitblick\" \/>\n<meta property=\"article:published_time\" content=\"2025-01-28T10:38:28+00:00\" \/>\n<meta property=\"article:modified_time\" content=\"2025-03-24T11:16:44+00:00\" \/>\n<meta property=\"og:image\" content=\"http:\/\/blog.zhaw.ch\/vitamin-g\/files\/2025\/01\/2024-vitamin-g-17-daten-sind-zum-Teilen-da-1.jpg\" \/>\n\t<meta property=\"og:image:width\" content=\"2000\" \/>\n\t<meta property=\"og:image:height\" content=\"1000\" \/>\n\t<meta property=\"og:image:type\" content=\"image\/jpeg\" \/>\n<meta name=\"author\" content=\"Vitamin G\" \/>\n<meta name=\"twitter:card\" content=\"summary_large_image\" \/>\n<meta name=\"twitter:label1\" content=\"Verfasst von\" \/>\n\t<meta name=\"twitter:data1\" content=\"Vitamin G\" \/>\n\t<meta name=\"twitter:label2\" content=\"Gesch\u00e4tzte Lesezeit\" \/>\n\t<meta name=\"twitter:data2\" content=\"4\u00a0Minuten\" \/>\n<script type=\"application\/ld+json\" class=\"yoast-schema-graph\">{\"@context\":\"https:\/\/schema.org\",\"@graph\":[{\"@type\":\"Article\",\"@id\":\"https:\/\/blog.zhaw.ch\/vitamin-g\/daten-sind-zum-teilen-da\/#article\",\"isPartOf\":{\"@id\":\"https:\/\/blog.zhaw.ch\/vitamin-g\/daten-sind-zum-teilen-da\/\"},\"author\":{\"name\":\"Vitamin G\",\"@id\":\"https:\/\/blog.zhaw.ch\/vitamin-g\/#\/schema\/person\/d519fda9e57b30bd86cfa45d4da7fd0f\"},\"headline\":\"Daten sind zum Teilen da\",\"datePublished\":\"2025-01-28T10:38:28+00:00\",\"dateModified\":\"2025-03-24T11:16:44+00:00\",\"mainEntityOfPage\":{\"@id\":\"https:\/\/blog.zhaw.ch\/vitamin-g\/daten-sind-zum-teilen-da\/\"},\"wordCount\":577,\"commentCount\":0,\"image\":{\"@id\":\"https:\/\/blog.zhaw.ch\/vitamin-g\/daten-sind-zum-teilen-da\/#primaryimage\"},\"thumbnailUrl\":\"https:\/\/blog.zhaw.ch\/vitamin-g\/files\/2025\/01\/2024-vitamin-g-17-daten-sind-zum-Teilen-da-1.jpg\",\"articleSection\":{\"1\":\"Dossier\"},\"inLanguage\":\"de\",\"potentialAction\":[{\"@type\":\"CommentAction\",\"name\":\"Comment\",\"target\":[\"https:\/\/blog.zhaw.ch\/vitamin-g\/daten-sind-zum-teilen-da\/#respond\"]}]},{\"@type\":\"WebPage\",\"@id\":\"https:\/\/blog.zhaw.ch\/vitamin-g\/daten-sind-zum-teilen-da\/\",\"url\":\"https:\/\/blog.zhaw.ch\/vitamin-g\/daten-sind-zum-teilen-da\/\",\"name\":\"Daten sind zum Teilen da - Vitamin G \u2013 f\u00fcr Health Professionals mit Weitblick\",\"isPartOf\":{\"@id\":\"https:\/\/blog.zhaw.ch\/vitamin-g\/#website\"},\"primaryImageOfPage\":{\"@id\":\"https:\/\/blog.zhaw.ch\/vitamin-g\/daten-sind-zum-teilen-da\/#primaryimage\"},\"image\":{\"@id\":\"https:\/\/blog.zhaw.ch\/vitamin-g\/daten-sind-zum-teilen-da\/#primaryimage\"},\"thumbnailUrl\":\"https:\/\/blog.zhaw.ch\/vitamin-g\/files\/2025\/01\/2024-vitamin-g-17-daten-sind-zum-Teilen-da-1.jpg\",\"datePublished\":\"2025-01-28T10:38:28+00:00\",\"dateModified\":\"2025-03-24T11:16:44+00:00\",\"author\":{\"@id\":\"https:\/\/blog.zhaw.ch\/vitamin-g\/#\/schema\/person\/d519fda9e57b30bd86cfa45d4da7fd0f\"},\"breadcrumb\":{\"@id\":\"https:\/\/blog.zhaw.ch\/vitamin-g\/daten-sind-zum-teilen-da\/#breadcrumb\"},\"inLanguage\":\"de\",\"potentialAction\":[{\"@type\":\"ReadAction\",\"target\":[\"https:\/\/blog.zhaw.ch\/vitamin-g\/daten-sind-zum-teilen-da\/\"]}]},{\"@type\":\"ImageObject\",\"inLanguage\":\"de\",\"@id\":\"https:\/\/blog.zhaw.ch\/vitamin-g\/daten-sind-zum-teilen-da\/#primaryimage\",\"url\":\"https:\/\/blog.zhaw.ch\/vitamin-g\/files\/2025\/01\/2024-vitamin-g-17-daten-sind-zum-Teilen-da-1.jpg\",\"contentUrl\":\"https:\/\/blog.zhaw.ch\/vitamin-g\/files\/2025\/01\/2024-vitamin-g-17-daten-sind-zum-Teilen-da-1.jpg\",\"width\":2000,\"height\":1000},{\"@type\":\"BreadcrumbList\",\"@id\":\"https:\/\/blog.zhaw.ch\/vitamin-g\/daten-sind-zum-teilen-da\/#breadcrumb\",\"itemListElement\":[{\"@type\":\"ListItem\",\"position\":1,\"name\":\"Startseite\",\"item\":\"https:\/\/blog.zhaw.ch\/vitamin-g\/\"},{\"@type\":\"ListItem\",\"position\":2,\"name\":\"Daten sind zum Teilen da\"}]},{\"@type\":\"WebSite\",\"@id\":\"https:\/\/blog.zhaw.ch\/vitamin-g\/#website\",\"url\":\"https:\/\/blog.zhaw.ch\/vitamin-g\/\",\"name\":\"Vitamin G \u2013 f\u00fcr Health Professionals mit Weitblick\",\"description\":\"Ein Blog der ZHAW Z\u00fcrcher Hochschule f\u00fcr Angewandte Wissenschaften\",\"potentialAction\":[{\"@type\":\"SearchAction\",\"target\":{\"@type\":\"EntryPoint\",\"urlTemplate\":\"https:\/\/blog.zhaw.ch\/vitamin-g\/?s={search_term_string}\"},\"query-input\":{\"@type\":\"PropertyValueSpecification\",\"valueRequired\":true,\"valueName\":\"search_term_string\"}}],\"inLanguage\":\"de\"},{\"@type\":\"Person\",\"@id\":\"https:\/\/blog.zhaw.ch\/vitamin-g\/#\/schema\/person\/d519fda9e57b30bd86cfa45d4da7fd0f\",\"name\":\"Vitamin G\",\"image\":{\"@type\":\"ImageObject\",\"inLanguage\":\"de\",\"@id\":\"https:\/\/secure.gravatar.com\/avatar\/01ab4b47045ffae2574da15e435b7215f291428d71fa161fb42d7a80d82f2977?s=96&d=mm&r=g\",\"url\":\"https:\/\/secure.gravatar.com\/avatar\/01ab4b47045ffae2574da15e435b7215f291428d71fa161fb42d7a80d82f2977?s=96&d=mm&r=g\",\"contentUrl\":\"https:\/\/secure.gravatar.com\/avatar\/01ab4b47045ffae2574da15e435b7215f291428d71fa161fb42d7a80d82f2977?s=96&d=mm&r=g\",\"caption\":\"Vitamin G\"},\"url\":\"https:\/\/blog.zhaw.ch\/vitamin-g\/author\/lipu\/\"}]}<\/script>\n<!-- \/ Yoast SEO Premium plugin. -->","yoast_head_json":{"title":"Daten sind zum Teilen da - Vitamin G \u2013 f\u00fcr Health Professionals mit Weitblick","robots":{"index":"index","follow":"follow","max-snippet":"max-snippet:-1","max-image-preview":"max-image-preview:large","max-video-preview":"max-video-preview:-1"},"canonical":"https:\/\/blog.zhaw.ch\/vitamin-g\/daten-sind-zum-teilen-da\/","og_locale":"de_DE","og_type":"article","og_title":"Daten sind zum Teilen da","og_description":"Sie misst den menschlichen Gang, die Aktivit\u00e4t von Muskeln oder die Kr\u00e4fte, die auf ein Gelenk wirken. Die Bewegungsanalyse, bei der Daten zu Abl\u00e4ufen aber auch zu St\u00f6rungen des menschlichen Bewegungsapparats erhoben werden, kommt in verschiedenen Bereichen zum Einsatz: bei der Entwicklung neuer Medizinprodukte, beispielsweise Orthesen oder Schuhe, in der Rehabilitation oder f\u00fcr die klinische [&hellip;]","og_url":"https:\/\/blog.zhaw.ch\/vitamin-g\/daten-sind-zum-teilen-da\/","og_site_name":"Vitamin G \u2013 f\u00fcr Health Professionals mit Weitblick","article_published_time":"2025-01-28T10:38:28+00:00","article_modified_time":"2025-03-24T11:16:44+00:00","og_image":[{"width":2000,"height":1000,"url":"http:\/\/blog.zhaw.ch\/vitamin-g\/files\/2025\/01\/2024-vitamin-g-17-daten-sind-zum-Teilen-da-1.jpg","type":"image\/jpeg"}],"author":"Vitamin G","twitter_card":"summary_large_image","twitter_misc":{"Verfasst von":"Vitamin G","Gesch\u00e4tzte Lesezeit":"4\u00a0Minuten"},"schema":{"@context":"https:\/\/schema.org","@graph":[{"@type":"Article","@id":"https:\/\/blog.zhaw.ch\/vitamin-g\/daten-sind-zum-teilen-da\/#article","isPartOf":{"@id":"https:\/\/blog.zhaw.ch\/vitamin-g\/daten-sind-zum-teilen-da\/"},"author":{"name":"Vitamin G","@id":"https:\/\/blog.zhaw.ch\/vitamin-g\/#\/schema\/person\/d519fda9e57b30bd86cfa45d4da7fd0f"},"headline":"Daten sind zum Teilen da","datePublished":"2025-01-28T10:38:28+00:00","dateModified":"2025-03-24T11:16:44+00:00","mainEntityOfPage":{"@id":"https:\/\/blog.zhaw.ch\/vitamin-g\/daten-sind-zum-teilen-da\/"},"wordCount":577,"commentCount":0,"image":{"@id":"https:\/\/blog.zhaw.ch\/vitamin-g\/daten-sind-zum-teilen-da\/#primaryimage"},"thumbnailUrl":"https:\/\/blog.zhaw.ch\/vitamin-g\/files\/2025\/01\/2024-vitamin-g-17-daten-sind-zum-Teilen-da-1.jpg","articleSection":{"1":"Dossier"},"inLanguage":"de","potentialAction":[{"@type":"CommentAction","name":"Comment","target":["https:\/\/blog.zhaw.ch\/vitamin-g\/daten-sind-zum-teilen-da\/#respond"]}]},{"@type":"WebPage","@id":"https:\/\/blog.zhaw.ch\/vitamin-g\/daten-sind-zum-teilen-da\/","url":"https:\/\/blog.zhaw.ch\/vitamin-g\/daten-sind-zum-teilen-da\/","name":"Daten sind zum Teilen da - Vitamin G \u2013 f\u00fcr Health Professionals mit Weitblick","isPartOf":{"@id":"https:\/\/blog.zhaw.ch\/vitamin-g\/#website"},"primaryImageOfPage":{"@id":"https:\/\/blog.zhaw.ch\/vitamin-g\/daten-sind-zum-teilen-da\/#primaryimage"},"image":{"@id":"https:\/\/blog.zhaw.ch\/vitamin-g\/daten-sind-zum-teilen-da\/#primaryimage"},"thumbnailUrl":"https:\/\/blog.zhaw.ch\/vitamin-g\/files\/2025\/01\/2024-vitamin-g-17-daten-sind-zum-Teilen-da-1.jpg","datePublished":"2025-01-28T10:38:28+00:00","dateModified":"2025-03-24T11:16:44+00:00","author":{"@id":"https:\/\/blog.zhaw.ch\/vitamin-g\/#\/schema\/person\/d519fda9e57b30bd86cfa45d4da7fd0f"},"breadcrumb":{"@id":"https:\/\/blog.zhaw.ch\/vitamin-g\/daten-sind-zum-teilen-da\/#breadcrumb"},"inLanguage":"de","potentialAction":[{"@type":"ReadAction","target":["https:\/\/blog.zhaw.ch\/vitamin-g\/daten-sind-zum-teilen-da\/"]}]},{"@type":"ImageObject","inLanguage":"de","@id":"https:\/\/blog.zhaw.ch\/vitamin-g\/daten-sind-zum-teilen-da\/#primaryimage","url":"https:\/\/blog.zhaw.ch\/vitamin-g\/files\/2025\/01\/2024-vitamin-g-17-daten-sind-zum-Teilen-da-1.jpg","contentUrl":"https:\/\/blog.zhaw.ch\/vitamin-g\/files\/2025\/01\/2024-vitamin-g-17-daten-sind-zum-Teilen-da-1.jpg","width":2000,"height":1000},{"@type":"BreadcrumbList","@id":"https:\/\/blog.zhaw.ch\/vitamin-g\/daten-sind-zum-teilen-da\/#breadcrumb","itemListElement":[{"@type":"ListItem","position":1,"name":"Startseite","item":"https:\/\/blog.zhaw.ch\/vitamin-g\/"},{"@type":"ListItem","position":2,"name":"Daten sind zum Teilen da"}]},{"@type":"WebSite","@id":"https:\/\/blog.zhaw.ch\/vitamin-g\/#website","url":"https:\/\/blog.zhaw.ch\/vitamin-g\/","name":"Vitamin G \u2013 f\u00fcr Health Professionals mit Weitblick","description":"Ein Blog der ZHAW Z\u00fcrcher Hochschule f\u00fcr Angewandte Wissenschaften","potentialAction":[{"@type":"SearchAction","target":{"@type":"EntryPoint","urlTemplate":"https:\/\/blog.zhaw.ch\/vitamin-g\/?s={search_term_string}"},"query-input":{"@type":"PropertyValueSpecification","valueRequired":true,"valueName":"search_term_string"}}],"inLanguage":"de"},{"@type":"Person","@id":"https:\/\/blog.zhaw.ch\/vitamin-g\/#\/schema\/person\/d519fda9e57b30bd86cfa45d4da7fd0f","name":"Vitamin G","image":{"@type":"ImageObject","inLanguage":"de","@id":"https:\/\/secure.gravatar.com\/avatar\/01ab4b47045ffae2574da15e435b7215f291428d71fa161fb42d7a80d82f2977?s=96&d=mm&r=g","url":"https:\/\/secure.gravatar.com\/avatar\/01ab4b47045ffae2574da15e435b7215f291428d71fa161fb42d7a80d82f2977?s=96&d=mm&r=g","contentUrl":"https:\/\/secure.gravatar.com\/avatar\/01ab4b47045ffae2574da15e435b7215f291428d71fa161fb42d7a80d82f2977?s=96&d=mm&r=g","caption":"Vitamin G"},"url":"https:\/\/blog.zhaw.ch\/vitamin-g\/author\/lipu\/"}]}},"_links":{"self":[{"href":"https:\/\/blog.zhaw.ch\/vitamin-g\/wp-json\/wp\/v2\/posts\/2966","targetHints":{"allow":["GET"]}}],"collection":[{"href":"https:\/\/blog.zhaw.ch\/vitamin-g\/wp-json\/wp\/v2\/posts"}],"about":[{"href":"https:\/\/blog.zhaw.ch\/vitamin-g\/wp-json\/wp\/v2\/types\/post"}],"author":[{"embeddable":true,"href":"https:\/\/blog.zhaw.ch\/vitamin-g\/wp-json\/wp\/v2\/users\/305"}],"replies":[{"embeddable":true,"href":"https:\/\/blog.zhaw.ch\/vitamin-g\/wp-json\/wp\/v2\/comments?post=2966"}],"version-history":[{"count":8,"href":"https:\/\/blog.zhaw.ch\/vitamin-g\/wp-json\/wp\/v2\/posts\/2966\/revisions"}],"predecessor-version":[{"id":3025,"href":"https:\/\/blog.zhaw.ch\/vitamin-g\/wp-json\/wp\/v2\/posts\/2966\/revisions\/3025"}],"wp:featuredmedia":[{"embeddable":true,"href":"https:\/\/blog.zhaw.ch\/vitamin-g\/wp-json\/wp\/v2\/media\/2971"}],"wp:attachment":[{"href":"https:\/\/blog.zhaw.ch\/vitamin-g\/wp-json\/wp\/v2\/media?parent=2966"}],"wp:term":[{"taxonomy":"category","embeddable":true,"href":"https:\/\/blog.zhaw.ch\/vitamin-g\/wp-json\/wp\/v2\/categories?post=2966"},{"taxonomy":"post_tag","embeddable":true,"href":"https:\/\/blog.zhaw.ch\/vitamin-g\/wp-json\/wp\/v2\/tags?post=2966"},{"taxonomy":"features","embeddable":true,"href":"https:\/\/blog.zhaw.ch\/vitamin-g\/wp-json\/wp\/v2\/features?post=2966"}],"curies":[{"name":"wp","href":"https:\/\/api.w.org\/{rel}","templated":true}]}}