{"id":2917,"date":"2024-08-07T16:48:34","date_gmt":"2024-08-07T14:48:34","guid":{"rendered":"https:\/\/blog.zhaw.ch\/vitamin-g\/?p=2917"},"modified":"2024-08-07T16:48:35","modified_gmt":"2024-08-07T14:48:35","slug":"traumatisierte-menschen-behandeln","status":"publish","type":"post","link":"https:\/\/blog.zhaw.ch\/vitamin-g\/traumatisierte-menschen-behandeln\/","title":{"rendered":"Traumatisierte Menschen behandeln"},"content":{"rendered":"\n<p><strong>Pl\u00f6tzliche Angstzust\u00e4nde in der Therapie oder schwieriges Verhalten in der Schule: Gefl\u00fcchtete Menschen leiden oft unter schmerzhaften Erlebnissen. Drei Gesundheitsfachfrauen erz\u00e4hlen von ihren Erfahrungen  nd erl\u00e4utern, was es bei einem Verdacht auf eine Traumatisierung zu beachten gilt.<\/strong><\/p>\n\n\n\n<!--more-->\n\n\n\n<p>von Andrea S\u00f6ldi<\/p>\n\n\n\n<p>Beim ersten Termin wollte der Patient sein Hemd nicht ausziehen. Brigitte Fiechter untersuchte seinen R\u00fccken deshalb durch das Kleidungsst\u00fcck hindurch. Erst nach einigen weiteren Behandlungen war er schliesslich bereit, seinen Oberk\u00f6rper frei zu machen. Trotz genauer Aufkl\u00e4rung sei der Mann pl\u00f6tzlich ganz steif und blass geworden, habe geschwitzt und rasend schnell geatmet, erinnert sich die Physiotherapeutin. Sp\u00e4ter habe er ihr von seinem Gef\u00e4ngnisaufenthalt in einem Kurdengebiet erz\u00e4hlt. Beim Hofgang h\u00e4tten die W\u00e4rter die Gefangenen manchmal ohne Vorwarnung von hinten auf den R\u00fccken geschlagen. In der Physiotherapie habe er wohl ein Flashback erlebt, glaubt Fiechter.<br><br>Die Episode ist eines von vielen Beispielen, die die ZHAW-Dozentin Studierenden in der interprofessionellen Themenwoche \u00abKrisen &amp; Coping\u00bb schildert, die im 5. Semester stattfindet. Dabei bereiten sich angehende Physiotherapeuten, Ergotherapeutinnen, Pflegefachpersonen und Hebammen darauf vor, Traumatisierungen von gefl\u00fcchteten und anderen Menschen fr\u00fchzeitig zu erkennen, aber in ihrer Rolle auch die Grenzen wahrzunehmen. \u00abEine rasche Identifizierung und Behandlung von Traumata  hilft, Chronifizierungen und Folgeerkrankungen zu vermeiden\u00bb, erkl\u00e4rt Fiechter. Internationale Studien legen nahe, dass bis zur H\u00e4lfte der gefl\u00fcchteten Menschen durch Folter- und Kriegserfahrungen traumatisiert sind.<br><br>Brigitte Fiechter kann auf einen breiten Erfahrungsschatz zur\u00fcckgreifen. Als Physiotherapeutin hat sie diverse Eins\u00e4tze beim Internationalen Roten Kreuz geleistet, unter anderem in Ruanda, Nepal und Nordindien. Zum Beispiel hat sie Kinder mit amputierten Beinen oder Armen therapiert. Vor 20 Jahren war  sie am Aufbau des Ambulatoriums f\u00fcr Folter- und Kriegsopfer am Universit\u00e4tsspital Z\u00fcrich beteiligt.  Zusammen mit zwei Bewegungstherapeutinnen schrieb sie ein Kapitel f\u00fcr das interdisziplin\u00e4re Standardwerk \u00abTrauma \u2013 Flucht \u2013 Asyl\u00bb. Und auch aus ihrer langj\u00e4hrigen Praxist\u00e4tigkeit kann die 64-j\u00e4hrige zahlreiche Begebenheiten weitergeben.<\/p>\n\n\n\n<h2 class=\"wp-block-heading\" id=\"h-fremd-im-eigenen-korper\">Fremd im eigenen K\u00f6rper<\/h2>\n\n\n\n<p>Bei traumatisierten Fl\u00fcchtlingen sind Schmerzen allgegenw\u00e4rtig und h\u00e4ufig Anlass f\u00fcr eine \u00e4rztliche Konsultation oder eine physiotherapeutische Behandlung. Gleichzeitig sind viele nicht vertraut mit unseren westlichen Vorstellungen vom Zusammenhang zwischen K\u00f6rper und Psyche. Sie gehen mit der Erwartung in die Therapie, das Problem mittels somatischer Behandlungsans\u00e4tze l\u00f6sen zu k\u00f6nnen. Die Stigmatisierung psychischer Erkrankungen verst\u00e4rkt diese Sichtweise. Der Zugang \u00fcber den K\u00f6rper bietet  aber auch eine Chance, die Betroffenen bei den Beschwerden abzuholen, die f\u00fcr sie im Vordergrund stehen.<br><br>Dabei gilt es jedoch zu beachten, dass sich traumatisierte Menschen meist fremd f\u00fchlen in ihrem K\u00f6rper und kaum mehr einen positiven Bezug zu ihm haben. Denn er wurde besch\u00e4mt und gedem\u00fctigt. Bei manchen haben Folter und Misshandlungen bleibende Sch\u00e4den hinterlassen \u2013 etwa eine \u00dcberdehnung  der Faszien und Schultergelenke durch Aufh\u00e4ngen an den Armen oder Verbrennungen durch Zigaretten  oder Strom.<br><br>Entdecken Gesundheitsfachpersonen entsprechende Hinweise, sollten sie sehr behutsam danach fragen. Einige Patient:innen wollen nicht dar\u00fcber sprechen, w\u00e4hrend andere m\u00f6glicherweise ausf\u00fchrlich zu erz\u00e4hlen beginnen. Bei grosser Not oder Verdacht auf Suizidalit\u00e4t sei eine R\u00fccksprache mit dem Arzt oder der \u00c4rztin erforderlich, so Brigitte Fiechter. Den Patienten, der in der Physiotherapie ein Flashback erlebte, hat sie damals wieder zur\u00fcck in die Gegenwart holen k\u00f6nnen. \u00abOft hilft es, den Namen auszusprechen,  das Fenster zu \u00f6ffnen und Betroffene aufzufordern, den Boden unter den F\u00fcssen zu sp\u00fcren und gut durchzuatmen\u00bb, erkl\u00e4rt die Therapeutin. In einem Nachgespr\u00e4ch k\u00f6nne man dem Ausl\u00f6ser nachgehen.<\/p>\n\n\n\n<h2 class=\"wp-block-heading\" id=\"h-mit-einfachen-mitteln-helfen\">Mit einfachen Mitteln helfen<\/h2>\n\n\n\n<p>Viel Erfahrung mit gefl\u00fcchteten Menschen hat auch Mirja Brunner. Die Psychiatriepflegefachfrau arbeitet im Medbase Gesundheitszentrum in Winterthur, das einen Versorgungsauftrag f\u00fcr das Bundesasylzentrum in Embrach hat. Viele Asylsuchende h\u00e4tten auf der Flucht Polizeigewalt und sexuelle \u00dcbergriffe erlebt oder seien ohne Essen festgehalten worden, weiss Brunner. Die beengten Verh\u00e4ltnisse im Asylheim, die fehlende Privatsph\u00e4re und die Angst, zur\u00fcckgeschickt zu werden, seien sehr belastend.<\/p>\n\n\n\n<p>\u00abIch sehe meine Rolle in der Stabilisierung ihrer aktuellen Situation\u00bb, erkl\u00e4rt Brunner. In Zusammenarbeit mit Dolmetscher:innen bespricht sie mit den Asylsuchenden, wie sie ihren Alltag bew\u00e4ltigen k\u00f6nnen. Zum Beispiel r\u00e4t sie ihnen, sich regelm\u00e4ssig zu bewegen und zeigt ihnen Beruhigungsstrategien wie Atem\u00fcbungen. Weist eine Person selbstverletzende Tendenzen auf, wie etwa den Kopf gegen die Wand schlagen, vermittelt die Psychiatriepflegefachfrau Skills und \u00dcbungen. Etwa, sich mit einem Gummiband zu zwicken, um sich besser zu sp\u00fcren, aber nicht zu verletzen.<br><br>Vor ihrer Anstellung im Gesundheitszentrum hat Brunner in einem Gef\u00e4ngnis gearbeitet, wo ebenfalls viele Insassen einen Migrationshintergrund haben. \u00abTrotz eingeschr\u00e4nkter M\u00f6glichkeiten will ich einen Beitrag leisten, dass sich diese Menschen etwas wohler f\u00fchlen\u00bb, sagt Brunner, die zurzeit an der Fachhochschule Bern einen Master als Psychiatric Mental Health Nurse Practitioner erwirbt. \u00abF\u00fcr Gefl\u00fcchtete ist es viel wert, wenn ihnen eine neutrale Person zuh\u00f6rt, die keinen Einfluss auf das Asylverfahren hat.\u00bb<\/p>\n\n\n\n<h2 class=\"wp-block-heading\" id=\"h-ergotherapie-fur-gefluchtete-schulkinder\">Ergotherapie f\u00fcr gefl\u00fcchtete Schulkinder<\/h2>\n\n\n\n<p>Auch Kim Roos engagiert sich seit vielen Jahren f\u00fcr Jugendliche mit Fluchterfahrungen. Die Ergotherapie-Dozentin hat 2019 zusammen mit anderen Ergotherapeutinnen der ZHAW an einer Schule mit Fl\u00fcchtlingskindern gearbeitet. Das Ziel war, die Partizipation im Unterricht sowie die Lebensqualit\u00e4t zu verbessern. \u00abViele dieser M\u00e4dchen und Jungen wirken traumatisiert\u00bb, sagt Roos. H\u00e4ufig seien zum Beispiel das Vertrauen in die Mitmenschen und die Konzentrationsf\u00e4higkeit reduziert. Zudem ben\u00f6tige die Angew\u00f6hnung an die neue Kultur viel Energie. \u00abDer ergotherapeutische Ansatz st\u00e4rkt das Selbstwertgef\u00fchl \u00fcber das eigenst\u00e4ndige Handeln.\u00bb<br><br>Bei den Gruppeninterventionen entschieden die Kinder selbst, welche Aktivit\u00e4ten sie in Angriff nehmen wollten und planten diese von A bis Z selbst. Als sie zum Beispiel einen eigenen Slime herstellten, suchten sie zuerst nach einer Anleitung und beschafften sich danach das n\u00f6tige Material. Nach einigen Anl\u00e4ufen entstand ein brauchbares Spielzeug, was die Kinder mit Stolz erf\u00fcllte.<br><br>Im Anschluss an dieses Pilotprojekt unter der Leitung von Prof. Brigitte Gantschnig schreibt Kim Roos nun eine Dissertation \u00fcber das Thema. Daf\u00fcr hat sie Lehrpersonen an verschiedenen Schulen zu ihren Erfahrungen mit gefl\u00fcchteten Kindern befragt und mit Familien in Kollektivunterk\u00fcnften gesprochen. So will sie ein evidenzbasiertes Behandlungskonzept f\u00fcr Schweizer Schulen entwickeln, das anschliessend in der Praxis evaluiert werden soll. \u00abDie Traumatisierungen sowie die schwierigen Lebensumst\u00e4nde in der Schweiz werden in der Schule zu wenig beachtet\u00bb, findet Roos. \u00abWie kann ein Kind stillsitzen, aufmerksam und freundlich sein, wenn es in einer beengten Asylunterkunft wohnt, die Sorgen der Familie sp\u00fcrt und nicht weiss, ob es in der Schweiz bleiben darf?\u00bb, fragt sie rhetorisch.<\/p>\n\n\n\n<h2 class=\"wp-block-heading\" id=\"h-schlechte-noten-frustrieren\">Schlechte Noten frustrieren<\/h2>\n\n\n\n<p>Unter welchem Druck Kinder mit Fluchterfahrungen stehen, hat Roos bei ihrem afghanischen Pflegesohn Ali Shah Isai hautnah erlebt. \u00abTrotz grosser Anstrengungen hatte er immer wieder schlechte Noten\u00bb, erz\u00e4hlt die 49-J\u00e4hrige. \u00abDies nagte an seiner W\u00fcrde und gab ihm das Gef\u00fchl, es sowieso nie zu schaffen.\u00bb Kleine Aufmerksamkeiten wie etwa eine Erg\u00e4nzung im Zeugnis, dass er fliessend Persisch sprechen und schreiben kann, h\u00e4tten viel geholfen, um die Scham und den Stress zu reduzieren, glaubt die Pflegemutter. \u00abWir haben ihn getr\u00f6stet und motiviert, damit er nicht aufgibt.\u00bb<br><br>Die Familie Roos hatte sich urspr\u00fcnglich als Patenfamilie f\u00fcr unbegleitete minderj\u00e4hrige Asylsuchende zur Verf\u00fcgung gestellt. Daraus entstand die Idee, den ihnen zugeteilten Jungen ganz bei sich aufzunehmen. Der damals 13-J\u00e4hrige sei zuerst nicht vollends begeistert gewesen, erz\u00e4hlt Roos, habe sich dann aber darauf eingelassen. Ihr gleichaltriger Sohn und die etwas j\u00fcngere Tochter begr\u00fcssten den Familienzuwachs trotz gelegentlicher Reibereien. \u00abDie Erfahrung hat uns allen bewusst gemacht, wie privilegiert wir sind\u00bb, blickt Kim Roos zur\u00fcck. Sie bewundere ihren Pflegesohn daf\u00fcr, dass er trotz zahlreicher H\u00fcrden einen Schulabschluss und eine Berufslehre als Dentalassistent geschafft hat. F\u00fcr sie ist klar: \u00abEine gute Unterst\u00fctzung erleichtert die Integration.\u00bb \/\/<\/p>\n\n\n\n<p><em><a href=\"https:\/\/www.zhaw.ch\/storage\/gesundheit\/ueber-uns\/medien-news\/vitamin-g\/vitaming-16-2024-doppel-web.pdf#page=11\">Vitamin G, S. 20-22<\/a><\/em><\/p>\n\n\n\n<hr class=\"wp-block-separator has-alpha-channel-opacity\" \/>\n\n\n\n<h2 class=\"wp-block-heading\" id=\"h-magazin-vitamin-g-fur-health-professionals-mit-weitblick\"><strong>Magazin \u00abVitamin G \u2013 f\u00fcr Health Professionals mit Weitblick\u00bb<\/strong><\/h2>\n\n\n\n<ul class=\"wp-block-list\">\n<li><a href=\"https:\/\/www.zhaw.ch\/de\/gesundheit\/ueber-uns\/medien\/magazin-vitamin-g\/\">\u00abVitamin G\u00bb bestellen<\/a><\/li>\n\n\n\n<li><a href=\"https:\/\/www.zhaw.ch\/storage\/gesundheit\/ueber-uns\/medien-news\/vitamin-g\/vitaming-19-2025-ds-zhaw-gesundheit.pdf\">Aktuelles \u00abVitamin G\u00bb als PDF lesen<\/a><\/li>\n\n\n\n<li><a href=\"https:\/\/www.zhaw.ch\/de\/gesundheit\/ueber-uns\/medien\/magazin-vitamin-g\/#c16801\">Bisher erschienene Ausgaben<\/a><\/li>\n<\/ul>\n","protected":false},"excerpt":{"rendered":"<p>Pl\u00f6tzliche Angstzust\u00e4nde in der Therapie oder schwieriges Verhalten in der Schule: Gefl\u00fcchtete Menschen leiden oft unter schmerzhaften Erlebnissen. Drei Gesundheitsfachfrauen erz\u00e4hlen von ihren Erfahrungen nd erl\u00e4utern, was es bei einem Verdacht auf eine Traumatisierung zu beachten gilt.<\/p>\n","protected":false},"author":305,"featured_media":2920,"comment_status":"open","ping_status":"open","sticky":false,"template":"","format":"standard","meta":{"ngg_post_thumbnail":0,"footnotes":""},"categories":[1,6],"tags":[],"features":[],"class_list":["post-2917","post","type-post","status-publish","format-standard","has-post-thumbnail","hentry","category-allgemein","category-dossier"],"yoast_head":"<!-- This site is optimized with the Yoast SEO Premium plugin v27.2 (Yoast SEO v27.2) - https:\/\/yoast.com\/product\/yoast-seo-premium-wordpress\/ -->\n<title>Traumatisierte Menschen behandeln - Vitamin G \u2013 f\u00fcr Health Professionals mit Weitblick<\/title>\n<meta name=\"robots\" content=\"index, follow, max-snippet:-1, max-image-preview:large, max-video-preview:-1\" \/>\n<link rel=\"canonical\" href=\"https:\/\/blog.zhaw.ch\/vitamin-g\/traumatisierte-menschen-behandeln\/\" \/>\n<meta property=\"og:locale\" content=\"de_DE\" \/>\n<meta property=\"og:type\" content=\"article\" \/>\n<meta property=\"og:title\" content=\"Traumatisierte Menschen behandeln\" \/>\n<meta property=\"og:description\" content=\"Pl\u00f6tzliche Angstzust\u00e4nde in der Therapie oder schwieriges Verhalten in der Schule: Gefl\u00fcchtete Menschen leiden oft unter schmerzhaften Erlebnissen. Drei Gesundheitsfachfrauen erz\u00e4hlen von ihren Erfahrungen nd erl\u00e4utern, was es bei einem Verdacht auf eine Traumatisierung zu beachten gilt.\" \/>\n<meta property=\"og:url\" content=\"https:\/\/blog.zhaw.ch\/vitamin-g\/traumatisierte-menschen-behandeln\/\" \/>\n<meta property=\"og:site_name\" content=\"Vitamin G \u2013 f\u00fcr Health Professionals mit Weitblick\" \/>\n<meta property=\"article:published_time\" content=\"2024-08-07T14:48:34+00:00\" \/>\n<meta property=\"article:modified_time\" content=\"2024-08-07T14:48:35+00:00\" \/>\n<meta property=\"og:image\" content=\"http:\/\/blog.zhaw.ch\/vitamin-g\/files\/2024\/08\/Vitamin-G-Mai-24-Traumatisierte-Menschen-behandelnjpg.jpg\" \/>\n\t<meta property=\"og:image:width\" content=\"2000\" \/>\n\t<meta property=\"og:image:height\" content=\"1000\" \/>\n\t<meta property=\"og:image:type\" content=\"image\/jpeg\" \/>\n<meta name=\"author\" content=\"Vitamin G\" \/>\n<meta name=\"twitter:card\" content=\"summary_large_image\" \/>\n<meta name=\"twitter:label1\" content=\"Verfasst von\" \/>\n\t<meta name=\"twitter:data1\" content=\"Vitamin G\" \/>\n\t<meta name=\"twitter:label2\" content=\"Gesch\u00e4tzte Lesezeit\" \/>\n\t<meta name=\"twitter:data2\" content=\"7\u00a0Minuten\" \/>\n<script type=\"application\/ld+json\" class=\"yoast-schema-graph\">{\"@context\":\"https:\/\/schema.org\",\"@graph\":[{\"@type\":\"Article\",\"@id\":\"https:\/\/blog.zhaw.ch\/vitamin-g\/traumatisierte-menschen-behandeln\/#article\",\"isPartOf\":{\"@id\":\"https:\/\/blog.zhaw.ch\/vitamin-g\/traumatisierte-menschen-behandeln\/\"},\"author\":{\"name\":\"Vitamin G\",\"@id\":\"https:\/\/blog.zhaw.ch\/vitamin-g\/#\/schema\/person\/d519fda9e57b30bd86cfa45d4da7fd0f\"},\"headline\":\"Traumatisierte Menschen behandeln\",\"datePublished\":\"2024-08-07T14:48:34+00:00\",\"dateModified\":\"2024-08-07T14:48:35+00:00\",\"mainEntityOfPage\":{\"@id\":\"https:\/\/blog.zhaw.ch\/vitamin-g\/traumatisierte-menschen-behandeln\/\"},\"wordCount\":1324,\"commentCount\":0,\"image\":{\"@id\":\"https:\/\/blog.zhaw.ch\/vitamin-g\/traumatisierte-menschen-behandeln\/#primaryimage\"},\"thumbnailUrl\":\"https:\/\/blog.zhaw.ch\/vitamin-g\/files\/2024\/08\/Vitamin-G-Mai-24-Traumatisierte-Menschen-behandelnjpg.jpg\",\"articleSection\":{\"1\":\"Dossier\"},\"inLanguage\":\"de\",\"potentialAction\":[{\"@type\":\"CommentAction\",\"name\":\"Comment\",\"target\":[\"https:\/\/blog.zhaw.ch\/vitamin-g\/traumatisierte-menschen-behandeln\/#respond\"]}]},{\"@type\":\"WebPage\",\"@id\":\"https:\/\/blog.zhaw.ch\/vitamin-g\/traumatisierte-menschen-behandeln\/\",\"url\":\"https:\/\/blog.zhaw.ch\/vitamin-g\/traumatisierte-menschen-behandeln\/\",\"name\":\"Traumatisierte Menschen behandeln - Vitamin G \u2013 f\u00fcr Health Professionals mit Weitblick\",\"isPartOf\":{\"@id\":\"https:\/\/blog.zhaw.ch\/vitamin-g\/#website\"},\"primaryImageOfPage\":{\"@id\":\"https:\/\/blog.zhaw.ch\/vitamin-g\/traumatisierte-menschen-behandeln\/#primaryimage\"},\"image\":{\"@id\":\"https:\/\/blog.zhaw.ch\/vitamin-g\/traumatisierte-menschen-behandeln\/#primaryimage\"},\"thumbnailUrl\":\"https:\/\/blog.zhaw.ch\/vitamin-g\/files\/2024\/08\/Vitamin-G-Mai-24-Traumatisierte-Menschen-behandelnjpg.jpg\",\"datePublished\":\"2024-08-07T14:48:34+00:00\",\"dateModified\":\"2024-08-07T14:48:35+00:00\",\"author\":{\"@id\":\"https:\/\/blog.zhaw.ch\/vitamin-g\/#\/schema\/person\/d519fda9e57b30bd86cfa45d4da7fd0f\"},\"breadcrumb\":{\"@id\":\"https:\/\/blog.zhaw.ch\/vitamin-g\/traumatisierte-menschen-behandeln\/#breadcrumb\"},\"inLanguage\":\"de\",\"potentialAction\":[{\"@type\":\"ReadAction\",\"target\":[\"https:\/\/blog.zhaw.ch\/vitamin-g\/traumatisierte-menschen-behandeln\/\"]}]},{\"@type\":\"ImageObject\",\"inLanguage\":\"de\",\"@id\":\"https:\/\/blog.zhaw.ch\/vitamin-g\/traumatisierte-menschen-behandeln\/#primaryimage\",\"url\":\"https:\/\/blog.zhaw.ch\/vitamin-g\/files\/2024\/08\/Vitamin-G-Mai-24-Traumatisierte-Menschen-behandelnjpg.jpg\",\"contentUrl\":\"https:\/\/blog.zhaw.ch\/vitamin-g\/files\/2024\/08\/Vitamin-G-Mai-24-Traumatisierte-Menschen-behandelnjpg.jpg\",\"width\":2000,\"height\":1000},{\"@type\":\"BreadcrumbList\",\"@id\":\"https:\/\/blog.zhaw.ch\/vitamin-g\/traumatisierte-menschen-behandeln\/#breadcrumb\",\"itemListElement\":[{\"@type\":\"ListItem\",\"position\":1,\"name\":\"Startseite\",\"item\":\"https:\/\/blog.zhaw.ch\/vitamin-g\/\"},{\"@type\":\"ListItem\",\"position\":2,\"name\":\"Traumatisierte Menschen behandeln\"}]},{\"@type\":\"WebSite\",\"@id\":\"https:\/\/blog.zhaw.ch\/vitamin-g\/#website\",\"url\":\"https:\/\/blog.zhaw.ch\/vitamin-g\/\",\"name\":\"Vitamin G \u2013 f\u00fcr Health Professionals mit Weitblick\",\"description\":\"Ein Blog der ZHAW Z\u00fcrcher Hochschule f\u00fcr Angewandte Wissenschaften\",\"potentialAction\":[{\"@type\":\"SearchAction\",\"target\":{\"@type\":\"EntryPoint\",\"urlTemplate\":\"https:\/\/blog.zhaw.ch\/vitamin-g\/?s={search_term_string}\"},\"query-input\":{\"@type\":\"PropertyValueSpecification\",\"valueRequired\":true,\"valueName\":\"search_term_string\"}}],\"inLanguage\":\"de\"},{\"@type\":\"Person\",\"@id\":\"https:\/\/blog.zhaw.ch\/vitamin-g\/#\/schema\/person\/d519fda9e57b30bd86cfa45d4da7fd0f\",\"name\":\"Vitamin G\",\"image\":{\"@type\":\"ImageObject\",\"inLanguage\":\"de\",\"@id\":\"https:\/\/secure.gravatar.com\/avatar\/01ab4b47045ffae2574da15e435b7215f291428d71fa161fb42d7a80d82f2977?s=96&d=mm&r=g\",\"url\":\"https:\/\/secure.gravatar.com\/avatar\/01ab4b47045ffae2574da15e435b7215f291428d71fa161fb42d7a80d82f2977?s=96&d=mm&r=g\",\"contentUrl\":\"https:\/\/secure.gravatar.com\/avatar\/01ab4b47045ffae2574da15e435b7215f291428d71fa161fb42d7a80d82f2977?s=96&d=mm&r=g\",\"caption\":\"Vitamin G\"},\"url\":\"https:\/\/blog.zhaw.ch\/vitamin-g\/author\/lipu\/\"}]}<\/script>\n<!-- \/ Yoast SEO Premium plugin. -->","yoast_head_json":{"title":"Traumatisierte Menschen behandeln - Vitamin G \u2013 f\u00fcr Health Professionals mit Weitblick","robots":{"index":"index","follow":"follow","max-snippet":"max-snippet:-1","max-image-preview":"max-image-preview:large","max-video-preview":"max-video-preview:-1"},"canonical":"https:\/\/blog.zhaw.ch\/vitamin-g\/traumatisierte-menschen-behandeln\/","og_locale":"de_DE","og_type":"article","og_title":"Traumatisierte Menschen behandeln","og_description":"Pl\u00f6tzliche Angstzust\u00e4nde in der Therapie oder schwieriges Verhalten in der Schule: Gefl\u00fcchtete Menschen leiden oft unter schmerzhaften Erlebnissen. Drei Gesundheitsfachfrauen erz\u00e4hlen von ihren Erfahrungen nd erl\u00e4utern, was es bei einem Verdacht auf eine Traumatisierung zu beachten gilt.","og_url":"https:\/\/blog.zhaw.ch\/vitamin-g\/traumatisierte-menschen-behandeln\/","og_site_name":"Vitamin G \u2013 f\u00fcr Health Professionals mit Weitblick","article_published_time":"2024-08-07T14:48:34+00:00","article_modified_time":"2024-08-07T14:48:35+00:00","og_image":[{"width":2000,"height":1000,"url":"http:\/\/blog.zhaw.ch\/vitamin-g\/files\/2024\/08\/Vitamin-G-Mai-24-Traumatisierte-Menschen-behandelnjpg.jpg","type":"image\/jpeg"}],"author":"Vitamin G","twitter_card":"summary_large_image","twitter_misc":{"Verfasst von":"Vitamin G","Gesch\u00e4tzte Lesezeit":"7\u00a0Minuten"},"schema":{"@context":"https:\/\/schema.org","@graph":[{"@type":"Article","@id":"https:\/\/blog.zhaw.ch\/vitamin-g\/traumatisierte-menschen-behandeln\/#article","isPartOf":{"@id":"https:\/\/blog.zhaw.ch\/vitamin-g\/traumatisierte-menschen-behandeln\/"},"author":{"name":"Vitamin G","@id":"https:\/\/blog.zhaw.ch\/vitamin-g\/#\/schema\/person\/d519fda9e57b30bd86cfa45d4da7fd0f"},"headline":"Traumatisierte Menschen behandeln","datePublished":"2024-08-07T14:48:34+00:00","dateModified":"2024-08-07T14:48:35+00:00","mainEntityOfPage":{"@id":"https:\/\/blog.zhaw.ch\/vitamin-g\/traumatisierte-menschen-behandeln\/"},"wordCount":1324,"commentCount":0,"image":{"@id":"https:\/\/blog.zhaw.ch\/vitamin-g\/traumatisierte-menschen-behandeln\/#primaryimage"},"thumbnailUrl":"https:\/\/blog.zhaw.ch\/vitamin-g\/files\/2024\/08\/Vitamin-G-Mai-24-Traumatisierte-Menschen-behandelnjpg.jpg","articleSection":{"1":"Dossier"},"inLanguage":"de","potentialAction":[{"@type":"CommentAction","name":"Comment","target":["https:\/\/blog.zhaw.ch\/vitamin-g\/traumatisierte-menschen-behandeln\/#respond"]}]},{"@type":"WebPage","@id":"https:\/\/blog.zhaw.ch\/vitamin-g\/traumatisierte-menschen-behandeln\/","url":"https:\/\/blog.zhaw.ch\/vitamin-g\/traumatisierte-menschen-behandeln\/","name":"Traumatisierte Menschen behandeln - Vitamin G \u2013 f\u00fcr Health Professionals mit Weitblick","isPartOf":{"@id":"https:\/\/blog.zhaw.ch\/vitamin-g\/#website"},"primaryImageOfPage":{"@id":"https:\/\/blog.zhaw.ch\/vitamin-g\/traumatisierte-menschen-behandeln\/#primaryimage"},"image":{"@id":"https:\/\/blog.zhaw.ch\/vitamin-g\/traumatisierte-menschen-behandeln\/#primaryimage"},"thumbnailUrl":"https:\/\/blog.zhaw.ch\/vitamin-g\/files\/2024\/08\/Vitamin-G-Mai-24-Traumatisierte-Menschen-behandelnjpg.jpg","datePublished":"2024-08-07T14:48:34+00:00","dateModified":"2024-08-07T14:48:35+00:00","author":{"@id":"https:\/\/blog.zhaw.ch\/vitamin-g\/#\/schema\/person\/d519fda9e57b30bd86cfa45d4da7fd0f"},"breadcrumb":{"@id":"https:\/\/blog.zhaw.ch\/vitamin-g\/traumatisierte-menschen-behandeln\/#breadcrumb"},"inLanguage":"de","potentialAction":[{"@type":"ReadAction","target":["https:\/\/blog.zhaw.ch\/vitamin-g\/traumatisierte-menschen-behandeln\/"]}]},{"@type":"ImageObject","inLanguage":"de","@id":"https:\/\/blog.zhaw.ch\/vitamin-g\/traumatisierte-menschen-behandeln\/#primaryimage","url":"https:\/\/blog.zhaw.ch\/vitamin-g\/files\/2024\/08\/Vitamin-G-Mai-24-Traumatisierte-Menschen-behandelnjpg.jpg","contentUrl":"https:\/\/blog.zhaw.ch\/vitamin-g\/files\/2024\/08\/Vitamin-G-Mai-24-Traumatisierte-Menschen-behandelnjpg.jpg","width":2000,"height":1000},{"@type":"BreadcrumbList","@id":"https:\/\/blog.zhaw.ch\/vitamin-g\/traumatisierte-menschen-behandeln\/#breadcrumb","itemListElement":[{"@type":"ListItem","position":1,"name":"Startseite","item":"https:\/\/blog.zhaw.ch\/vitamin-g\/"},{"@type":"ListItem","position":2,"name":"Traumatisierte Menschen behandeln"}]},{"@type":"WebSite","@id":"https:\/\/blog.zhaw.ch\/vitamin-g\/#website","url":"https:\/\/blog.zhaw.ch\/vitamin-g\/","name":"Vitamin G \u2013 f\u00fcr Health Professionals mit Weitblick","description":"Ein Blog der ZHAW Z\u00fcrcher Hochschule f\u00fcr Angewandte Wissenschaften","potentialAction":[{"@type":"SearchAction","target":{"@type":"EntryPoint","urlTemplate":"https:\/\/blog.zhaw.ch\/vitamin-g\/?s={search_term_string}"},"query-input":{"@type":"PropertyValueSpecification","valueRequired":true,"valueName":"search_term_string"}}],"inLanguage":"de"},{"@type":"Person","@id":"https:\/\/blog.zhaw.ch\/vitamin-g\/#\/schema\/person\/d519fda9e57b30bd86cfa45d4da7fd0f","name":"Vitamin G","image":{"@type":"ImageObject","inLanguage":"de","@id":"https:\/\/secure.gravatar.com\/avatar\/01ab4b47045ffae2574da15e435b7215f291428d71fa161fb42d7a80d82f2977?s=96&d=mm&r=g","url":"https:\/\/secure.gravatar.com\/avatar\/01ab4b47045ffae2574da15e435b7215f291428d71fa161fb42d7a80d82f2977?s=96&d=mm&r=g","contentUrl":"https:\/\/secure.gravatar.com\/avatar\/01ab4b47045ffae2574da15e435b7215f291428d71fa161fb42d7a80d82f2977?s=96&d=mm&r=g","caption":"Vitamin G"},"url":"https:\/\/blog.zhaw.ch\/vitamin-g\/author\/lipu\/"}]}},"_links":{"self":[{"href":"https:\/\/blog.zhaw.ch\/vitamin-g\/wp-json\/wp\/v2\/posts\/2917","targetHints":{"allow":["GET"]}}],"collection":[{"href":"https:\/\/blog.zhaw.ch\/vitamin-g\/wp-json\/wp\/v2\/posts"}],"about":[{"href":"https:\/\/blog.zhaw.ch\/vitamin-g\/wp-json\/wp\/v2\/types\/post"}],"author":[{"embeddable":true,"href":"https:\/\/blog.zhaw.ch\/vitamin-g\/wp-json\/wp\/v2\/users\/305"}],"replies":[{"embeddable":true,"href":"https:\/\/blog.zhaw.ch\/vitamin-g\/wp-json\/wp\/v2\/comments?post=2917"}],"version-history":[{"count":4,"href":"https:\/\/blog.zhaw.ch\/vitamin-g\/wp-json\/wp\/v2\/posts\/2917\/revisions"}],"predecessor-version":[{"id":2922,"href":"https:\/\/blog.zhaw.ch\/vitamin-g\/wp-json\/wp\/v2\/posts\/2917\/revisions\/2922"}],"wp:featuredmedia":[{"embeddable":true,"href":"https:\/\/blog.zhaw.ch\/vitamin-g\/wp-json\/wp\/v2\/media\/2920"}],"wp:attachment":[{"href":"https:\/\/blog.zhaw.ch\/vitamin-g\/wp-json\/wp\/v2\/media?parent=2917"}],"wp:term":[{"taxonomy":"category","embeddable":true,"href":"https:\/\/blog.zhaw.ch\/vitamin-g\/wp-json\/wp\/v2\/categories?post=2917"},{"taxonomy":"post_tag","embeddable":true,"href":"https:\/\/blog.zhaw.ch\/vitamin-g\/wp-json\/wp\/v2\/tags?post=2917"},{"taxonomy":"features","embeddable":true,"href":"https:\/\/blog.zhaw.ch\/vitamin-g\/wp-json\/wp\/v2\/features?post=2917"}],"curies":[{"name":"wp","href":"https:\/\/api.w.org\/{rel}","templated":true}]}}