{"id":2836,"date":"2024-07-03T09:58:32","date_gmt":"2024-07-03T07:58:32","guid":{"rendered":"https:\/\/blog.zhaw.ch\/vitamin-g\/?p=2836"},"modified":"2024-07-08T11:00:08","modified_gmt":"2024-07-08T09:00:08","slug":"tabus-rund-um-die-geburt","status":"publish","type":"post","link":"https:\/\/blog.zhaw.ch\/vitamin-g\/tabus-rund-um-die-geburt\/","title":{"rendered":"Tabus rund um die Geburt"},"content":{"rendered":"\n<p><strong>Fruchtbarkeitsprobleme, Fehlgeburt, Vereinbarkeit von Beruf und Familie: Die Ausstellung \u00abBaby im Kopf\u00bb erkundet die oft tabuisierten Seiten des Elternwerdens. Besucher:innen bietet sie ein interaktives Erlebnis rund um die individuellen Erfahrungen von Schwangerschaft, Geburt und Elternsein.<\/strong><\/p>\n\n\n\n<!--more-->\n\n\n\n<p>Aline Schefer und Deborah Steinemann<\/p>\n\n\n\n<p>Die Phase vom Kinderwunsch bis zum Elternsein ist ein Abenteuer mit vielen Unbekannten. Die Wanderausstellung \u00abBaby im Kopf\u00bb, konzipiert an der Uni Lausanne, beleuchtet die Erfahrungen jenseits von idealisierten Vorstellungen: Gesellschaftliche Tabus wie Fehl- und Totgeburten, traumatische Geburtserlebnisse oder Fruchtbarkeitsprobleme werden genauso thematisiert wie die sch\u00f6nen Erlebnisse. <br><br>Die unterschiedlichen Aspekte haben Wissenschaftler:innen in enger Zusammenarbeit mit Fachleuten aus dem Bereich der perinatalen Gesundheit und Elternverb\u00e4nden f\u00fcr ein breites Publikum aufbereitet. Die Besucher:innen werden durch interaktive Installationen, Studien und Erfahrungsberichte ermutigt, selbst \u00fcber die Vielschichtigkeit des Elternwerdens nachzudenken und dar\u00fcber, was dies f\u00fcr die Familienplanung bedeutet.<br><br>Wer in die Ausstellung eintaucht, merkt schnell: Die Natur des Elternwerdens ist \u00e4usserst individuell, die Herausforderungen sind vielf\u00e4ltig. Vom unerf\u00fcllten Kinderwunsch bis hin zur Vereinbarkeit von Beruf und Familie werden die komplexen Entscheidungen und Hindernisse durch Erfahrungsberichte betroffener Personen fassbar gemacht. Daneben zeigt die Ausstellung auch das breite Spektrum von Familienmodellen auf, wie beispielsweise Regenbogenfamilien oder Alleinerziehende. Besucher:innen erfahren, dass Kinder in diesen Familienmodellen gem\u00e4ss Studien genauso gesund und gl\u00fccklich aufwachsen wie in traditionellen Familien. Wichtig f\u00fcr die Entwicklung eines Kindes ist vor allem die Beziehung zu den Eltern und deren Unterst\u00fctzung.<br><br>Dass nicht immer alles so l\u00e4uft, wie es sich werdende Eltern w\u00fcnschen, veranschaulicht die Ausstellung am Beispiel von Frauen, die ein traumatisches Geburtserlebnis hatten. Paare werden oft unerwartet und in ihrem gl\u00fccklichsten Moment damit konfrontiert und m\u00fcssen mit dem Erlebten zurechtkommen. Eine klare Botschaft der Ausstellung: Betroffene sollten geh\u00f6rt und auf ihrem Weg unterst\u00fctzt werden.<br><br>Die Besucher:innen werden ebenfalls eingeladen, sich mit dem Thema perinatale Trauer auseinanderzusetzen. \u00dcber Fehl- und Totgeburten wird meist nur im Stillen gesprochen, weil sie gesellschaftlich tabuisiert sind. Die Folge: Oft fehlt es an einer angemessenen Unterst\u00fctzung f\u00fcr<br>die betroffenen Eltern, was zu einem zus\u00e4tzlichen Gef\u00fchl des Alleinseins f\u00fchren kann. Es ist deshalb wichtig, diese Realit\u00e4t gesellschaftlich anzuerkennen und die Stigmatisierung solcher Erfahrungen zu bek\u00e4mpfen. Die Ausstellung schafft einen Raum, um \u00fcber Verluste, Trauer und Heilung zu sprechen. Doch egal ob Tabu oder Gl\u00fccksmoment: \u00abBaby im Kopf\u00bb bietet eine einmalige Gelegenheit, die vielf\u00e4ltigen Erfahrungen rund um das Elternwerden zu erkunden und sich mit dem Thema spielerisch auseinanderzusetzen.<\/p>\n\n\n\n<p><em><a href=\"https:\/\/www.zhaw.ch\/storage\/gesundheit\/ueber-uns\/medien-news\/vitamin-g\/vitaming-16-2024-doppel-web.pdf#page=2\">Vita<\/a><a href=\"https:\/\/www.zhaw.ch\/storage\/gesundheit\/ueber-uns\/medien-news\/vitamin-g\/vitaming-16-2024-doppel-web.pdf#page=3\">min G 16, S. 5<\/a><\/em><\/p>\n\n\n\n<hr class=\"wp-block-separator has-alpha-channel-opacity\" \/>\n\n\n\n<h2 class=\"wp-block-heading\" id=\"h-ausstellung-baby-im-kopf\"><strong>Ausstellung Baby im Kopf<\/strong><\/h2>\n\n\n\n<p>Bis am 30. August 2024, Montag bis Freitag von 8 bis 17 Uhr, ZHAW Departement Gesundheit, Katharina-Sulzer-Platz 9, 8400 Winterthur. Eintritt frei.<\/p>\n\n\n\n<p><strong><a href=\"https:\/\/www.zhaw.ch\/storage\/gesundheit\/institute-zentren\/ihg\/projekte\/Baby_im_Kopf\/zhaw-baby-im-kopf-veranstaltungen.pdf\">Zum Veranstaltungsprogramm<\/a><\/strong><\/p>\n\n\n\n<hr class=\"wp-block-separator has-alpha-channel-opacity\" \/>\n\n\n\n<h2 class=\"wp-block-heading\" id=\"h-magazin-vitamin-g-fur-health-professionals-mit-weitblick\"><strong>Magazin \u00abVitamin G \u2013 f\u00fcr Health Professionals mit Weitblick\u00bb<\/strong><\/h2>\n\n\n\n<ul class=\"wp-block-list\">\n<li><a href=\"https:\/\/www.zhaw.ch\/de\/gesundheit\/ueber-uns\/medien\/magazin-vitamin-g\/\">\u00abVitamin G\u00bb bestellen<\/a><\/li>\n\n\n\n<li><a href=\"https:\/\/www.zhaw.ch\/storage\/gesundheit\/ueber-uns\/medien-news\/vitamin-g\/vitaming-19-2025-ds-zhaw-gesundheit.pdf\">Aktuelles \u00abVitamin G\u00bb als PDF lesen<\/a><\/li>\n\n\n\n<li><a href=\"https:\/\/www.zhaw.ch\/de\/gesundheit\/ueber-uns\/medien\/magazin-vitamin-g\/#c16801\">Bisher erschienene Ausgaben<\/a><\/li>\n<\/ul>\n","protected":false},"excerpt":{"rendered":"<p>Fruchtbarkeitsprobleme, Fehlgeburt, Vereinbarkeit von Beruf und Familie: Die Ausstellung \u00abBaby im Kopf\u00bb erkundet die oft tabuisierten Seiten des Elternwerdens. Besucher:innen bietet sie ein interaktives Erlebnis rund um die individuellen Erfahrungen von Schwangerschaft, Geburt und Elternsein.<\/p>\n","protected":false},"author":305,"featured_media":2839,"comment_status":"open","ping_status":"open","sticky":false,"template":"","format":"standard","meta":{"ngg_post_thumbnail":0,"footnotes":""},"categories":[1],"tags":[],"features":[],"class_list":["post-2836","post","type-post","status-publish","format-standard","has-post-thumbnail","hentry","category-allgemein"],"yoast_head":"<!-- This site is optimized with the Yoast SEO Premium plugin v27.2 (Yoast SEO v27.2) - https:\/\/yoast.com\/product\/yoast-seo-premium-wordpress\/ -->\n<title>Tabus rund um die Geburt - Vitamin G \u2013 f\u00fcr Health Professionals mit Weitblick<\/title>\n<meta name=\"robots\" content=\"index, follow, max-snippet:-1, max-image-preview:large, max-video-preview:-1\" \/>\n<link rel=\"canonical\" href=\"https:\/\/blog.zhaw.ch\/vitamin-g\/tabus-rund-um-die-geburt\/\" \/>\n<meta property=\"og:locale\" content=\"de_DE\" \/>\n<meta property=\"og:type\" content=\"article\" \/>\n<meta property=\"og:title\" content=\"Tabus rund um die Geburt\" \/>\n<meta property=\"og:description\" content=\"Fruchtbarkeitsprobleme, Fehlgeburt, Vereinbarkeit von Beruf und Familie: Die Ausstellung \u00abBaby im Kopf\u00bb erkundet die oft tabuisierten Seiten des Elternwerdens. Besucher:innen bietet sie ein interaktives Erlebnis rund um die individuellen Erfahrungen von Schwangerschaft, Geburt und Elternsein.\" \/>\n<meta property=\"og:url\" content=\"https:\/\/blog.zhaw.ch\/vitamin-g\/tabus-rund-um-die-geburt\/\" \/>\n<meta property=\"og:site_name\" content=\"Vitamin G \u2013 f\u00fcr Health Professionals mit Weitblick\" \/>\n<meta property=\"article:published_time\" content=\"2024-07-03T07:58:32+00:00\" \/>\n<meta property=\"article:modified_time\" content=\"2024-07-08T09:00:08+00:00\" \/>\n<meta property=\"og:image\" content=\"http:\/\/blog.zhaw.ch\/vitamin-g\/files\/2024\/07\/Vitamin-G-16-Baby-im-Kopf.jpg\" \/>\n\t<meta property=\"og:image:width\" content=\"2000\" \/>\n\t<meta property=\"og:image:height\" content=\"1000\" \/>\n\t<meta property=\"og:image:type\" content=\"image\/jpeg\" \/>\n<meta name=\"author\" content=\"Vitamin G\" \/>\n<meta name=\"twitter:card\" content=\"summary_large_image\" \/>\n<meta name=\"twitter:label1\" content=\"Verfasst von\" \/>\n\t<meta name=\"twitter:data1\" content=\"Vitamin G\" \/>\n\t<meta name=\"twitter:label2\" content=\"Gesch\u00e4tzte Lesezeit\" \/>\n\t<meta name=\"twitter:data2\" content=\"3\u00a0Minuten\" \/>\n<script type=\"application\/ld+json\" class=\"yoast-schema-graph\">{\"@context\":\"https:\/\/schema.org\",\"@graph\":[{\"@type\":\"Article\",\"@id\":\"https:\/\/blog.zhaw.ch\/vitamin-g\/tabus-rund-um-die-geburt\/#article\",\"isPartOf\":{\"@id\":\"https:\/\/blog.zhaw.ch\/vitamin-g\/tabus-rund-um-die-geburt\/\"},\"author\":{\"name\":\"Vitamin G\",\"@id\":\"https:\/\/blog.zhaw.ch\/vitamin-g\/#\/schema\/person\/d519fda9e57b30bd86cfa45d4da7fd0f\"},\"headline\":\"Tabus rund um die Geburt\",\"datePublished\":\"2024-07-03T07:58:32+00:00\",\"dateModified\":\"2024-07-08T09:00:08+00:00\",\"mainEntityOfPage\":{\"@id\":\"https:\/\/blog.zhaw.ch\/vitamin-g\/tabus-rund-um-die-geburt\/\"},\"wordCount\":449,\"commentCount\":0,\"image\":{\"@id\":\"https:\/\/blog.zhaw.ch\/vitamin-g\/tabus-rund-um-die-geburt\/#primaryimage\"},\"thumbnailUrl\":\"https:\/\/blog.zhaw.ch\/vitamin-g\/files\/2024\/07\/Vitamin-G-16-Baby-im-Kopf.jpg\",\"inLanguage\":\"de\",\"potentialAction\":[{\"@type\":\"CommentAction\",\"name\":\"Comment\",\"target\":[\"https:\/\/blog.zhaw.ch\/vitamin-g\/tabus-rund-um-die-geburt\/#respond\"]}]},{\"@type\":\"WebPage\",\"@id\":\"https:\/\/blog.zhaw.ch\/vitamin-g\/tabus-rund-um-die-geburt\/\",\"url\":\"https:\/\/blog.zhaw.ch\/vitamin-g\/tabus-rund-um-die-geburt\/\",\"name\":\"Tabus rund um die Geburt - Vitamin G \u2013 f\u00fcr Health Professionals mit Weitblick\",\"isPartOf\":{\"@id\":\"https:\/\/blog.zhaw.ch\/vitamin-g\/#website\"},\"primaryImageOfPage\":{\"@id\":\"https:\/\/blog.zhaw.ch\/vitamin-g\/tabus-rund-um-die-geburt\/#primaryimage\"},\"image\":{\"@id\":\"https:\/\/blog.zhaw.ch\/vitamin-g\/tabus-rund-um-die-geburt\/#primaryimage\"},\"thumbnailUrl\":\"https:\/\/blog.zhaw.ch\/vitamin-g\/files\/2024\/07\/Vitamin-G-16-Baby-im-Kopf.jpg\",\"datePublished\":\"2024-07-03T07:58:32+00:00\",\"dateModified\":\"2024-07-08T09:00:08+00:00\",\"author\":{\"@id\":\"https:\/\/blog.zhaw.ch\/vitamin-g\/#\/schema\/person\/d519fda9e57b30bd86cfa45d4da7fd0f\"},\"breadcrumb\":{\"@id\":\"https:\/\/blog.zhaw.ch\/vitamin-g\/tabus-rund-um-die-geburt\/#breadcrumb\"},\"inLanguage\":\"de\",\"potentialAction\":[{\"@type\":\"ReadAction\",\"target\":[\"https:\/\/blog.zhaw.ch\/vitamin-g\/tabus-rund-um-die-geburt\/\"]}]},{\"@type\":\"ImageObject\",\"inLanguage\":\"de\",\"@id\":\"https:\/\/blog.zhaw.ch\/vitamin-g\/tabus-rund-um-die-geburt\/#primaryimage\",\"url\":\"https:\/\/blog.zhaw.ch\/vitamin-g\/files\/2024\/07\/Vitamin-G-16-Baby-im-Kopf.jpg\",\"contentUrl\":\"https:\/\/blog.zhaw.ch\/vitamin-g\/files\/2024\/07\/Vitamin-G-16-Baby-im-Kopf.jpg\",\"width\":2000,\"height\":1000},{\"@type\":\"BreadcrumbList\",\"@id\":\"https:\/\/blog.zhaw.ch\/vitamin-g\/tabus-rund-um-die-geburt\/#breadcrumb\",\"itemListElement\":[{\"@type\":\"ListItem\",\"position\":1,\"name\":\"Startseite\",\"item\":\"https:\/\/blog.zhaw.ch\/vitamin-g\/\"},{\"@type\":\"ListItem\",\"position\":2,\"name\":\"Tabus rund um die Geburt\"}]},{\"@type\":\"WebSite\",\"@id\":\"https:\/\/blog.zhaw.ch\/vitamin-g\/#website\",\"url\":\"https:\/\/blog.zhaw.ch\/vitamin-g\/\",\"name\":\"Vitamin G \u2013 f\u00fcr Health Professionals mit Weitblick\",\"description\":\"Ein Blog der ZHAW Z\u00fcrcher Hochschule f\u00fcr Angewandte Wissenschaften\",\"potentialAction\":[{\"@type\":\"SearchAction\",\"target\":{\"@type\":\"EntryPoint\",\"urlTemplate\":\"https:\/\/blog.zhaw.ch\/vitamin-g\/?s={search_term_string}\"},\"query-input\":{\"@type\":\"PropertyValueSpecification\",\"valueRequired\":true,\"valueName\":\"search_term_string\"}}],\"inLanguage\":\"de\"},{\"@type\":\"Person\",\"@id\":\"https:\/\/blog.zhaw.ch\/vitamin-g\/#\/schema\/person\/d519fda9e57b30bd86cfa45d4da7fd0f\",\"name\":\"Vitamin G\",\"image\":{\"@type\":\"ImageObject\",\"inLanguage\":\"de\",\"@id\":\"https:\/\/secure.gravatar.com\/avatar\/01ab4b47045ffae2574da15e435b7215f291428d71fa161fb42d7a80d82f2977?s=96&d=mm&r=g\",\"url\":\"https:\/\/secure.gravatar.com\/avatar\/01ab4b47045ffae2574da15e435b7215f291428d71fa161fb42d7a80d82f2977?s=96&d=mm&r=g\",\"contentUrl\":\"https:\/\/secure.gravatar.com\/avatar\/01ab4b47045ffae2574da15e435b7215f291428d71fa161fb42d7a80d82f2977?s=96&d=mm&r=g\",\"caption\":\"Vitamin G\"},\"url\":\"https:\/\/blog.zhaw.ch\/vitamin-g\/author\/lipu\/\"}]}<\/script>\n<!-- \/ Yoast SEO Premium plugin. -->","yoast_head_json":{"title":"Tabus rund um die Geburt - Vitamin G \u2013 f\u00fcr Health Professionals mit Weitblick","robots":{"index":"index","follow":"follow","max-snippet":"max-snippet:-1","max-image-preview":"max-image-preview:large","max-video-preview":"max-video-preview:-1"},"canonical":"https:\/\/blog.zhaw.ch\/vitamin-g\/tabus-rund-um-die-geburt\/","og_locale":"de_DE","og_type":"article","og_title":"Tabus rund um die Geburt","og_description":"Fruchtbarkeitsprobleme, Fehlgeburt, Vereinbarkeit von Beruf und Familie: Die Ausstellung \u00abBaby im Kopf\u00bb erkundet die oft tabuisierten Seiten des Elternwerdens. Besucher:innen bietet sie ein interaktives Erlebnis rund um die individuellen Erfahrungen von Schwangerschaft, Geburt und Elternsein.","og_url":"https:\/\/blog.zhaw.ch\/vitamin-g\/tabus-rund-um-die-geburt\/","og_site_name":"Vitamin G \u2013 f\u00fcr Health Professionals mit Weitblick","article_published_time":"2024-07-03T07:58:32+00:00","article_modified_time":"2024-07-08T09:00:08+00:00","og_image":[{"width":2000,"height":1000,"url":"http:\/\/blog.zhaw.ch\/vitamin-g\/files\/2024\/07\/Vitamin-G-16-Baby-im-Kopf.jpg","type":"image\/jpeg"}],"author":"Vitamin G","twitter_card":"summary_large_image","twitter_misc":{"Verfasst von":"Vitamin G","Gesch\u00e4tzte Lesezeit":"3\u00a0Minuten"},"schema":{"@context":"https:\/\/schema.org","@graph":[{"@type":"Article","@id":"https:\/\/blog.zhaw.ch\/vitamin-g\/tabus-rund-um-die-geburt\/#article","isPartOf":{"@id":"https:\/\/blog.zhaw.ch\/vitamin-g\/tabus-rund-um-die-geburt\/"},"author":{"name":"Vitamin G","@id":"https:\/\/blog.zhaw.ch\/vitamin-g\/#\/schema\/person\/d519fda9e57b30bd86cfa45d4da7fd0f"},"headline":"Tabus rund um die Geburt","datePublished":"2024-07-03T07:58:32+00:00","dateModified":"2024-07-08T09:00:08+00:00","mainEntityOfPage":{"@id":"https:\/\/blog.zhaw.ch\/vitamin-g\/tabus-rund-um-die-geburt\/"},"wordCount":449,"commentCount":0,"image":{"@id":"https:\/\/blog.zhaw.ch\/vitamin-g\/tabus-rund-um-die-geburt\/#primaryimage"},"thumbnailUrl":"https:\/\/blog.zhaw.ch\/vitamin-g\/files\/2024\/07\/Vitamin-G-16-Baby-im-Kopf.jpg","inLanguage":"de","potentialAction":[{"@type":"CommentAction","name":"Comment","target":["https:\/\/blog.zhaw.ch\/vitamin-g\/tabus-rund-um-die-geburt\/#respond"]}]},{"@type":"WebPage","@id":"https:\/\/blog.zhaw.ch\/vitamin-g\/tabus-rund-um-die-geburt\/","url":"https:\/\/blog.zhaw.ch\/vitamin-g\/tabus-rund-um-die-geburt\/","name":"Tabus rund um die Geburt - Vitamin G \u2013 f\u00fcr Health Professionals mit Weitblick","isPartOf":{"@id":"https:\/\/blog.zhaw.ch\/vitamin-g\/#website"},"primaryImageOfPage":{"@id":"https:\/\/blog.zhaw.ch\/vitamin-g\/tabus-rund-um-die-geburt\/#primaryimage"},"image":{"@id":"https:\/\/blog.zhaw.ch\/vitamin-g\/tabus-rund-um-die-geburt\/#primaryimage"},"thumbnailUrl":"https:\/\/blog.zhaw.ch\/vitamin-g\/files\/2024\/07\/Vitamin-G-16-Baby-im-Kopf.jpg","datePublished":"2024-07-03T07:58:32+00:00","dateModified":"2024-07-08T09:00:08+00:00","author":{"@id":"https:\/\/blog.zhaw.ch\/vitamin-g\/#\/schema\/person\/d519fda9e57b30bd86cfa45d4da7fd0f"},"breadcrumb":{"@id":"https:\/\/blog.zhaw.ch\/vitamin-g\/tabus-rund-um-die-geburt\/#breadcrumb"},"inLanguage":"de","potentialAction":[{"@type":"ReadAction","target":["https:\/\/blog.zhaw.ch\/vitamin-g\/tabus-rund-um-die-geburt\/"]}]},{"@type":"ImageObject","inLanguage":"de","@id":"https:\/\/blog.zhaw.ch\/vitamin-g\/tabus-rund-um-die-geburt\/#primaryimage","url":"https:\/\/blog.zhaw.ch\/vitamin-g\/files\/2024\/07\/Vitamin-G-16-Baby-im-Kopf.jpg","contentUrl":"https:\/\/blog.zhaw.ch\/vitamin-g\/files\/2024\/07\/Vitamin-G-16-Baby-im-Kopf.jpg","width":2000,"height":1000},{"@type":"BreadcrumbList","@id":"https:\/\/blog.zhaw.ch\/vitamin-g\/tabus-rund-um-die-geburt\/#breadcrumb","itemListElement":[{"@type":"ListItem","position":1,"name":"Startseite","item":"https:\/\/blog.zhaw.ch\/vitamin-g\/"},{"@type":"ListItem","position":2,"name":"Tabus rund um die Geburt"}]},{"@type":"WebSite","@id":"https:\/\/blog.zhaw.ch\/vitamin-g\/#website","url":"https:\/\/blog.zhaw.ch\/vitamin-g\/","name":"Vitamin G \u2013 f\u00fcr Health Professionals mit Weitblick","description":"Ein Blog der ZHAW Z\u00fcrcher Hochschule f\u00fcr Angewandte Wissenschaften","potentialAction":[{"@type":"SearchAction","target":{"@type":"EntryPoint","urlTemplate":"https:\/\/blog.zhaw.ch\/vitamin-g\/?s={search_term_string}"},"query-input":{"@type":"PropertyValueSpecification","valueRequired":true,"valueName":"search_term_string"}}],"inLanguage":"de"},{"@type":"Person","@id":"https:\/\/blog.zhaw.ch\/vitamin-g\/#\/schema\/person\/d519fda9e57b30bd86cfa45d4da7fd0f","name":"Vitamin G","image":{"@type":"ImageObject","inLanguage":"de","@id":"https:\/\/secure.gravatar.com\/avatar\/01ab4b47045ffae2574da15e435b7215f291428d71fa161fb42d7a80d82f2977?s=96&d=mm&r=g","url":"https:\/\/secure.gravatar.com\/avatar\/01ab4b47045ffae2574da15e435b7215f291428d71fa161fb42d7a80d82f2977?s=96&d=mm&r=g","contentUrl":"https:\/\/secure.gravatar.com\/avatar\/01ab4b47045ffae2574da15e435b7215f291428d71fa161fb42d7a80d82f2977?s=96&d=mm&r=g","caption":"Vitamin G"},"url":"https:\/\/blog.zhaw.ch\/vitamin-g\/author\/lipu\/"}]}},"_links":{"self":[{"href":"https:\/\/blog.zhaw.ch\/vitamin-g\/wp-json\/wp\/v2\/posts\/2836","targetHints":{"allow":["GET"]}}],"collection":[{"href":"https:\/\/blog.zhaw.ch\/vitamin-g\/wp-json\/wp\/v2\/posts"}],"about":[{"href":"https:\/\/blog.zhaw.ch\/vitamin-g\/wp-json\/wp\/v2\/types\/post"}],"author":[{"embeddable":true,"href":"https:\/\/blog.zhaw.ch\/vitamin-g\/wp-json\/wp\/v2\/users\/305"}],"replies":[{"embeddable":true,"href":"https:\/\/blog.zhaw.ch\/vitamin-g\/wp-json\/wp\/v2\/comments?post=2836"}],"version-history":[{"count":6,"href":"https:\/\/blog.zhaw.ch\/vitamin-g\/wp-json\/wp\/v2\/posts\/2836\/revisions"}],"predecessor-version":[{"id":2849,"href":"https:\/\/blog.zhaw.ch\/vitamin-g\/wp-json\/wp\/v2\/posts\/2836\/revisions\/2849"}],"wp:featuredmedia":[{"embeddable":true,"href":"https:\/\/blog.zhaw.ch\/vitamin-g\/wp-json\/wp\/v2\/media\/2839"}],"wp:attachment":[{"href":"https:\/\/blog.zhaw.ch\/vitamin-g\/wp-json\/wp\/v2\/media?parent=2836"}],"wp:term":[{"taxonomy":"category","embeddable":true,"href":"https:\/\/blog.zhaw.ch\/vitamin-g\/wp-json\/wp\/v2\/categories?post=2836"},{"taxonomy":"post_tag","embeddable":true,"href":"https:\/\/blog.zhaw.ch\/vitamin-g\/wp-json\/wp\/v2\/tags?post=2836"},{"taxonomy":"features","embeddable":true,"href":"https:\/\/blog.zhaw.ch\/vitamin-g\/wp-json\/wp\/v2\/features?post=2836"}],"curies":[{"name":"wp","href":"https:\/\/api.w.org\/{rel}","templated":true}]}}