{"id":2569,"date":"2023-07-19T11:54:54","date_gmt":"2023-07-19T09:54:54","guid":{"rendered":"https:\/\/blog.zhaw.ch\/vitamin-g\/?p=2569"},"modified":"2024-08-07T14:55:51","modified_gmt":"2024-08-07T12:55:51","slug":"am-meisten-gelacht-habe-ich-im-hospiz","status":"publish","type":"post","link":"https:\/\/blog.zhaw.ch\/vitamin-g\/am-meisten-gelacht-habe-ich-im-hospiz\/","title":{"rendered":"Am meisten gelacht habe ich im Hospiz"},"content":{"rendered":"\n<p><strong>In der Pflege zeigt der Humor erstaunliche Effekte \u2013 etwa bei der Schmerztherapie. Doch nicht nur f\u00fcr Patient:innen, auch f\u00fcr Pflegefachpersonen kann Lachen eine wertvolle Ressource sein.<\/strong><\/p>\n\n\n\n<!--more-->\n\n\n\n<p>Von Denise Jeitziner<\/p>\n\n\n\n<p>Anruf in der Notaufnahme des Spitals: Gleich werde ein Mann auf die Intensivstation eingeliefert, er sei in eine Schl\u00e4gerei verwickelt gewesen. Und nun stecke ihm ein Messer im Kopf. Isabelle Koch und ihre Kolleg:innen auf der Intensivstation machten eilig alles bereit. Sie waren auf das Schlimmste gefasst, vermutlich w\u00fcrden sie das Opfer intubieren m\u00fcssen. Die diplomierte Pflegefachfrau kann sich noch gut an die angespannten Minuten erinnern.<\/p>\n\n\n\n<p>\u00abUnd dann ging der Lift auf. Aber statt auf einem Schragen zu liegen, lief der Mann mitsamt Messer im Kopf aus dem Lift und konnte \u00fcberhaupt nicht verstehen, warum er ins Spital kommen musste\u00bb, erz\u00e4hlt Isabelle Koch und lacht. \u00abEr meinte, er habe ja nicht einmal Kopfschmerzen!\u00bb In jenem Moment sei es \u00fcberhaupt nicht lustig gewesen, gleich anschliessend daf\u00fcr umso mehr. \u00abEs war eine so abstruse Situation! Wir nahmen ihm das Messer aus dem Kopf und dann ging er tats\u00e4chlich einfach wieder nach Hause.\u00bb Die Anspannung entlud sich sp\u00e4ter im Gel\u00e4chter.<\/p>\n\n\n\n<h2 class=\"wp-block-heading\" id=\"h-galgenhumor-hilft\">Galgenhumor hilft<\/h2>\n\n\n\n<p>Geschichten wie diese weiss die Luzernerin, die aktuell an der ZHAW einen CAS in gerontologischer Pflege absolviert, allerhand zu erz\u00e4hlen. In ihren \u00fcber 20 Berufsjahren in der Geriatrie, auf der Intensivstation, der onkologischen Abteilung, im Hospiz oder im Pflegeheim hat sie viele absurd-komische Episoden erlebt. Da waren etwa die zwei dementen Frauen, die sich t\u00e4glich stundenlang angeregt unterhielten \u2013 die eine sprach ausschliesslich Spanisch, die andere pflichtete ihr jeweils auf Mundart bei, obwohl sie kein Wort verstand. Da war der krebskranke Mann im Hospiz, der Isabelle Koch dar\u00fcber aufkl\u00e4rte, dass Sterben nichts f\u00fcr Weicheier sei. Oder der Bauer mit dem halb abgetrennten Bein, der wissen wollte, ob er tags darauf wieder Traktor fahren k\u00f6nne.<\/p>\n\n\n\n<p>Aus solchen Momenten zieht die Pflegeexpertin jeweils Kraft. \u00abIch habe gemerkt, dass mir das Lachen \u00fcber solche Episoden hilft, herausfordernde Situationen besser auszuhalten und zu verarbeiten\u00bb, erkl\u00e4rt sie und meint damit beispielsweise anstrengende Nachtdienste, in denen weder Zeit zum Trinken noch f\u00fcrs WC bleibt. Oder Situationen, die Ohnmacht bei den Pflegenden und Verzweiflung bei den Patient:innen ausl\u00f6sen. Isabelle Kochs Taktik: Allem mit Fr\u00f6hlichkeit und Humor begegnen \u2013 f\u00fcr ihren eigenen Gem\u00fctszustand und das Wohlbefinden der Patient:innen. \u00abEs sind aber immer nur Situationen, \u00fcber die ich lache, niemals Menschen\u00bb, betont sie.<\/p>\n\n\n\n<h2 class=\"wp-block-heading\" id=\"h-lachen-lindert-schmerzen\">Lachen lindert Schmerzen<\/h2>\n\n\n\n<p>Die Hypothese, dass Lachen eine positive Wirkung auf die Gesundheit hat, stellte der amerikanische Journalist Norman Cousins bereits Ende der 1970er-Jahre auf. Nachdem bei ihm eine chronische Entz\u00fcndung der Wirbels\u00e4ule diagnostiziert worden war und er gelesen hatte, dass sich ein betr\u00fcbter Gem\u00fctszustand negativ auf die Gesundheit auswirkt, schloss er daraus, dass Lachen einen positiven Effekt haben k\u00f6nnte. Um seine These zu testen, liess er sich systematisch zum Lachen bringen \u2013 zum Beispiel von witzigen B\u00fcchern oder Filmen. Und stellte fest, dass er danach f\u00fcr eine Weile weniger Schmerzen hatte.<\/p>\n\n\n\n<p>Seine Erkenntnisse hielt Norman Cousins im Buch \u00abAnatomy of an Illness As Perceived by the Patient\u00bb fest; seither gilt er als Begr\u00fcnder der Lachtherapie. Von ihm stammen Aussagen wie \u00abJeder Patient tr\u00e4gt seinen eigenen Arzt in sich\u00bb oder \u00abLachen ist inneres Jogging\u00bb. Cousins Theorie l\u00f6ste zahlreiche Studien aus. Inzwischen geht die Gelotologie, also die Lachforschung, unter anderem davon aus, dass beim Lachen das Immunsystem und die Atmung gest\u00e4rkt, Schmerzen reduziert sowie Herz- und Kreislaufbeschwerden vorgebeugt werden. Auch k\u00f6nne Lachen bei Stress, \u00c4ngstlichkeit, Anspannung und Depressionssymptomen hilfreich sein.<\/p>\n\n\n\n<h2 class=\"wp-block-heading\" id=\"h-ernsthaftigkeit-ruckt-in-den-hintergrund\">Ernsthaftigkeit r\u00fcckt in den Hintergrund <\/h2>\n\n\n\n<p>Laut der Psychologin und Dozentin Jennifer Hofmann von der Universit\u00e4t Z\u00fcrich ist die medizinische Wirkung von Lachen auf den K\u00f6rper zwar noch unzureichend nachgewiesen. Diesbez\u00fcglich sind also noch mehr wissenschaftliche Studien n\u00f6tig. \u00abGut belegt sind aber unter anderem die positive Wirkung auf die Resilienz und die psychische Gesundheit sowie die sozialen Effekte\u00bb, sagt Hofmann, die auch an der ZHAW unterrichtet.<\/p>\n\n\n\n<p>Diese Erkenntnisse macht sich unter anderem die Rehaklinik Bad Zurzach im Kanton Aargau zunutze. Seit 1999 wird im dortigen Schmerzzentrum eine Humortherapie angeboten, um Patient:innen im Rehabilitationsprozess zu unterst\u00fctzen. \u00abDer therapeutische Humor hat eine positive, schmerzdistanzierende Wirkung\u00bb, heisst es bei der Rehaklinik. Humor wirke wie eine positive Bew\u00e4ltigungsstrategie und helfe den Patient:innen, einen neuen Zugang zu und Umgang mit ihrer Krankheit zu finden. In akuten Krisensituationen lasse sich damit ebenfalls eine entspannende Wirkung erzielen.<\/p>\n\n\n\n<p>\u00abHumor ist nicht die eierlegende Wollmilchsau und kein Mittel f\u00fcr alles und jeden\u00bb, sagt die ZHAW-Dozentin Jennifer Hofmann. Es komme auf die Person an, auf ihre Pers\u00f6nlichkeit und Stimmung, aber auch auf ihre Schmerzen und ihre Beziehung zu den Pflegenden. \u00abHumor kann aber eine wichtige Ressource sein, auch f\u00fcr Pflegende, die Humor als St\u00e4rke haben.\u00bb<\/p>\n\n\n\n<p>Das kann Isabelle Koch aus ihrer langj\u00e4hrigen Erfahrung best\u00e4tigen. \u00abAm meisten gelacht habe ich w\u00e4hrend meiner Zeit im Hospiz.\u00bb Also dort, wo das Sterben und der Tod so pr\u00e4sent sind wie nirgendwo sonst. \u00abIch habe sehr viele positive R\u00fcckmeldungen von Leuten erhalten, die sagten: Endlich mal jemand, der aufgestellt ist. Die Situation ist ja schon traurig genug.\u00bb In erheiternden Situationen k\u00f6nne die Ernsthaftigkeit und Anspannung f\u00fcr einen Moment in den Hintergrund r\u00fccken. Es brauche jedoch ein feines Gesp\u00fcr daf\u00fcr, ob Humor angebracht sei, sagt Koch. \u00abWenn ich merke, dass die Stimmung bei einer Patientin schlecht ist, passe ich mich nat\u00fcrlich an. Hier ist viel Intuition und Erfahrung n\u00f6tig.\u00bb<\/p>\n\n\n\n<p>Es gibt zwar Trainings f\u00fcr den Umgang mit Humor in der Pflege; auch Isabelle Koch nahm vor Jahren an einem entsprechenden Vortrag teil. Wirklich erlernen kann man Humor ihrer Meinung nach jedoch nicht. Entweder sei er einem gegeben oder nicht. \u00abViele Patient:innen sind aber auch schon dankbar und aufgestellter, wenn man einfach fr\u00f6hlich ist\u00bb, ist Isabelle Koch \u00fcberzeugt. \u00abDaf\u00fcr muss man kein Witzrepertoire auf Lager haben.\u00bb \/\/<\/p>\n\n\n\n<p><em><a href=\"https:\/\/www.zhaw.ch\/storage\/gesundheit\/ueber-uns\/medien-news\/vitamin-g\/zhaw-vitaming-14-2023-doppelseiten-web.pdf\" target=\"_blank\" rel=\"noreferrer noopener\">Vitamin G. S. 14-15<\/a><\/em><\/p>\n\n\n\n<hr class=\"wp-block-separator has-alpha-channel-opacity\" \/>\n\n\n\n<h2 class=\"wp-block-heading\" id=\"h-weitere-informationen\">Weitere Informationen<\/h2>\n\n\n\n<ul class=\"wp-block-list\">\n<li><a href=\"https:\/\/www.zurzachcare.ch\/humortherapie\/\" target=\"_blank\" rel=\"noreferrer noopener\">Humortherapie in der Rehaklinik Bad Zurzach<\/a><\/li>\n\n\n\n<li><a href=\"https:\/\/www.srf.ch\/wissen\/gesundheit\/humor-im-gesundheitswesen-lachen-waere-gesund\" target=\"_blank\" rel=\"noreferrer noopener\">SRF-Puls zum Thema \u00abHumor im Gesundheitswesen\u00bb<\/a><\/li>\n<\/ul>\n\n\n\n<h2 class=\"wp-block-heading\" id=\"h-magazin-vitamin-g-fur-health-professionals-mit-weitblick\"><strong>Magazin \u00abVitamin G \u2013 f\u00fcr Health Professionals mit Weitblick\u00bb<\/strong><\/h2>\n\n\n\n<ul class=\"wp-block-list\">\n<li><a href=\"https:\/\/www.zhaw.ch\/de\/gesundheit\/ueber-uns\/medien\/magazin-vitamin-g\/\">\u00abVitamin G\u00bb bestellen<\/a><\/li>\n\n\n\n<li><a href=\"https:\/\/www.zhaw.ch\/storage\/gesundheit\/ueber-uns\/medien-news\/vitamin-g\/vitaming-19-2025-ds-zhaw-gesundheit.pdf\">Aktuelles \u00abVitamin G\u00bb als PDF lesen<\/a><\/li>\n\n\n\n<li><a href=\"https:\/\/www.zhaw.ch\/de\/gesundheit\/ueber-uns\/medien\/magazin-vitamin-g\/#c16801\">Bisher erschienene Ausgaben<\/a><\/li>\n<\/ul>\n","protected":false},"excerpt":{"rendered":"<p>In der Pflege zeigt der Humor erstaunliche Effekte \u2013 etwa bei der Schmerztherapie. Doch nicht nur f\u00fcr Patient:innen, auch f\u00fcr Pflegefachpersonen kann Lachen eine wertvolle Ressource sein.<\/p>\n","protected":false},"author":305,"featured_media":2601,"comment_status":"open","ping_status":"open","sticky":false,"template":"","format":"standard","meta":{"ngg_post_thumbnail":0,"footnotes":""},"categories":[1,6],"tags":[],"features":[],"class_list":["post-2569","post","type-post","status-publish","format-standard","has-post-thumbnail","hentry","category-allgemein","category-dossier"],"yoast_head":"<!-- This site is optimized with the Yoast SEO Premium plugin v27.2 (Yoast SEO v27.2) - https:\/\/yoast.com\/product\/yoast-seo-premium-wordpress\/ -->\n<title>Am meisten gelacht habe ich im Hospiz - Vitamin G \u2013 f\u00fcr Health Professionals mit Weitblick<\/title>\n<meta name=\"robots\" content=\"index, follow, max-snippet:-1, max-image-preview:large, max-video-preview:-1\" \/>\n<link rel=\"canonical\" href=\"https:\/\/blog.zhaw.ch\/vitamin-g\/am-meisten-gelacht-habe-ich-im-hospiz\/\" \/>\n<meta property=\"og:locale\" content=\"de_DE\" \/>\n<meta property=\"og:type\" content=\"article\" \/>\n<meta property=\"og:title\" content=\"Am meisten gelacht habe ich im Hospiz\" \/>\n<meta property=\"og:description\" content=\"In der Pflege zeigt der Humor erstaunliche Effekte \u2013 etwa bei der Schmerztherapie. Doch nicht nur f\u00fcr Patient:innen, auch f\u00fcr Pflegefachpersonen kann Lachen eine wertvolle Ressource sein.\" \/>\n<meta property=\"og:url\" content=\"https:\/\/blog.zhaw.ch\/vitamin-g\/am-meisten-gelacht-habe-ich-im-hospiz\/\" \/>\n<meta property=\"og:site_name\" content=\"Vitamin G \u2013 f\u00fcr Health Professionals mit Weitblick\" \/>\n<meta property=\"article:published_time\" content=\"2023-07-19T09:54:54+00:00\" \/>\n<meta property=\"article:modified_time\" content=\"2024-08-07T12:55:51+00:00\" \/>\n<meta property=\"og:image\" content=\"http:\/\/blog.zhaw.ch\/vitamin-g\/files\/2023\/07\/Hospiz.final_.jpg\" \/>\n\t<meta property=\"og:image:width\" content=\"2000\" \/>\n\t<meta property=\"og:image:height\" content=\"1000\" \/>\n\t<meta property=\"og:image:type\" content=\"image\/jpeg\" \/>\n<meta name=\"author\" content=\"Vitamin G\" \/>\n<meta name=\"twitter:card\" content=\"summary_large_image\" \/>\n<meta name=\"twitter:label1\" content=\"Verfasst von\" \/>\n\t<meta name=\"twitter:data1\" content=\"Vitamin G\" \/>\n\t<meta name=\"twitter:label2\" content=\"Gesch\u00e4tzte Lesezeit\" \/>\n\t<meta name=\"twitter:data2\" content=\"6\u00a0Minuten\" \/>\n<script type=\"application\/ld+json\" class=\"yoast-schema-graph\">{\"@context\":\"https:\/\/schema.org\",\"@graph\":[{\"@type\":\"Article\",\"@id\":\"https:\/\/blog.zhaw.ch\/vitamin-g\/am-meisten-gelacht-habe-ich-im-hospiz\/#article\",\"isPartOf\":{\"@id\":\"https:\/\/blog.zhaw.ch\/vitamin-g\/am-meisten-gelacht-habe-ich-im-hospiz\/\"},\"author\":{\"name\":\"Vitamin G\",\"@id\":\"https:\/\/blog.zhaw.ch\/vitamin-g\/#\/schema\/person\/d519fda9e57b30bd86cfa45d4da7fd0f\"},\"headline\":\"Am meisten gelacht habe ich im Hospiz\",\"datePublished\":\"2023-07-19T09:54:54+00:00\",\"dateModified\":\"2024-08-07T12:55:51+00:00\",\"mainEntityOfPage\":{\"@id\":\"https:\/\/blog.zhaw.ch\/vitamin-g\/am-meisten-gelacht-habe-ich-im-hospiz\/\"},\"wordCount\":1027,\"commentCount\":0,\"image\":{\"@id\":\"https:\/\/blog.zhaw.ch\/vitamin-g\/am-meisten-gelacht-habe-ich-im-hospiz\/#primaryimage\"},\"thumbnailUrl\":\"https:\/\/blog.zhaw.ch\/vitamin-g\/files\/2023\/07\/Hospiz.final_.jpg\",\"articleSection\":{\"1\":\"Dossier\"},\"inLanguage\":\"de\",\"potentialAction\":[{\"@type\":\"CommentAction\",\"name\":\"Comment\",\"target\":[\"https:\/\/blog.zhaw.ch\/vitamin-g\/am-meisten-gelacht-habe-ich-im-hospiz\/#respond\"]}]},{\"@type\":\"WebPage\",\"@id\":\"https:\/\/blog.zhaw.ch\/vitamin-g\/am-meisten-gelacht-habe-ich-im-hospiz\/\",\"url\":\"https:\/\/blog.zhaw.ch\/vitamin-g\/am-meisten-gelacht-habe-ich-im-hospiz\/\",\"name\":\"Am meisten gelacht habe ich im Hospiz - Vitamin G \u2013 f\u00fcr Health Professionals mit Weitblick\",\"isPartOf\":{\"@id\":\"https:\/\/blog.zhaw.ch\/vitamin-g\/#website\"},\"primaryImageOfPage\":{\"@id\":\"https:\/\/blog.zhaw.ch\/vitamin-g\/am-meisten-gelacht-habe-ich-im-hospiz\/#primaryimage\"},\"image\":{\"@id\":\"https:\/\/blog.zhaw.ch\/vitamin-g\/am-meisten-gelacht-habe-ich-im-hospiz\/#primaryimage\"},\"thumbnailUrl\":\"https:\/\/blog.zhaw.ch\/vitamin-g\/files\/2023\/07\/Hospiz.final_.jpg\",\"datePublished\":\"2023-07-19T09:54:54+00:00\",\"dateModified\":\"2024-08-07T12:55:51+00:00\",\"author\":{\"@id\":\"https:\/\/blog.zhaw.ch\/vitamin-g\/#\/schema\/person\/d519fda9e57b30bd86cfa45d4da7fd0f\"},\"breadcrumb\":{\"@id\":\"https:\/\/blog.zhaw.ch\/vitamin-g\/am-meisten-gelacht-habe-ich-im-hospiz\/#breadcrumb\"},\"inLanguage\":\"de\",\"potentialAction\":[{\"@type\":\"ReadAction\",\"target\":[\"https:\/\/blog.zhaw.ch\/vitamin-g\/am-meisten-gelacht-habe-ich-im-hospiz\/\"]}]},{\"@type\":\"ImageObject\",\"inLanguage\":\"de\",\"@id\":\"https:\/\/blog.zhaw.ch\/vitamin-g\/am-meisten-gelacht-habe-ich-im-hospiz\/#primaryimage\",\"url\":\"https:\/\/blog.zhaw.ch\/vitamin-g\/files\/2023\/07\/Hospiz.final_.jpg\",\"contentUrl\":\"https:\/\/blog.zhaw.ch\/vitamin-g\/files\/2023\/07\/Hospiz.final_.jpg\",\"width\":2000,\"height\":1000},{\"@type\":\"BreadcrumbList\",\"@id\":\"https:\/\/blog.zhaw.ch\/vitamin-g\/am-meisten-gelacht-habe-ich-im-hospiz\/#breadcrumb\",\"itemListElement\":[{\"@type\":\"ListItem\",\"position\":1,\"name\":\"Startseite\",\"item\":\"https:\/\/blog.zhaw.ch\/vitamin-g\/\"},{\"@type\":\"ListItem\",\"position\":2,\"name\":\"Am meisten gelacht habe ich im Hospiz\"}]},{\"@type\":\"WebSite\",\"@id\":\"https:\/\/blog.zhaw.ch\/vitamin-g\/#website\",\"url\":\"https:\/\/blog.zhaw.ch\/vitamin-g\/\",\"name\":\"Vitamin G \u2013 f\u00fcr Health Professionals mit Weitblick\",\"description\":\"Ein Blog der ZHAW Z\u00fcrcher Hochschule f\u00fcr Angewandte Wissenschaften\",\"potentialAction\":[{\"@type\":\"SearchAction\",\"target\":{\"@type\":\"EntryPoint\",\"urlTemplate\":\"https:\/\/blog.zhaw.ch\/vitamin-g\/?s={search_term_string}\"},\"query-input\":{\"@type\":\"PropertyValueSpecification\",\"valueRequired\":true,\"valueName\":\"search_term_string\"}}],\"inLanguage\":\"de\"},{\"@type\":\"Person\",\"@id\":\"https:\/\/blog.zhaw.ch\/vitamin-g\/#\/schema\/person\/d519fda9e57b30bd86cfa45d4da7fd0f\",\"name\":\"Vitamin G\",\"image\":{\"@type\":\"ImageObject\",\"inLanguage\":\"de\",\"@id\":\"https:\/\/secure.gravatar.com\/avatar\/01ab4b47045ffae2574da15e435b7215f291428d71fa161fb42d7a80d82f2977?s=96&d=mm&r=g\",\"url\":\"https:\/\/secure.gravatar.com\/avatar\/01ab4b47045ffae2574da15e435b7215f291428d71fa161fb42d7a80d82f2977?s=96&d=mm&r=g\",\"contentUrl\":\"https:\/\/secure.gravatar.com\/avatar\/01ab4b47045ffae2574da15e435b7215f291428d71fa161fb42d7a80d82f2977?s=96&d=mm&r=g\",\"caption\":\"Vitamin G\"},\"url\":\"https:\/\/blog.zhaw.ch\/vitamin-g\/author\/lipu\/\"}]}<\/script>\n<!-- \/ Yoast SEO Premium plugin. -->","yoast_head_json":{"title":"Am meisten gelacht habe ich im Hospiz - Vitamin G \u2013 f\u00fcr Health Professionals mit Weitblick","robots":{"index":"index","follow":"follow","max-snippet":"max-snippet:-1","max-image-preview":"max-image-preview:large","max-video-preview":"max-video-preview:-1"},"canonical":"https:\/\/blog.zhaw.ch\/vitamin-g\/am-meisten-gelacht-habe-ich-im-hospiz\/","og_locale":"de_DE","og_type":"article","og_title":"Am meisten gelacht habe ich im Hospiz","og_description":"In der Pflege zeigt der Humor erstaunliche Effekte \u2013 etwa bei der Schmerztherapie. Doch nicht nur f\u00fcr Patient:innen, auch f\u00fcr Pflegefachpersonen kann Lachen eine wertvolle Ressource sein.","og_url":"https:\/\/blog.zhaw.ch\/vitamin-g\/am-meisten-gelacht-habe-ich-im-hospiz\/","og_site_name":"Vitamin G \u2013 f\u00fcr Health Professionals mit Weitblick","article_published_time":"2023-07-19T09:54:54+00:00","article_modified_time":"2024-08-07T12:55:51+00:00","og_image":[{"width":2000,"height":1000,"url":"http:\/\/blog.zhaw.ch\/vitamin-g\/files\/2023\/07\/Hospiz.final_.jpg","type":"image\/jpeg"}],"author":"Vitamin G","twitter_card":"summary_large_image","twitter_misc":{"Verfasst von":"Vitamin G","Gesch\u00e4tzte Lesezeit":"6\u00a0Minuten"},"schema":{"@context":"https:\/\/schema.org","@graph":[{"@type":"Article","@id":"https:\/\/blog.zhaw.ch\/vitamin-g\/am-meisten-gelacht-habe-ich-im-hospiz\/#article","isPartOf":{"@id":"https:\/\/blog.zhaw.ch\/vitamin-g\/am-meisten-gelacht-habe-ich-im-hospiz\/"},"author":{"name":"Vitamin G","@id":"https:\/\/blog.zhaw.ch\/vitamin-g\/#\/schema\/person\/d519fda9e57b30bd86cfa45d4da7fd0f"},"headline":"Am meisten gelacht habe ich im Hospiz","datePublished":"2023-07-19T09:54:54+00:00","dateModified":"2024-08-07T12:55:51+00:00","mainEntityOfPage":{"@id":"https:\/\/blog.zhaw.ch\/vitamin-g\/am-meisten-gelacht-habe-ich-im-hospiz\/"},"wordCount":1027,"commentCount":0,"image":{"@id":"https:\/\/blog.zhaw.ch\/vitamin-g\/am-meisten-gelacht-habe-ich-im-hospiz\/#primaryimage"},"thumbnailUrl":"https:\/\/blog.zhaw.ch\/vitamin-g\/files\/2023\/07\/Hospiz.final_.jpg","articleSection":{"1":"Dossier"},"inLanguage":"de","potentialAction":[{"@type":"CommentAction","name":"Comment","target":["https:\/\/blog.zhaw.ch\/vitamin-g\/am-meisten-gelacht-habe-ich-im-hospiz\/#respond"]}]},{"@type":"WebPage","@id":"https:\/\/blog.zhaw.ch\/vitamin-g\/am-meisten-gelacht-habe-ich-im-hospiz\/","url":"https:\/\/blog.zhaw.ch\/vitamin-g\/am-meisten-gelacht-habe-ich-im-hospiz\/","name":"Am meisten gelacht habe ich im Hospiz - Vitamin G \u2013 f\u00fcr Health Professionals mit Weitblick","isPartOf":{"@id":"https:\/\/blog.zhaw.ch\/vitamin-g\/#website"},"primaryImageOfPage":{"@id":"https:\/\/blog.zhaw.ch\/vitamin-g\/am-meisten-gelacht-habe-ich-im-hospiz\/#primaryimage"},"image":{"@id":"https:\/\/blog.zhaw.ch\/vitamin-g\/am-meisten-gelacht-habe-ich-im-hospiz\/#primaryimage"},"thumbnailUrl":"https:\/\/blog.zhaw.ch\/vitamin-g\/files\/2023\/07\/Hospiz.final_.jpg","datePublished":"2023-07-19T09:54:54+00:00","dateModified":"2024-08-07T12:55:51+00:00","author":{"@id":"https:\/\/blog.zhaw.ch\/vitamin-g\/#\/schema\/person\/d519fda9e57b30bd86cfa45d4da7fd0f"},"breadcrumb":{"@id":"https:\/\/blog.zhaw.ch\/vitamin-g\/am-meisten-gelacht-habe-ich-im-hospiz\/#breadcrumb"},"inLanguage":"de","potentialAction":[{"@type":"ReadAction","target":["https:\/\/blog.zhaw.ch\/vitamin-g\/am-meisten-gelacht-habe-ich-im-hospiz\/"]}]},{"@type":"ImageObject","inLanguage":"de","@id":"https:\/\/blog.zhaw.ch\/vitamin-g\/am-meisten-gelacht-habe-ich-im-hospiz\/#primaryimage","url":"https:\/\/blog.zhaw.ch\/vitamin-g\/files\/2023\/07\/Hospiz.final_.jpg","contentUrl":"https:\/\/blog.zhaw.ch\/vitamin-g\/files\/2023\/07\/Hospiz.final_.jpg","width":2000,"height":1000},{"@type":"BreadcrumbList","@id":"https:\/\/blog.zhaw.ch\/vitamin-g\/am-meisten-gelacht-habe-ich-im-hospiz\/#breadcrumb","itemListElement":[{"@type":"ListItem","position":1,"name":"Startseite","item":"https:\/\/blog.zhaw.ch\/vitamin-g\/"},{"@type":"ListItem","position":2,"name":"Am meisten gelacht habe ich im Hospiz"}]},{"@type":"WebSite","@id":"https:\/\/blog.zhaw.ch\/vitamin-g\/#website","url":"https:\/\/blog.zhaw.ch\/vitamin-g\/","name":"Vitamin G \u2013 f\u00fcr Health Professionals mit Weitblick","description":"Ein Blog der ZHAW Z\u00fcrcher Hochschule f\u00fcr Angewandte Wissenschaften","potentialAction":[{"@type":"SearchAction","target":{"@type":"EntryPoint","urlTemplate":"https:\/\/blog.zhaw.ch\/vitamin-g\/?s={search_term_string}"},"query-input":{"@type":"PropertyValueSpecification","valueRequired":true,"valueName":"search_term_string"}}],"inLanguage":"de"},{"@type":"Person","@id":"https:\/\/blog.zhaw.ch\/vitamin-g\/#\/schema\/person\/d519fda9e57b30bd86cfa45d4da7fd0f","name":"Vitamin G","image":{"@type":"ImageObject","inLanguage":"de","@id":"https:\/\/secure.gravatar.com\/avatar\/01ab4b47045ffae2574da15e435b7215f291428d71fa161fb42d7a80d82f2977?s=96&d=mm&r=g","url":"https:\/\/secure.gravatar.com\/avatar\/01ab4b47045ffae2574da15e435b7215f291428d71fa161fb42d7a80d82f2977?s=96&d=mm&r=g","contentUrl":"https:\/\/secure.gravatar.com\/avatar\/01ab4b47045ffae2574da15e435b7215f291428d71fa161fb42d7a80d82f2977?s=96&d=mm&r=g","caption":"Vitamin G"},"url":"https:\/\/blog.zhaw.ch\/vitamin-g\/author\/lipu\/"}]}},"_links":{"self":[{"href":"https:\/\/blog.zhaw.ch\/vitamin-g\/wp-json\/wp\/v2\/posts\/2569","targetHints":{"allow":["GET"]}}],"collection":[{"href":"https:\/\/blog.zhaw.ch\/vitamin-g\/wp-json\/wp\/v2\/posts"}],"about":[{"href":"https:\/\/blog.zhaw.ch\/vitamin-g\/wp-json\/wp\/v2\/types\/post"}],"author":[{"embeddable":true,"href":"https:\/\/blog.zhaw.ch\/vitamin-g\/wp-json\/wp\/v2\/users\/305"}],"replies":[{"embeddable":true,"href":"https:\/\/blog.zhaw.ch\/vitamin-g\/wp-json\/wp\/v2\/comments?post=2569"}],"version-history":[{"count":10,"href":"https:\/\/blog.zhaw.ch\/vitamin-g\/wp-json\/wp\/v2\/posts\/2569\/revisions"}],"predecessor-version":[{"id":2897,"href":"https:\/\/blog.zhaw.ch\/vitamin-g\/wp-json\/wp\/v2\/posts\/2569\/revisions\/2897"}],"wp:featuredmedia":[{"embeddable":true,"href":"https:\/\/blog.zhaw.ch\/vitamin-g\/wp-json\/wp\/v2\/media\/2601"}],"wp:attachment":[{"href":"https:\/\/blog.zhaw.ch\/vitamin-g\/wp-json\/wp\/v2\/media?parent=2569"}],"wp:term":[{"taxonomy":"category","embeddable":true,"href":"https:\/\/blog.zhaw.ch\/vitamin-g\/wp-json\/wp\/v2\/categories?post=2569"},{"taxonomy":"post_tag","embeddable":true,"href":"https:\/\/blog.zhaw.ch\/vitamin-g\/wp-json\/wp\/v2\/tags?post=2569"},{"taxonomy":"features","embeddable":true,"href":"https:\/\/blog.zhaw.ch\/vitamin-g\/wp-json\/wp\/v2\/features?post=2569"}],"curies":[{"name":"wp","href":"https:\/\/api.w.org\/{rel}","templated":true}]}}