{"id":2265,"date":"2022-11-15T11:11:02","date_gmt":"2022-11-15T10:11:02","guid":{"rendered":"https:\/\/blog.zhaw.ch\/vitamin-g\/?p=2265"},"modified":"2022-11-28T15:43:08","modified_gmt":"2022-11-28T14:43:08","slug":"so-laesst-es-sich-laenger-autonom-zu-hause-leben","status":"publish","type":"post","link":"https:\/\/blog.zhaw.ch\/vitamin-g\/so-laesst-es-sich-laenger-autonom-zu-hause-leben\/","title":{"rendered":"So l\u00e4sst es sich l\u00e4nger autonom zu Hause leben"},"content":{"rendered":"\n<p><strong>Mit der richtigen Beratung und einfachen pr\u00e4ventiven Massnahmen lassen sich<\/strong> <strong>Wohnungen altersgerecht umgestalten. Ein Forschungsprojekt der ZHAW in Zusammenarbeit mit der Spitex Kriens und dem Zentrum f\u00fcr Ergotherapie Luzern zeigt auf, wie \u00e4ltere Menschen, die sich fr\u00fch Gedanken machen, sp\u00e4ter profitieren.<\/strong><\/p>\n\n\n\n<!--more-->\n\n\n\n<p>Nina Kobelt<\/p>\n\n\n\n<p>Ausgerutscht ist sie noch nie. \u00abAber wahrscheinlich w\u00e4re genau das passiert\u00bb, sagt Alice Kaufmann und schaut auf den Teppich vor dem Kochbereich. Der Teppich passt perfekt zum Rest der stilsicher eingerichteten Alterswohnung. Die 79-J\u00e4hrige mit dem verschmitzten L\u00e4cheln findet ihn wundersch\u00f6n. Praktisch ist er auch: Ausgestattet mit einer rutschfesten Fl\u00e4che verhindert er unn\u00f6tige St\u00fcrze und andere Unf\u00e4lle.<\/p>\n\n\n\n<p>Alice Kaufmann lebt in einer Wohnung im Lindenpark in Kriens. Die Genossenschaft \u00abWohnen im Alter in Kriens\u00bb bietet dort Wohnungen f\u00fcr Senior:innen mitten im Stadtzentrum an. Im gleichen Haus befindet sich auch die Spitex Kriens, die das Pilotprojekt zu \u00abPr\u00e4ventiver Wohnraumanpassung\u00bb durchgef\u00fchrt hat. Das Konzept daf\u00fcr hat eine Projektgruppe am Departement Gesundheit der ZHAW entwickelt.<\/p>\n\n\n\n<p>Einen Teppich vor den Herd zu legen, damit man auf dem Parkett trittsicher kochen kann, ist eine einfache pr\u00e4ventive Massnahme. Dasselbe gilt f\u00fcr Griffe in Badezimmern, auf die man sich st\u00fctzen kann, helleres Licht, um besser zu sehen, oder f\u00fcr Griff-Verdickungen an Zahnb\u00fcrsten. Einfach, nur: Oftmals denkt man gar nicht daran, fr\u00fchzeitig etwas zu ver\u00e4ndern. Wohnraumanpassungen werden erst als Folge eines Sturzes, eines anderen Unfalls oder einer Krankheit vorgenommen. W\u00fcrden aber etwa Ergotherapeut:innen und die Spitex solche Anpassungen pr\u00e4ventiv vornehmen, k\u00f6nnten Unf\u00e4lle vermieden werden. Mehr noch: \u00abPr\u00e4ventive Wohnraumanpassungen haben das Potenzial, Autonomie, Lebensqualit\u00e4t und soziale Partizipation dieser Menschen zu f\u00f6rdern\u00bb, wie es in der Beschreibung der ZHAW Forschungsstelle heisst. Zumal die Anzahl \u00e4lterer Menschen mit chronischen Erkrankungen in den n\u00e4chsten Jahren stark steigen wird. Viele m\u00f6chten zu Hause wohnen bleiben. Aber nur wenige Privatwohnungen wurden nach den Bed\u00fcrfnissen einer \u00e4lter werdenden Bev\u00f6lkerung gebaut.<\/p>\n\n\n\n<p>Basis f\u00fcr das Forschungsprojekt \u00abPr\u00e4ventive Wohnraumanpassung\u00bb waren Fokusgruppen mit Betroffenen sowie Gesundheitsfachpersonen, Politiker:innen, Altersorgansisationen, Hausverwaltungen oder Wohnbaugenossenschaften. Das Ziel: Herauszufinden, wie Menschen mithilfe von Ergotherapie l\u00e4nger selbst\u00e4ndig zu Hause leben k\u00f6nnen. Wie m\u00fcssen solche Prozesse gestaltet werden? Und wie sieht die finanzielle Umsetzung aus? In einem ersten Schritt f\u00fchrte das Projektteam Gruppeninterviews mit Fachpersonen, Spitex-Klient:innen und deren Angeh\u00f6rigen durch. Bei vielen Spitex-Klient:innen stellte sich schnell heraus, dass ihre Wohnungen nicht altersgerecht eingerichtet sind.<\/p>\n\n\n\n<h2 class=\"wp-block-heading\">Ein Hochbeet als pr\u00e4ventive Massnahme<\/h2>\n\n\n\n<p>Das will Hannes Koch \u00e4ndern. Der Leiter der Spitex Kriens initiierte das Pilotprojekt. Denn: Ein Ansatz, der das sogenannt \u00abautonome Altern am richtigen Ort\u00bb erm\u00f6glicht, sei im System nicht vorgesehen gewesen. Er zeigt auf ein Hochbeet, das man auch als \u00abpr\u00e4ventive Anpassung\u00bb anschauen k\u00f6nnte. Die Dachterrasse an der Schachenstrasse 9, wo sich auch die Spitex-B\u00fcros befinden, dient Mitarbeitenden wie Bewohner:innen als kleine Oase. Hier bl\u00fcht einiges, Blumen, Str\u00e4ucher, sogar B\u00e4ume. Und Kr\u00e4uter \u2013 in besagten Hochbeeten. Der Vorteil: Man kann gut mit dem Rollstuhl oder einer Gehhilfe hinfahren, j\u00e4ten und g\u00e4rtnern, weil es viel Platz f\u00fcr die Beine gibt. F\u00fcr Koch ist klar: \u00abMit fachkundiger Beratung und kleinen Anpassungen k\u00f6nnten unsere Klient:innen l\u00e4nger selbstst\u00e4ndig wohnen.\u00bb<\/p>\n\n\n\n<p>Die interprofessionelle Intervention \u2013 also der praktische Teil des Projekts \u2013 startete im Fr\u00fchling 2021 mit f\u00fcnf SpitexKlient:innen in Kriens. Eine Ergotherapeutin besuchte die Interessierten, schaute sich mit ihnen Barrieren und Ressourcen an, begutachtete B\u00f6den und W\u00e4nde, man suchte gemeinsam nach L\u00f6sungen. So kann zum Beispiel Spitex Klientin Susanne B\u00fcchler dank dem Pilotprojekt trotz chronischer Erkrankung weitgehend autonom in ihrer Wohnung leben. Nach Gespr\u00e4chen mit der Spitex-Angestellten wurde bei ihr ein sogenannter WC-Arm installiert. Sie kann ihren rechten Arm nach einem Unfall nicht mehr belasten \u2013 das Lavabo, an dem sie sich h\u00e4tte aufst\u00fctzen k\u00f6nnen, befindet sich aber genau auf dieser \u00abfalschen\u00bb Seite. Bei ihrer Wohnungst\u00fcr wurde ein Theraband angebracht. Damit kann sie die T\u00fcr selbstst\u00e4ndig schliessen.<\/p>\n\n\n\n<p>Viel Arbeit floss in die Beratung: Ein Klient traute sich nicht mehr aus dem Haus, weil er seine demente Frau nicht allein lassen wollte. Ihm wurden M\u00f6glichkeiten aufgezeigt, was man unternehmen k\u00f6nnte. In einem anderen Fall ging es darum, eine T\u00fcrschwelle anzupassen. In einem Keller wurden \u2013 f\u00fcr bessere Lichtverh\u00e4ltnisse \u2013 die Lampen ausgewechselt. \u00abEs gibt zwei Arten von Klient:innen: Jene, die etwas unternehmen, wenn es ihnen schlecht geht. Und die anderen, die sich vorher auf eine Beratung und im besten Falle eine Ver\u00e4nderung einlassen\u00bb, sagt Hannes Koch. Das Bewusstsein, wie wichtig eine Beratung ist, sei zwar da, aber oft hapere es am Informationsfluss.<\/p>\n\n\n\n<h2 class=\"wp-block-heading\">Zusammenarbeit hat sich bew\u00e4hrt<\/h2>\n\n\n\n<p>\u00abDas Pilotprojekt hat Nutzen gebracht\u00bb, findet Koch. Sein Ziel: Das Potenzial des Spitex-Teams \u00abHauswirtschaft und Betreuung\u00bb mit dem Know-how von Ergotherapeut:innen besser zu verbinden. Vom sperrigen Begriff \u00abpr\u00e4ventive Wohnraumanpassung\u00bb will man allerdings wegkommen: Die Spitex Kriens und das Zentrum f\u00fcr Ergotherapie Luzern wollen das Angebot nun unter dem Namen \u00abProgramm zur F\u00f6rderung von Autonomie und Partizipation \u00e4lterer Menschen am richtigen Ort\u00bb in den regul\u00e4ren Betrieb \u00fcberf\u00fchren.<\/p>\n\n\n\n<p>Auch Projektleiterin Brigitte Gantschnig, Professorin und Forschungsleiterin am Institut f\u00fcr Ergotherapie der ZHAW, ist erfreut: \u00abDie interprofessionelle Zusammenarbeit zwischen Spitex und Ergotherapie hat sich bew\u00e4hrt, es entstand ein klarer Mehrwert.\u00bb Das Wissen der Mitarbeitenden \u00fcber die jeweils andere Profession habe sich durch den intensiven Austausch verbessert. Damit das Modell der interprofessionellen Zusammenarbeit m\u00f6glichst einfach von anderen Organisationen der Spitex und weiteren Ergotherapeut:innen \u00fcbernommen werden kann, wurden im Rahmen des Projekts bereits ein Prozess definiert und entsprechende Materialien erarbeitet.<\/p>\n\n\n\n<p>Das Konzept scheint gut anzukommen: Vertreter von Pro Senectute, Architektur und Ergotherapie h\u00e4tten bereits Interesse angemeldet. Und Gantschnig weist auf eine weitere Erkenntnis hin: \u00abNicht alle \u00e4lteren Menschen mit chronischen Erkrankungen ben\u00f6tigen ein solches Angebot. Vor allem Personen, die nicht \u00fcber gen\u00fcgend pers\u00f6nliche, soziale und finanzielle Ressourcen verf\u00fcgen, scheinen davon zu profitieren. Daher ist eine gezielte Auswahl der Personen n\u00f6tig, denen eine pr\u00e4ventive Wohnraumanpassung angeboten wird.\u00bb<\/p>\n\n\n\n<h2 class=\"wp-block-heading\">Vorbild Skandinavien<\/h2>\n\n\n\n<p>Die Beratung und Erkennung von Hindernissen ist also zentral. Nur \u2013 wie kommen \u00e4ltere Personen zu den entsprechenden Informationen? Ein Blick nach Skandinavien zeigt, wie es funktionieren k\u00f6nnte. In L\u00e4ndern wie D\u00e4nemark oder Schweden seien pr\u00e4ventive Hausbesuche bereits etabliert, sagt die Professorin. Das Gesundheitswesen hierzulande ist jedoch anders strukturiert. \u00abEin Problem in der Schweiz ist die Finanzierung von Massnahmen, die \u00fcber die klassischen gesundheitsbezogenen Leistungen wie Ergotherapie und Pflege hinausgehen. Anders in Skandinavien: Dort werden j\u00e4hrliche pr\u00e4ventive Hausbesuche von Ergotherapeut:innen bei \u00e4lteren Personen von den Gemeinden finanziert.\u00bb<\/p>\n\n\n\n<h2 class=\"wp-block-heading\">Bessere Koordination<\/h2>\n\n\n\n<p>Und genau solche Hausbesuche, zeigen Studien, f\u00f6rdern nicht nur die Autonomie von \u00e4lteren Personen, sondern reduzieren auch die Kosten f\u00fcr die Gesellschaft, da \u00e4ltere Personen l\u00e4nger selbst\u00e4ndig leben k\u00f6nnen. Mit der F\u00f6rderung von Projekten wie jenem der ZHAW w\u00fcrde also am Ende die Gesellschaft sparen. \u00abDa in der Schweiz jedoch Krankheits\u00ad, Sozial\u00ad, und Pflegeleistungen aus unterschiedlichen T\u00f6pfen finanziert sind, fehlt h\u00e4ufig das Interesse der Krankenkassen, etwas zu finanzieren, was Gemeinden oder der AHV zugutekommt\u00bb, so Gantschnig. Sie w\u00fcnscht sich deshalb eine bessere Koordination bei der Finanzierung von Gesundheitsund Sozialleistungen. Denn: Die Forschungsleiterin und ein interprofessionelles Team aus Ergotherpeut:innen, Physiotherapeut:innen, Pflegefachpersonen, Sozalarbeiter:innen und Jurist:innen planen bereits Nachfolgeprojekte, die das \u00abautonome Altern am richtigen Ort\u00bb f\u00f6rdern. \/\/<\/p>\n\n\n\n<p><strong><em><a href=\"https:\/\/www.zhaw.ch\/storage\/gesundheit\/ueber-uns\/medien-news\/vitamin-g\/zhaw-vitaming-13-2022-web-doppelseiten.pdf#page=9\">Vitamin G, S. 17-19<\/a><\/em><\/strong><\/p>\n\n\n\n<hr class=\"wp-block-separator\" \/>\n\n\n\n<h2 class=\"wp-block-heading\">Weitere Informationen<\/h2>\n\n\n\n<ul class=\"wp-block-list\"><li><a href=\"https:\/\/www.zhaw.ch\/de\/gesundheit\/forschung\/ergotherapie\/projekte\/praeventive-wohnraumanpassung\/\">Das Projekt \u00abPr\u00e4ventive Wohnraumanpassung\u00bb<\/a><\/li><li><a href=\"https:\/\/impact.zhaw.ch\/de\/artikel\/hausbesuche-zur-praevention-beraten-bevor-etwas-passiert\">Beraten, bevor etwas passiert, Artikel im Impact<\/a><\/li><li><a href=\"https:\/\/forschungsbericht.gesundheit.zhaw.ch\/schwerpunkt-altern\/praevention-fuer-ein-gesuenderes-altern\/die-wohnung-anpassen-bevor-es-zuhause-nicht-mehr-geht\/\">Die Wohnung anpassen, bevor etwas passiert, ZHAW Forschungsbericht 2021<\/a><\/li><li><a href=\"https:\/\/www.zhaw.ch\/storage\/gesundheit\/institute-zentren\/ier\/projekte\/wohnraumanpassung\/artikel-spitex-magazin-praeventive-wohnraumanpassung-zhaw-ergotherapie.pdf\">Selbst\u00e4ndiges Wohnen im Alter, Spitex-Magazin 2\/22<\/a><\/li><\/ul>\n\n\n\n<h2 class=\"wp-block-heading\" id=\"h-magazin-vitamin-g-fur-health-professionals-mit-weitblick\"><strong>Magazin \u00abVitamin G \u2013 f\u00fcr Health Professionals mit Weitblick\u00bb<\/strong><\/h2>\n\n\n\n<ul class=\"wp-block-list\">\n<li><a href=\"https:\/\/www.zhaw.ch\/de\/gesundheit\/ueber-uns\/medien\/magazin-vitamin-g\/\">\u00abVitamin G\u00bb bestellen<\/a><\/li>\n\n\n\n<li><a href=\"https:\/\/www.zhaw.ch\/storage\/gesundheit\/ueber-uns\/medien-news\/vitamin-g\/vitaming-19-2025-ds-zhaw-gesundheit.pdf\">Aktuelles \u00abVitamin G\u00bb als PDF lesen<\/a><\/li>\n\n\n\n<li><a href=\"https:\/\/www.zhaw.ch\/de\/gesundheit\/ueber-uns\/medien\/magazin-vitamin-g\/#c16801\">Bisher erschienene Ausgaben<\/a><\/li>\n<\/ul>\n","protected":false},"excerpt":{"rendered":"<p>Mit der richtigen Beratung und einfachen pr\u00e4ventiven Massnahmen lassen sich Wohnungen altersgerecht umgestalten. Ein Forschungsprojekt der ZHAW in Zusammenarbeit mit der Spitex Kriens und dem Zentrum f\u00fcr Ergotherapie Luzern zeigt auf, wie \u00e4ltere Menschen, die sich fr\u00fch Gedanken machen, sp\u00e4ter profitieren.<\/p>\n","protected":false},"author":303,"featured_media":2268,"comment_status":"open","ping_status":"open","sticky":false,"template":"","format":"standard","meta":{"ngg_post_thumbnail":0,"footnotes":""},"categories":[1,6,7],"tags":[],"features":[],"class_list":["post-2265","post","type-post","status-publish","format-standard","has-post-thumbnail","hentry","category-allgemein","category-dossier","category-forschung"],"yoast_head":"<!-- This site is optimized with the Yoast SEO Premium plugin v27.2 (Yoast SEO v27.2) - https:\/\/yoast.com\/product\/yoast-seo-premium-wordpress\/ -->\n<title>So l\u00e4sst es sich l\u00e4nger autonom zu Hause leben - Vitamin G \u2013 f\u00fcr Health Professionals mit Weitblick<\/title>\n<meta name=\"robots\" content=\"index, follow, max-snippet:-1, max-image-preview:large, max-video-preview:-1\" \/>\n<link rel=\"canonical\" href=\"https:\/\/blog.zhaw.ch\/vitamin-g\/so-laesst-es-sich-laenger-autonom-zu-hause-leben\/\" \/>\n<meta property=\"og:locale\" content=\"de_DE\" \/>\n<meta property=\"og:type\" content=\"article\" \/>\n<meta property=\"og:title\" content=\"So l\u00e4sst es sich l\u00e4nger autonom zu Hause leben\" \/>\n<meta property=\"og:description\" content=\"Mit der richtigen Beratung und einfachen pr\u00e4ventiven Massnahmen lassen sich Wohnungen altersgerecht umgestalten. Ein Forschungsprojekt der ZHAW in Zusammenarbeit mit der Spitex Kriens und dem Zentrum f\u00fcr Ergotherapie Luzern zeigt auf, wie \u00e4ltere Menschen, die sich fr\u00fch Gedanken machen, sp\u00e4ter profitieren.\" \/>\n<meta property=\"og:url\" content=\"https:\/\/blog.zhaw.ch\/vitamin-g\/so-laesst-es-sich-laenger-autonom-zu-hause-leben\/\" \/>\n<meta property=\"og:site_name\" content=\"Vitamin G \u2013 f\u00fcr Health Professionals mit Weitblick\" \/>\n<meta property=\"article:published_time\" content=\"2022-11-15T10:11:02+00:00\" \/>\n<meta property=\"article:modified_time\" content=\"2022-11-28T14:43:08+00:00\" \/>\n<meta property=\"og:image\" content=\"https:\/\/blog.zhaw.ch\/vitamin-g\/files\/2022\/11\/2022-13-vitamin-g-wohnungsanpassung-zhaw-gesundheit.jpg\" \/>\n\t<meta property=\"og:image:width\" content=\"2000\" \/>\n\t<meta property=\"og:image:height\" content=\"1000\" \/>\n\t<meta property=\"og:image:type\" content=\"image\/jpeg\" \/>\n<meta name=\"author\" content=\"Vitamin G\" \/>\n<meta name=\"twitter:card\" content=\"summary_large_image\" \/>\n<meta name=\"twitter:label1\" content=\"Verfasst von\" \/>\n\t<meta name=\"twitter:data1\" content=\"Vitamin G\" \/>\n\t<meta name=\"twitter:label2\" content=\"Gesch\u00e4tzte Lesezeit\" \/>\n\t<meta name=\"twitter:data2\" content=\"6\u00a0Minuten\" \/>\n<script type=\"application\/ld+json\" class=\"yoast-schema-graph\">{\"@context\":\"https:\/\/schema.org\",\"@graph\":[{\"@type\":\"Article\",\"@id\":\"https:\/\/blog.zhaw.ch\/vitamin-g\/so-laesst-es-sich-laenger-autonom-zu-hause-leben\/#article\",\"isPartOf\":{\"@id\":\"https:\/\/blog.zhaw.ch\/vitamin-g\/so-laesst-es-sich-laenger-autonom-zu-hause-leben\/\"},\"author\":{\"name\":\"Vitamin G\",\"@id\":\"https:\/\/blog.zhaw.ch\/vitamin-g\/#\/schema\/person\/c40eef1fd6b5c80a87a5ab6f21a50cc1\"},\"headline\":\"So l\u00e4sst es sich l\u00e4nger autonom zu Hause leben\",\"datePublished\":\"2022-11-15T10:11:02+00:00\",\"dateModified\":\"2022-11-28T14:43:08+00:00\",\"mainEntityOfPage\":{\"@id\":\"https:\/\/blog.zhaw.ch\/vitamin-g\/so-laesst-es-sich-laenger-autonom-zu-hause-leben\/\"},\"wordCount\":1291,\"commentCount\":0,\"image\":{\"@id\":\"https:\/\/blog.zhaw.ch\/vitamin-g\/so-laesst-es-sich-laenger-autonom-zu-hause-leben\/#primaryimage\"},\"thumbnailUrl\":\"https:\/\/blog.zhaw.ch\/vitamin-g\/files\/2022\/11\/2022-13-vitamin-g-wohnungsanpassung-zhaw-gesundheit.jpg\",\"articleSection\":{\"1\":\"Dossier\",\"2\":\"Forschung\"},\"inLanguage\":\"de\",\"potentialAction\":[{\"@type\":\"CommentAction\",\"name\":\"Comment\",\"target\":[\"https:\/\/blog.zhaw.ch\/vitamin-g\/so-laesst-es-sich-laenger-autonom-zu-hause-leben\/#respond\"]}]},{\"@type\":\"WebPage\",\"@id\":\"https:\/\/blog.zhaw.ch\/vitamin-g\/so-laesst-es-sich-laenger-autonom-zu-hause-leben\/\",\"url\":\"https:\/\/blog.zhaw.ch\/vitamin-g\/so-laesst-es-sich-laenger-autonom-zu-hause-leben\/\",\"name\":\"So l\u00e4sst es sich l\u00e4nger autonom zu Hause leben - Vitamin G \u2013 f\u00fcr Health Professionals mit Weitblick\",\"isPartOf\":{\"@id\":\"https:\/\/blog.zhaw.ch\/vitamin-g\/#website\"},\"primaryImageOfPage\":{\"@id\":\"https:\/\/blog.zhaw.ch\/vitamin-g\/so-laesst-es-sich-laenger-autonom-zu-hause-leben\/#primaryimage\"},\"image\":{\"@id\":\"https:\/\/blog.zhaw.ch\/vitamin-g\/so-laesst-es-sich-laenger-autonom-zu-hause-leben\/#primaryimage\"},\"thumbnailUrl\":\"https:\/\/blog.zhaw.ch\/vitamin-g\/files\/2022\/11\/2022-13-vitamin-g-wohnungsanpassung-zhaw-gesundheit.jpg\",\"datePublished\":\"2022-11-15T10:11:02+00:00\",\"dateModified\":\"2022-11-28T14:43:08+00:00\",\"author\":{\"@id\":\"https:\/\/blog.zhaw.ch\/vitamin-g\/#\/schema\/person\/c40eef1fd6b5c80a87a5ab6f21a50cc1\"},\"breadcrumb\":{\"@id\":\"https:\/\/blog.zhaw.ch\/vitamin-g\/so-laesst-es-sich-laenger-autonom-zu-hause-leben\/#breadcrumb\"},\"inLanguage\":\"de\",\"potentialAction\":[{\"@type\":\"ReadAction\",\"target\":[\"https:\/\/blog.zhaw.ch\/vitamin-g\/so-laesst-es-sich-laenger-autonom-zu-hause-leben\/\"]}]},{\"@type\":\"ImageObject\",\"inLanguage\":\"de\",\"@id\":\"https:\/\/blog.zhaw.ch\/vitamin-g\/so-laesst-es-sich-laenger-autonom-zu-hause-leben\/#primaryimage\",\"url\":\"https:\/\/blog.zhaw.ch\/vitamin-g\/files\/2022\/11\/2022-13-vitamin-g-wohnungsanpassung-zhaw-gesundheit.jpg\",\"contentUrl\":\"https:\/\/blog.zhaw.ch\/vitamin-g\/files\/2022\/11\/2022-13-vitamin-g-wohnungsanpassung-zhaw-gesundheit.jpg\",\"width\":2000,\"height\":1000},{\"@type\":\"BreadcrumbList\",\"@id\":\"https:\/\/blog.zhaw.ch\/vitamin-g\/so-laesst-es-sich-laenger-autonom-zu-hause-leben\/#breadcrumb\",\"itemListElement\":[{\"@type\":\"ListItem\",\"position\":1,\"name\":\"Startseite\",\"item\":\"https:\/\/blog.zhaw.ch\/vitamin-g\/\"},{\"@type\":\"ListItem\",\"position\":2,\"name\":\"So l\u00e4sst es sich l\u00e4nger autonom zu Hause leben\"}]},{\"@type\":\"WebSite\",\"@id\":\"https:\/\/blog.zhaw.ch\/vitamin-g\/#website\",\"url\":\"https:\/\/blog.zhaw.ch\/vitamin-g\/\",\"name\":\"Vitamin G \u2013 f\u00fcr Health Professionals mit Weitblick\",\"description\":\"Ein Blog der ZHAW Z\u00fcrcher Hochschule f\u00fcr Angewandte Wissenschaften\",\"potentialAction\":[{\"@type\":\"SearchAction\",\"target\":{\"@type\":\"EntryPoint\",\"urlTemplate\":\"https:\/\/blog.zhaw.ch\/vitamin-g\/?s={search_term_string}\"},\"query-input\":{\"@type\":\"PropertyValueSpecification\",\"valueRequired\":true,\"valueName\":\"search_term_string\"}}],\"inLanguage\":\"de\"},{\"@type\":\"Person\",\"@id\":\"https:\/\/blog.zhaw.ch\/vitamin-g\/#\/schema\/person\/c40eef1fd6b5c80a87a5ab6f21a50cc1\",\"name\":\"Vitamin G\",\"image\":{\"@type\":\"ImageObject\",\"inLanguage\":\"de\",\"@id\":\"https:\/\/secure.gravatar.com\/avatar\/98f5da1c92db080b7a9598ea470459f2dfc333ede5e4b0779b146129ec54cb34?s=96&d=mm&r=g\",\"url\":\"https:\/\/secure.gravatar.com\/avatar\/98f5da1c92db080b7a9598ea470459f2dfc333ede5e4b0779b146129ec54cb34?s=96&d=mm&r=g\",\"contentUrl\":\"https:\/\/secure.gravatar.com\/avatar\/98f5da1c92db080b7a9598ea470459f2dfc333ede5e4b0779b146129ec54cb34?s=96&d=mm&r=g\",\"caption\":\"Vitamin G\"},\"url\":\"https:\/\/blog.zhaw.ch\/vitamin-g\/author\/funp\/\"}]}<\/script>\n<!-- \/ Yoast SEO Premium plugin. -->","yoast_head_json":{"title":"So l\u00e4sst es sich l\u00e4nger autonom zu Hause leben - Vitamin G \u2013 f\u00fcr Health Professionals mit Weitblick","robots":{"index":"index","follow":"follow","max-snippet":"max-snippet:-1","max-image-preview":"max-image-preview:large","max-video-preview":"max-video-preview:-1"},"canonical":"https:\/\/blog.zhaw.ch\/vitamin-g\/so-laesst-es-sich-laenger-autonom-zu-hause-leben\/","og_locale":"de_DE","og_type":"article","og_title":"So l\u00e4sst es sich l\u00e4nger autonom zu Hause leben","og_description":"Mit der richtigen Beratung und einfachen pr\u00e4ventiven Massnahmen lassen sich Wohnungen altersgerecht umgestalten. Ein Forschungsprojekt der ZHAW in Zusammenarbeit mit der Spitex Kriens und dem Zentrum f\u00fcr Ergotherapie Luzern zeigt auf, wie \u00e4ltere Menschen, die sich fr\u00fch Gedanken machen, sp\u00e4ter profitieren.","og_url":"https:\/\/blog.zhaw.ch\/vitamin-g\/so-laesst-es-sich-laenger-autonom-zu-hause-leben\/","og_site_name":"Vitamin G \u2013 f\u00fcr Health Professionals mit Weitblick","article_published_time":"2022-11-15T10:11:02+00:00","article_modified_time":"2022-11-28T14:43:08+00:00","og_image":[{"width":2000,"height":1000,"url":"https:\/\/blog.zhaw.ch\/vitamin-g\/files\/2022\/11\/2022-13-vitamin-g-wohnungsanpassung-zhaw-gesundheit.jpg","type":"image\/jpeg"}],"author":"Vitamin G","twitter_card":"summary_large_image","twitter_misc":{"Verfasst von":"Vitamin G","Gesch\u00e4tzte Lesezeit":"6\u00a0Minuten"},"schema":{"@context":"https:\/\/schema.org","@graph":[{"@type":"Article","@id":"https:\/\/blog.zhaw.ch\/vitamin-g\/so-laesst-es-sich-laenger-autonom-zu-hause-leben\/#article","isPartOf":{"@id":"https:\/\/blog.zhaw.ch\/vitamin-g\/so-laesst-es-sich-laenger-autonom-zu-hause-leben\/"},"author":{"name":"Vitamin G","@id":"https:\/\/blog.zhaw.ch\/vitamin-g\/#\/schema\/person\/c40eef1fd6b5c80a87a5ab6f21a50cc1"},"headline":"So l\u00e4sst es sich l\u00e4nger autonom zu Hause leben","datePublished":"2022-11-15T10:11:02+00:00","dateModified":"2022-11-28T14:43:08+00:00","mainEntityOfPage":{"@id":"https:\/\/blog.zhaw.ch\/vitamin-g\/so-laesst-es-sich-laenger-autonom-zu-hause-leben\/"},"wordCount":1291,"commentCount":0,"image":{"@id":"https:\/\/blog.zhaw.ch\/vitamin-g\/so-laesst-es-sich-laenger-autonom-zu-hause-leben\/#primaryimage"},"thumbnailUrl":"https:\/\/blog.zhaw.ch\/vitamin-g\/files\/2022\/11\/2022-13-vitamin-g-wohnungsanpassung-zhaw-gesundheit.jpg","articleSection":{"1":"Dossier","2":"Forschung"},"inLanguage":"de","potentialAction":[{"@type":"CommentAction","name":"Comment","target":["https:\/\/blog.zhaw.ch\/vitamin-g\/so-laesst-es-sich-laenger-autonom-zu-hause-leben\/#respond"]}]},{"@type":"WebPage","@id":"https:\/\/blog.zhaw.ch\/vitamin-g\/so-laesst-es-sich-laenger-autonom-zu-hause-leben\/","url":"https:\/\/blog.zhaw.ch\/vitamin-g\/so-laesst-es-sich-laenger-autonom-zu-hause-leben\/","name":"So l\u00e4sst es sich l\u00e4nger autonom zu Hause leben - Vitamin G \u2013 f\u00fcr Health Professionals mit Weitblick","isPartOf":{"@id":"https:\/\/blog.zhaw.ch\/vitamin-g\/#website"},"primaryImageOfPage":{"@id":"https:\/\/blog.zhaw.ch\/vitamin-g\/so-laesst-es-sich-laenger-autonom-zu-hause-leben\/#primaryimage"},"image":{"@id":"https:\/\/blog.zhaw.ch\/vitamin-g\/so-laesst-es-sich-laenger-autonom-zu-hause-leben\/#primaryimage"},"thumbnailUrl":"https:\/\/blog.zhaw.ch\/vitamin-g\/files\/2022\/11\/2022-13-vitamin-g-wohnungsanpassung-zhaw-gesundheit.jpg","datePublished":"2022-11-15T10:11:02+00:00","dateModified":"2022-11-28T14:43:08+00:00","author":{"@id":"https:\/\/blog.zhaw.ch\/vitamin-g\/#\/schema\/person\/c40eef1fd6b5c80a87a5ab6f21a50cc1"},"breadcrumb":{"@id":"https:\/\/blog.zhaw.ch\/vitamin-g\/so-laesst-es-sich-laenger-autonom-zu-hause-leben\/#breadcrumb"},"inLanguage":"de","potentialAction":[{"@type":"ReadAction","target":["https:\/\/blog.zhaw.ch\/vitamin-g\/so-laesst-es-sich-laenger-autonom-zu-hause-leben\/"]}]},{"@type":"ImageObject","inLanguage":"de","@id":"https:\/\/blog.zhaw.ch\/vitamin-g\/so-laesst-es-sich-laenger-autonom-zu-hause-leben\/#primaryimage","url":"https:\/\/blog.zhaw.ch\/vitamin-g\/files\/2022\/11\/2022-13-vitamin-g-wohnungsanpassung-zhaw-gesundheit.jpg","contentUrl":"https:\/\/blog.zhaw.ch\/vitamin-g\/files\/2022\/11\/2022-13-vitamin-g-wohnungsanpassung-zhaw-gesundheit.jpg","width":2000,"height":1000},{"@type":"BreadcrumbList","@id":"https:\/\/blog.zhaw.ch\/vitamin-g\/so-laesst-es-sich-laenger-autonom-zu-hause-leben\/#breadcrumb","itemListElement":[{"@type":"ListItem","position":1,"name":"Startseite","item":"https:\/\/blog.zhaw.ch\/vitamin-g\/"},{"@type":"ListItem","position":2,"name":"So l\u00e4sst es sich l\u00e4nger autonom zu Hause leben"}]},{"@type":"WebSite","@id":"https:\/\/blog.zhaw.ch\/vitamin-g\/#website","url":"https:\/\/blog.zhaw.ch\/vitamin-g\/","name":"Vitamin G \u2013 f\u00fcr Health Professionals mit Weitblick","description":"Ein Blog der ZHAW Z\u00fcrcher Hochschule f\u00fcr Angewandte Wissenschaften","potentialAction":[{"@type":"SearchAction","target":{"@type":"EntryPoint","urlTemplate":"https:\/\/blog.zhaw.ch\/vitamin-g\/?s={search_term_string}"},"query-input":{"@type":"PropertyValueSpecification","valueRequired":true,"valueName":"search_term_string"}}],"inLanguage":"de"},{"@type":"Person","@id":"https:\/\/blog.zhaw.ch\/vitamin-g\/#\/schema\/person\/c40eef1fd6b5c80a87a5ab6f21a50cc1","name":"Vitamin G","image":{"@type":"ImageObject","inLanguage":"de","@id":"https:\/\/secure.gravatar.com\/avatar\/98f5da1c92db080b7a9598ea470459f2dfc333ede5e4b0779b146129ec54cb34?s=96&d=mm&r=g","url":"https:\/\/secure.gravatar.com\/avatar\/98f5da1c92db080b7a9598ea470459f2dfc333ede5e4b0779b146129ec54cb34?s=96&d=mm&r=g","contentUrl":"https:\/\/secure.gravatar.com\/avatar\/98f5da1c92db080b7a9598ea470459f2dfc333ede5e4b0779b146129ec54cb34?s=96&d=mm&r=g","caption":"Vitamin G"},"url":"https:\/\/blog.zhaw.ch\/vitamin-g\/author\/funp\/"}]}},"_links":{"self":[{"href":"https:\/\/blog.zhaw.ch\/vitamin-g\/wp-json\/wp\/v2\/posts\/2265","targetHints":{"allow":["GET"]}}],"collection":[{"href":"https:\/\/blog.zhaw.ch\/vitamin-g\/wp-json\/wp\/v2\/posts"}],"about":[{"href":"https:\/\/blog.zhaw.ch\/vitamin-g\/wp-json\/wp\/v2\/types\/post"}],"author":[{"embeddable":true,"href":"https:\/\/blog.zhaw.ch\/vitamin-g\/wp-json\/wp\/v2\/users\/303"}],"replies":[{"embeddable":true,"href":"https:\/\/blog.zhaw.ch\/vitamin-g\/wp-json\/wp\/v2\/comments?post=2265"}],"version-history":[{"count":6,"href":"https:\/\/blog.zhaw.ch\/vitamin-g\/wp-json\/wp\/v2\/posts\/2265\/revisions"}],"predecessor-version":[{"id":2311,"href":"https:\/\/blog.zhaw.ch\/vitamin-g\/wp-json\/wp\/v2\/posts\/2265\/revisions\/2311"}],"wp:featuredmedia":[{"embeddable":true,"href":"https:\/\/blog.zhaw.ch\/vitamin-g\/wp-json\/wp\/v2\/media\/2268"}],"wp:attachment":[{"href":"https:\/\/blog.zhaw.ch\/vitamin-g\/wp-json\/wp\/v2\/media?parent=2265"}],"wp:term":[{"taxonomy":"category","embeddable":true,"href":"https:\/\/blog.zhaw.ch\/vitamin-g\/wp-json\/wp\/v2\/categories?post=2265"},{"taxonomy":"post_tag","embeddable":true,"href":"https:\/\/blog.zhaw.ch\/vitamin-g\/wp-json\/wp\/v2\/tags?post=2265"},{"taxonomy":"features","embeddable":true,"href":"https:\/\/blog.zhaw.ch\/vitamin-g\/wp-json\/wp\/v2\/features?post=2265"}],"curies":[{"name":"wp","href":"https:\/\/api.w.org\/{rel}","templated":true}]}}