{"id":2184,"date":"2022-10-12T18:00:43","date_gmt":"2022-10-12T16:00:43","guid":{"rendered":"https:\/\/blog.zhaw.ch\/vitamin-g\/?p=2184"},"modified":"2022-10-13T15:03:06","modified_gmt":"2022-10-13T13:03:06","slug":"heute-kommt-die-praxis-live-in-den-hoersaal","status":"publish","type":"post","link":"https:\/\/blog.zhaw.ch\/vitamin-g\/heute-kommt-die-praxis-live-in-den-hoersaal\/","title":{"rendered":"Heute kommt die Praxis live in den H\u00f6rsaal"},"content":{"rendered":"\n<p><strong>Gr\u00f6sserer Lerneffekt dank mehr Authentizit\u00e4t: Im Gesundheitszentrum Thetriz werden physiotherapeutische Sitzungen mit Kindern aufgezeichnet und den Studierenden gezeigt. So k\u00f6nnen sie Theorie und Praxis besser verkn\u00fcpfen.<\/strong><\/p>\n\n\n\n<!--more-->\n\n\n\n<p>VON MARION LOHER<\/p>\n\n\n\n<p>Julian Pfaff ist ein aufgeweckter Bub, der gerne Fussball spielt. Schmerzen in den F\u00fcssen hat der Zw\u00f6lfj\u00e4hrige dabei heute kaum mehr, und auch beim Gehen von l\u00e4ngeren Strecken treten die Beschwerden selten auf. Das war vor ein paar Monaten noch anders. Im Juni 2020 hatte er sich in Deutschland, wo er vor dem Umzug in die Schweiz mit seiner Mutter und der j\u00fcngeren Schwester lebte, einer Knicksenkfuss-Operation unterzogen. Die orthop\u00e4dische Fehlstellung wurde auf beiden Seiten mit Schrauben korrigiert. Daraufhin verbesserte sich seine Fussstellung zwar und auch das Erm\u00fcdungsgef\u00fchl in den F\u00fcssen wurde weniger, doch nach ausgedehnten Fussm\u00e4rschen traten Schmerzen im Bereich der Operationsnarbe auf.<\/p>\n\n\n\n<p>Mittlerweile in der Schweiz angekommen, wurde dem Jungen nach einer \u00e4rztlichen Untersuchung Physiotherapie verordnet, und seine Mutter entschied sich f\u00fcr das Therapie-, Trainings- und Beratungszentrum Thetriz am Departement Gesundheit (siehe Box). \u00abEine Bekannte, die Physiotherapeutin ist, hat mich auf das Thetriz aufmerksam gemacht\u00bb, sagt Gaby Pfaff. Sie schaute sich das Angebot im Internet an und machte einen Termin ab. Seither fahren Mutter und Sohn alle zwei Wochen f\u00fcr die physiotherapeutische Behandlung von ihrem Wohnort Kloten nach Winterthur.<\/p>\n\n\n\n<h2 class=\"wp-block-heading\">Angebot noch im Aufbau<\/h2>\n\n\n\n<p>Das Thetriz hat Anfang 2021 seinen Betrieb aufgenommen, und Julian geh\u00f6rt zu den ersten Patienten in der Kinderphysiotherapie. Verantwortlich hierf\u00fcr ist Silke Scheufele, die an der ZHAW auch doziert. Die p\u00e4diatrische Physiotherapeutin arbeitet in einem 20-Prozent-Pensum im Therapiezentrum. Immer am Mittwoch ist sie im Thetriz, an den anderen Arbeitstagen im Kantonsspital Winterthur, wo sie in der P\u00e4diatrie Akutsomatik als klinische Spezialistin t\u00e4tig ist. \u00abWir haben die Kinderphysiotherapie im Thetriz zurzeit nur an einem Tag in der Woche ge\u00f6ffnet, da wir noch mitten im Aufbau stecken\u00bb, sagt die wissenschaftliche Mitarbeiterin am Institut f\u00fcr Physiotherapie. Aus diesem Grund k\u00f6nnen nur Patientinnen und Patienten aufgenommen werden, die keine hohe Behandlungsfrequenz ben\u00f6tigen. So wie Julian, bei dem eine physiotherapeutische Behandlung zweimal im Monat bis auf Weiteres gen\u00fcgt. \u00abW\u00fcrde aber ein Kind alle zwei bis drei Tage eine Therapie brauchen, m\u00fcsste ich es an eine Kollegin oder einen Kollegen verweisen\u00bb, sagt Silke Scheufele.<\/p>\n\n\n\n<h2 class=\"wp-block-heading\">Komplexes Kamerasystem<\/h2>\n\n\n\n<p>Julian ist aber nicht nur deswegen f\u00fcr eine Behandlung im Thetriz pr\u00e4destiniert. Die Praxis im Therapiezentrum ist auch eine Lehrpraxis, und der Zw\u00f6lfj\u00e4hrige hat mit seinen Knicksenkf\u00fcssen, der Operation und den Beschwerden eine Diagnose, die ein h\u00e4ufiges Thema in der Praxis ist und auch zum Unterrichtsstoff des Physiotherapiestudiums geh\u00f6rt. Die Behandlungen finden in einem Therapieraum statt, der mit einem hochkomplexen Kamerasystem und mehreren Mikrofonen ausgestattet ist. Silke Scheufele hat einige der bisherigen Therapiestunden samt der f\u00fcr die Befundung und den Verlauf n\u00f6tigen Assessments zur Behandlung der Knicksenkf\u00fcsse auf Video aufgenommen \u2013 selbstverst\u00e4ndlich immer mit Einwilligung des Patienten. In diesem Fall mit jener der Mutter, da Julian noch minderj\u00e4hrig ist. Mit ihrer Unterschrift hat sich Gaby Pfaff einverstanden erkl\u00e4rt, die Daten ihres Sohnes f\u00fcr Forschungszwecke sowie f\u00fcr die Aus- und Weiterbildung freizugeben. \u00abF\u00fcr mich war dieses Hochschul-Setting mit ein Grund, weshalb ich mich f\u00fcr das Thetriz entschieden habe\u00bb, sagt sie. \u00abDie Therapeutinnen und Therapeuten sind nahe am aktuellen Wissenschaftsstand, wovon wir sicherlich nur profitieren k\u00f6nnen.\u00bb<\/p>\n\n\n\n<p>Noch ist Silke Scheufele dabei, das Material der vergangenen Therapiesitzungen f\u00fcr den Unterricht zu sichten und zu bearbeiten, doch schon bald soll es f\u00fcr die Vorlesungen im dritten Semester des Bachelorstudiengangs zur Verf\u00fcgung stehen. So k\u00f6nnen die Studierenden Silke Scheufele unmittelbar bei der Arbeit am Patienten beobachten, was ihnen die M\u00f6glichkeit gibt, Theorie und Praxis besser zu verkn\u00fcpfen. Zudem ist es authentischer, wenn sie die Interventionen direkt an den jungen Patienten sehen und deren Reaktionen eins zu eins mitbekommen, als wenn sie die Behandlungen nur mit ihren Kommilitonen \u00fcben.<\/p>\n\n\n\n<h2 class=\"wp-block-heading\">Es darf auch mal etwas schief laufen<\/h2>\n\n\n\n<p>Physiotherapeutische Massnahmen f\u00fcr Babys und Kinder sind wichtige Bausteine der Bewegungstherapie und bilden oft die Grundlage f\u00fcr andere Entwicklungsbereiche, wie die Sprache und die Gef\u00fchlswelt. Fr\u00fchkindliche, nicht behandelte St\u00f6rungen k\u00f6nnen Auswirkungen auf das sp\u00e4tere Leben haben. \u00abEine gezielte Intervention zur Bewegungsf\u00f6rderung kann dem Kind den Start ins Leben erleichtern\u00bb, ist Silke Scheufele \u00fcberzeugt.<\/p>\n\n\n\n<p>Die Aufzeichnung der Behandlung ist aber auch f\u00fcr die erfahrene Therapeutin \u2013 sie arbeitet seit 15 Jahren in der Kinderphysiotherapie \u2013 nichts Allt\u00e4gliches und immer wieder eine Herausforderung. Wichtig sind deshalb eine gute Vorbereitung und ein klar strukturierter Ablauf. \u00abW\u00e4hrend der Aufnahme achte ich darauf, die Anweisungen deutlich auszusprechen und die Tests, die ich mit den Patienten mache, korrekt auszuf\u00fchren.\u00bb Nur so k\u00f6nnen die Untersuchungen Aussagen liefern, die sie ben\u00f6tigt, um die mit den Eltern oder dem Kind gemeinsam definierten Ziele zu erreichen und die daf\u00fcr n\u00f6tigen Massnahmen in der Therapie anzupassen. Dennoch d\u00fcrfe auch einmal etwas schieflaufen, sagt sie und erg\u00e4nzt mit einem Augenzwinkern, dass dies dann auch nicht herausgeschnitten werde. \u00abWichtig ist, dass bei den Aufnahmen die Realit\u00e4t gezeigt wird, und da kann eine kommunikative Anleitung, die beim Kind aus irgendwelchen Gr\u00fcnden nicht ankommt, einen bedeutenden Lerneffekt f\u00fcr die Studierenden haben.\u00bb Denn gerade in <\/p>\n\n\n\n<p>der P\u00e4diatrie muss man flexibel sein. Man kann nicht davon ausgehen, dass das, was man sagt, vom Kind auch gemacht wird. \u00abDer durchdachteste Therapieplan und die besten \u00dcbungen n\u00fctzen einem nichts, wenn das Kind an diesem Tag keine Lust hat, mitzumachen\u00bb, sagt sie und schmunzelt.<\/p>\n\n\n\n<p>Auch bei Julian lief nicht alles so, wie es sich die Kinderphysiotherapeutin vorgestellt hatte. Nach der dritten Therapiesitzung war es nicht mehr die verk\u00fcrzte Wadenmuskulatur, die schmerzte, sondern der Kopf. Silke Scheufele unterbrach die Behandlung an den Beinen und k\u00fcmmerte sich fortan um die Kopfschmerzen. Mittlerweile ist Julian schmerzfrei und auch die Wadenmuskulatur hat sich verbessert. Trotzdem: \u00abWir sind noch nicht am Ziel\u00bb, sagt die Physiotherapeutin. Das eine oder andere Mal wird Julian noch ins Thetriz kommen m\u00fcssen. \u00abIch bin sehr zufrieden mit dem Verlauf der Behandlung\u00bb, sagt seine Mutter. \u00abDie Schmerzen sind viel weniger geworden.\u00bb Bald schon sollen auch die Schrauben aus Julians F\u00fcssen entfernt werden. Darauf freut sich der Bub, auch weil er hofft, dann wieder komplett beschwerdefrei Fussball spielen zu k\u00f6nnen. \/\/<\/p>\n\n\n\n<hr class=\"wp-block-separator\" \/>\n\n\n\n<h2 class=\"wp-block-heading\">Praxis, Lehre und Forschung an einem Ort<\/h2>\n\n\n\n<p>Das Therapie-, Trainings- und Beratungszentrum Thetriz befindet sich auf dem Campus des ZHAW-Departements Gesundheit, im Haus Adeline Favre. Auf einer Fl\u00e4che von 400 Quadratmetern bietet das ambulante Gesundheitszentrum der Bev\u00f6lkerung seit Anfang 2021 verschiedene Therapien und Behandlungen. Die Angebote erfolgen dabei in enger Absprache mit dem Winterthurer Versorgungssystem und sollen dieses nicht konkurrenzieren, sondern erg\u00e4nzen.<\/p>\n\n\n\n<p>Mit dem Thetriz verbindet die ZHAW Lehre, Praxis und Forschung an einem Ort. Beratung und Behandlung werden durch fachspezifische oder interdisziplin\u00e4re Expertenteams mit aktuellem, evidenzbasiertem Wissen sichergestellt. Gleichzeitig bekommen die Studierenden die Chance, schon zu Beginn ihrer Ausbildung Erfahrungen mit echten Patientinnen und Patienten zu sammeln. Im Therapiezentrum werden zudem neue Modelle und Leistungen f\u00fcr das Gesundheitswesen entwickelt.<\/p>\n\n\n\n<p>Das Thetriz bietet ein umfassendes Angebot in den Bereichen Geburtsvorbereitung und Schwangerenvorsorge, Physiotherapie f\u00fcr Kinder und Erwachsene, Ergotherapie, Gesundheitsf\u00f6rderung, Pr\u00e4vention und Familienberatung der Pflege. K\u00fcnftig sollen im Zentrum alle Institute des Departements Gesundheit ihre spezifischen Fachkenntnisse direkt anwenden k\u00f6nnen.<\/p>\n\n\n\n<h2 class=\"wp-block-heading\" id=\"h-magazin-vitamin-g-fur-health-professionals-mit-weitblick\"><strong>Magazin \u00abVitamin G \u2013 f\u00fcr Health Professionals mit Weitblick\u00bb<\/strong><\/h2>\n\n\n\n<ul class=\"wp-block-list\">\n<li><a href=\"https:\/\/www.zhaw.ch\/de\/gesundheit\/ueber-uns\/medien\/magazin-vitamin-g\/\">\u00abVitamin G\u00bb bestellen<\/a><\/li>\n\n\n\n<li><a href=\"https:\/\/www.zhaw.ch\/storage\/gesundheit\/ueber-uns\/medien-news\/vitamin-g\/vitaming-19-2025-ds-zhaw-gesundheit.pdf\">Aktuelles \u00abVitamin G\u00bb als PDF lesen<\/a><\/li>\n\n\n\n<li><a href=\"https:\/\/www.zhaw.ch\/de\/gesundheit\/ueber-uns\/medien\/magazin-vitamin-g\/#c16801\">Bisher erschienene Ausgaben<\/a><\/li>\n<\/ul>\n","protected":false},"excerpt":{"rendered":"<p>Gr\u00f6sserer Lerneffekt dank mehr Authentizit\u00e4t: Im Gesundheitszentrum Thetriz werden physiotherapeutische Sitzungen mit Kindern aufgezeichnet und den Studierenden gezeigt. So k\u00f6nnen sie Theorie und Praxis besser verkn\u00fcpfen.<\/p>\n","protected":false},"author":303,"featured_media":2188,"comment_status":"open","ping_status":"open","sticky":false,"template":"","format":"standard","meta":{"ngg_post_thumbnail":0,"footnotes":""},"categories":[1,6,5,3],"tags":[],"features":[],"class_list":["post-2184","post","type-post","status-publish","format-standard","has-post-thumbnail","hentry","category-allgemein","category-dossier","category-portrait","category-studium"],"yoast_head":"<!-- This site is optimized with the Yoast SEO Premium plugin v27.2 (Yoast SEO v27.2) - https:\/\/yoast.com\/product\/yoast-seo-premium-wordpress\/ -->\n<title>Heute kommt die Praxis live in den H\u00f6rsaal - Vitamin G \u2013 f\u00fcr Health Professionals mit Weitblick<\/title>\n<meta name=\"robots\" content=\"index, follow, max-snippet:-1, max-image-preview:large, max-video-preview:-1\" \/>\n<link rel=\"canonical\" href=\"https:\/\/blog.zhaw.ch\/vitamin-g\/heute-kommt-die-praxis-live-in-den-hoersaal\/\" \/>\n<meta property=\"og:locale\" content=\"de_DE\" \/>\n<meta property=\"og:type\" content=\"article\" \/>\n<meta property=\"og:title\" content=\"Heute kommt die Praxis live in den H\u00f6rsaal\" \/>\n<meta property=\"og:description\" content=\"Gr\u00f6sserer Lerneffekt dank mehr Authentizit\u00e4t: Im Gesundheitszentrum Thetriz werden physiotherapeutische Sitzungen mit Kindern aufgezeichnet und den Studierenden gezeigt. So k\u00f6nnen sie Theorie und Praxis besser verkn\u00fcpfen.\" \/>\n<meta property=\"og:url\" content=\"https:\/\/blog.zhaw.ch\/vitamin-g\/heute-kommt-die-praxis-live-in-den-hoersaal\/\" \/>\n<meta property=\"og:site_name\" content=\"Vitamin G \u2013 f\u00fcr Health Professionals mit Weitblick\" \/>\n<meta property=\"article:published_time\" content=\"2022-10-12T16:00:43+00:00\" \/>\n<meta property=\"article:modified_time\" content=\"2022-10-13T13:03:06+00:00\" \/>\n<meta property=\"og:image\" content=\"https:\/\/blog.zhaw.ch\/vitamin-g\/files\/2022\/10\/2022-12-vitamin-g-thetriz-kinderphysiotherapie-zhaw-gesundheit.jpg\" \/>\n\t<meta property=\"og:image:width\" content=\"2000\" \/>\n\t<meta property=\"og:image:height\" content=\"1000\" \/>\n\t<meta property=\"og:image:type\" content=\"image\/jpeg\" \/>\n<meta name=\"author\" content=\"Vitamin G\" \/>\n<meta name=\"twitter:card\" content=\"summary_large_image\" \/>\n<meta name=\"twitter:label1\" content=\"Verfasst von\" \/>\n\t<meta name=\"twitter:data1\" content=\"Vitamin G\" \/>\n\t<meta name=\"twitter:label2\" content=\"Gesch\u00e4tzte Lesezeit\" \/>\n\t<meta name=\"twitter:data2\" content=\"6\u00a0Minuten\" \/>\n<script type=\"application\/ld+json\" class=\"yoast-schema-graph\">{\"@context\":\"https:\/\/schema.org\",\"@graph\":[{\"@type\":\"Article\",\"@id\":\"https:\/\/blog.zhaw.ch\/vitamin-g\/heute-kommt-die-praxis-live-in-den-hoersaal\/#article\",\"isPartOf\":{\"@id\":\"https:\/\/blog.zhaw.ch\/vitamin-g\/heute-kommt-die-praxis-live-in-den-hoersaal\/\"},\"author\":{\"name\":\"Vitamin G\",\"@id\":\"https:\/\/blog.zhaw.ch\/vitamin-g\/#\/schema\/person\/c40eef1fd6b5c80a87a5ab6f21a50cc1\"},\"headline\":\"Heute kommt die Praxis live in den H\u00f6rsaal\",\"datePublished\":\"2022-10-12T16:00:43+00:00\",\"dateModified\":\"2022-10-13T13:03:06+00:00\",\"mainEntityOfPage\":{\"@id\":\"https:\/\/blog.zhaw.ch\/vitamin-g\/heute-kommt-die-praxis-live-in-den-hoersaal\/\"},\"wordCount\":1242,\"commentCount\":0,\"image\":{\"@id\":\"https:\/\/blog.zhaw.ch\/vitamin-g\/heute-kommt-die-praxis-live-in-den-hoersaal\/#primaryimage\"},\"thumbnailUrl\":\"https:\/\/blog.zhaw.ch\/vitamin-g\/files\/2022\/10\/2022-12-vitamin-g-thetriz-kinderphysiotherapie-zhaw-gesundheit.jpg\",\"articleSection\":{\"1\":\"Dossier\",\"2\":\"Portrait\",\"3\":\"Studium\"},\"inLanguage\":\"de\",\"potentialAction\":[{\"@type\":\"CommentAction\",\"name\":\"Comment\",\"target\":[\"https:\/\/blog.zhaw.ch\/vitamin-g\/heute-kommt-die-praxis-live-in-den-hoersaal\/#respond\"]}]},{\"@type\":\"WebPage\",\"@id\":\"https:\/\/blog.zhaw.ch\/vitamin-g\/heute-kommt-die-praxis-live-in-den-hoersaal\/\",\"url\":\"https:\/\/blog.zhaw.ch\/vitamin-g\/heute-kommt-die-praxis-live-in-den-hoersaal\/\",\"name\":\"Heute kommt die Praxis live in den H\u00f6rsaal - Vitamin G \u2013 f\u00fcr Health Professionals mit Weitblick\",\"isPartOf\":{\"@id\":\"https:\/\/blog.zhaw.ch\/vitamin-g\/#website\"},\"primaryImageOfPage\":{\"@id\":\"https:\/\/blog.zhaw.ch\/vitamin-g\/heute-kommt-die-praxis-live-in-den-hoersaal\/#primaryimage\"},\"image\":{\"@id\":\"https:\/\/blog.zhaw.ch\/vitamin-g\/heute-kommt-die-praxis-live-in-den-hoersaal\/#primaryimage\"},\"thumbnailUrl\":\"https:\/\/blog.zhaw.ch\/vitamin-g\/files\/2022\/10\/2022-12-vitamin-g-thetriz-kinderphysiotherapie-zhaw-gesundheit.jpg\",\"datePublished\":\"2022-10-12T16:00:43+00:00\",\"dateModified\":\"2022-10-13T13:03:06+00:00\",\"author\":{\"@id\":\"https:\/\/blog.zhaw.ch\/vitamin-g\/#\/schema\/person\/c40eef1fd6b5c80a87a5ab6f21a50cc1\"},\"breadcrumb\":{\"@id\":\"https:\/\/blog.zhaw.ch\/vitamin-g\/heute-kommt-die-praxis-live-in-den-hoersaal\/#breadcrumb\"},\"inLanguage\":\"de\",\"potentialAction\":[{\"@type\":\"ReadAction\",\"target\":[\"https:\/\/blog.zhaw.ch\/vitamin-g\/heute-kommt-die-praxis-live-in-den-hoersaal\/\"]}]},{\"@type\":\"ImageObject\",\"inLanguage\":\"de\",\"@id\":\"https:\/\/blog.zhaw.ch\/vitamin-g\/heute-kommt-die-praxis-live-in-den-hoersaal\/#primaryimage\",\"url\":\"https:\/\/blog.zhaw.ch\/vitamin-g\/files\/2022\/10\/2022-12-vitamin-g-thetriz-kinderphysiotherapie-zhaw-gesundheit.jpg\",\"contentUrl\":\"https:\/\/blog.zhaw.ch\/vitamin-g\/files\/2022\/10\/2022-12-vitamin-g-thetriz-kinderphysiotherapie-zhaw-gesundheit.jpg\",\"width\":2000,\"height\":1000},{\"@type\":\"BreadcrumbList\",\"@id\":\"https:\/\/blog.zhaw.ch\/vitamin-g\/heute-kommt-die-praxis-live-in-den-hoersaal\/#breadcrumb\",\"itemListElement\":[{\"@type\":\"ListItem\",\"position\":1,\"name\":\"Startseite\",\"item\":\"https:\/\/blog.zhaw.ch\/vitamin-g\/\"},{\"@type\":\"ListItem\",\"position\":2,\"name\":\"Heute kommt die Praxis live in den H\u00f6rsaal\"}]},{\"@type\":\"WebSite\",\"@id\":\"https:\/\/blog.zhaw.ch\/vitamin-g\/#website\",\"url\":\"https:\/\/blog.zhaw.ch\/vitamin-g\/\",\"name\":\"Vitamin G \u2013 f\u00fcr Health Professionals mit Weitblick\",\"description\":\"Ein Blog der ZHAW Z\u00fcrcher Hochschule f\u00fcr Angewandte Wissenschaften\",\"potentialAction\":[{\"@type\":\"SearchAction\",\"target\":{\"@type\":\"EntryPoint\",\"urlTemplate\":\"https:\/\/blog.zhaw.ch\/vitamin-g\/?s={search_term_string}\"},\"query-input\":{\"@type\":\"PropertyValueSpecification\",\"valueRequired\":true,\"valueName\":\"search_term_string\"}}],\"inLanguage\":\"de\"},{\"@type\":\"Person\",\"@id\":\"https:\/\/blog.zhaw.ch\/vitamin-g\/#\/schema\/person\/c40eef1fd6b5c80a87a5ab6f21a50cc1\",\"name\":\"Vitamin G\",\"image\":{\"@type\":\"ImageObject\",\"inLanguage\":\"de\",\"@id\":\"https:\/\/secure.gravatar.com\/avatar\/98f5da1c92db080b7a9598ea470459f2dfc333ede5e4b0779b146129ec54cb34?s=96&d=mm&r=g\",\"url\":\"https:\/\/secure.gravatar.com\/avatar\/98f5da1c92db080b7a9598ea470459f2dfc333ede5e4b0779b146129ec54cb34?s=96&d=mm&r=g\",\"contentUrl\":\"https:\/\/secure.gravatar.com\/avatar\/98f5da1c92db080b7a9598ea470459f2dfc333ede5e4b0779b146129ec54cb34?s=96&d=mm&r=g\",\"caption\":\"Vitamin G\"},\"url\":\"https:\/\/blog.zhaw.ch\/vitamin-g\/author\/funp\/\"}]}<\/script>\n<!-- \/ Yoast SEO Premium plugin. -->","yoast_head_json":{"title":"Heute kommt die Praxis live in den H\u00f6rsaal - Vitamin G \u2013 f\u00fcr Health Professionals mit Weitblick","robots":{"index":"index","follow":"follow","max-snippet":"max-snippet:-1","max-image-preview":"max-image-preview:large","max-video-preview":"max-video-preview:-1"},"canonical":"https:\/\/blog.zhaw.ch\/vitamin-g\/heute-kommt-die-praxis-live-in-den-hoersaal\/","og_locale":"de_DE","og_type":"article","og_title":"Heute kommt die Praxis live in den H\u00f6rsaal","og_description":"Gr\u00f6sserer Lerneffekt dank mehr Authentizit\u00e4t: Im Gesundheitszentrum Thetriz werden physiotherapeutische Sitzungen mit Kindern aufgezeichnet und den Studierenden gezeigt. So k\u00f6nnen sie Theorie und Praxis besser verkn\u00fcpfen.","og_url":"https:\/\/blog.zhaw.ch\/vitamin-g\/heute-kommt-die-praxis-live-in-den-hoersaal\/","og_site_name":"Vitamin G \u2013 f\u00fcr Health Professionals mit Weitblick","article_published_time":"2022-10-12T16:00:43+00:00","article_modified_time":"2022-10-13T13:03:06+00:00","og_image":[{"width":2000,"height":1000,"url":"https:\/\/blog.zhaw.ch\/vitamin-g\/files\/2022\/10\/2022-12-vitamin-g-thetriz-kinderphysiotherapie-zhaw-gesundheit.jpg","type":"image\/jpeg"}],"author":"Vitamin G","twitter_card":"summary_large_image","twitter_misc":{"Verfasst von":"Vitamin G","Gesch\u00e4tzte Lesezeit":"6\u00a0Minuten"},"schema":{"@context":"https:\/\/schema.org","@graph":[{"@type":"Article","@id":"https:\/\/blog.zhaw.ch\/vitamin-g\/heute-kommt-die-praxis-live-in-den-hoersaal\/#article","isPartOf":{"@id":"https:\/\/blog.zhaw.ch\/vitamin-g\/heute-kommt-die-praxis-live-in-den-hoersaal\/"},"author":{"name":"Vitamin G","@id":"https:\/\/blog.zhaw.ch\/vitamin-g\/#\/schema\/person\/c40eef1fd6b5c80a87a5ab6f21a50cc1"},"headline":"Heute kommt die Praxis live in den H\u00f6rsaal","datePublished":"2022-10-12T16:00:43+00:00","dateModified":"2022-10-13T13:03:06+00:00","mainEntityOfPage":{"@id":"https:\/\/blog.zhaw.ch\/vitamin-g\/heute-kommt-die-praxis-live-in-den-hoersaal\/"},"wordCount":1242,"commentCount":0,"image":{"@id":"https:\/\/blog.zhaw.ch\/vitamin-g\/heute-kommt-die-praxis-live-in-den-hoersaal\/#primaryimage"},"thumbnailUrl":"https:\/\/blog.zhaw.ch\/vitamin-g\/files\/2022\/10\/2022-12-vitamin-g-thetriz-kinderphysiotherapie-zhaw-gesundheit.jpg","articleSection":{"1":"Dossier","2":"Portrait","3":"Studium"},"inLanguage":"de","potentialAction":[{"@type":"CommentAction","name":"Comment","target":["https:\/\/blog.zhaw.ch\/vitamin-g\/heute-kommt-die-praxis-live-in-den-hoersaal\/#respond"]}]},{"@type":"WebPage","@id":"https:\/\/blog.zhaw.ch\/vitamin-g\/heute-kommt-die-praxis-live-in-den-hoersaal\/","url":"https:\/\/blog.zhaw.ch\/vitamin-g\/heute-kommt-die-praxis-live-in-den-hoersaal\/","name":"Heute kommt die Praxis live in den H\u00f6rsaal - Vitamin G \u2013 f\u00fcr Health Professionals mit Weitblick","isPartOf":{"@id":"https:\/\/blog.zhaw.ch\/vitamin-g\/#website"},"primaryImageOfPage":{"@id":"https:\/\/blog.zhaw.ch\/vitamin-g\/heute-kommt-die-praxis-live-in-den-hoersaal\/#primaryimage"},"image":{"@id":"https:\/\/blog.zhaw.ch\/vitamin-g\/heute-kommt-die-praxis-live-in-den-hoersaal\/#primaryimage"},"thumbnailUrl":"https:\/\/blog.zhaw.ch\/vitamin-g\/files\/2022\/10\/2022-12-vitamin-g-thetriz-kinderphysiotherapie-zhaw-gesundheit.jpg","datePublished":"2022-10-12T16:00:43+00:00","dateModified":"2022-10-13T13:03:06+00:00","author":{"@id":"https:\/\/blog.zhaw.ch\/vitamin-g\/#\/schema\/person\/c40eef1fd6b5c80a87a5ab6f21a50cc1"},"breadcrumb":{"@id":"https:\/\/blog.zhaw.ch\/vitamin-g\/heute-kommt-die-praxis-live-in-den-hoersaal\/#breadcrumb"},"inLanguage":"de","potentialAction":[{"@type":"ReadAction","target":["https:\/\/blog.zhaw.ch\/vitamin-g\/heute-kommt-die-praxis-live-in-den-hoersaal\/"]}]},{"@type":"ImageObject","inLanguage":"de","@id":"https:\/\/blog.zhaw.ch\/vitamin-g\/heute-kommt-die-praxis-live-in-den-hoersaal\/#primaryimage","url":"https:\/\/blog.zhaw.ch\/vitamin-g\/files\/2022\/10\/2022-12-vitamin-g-thetriz-kinderphysiotherapie-zhaw-gesundheit.jpg","contentUrl":"https:\/\/blog.zhaw.ch\/vitamin-g\/files\/2022\/10\/2022-12-vitamin-g-thetriz-kinderphysiotherapie-zhaw-gesundheit.jpg","width":2000,"height":1000},{"@type":"BreadcrumbList","@id":"https:\/\/blog.zhaw.ch\/vitamin-g\/heute-kommt-die-praxis-live-in-den-hoersaal\/#breadcrumb","itemListElement":[{"@type":"ListItem","position":1,"name":"Startseite","item":"https:\/\/blog.zhaw.ch\/vitamin-g\/"},{"@type":"ListItem","position":2,"name":"Heute kommt die Praxis live in den H\u00f6rsaal"}]},{"@type":"WebSite","@id":"https:\/\/blog.zhaw.ch\/vitamin-g\/#website","url":"https:\/\/blog.zhaw.ch\/vitamin-g\/","name":"Vitamin G \u2013 f\u00fcr Health Professionals mit Weitblick","description":"Ein Blog der ZHAW Z\u00fcrcher Hochschule f\u00fcr Angewandte Wissenschaften","potentialAction":[{"@type":"SearchAction","target":{"@type":"EntryPoint","urlTemplate":"https:\/\/blog.zhaw.ch\/vitamin-g\/?s={search_term_string}"},"query-input":{"@type":"PropertyValueSpecification","valueRequired":true,"valueName":"search_term_string"}}],"inLanguage":"de"},{"@type":"Person","@id":"https:\/\/blog.zhaw.ch\/vitamin-g\/#\/schema\/person\/c40eef1fd6b5c80a87a5ab6f21a50cc1","name":"Vitamin G","image":{"@type":"ImageObject","inLanguage":"de","@id":"https:\/\/secure.gravatar.com\/avatar\/98f5da1c92db080b7a9598ea470459f2dfc333ede5e4b0779b146129ec54cb34?s=96&d=mm&r=g","url":"https:\/\/secure.gravatar.com\/avatar\/98f5da1c92db080b7a9598ea470459f2dfc333ede5e4b0779b146129ec54cb34?s=96&d=mm&r=g","contentUrl":"https:\/\/secure.gravatar.com\/avatar\/98f5da1c92db080b7a9598ea470459f2dfc333ede5e4b0779b146129ec54cb34?s=96&d=mm&r=g","caption":"Vitamin G"},"url":"https:\/\/blog.zhaw.ch\/vitamin-g\/author\/funp\/"}]}},"_links":{"self":[{"href":"https:\/\/blog.zhaw.ch\/vitamin-g\/wp-json\/wp\/v2\/posts\/2184","targetHints":{"allow":["GET"]}}],"collection":[{"href":"https:\/\/blog.zhaw.ch\/vitamin-g\/wp-json\/wp\/v2\/posts"}],"about":[{"href":"https:\/\/blog.zhaw.ch\/vitamin-g\/wp-json\/wp\/v2\/types\/post"}],"author":[{"embeddable":true,"href":"https:\/\/blog.zhaw.ch\/vitamin-g\/wp-json\/wp\/v2\/users\/303"}],"replies":[{"embeddable":true,"href":"https:\/\/blog.zhaw.ch\/vitamin-g\/wp-json\/wp\/v2\/comments?post=2184"}],"version-history":[{"count":11,"href":"https:\/\/blog.zhaw.ch\/vitamin-g\/wp-json\/wp\/v2\/posts\/2184\/revisions"}],"predecessor-version":[{"id":2204,"href":"https:\/\/blog.zhaw.ch\/vitamin-g\/wp-json\/wp\/v2\/posts\/2184\/revisions\/2204"}],"wp:featuredmedia":[{"embeddable":true,"href":"https:\/\/blog.zhaw.ch\/vitamin-g\/wp-json\/wp\/v2\/media\/2188"}],"wp:attachment":[{"href":"https:\/\/blog.zhaw.ch\/vitamin-g\/wp-json\/wp\/v2\/media?parent=2184"}],"wp:term":[{"taxonomy":"category","embeddable":true,"href":"https:\/\/blog.zhaw.ch\/vitamin-g\/wp-json\/wp\/v2\/categories?post=2184"},{"taxonomy":"post_tag","embeddable":true,"href":"https:\/\/blog.zhaw.ch\/vitamin-g\/wp-json\/wp\/v2\/tags?post=2184"},{"taxonomy":"features","embeddable":true,"href":"https:\/\/blog.zhaw.ch\/vitamin-g\/wp-json\/wp\/v2\/features?post=2184"}],"curies":[{"name":"wp","href":"https:\/\/api.w.org\/{rel}","templated":true}]}}