{"id":2139,"date":"2022-07-18T16:31:57","date_gmt":"2022-07-18T14:31:57","guid":{"rendered":"https:\/\/blog.zhaw.ch\/vitamin-g\/?p=2139"},"modified":"2022-10-12T17:34:00","modified_gmt":"2022-10-12T15:34:00","slug":"kinder-sind-keine-kleinen-erwachsenen","status":"publish","type":"post","link":"https:\/\/blog.zhaw.ch\/vitamin-g\/kinder-sind-keine-kleinen-erwachsenen\/","title":{"rendered":"\u00abKinder sind keine kleine Erwachsenen\u00bb"},"content":{"rendered":"\n<p><strong>In den ersten Lebensjahren legen wir das Fundament f\u00fcr die k\u00f6rperliche und seelische Gesundheit im Erwachsenenalter. Ein triftiger Grund, weshalb das Departement f\u00fcr Gesundheit einen Fokus auf die Gesundheit von Kindern und Jugendlichen legt.<\/strong><\/p>\n\n\n\n<!--more-->\n\n\n\n<p>VON MICHAELA M\u00c4DER<\/p>\n\n\n\n<p>W\u00e4hrend der Corona-Krise haben sich die Meldungen rund um die Gesundheit von Kindern und Jugendlichen \u00fcberschlagen \u2013 viele waren \u00e4usserst alarmierend. Jugendliche und junge Erwachsene sind von allen Altersgruppen psychisch am meisten von den Folgen der Pandemie betroffen, wie der Corona-Report 2021 von Pro Juventute Schweiz aufzeigt. So haben Beratungen zu den Themen \u00abSuizidgedanken\u00bb, \u00abAutoagression\/Ritzen\u00bb, \u00abSich-Sorgen-Machen um Freundinnen und Freunde\u00bb oder \u00abDepressive Stimmung\u00bb stark zugenommen. F\u00fcr Pro Juventute ist klar: Das gesellschaftliche Ziel muss sein, die Resilienz der Kinder und Jugendlichen zu st\u00e4rken und ihnen Bew\u00e4ltigungsstrategien an die Hand zu geben, damit sie f\u00fcr k\u00fcnftige Krisen besser gewappnet sind.<\/p>\n\n\n\n<p>Das ist allerdings einfacher gesagt als getan. Bei Kindern und Jugendlichen sind psychische Probleme oftmals nur schwer feststellbar. Das fr\u00fche Erkennen von Entwicklungsschwierigkeiten ist jedoch zentral, um einem negativen Verlauf entgegenzuwirken. Die ZHAW-Institute f\u00fcr Public Health und Angewandte Psychologie haben deshalb im Forschungsprojekt \u00abTake care\u00bb Flyer und Brosch\u00fcren mit konkreten Tipps erarbeitet, die Jugendliche, Eltern und Fachpersonen f\u00fcr die psychische Gesundheit sensibilisieren. So wird den Eltern beispielsweise geraten, dass sie ihre Kinder jeden Tag ein sch\u00f6nes Erlebnis aufschreiben oder zeichnen lassen sollen. Das trainiere eine optimistische Haltung gegen\u00fcber dem Leben. Ausserdem kann es helfen, wenn Eltern als gute Vorbilder vorangehen \u2013 etwa bei der Nutzung von digitalen Medien oder indem sie offen mit Gef\u00fchlen umgehen. Denn Kinder \u00fcbernehmen viele Verhaltensmuster der Eltern durch Abschauen.<\/p>\n\n\n\n<h2 class=\"wp-block-heading\">F\u00fcr eine bessere k\u00f6rperliche Gesundheit<\/h2>\n\n\n\n<p>Nicht nur die psychische, auch die physische Gesundheit von Kindern und Jugendlichen bildet einen Schwerpunkt am Departement Gesundheit. Aus- und Weiterbildungen zu diesem Thema werden stetig ausgebaut \u2013 zum Beispiel am Institut f\u00fcr Pflege. \u00abDas Modul \u2039Pflege von Kindern, Jugendlichen, Frauen und Familien\u203a wurde von drei auf sechs ECTS Punkte erweitert und ist fester Bestandteil des Grundstudiums\u00bb, erkl\u00e4ren Simona Thalmann und Ursula Heinrich, beide Dozentinnen im Bachelorstudiengang Pflege. \u00abDer Ausbau des Studiums gab uns die M\u00f6glichkeit, das Lehrspektrum vom Fr\u00fchgeborenen bis hin zum Jugendlichen besser abzudecken. Die Spannbreite ist enorm, die Pflege muss individuell und patientengerecht gestaltet werden\u00bb, so Simona Thalmann.<\/p>\n\n\n\n<p>Um Studierenden k\u00fcnftig eine noch fundiertere Ausbildung bieten zu k\u00f6nnen, sieht die aktuelle Lehrplan-Anpassung ein Vertiefungsmodul \u00abP\u00e4diatrie\u00bb f\u00fcr das sechste Semester vor. \u00abIn diesem Vertiefungsmodul haben wir die M\u00f6glichkeit, den Studierenden noch spezifischere Inhalte in Bezug auf die P\u00e4diatrie zu vermitteln\u00bb, sagt Ursula Heinrich. \u00abDer Fokus liegt dabei klar auf den Softskills: Wie f\u00fchre ich anspruchsvolle Gespr\u00e4che mit Eltern? Wie trete ich mit Kindern in Kontakt? Wie ber\u00fchre ich S\u00e4uglinge? So m\u00f6chten wir Studierende optimal f\u00fcr den Berufsalltag \u2013 hoffentlich in der P\u00e4diatrie \u2013 vorbereiten\u00bb, f\u00fchrt die Dozentin aus.<\/p>\n\n\n\n<h2 class=\"wp-block-heading\">Dem Fachkr\u00e4ftemangel entgegenwirken<\/h2>\n\n\n\n<p>Lehrplan-Anpassungen stehen auch am Institut f\u00fcr Physiotherapie an. Gem\u00e4ss Schirin Akhbari Ziegler, Leiterin Schwerpunkt P\u00e4diatrie MSc Physiotherapie, hat sich das Angebot in den letzten Jahren stark weiterentwickelt: Zu Zeiten der h\u00f6heren Fachschulen wurde die Kinderphysiotherapie in Kursen gelehrt, seit 2006 ist sie fester Bestandteil in Lehre und Weiterbildung an der ZHAW. \u00abNun ist es h\u00f6chste Zeit f\u00fcr einen Ausbau des Angebots\u00bb, sagt Akhbari Ziegler. Das Institut f\u00fchrt die Studierenden neu schon im dritten Semester an das Spezialgebiet heran, um ihre Leidenschaft m\u00f6glichst fr\u00fch zu entfachen. Damit hofft man auch, dem Fachkr\u00e4ftemangel in diesem Bereich entgegenzuwirken \u2013 f\u00fcr eine altersgerechte Behandlung der n\u00e4chsten Generation: \u00abKinder und Jugendliche sind keine kleinen Erwachsenen. Man kann Behandlungsmethoden f\u00fcr Erwachsene nicht einfach \u00fcbernehmen\u00bb, so Akhbari Ziegler.<\/p>\n\n\n\n<h2 class=\"wp-block-heading\">Familienzentriert: das Stichwort der Stunde<\/h2>\n\n\n\n<p>Sind psychische Probleme oder psychosoziale Anpassungsschwierigkeiten bei Kindern erkannt, wird h\u00e4ufig Ergotherapie als medizinische Massnahme verschrieben. Dort erfahren Kinder und Jugendliche beispielsweise mit ADHS, Depression, Autismus-Spektrum-St\u00f6rung oder Anorexie Momente der Selbstwirksamkeit und des positiven Lernens. Auch das soziale Umfeld der Kinder und Jugendlichen spielt im Behandlungsprozess eine Schl\u00fcsselrolle. \u00abFamilien m\u00fcssen in ihrem Alltag mit Kindern besser unterst\u00fctzt werden. Daf\u00fcr brauchen Ergotherapeutinnen und  therapeuten vermehrt einen systemischen, familienzentrierten Ansatz\u00bb, sagt Beate Krieger, Dozentin f\u00fcr Ergotherapie an der ZHAW. Deshalb werden in den sechs Semestern des Bachelorstudienganges mindestens 250 Stunden p\u00e4diatrische Inhalte vermittelt und ein Drittel der Studierenden macht eines der drei Praktika im Bereich der p\u00e4diatrischen Ergotherapie. Auch in der Pflege steht die Familie im Zentrum: \u00abIch sage meinen Studierenden immer, dass sie in der P\u00e4diatrie nicht nur mit erkrankten oder verunfallten Kindern und Jugendlichen zu tun haben, sie m\u00fcssen auch die Eltern, Geschwister und andere Bezugspersonen mit ins Boot holen. Eine familienzentrierte Pflege ist daher nicht mehr wegzudenken und in den meisten Gesundheitsinstitutionen zum Gl\u00fcck mittlerweile selbstverst\u00e4ndlich\u00bb, erl\u00e4utert Simona Thalmann.<\/p>\n\n\n\n<h2 class=\"wp-block-heading\">Bonding zwischen Eltern und S\u00e4uglingen<\/h2>\n\n\n\n<p>Und was macht das Institut f\u00fcr Hebammen? \u00abEin Schwerpunkt unserer Ausbildung bildet das sogenannte Bonding\u00bb, sagt Sandra Grieder, Dozentin und Modulverantwortliche im Bachelorstudiengang Hebamme. Es geht dabei um die pr\u00e4gende Phase der beginnenden emotionalen Beziehung zwischen einem S\u00e4ugling und seinen Eltern. Denn Studien beweisen, dass Erlebnisse des S\u00e4uglings w\u00e4hrend der Schwangerschaft und Geburt einen starken Einfluss auf die sp\u00e4tere Bindung des Kindes mit seinen Eltern haben. Dem wird \u00fcber die ganze Ausbildung hinweg mit theoretischem und praktischem Unterricht Rechnung getragen. \u00abDie Studierenden lernen beispielsweise, w\u00e4hrend der gesamten Schwangerschaftsuntersuchung das ungeborene Kind durch direkte Ansprache in ihre Handlungen mit einzubeziehen \u2013 \u00fcber Sprache, Ber\u00fchrung und durch aktives Erfragen der Empfindungen der Frau. So unterst\u00fctzt die Hebamme die Selbstkompetenz der werdenden Mutter und das Bonding zwischen Mutter und Kind\u00bb, f\u00fchrt Grieder aus. Damit wird schon fr\u00fch der Weg f\u00fcr ein m\u00f6glichst gesundes Leben geebnet. Und mehr noch: Vom p\u00e4diatrischen Knowhow der angehenden Gesundheitsfachleute profitieren nicht nur heutige Kinder, sondern alle nachfolgenden Generationen. \/\/<\/p>\n\n\n\n<p><em><a href=\"https:\/\/www.zhaw.ch\/storage\/gesundheit\/ueber-uns\/medien-news\/vitamin-g\/2022-12-vitamin-g-gesundheit-von-kindern-und-jugendlichen-zhaw-gesundheit.pdf#page=6\">Vitamin G, S. 11-12<\/a><\/em><\/p>\n\n\n\n<hr class=\"wp-block-separator\" \/>\n\n\n\n<h2 class=\"wp-block-heading\">WEITERE INFORMATIONEN<\/h2>\n\n\n\n<ul class=\"wp-block-list\"><li><a href=\"https:\/\/blog.zhaw.ch\/vitamin-g\/es-waere-gut-kinder-bei-praeventionsregeln-mit-einzubeziehen\/\">\u00abEs w\u00e4re gut, Kinder bei Pr\u00e4ventionsregeln mit einzubeziehen\u00bb, Artikel im Vitamin G, Nr. 12, 2022<\/a><\/li><li><a href=\"https:\/\/blog.zhaw.ch\/vitamin-g\/muskeltraining-auf-dem-pferd\/\">Muskeltrainig auf dem Pferder\u00fccken, Artikel im Vitamin G, Nr. 12, 2022<\/a><\/li><li><a href=\"https:\/\/blog.zhaw.ch\/vitamin-g\/babys-s-ind-resilient\/\">\u00abBabys sind resilient\u00bb, Artikel im Vitamin G, Nr. 12, 2022<\/a><\/li><li><a href=\"https:\/\/blog.zhaw.ch\/vitamin-g\/die-vi-elen-effekte-des-lockdowns\/\">Die vielen Effekte des Lockdowns, Artikel im Vitamin G, Nr. 12, 2022<\/a><\/li><li><a href=\"https:\/\/blog.zhaw.ch\/vitamin-g\/da-bluehen-fluechtlingskinder-auf\/\">Da bl\u00fchen Fl\u00fcchtlicgskinder auf, Artikel im Vitamin G, Nr. 12, 2022<\/a><\/li><\/ul>\n\n\n\n<h2 class=\"wp-block-heading\" id=\"h-magazin-vitamin-g-fur-health-professionals-mit-weitblick\"><strong>Magazin \u00abVitamin G \u2013 f\u00fcr Health Professionals mit Weitblick\u00bb<\/strong><\/h2>\n\n\n\n<ul class=\"wp-block-list\">\n<li><a href=\"https:\/\/www.zhaw.ch\/de\/gesundheit\/ueber-uns\/medien\/magazin-vitamin-g\/\">\u00abVitamin G\u00bb bestellen<\/a><\/li>\n\n\n\n<li><a href=\"https:\/\/www.zhaw.ch\/storage\/gesundheit\/ueber-uns\/medien-news\/vitamin-g\/vitaming-19-2025-ds-zhaw-gesundheit.pdf\">Aktuelles \u00abVitamin G\u00bb als PDF lesen<\/a><\/li>\n\n\n\n<li><a href=\"https:\/\/www.zhaw.ch\/de\/gesundheit\/ueber-uns\/medien\/magazin-vitamin-g\/#c16801\">Bisher erschienene Ausgaben<\/a><\/li>\n<\/ul>\n","protected":false},"excerpt":{"rendered":"<p>In den ersten Lebensjahren legen wir das Fundament f\u00fcr die k\u00f6rperliche und seelische Gesundheit im Erwachsenenalter. Ein triftiger Grund, weshalb das Departement f\u00fcr Gesundheit einen Fokus auf die Gesundheit von Kindern und Jugendlichen legt.<\/p>\n","protected":false},"author":305,"featured_media":2149,"comment_status":"open","ping_status":"open","sticky":false,"template":"","format":"standard","meta":{"ngg_post_thumbnail":0,"footnotes":""},"categories":[1,6],"tags":[],"features":[],"class_list":["post-2139","post","type-post","status-publish","format-standard","has-post-thumbnail","hentry","category-allgemein","category-dossier"],"yoast_head":"<!-- This site is optimized with the Yoast SEO Premium plugin v27.2 (Yoast SEO v27.2) - https:\/\/yoast.com\/product\/yoast-seo-premium-wordpress\/ -->\n<title>\u00abKinder sind keine kleine Erwachsenen\u00bb - Vitamin G \u2013 f\u00fcr Health Professionals mit Weitblick<\/title>\n<meta name=\"robots\" content=\"index, follow, max-snippet:-1, max-image-preview:large, max-video-preview:-1\" \/>\n<link rel=\"canonical\" href=\"https:\/\/blog.zhaw.ch\/vitamin-g\/kinder-sind-keine-kleinen-erwachsenen\/\" \/>\n<meta property=\"og:locale\" content=\"de_DE\" \/>\n<meta property=\"og:type\" content=\"article\" \/>\n<meta property=\"og:title\" content=\"\u00abKinder sind keine kleine Erwachsenen\u00bb\" \/>\n<meta property=\"og:description\" content=\"In den ersten Lebensjahren legen wir das Fundament f\u00fcr die k\u00f6rperliche und seelische Gesundheit im Erwachsenenalter. Ein triftiger Grund, weshalb das Departement f\u00fcr Gesundheit einen Fokus auf die Gesundheit von Kindern und Jugendlichen legt.\" \/>\n<meta property=\"og:url\" content=\"https:\/\/blog.zhaw.ch\/vitamin-g\/kinder-sind-keine-kleinen-erwachsenen\/\" \/>\n<meta property=\"og:site_name\" content=\"Vitamin G \u2013 f\u00fcr Health Professionals mit Weitblick\" \/>\n<meta property=\"article:published_time\" content=\"2022-07-18T14:31:57+00:00\" \/>\n<meta property=\"article:modified_time\" content=\"2022-10-12T15:34:00+00:00\" \/>\n<meta property=\"og:image\" content=\"https:\/\/blog.zhaw.ch\/vitamin-g\/files\/2022\/07\/2022-12-vitaming-kinder-keine-kleine-erwachsenen.jpg\" \/>\n\t<meta property=\"og:image:width\" content=\"2000\" \/>\n\t<meta property=\"og:image:height\" content=\"1000\" \/>\n\t<meta property=\"og:image:type\" content=\"image\/jpeg\" \/>\n<meta name=\"author\" content=\"Vitamin G\" \/>\n<meta name=\"twitter:card\" content=\"summary_large_image\" \/>\n<meta name=\"twitter:label1\" content=\"Verfasst von\" \/>\n\t<meta name=\"twitter:data1\" content=\"Vitamin G\" \/>\n\t<meta name=\"twitter:label2\" content=\"Gesch\u00e4tzte Lesezeit\" \/>\n\t<meta name=\"twitter:data2\" content=\"5\u00a0Minuten\" \/>\n<script type=\"application\/ld+json\" class=\"yoast-schema-graph\">{\"@context\":\"https:\/\/schema.org\",\"@graph\":[{\"@type\":\"Article\",\"@id\":\"https:\/\/blog.zhaw.ch\/vitamin-g\/kinder-sind-keine-kleinen-erwachsenen\/#article\",\"isPartOf\":{\"@id\":\"https:\/\/blog.zhaw.ch\/vitamin-g\/kinder-sind-keine-kleinen-erwachsenen\/\"},\"author\":{\"name\":\"Vitamin G\",\"@id\":\"https:\/\/blog.zhaw.ch\/vitamin-g\/#\/schema\/person\/d519fda9e57b30bd86cfa45d4da7fd0f\"},\"headline\":\"\u00abKinder sind keine kleine Erwachsenen\u00bb\",\"datePublished\":\"2022-07-18T14:31:57+00:00\",\"dateModified\":\"2022-10-12T15:34:00+00:00\",\"mainEntityOfPage\":{\"@id\":\"https:\/\/blog.zhaw.ch\/vitamin-g\/kinder-sind-keine-kleinen-erwachsenen\/\"},\"wordCount\":1055,\"commentCount\":0,\"image\":{\"@id\":\"https:\/\/blog.zhaw.ch\/vitamin-g\/kinder-sind-keine-kleinen-erwachsenen\/#primaryimage\"},\"thumbnailUrl\":\"https:\/\/blog.zhaw.ch\/vitamin-g\/files\/2022\/07\/2022-12-vitaming-kinder-keine-kleine-erwachsenen.jpg\",\"articleSection\":{\"1\":\"Dossier\"},\"inLanguage\":\"de\",\"potentialAction\":[{\"@type\":\"CommentAction\",\"name\":\"Comment\",\"target\":[\"https:\/\/blog.zhaw.ch\/vitamin-g\/kinder-sind-keine-kleinen-erwachsenen\/#respond\"]}]},{\"@type\":\"WebPage\",\"@id\":\"https:\/\/blog.zhaw.ch\/vitamin-g\/kinder-sind-keine-kleinen-erwachsenen\/\",\"url\":\"https:\/\/blog.zhaw.ch\/vitamin-g\/kinder-sind-keine-kleinen-erwachsenen\/\",\"name\":\"\u00abKinder sind keine kleine Erwachsenen\u00bb - Vitamin G \u2013 f\u00fcr Health Professionals mit Weitblick\",\"isPartOf\":{\"@id\":\"https:\/\/blog.zhaw.ch\/vitamin-g\/#website\"},\"primaryImageOfPage\":{\"@id\":\"https:\/\/blog.zhaw.ch\/vitamin-g\/kinder-sind-keine-kleinen-erwachsenen\/#primaryimage\"},\"image\":{\"@id\":\"https:\/\/blog.zhaw.ch\/vitamin-g\/kinder-sind-keine-kleinen-erwachsenen\/#primaryimage\"},\"thumbnailUrl\":\"https:\/\/blog.zhaw.ch\/vitamin-g\/files\/2022\/07\/2022-12-vitaming-kinder-keine-kleine-erwachsenen.jpg\",\"datePublished\":\"2022-07-18T14:31:57+00:00\",\"dateModified\":\"2022-10-12T15:34:00+00:00\",\"author\":{\"@id\":\"https:\/\/blog.zhaw.ch\/vitamin-g\/#\/schema\/person\/d519fda9e57b30bd86cfa45d4da7fd0f\"},\"breadcrumb\":{\"@id\":\"https:\/\/blog.zhaw.ch\/vitamin-g\/kinder-sind-keine-kleinen-erwachsenen\/#breadcrumb\"},\"inLanguage\":\"de\",\"potentialAction\":[{\"@type\":\"ReadAction\",\"target\":[\"https:\/\/blog.zhaw.ch\/vitamin-g\/kinder-sind-keine-kleinen-erwachsenen\/\"]}]},{\"@type\":\"ImageObject\",\"inLanguage\":\"de\",\"@id\":\"https:\/\/blog.zhaw.ch\/vitamin-g\/kinder-sind-keine-kleinen-erwachsenen\/#primaryimage\",\"url\":\"https:\/\/blog.zhaw.ch\/vitamin-g\/files\/2022\/07\/2022-12-vitaming-kinder-keine-kleine-erwachsenen.jpg\",\"contentUrl\":\"https:\/\/blog.zhaw.ch\/vitamin-g\/files\/2022\/07\/2022-12-vitaming-kinder-keine-kleine-erwachsenen.jpg\",\"width\":2000,\"height\":1000},{\"@type\":\"BreadcrumbList\",\"@id\":\"https:\/\/blog.zhaw.ch\/vitamin-g\/kinder-sind-keine-kleinen-erwachsenen\/#breadcrumb\",\"itemListElement\":[{\"@type\":\"ListItem\",\"position\":1,\"name\":\"Startseite\",\"item\":\"https:\/\/blog.zhaw.ch\/vitamin-g\/\"},{\"@type\":\"ListItem\",\"position\":2,\"name\":\"\u00abKinder sind keine kleine Erwachsenen\u00bb\"}]},{\"@type\":\"WebSite\",\"@id\":\"https:\/\/blog.zhaw.ch\/vitamin-g\/#website\",\"url\":\"https:\/\/blog.zhaw.ch\/vitamin-g\/\",\"name\":\"Vitamin G \u2013 f\u00fcr Health Professionals mit Weitblick\",\"description\":\"Ein Blog der ZHAW Z\u00fcrcher Hochschule f\u00fcr Angewandte Wissenschaften\",\"potentialAction\":[{\"@type\":\"SearchAction\",\"target\":{\"@type\":\"EntryPoint\",\"urlTemplate\":\"https:\/\/blog.zhaw.ch\/vitamin-g\/?s={search_term_string}\"},\"query-input\":{\"@type\":\"PropertyValueSpecification\",\"valueRequired\":true,\"valueName\":\"search_term_string\"}}],\"inLanguage\":\"de\"},{\"@type\":\"Person\",\"@id\":\"https:\/\/blog.zhaw.ch\/vitamin-g\/#\/schema\/person\/d519fda9e57b30bd86cfa45d4da7fd0f\",\"name\":\"Vitamin G\",\"image\":{\"@type\":\"ImageObject\",\"inLanguage\":\"de\",\"@id\":\"https:\/\/secure.gravatar.com\/avatar\/01ab4b47045ffae2574da15e435b7215f291428d71fa161fb42d7a80d82f2977?s=96&d=mm&r=g\",\"url\":\"https:\/\/secure.gravatar.com\/avatar\/01ab4b47045ffae2574da15e435b7215f291428d71fa161fb42d7a80d82f2977?s=96&d=mm&r=g\",\"contentUrl\":\"https:\/\/secure.gravatar.com\/avatar\/01ab4b47045ffae2574da15e435b7215f291428d71fa161fb42d7a80d82f2977?s=96&d=mm&r=g\",\"caption\":\"Vitamin G\"},\"url\":\"https:\/\/blog.zhaw.ch\/vitamin-g\/author\/lipu\/\"}]}<\/script>\n<!-- \/ Yoast SEO Premium plugin. -->","yoast_head_json":{"title":"\u00abKinder sind keine kleine Erwachsenen\u00bb - Vitamin G \u2013 f\u00fcr Health Professionals mit Weitblick","robots":{"index":"index","follow":"follow","max-snippet":"max-snippet:-1","max-image-preview":"max-image-preview:large","max-video-preview":"max-video-preview:-1"},"canonical":"https:\/\/blog.zhaw.ch\/vitamin-g\/kinder-sind-keine-kleinen-erwachsenen\/","og_locale":"de_DE","og_type":"article","og_title":"\u00abKinder sind keine kleine Erwachsenen\u00bb","og_description":"In den ersten Lebensjahren legen wir das Fundament f\u00fcr die k\u00f6rperliche und seelische Gesundheit im Erwachsenenalter. Ein triftiger Grund, weshalb das Departement f\u00fcr Gesundheit einen Fokus auf die Gesundheit von Kindern und Jugendlichen legt.","og_url":"https:\/\/blog.zhaw.ch\/vitamin-g\/kinder-sind-keine-kleinen-erwachsenen\/","og_site_name":"Vitamin G \u2013 f\u00fcr Health Professionals mit Weitblick","article_published_time":"2022-07-18T14:31:57+00:00","article_modified_time":"2022-10-12T15:34:00+00:00","og_image":[{"width":2000,"height":1000,"url":"https:\/\/blog.zhaw.ch\/vitamin-g\/files\/2022\/07\/2022-12-vitaming-kinder-keine-kleine-erwachsenen.jpg","type":"image\/jpeg"}],"author":"Vitamin G","twitter_card":"summary_large_image","twitter_misc":{"Verfasst von":"Vitamin G","Gesch\u00e4tzte Lesezeit":"5\u00a0Minuten"},"schema":{"@context":"https:\/\/schema.org","@graph":[{"@type":"Article","@id":"https:\/\/blog.zhaw.ch\/vitamin-g\/kinder-sind-keine-kleinen-erwachsenen\/#article","isPartOf":{"@id":"https:\/\/blog.zhaw.ch\/vitamin-g\/kinder-sind-keine-kleinen-erwachsenen\/"},"author":{"name":"Vitamin G","@id":"https:\/\/blog.zhaw.ch\/vitamin-g\/#\/schema\/person\/d519fda9e57b30bd86cfa45d4da7fd0f"},"headline":"\u00abKinder sind keine kleine Erwachsenen\u00bb","datePublished":"2022-07-18T14:31:57+00:00","dateModified":"2022-10-12T15:34:00+00:00","mainEntityOfPage":{"@id":"https:\/\/blog.zhaw.ch\/vitamin-g\/kinder-sind-keine-kleinen-erwachsenen\/"},"wordCount":1055,"commentCount":0,"image":{"@id":"https:\/\/blog.zhaw.ch\/vitamin-g\/kinder-sind-keine-kleinen-erwachsenen\/#primaryimage"},"thumbnailUrl":"https:\/\/blog.zhaw.ch\/vitamin-g\/files\/2022\/07\/2022-12-vitaming-kinder-keine-kleine-erwachsenen.jpg","articleSection":{"1":"Dossier"},"inLanguage":"de","potentialAction":[{"@type":"CommentAction","name":"Comment","target":["https:\/\/blog.zhaw.ch\/vitamin-g\/kinder-sind-keine-kleinen-erwachsenen\/#respond"]}]},{"@type":"WebPage","@id":"https:\/\/blog.zhaw.ch\/vitamin-g\/kinder-sind-keine-kleinen-erwachsenen\/","url":"https:\/\/blog.zhaw.ch\/vitamin-g\/kinder-sind-keine-kleinen-erwachsenen\/","name":"\u00abKinder sind keine kleine Erwachsenen\u00bb - Vitamin G \u2013 f\u00fcr Health Professionals mit Weitblick","isPartOf":{"@id":"https:\/\/blog.zhaw.ch\/vitamin-g\/#website"},"primaryImageOfPage":{"@id":"https:\/\/blog.zhaw.ch\/vitamin-g\/kinder-sind-keine-kleinen-erwachsenen\/#primaryimage"},"image":{"@id":"https:\/\/blog.zhaw.ch\/vitamin-g\/kinder-sind-keine-kleinen-erwachsenen\/#primaryimage"},"thumbnailUrl":"https:\/\/blog.zhaw.ch\/vitamin-g\/files\/2022\/07\/2022-12-vitaming-kinder-keine-kleine-erwachsenen.jpg","datePublished":"2022-07-18T14:31:57+00:00","dateModified":"2022-10-12T15:34:00+00:00","author":{"@id":"https:\/\/blog.zhaw.ch\/vitamin-g\/#\/schema\/person\/d519fda9e57b30bd86cfa45d4da7fd0f"},"breadcrumb":{"@id":"https:\/\/blog.zhaw.ch\/vitamin-g\/kinder-sind-keine-kleinen-erwachsenen\/#breadcrumb"},"inLanguage":"de","potentialAction":[{"@type":"ReadAction","target":["https:\/\/blog.zhaw.ch\/vitamin-g\/kinder-sind-keine-kleinen-erwachsenen\/"]}]},{"@type":"ImageObject","inLanguage":"de","@id":"https:\/\/blog.zhaw.ch\/vitamin-g\/kinder-sind-keine-kleinen-erwachsenen\/#primaryimage","url":"https:\/\/blog.zhaw.ch\/vitamin-g\/files\/2022\/07\/2022-12-vitaming-kinder-keine-kleine-erwachsenen.jpg","contentUrl":"https:\/\/blog.zhaw.ch\/vitamin-g\/files\/2022\/07\/2022-12-vitaming-kinder-keine-kleine-erwachsenen.jpg","width":2000,"height":1000},{"@type":"BreadcrumbList","@id":"https:\/\/blog.zhaw.ch\/vitamin-g\/kinder-sind-keine-kleinen-erwachsenen\/#breadcrumb","itemListElement":[{"@type":"ListItem","position":1,"name":"Startseite","item":"https:\/\/blog.zhaw.ch\/vitamin-g\/"},{"@type":"ListItem","position":2,"name":"\u00abKinder sind keine kleine Erwachsenen\u00bb"}]},{"@type":"WebSite","@id":"https:\/\/blog.zhaw.ch\/vitamin-g\/#website","url":"https:\/\/blog.zhaw.ch\/vitamin-g\/","name":"Vitamin G \u2013 f\u00fcr Health Professionals mit Weitblick","description":"Ein Blog der ZHAW Z\u00fcrcher Hochschule f\u00fcr Angewandte Wissenschaften","potentialAction":[{"@type":"SearchAction","target":{"@type":"EntryPoint","urlTemplate":"https:\/\/blog.zhaw.ch\/vitamin-g\/?s={search_term_string}"},"query-input":{"@type":"PropertyValueSpecification","valueRequired":true,"valueName":"search_term_string"}}],"inLanguage":"de"},{"@type":"Person","@id":"https:\/\/blog.zhaw.ch\/vitamin-g\/#\/schema\/person\/d519fda9e57b30bd86cfa45d4da7fd0f","name":"Vitamin G","image":{"@type":"ImageObject","inLanguage":"de","@id":"https:\/\/secure.gravatar.com\/avatar\/01ab4b47045ffae2574da15e435b7215f291428d71fa161fb42d7a80d82f2977?s=96&d=mm&r=g","url":"https:\/\/secure.gravatar.com\/avatar\/01ab4b47045ffae2574da15e435b7215f291428d71fa161fb42d7a80d82f2977?s=96&d=mm&r=g","contentUrl":"https:\/\/secure.gravatar.com\/avatar\/01ab4b47045ffae2574da15e435b7215f291428d71fa161fb42d7a80d82f2977?s=96&d=mm&r=g","caption":"Vitamin G"},"url":"https:\/\/blog.zhaw.ch\/vitamin-g\/author\/lipu\/"}]}},"_links":{"self":[{"href":"https:\/\/blog.zhaw.ch\/vitamin-g\/wp-json\/wp\/v2\/posts\/2139","targetHints":{"allow":["GET"]}}],"collection":[{"href":"https:\/\/blog.zhaw.ch\/vitamin-g\/wp-json\/wp\/v2\/posts"}],"about":[{"href":"https:\/\/blog.zhaw.ch\/vitamin-g\/wp-json\/wp\/v2\/types\/post"}],"author":[{"embeddable":true,"href":"https:\/\/blog.zhaw.ch\/vitamin-g\/wp-json\/wp\/v2\/users\/305"}],"replies":[{"embeddable":true,"href":"https:\/\/blog.zhaw.ch\/vitamin-g\/wp-json\/wp\/v2\/comments?post=2139"}],"version-history":[{"count":11,"href":"https:\/\/blog.zhaw.ch\/vitamin-g\/wp-json\/wp\/v2\/posts\/2139\/revisions"}],"predecessor-version":[{"id":2173,"href":"https:\/\/blog.zhaw.ch\/vitamin-g\/wp-json\/wp\/v2\/posts\/2139\/revisions\/2173"}],"wp:featuredmedia":[{"embeddable":true,"href":"https:\/\/blog.zhaw.ch\/vitamin-g\/wp-json\/wp\/v2\/media\/2149"}],"wp:attachment":[{"href":"https:\/\/blog.zhaw.ch\/vitamin-g\/wp-json\/wp\/v2\/media?parent=2139"}],"wp:term":[{"taxonomy":"category","embeddable":true,"href":"https:\/\/blog.zhaw.ch\/vitamin-g\/wp-json\/wp\/v2\/categories?post=2139"},{"taxonomy":"post_tag","embeddable":true,"href":"https:\/\/blog.zhaw.ch\/vitamin-g\/wp-json\/wp\/v2\/tags?post=2139"},{"taxonomy":"features","embeddable":true,"href":"https:\/\/blog.zhaw.ch\/vitamin-g\/wp-json\/wp\/v2\/features?post=2139"}],"curies":[{"name":"wp","href":"https:\/\/api.w.org\/{rel}","templated":true}]}}