{"id":210,"date":"2016-11-13T09:30:51","date_gmt":"2016-11-13T08:30:51","guid":{"rendered":"http:\/\/blog.zhaw.ch\/vitamin-g\/?p=210"},"modified":"2016-12-21T17:13:28","modified_gmt":"2016-12-21T16:13:28","slug":"vitaminschub-fuer-die-zukunft","status":"publish","type":"post","link":"https:\/\/blog.zhaw.ch\/vitamin-g\/vitaminschub-fuer-die-zukunft\/","title":{"rendered":"VITAMINSCHUB F\u00dcR DIE ZUKUNFT"},"content":{"rendered":"<p>Sie haben es sicher bemerkt: Unser \u00abBulletin\u00bb heisst neu \u00abVitamin G\u00bb.<!--more--> G steht f\u00fcr Gesundheit, aber auch f\u00fcr unser Departement, das wir intern einfach G nennen. Unser Magazin soll Energie liefern und Schub verleihen; es soll Health Professionals vernetzen und <img loading=\"lazy\" decoding=\"async\" class=\"alignleft wp-image-216\" src=\"http:\/\/blog.zhaw.ch\/vitamin-g\/files\/2016\/11\/quote-editorial.jpg\" alt=\"Zitat: Unser Magazin soll Energie liefern und Health Professionals vernetzen.\" width=\"346\" height=\"107\" \/>sie motivieren, Herausforderungen im Gesundheitswesen gemeinsam anzupacken. Nebst dem Namen haben wir die Gestaltung aufgefrischt und neue redaktionelle Gef\u00e4sse geschaffen, darunter die Rubrik \u00abSpektrum\u00bb mit Neuigkeiten aus unserem Departement sowie eine Meinungskolumne. Unter \u00abGewusst wie!\u00bb bereiten wir neu Fach- und Forschungswissen f\u00fcr den Alltagsgebrauch auf. Den inhaltlichen Kern bildet\u00a0nach wie vor das \u00abDossier\u00bb zu einem Schwerpunktthema. Die Entscheidung, unser Magazin neu zu lancieren, f\u00e4llt zusammen mit unserem Jubil\u00e4um: Nach zehn Jahren Departement Gesundheit und meinem Eintritt als Direktor ist es Zeit f\u00fcr eine Neupositionierung.<\/p>\n<p>Treffe ich pers\u00f6nlich eine wichtige Entscheidung \u2013 etwa die Stelle als neuen Direktor des Departements Gesundheit anzutreten \u2013, bilde ich im Vorfeld eine Art Entscheidungsnetzwerk. Ich trage Kriterien zusammen, die in meine \u00dcberlegungen einfliessen sollen. Dazu notiere ich Fakten, aber auch Gedanken und Gef\u00fchle, um meine Zusammenstellung dann mit Menschen meines Vertrauens zu diskutieren. Nach und nach reift so ein Entschluss. Obschon ich meine Kriterien zun\u00e4chst rational gewichte, kommt am Schluss stets eine Prise Bauchgef\u00fchl hinzu. Auch in schwierigen medizinischen Situationen w\u00fcrde ich mir immer zuerst Daten aus Studien besorgen, wenngleich ich nachher m\u00f6glicherweise anders entscheide. Das Bewusstsein, dass ich das verf\u00fcgbare Wissen als Grundlage habe, gibt mir Sicherheit und hilft mir, gute Entscheidungen zu treffen.<\/p>\n<p>Wie treffen Sie Entscheidungen? Und wie gef\u00e4llt Ihnen unser neues Magazin? Auf dem neuen Blog zum Magazin k\u00f6nnen Sie ausgew\u00e4hlte Artikel auch online lesen und kommentieren. Wir freuen uns \u00fcber Ihr Feedback.<\/p>\n<p><a href=\"https:\/\/www.zhaw.ch\/de\/ueber-uns\/person\/gerd\/\">Andreas Gerber-Grote<\/a>,\u00a0Direktor Departement Gesundheit<\/p>\n<div class=\"callout-medium\"><strong><a href=\"https:\/\/www.zhaw.ch\/storage\/gesundheit\/ueber-uns\/medien-news\/vitamin-g\/vitamin-g-nr-1-november-2016-zhaw-gesundheit.pdf\">VITAMIN G, NR. 1\/2016 (PDF)<\/a><\/strong><\/div>\n<div class=\"callout-medium\"><a href=\"https:\/\/www.zhaw.ch\/de\/gesundheit\/ueber-uns\/medien\/magazin-vitamin-g\/\"><strong>VITAMIN G BESTELLEN<\/strong><\/a><\/div>\n","protected":false},"excerpt":{"rendered":"<p>Sie haben es sicher bemerkt: Unser \u00abBulletin\u00bb heisst neu \u00abVitamin G\u00bb.<\/p>\n","protected":false},"author":303,"featured_media":211,"comment_status":"open","ping_status":"open","sticky":false,"template":"","format":"standard","meta":{"ngg_post_thumbnail":0,"footnotes":""},"categories":[1],"tags":[],"features":[],"class_list":["post-210","post","type-post","status-publish","format-standard","has-post-thumbnail","hentry","category-allgemein"],"yoast_head":"<!-- This site is optimized with the Yoast SEO Premium plugin v27.2 (Yoast SEO v27.2) - https:\/\/yoast.com\/product\/yoast-seo-premium-wordpress\/ -->\n<title>VITAMINSCHUB F\u00dcR DIE ZUKUNFT - Vitamin G \u2013 f\u00fcr Health Professionals mit Weitblick<\/title>\n<meta name=\"robots\" content=\"index, follow, max-snippet:-1, max-image-preview:large, max-video-preview:-1\" \/>\n<link rel=\"canonical\" href=\"https:\/\/blog.zhaw.ch\/vitamin-g\/vitaminschub-fuer-die-zukunft\/\" \/>\n<meta property=\"og:locale\" content=\"de_DE\" \/>\n<meta property=\"og:type\" content=\"article\" \/>\n<meta property=\"og:title\" content=\"VITAMINSCHUB F\u00dcR DIE ZUKUNFT\" \/>\n<meta property=\"og:description\" content=\"Sie haben es sicher bemerkt: Unser \u00abBulletin\u00bb heisst neu \u00abVitamin G\u00bb.\" \/>\n<meta property=\"og:url\" content=\"https:\/\/blog.zhaw.ch\/vitamin-g\/vitaminschub-fuer-die-zukunft\/\" \/>\n<meta property=\"og:site_name\" content=\"Vitamin G \u2013 f\u00fcr Health Professionals mit Weitblick\" \/>\n<meta property=\"article:published_time\" content=\"2016-11-13T08:30:51+00:00\" \/>\n<meta property=\"article:modified_time\" content=\"2016-12-21T16:13:28+00:00\" \/>\n<meta property=\"og:image\" content=\"https:\/\/blog.zhaw.ch\/vitamin-g\/files\/2016\/11\/editorial-vitaming-1.jpg\" \/>\n\t<meta property=\"og:image:width\" content=\"950\" \/>\n\t<meta property=\"og:image:height\" content=\"354\" \/>\n\t<meta property=\"og:image:type\" content=\"image\/jpeg\" \/>\n<meta name=\"author\" content=\"Vitamin G\" \/>\n<meta name=\"twitter:card\" content=\"summary_large_image\" \/>\n<meta name=\"twitter:label1\" content=\"Verfasst von\" \/>\n\t<meta name=\"twitter:data1\" content=\"Vitamin G\" \/>\n\t<meta name=\"twitter:label2\" content=\"Gesch\u00e4tzte Lesezeit\" \/>\n\t<meta name=\"twitter:data2\" content=\"2\u00a0Minuten\" \/>\n<script type=\"application\/ld+json\" class=\"yoast-schema-graph\">{\"@context\":\"https:\/\/schema.org\",\"@graph\":[{\"@type\":\"Article\",\"@id\":\"https:\/\/blog.zhaw.ch\/vitamin-g\/vitaminschub-fuer-die-zukunft\/#article\",\"isPartOf\":{\"@id\":\"https:\/\/blog.zhaw.ch\/vitamin-g\/vitaminschub-fuer-die-zukunft\/\"},\"author\":{\"name\":\"Vitamin G\",\"@id\":\"https:\/\/blog.zhaw.ch\/vitamin-g\/#\/schema\/person\/c40eef1fd6b5c80a87a5ab6f21a50cc1\"},\"headline\":\"VITAMINSCHUB F\u00dcR DIE ZUKUNFT\",\"datePublished\":\"2016-11-13T08:30:51+00:00\",\"dateModified\":\"2016-12-21T16:13:28+00:00\",\"mainEntityOfPage\":{\"@id\":\"https:\/\/blog.zhaw.ch\/vitamin-g\/vitaminschub-fuer-die-zukunft\/\"},\"wordCount\":305,\"commentCount\":1,\"image\":{\"@id\":\"https:\/\/blog.zhaw.ch\/vitamin-g\/vitaminschub-fuer-die-zukunft\/#primaryimage\"},\"thumbnailUrl\":\"https:\/\/blog.zhaw.ch\/vitamin-g\/files\/2016\/11\/editorial-vitaming-1.jpg\",\"inLanguage\":\"de\",\"potentialAction\":[{\"@type\":\"CommentAction\",\"name\":\"Comment\",\"target\":[\"https:\/\/blog.zhaw.ch\/vitamin-g\/vitaminschub-fuer-die-zukunft\/#respond\"]}]},{\"@type\":\"WebPage\",\"@id\":\"https:\/\/blog.zhaw.ch\/vitamin-g\/vitaminschub-fuer-die-zukunft\/\",\"url\":\"https:\/\/blog.zhaw.ch\/vitamin-g\/vitaminschub-fuer-die-zukunft\/\",\"name\":\"VITAMINSCHUB F\u00dcR DIE ZUKUNFT - Vitamin G \u2013 f\u00fcr Health Professionals mit Weitblick\",\"isPartOf\":{\"@id\":\"https:\/\/blog.zhaw.ch\/vitamin-g\/#website\"},\"primaryImageOfPage\":{\"@id\":\"https:\/\/blog.zhaw.ch\/vitamin-g\/vitaminschub-fuer-die-zukunft\/#primaryimage\"},\"image\":{\"@id\":\"https:\/\/blog.zhaw.ch\/vitamin-g\/vitaminschub-fuer-die-zukunft\/#primaryimage\"},\"thumbnailUrl\":\"https:\/\/blog.zhaw.ch\/vitamin-g\/files\/2016\/11\/editorial-vitaming-1.jpg\",\"datePublished\":\"2016-11-13T08:30:51+00:00\",\"dateModified\":\"2016-12-21T16:13:28+00:00\",\"author\":{\"@id\":\"https:\/\/blog.zhaw.ch\/vitamin-g\/#\/schema\/person\/c40eef1fd6b5c80a87a5ab6f21a50cc1\"},\"breadcrumb\":{\"@id\":\"https:\/\/blog.zhaw.ch\/vitamin-g\/vitaminschub-fuer-die-zukunft\/#breadcrumb\"},\"inLanguage\":\"de\",\"potentialAction\":[{\"@type\":\"ReadAction\",\"target\":[\"https:\/\/blog.zhaw.ch\/vitamin-g\/vitaminschub-fuer-die-zukunft\/\"]}]},{\"@type\":\"ImageObject\",\"inLanguage\":\"de\",\"@id\":\"https:\/\/blog.zhaw.ch\/vitamin-g\/vitaminschub-fuer-die-zukunft\/#primaryimage\",\"url\":\"https:\/\/blog.zhaw.ch\/vitamin-g\/files\/2016\/11\/editorial-vitaming-1.jpg\",\"contentUrl\":\"https:\/\/blog.zhaw.ch\/vitamin-g\/files\/2016\/11\/editorial-vitaming-1.jpg\",\"width\":950,\"height\":354},{\"@type\":\"BreadcrumbList\",\"@id\":\"https:\/\/blog.zhaw.ch\/vitamin-g\/vitaminschub-fuer-die-zukunft\/#breadcrumb\",\"itemListElement\":[{\"@type\":\"ListItem\",\"position\":1,\"name\":\"Startseite\",\"item\":\"https:\/\/blog.zhaw.ch\/vitamin-g\/\"},{\"@type\":\"ListItem\",\"position\":2,\"name\":\"VITAMINSCHUB F\u00dcR DIE ZUKUNFT\"}]},{\"@type\":\"WebSite\",\"@id\":\"https:\/\/blog.zhaw.ch\/vitamin-g\/#website\",\"url\":\"https:\/\/blog.zhaw.ch\/vitamin-g\/\",\"name\":\"Vitamin G \u2013 f\u00fcr Health Professionals mit Weitblick\",\"description\":\"Ein Blog der ZHAW Z\u00fcrcher Hochschule f\u00fcr Angewandte Wissenschaften\",\"potentialAction\":[{\"@type\":\"SearchAction\",\"target\":{\"@type\":\"EntryPoint\",\"urlTemplate\":\"https:\/\/blog.zhaw.ch\/vitamin-g\/?s={search_term_string}\"},\"query-input\":{\"@type\":\"PropertyValueSpecification\",\"valueRequired\":true,\"valueName\":\"search_term_string\"}}],\"inLanguage\":\"de\"},{\"@type\":\"Person\",\"@id\":\"https:\/\/blog.zhaw.ch\/vitamin-g\/#\/schema\/person\/c40eef1fd6b5c80a87a5ab6f21a50cc1\",\"name\":\"Vitamin G\",\"image\":{\"@type\":\"ImageObject\",\"inLanguage\":\"de\",\"@id\":\"https:\/\/secure.gravatar.com\/avatar\/98f5da1c92db080b7a9598ea470459f2dfc333ede5e4b0779b146129ec54cb34?s=96&d=mm&r=g\",\"url\":\"https:\/\/secure.gravatar.com\/avatar\/98f5da1c92db080b7a9598ea470459f2dfc333ede5e4b0779b146129ec54cb34?s=96&d=mm&r=g\",\"contentUrl\":\"https:\/\/secure.gravatar.com\/avatar\/98f5da1c92db080b7a9598ea470459f2dfc333ede5e4b0779b146129ec54cb34?s=96&d=mm&r=g\",\"caption\":\"Vitamin G\"},\"url\":\"https:\/\/blog.zhaw.ch\/vitamin-g\/author\/funp\/\"}]}<\/script>\n<!-- \/ Yoast SEO Premium plugin. -->","yoast_head_json":{"title":"VITAMINSCHUB F\u00dcR DIE ZUKUNFT - Vitamin G \u2013 f\u00fcr Health Professionals mit Weitblick","robots":{"index":"index","follow":"follow","max-snippet":"max-snippet:-1","max-image-preview":"max-image-preview:large","max-video-preview":"max-video-preview:-1"},"canonical":"https:\/\/blog.zhaw.ch\/vitamin-g\/vitaminschub-fuer-die-zukunft\/","og_locale":"de_DE","og_type":"article","og_title":"VITAMINSCHUB F\u00dcR DIE ZUKUNFT","og_description":"Sie haben es sicher bemerkt: Unser \u00abBulletin\u00bb heisst neu \u00abVitamin G\u00bb.","og_url":"https:\/\/blog.zhaw.ch\/vitamin-g\/vitaminschub-fuer-die-zukunft\/","og_site_name":"Vitamin G \u2013 f\u00fcr Health Professionals mit Weitblick","article_published_time":"2016-11-13T08:30:51+00:00","article_modified_time":"2016-12-21T16:13:28+00:00","og_image":[{"width":950,"height":354,"url":"https:\/\/blog.zhaw.ch\/vitamin-g\/files\/2016\/11\/editorial-vitaming-1.jpg","type":"image\/jpeg"}],"author":"Vitamin G","twitter_card":"summary_large_image","twitter_misc":{"Verfasst von":"Vitamin G","Gesch\u00e4tzte Lesezeit":"2\u00a0Minuten"},"schema":{"@context":"https:\/\/schema.org","@graph":[{"@type":"Article","@id":"https:\/\/blog.zhaw.ch\/vitamin-g\/vitaminschub-fuer-die-zukunft\/#article","isPartOf":{"@id":"https:\/\/blog.zhaw.ch\/vitamin-g\/vitaminschub-fuer-die-zukunft\/"},"author":{"name":"Vitamin G","@id":"https:\/\/blog.zhaw.ch\/vitamin-g\/#\/schema\/person\/c40eef1fd6b5c80a87a5ab6f21a50cc1"},"headline":"VITAMINSCHUB F\u00dcR DIE ZUKUNFT","datePublished":"2016-11-13T08:30:51+00:00","dateModified":"2016-12-21T16:13:28+00:00","mainEntityOfPage":{"@id":"https:\/\/blog.zhaw.ch\/vitamin-g\/vitaminschub-fuer-die-zukunft\/"},"wordCount":305,"commentCount":1,"image":{"@id":"https:\/\/blog.zhaw.ch\/vitamin-g\/vitaminschub-fuer-die-zukunft\/#primaryimage"},"thumbnailUrl":"https:\/\/blog.zhaw.ch\/vitamin-g\/files\/2016\/11\/editorial-vitaming-1.jpg","inLanguage":"de","potentialAction":[{"@type":"CommentAction","name":"Comment","target":["https:\/\/blog.zhaw.ch\/vitamin-g\/vitaminschub-fuer-die-zukunft\/#respond"]}]},{"@type":"WebPage","@id":"https:\/\/blog.zhaw.ch\/vitamin-g\/vitaminschub-fuer-die-zukunft\/","url":"https:\/\/blog.zhaw.ch\/vitamin-g\/vitaminschub-fuer-die-zukunft\/","name":"VITAMINSCHUB F\u00dcR DIE ZUKUNFT - Vitamin G \u2013 f\u00fcr Health Professionals mit Weitblick","isPartOf":{"@id":"https:\/\/blog.zhaw.ch\/vitamin-g\/#website"},"primaryImageOfPage":{"@id":"https:\/\/blog.zhaw.ch\/vitamin-g\/vitaminschub-fuer-die-zukunft\/#primaryimage"},"image":{"@id":"https:\/\/blog.zhaw.ch\/vitamin-g\/vitaminschub-fuer-die-zukunft\/#primaryimage"},"thumbnailUrl":"https:\/\/blog.zhaw.ch\/vitamin-g\/files\/2016\/11\/editorial-vitaming-1.jpg","datePublished":"2016-11-13T08:30:51+00:00","dateModified":"2016-12-21T16:13:28+00:00","author":{"@id":"https:\/\/blog.zhaw.ch\/vitamin-g\/#\/schema\/person\/c40eef1fd6b5c80a87a5ab6f21a50cc1"},"breadcrumb":{"@id":"https:\/\/blog.zhaw.ch\/vitamin-g\/vitaminschub-fuer-die-zukunft\/#breadcrumb"},"inLanguage":"de","potentialAction":[{"@type":"ReadAction","target":["https:\/\/blog.zhaw.ch\/vitamin-g\/vitaminschub-fuer-die-zukunft\/"]}]},{"@type":"ImageObject","inLanguage":"de","@id":"https:\/\/blog.zhaw.ch\/vitamin-g\/vitaminschub-fuer-die-zukunft\/#primaryimage","url":"https:\/\/blog.zhaw.ch\/vitamin-g\/files\/2016\/11\/editorial-vitaming-1.jpg","contentUrl":"https:\/\/blog.zhaw.ch\/vitamin-g\/files\/2016\/11\/editorial-vitaming-1.jpg","width":950,"height":354},{"@type":"BreadcrumbList","@id":"https:\/\/blog.zhaw.ch\/vitamin-g\/vitaminschub-fuer-die-zukunft\/#breadcrumb","itemListElement":[{"@type":"ListItem","position":1,"name":"Startseite","item":"https:\/\/blog.zhaw.ch\/vitamin-g\/"},{"@type":"ListItem","position":2,"name":"VITAMINSCHUB F\u00dcR DIE ZUKUNFT"}]},{"@type":"WebSite","@id":"https:\/\/blog.zhaw.ch\/vitamin-g\/#website","url":"https:\/\/blog.zhaw.ch\/vitamin-g\/","name":"Vitamin G \u2013 f\u00fcr Health Professionals mit Weitblick","description":"Ein Blog der ZHAW Z\u00fcrcher Hochschule f\u00fcr Angewandte Wissenschaften","potentialAction":[{"@type":"SearchAction","target":{"@type":"EntryPoint","urlTemplate":"https:\/\/blog.zhaw.ch\/vitamin-g\/?s={search_term_string}"},"query-input":{"@type":"PropertyValueSpecification","valueRequired":true,"valueName":"search_term_string"}}],"inLanguage":"de"},{"@type":"Person","@id":"https:\/\/blog.zhaw.ch\/vitamin-g\/#\/schema\/person\/c40eef1fd6b5c80a87a5ab6f21a50cc1","name":"Vitamin G","image":{"@type":"ImageObject","inLanguage":"de","@id":"https:\/\/secure.gravatar.com\/avatar\/98f5da1c92db080b7a9598ea470459f2dfc333ede5e4b0779b146129ec54cb34?s=96&d=mm&r=g","url":"https:\/\/secure.gravatar.com\/avatar\/98f5da1c92db080b7a9598ea470459f2dfc333ede5e4b0779b146129ec54cb34?s=96&d=mm&r=g","contentUrl":"https:\/\/secure.gravatar.com\/avatar\/98f5da1c92db080b7a9598ea470459f2dfc333ede5e4b0779b146129ec54cb34?s=96&d=mm&r=g","caption":"Vitamin G"},"url":"https:\/\/blog.zhaw.ch\/vitamin-g\/author\/funp\/"}]}},"_links":{"self":[{"href":"https:\/\/blog.zhaw.ch\/vitamin-g\/wp-json\/wp\/v2\/posts\/210","targetHints":{"allow":["GET"]}}],"collection":[{"href":"https:\/\/blog.zhaw.ch\/vitamin-g\/wp-json\/wp\/v2\/posts"}],"about":[{"href":"https:\/\/blog.zhaw.ch\/vitamin-g\/wp-json\/wp\/v2\/types\/post"}],"author":[{"embeddable":true,"href":"https:\/\/blog.zhaw.ch\/vitamin-g\/wp-json\/wp\/v2\/users\/303"}],"replies":[{"embeddable":true,"href":"https:\/\/blog.zhaw.ch\/vitamin-g\/wp-json\/wp\/v2\/comments?post=210"}],"version-history":[{"count":17,"href":"https:\/\/blog.zhaw.ch\/vitamin-g\/wp-json\/wp\/v2\/posts\/210\/revisions"}],"predecessor-version":[{"id":281,"href":"https:\/\/blog.zhaw.ch\/vitamin-g\/wp-json\/wp\/v2\/posts\/210\/revisions\/281"}],"wp:featuredmedia":[{"embeddable":true,"href":"https:\/\/blog.zhaw.ch\/vitamin-g\/wp-json\/wp\/v2\/media\/211"}],"wp:attachment":[{"href":"https:\/\/blog.zhaw.ch\/vitamin-g\/wp-json\/wp\/v2\/media?parent=210"}],"wp:term":[{"taxonomy":"category","embeddable":true,"href":"https:\/\/blog.zhaw.ch\/vitamin-g\/wp-json\/wp\/v2\/categories?post=210"},{"taxonomy":"post_tag","embeddable":true,"href":"https:\/\/blog.zhaw.ch\/vitamin-g\/wp-json\/wp\/v2\/tags?post=210"},{"taxonomy":"features","embeddable":true,"href":"https:\/\/blog.zhaw.ch\/vitamin-g\/wp-json\/wp\/v2\/features?post=210"}],"curies":[{"name":"wp","href":"https:\/\/api.w.org\/{rel}","templated":true}]}}