{"id":1668,"date":"2021-05-17T16:01:46","date_gmt":"2021-05-17T14:01:46","guid":{"rendered":"https:\/\/blog.zhaw.ch\/vitamin-g\/?p=1668"},"modified":"2022-04-11T17:36:31","modified_gmt":"2022-04-11T15:36:31","slug":"die-kraft-d-es-atmens","status":"publish","type":"post","link":"https:\/\/blog.zhaw.ch\/vitamin-g\/die-kraft-d-es-atmens\/","title":{"rendered":"DIE KRAFT DES ATMENS"},"content":{"rendered":"\n<p><strong>Stress, sitzende T\u00e4tigkeiten und zu wenig Bewegung haben zur Folge, dass wir im Alltag das Potenzial unserer Atmung nicht richtig nutzen. Dabei kann sie bewusst eingesetzt werden, um K\u00f6rper und Geist zur Ruhe zu bringen und Krankheiten vorzubeugen<\/strong>.<\/p>\n\n\n\n<!--more-->\n\n\n\n<p>VON TOBIAS H\u00c4NNI<\/p>\n\n\n\n<p>Es ist das Erste, was wir tun, wenn wir das Licht der Welt erblicken, und das Letzte, wenn wir sterben. Ein und aus und ein und aus, immerzu atmen wir, unser ganzes Leben lang. Ganz einfach eigentlich. Oder doch nicht? Wer sich zum Thema informiert, der k\u00f6nnte den Eindruck erhalten, als w\u00fcssten wir nicht mehr so recht, wie das geht mit der Atmung. \u00abRichtig Atmen\u00bb, \u00abErfolgsfaktor Sauerstoff\u00bb, \u00abWarum wir alle falsch atmen \u2013 und wie es richtig geht\u00bb \u2013 unter solchen und \u00e4hnlichen Titeln finden sich im Internet unz\u00e4hlige Kurse, Sachb\u00fccher, Artikel und Videos. Das wirft die Frage auf: Haben wir das Atmen verlernt? \u00abVerlernen k\u00f6nnen wir es nicht, die Atmung ist ja ein unbewusster und automatischer Vorgang\u00bb, sagt J\u00f6rg Spieldenner, Direktor der Lungenliga Schweiz und Vorstandsmitglied der Gesellschaft f\u00fcr Pneumologie. <\/p>\n\n\n\n<blockquote class=\"wp-block-quote is-layout-flow wp-block-quote-is-layout-flow\"><p><strong><em>\u00abUnser emotionaler Zustand wirkt sich direkt auf die Atmung aus.\u00bb<\/em><\/strong><\/p><\/blockquote>\n\n\n\n<p>Aber: \u00abIn der heutigen Gesellschaft arbeiten viele Menschen im Sitzen, bewegen sich zu wenig und haben \u00dcbergewicht.\u00bb Diese Faktoren wirkten sich nachteilig auf die Atemmuskulatur aus, allen voran auf das Zwerchfell. Durch dessen Bewegungen wird Luft in die Lunge bef\u00f6rdert, die selber ein rein passives Organ ist: Wird das Zwerchfell angespannt, atmen wir Luft ein, entspannt es sich wieder, atmen wir aus. \u00abEine schwache Zwerchfellmuskulatur hat zur Folge, dass das Potenzial der Atmung zu wenig ausgesch\u00f6pft wird\u00bb, sagt Spieldenner. Das gesteigerte Interesse an der Atmung, das sich in einer wachsenden Anzahl an Kursen, Ratgebern und Medienbeitr\u00e4gen spiegelt, ist f\u00fcr den Arzt, Sportwissenschaftler und Gesundheits\u00f6konomen deshalb eine positive Entwicklung. \u00abEs ist richtig und wichtig, dass die Atmung zunehmend in das K\u00f6rperbewusstsein integriert wird und die Menschen lernen, bewusst zu atmen.\u00bb<\/p>\n\n\n\n<h2 class=\"wp-block-heading\">Pfeiler vieler Entspannungstechniken<\/h2>\n\n\n\n<p>Dass wir unsere Atmung bewusst steuern und so verbessern k\u00f6nnen, ist bemerkenswert: Wie andere \u00fcberlebenswichtige K\u00f6rperfunktionen wie Herzschlag, K\u00f6rpertemperatur oder Stoffwechsel wird sie \u00fcber das vegetative Nervensystem gesteuert und l\u00e4uft deshalb grunds\u00e4tzlich automatisch ab. So m\u00fcssen wir nicht st\u00e4ndig daran denken, Luft zu holen. Die Atmung ist gleichzeitig die einzige vegetative Funktion, die wir willentlich steuern k\u00f6nnen. Diese F\u00e4higkeit k\u00f6nnen wir nicht nur nutzen, um die Luft bei Gestank anzuhalten oder vor dem Abtauchen ins Wasser ein paar tiefe Atemz\u00fcge zu nehmen. Wir k\u00f6nnen sie auch gezielt einsetzen, um unser<br>geistiges und k\u00f6rperliches Wohlbefinden zu steigern. Dieses Wissen ist in vielen Meditationslehren und Entspannungstechniken \u2013 insbesondere im asiatischen Kulturraum \u2013 seit Jahrtausenden tief verankert: So ist eine bewusste Atmung zentraler Pfeiler etwa im indischen Yoga, im chinesischen Qigong oder im japanischen Zen-Buddhismus.<\/p>\n\n\n\n<blockquote class=\"wp-block-quote is-layout-flow wp-block-quote-is-layout-flow\"><p><strong><em>\u00abWir k\u00f6nnen das vegetative Nerven system durch unsere Atmung \u00fcberlisten.\u00bb<\/em><\/strong><\/p><\/blockquote>\n\n\n\n<p>In den vergangenen Jahren hat sich dieses Wissen auch im westlichen Kulturraum zunehmend durchgesetzt \u2013 wozu unter anderem die wachsende Popularit\u00e4t von Achtsamkeitstechniken beigetragen hat. \u00abBei allen<br>diesen Techniken wird die Atmung als Anker eingesetzt, um K\u00f6rper und Geist zur Ruhe zu bringen\u00bb, sagt Irene Etzer-Hofer, Resilienzexpertin und Leiterin der Fachstelle Betriebliches Gesundheitsmanagement am ZHAW-Departement Gesundheit. Eine zentrale Rolle spielt das Atmen auch bei der Behandlung von psychischen Krankheiten, etwa Angstst\u00f6rungen oder Traumata. \u00abAls Bestandteil von Entspannungstechniken kann bewusstes Atmen unterst\u00fctzend bei fast allen psychischen Erkrankungen eingesetzt werden. Es ist der Schl\u00fcssel zu unterdr\u00fcckten Emotionen \u2013 diese k\u00f6nnen durch die richtigen Atem\u00fcbungen bewusst gemacht werden\u00bb, so Etzer-Hofer.<\/p>\n\n\n\n<h2 class=\"wp-block-heading\">Bei Stress atmen wir flach<\/h2>\n\n\n\n<p>Dass zwischen Atmung und Emotionen ein enger Zusammenhang besteht, darauf deuten zahlreiche Sprichw\u00f6rter und Lebensweisheiten hin: Wir halten vor Angst den Atem an, wir m\u00fcssen unserem \u00c4rger Luft machen und wenn wir gestresst sind, sollen wir am besten ein paar Mal tief durchatmen. \u00abUnser emotionaler Zustand wirkt sich direkt auf die Atmung aus. Sind wir entspannt, atmen wir tief und ruhig, bei Stress oder Angst dagegen flach und schnell\u00bb, so Irene Etzer-Hofer. Verantwortlich daf\u00fcr ist das vegetative Nervensystem, dass sich aus zwei gegens\u00e4tzlich agierenden Teilsystemen zusammensetzt: Sympathikus und Parasympathikus. Der Parasympathikus versetzt den K\u00f6rper in Ruhe- und Erholungsphasen in einen \u00abRest or Digest\u00bb-Modus. Der Stoffwechsel wird angekurbelt, die Herzfrequenz reduziert, die Atmung tiefer und langsamer. Der Sympathikus hingegen schaltet den K\u00f6rper bei tats\u00e4chlicher oder empfundener Gefahr, bei Stress oder anderen Belastungen in einen \u00abFight or Flight\u00bb-Modus und damit in hohe Leistungsbereitschaft: Die Herzt\u00e4tigkeit und der Blutdruck steigen, die Muskelspannung und -durchblutung werden erh\u00f6ht, der Stoffwechsel wird zur\u00fcckgefahren, die Atmung geht schneller und flacher.<\/p>\n\n\n\n<h2 class=\"wp-block-heading\">Dank der Atmung entspannter werden<\/h2>\n\n\n\n<p>Als der Mensch noch mit seinem K\u00f6rpereinsatz ums nackte \u00dcberleben k\u00e4mpfen musste, war die durch den Sympathikus ausgel\u00f6ste k\u00f6rperliche Alarmbereitschaft unabdingbar. In der heutigen Zeit kann sie sich jedoch negativ auswirken. \u00abDer Sympathikus wird durch unsere schnelllebige, digitalisierte und von Leistungsdruck gepr\u00e4gte Lebensweise zu oft aktiviert. In der Folge atmen viele Menschen im Alltag zu schnell und zu flach\u00bb, sagt Irene Etzer-Hofer. Weitere Faktoren verst\u00e4rken diese oberfl\u00e4chliche Atmung, insbesondere die gr\u00f6sstenteils sitzenden T\u00e4tigkeiten. Aber auch das g\u00e4ngige Sch\u00f6nheitsideal, das dazu f\u00fchrt, dass der Bauch eingezogen und zu enge Kleidung getragen wird, und eine verspannte Muskulatur schr\u00e4nken die Atmung ein.<\/p>\n\n\n\n<p>Zu oberfl\u00e4chliches Atmen f\u00fchrt wiederum dazu, dass der Sympathikus aktiv bleibt und der K\u00f6rper nicht zur Ruhe kommt \u2013 ein Teufelskreis, der zu anhaltendem Stress und dysfunktionalen Atemmustern f\u00fchren kann, wie Etzer-Hofer sagt. Dieser Teufelskreis lasse sich jedoch umkehren. \u00abWir k\u00f6nnen das vegetative Nervensystem zwar nicht direkt steuern, doch durch unsere Atmung \u00fcberlisten.\u00bb Will heissen: Wer bewusst tief und entspannt atmet, signalisiert dem Nervensystem, dass alles in Ordnung ist. Der Parasympathikus wird aktiviert, der K\u00f6rper<br>schaltet in den Erholungsmodus. Das hat nicht nur positive Auswirkungen auf unseren emotionalen Zustand, indem wir uns ruhiger, entspannter und weniger gestresst f\u00fchlen. Eine tiefere Atmung f\u00f6rdert durch die erh\u00f6hte Sauerstoffzufuhr ins Gehirn auch die Konzentration und Aufmerksamkeit, hilft nachweislich bei muskul\u00e4ren Verspannungen und chronischen Schmerzen, senkt Herzschlag und Blutdruck \u2013 was indirekt Herz-Kreislauf Erkrankungen vorbeugt \u2013 und f\u00f6rdert den Stoffwechsel. Wissenschaftliche Studien deuten zudem darauf hin, dass die Ged\u00e4chtnisleistung erh\u00f6ht wird und dass eine kontrollierte und tiefe Atmung \u00fcber die Aktivierung des Parasympathikus das Immunsystem st\u00e4rkt und den Blutzuckerspiegel verbessert.<\/p>\n\n\n\n<h2 class=\"wp-block-heading\">Kleiner Aufwand, grosser Nutzen<\/h2>\n\n\n\n<p>Um das Potenzial der Atmung auszusch\u00f6pfen, m\u00fcsse man diese nicht st\u00e4ndig \u00fcberpr\u00fcfen und korrigieren, sagt Irene Etzer-Hofer. \u00abEs reicht, im Alltag immer mal wieder innezuhalten und zu beobachten, wie man in diesem Moment atmet.\u00bb In solchen kurzen Pausen lassen sich gut kurze \u00dcbungen einbauen, um f\u00fcr ein paar Minuten bewusst zu atmen und Geist und K\u00f6rper zu entspannen (siehe \u00dcbungen im Zweittext). \u00abDas Tolle an der Atmung ist, dass man sie ohne grossen Aufwand \u00e4ndern kann, f\u00fcr Gesundheit und Wohlbefinden aber einen grossen Nutzen daraus zieht\u00bb, so Etzer-Hofer.<\/p>\n\n\n\n<p>Doch wie sieht denn nun die ideale Atmung aus? \u00abMan nutzt das Zwerchfell, das ja das eigentliche Atemorgan ist, und atmet tief und regelm\u00e4ssig in den Bauch\u00bb, erkl\u00e4rt Etzer-Hofer. Wichtig dabei sei, auch lange auszuatmen. Denn: Wird das Ausatmen vernachl\u00e4ssigt, \u00fcbers\u00e4uert der K\u00f6rper, da dass Kohlendioxid aus der Atemluft nicht ausreichend abtransportiert wird.<\/p>\n\n\n\n<h2 class=\"wp-block-heading\">Mit Bewegung die ganze Lunge bel\u00fcften<\/h2>\n\n\n\n<p>Neben einfachen Atem\u00fcbungen im Alltag sowie Atem- und Achtsamkeitskursen sieht Lungenliga-Direktor J\u00f6rg Spieldenner gen\u00fcgend Bewegung als unabdingbar an, um eine gesunde Atmung zu f\u00f6rdern. \u00abDurch sportliche Aktivit\u00e4ten kann man die Funktionsf\u00e4higkeit der Lunge und damit die Sauerstoffaufnahme steigern, insbesondere durch eine bessere Bel\u00fcftung der gesamten Lunge.\u00bb Dies sei gerade bei chronischen Atemwegserkrankungen wichtig, so Spieldenner: Da bei diesen die peripheren Teile der Lunge h\u00e4ufig nicht mehr ausreichend bel\u00fcftet werden, steigt unter anderem die Gefahr von Infektionen, welche die Lungenfunktion weiter einschr\u00e4nken k\u00f6nnen. Die Lungenliga Schweiz hat deshalb neben Kursen zur Entspannung, zum Krankheitsmanagement und zu Atemtechniken auch solche im Angebot, mit denen Betroffene trotz ihrer Erkrankung in Bewegung bleiben. Es ist ein Angebot, das sich nicht etwa an eine kleine Minderheit richtet: So sind in der Schweiz rund 400\u2009000 Menschen alleine von der chronisch obstruktiven Lungenerkrankung COPD betroffen, etwa 150\u2009000 leiden unter Schlafapnoe, jedes zehnte Kind und jeder vierzehnte Erwachsene hat Asthma. Das zeigt: F\u00fcr einen betr\u00e4chtlichen Teil der Schweizer Bev\u00f6lkerung ist eine normale Atmung, diese so simple wie \u00fcberlebenswichtige K\u00f6rperfunktion, keine Selbstverst\u00e4ndlichkeit. \/\/<\/p>\n\n\n\n<hr class=\"wp-block-separator\" \/>\n\n\n\n<h2 class=\"wp-block-heading\">EINFACHE ATEM\u00dcBUNGEN F\u00dcR DEN ALLTAG<\/h2>\n\n\n\n<p><strong>Achtsame Atembeobachtung<\/strong><br>Ziel: Die \u00dcbung schafft ein Bewusstsein f\u00fcr die Atmung und unterst\u00fctzt das K\u00f6rpergef\u00fchl.<br>Dauer: 3\u20138 Minuten<\/p>\n\n\n\n<ul class=\"wp-block-list\"><li>Nehmen Sie eine bequeme Position ein (im Liegen oder Sitzen).<\/li><li>Legen Sie eine Hand locker auf die Brust, die andere auf den Bauch.<\/li><li>Schliessen Sie die Augen.<\/li><li>Atmen Sie im eigenen Tempo durch die Nase ein und durch den Mund mit leicht ge\u00f6ffneten Lippen aus.<\/li><li>Nehmen Sie den Atem einfach wahr, ohne ihn zu ver\u00e4ndern.<\/li><li>Sp\u00fcren Sie der Atmung nach: Hebt sich beim Einatmen die obere Hand mehr oder die untere? Welche K\u00f6rperteile werden vom Atem bewegt? Wo sp\u00fcren Sie F\u00fclle und Weite beim Einatmen, wo eine Entspannung beim Ausatmen?<\/li><\/ul>\n\n\n\n<p><strong>Streckdehnung<\/strong><br>Ziel: Den Brustkorb beweglicher machen. Diese Beweglichkeit ist wichtig, damit sich die Lunge leichter ausdehnen kann und die Atemmuskulatur weniger Kraft aufwenden muss.<br>Dauer: 6\u201310 Minuten<\/p>\n\n\n\n<ul class=\"wp-block-list\"><li>Legen oder setzen Sie sich hin.<\/li><li>Schieben Sie die rechte Hand zum rechten Knie und den linken Arm nach oben \u00fcber den Kopf.<\/li><li>Ihr K\u00f6rper sollte ein \u00abC\u00bb formen. Halten Sie diese Position 3\u20135 Minuten und atmen Sie tief ein und aus.<\/li><li>Wechseln Sie die Seite.<\/li><\/ul>\n\n\n\n<p><strong>Die 4-6-8-Methode<\/strong><br>Ziel: Bei Stress atmen wir schneller. Durch die bewusste und langsame Atmung wird der Blutdruck gesenkt, der K\u00f6rper schaltet auf Erholung um und der Stress wird abgebaut.<br>Dauer: 1\u20135 Minuten<\/p>\n\n\n\n<ul class=\"wp-block-list\"><li>Legen oder setzen Sie sich bequem und entspannt hin und platzieren Sie eine Hand auf Ihren Bauch.<\/li><li>Atmen Sie durch die Nase ein und z\u00e4hlen Sie dabei langsam bis vier.<\/li><li>Halten Sie die Luft an, w\u00e4hrend Sie bis sechs z\u00e4hlen.<\/li><li>Atmen Sie durch den Mund aus, w\u00e4hrend Sie langsam bis acht z\u00e4hlen.<\/li><li>Wiederholen Sie die \u00dcbung mindestens f\u00fcnf Mal, bis Ihr Atem ruhig und tief ist.<\/li><\/ul>\n\n\n\n<p><a href=\"https:\/\/www.zhaw.ch\/storage\/gesundheit\/ueber-uns\/medien-news\/vitamin-g\/vitaming-nr10-zhaw-gesundheit.pdf#page=6\">Vitamin G, Seite 10-12<\/a><\/p>\n\n\n\n<hr class=\"wp-block-separator\" \/>\n\n\n\n<h2 class=\"wp-block-heading\">WEITERE INFORMATIONEN<\/h2>\n\n\n\n<ul class=\"wp-block-list\"><li><a href=\"https:\/\/www.youtube.com\/watch?v=Ti7MFpPgLtE\">Das Wunder der Lunge; Kurzvideo der Lungenliga Schweiz auf Youtube<\/a><\/li><li><a href=\"https:\/\/www.srf.ch\/audio\/input\/luft-holen-das-potenzial-des-atems?id=11962376\">Luft holen: Das Potenzial des Atems, SRF-Podcast<\/a><\/li><li><a href=\"https:\/\/www.geo.de\/magazine\/geo-magazin\/15641-rtkl-atemuebung-richtig-atmen-so-gelingt-es\">Den Atem steuern &#8211; und mit ihm heilen; Beitrag im Geo-Magazin, Ausgabe 2\/2017<\/a><\/li><li><a href=\"https:\/\/www.lungenliga.ch\">Lungenliga Schweiz: Mehr Luft f\u00fcrs Leben<\/a><\/li><li><a href=\"https:\/\/www.who.int\/gard\/publications\/The_Global_Impact_of_Respiratory_Disease.pdf\">The Global Impact of Respiratory Disease; WHO-Studie zu Atemwegserkrankungen (2017)<\/a><\/li><\/ul>\n\n\n\n<h2 class=\"wp-block-heading\" id=\"h-magazin-vitamin-g-fur-health-professionals-mit-weitblick\"><strong>Magazin \u00abVitamin G \u2013 f\u00fcr Health Professionals mit Weitblick\u00bb<\/strong><\/h2>\n\n\n\n<ul class=\"wp-block-list\">\n<li><a href=\"https:\/\/www.zhaw.ch\/de\/gesundheit\/ueber-uns\/medien\/magazin-vitamin-g\/\">\u00abVitamin G\u00bb bestellen<\/a><\/li>\n\n\n\n<li><a href=\"https:\/\/www.zhaw.ch\/storage\/gesundheit\/ueber-uns\/medien-news\/vitamin-g\/vitaming-19-2025-ds-zhaw-gesundheit.pdf\">Aktuelles \u00abVitamin G\u00bb als PDF lesen<\/a><\/li>\n\n\n\n<li><a href=\"https:\/\/www.zhaw.ch\/de\/gesundheit\/ueber-uns\/medien\/magazin-vitamin-g\/#c16801\">Bisher erschienene Ausgaben<\/a><\/li>\n<\/ul>\n","protected":false},"excerpt":{"rendered":"<p>Stress, sitzende T\u00e4tigkeiten und zu wenig Bewegung haben zur Folge, dass wir im Alltag das Potenzial unserer Atmung nicht richtig nutzen. Dabei kann sie bewusst eingesetzt werden, um K\u00f6rper und Geist zur Ruhe zu bringen und Krankheiten vorzubeugen.<\/p>\n","protected":false},"author":305,"featured_media":1670,"comment_status":"open","ping_status":"open","sticky":false,"template":"","format":"standard","meta":{"ngg_post_thumbnail":0,"footnotes":""},"categories":[1,6],"tags":[],"features":[],"class_list":["post-1668","post","type-post","status-publish","format-standard","has-post-thumbnail","hentry","category-allgemein","category-dossier"],"yoast_head":"<!-- This site is optimized with the Yoast SEO Premium plugin v27.2 (Yoast SEO v27.2) - https:\/\/yoast.com\/product\/yoast-seo-premium-wordpress\/ -->\n<title>DIE KRAFT DES ATMENS - Vitamin G \u2013 f\u00fcr Health Professionals mit Weitblick<\/title>\n<meta name=\"robots\" content=\"index, follow, max-snippet:-1, max-image-preview:large, max-video-preview:-1\" \/>\n<link rel=\"canonical\" href=\"https:\/\/blog.zhaw.ch\/vitamin-g\/die-kraft-d-es-atmens\/\" \/>\n<meta property=\"og:locale\" content=\"de_DE\" \/>\n<meta property=\"og:type\" content=\"article\" \/>\n<meta property=\"og:title\" content=\"DIE KRAFT DES ATMENS\" \/>\n<meta property=\"og:description\" content=\"Stress, sitzende T\u00e4tigkeiten und zu wenig Bewegung haben zur Folge, dass wir im Alltag das Potenzial unserer Atmung nicht richtig nutzen. Dabei kann sie bewusst eingesetzt werden, um K\u00f6rper und Geist zur Ruhe zu bringen und Krankheiten vorzubeugen.\" \/>\n<meta property=\"og:url\" content=\"https:\/\/blog.zhaw.ch\/vitamin-g\/die-kraft-d-es-atmens\/\" \/>\n<meta property=\"og:site_name\" content=\"Vitamin G \u2013 f\u00fcr Health Professionals mit Weitblick\" \/>\n<meta property=\"article:published_time\" content=\"2021-05-17T14:01:46+00:00\" \/>\n<meta property=\"article:modified_time\" content=\"2022-04-11T15:36:31+00:00\" \/>\n<meta property=\"og:image\" content=\"https:\/\/blog.zhaw.ch\/vitamin-g\/files\/2021\/05\/2021-10-atmen-ist-wichtig-zhaw-gesundheit.jpg\" \/>\n\t<meta property=\"og:image:width\" content=\"2000\" \/>\n\t<meta property=\"og:image:height\" content=\"1000\" \/>\n\t<meta property=\"og:image:type\" content=\"image\/jpeg\" \/>\n<meta name=\"author\" content=\"Vitamin G\" \/>\n<meta name=\"twitter:card\" content=\"summary_large_image\" \/>\n<meta name=\"twitter:label1\" content=\"Verfasst von\" \/>\n\t<meta name=\"twitter:data1\" content=\"Vitamin G\" \/>\n\t<meta name=\"twitter:label2\" content=\"Gesch\u00e4tzte Lesezeit\" \/>\n\t<meta name=\"twitter:data2\" content=\"9\u00a0Minuten\" \/>\n<script type=\"application\/ld+json\" class=\"yoast-schema-graph\">{\"@context\":\"https:\/\/schema.org\",\"@graph\":[{\"@type\":\"Article\",\"@id\":\"https:\/\/blog.zhaw.ch\/vitamin-g\/die-kraft-d-es-atmens\/#article\",\"isPartOf\":{\"@id\":\"https:\/\/blog.zhaw.ch\/vitamin-g\/die-kraft-d-es-atmens\/\"},\"author\":{\"name\":\"Vitamin G\",\"@id\":\"https:\/\/blog.zhaw.ch\/vitamin-g\/#\/schema\/person\/d519fda9e57b30bd86cfa45d4da7fd0f\"},\"headline\":\"DIE KRAFT DES ATMENS\",\"datePublished\":\"2021-05-17T14:01:46+00:00\",\"dateModified\":\"2022-04-11T15:36:31+00:00\",\"mainEntityOfPage\":{\"@id\":\"https:\/\/blog.zhaw.ch\/vitamin-g\/die-kraft-d-es-atmens\/\"},\"wordCount\":1774,\"commentCount\":0,\"image\":{\"@id\":\"https:\/\/blog.zhaw.ch\/vitamin-g\/die-kraft-d-es-atmens\/#primaryimage\"},\"thumbnailUrl\":\"https:\/\/blog.zhaw.ch\/vitamin-g\/files\/2021\/05\/2021-10-atmen-ist-wichtig-zhaw-gesundheit.jpg\",\"articleSection\":{\"1\":\"Dossier\"},\"inLanguage\":\"de\",\"potentialAction\":[{\"@type\":\"CommentAction\",\"name\":\"Comment\",\"target\":[\"https:\/\/blog.zhaw.ch\/vitamin-g\/die-kraft-d-es-atmens\/#respond\"]}]},{\"@type\":\"WebPage\",\"@id\":\"https:\/\/blog.zhaw.ch\/vitamin-g\/die-kraft-d-es-atmens\/\",\"url\":\"https:\/\/blog.zhaw.ch\/vitamin-g\/die-kraft-d-es-atmens\/\",\"name\":\"DIE KRAFT DES ATMENS - Vitamin G \u2013 f\u00fcr Health Professionals mit Weitblick\",\"isPartOf\":{\"@id\":\"https:\/\/blog.zhaw.ch\/vitamin-g\/#website\"},\"primaryImageOfPage\":{\"@id\":\"https:\/\/blog.zhaw.ch\/vitamin-g\/die-kraft-d-es-atmens\/#primaryimage\"},\"image\":{\"@id\":\"https:\/\/blog.zhaw.ch\/vitamin-g\/die-kraft-d-es-atmens\/#primaryimage\"},\"thumbnailUrl\":\"https:\/\/blog.zhaw.ch\/vitamin-g\/files\/2021\/05\/2021-10-atmen-ist-wichtig-zhaw-gesundheit.jpg\",\"datePublished\":\"2021-05-17T14:01:46+00:00\",\"dateModified\":\"2022-04-11T15:36:31+00:00\",\"author\":{\"@id\":\"https:\/\/blog.zhaw.ch\/vitamin-g\/#\/schema\/person\/d519fda9e57b30bd86cfa45d4da7fd0f\"},\"breadcrumb\":{\"@id\":\"https:\/\/blog.zhaw.ch\/vitamin-g\/die-kraft-d-es-atmens\/#breadcrumb\"},\"inLanguage\":\"de\",\"potentialAction\":[{\"@type\":\"ReadAction\",\"target\":[\"https:\/\/blog.zhaw.ch\/vitamin-g\/die-kraft-d-es-atmens\/\"]}]},{\"@type\":\"ImageObject\",\"inLanguage\":\"de\",\"@id\":\"https:\/\/blog.zhaw.ch\/vitamin-g\/die-kraft-d-es-atmens\/#primaryimage\",\"url\":\"https:\/\/blog.zhaw.ch\/vitamin-g\/files\/2021\/05\/2021-10-atmen-ist-wichtig-zhaw-gesundheit.jpg\",\"contentUrl\":\"https:\/\/blog.zhaw.ch\/vitamin-g\/files\/2021\/05\/2021-10-atmen-ist-wichtig-zhaw-gesundheit.jpg\",\"width\":2000,\"height\":1000},{\"@type\":\"BreadcrumbList\",\"@id\":\"https:\/\/blog.zhaw.ch\/vitamin-g\/die-kraft-d-es-atmens\/#breadcrumb\",\"itemListElement\":[{\"@type\":\"ListItem\",\"position\":1,\"name\":\"Startseite\",\"item\":\"https:\/\/blog.zhaw.ch\/vitamin-g\/\"},{\"@type\":\"ListItem\",\"position\":2,\"name\":\"DIE KRAFT DES ATMENS\"}]},{\"@type\":\"WebSite\",\"@id\":\"https:\/\/blog.zhaw.ch\/vitamin-g\/#website\",\"url\":\"https:\/\/blog.zhaw.ch\/vitamin-g\/\",\"name\":\"Vitamin G \u2013 f\u00fcr Health Professionals mit Weitblick\",\"description\":\"Ein Blog der ZHAW Z\u00fcrcher Hochschule f\u00fcr Angewandte Wissenschaften\",\"potentialAction\":[{\"@type\":\"SearchAction\",\"target\":{\"@type\":\"EntryPoint\",\"urlTemplate\":\"https:\/\/blog.zhaw.ch\/vitamin-g\/?s={search_term_string}\"},\"query-input\":{\"@type\":\"PropertyValueSpecification\",\"valueRequired\":true,\"valueName\":\"search_term_string\"}}],\"inLanguage\":\"de\"},{\"@type\":\"Person\",\"@id\":\"https:\/\/blog.zhaw.ch\/vitamin-g\/#\/schema\/person\/d519fda9e57b30bd86cfa45d4da7fd0f\",\"name\":\"Vitamin G\",\"image\":{\"@type\":\"ImageObject\",\"inLanguage\":\"de\",\"@id\":\"https:\/\/secure.gravatar.com\/avatar\/01ab4b47045ffae2574da15e435b7215f291428d71fa161fb42d7a80d82f2977?s=96&d=mm&r=g\",\"url\":\"https:\/\/secure.gravatar.com\/avatar\/01ab4b47045ffae2574da15e435b7215f291428d71fa161fb42d7a80d82f2977?s=96&d=mm&r=g\",\"contentUrl\":\"https:\/\/secure.gravatar.com\/avatar\/01ab4b47045ffae2574da15e435b7215f291428d71fa161fb42d7a80d82f2977?s=96&d=mm&r=g\",\"caption\":\"Vitamin G\"},\"url\":\"https:\/\/blog.zhaw.ch\/vitamin-g\/author\/lipu\/\"}]}<\/script>\n<!-- \/ Yoast SEO Premium plugin. -->","yoast_head_json":{"title":"DIE KRAFT DES ATMENS - Vitamin G \u2013 f\u00fcr Health Professionals mit Weitblick","robots":{"index":"index","follow":"follow","max-snippet":"max-snippet:-1","max-image-preview":"max-image-preview:large","max-video-preview":"max-video-preview:-1"},"canonical":"https:\/\/blog.zhaw.ch\/vitamin-g\/die-kraft-d-es-atmens\/","og_locale":"de_DE","og_type":"article","og_title":"DIE KRAFT DES ATMENS","og_description":"Stress, sitzende T\u00e4tigkeiten und zu wenig Bewegung haben zur Folge, dass wir im Alltag das Potenzial unserer Atmung nicht richtig nutzen. Dabei kann sie bewusst eingesetzt werden, um K\u00f6rper und Geist zur Ruhe zu bringen und Krankheiten vorzubeugen.","og_url":"https:\/\/blog.zhaw.ch\/vitamin-g\/die-kraft-d-es-atmens\/","og_site_name":"Vitamin G \u2013 f\u00fcr Health Professionals mit Weitblick","article_published_time":"2021-05-17T14:01:46+00:00","article_modified_time":"2022-04-11T15:36:31+00:00","og_image":[{"width":2000,"height":1000,"url":"https:\/\/blog.zhaw.ch\/vitamin-g\/files\/2021\/05\/2021-10-atmen-ist-wichtig-zhaw-gesundheit.jpg","type":"image\/jpeg"}],"author":"Vitamin G","twitter_card":"summary_large_image","twitter_misc":{"Verfasst von":"Vitamin G","Gesch\u00e4tzte Lesezeit":"9\u00a0Minuten"},"schema":{"@context":"https:\/\/schema.org","@graph":[{"@type":"Article","@id":"https:\/\/blog.zhaw.ch\/vitamin-g\/die-kraft-d-es-atmens\/#article","isPartOf":{"@id":"https:\/\/blog.zhaw.ch\/vitamin-g\/die-kraft-d-es-atmens\/"},"author":{"name":"Vitamin G","@id":"https:\/\/blog.zhaw.ch\/vitamin-g\/#\/schema\/person\/d519fda9e57b30bd86cfa45d4da7fd0f"},"headline":"DIE KRAFT DES ATMENS","datePublished":"2021-05-17T14:01:46+00:00","dateModified":"2022-04-11T15:36:31+00:00","mainEntityOfPage":{"@id":"https:\/\/blog.zhaw.ch\/vitamin-g\/die-kraft-d-es-atmens\/"},"wordCount":1774,"commentCount":0,"image":{"@id":"https:\/\/blog.zhaw.ch\/vitamin-g\/die-kraft-d-es-atmens\/#primaryimage"},"thumbnailUrl":"https:\/\/blog.zhaw.ch\/vitamin-g\/files\/2021\/05\/2021-10-atmen-ist-wichtig-zhaw-gesundheit.jpg","articleSection":{"1":"Dossier"},"inLanguage":"de","potentialAction":[{"@type":"CommentAction","name":"Comment","target":["https:\/\/blog.zhaw.ch\/vitamin-g\/die-kraft-d-es-atmens\/#respond"]}]},{"@type":"WebPage","@id":"https:\/\/blog.zhaw.ch\/vitamin-g\/die-kraft-d-es-atmens\/","url":"https:\/\/blog.zhaw.ch\/vitamin-g\/die-kraft-d-es-atmens\/","name":"DIE KRAFT DES ATMENS - Vitamin G \u2013 f\u00fcr Health Professionals mit Weitblick","isPartOf":{"@id":"https:\/\/blog.zhaw.ch\/vitamin-g\/#website"},"primaryImageOfPage":{"@id":"https:\/\/blog.zhaw.ch\/vitamin-g\/die-kraft-d-es-atmens\/#primaryimage"},"image":{"@id":"https:\/\/blog.zhaw.ch\/vitamin-g\/die-kraft-d-es-atmens\/#primaryimage"},"thumbnailUrl":"https:\/\/blog.zhaw.ch\/vitamin-g\/files\/2021\/05\/2021-10-atmen-ist-wichtig-zhaw-gesundheit.jpg","datePublished":"2021-05-17T14:01:46+00:00","dateModified":"2022-04-11T15:36:31+00:00","author":{"@id":"https:\/\/blog.zhaw.ch\/vitamin-g\/#\/schema\/person\/d519fda9e57b30bd86cfa45d4da7fd0f"},"breadcrumb":{"@id":"https:\/\/blog.zhaw.ch\/vitamin-g\/die-kraft-d-es-atmens\/#breadcrumb"},"inLanguage":"de","potentialAction":[{"@type":"ReadAction","target":["https:\/\/blog.zhaw.ch\/vitamin-g\/die-kraft-d-es-atmens\/"]}]},{"@type":"ImageObject","inLanguage":"de","@id":"https:\/\/blog.zhaw.ch\/vitamin-g\/die-kraft-d-es-atmens\/#primaryimage","url":"https:\/\/blog.zhaw.ch\/vitamin-g\/files\/2021\/05\/2021-10-atmen-ist-wichtig-zhaw-gesundheit.jpg","contentUrl":"https:\/\/blog.zhaw.ch\/vitamin-g\/files\/2021\/05\/2021-10-atmen-ist-wichtig-zhaw-gesundheit.jpg","width":2000,"height":1000},{"@type":"BreadcrumbList","@id":"https:\/\/blog.zhaw.ch\/vitamin-g\/die-kraft-d-es-atmens\/#breadcrumb","itemListElement":[{"@type":"ListItem","position":1,"name":"Startseite","item":"https:\/\/blog.zhaw.ch\/vitamin-g\/"},{"@type":"ListItem","position":2,"name":"DIE KRAFT DES ATMENS"}]},{"@type":"WebSite","@id":"https:\/\/blog.zhaw.ch\/vitamin-g\/#website","url":"https:\/\/blog.zhaw.ch\/vitamin-g\/","name":"Vitamin G \u2013 f\u00fcr Health Professionals mit Weitblick","description":"Ein Blog der ZHAW Z\u00fcrcher Hochschule f\u00fcr Angewandte Wissenschaften","potentialAction":[{"@type":"SearchAction","target":{"@type":"EntryPoint","urlTemplate":"https:\/\/blog.zhaw.ch\/vitamin-g\/?s={search_term_string}"},"query-input":{"@type":"PropertyValueSpecification","valueRequired":true,"valueName":"search_term_string"}}],"inLanguage":"de"},{"@type":"Person","@id":"https:\/\/blog.zhaw.ch\/vitamin-g\/#\/schema\/person\/d519fda9e57b30bd86cfa45d4da7fd0f","name":"Vitamin G","image":{"@type":"ImageObject","inLanguage":"de","@id":"https:\/\/secure.gravatar.com\/avatar\/01ab4b47045ffae2574da15e435b7215f291428d71fa161fb42d7a80d82f2977?s=96&d=mm&r=g","url":"https:\/\/secure.gravatar.com\/avatar\/01ab4b47045ffae2574da15e435b7215f291428d71fa161fb42d7a80d82f2977?s=96&d=mm&r=g","contentUrl":"https:\/\/secure.gravatar.com\/avatar\/01ab4b47045ffae2574da15e435b7215f291428d71fa161fb42d7a80d82f2977?s=96&d=mm&r=g","caption":"Vitamin G"},"url":"https:\/\/blog.zhaw.ch\/vitamin-g\/author\/lipu\/"}]}},"_links":{"self":[{"href":"https:\/\/blog.zhaw.ch\/vitamin-g\/wp-json\/wp\/v2\/posts\/1668","targetHints":{"allow":["GET"]}}],"collection":[{"href":"https:\/\/blog.zhaw.ch\/vitamin-g\/wp-json\/wp\/v2\/posts"}],"about":[{"href":"https:\/\/blog.zhaw.ch\/vitamin-g\/wp-json\/wp\/v2\/types\/post"}],"author":[{"embeddable":true,"href":"https:\/\/blog.zhaw.ch\/vitamin-g\/wp-json\/wp\/v2\/users\/305"}],"replies":[{"embeddable":true,"href":"https:\/\/blog.zhaw.ch\/vitamin-g\/wp-json\/wp\/v2\/comments?post=1668"}],"version-history":[{"count":14,"href":"https:\/\/blog.zhaw.ch\/vitamin-g\/wp-json\/wp\/v2\/posts\/1668\/revisions"}],"predecessor-version":[{"id":2025,"href":"https:\/\/blog.zhaw.ch\/vitamin-g\/wp-json\/wp\/v2\/posts\/1668\/revisions\/2025"}],"wp:featuredmedia":[{"embeddable":true,"href":"https:\/\/blog.zhaw.ch\/vitamin-g\/wp-json\/wp\/v2\/media\/1670"}],"wp:attachment":[{"href":"https:\/\/blog.zhaw.ch\/vitamin-g\/wp-json\/wp\/v2\/media?parent=1668"}],"wp:term":[{"taxonomy":"category","embeddable":true,"href":"https:\/\/blog.zhaw.ch\/vitamin-g\/wp-json\/wp\/v2\/categories?post=1668"},{"taxonomy":"post_tag","embeddable":true,"href":"https:\/\/blog.zhaw.ch\/vitamin-g\/wp-json\/wp\/v2\/tags?post=1668"},{"taxonomy":"features","embeddable":true,"href":"https:\/\/blog.zhaw.ch\/vitamin-g\/wp-json\/wp\/v2\/features?post=1668"}],"curies":[{"name":"wp","href":"https:\/\/api.w.org\/{rel}","templated":true}]}}