{"id":1512,"date":"2020-11-13T17:33:10","date_gmt":"2020-11-13T16:33:10","guid":{"rendered":"http:\/\/blog.zhaw.ch\/vitamin-g\/?p=1512"},"modified":"2022-04-11T17:39:28","modified_gmt":"2022-04-11T15:39:28","slug":"wenn-das-gluecksgefuehl-trotz-baby-ausbleibt","status":"publish","type":"post","link":"https:\/\/blog.zhaw.ch\/vitamin-g\/wenn-das-gluecksgefuehl-trotz-baby-ausbleibt\/","title":{"rendered":"WENN DAS GL\u00dcCKSGEF\u00dcHL TROTZ BABY AUSBLEIBT"},"content":{"rendered":"\n<p><strong>Nach der Geburt sind Frauen besonders anf\u00e4llig f\u00fcr depressive Verstimmungen. Angehende Hebammen lernen im Studium am Departement Gesundheit, wie sie am besten auf psychische Probleme reagieren und betroffene M\u00fctter unterst\u00fctzen k\u00f6nnen.<\/strong><\/p>\n\n\n\n<!--more-->\n\n\n\n<p>VON ANDREA S\u00d6LDI<\/p>\n\n\n\n<p>Mia war ein Wunschkind. Die Schwangerschaft war problemlos verlaufen. \u00abIch freute mich auf das Baby\u00bb, erz\u00e4hlt Barbara M\u00fcller, die wie ihr Kind eigentlich anders heisst. Doch etwa zwei Wochen nach der Geburt habe sie sich zunehmend \u00fcberfordert gef\u00fchlt. \u00abIch weinte viel und hatte Angst, mit meiner Tochter alleine zu sein. Die Verantwortung hat mich fast erdr\u00fcckt.\u00bb Dazu kam der Schlafmangel. Obwohl Mia verglichen mit anderen Babys eher wenig aufwachte in der Nacht, f\u00fchlte sich die Mutter h\u00e4ufig m\u00fcde. Nach dem Stillen konnte sie oft nicht wieder einschlafen. \u00abIch hatte massive Schuldgef\u00fchle, weil ich bef\u00fcrchtete, das Kind leide unter meinen psychischen Problemen\u00bb, blickt die 38-J\u00e4hrige zur\u00fcck. Das habe alles noch schlimmer gemacht.<br>Es war schliesslich die M\u00fctterberaterin, die erkannte, dass Barbara M\u00fcller Hilfe brauchte. Sie ermutigte sie, sich Entlastung zu organisieren. Fortan kam ihre Mutter regelm\u00e4ssig vorbei und nahm ihr das Baby ab. Zudem arbeitete sie mit ihrem Partner eine Art Dienstplan aus. Sie hielten genau fest, wer wann f\u00fcr Mia zust\u00e4ndig ist. So kam die junge Mutter regelm\u00e4ssig zu Pausen, in denen sie spazieren gehen oder ungest\u00f6rt Zeitung lesen konnte. Zudem nahm sie psychologische Beratung in Anspruch.<\/p>\n\n\n\n<h2 class=\"wp-block-heading\">Mehr als ein Babyblues<\/h2>\n\n\n\n<p>Psychische Probleme im Zusammenhang mit Schwangerschaft und Geburt sind keine Seltenheit. Besonders h\u00e4ufig ist die Wochenbettdepression &#8211; auch postnatale oder postpartale Depression genannt. Sie kommt bei 10 bis 15 Prozent aller M\u00fctter vor \u2013 etwas h\u00e4ufiger als Depressionen in anderen Lebensumst\u00e4nden. Bei Frauen, die schon fr\u00fcher Erfahrungen mit Depressionen gemacht haben, ist das Risiko gr\u00f6sser. Das Stimmungstief macht sich im Zeitraum von zwei Wochen bis etwa sechs Monaten nach der Geburt bemerkbar. Betroffene Frauen leiden unter verschiedenen Beschwerden, unter anderen etwa Antriebslosigkeit, Ersch\u00f6pfung, Leeregef\u00fchl, der Unf\u00e4higkeit, sich zu freuen, Schlafst\u00f6rungen und \u00c4ngsten.<br>Nicht zu verwechseln ist eine postpartale Depression mit dem Babyblues, der aufgrund der hormonellen Umstellung bei rund drei Vierteln aller Frauen einige Tage nach der Geburt auftritt. Er \u00e4ussert sich typischerweise durch unvermittelte Tr\u00e4nenausbr\u00fcche. In der Regel legt sich der Zustand innert weniger Tage von alleine wieder.<br>Wie alle anderen Menschen k\u00f6nnen auch Frauen in der Schwangerschaft und nach der Geburt von diversen weiteren psychischen Erkrankungen betroffen sein: Schizophrenien, Angstst\u00f6rungen, Manien oder Borderline-Syndrom. \u00abWenn Frauen die Schwangerschaft als Belastung empfinden, kann das jegliche Art psychischer Erkrankungen verst\u00e4rken\u00bb, sagt Katrin Obernd\u00f6rfer. Die Dozentin an der Z\u00fcrcher Hochschule f\u00fcr Angewandte Wissenschaften (ZHAW), diplomierte Hebamme und Psychologin hat diverse Beitr\u00e4ge in B\u00fcchern und Fachzeitschriften zum Thema verfasst. Sie betont: Gef\u00e4hrdet seien nicht nur Frauen mit Partnerschaftsproblemen oder in schwierigen sozialen und finanziellen Verh\u00e4ltnissen: \u00abEs kann bei jeder Mutter passieren.\u00bb<\/p>\n\n\n\n<h2 class=\"wp-block-heading\">Kind k\u00f6nnte Schaden nehmen<\/h2>\n\n\n\n<p>Eine psychische Erkrankung zu erkennen, sei oft nicht ganz einfach, weiss die Fachfrau. Denn besonders in der fr\u00fchen Phase der Schwangerschaft \u00e4hneln deren Begleiterscheinungen jenen einer depressiven Verstimmung. Ein Grossteil der Frauen f\u00fchlt sich m\u00fcde, manche auch antriebslos. Zudem kann sich eine Depression auch noch entwickeln, nachdem die regul\u00e4ren Wochenbettbesuche der Hebamme abgeschlossen sind.<br>Doch das Erkennen von psychischen Erkrankungen der Mutter ist wichtig. Denn f\u00fcr das ungeborene oder neugeborene Kind k\u00f6nnen die Auswirkungen weitreichend sein: In wissenschaftlichen Studien findet man Hinweise darauf, dass gesundheitliche Komplikationen w\u00e4hrend der Schwangerschaft und bei Neugeborenen im Zusammenhang mit psychischen Erkrankungen der Mutter geh\u00e4uft auftreten. Zudem sind Kinder von nach der Geburt depressiven M\u00fcttern st\u00e4rker gef\u00e4hrdet, sp\u00e4ter ein hyperaktives oder aggressives Verhalten zu entwickeln oder selber an Depressionen zu erkranken. Und sie weisen tendenziell einen tieferen Intelligenzquotienten auf.<br>Bei der postpartalen Depression sind zudem Bindungsst\u00f6rungen zum Kind h\u00e4ufiger als bei gesunden M\u00fcttern. Frauen mit entsprechenden Erfahrungen erz\u00e4hlen, dass sie ihr Baby in dieser Phase nicht lieben konnten und der kleine Mensch ihnen fremd erschien. Die damit verbundenen Schuldgef\u00fchle f\u00fchren oft in eine Art Teufelskreis.<\/p>\n\n\n\n<h2 class=\"wp-block-heading\">Unterst\u00fctzen beim Hilfe organisieren<\/h2>\n\n\n\n<p>Umso wichtiger ist es, dass Hebammen und andere Fachpersonen gut auf entsprechende Probleme vorbereitet sind. Studentinnen des Bachelorstudiengangs Hebamme am Departement Gesundheit befassen sich deshalb bereits in den ersten beiden Semestern mit psychologischen Grundlagen, sp\u00e4ter mit Psychopathologie und Behandlungsm\u00f6glichkeiten. Sie lernen Instrumente kennen wie etwa einen Fragebogen mit Kriterien, die auf eine Depression hinweisen und den Schweregrad ermitteln. Wenn eine W\u00f6chnerin etwa Tr\u00e4nen in den Augen hat, viele Fragen stellt, unsicher und bedr\u00fcckt wirkt und unter Schlafst\u00f6rungen leidet, obwohl das Baby mehrere Stunden am St\u00fcck schl\u00e4ft, sollten die Hebammen hellh\u00f6rig werden.<br>Mit einer leichten Depression k\u00f6nne eine Hebamme oft alleine zurechtkommen, sagt Katrin Obernd\u00f6rfer. Zum Beispiel, indem sie einf\u00fchlsam auf die Frau eingeht, sie dabei unterst\u00fctzt, andere Personen um Entlastung zu bitten, und die Beziehung zum Kind f\u00f6rdert. Einfache Verhaltensweisen, die psychisch stabile M\u00fctter meist intuitiv entwickeln, m\u00fcssen bei depressiven M\u00fcttern manchmal angeleitet werden: etwa beim Wickeln mit dem Kind Blickkontakt zu halten und mit ihm zu sprechen. Hebammen k\u00f6nnen zudem anbieten, ihre Betreuungszeit zu verl\u00e4ngern. Bei mittleren und schwereren Depressionen m\u00fcssten sie jedoch professionelle Hilfe organisieren, betont Obernd\u00f6rfer. Sie sollten die Frauen motivieren und unterst\u00fctzen, einen Arzt oder Psychologen aufzusuchen oder wenn n\u00f6tig sogar in eine Klinik einzutreten. Wichtig sei zudem, stets die Suizidgefahr im Auge zu behalten und die Frauen direkt nach Suizidgedanken zu fragen. Ein absolutes Alarmzeichen ist, wenn die Frau eine Wochenbettpsychose mit verzerrter Wahrnehmung der Realit\u00e4t entwickelt. Das kann f\u00fcr das Kind gef\u00e4hrlich sein.<br>Barbara M\u00fcller hatte das Gl\u00fcck, dass sie in den ersten Monaten mit dem Baby gut von ihrer Mutter und von Freundinnen unterst\u00fctzt wurde. Da ihr Partner selbstst\u00e4ndig erwerbend ist, konnte er l\u00e4nger zu Hause bleiben als die meisten V\u00e4ter. \u00abAm meisten hat es mir geholfen, wenn jemand mir sagte: Du kannst nichts daf\u00fcr\u00bb, erinnert sich M\u00fcller. Der Arzt schrieb sie nach dem Mutterschaftsurlaub noch f\u00fcr zwei Monate krank. \u00abEs dauerte etwa ein Jahr, bis ich wieder mich selber war\u00bb, blickt die junge Mutter zur\u00fcck. Unterdessen ist Mia zwei Jahre alt und der kleinen Familie geht es gut. \/\/<\/p>\n\n\n\n<p><a href=\"https:\/\/www.zhaw.ch\/storage\/gesundheit\/ueber-uns\/medien-news\/vitamin-g\/vitamin-g-nr8-2020-zhaw-gesundheit.pdf#page=9\">Vitamin G, Seite 16-17<\/a><\/p>\n\n\n\n<hr class=\"wp-block-separator\" \/>\n\n\n\n<p>WEITERE INFORMATIONEN<\/p>\n\n\n\n<ul class=\"wp-block-list\"><li><a href=\"http:\/\/www.postpartale-depression.ch\">www.postpartale-depression.ch<\/a><\/li><li><a href=\"https:\/\/www.srf.ch\/radio-srf-virus\/rehmann\/rehmann-die-geburt-meines-ersten-kindes-weckte-in-mir-suizidgedanken?ns_source=mobile&amp;srg_sm_medium=wa\">\u00abDie Geburt meines ersten Kindes weckte in mir Suizidgedanken\u00bb, Beitrag auf SRF Virus<\/a><\/li><li><a href=\"https:\/\/www.facebook.com\/ponyshof\/posts\/2583484915103045\/\">\u00abPostpartale Depression: Auf dem Weg zur\u00fcck aus der Finsternis\u00bb, Facebook-Text von Yonni Moreno Meyer (Pony M.), Autorin und Comedienne<\/a><\/li><li><a href=\"https:\/\/postpartale-depression.ch\/images\/media\/pdf\/downloads\/Postnatale_Depression_aus_Grosseltern_04_2020_144dpi.pdf\">Dossier \u00abPostpartale Depressionen\u00bb, Grosseltern-Magazin, April 2020<\/a><\/li><\/ul>\n\n\n\n<h2 class=\"wp-block-heading\" id=\"h-magazin-vitamin-g-fur-health-professionals-mit-weitblick\"><strong>Magazin \u00abVitamin G \u2013 f\u00fcr Health Professionals mit Weitblick\u00bb<\/strong><\/h2>\n\n\n\n<ul class=\"wp-block-list\">\n<li><a href=\"https:\/\/www.zhaw.ch\/de\/gesundheit\/ueber-uns\/medien\/magazin-vitamin-g\/\">\u00abVitamin G\u00bb bestellen<\/a><\/li>\n\n\n\n<li><a href=\"https:\/\/www.zhaw.ch\/storage\/gesundheit\/ueber-uns\/medien-news\/vitamin-g\/vitaming-19-2025-ds-zhaw-gesundheit.pdf\">Aktuelles \u00abVitamin G\u00bb als PDF lesen<\/a><\/li>\n\n\n\n<li><a href=\"https:\/\/www.zhaw.ch\/de\/gesundheit\/ueber-uns\/medien\/magazin-vitamin-g\/#c16801\">Bisher erschienene Ausgaben<\/a><\/li>\n<\/ul>\n","protected":false},"excerpt":{"rendered":"<p>Nach der Geburt sind Frauen besonders anf\u00e4llig f\u00fcr depressive Verstimmungen. Angehende Hebammen lernen im Studium am Departement Gesundheit, wie sie am besten auf psychische Probleme reagieren und betroffene M\u00fctter unterst\u00fctzen k\u00f6nnen.<\/p>\n","protected":false},"author":303,"featured_media":1516,"comment_status":"open","ping_status":"open","sticky":false,"template":"","format":"standard","meta":{"ngg_post_thumbnail":0,"footnotes":""},"categories":[1,6,5],"tags":[],"features":[],"class_list":["post-1512","post","type-post","status-publish","format-standard","has-post-thumbnail","hentry","category-allgemein","category-dossier","category-portrait"],"yoast_head":"<!-- This site is optimized with the Yoast SEO Premium plugin v27.2 (Yoast SEO v27.2) - https:\/\/yoast.com\/product\/yoast-seo-premium-wordpress\/ -->\n<title>WENN DAS GL\u00dcCKSGEF\u00dcHL TROTZ BABY AUSBLEIBT - Vitamin G \u2013 f\u00fcr Health Professionals mit Weitblick<\/title>\n<meta name=\"robots\" content=\"index, follow, max-snippet:-1, max-image-preview:large, max-video-preview:-1\" \/>\n<link rel=\"canonical\" href=\"https:\/\/blog.zhaw.ch\/vitamin-g\/wenn-das-gluecksgefuehl-trotz-baby-ausbleibt\/\" \/>\n<meta property=\"og:locale\" content=\"de_DE\" \/>\n<meta property=\"og:type\" content=\"article\" \/>\n<meta property=\"og:title\" content=\"WENN DAS GL\u00dcCKSGEF\u00dcHL TROTZ BABY AUSBLEIBT\" \/>\n<meta property=\"og:description\" content=\"Nach der Geburt sind Frauen besonders anf\u00e4llig f\u00fcr depressive Verstimmungen. Angehende Hebammen lernen im Studium am Departement Gesundheit, wie sie am besten auf psychische Probleme reagieren und betroffene M\u00fctter unterst\u00fctzen k\u00f6nnen.\" \/>\n<meta property=\"og:url\" content=\"https:\/\/blog.zhaw.ch\/vitamin-g\/wenn-das-gluecksgefuehl-trotz-baby-ausbleibt\/\" \/>\n<meta property=\"og:site_name\" content=\"Vitamin G \u2013 f\u00fcr Health Professionals mit Weitblick\" \/>\n<meta property=\"article:published_time\" content=\"2020-11-13T16:33:10+00:00\" \/>\n<meta property=\"article:modified_time\" content=\"2022-04-11T15:39:28+00:00\" \/>\n<meta property=\"og:image\" content=\"https:\/\/blog.zhaw.ch\/vitamin-g\/files\/2020\/11\/8.2020-postpartale-depression-hb-zhaw-gesundheit.jpg\" \/>\n\t<meta property=\"og:image:width\" content=\"2000\" \/>\n\t<meta property=\"og:image:height\" content=\"1000\" \/>\n\t<meta property=\"og:image:type\" content=\"image\/jpeg\" \/>\n<meta name=\"author\" content=\"Vitamin G\" \/>\n<meta name=\"twitter:card\" content=\"summary_large_image\" \/>\n<meta name=\"twitter:label1\" content=\"Verfasst von\" \/>\n\t<meta name=\"twitter:data1\" content=\"Vitamin G\" \/>\n\t<meta name=\"twitter:label2\" content=\"Gesch\u00e4tzte Lesezeit\" \/>\n\t<meta name=\"twitter:data2\" content=\"6\u00a0Minuten\" \/>\n<script type=\"application\/ld+json\" class=\"yoast-schema-graph\">{\"@context\":\"https:\/\/schema.org\",\"@graph\":[{\"@type\":\"Article\",\"@id\":\"https:\/\/blog.zhaw.ch\/vitamin-g\/wenn-das-gluecksgefuehl-trotz-baby-ausbleibt\/#article\",\"isPartOf\":{\"@id\":\"https:\/\/blog.zhaw.ch\/vitamin-g\/wenn-das-gluecksgefuehl-trotz-baby-ausbleibt\/\"},\"author\":{\"name\":\"Vitamin G\",\"@id\":\"https:\/\/blog.zhaw.ch\/vitamin-g\/#\/schema\/person\/c40eef1fd6b5c80a87a5ab6f21a50cc1\"},\"headline\":\"WENN DAS GL\u00dcCKSGEF\u00dcHL TROTZ BABY AUSBLEIBT\",\"datePublished\":\"2020-11-13T16:33:10+00:00\",\"dateModified\":\"2022-04-11T15:39:28+00:00\",\"mainEntityOfPage\":{\"@id\":\"https:\/\/blog.zhaw.ch\/vitamin-g\/wenn-das-gluecksgefuehl-trotz-baby-ausbleibt\/\"},\"wordCount\":1131,\"commentCount\":0,\"image\":{\"@id\":\"https:\/\/blog.zhaw.ch\/vitamin-g\/wenn-das-gluecksgefuehl-trotz-baby-ausbleibt\/#primaryimage\"},\"thumbnailUrl\":\"https:\/\/blog.zhaw.ch\/vitamin-g\/files\/2020\/11\/8.2020-postpartale-depression-hb-zhaw-gesundheit.jpg\",\"articleSection\":{\"1\":\"Dossier\",\"2\":\"Portrait\"},\"inLanguage\":\"de\",\"potentialAction\":[{\"@type\":\"CommentAction\",\"name\":\"Comment\",\"target\":[\"https:\/\/blog.zhaw.ch\/vitamin-g\/wenn-das-gluecksgefuehl-trotz-baby-ausbleibt\/#respond\"]}]},{\"@type\":\"WebPage\",\"@id\":\"https:\/\/blog.zhaw.ch\/vitamin-g\/wenn-das-gluecksgefuehl-trotz-baby-ausbleibt\/\",\"url\":\"https:\/\/blog.zhaw.ch\/vitamin-g\/wenn-das-gluecksgefuehl-trotz-baby-ausbleibt\/\",\"name\":\"WENN DAS GL\u00dcCKSGEF\u00dcHL TROTZ BABY AUSBLEIBT - Vitamin G \u2013 f\u00fcr Health Professionals mit Weitblick\",\"isPartOf\":{\"@id\":\"https:\/\/blog.zhaw.ch\/vitamin-g\/#website\"},\"primaryImageOfPage\":{\"@id\":\"https:\/\/blog.zhaw.ch\/vitamin-g\/wenn-das-gluecksgefuehl-trotz-baby-ausbleibt\/#primaryimage\"},\"image\":{\"@id\":\"https:\/\/blog.zhaw.ch\/vitamin-g\/wenn-das-gluecksgefuehl-trotz-baby-ausbleibt\/#primaryimage\"},\"thumbnailUrl\":\"https:\/\/blog.zhaw.ch\/vitamin-g\/files\/2020\/11\/8.2020-postpartale-depression-hb-zhaw-gesundheit.jpg\",\"datePublished\":\"2020-11-13T16:33:10+00:00\",\"dateModified\":\"2022-04-11T15:39:28+00:00\",\"author\":{\"@id\":\"https:\/\/blog.zhaw.ch\/vitamin-g\/#\/schema\/person\/c40eef1fd6b5c80a87a5ab6f21a50cc1\"},\"breadcrumb\":{\"@id\":\"https:\/\/blog.zhaw.ch\/vitamin-g\/wenn-das-gluecksgefuehl-trotz-baby-ausbleibt\/#breadcrumb\"},\"inLanguage\":\"de\",\"potentialAction\":[{\"@type\":\"ReadAction\",\"target\":[\"https:\/\/blog.zhaw.ch\/vitamin-g\/wenn-das-gluecksgefuehl-trotz-baby-ausbleibt\/\"]}]},{\"@type\":\"ImageObject\",\"inLanguage\":\"de\",\"@id\":\"https:\/\/blog.zhaw.ch\/vitamin-g\/wenn-das-gluecksgefuehl-trotz-baby-ausbleibt\/#primaryimage\",\"url\":\"https:\/\/blog.zhaw.ch\/vitamin-g\/files\/2020\/11\/8.2020-postpartale-depression-hb-zhaw-gesundheit.jpg\",\"contentUrl\":\"https:\/\/blog.zhaw.ch\/vitamin-g\/files\/2020\/11\/8.2020-postpartale-depression-hb-zhaw-gesundheit.jpg\",\"width\":2000,\"height\":1000},{\"@type\":\"BreadcrumbList\",\"@id\":\"https:\/\/blog.zhaw.ch\/vitamin-g\/wenn-das-gluecksgefuehl-trotz-baby-ausbleibt\/#breadcrumb\",\"itemListElement\":[{\"@type\":\"ListItem\",\"position\":1,\"name\":\"Startseite\",\"item\":\"https:\/\/blog.zhaw.ch\/vitamin-g\/\"},{\"@type\":\"ListItem\",\"position\":2,\"name\":\"WENN DAS GL\u00dcCKSGEF\u00dcHL TROTZ BABY AUSBLEIBT\"}]},{\"@type\":\"WebSite\",\"@id\":\"https:\/\/blog.zhaw.ch\/vitamin-g\/#website\",\"url\":\"https:\/\/blog.zhaw.ch\/vitamin-g\/\",\"name\":\"Vitamin G \u2013 f\u00fcr Health Professionals mit Weitblick\",\"description\":\"Ein Blog der ZHAW Z\u00fcrcher Hochschule f\u00fcr Angewandte Wissenschaften\",\"potentialAction\":[{\"@type\":\"SearchAction\",\"target\":{\"@type\":\"EntryPoint\",\"urlTemplate\":\"https:\/\/blog.zhaw.ch\/vitamin-g\/?s={search_term_string}\"},\"query-input\":{\"@type\":\"PropertyValueSpecification\",\"valueRequired\":true,\"valueName\":\"search_term_string\"}}],\"inLanguage\":\"de\"},{\"@type\":\"Person\",\"@id\":\"https:\/\/blog.zhaw.ch\/vitamin-g\/#\/schema\/person\/c40eef1fd6b5c80a87a5ab6f21a50cc1\",\"name\":\"Vitamin G\",\"image\":{\"@type\":\"ImageObject\",\"inLanguage\":\"de\",\"@id\":\"https:\/\/secure.gravatar.com\/avatar\/98f5da1c92db080b7a9598ea470459f2dfc333ede5e4b0779b146129ec54cb34?s=96&d=mm&r=g\",\"url\":\"https:\/\/secure.gravatar.com\/avatar\/98f5da1c92db080b7a9598ea470459f2dfc333ede5e4b0779b146129ec54cb34?s=96&d=mm&r=g\",\"contentUrl\":\"https:\/\/secure.gravatar.com\/avatar\/98f5da1c92db080b7a9598ea470459f2dfc333ede5e4b0779b146129ec54cb34?s=96&d=mm&r=g\",\"caption\":\"Vitamin G\"},\"url\":\"https:\/\/blog.zhaw.ch\/vitamin-g\/author\/funp\/\"}]}<\/script>\n<!-- \/ Yoast SEO Premium plugin. -->","yoast_head_json":{"title":"WENN DAS GL\u00dcCKSGEF\u00dcHL TROTZ BABY AUSBLEIBT - Vitamin G \u2013 f\u00fcr Health Professionals mit Weitblick","robots":{"index":"index","follow":"follow","max-snippet":"max-snippet:-1","max-image-preview":"max-image-preview:large","max-video-preview":"max-video-preview:-1"},"canonical":"https:\/\/blog.zhaw.ch\/vitamin-g\/wenn-das-gluecksgefuehl-trotz-baby-ausbleibt\/","og_locale":"de_DE","og_type":"article","og_title":"WENN DAS GL\u00dcCKSGEF\u00dcHL TROTZ BABY AUSBLEIBT","og_description":"Nach der Geburt sind Frauen besonders anf\u00e4llig f\u00fcr depressive Verstimmungen. Angehende Hebammen lernen im Studium am Departement Gesundheit, wie sie am besten auf psychische Probleme reagieren und betroffene M\u00fctter unterst\u00fctzen k\u00f6nnen.","og_url":"https:\/\/blog.zhaw.ch\/vitamin-g\/wenn-das-gluecksgefuehl-trotz-baby-ausbleibt\/","og_site_name":"Vitamin G \u2013 f\u00fcr Health Professionals mit Weitblick","article_published_time":"2020-11-13T16:33:10+00:00","article_modified_time":"2022-04-11T15:39:28+00:00","og_image":[{"width":2000,"height":1000,"url":"https:\/\/blog.zhaw.ch\/vitamin-g\/files\/2020\/11\/8.2020-postpartale-depression-hb-zhaw-gesundheit.jpg","type":"image\/jpeg"}],"author":"Vitamin G","twitter_card":"summary_large_image","twitter_misc":{"Verfasst von":"Vitamin G","Gesch\u00e4tzte Lesezeit":"6\u00a0Minuten"},"schema":{"@context":"https:\/\/schema.org","@graph":[{"@type":"Article","@id":"https:\/\/blog.zhaw.ch\/vitamin-g\/wenn-das-gluecksgefuehl-trotz-baby-ausbleibt\/#article","isPartOf":{"@id":"https:\/\/blog.zhaw.ch\/vitamin-g\/wenn-das-gluecksgefuehl-trotz-baby-ausbleibt\/"},"author":{"name":"Vitamin G","@id":"https:\/\/blog.zhaw.ch\/vitamin-g\/#\/schema\/person\/c40eef1fd6b5c80a87a5ab6f21a50cc1"},"headline":"WENN DAS GL\u00dcCKSGEF\u00dcHL TROTZ BABY AUSBLEIBT","datePublished":"2020-11-13T16:33:10+00:00","dateModified":"2022-04-11T15:39:28+00:00","mainEntityOfPage":{"@id":"https:\/\/blog.zhaw.ch\/vitamin-g\/wenn-das-gluecksgefuehl-trotz-baby-ausbleibt\/"},"wordCount":1131,"commentCount":0,"image":{"@id":"https:\/\/blog.zhaw.ch\/vitamin-g\/wenn-das-gluecksgefuehl-trotz-baby-ausbleibt\/#primaryimage"},"thumbnailUrl":"https:\/\/blog.zhaw.ch\/vitamin-g\/files\/2020\/11\/8.2020-postpartale-depression-hb-zhaw-gesundheit.jpg","articleSection":{"1":"Dossier","2":"Portrait"},"inLanguage":"de","potentialAction":[{"@type":"CommentAction","name":"Comment","target":["https:\/\/blog.zhaw.ch\/vitamin-g\/wenn-das-gluecksgefuehl-trotz-baby-ausbleibt\/#respond"]}]},{"@type":"WebPage","@id":"https:\/\/blog.zhaw.ch\/vitamin-g\/wenn-das-gluecksgefuehl-trotz-baby-ausbleibt\/","url":"https:\/\/blog.zhaw.ch\/vitamin-g\/wenn-das-gluecksgefuehl-trotz-baby-ausbleibt\/","name":"WENN DAS GL\u00dcCKSGEF\u00dcHL TROTZ BABY AUSBLEIBT - Vitamin G \u2013 f\u00fcr Health Professionals mit Weitblick","isPartOf":{"@id":"https:\/\/blog.zhaw.ch\/vitamin-g\/#website"},"primaryImageOfPage":{"@id":"https:\/\/blog.zhaw.ch\/vitamin-g\/wenn-das-gluecksgefuehl-trotz-baby-ausbleibt\/#primaryimage"},"image":{"@id":"https:\/\/blog.zhaw.ch\/vitamin-g\/wenn-das-gluecksgefuehl-trotz-baby-ausbleibt\/#primaryimage"},"thumbnailUrl":"https:\/\/blog.zhaw.ch\/vitamin-g\/files\/2020\/11\/8.2020-postpartale-depression-hb-zhaw-gesundheit.jpg","datePublished":"2020-11-13T16:33:10+00:00","dateModified":"2022-04-11T15:39:28+00:00","author":{"@id":"https:\/\/blog.zhaw.ch\/vitamin-g\/#\/schema\/person\/c40eef1fd6b5c80a87a5ab6f21a50cc1"},"breadcrumb":{"@id":"https:\/\/blog.zhaw.ch\/vitamin-g\/wenn-das-gluecksgefuehl-trotz-baby-ausbleibt\/#breadcrumb"},"inLanguage":"de","potentialAction":[{"@type":"ReadAction","target":["https:\/\/blog.zhaw.ch\/vitamin-g\/wenn-das-gluecksgefuehl-trotz-baby-ausbleibt\/"]}]},{"@type":"ImageObject","inLanguage":"de","@id":"https:\/\/blog.zhaw.ch\/vitamin-g\/wenn-das-gluecksgefuehl-trotz-baby-ausbleibt\/#primaryimage","url":"https:\/\/blog.zhaw.ch\/vitamin-g\/files\/2020\/11\/8.2020-postpartale-depression-hb-zhaw-gesundheit.jpg","contentUrl":"https:\/\/blog.zhaw.ch\/vitamin-g\/files\/2020\/11\/8.2020-postpartale-depression-hb-zhaw-gesundheit.jpg","width":2000,"height":1000},{"@type":"BreadcrumbList","@id":"https:\/\/blog.zhaw.ch\/vitamin-g\/wenn-das-gluecksgefuehl-trotz-baby-ausbleibt\/#breadcrumb","itemListElement":[{"@type":"ListItem","position":1,"name":"Startseite","item":"https:\/\/blog.zhaw.ch\/vitamin-g\/"},{"@type":"ListItem","position":2,"name":"WENN DAS GL\u00dcCKSGEF\u00dcHL TROTZ BABY AUSBLEIBT"}]},{"@type":"WebSite","@id":"https:\/\/blog.zhaw.ch\/vitamin-g\/#website","url":"https:\/\/blog.zhaw.ch\/vitamin-g\/","name":"Vitamin G \u2013 f\u00fcr Health Professionals mit Weitblick","description":"Ein Blog der ZHAW Z\u00fcrcher Hochschule f\u00fcr Angewandte Wissenschaften","potentialAction":[{"@type":"SearchAction","target":{"@type":"EntryPoint","urlTemplate":"https:\/\/blog.zhaw.ch\/vitamin-g\/?s={search_term_string}"},"query-input":{"@type":"PropertyValueSpecification","valueRequired":true,"valueName":"search_term_string"}}],"inLanguage":"de"},{"@type":"Person","@id":"https:\/\/blog.zhaw.ch\/vitamin-g\/#\/schema\/person\/c40eef1fd6b5c80a87a5ab6f21a50cc1","name":"Vitamin G","image":{"@type":"ImageObject","inLanguage":"de","@id":"https:\/\/secure.gravatar.com\/avatar\/98f5da1c92db080b7a9598ea470459f2dfc333ede5e4b0779b146129ec54cb34?s=96&d=mm&r=g","url":"https:\/\/secure.gravatar.com\/avatar\/98f5da1c92db080b7a9598ea470459f2dfc333ede5e4b0779b146129ec54cb34?s=96&d=mm&r=g","contentUrl":"https:\/\/secure.gravatar.com\/avatar\/98f5da1c92db080b7a9598ea470459f2dfc333ede5e4b0779b146129ec54cb34?s=96&d=mm&r=g","caption":"Vitamin G"},"url":"https:\/\/blog.zhaw.ch\/vitamin-g\/author\/funp\/"}]}},"_links":{"self":[{"href":"https:\/\/blog.zhaw.ch\/vitamin-g\/wp-json\/wp\/v2\/posts\/1512","targetHints":{"allow":["GET"]}}],"collection":[{"href":"https:\/\/blog.zhaw.ch\/vitamin-g\/wp-json\/wp\/v2\/posts"}],"about":[{"href":"https:\/\/blog.zhaw.ch\/vitamin-g\/wp-json\/wp\/v2\/types\/post"}],"author":[{"embeddable":true,"href":"https:\/\/blog.zhaw.ch\/vitamin-g\/wp-json\/wp\/v2\/users\/303"}],"replies":[{"embeddable":true,"href":"https:\/\/blog.zhaw.ch\/vitamin-g\/wp-json\/wp\/v2\/comments?post=1512"}],"version-history":[{"count":6,"href":"https:\/\/blog.zhaw.ch\/vitamin-g\/wp-json\/wp\/v2\/posts\/1512\/revisions"}],"predecessor-version":[{"id":2035,"href":"https:\/\/blog.zhaw.ch\/vitamin-g\/wp-json\/wp\/v2\/posts\/1512\/revisions\/2035"}],"wp:featuredmedia":[{"embeddable":true,"href":"https:\/\/blog.zhaw.ch\/vitamin-g\/wp-json\/wp\/v2\/media\/1516"}],"wp:attachment":[{"href":"https:\/\/blog.zhaw.ch\/vitamin-g\/wp-json\/wp\/v2\/media?parent=1512"}],"wp:term":[{"taxonomy":"category","embeddable":true,"href":"https:\/\/blog.zhaw.ch\/vitamin-g\/wp-json\/wp\/v2\/categories?post=1512"},{"taxonomy":"post_tag","embeddable":true,"href":"https:\/\/blog.zhaw.ch\/vitamin-g\/wp-json\/wp\/v2\/tags?post=1512"},{"taxonomy":"features","embeddable":true,"href":"https:\/\/blog.zhaw.ch\/vitamin-g\/wp-json\/wp\/v2\/features?post=1512"}],"curies":[{"name":"wp","href":"https:\/\/api.w.org\/{rel}","templated":true}]}}