{"id":1424,"date":"2020-06-17T11:04:45","date_gmt":"2020-06-17T09:04:45","guid":{"rendered":"http:\/\/blog.zhaw.ch\/vitamin-g\/?p=1424"},"modified":"2020-07-27T09:54:37","modified_gmt":"2020-07-27T07:54:37","slug":"applaus-allein-reicht-nicht-aus","status":"publish","type":"post","link":"https:\/\/blog.zhaw.ch\/vitamin-g\/applaus-allein-reicht-nicht-aus\/","title":{"rendered":"MEINUNG: APPLAUS ALLEIN REICHT NICHT AUS"},"content":{"rendered":"\n<p>2020 h\u00e4tte das Jahr der Hebammen und Pflegefachkr\u00e4fte werden sollen, initiiert von der Weltgesundheitsorganisation (WHO). In Erinnerung bleiben wird es als Jahr, in dem die Corona-Pandemie auch die besten Gesundheitssysteme der Welt an den Rand des Kollapses gebracht hat. Und als Jahr, in dem allen klar geworden ist, dass Gesundheitsfachleute f\u00fcr die Gesellschaft unverzichtbar sind.<\/p>\n\n\n\n<p>Dass die Schweizer Bev\u00f6lkerung im M\u00e4rz den Gesundheitsfachpersonen f\u00fcr ihren Dauereinsatz gegen das Coronavirus applaudierte, war eine sch\u00f6ne, aber auch typische Geste: Gesellschaftliche Unterst\u00fctzung und Anerkennung der Berufe sind zwar gross, schlagen sich aber nur bedingt in guten Rahmenbedingungen f\u00fcr ihre Aus\u00fcbung nieder. Das macht auch diese Pandemie einmal mehr deutlich: Die Berufe, welche die Grundversorgung aufrechterhalten, werden \u00fcber das Ertr\u00e4gliche belastet, diplomierte und spezialisierte Fachkr\u00e4fte fehlen, gewisse Berufsgruppen wie die freipraktizierenden Hebammen hat man bei der Verteilung von Schutzmaterial \u00abvergessen\u00bb.<\/p>\n\n\n\n<p>Auch wenn die Pandemie das WHO-Jahr aus der \u00d6ffentlichkeit verdr\u00e4ngt hat \u2013 sie hat auch etwas Gutes: Sie zeigt die Notwendigkeit auf, Hebammen und Pflegefachpersonen Sorge zu tragen. Und sie verleiht den Forderungen der WHO Nachdruck, sich f\u00fcr die Anerkennung, eine exzellente Ausbildung und bessere Arbeitsbedingungen f\u00fcr diese Berufe einzusetzen. F\u00fcr die Schweiz heisst das: Die Politik muss in die Attraktivit\u00e4t der Professionen investieren. So liesse sich die Verweildauer in den Berufen erh\u00f6hen und der Fachkr\u00e4ftemangel entsch\u00e4rfen.<\/p>\n\n\n\n<p>Dazu w\u00fcrden beispielsweise Versorgungsmodelle beitragen, in denen die Berufsleute ihr Potenzial voll aussch\u00f6pfen k\u00f6nnen \u2013 und in denen die damit einhergehende Verantwortung auch anerkannt wird. Wir fordern die Politik zu mutigem Handeln auf: Sie soll den Experimentierartikel annehmen, der Pilotprojekte f\u00fcr entsprechende Versorgungsmodelle erm\u00f6glicht.Und es braucht einen systematischen Einbezug der beiden Berufe bei der Gestaltung der k\u00fcnftigen Versorgung. Das Einsetzen einer Chief Nurse respektive Chief Midwife auf h\u00f6chster Verwaltungsebene w\u00e4re hierf\u00fcr ein Schritt in die richtige Richtung.<\/p>\n\n\n\n<p>Auf den Applaus m\u00fcssen nun Taten folgen.\/\/<\/p>\n\n\n\n<p><a href=\"https:\/\/www.zhaw.ch\/storage\/gesundheit\/ueber-uns\/medien-news\/vitamin-g\/vitamin-g-nr8-2020-zhaw-gesundheit.pdf#page=3\">Vitamin G, Seite 5<\/a><\/p>\n\n\n\n<hr class=\"wp-block-separator\" \/>\n\n\n\n<h2 class=\"wp-block-heading\">WEITERE INFORMATIONEN<\/h2>\n\n\n\n<ul class=\"wp-block-list\"><li><a href=\"https:\/\/www.who.int\/campaigns\/year-of-the-nurse-and-the-midwife-2020\">Kampagne der World Health Organization: WHO-Jahr der Pflegefachpersonen und Hebammen<\/a><\/li><li><a href=\"https:\/\/www.zhaw.ch\/de\/gesundheit\/institute-zentren\/ihb\/alle-news\/news-detailansicht\/event-news\/who-jahr-der-pflegenden-und-hebammen-die-politik-muss-mutiger-sein\/\">Interview mit Katharina Fierz und Beatrice Friedli zum WHO-Jahr<\/a><\/li><li><a href=\"https:\/\/www.zhaw.ch\/de\/gesundheit\/institute-zentren\/ipf\/2020-who-year-of-the-nurse-and-the-midwife\/\">ZHAW-Seite zum WHO-Jahr<\/a><\/li><li><a href=\"https:\/\/www.sbk.ch\/who2020\/2020-year-of-the-nurse\">Schweizer Berufsverband der Pflegefachfrauen und Pflegefachm\u00e4nner SBK<\/a><\/li><li><a href=\"https:\/\/www.hebamme.ch\/\">Schweizerischer Hebammenverband SHV<\/a><\/li><\/ul>\n\n\n\n<h2 class=\"wp-block-heading\" id=\"h-magazin-vitamin-g-fur-health-professionals-mit-weitblick\"><strong>Magazin \u00abVitamin G \u2013 f\u00fcr Health Professionals mit Weitblick\u00bb<\/strong><\/h2>\n\n\n\n<ul class=\"wp-block-list\">\n<li><a href=\"https:\/\/www.zhaw.ch\/de\/gesundheit\/ueber-uns\/medien\/magazin-vitamin-g\/\">\u00abVitamin G\u00bb bestellen<\/a><\/li>\n\n\n\n<li><a href=\"https:\/\/www.zhaw.ch\/storage\/gesundheit\/ueber-uns\/medien-news\/vitamin-g\/vitaming-19-2025-ds-zhaw-gesundheit.pdf\">Aktuelles \u00abVitamin G\u00bb als PDF lesen<\/a><\/li>\n\n\n\n<li><a href=\"https:\/\/www.zhaw.ch\/de\/gesundheit\/ueber-uns\/medien\/magazin-vitamin-g\/#c16801\">Bisher erschienene Ausgaben<\/a><\/li>\n<\/ul>\n","protected":false},"excerpt":{"rendered":"<p>2020 h\u00e4tte das Jahr der Hebammen und Pflegefachkr\u00e4fte werden sollen, initiiert von der Weltgesundheitsorganisation (WHO). In Erinnerung bleiben wird es als Jahr, in dem die Corona-Pandemie auch die besten Gesundheitssysteme der Welt an den Rand des Kollapses gebracht hat. Und als Jahr, in dem allen klar geworden ist, dass Gesundheitsfachleute f\u00fcr die Gesellschaft unverzichtbar sind. [&hellip;]<\/p>\n","protected":false},"author":303,"featured_media":1430,"comment_status":"open","ping_status":"open","sticky":false,"template":"","format":"standard","meta":{"ngg_post_thumbnail":0,"footnotes":""},"categories":[1],"tags":[],"features":[],"class_list":["post-1424","post","type-post","status-publish","format-standard","has-post-thumbnail","hentry","category-allgemein"],"yoast_head":"<!-- This site is optimized with the Yoast SEO Premium plugin v27.2 (Yoast SEO v27.2) - https:\/\/yoast.com\/product\/yoast-seo-premium-wordpress\/ -->\n<title>MEINUNG: APPLAUS ALLEIN REICHT NICHT AUS - Vitamin G \u2013 f\u00fcr Health Professionals mit Weitblick<\/title>\n<meta name=\"robots\" content=\"index, follow, max-snippet:-1, max-image-preview:large, max-video-preview:-1\" \/>\n<link rel=\"canonical\" href=\"https:\/\/blog.zhaw.ch\/vitamin-g\/applaus-allein-reicht-nicht-aus\/\" \/>\n<meta property=\"og:locale\" content=\"de_DE\" \/>\n<meta property=\"og:type\" content=\"article\" \/>\n<meta property=\"og:title\" content=\"MEINUNG: APPLAUS ALLEIN REICHT NICHT AUS\" \/>\n<meta property=\"og:description\" content=\"2020 h\u00e4tte das Jahr der Hebammen und Pflegefachkr\u00e4fte werden sollen, initiiert von der Weltgesundheitsorganisation (WHO). In Erinnerung bleiben wird es als Jahr, in dem die Corona-Pandemie auch die besten Gesundheitssysteme der Welt an den Rand des Kollapses gebracht hat. Und als Jahr, in dem allen klar geworden ist, dass Gesundheitsfachleute f\u00fcr die Gesellschaft unverzichtbar sind. [&hellip;]\" \/>\n<meta property=\"og:url\" content=\"https:\/\/blog.zhaw.ch\/vitamin-g\/applaus-allein-reicht-nicht-aus\/\" \/>\n<meta property=\"og:site_name\" content=\"Vitamin G \u2013 f\u00fcr Health Professionals mit Weitblick\" \/>\n<meta property=\"article:published_time\" content=\"2020-06-17T09:04:45+00:00\" \/>\n<meta property=\"article:modified_time\" content=\"2020-07-27T07:54:37+00:00\" \/>\n<meta property=\"og:image\" content=\"https:\/\/blog.zhaw.ch\/vitamin-g\/files\/2020\/06\/8-2020-meinung-friedli-fierz-zhaw-gesundheit.jpg\" \/>\n\t<meta property=\"og:image:width\" content=\"2000\" \/>\n\t<meta property=\"og:image:height\" content=\"1000\" \/>\n\t<meta property=\"og:image:type\" content=\"image\/jpeg\" \/>\n<meta name=\"author\" content=\"Vitamin G\" \/>\n<meta name=\"twitter:card\" content=\"summary_large_image\" \/>\n<meta name=\"twitter:label1\" content=\"Verfasst von\" \/>\n\t<meta name=\"twitter:data1\" content=\"Vitamin G\" \/>\n\t<meta name=\"twitter:label2\" content=\"Gesch\u00e4tzte Lesezeit\" \/>\n\t<meta name=\"twitter:data2\" content=\"2\u00a0Minuten\" \/>\n<script type=\"application\/ld+json\" class=\"yoast-schema-graph\">{\"@context\":\"https:\/\/schema.org\",\"@graph\":[{\"@type\":\"Article\",\"@id\":\"https:\/\/blog.zhaw.ch\/vitamin-g\/applaus-allein-reicht-nicht-aus\/#article\",\"isPartOf\":{\"@id\":\"https:\/\/blog.zhaw.ch\/vitamin-g\/applaus-allein-reicht-nicht-aus\/\"},\"author\":{\"name\":\"Vitamin G\",\"@id\":\"https:\/\/blog.zhaw.ch\/vitamin-g\/#\/schema\/person\/c40eef1fd6b5c80a87a5ab6f21a50cc1\"},\"headline\":\"MEINUNG: APPLAUS ALLEIN REICHT NICHT AUS\",\"datePublished\":\"2020-06-17T09:04:45+00:00\",\"dateModified\":\"2020-07-27T07:54:37+00:00\",\"mainEntityOfPage\":{\"@id\":\"https:\/\/blog.zhaw.ch\/vitamin-g\/applaus-allein-reicht-nicht-aus\/\"},\"wordCount\":369,\"commentCount\":0,\"image\":{\"@id\":\"https:\/\/blog.zhaw.ch\/vitamin-g\/applaus-allein-reicht-nicht-aus\/#primaryimage\"},\"thumbnailUrl\":\"https:\/\/blog.zhaw.ch\/vitamin-g\/files\/2020\/06\/8-2020-meinung-friedli-fierz-zhaw-gesundheit.jpg\",\"inLanguage\":\"de\",\"potentialAction\":[{\"@type\":\"CommentAction\",\"name\":\"Comment\",\"target\":[\"https:\/\/blog.zhaw.ch\/vitamin-g\/applaus-allein-reicht-nicht-aus\/#respond\"]}]},{\"@type\":\"WebPage\",\"@id\":\"https:\/\/blog.zhaw.ch\/vitamin-g\/applaus-allein-reicht-nicht-aus\/\",\"url\":\"https:\/\/blog.zhaw.ch\/vitamin-g\/applaus-allein-reicht-nicht-aus\/\",\"name\":\"MEINUNG: APPLAUS ALLEIN REICHT NICHT AUS - Vitamin G \u2013 f\u00fcr Health Professionals mit Weitblick\",\"isPartOf\":{\"@id\":\"https:\/\/blog.zhaw.ch\/vitamin-g\/#website\"},\"primaryImageOfPage\":{\"@id\":\"https:\/\/blog.zhaw.ch\/vitamin-g\/applaus-allein-reicht-nicht-aus\/#primaryimage\"},\"image\":{\"@id\":\"https:\/\/blog.zhaw.ch\/vitamin-g\/applaus-allein-reicht-nicht-aus\/#primaryimage\"},\"thumbnailUrl\":\"https:\/\/blog.zhaw.ch\/vitamin-g\/files\/2020\/06\/8-2020-meinung-friedli-fierz-zhaw-gesundheit.jpg\",\"datePublished\":\"2020-06-17T09:04:45+00:00\",\"dateModified\":\"2020-07-27T07:54:37+00:00\",\"author\":{\"@id\":\"https:\/\/blog.zhaw.ch\/vitamin-g\/#\/schema\/person\/c40eef1fd6b5c80a87a5ab6f21a50cc1\"},\"breadcrumb\":{\"@id\":\"https:\/\/blog.zhaw.ch\/vitamin-g\/applaus-allein-reicht-nicht-aus\/#breadcrumb\"},\"inLanguage\":\"de\",\"potentialAction\":[{\"@type\":\"ReadAction\",\"target\":[\"https:\/\/blog.zhaw.ch\/vitamin-g\/applaus-allein-reicht-nicht-aus\/\"]}]},{\"@type\":\"ImageObject\",\"inLanguage\":\"de\",\"@id\":\"https:\/\/blog.zhaw.ch\/vitamin-g\/applaus-allein-reicht-nicht-aus\/#primaryimage\",\"url\":\"https:\/\/blog.zhaw.ch\/vitamin-g\/files\/2020\/06\/8-2020-meinung-friedli-fierz-zhaw-gesundheit.jpg\",\"contentUrl\":\"https:\/\/blog.zhaw.ch\/vitamin-g\/files\/2020\/06\/8-2020-meinung-friedli-fierz-zhaw-gesundheit.jpg\",\"width\":2000,\"height\":1000},{\"@type\":\"BreadcrumbList\",\"@id\":\"https:\/\/blog.zhaw.ch\/vitamin-g\/applaus-allein-reicht-nicht-aus\/#breadcrumb\",\"itemListElement\":[{\"@type\":\"ListItem\",\"position\":1,\"name\":\"Startseite\",\"item\":\"https:\/\/blog.zhaw.ch\/vitamin-g\/\"},{\"@type\":\"ListItem\",\"position\":2,\"name\":\"MEINUNG: APPLAUS ALLEIN REICHT NICHT AUS\"}]},{\"@type\":\"WebSite\",\"@id\":\"https:\/\/blog.zhaw.ch\/vitamin-g\/#website\",\"url\":\"https:\/\/blog.zhaw.ch\/vitamin-g\/\",\"name\":\"Vitamin G \u2013 f\u00fcr Health Professionals mit Weitblick\",\"description\":\"Ein Blog der ZHAW Z\u00fcrcher Hochschule f\u00fcr Angewandte Wissenschaften\",\"potentialAction\":[{\"@type\":\"SearchAction\",\"target\":{\"@type\":\"EntryPoint\",\"urlTemplate\":\"https:\/\/blog.zhaw.ch\/vitamin-g\/?s={search_term_string}\"},\"query-input\":{\"@type\":\"PropertyValueSpecification\",\"valueRequired\":true,\"valueName\":\"search_term_string\"}}],\"inLanguage\":\"de\"},{\"@type\":\"Person\",\"@id\":\"https:\/\/blog.zhaw.ch\/vitamin-g\/#\/schema\/person\/c40eef1fd6b5c80a87a5ab6f21a50cc1\",\"name\":\"Vitamin G\",\"image\":{\"@type\":\"ImageObject\",\"inLanguage\":\"de\",\"@id\":\"https:\/\/secure.gravatar.com\/avatar\/98f5da1c92db080b7a9598ea470459f2dfc333ede5e4b0779b146129ec54cb34?s=96&d=mm&r=g\",\"url\":\"https:\/\/secure.gravatar.com\/avatar\/98f5da1c92db080b7a9598ea470459f2dfc333ede5e4b0779b146129ec54cb34?s=96&d=mm&r=g\",\"contentUrl\":\"https:\/\/secure.gravatar.com\/avatar\/98f5da1c92db080b7a9598ea470459f2dfc333ede5e4b0779b146129ec54cb34?s=96&d=mm&r=g\",\"caption\":\"Vitamin G\"},\"url\":\"https:\/\/blog.zhaw.ch\/vitamin-g\/author\/funp\/\"}]}<\/script>\n<!-- \/ Yoast SEO Premium plugin. -->","yoast_head_json":{"title":"MEINUNG: APPLAUS ALLEIN REICHT NICHT AUS - Vitamin G \u2013 f\u00fcr Health Professionals mit Weitblick","robots":{"index":"index","follow":"follow","max-snippet":"max-snippet:-1","max-image-preview":"max-image-preview:large","max-video-preview":"max-video-preview:-1"},"canonical":"https:\/\/blog.zhaw.ch\/vitamin-g\/applaus-allein-reicht-nicht-aus\/","og_locale":"de_DE","og_type":"article","og_title":"MEINUNG: APPLAUS ALLEIN REICHT NICHT AUS","og_description":"2020 h\u00e4tte das Jahr der Hebammen und Pflegefachkr\u00e4fte werden sollen, initiiert von der Weltgesundheitsorganisation (WHO). In Erinnerung bleiben wird es als Jahr, in dem die Corona-Pandemie auch die besten Gesundheitssysteme der Welt an den Rand des Kollapses gebracht hat. Und als Jahr, in dem allen klar geworden ist, dass Gesundheitsfachleute f\u00fcr die Gesellschaft unverzichtbar sind. [&hellip;]","og_url":"https:\/\/blog.zhaw.ch\/vitamin-g\/applaus-allein-reicht-nicht-aus\/","og_site_name":"Vitamin G \u2013 f\u00fcr Health Professionals mit Weitblick","article_published_time":"2020-06-17T09:04:45+00:00","article_modified_time":"2020-07-27T07:54:37+00:00","og_image":[{"width":2000,"height":1000,"url":"https:\/\/blog.zhaw.ch\/vitamin-g\/files\/2020\/06\/8-2020-meinung-friedli-fierz-zhaw-gesundheit.jpg","type":"image\/jpeg"}],"author":"Vitamin G","twitter_card":"summary_large_image","twitter_misc":{"Verfasst von":"Vitamin G","Gesch\u00e4tzte Lesezeit":"2\u00a0Minuten"},"schema":{"@context":"https:\/\/schema.org","@graph":[{"@type":"Article","@id":"https:\/\/blog.zhaw.ch\/vitamin-g\/applaus-allein-reicht-nicht-aus\/#article","isPartOf":{"@id":"https:\/\/blog.zhaw.ch\/vitamin-g\/applaus-allein-reicht-nicht-aus\/"},"author":{"name":"Vitamin G","@id":"https:\/\/blog.zhaw.ch\/vitamin-g\/#\/schema\/person\/c40eef1fd6b5c80a87a5ab6f21a50cc1"},"headline":"MEINUNG: APPLAUS ALLEIN REICHT NICHT AUS","datePublished":"2020-06-17T09:04:45+00:00","dateModified":"2020-07-27T07:54:37+00:00","mainEntityOfPage":{"@id":"https:\/\/blog.zhaw.ch\/vitamin-g\/applaus-allein-reicht-nicht-aus\/"},"wordCount":369,"commentCount":0,"image":{"@id":"https:\/\/blog.zhaw.ch\/vitamin-g\/applaus-allein-reicht-nicht-aus\/#primaryimage"},"thumbnailUrl":"https:\/\/blog.zhaw.ch\/vitamin-g\/files\/2020\/06\/8-2020-meinung-friedli-fierz-zhaw-gesundheit.jpg","inLanguage":"de","potentialAction":[{"@type":"CommentAction","name":"Comment","target":["https:\/\/blog.zhaw.ch\/vitamin-g\/applaus-allein-reicht-nicht-aus\/#respond"]}]},{"@type":"WebPage","@id":"https:\/\/blog.zhaw.ch\/vitamin-g\/applaus-allein-reicht-nicht-aus\/","url":"https:\/\/blog.zhaw.ch\/vitamin-g\/applaus-allein-reicht-nicht-aus\/","name":"MEINUNG: APPLAUS ALLEIN REICHT NICHT AUS - Vitamin G \u2013 f\u00fcr Health Professionals mit Weitblick","isPartOf":{"@id":"https:\/\/blog.zhaw.ch\/vitamin-g\/#website"},"primaryImageOfPage":{"@id":"https:\/\/blog.zhaw.ch\/vitamin-g\/applaus-allein-reicht-nicht-aus\/#primaryimage"},"image":{"@id":"https:\/\/blog.zhaw.ch\/vitamin-g\/applaus-allein-reicht-nicht-aus\/#primaryimage"},"thumbnailUrl":"https:\/\/blog.zhaw.ch\/vitamin-g\/files\/2020\/06\/8-2020-meinung-friedli-fierz-zhaw-gesundheit.jpg","datePublished":"2020-06-17T09:04:45+00:00","dateModified":"2020-07-27T07:54:37+00:00","author":{"@id":"https:\/\/blog.zhaw.ch\/vitamin-g\/#\/schema\/person\/c40eef1fd6b5c80a87a5ab6f21a50cc1"},"breadcrumb":{"@id":"https:\/\/blog.zhaw.ch\/vitamin-g\/applaus-allein-reicht-nicht-aus\/#breadcrumb"},"inLanguage":"de","potentialAction":[{"@type":"ReadAction","target":["https:\/\/blog.zhaw.ch\/vitamin-g\/applaus-allein-reicht-nicht-aus\/"]}]},{"@type":"ImageObject","inLanguage":"de","@id":"https:\/\/blog.zhaw.ch\/vitamin-g\/applaus-allein-reicht-nicht-aus\/#primaryimage","url":"https:\/\/blog.zhaw.ch\/vitamin-g\/files\/2020\/06\/8-2020-meinung-friedli-fierz-zhaw-gesundheit.jpg","contentUrl":"https:\/\/blog.zhaw.ch\/vitamin-g\/files\/2020\/06\/8-2020-meinung-friedli-fierz-zhaw-gesundheit.jpg","width":2000,"height":1000},{"@type":"BreadcrumbList","@id":"https:\/\/blog.zhaw.ch\/vitamin-g\/applaus-allein-reicht-nicht-aus\/#breadcrumb","itemListElement":[{"@type":"ListItem","position":1,"name":"Startseite","item":"https:\/\/blog.zhaw.ch\/vitamin-g\/"},{"@type":"ListItem","position":2,"name":"MEINUNG: APPLAUS ALLEIN REICHT NICHT AUS"}]},{"@type":"WebSite","@id":"https:\/\/blog.zhaw.ch\/vitamin-g\/#website","url":"https:\/\/blog.zhaw.ch\/vitamin-g\/","name":"Vitamin G \u2013 f\u00fcr Health Professionals mit Weitblick","description":"Ein Blog der ZHAW Z\u00fcrcher Hochschule f\u00fcr Angewandte Wissenschaften","potentialAction":[{"@type":"SearchAction","target":{"@type":"EntryPoint","urlTemplate":"https:\/\/blog.zhaw.ch\/vitamin-g\/?s={search_term_string}"},"query-input":{"@type":"PropertyValueSpecification","valueRequired":true,"valueName":"search_term_string"}}],"inLanguage":"de"},{"@type":"Person","@id":"https:\/\/blog.zhaw.ch\/vitamin-g\/#\/schema\/person\/c40eef1fd6b5c80a87a5ab6f21a50cc1","name":"Vitamin G","image":{"@type":"ImageObject","inLanguage":"de","@id":"https:\/\/secure.gravatar.com\/avatar\/98f5da1c92db080b7a9598ea470459f2dfc333ede5e4b0779b146129ec54cb34?s=96&d=mm&r=g","url":"https:\/\/secure.gravatar.com\/avatar\/98f5da1c92db080b7a9598ea470459f2dfc333ede5e4b0779b146129ec54cb34?s=96&d=mm&r=g","contentUrl":"https:\/\/secure.gravatar.com\/avatar\/98f5da1c92db080b7a9598ea470459f2dfc333ede5e4b0779b146129ec54cb34?s=96&d=mm&r=g","caption":"Vitamin G"},"url":"https:\/\/blog.zhaw.ch\/vitamin-g\/author\/funp\/"}]}},"_links":{"self":[{"href":"https:\/\/blog.zhaw.ch\/vitamin-g\/wp-json\/wp\/v2\/posts\/1424","targetHints":{"allow":["GET"]}}],"collection":[{"href":"https:\/\/blog.zhaw.ch\/vitamin-g\/wp-json\/wp\/v2\/posts"}],"about":[{"href":"https:\/\/blog.zhaw.ch\/vitamin-g\/wp-json\/wp\/v2\/types\/post"}],"author":[{"embeddable":true,"href":"https:\/\/blog.zhaw.ch\/vitamin-g\/wp-json\/wp\/v2\/users\/303"}],"replies":[{"embeddable":true,"href":"https:\/\/blog.zhaw.ch\/vitamin-g\/wp-json\/wp\/v2\/comments?post=1424"}],"version-history":[{"count":6,"href":"https:\/\/blog.zhaw.ch\/vitamin-g\/wp-json\/wp\/v2\/posts\/1424\/revisions"}],"predecessor-version":[{"id":1490,"href":"https:\/\/blog.zhaw.ch\/vitamin-g\/wp-json\/wp\/v2\/posts\/1424\/revisions\/1490"}],"wp:featuredmedia":[{"embeddable":true,"href":"https:\/\/blog.zhaw.ch\/vitamin-g\/wp-json\/wp\/v2\/media\/1430"}],"wp:attachment":[{"href":"https:\/\/blog.zhaw.ch\/vitamin-g\/wp-json\/wp\/v2\/media?parent=1424"}],"wp:term":[{"taxonomy":"category","embeddable":true,"href":"https:\/\/blog.zhaw.ch\/vitamin-g\/wp-json\/wp\/v2\/categories?post=1424"},{"taxonomy":"post_tag","embeddable":true,"href":"https:\/\/blog.zhaw.ch\/vitamin-g\/wp-json\/wp\/v2\/tags?post=1424"},{"taxonomy":"features","embeddable":true,"href":"https:\/\/blog.zhaw.ch\/vitamin-g\/wp-json\/wp\/v2\/features?post=1424"}],"curies":[{"name":"wp","href":"https:\/\/api.w.org\/{rel}","templated":true}]}}