{"id":1304,"date":"2019-11-15T15:30:56","date_gmt":"2019-11-15T14:30:56","guid":{"rendered":"http:\/\/blog.zhaw.ch\/vitamin-g\/?p=1304"},"modified":"2022-04-11T17:43:57","modified_gmt":"2022-04-11T15:43:57","slug":"stilles-studium","status":"publish","type":"post","link":"https:\/\/blog.zhaw.ch\/vitamin-g\/stilles-studium\/","title":{"rendered":"STILLES STUDIUM"},"content":{"rendered":"\n<p><strong>Laura Setz ist geh\u00f6rlos. Dies h\u00e4lt die 27-J\u00e4hrige allerdings nicht davon ab, eine akademische Laufbahn einzuschlagen. Sie studiert im dritten Semester Physiotherapie. \u00abEs ist f\u00fcr mich und f\u00fcr die Hochschule eine grosse Herausforderung\u00bb, sagt sie. <\/strong><\/p>\n\n\n\n<!--more-->\n\n\n\n<p>Der Praxisunterricht der Physiotherapiestudierenden im dritten Semester ist in vollem Gange. Auf dem Stundenplan steht die urogenitale Inkontinenz, das heisst der unwillk\u00fcrliche Verlust von Harn oder Stuhl. Die Studierenden wissen: Mit gezieltem Beckenbodentraining kann oftmals eine Besserung oder Heilung erreicht werden. Entsprechende praktische \u00dcbungen werden an diesem Morgen gelernt. Es ist warm im Unterrichtsraum und laut. Die jungen Frauen und M\u00e4nner haben sich in Gruppen um die Therapieliegen verteilt. Es werden \u00dcbungen zur St\u00e4rkung der Beckenbodenmuskulatur ausprobiert, Notizen gemacht und Fragen beantwortet. <\/p>\n\n\n\n<p>Mittendrin ist Laura Setz. Von den Diskussionen um sie herum bekommt die 27-J\u00e4hrige nichts mit. Sie ist geh\u00f6rlos, liest haupts\u00e4chlich von den Lippen ab. Ihre beiden Gruppengsp\u00e4nli wissen das. Sie schauen ihr direkt ins Gesicht, wenn sie mit ihr reden. Sie sprechen langsam und deutlich. Laura Setz nickt oft, doch manchmal ist sie ratlos, legt ihre Stirn in Falten. Dann springt der Geb\u00e4rdensprachdolmetscher, der immer im Blickfeld der jungen Frau steht, ein. Obwohl sie nichts h\u00f6rt, spricht sie, auch als \u00dcbung f\u00fcr den Patientenkontakt im Berufsleben. Ihre Lautsprache ist durch jahrelanges Training sehr gut verst\u00e4ndlich. So braucht sie niemanden, der das, was sie sagen will, \u00fcbersetzt.<\/p>\n\n\n\n<h2 class=\"wp-block-heading\">\u00abICH BIN GUT INTEGRIERT\u00bb<\/h2>\n\n\n\n<p>Laura Setz ist die erste geh\u00f6rlose Physiotherapiestudentin am Departement Gesundheit. \u00abSowohl f\u00fcr mich als auch f\u00fcr die ZHAW ist es eine grosse Herausforderung\u00bb, sagt sie. \u00abVon allen wird viel Flexibilit\u00e4t verlangt.\u00bb Das erste Jahr hat sie auf zwei Jahre aufgeteilt. Das zweite versucht sie nun in einem Jahr zu schaffen \u2013 so wie ihre h\u00f6renden Kommilitonen. \u00abIch f\u00fchle mich sehr wohl in der Klasse und bin gut integriert. Alle wissen von meiner Beeintr\u00e4chtigung. Ich m\u00f6chte gerne in dieser Klasse bleiben.\u00bb Einfach werde es aber bestimmt nicht, f\u00fcgt sie hinzu. Die gr\u00f6sste Schwierigkeit beim Vollzeitstudium sei das t\u00e4gliche Pr\u00e4sentsein, das eine hohe Konzentration und viel Aufnahmef\u00e4higkeit erfordere. \u00abEs ist sehr anstrengend. Beim Praxisunterricht beispielsweise muss ich mich nicht nur auf die Dozierenden und die Patienten konzentrieren, sondern auch immer noch auf den Dolmetscher.\u00bb So kann sie sich w\u00e4hrend des Unterrichts auch keine Notizen machen, da sie die Dozierenden oder den Dolmetscher nie aus den Augen lassen darf. Diesbez\u00fcglich hat sie aber eine gute L\u00f6sung gefunden. \u00abEine studentische Hilfskraft schickt mir ihre Notizen.\u00bb <\/p>\n\n\n\n<p>Auch die Vorlesungen sind f\u00fcr Laura Setz mit viel Aufwand und grosser Anstrengung verbunden. Meistens sitzt sie in der vordersten Reihe, die Dolmetscher direkt neben den Dozierenden, so dass sie sie gut sehen kann. Bei Lehrveranstaltungen, die l\u00e4nger als zwei Stunden dauern, kommen die \u00dcbersetzer zu zweit und wechseln sich regelm\u00e4ssig ab. F\u00fcr die geh\u00f6rlose junge Frau ist es jedoch praktisch unm\u00f6glich, gleichzeitig den Geb\u00e4rden der Dolmetscher zu folgen, die Folien an der Wand zu lesen und sich Notizen zu machen. Sie braucht ihre Augen f\u00fcrs Lesen und visuelle Zuh\u00f6ren. Deshalb nutzt sie f\u00fcr Vorlesungen zus\u00e4tzlich den Dienst von Swisstxt, bei dem eine Schriftdolmetscherin \u00fcber ein Mikrofon mith\u00f6rt und alles Gesprochene niederschreibt, das dann auf einer Onlineplattform aufgeschaltet wird. <\/p>\n\n\n\n<p>\u00abLeider fehlt mir nach dem Unterricht oft die Energie f\u00fcr soziale Kontakte mit Kommilitonen\u00bb, sagt Laura Setz. Meistens hat sie aber auch gar keine Zeit daf\u00fcr. W\u00e4hrend ihre Mitstudierenden nach Hause gehen oder dem Studentenleben ausserhalb der Hochschule fr\u00f6nen, steht bei ihr der Kompensationsunterricht an. Dort bekommt sie in den verschiedensten F\u00e4chern Unterst\u00fctzung. Eine Physiotherapeutin erkl\u00e4rt ihr beispielsweise das, was sie im Praxisunterricht nicht verstanden hat. \u00abDas ist nat\u00fcrlich super, aber es erfordert auch nach einem langen Studientag nochmals meine vollste Konzentration.\u00bb<\/p>\n\n\n\n<h2 class=\"wp-block-heading\">VOLLGAS AUF UND NEBEN DER PISTE<\/h2>\n\n\n\n<p>Laura Setz ist seit ihrer Geburt geh\u00f6rlos. Allerdings wurde die Beeintr\u00e4chtigung erst entdeckt, als sie bereits zweieinhalb Jahre alt war. \u00abBis dahin dachten alle, ich sei ein Lausm\u00e4dchen, das nicht h\u00f6ren will\u00bb, sagt sie und schmunzelt. Die aufgeweckte Frau mit den blonden Haaren und dem fr\u00f6hlichen Lachen ist im aargauischen Dintikon aufgewachsen, ihre Schwester und ihre Eltern sind h\u00f6rend. Sie hingegen bekam auf beiden Seiten H\u00f6rger\u00e4te. Die halfen ihr aber nur bedingt. \u00abIch konnte zwar Ger\u00e4usche wahrnehmen, aber nicht verstehen, wenn jemand mit mir sprach.\u00bb So fing sie an, Lippen zu lesen, von einer Geb\u00e4rdensprache wusste sie damals nichts. \u00abMit etwa 14 Jahren bin ich das erste Mal in Kontakt gekommen mit dieser Sprache, richtig gelernt habe ich sie dann nach dem Abitur.\u00bb<\/p>\n\n\n\n<p>Den Kindergarten und die ersten beiden Primarschuljahre besuchte Laura Setz in der Regelschule im Dorf, wo sie aufwuchs. \u00abDa der Unterricht eher auf das Spielerische ausgerichtet war, ging es noch recht gut\u00bb, sagt sie. \u00abIch hatte eine sehr engagierte Lehrerin und bekam Nachhilfe und Einzelunterricht.\u00bb In der dritten Klasse wurde es dann aber schwieriger. \u00abWir waren 35 Kinder in einer Klasse und der Unterrichtsstoff wurde anspruchsvoller.\u00bb So wechselte sie an eine Schule f\u00fcr Schwerh\u00f6rige und zog nach der obligatorischen Schulzeit nach Deutschland, wo sie an einem Gymnasium f\u00fcr Schwerh\u00f6rige das Abitur machte. Ihr Ziel war es, Sport zu studieren und danach als Sportlehrerin zu arbeiten \u2013 und das kam nicht von ungef\u00e4hr. Bis zu ihrem 16. Lebensjahr war die Powerfrau eine erfolgreiche Leichtathletin und gewann mehrere Medaillen bei den H\u00f6renden. Auch im Boardercross, wo sie danach w\u00e4hrend acht Jahren mitfuhr, konnte sie einige Erfolge feiern. Unter anderem durfte sie regelm\u00e4ssig an den FIS-Rennen der H\u00f6renden teilnehmen. Heute ist sie auf der Piste nur noch hobbym\u00e4ssig unterwegs.<\/p>\n\n\n\n<h2 class=\"wp-block-heading\">UNTERST\u00dcTZUNG DURCH DIE ZHAW<\/h2>\n\n\n\n<p>Das Sportstudium an der Universit\u00e4t Basel brach sie nach dem ersten Jahr ab. \u00abDie Herausforderungen wurden zu gross\u00bb, sagt sie. \u00abDie Beteiligten waren zu wenig sensibilisiert und ich wusste nicht richtig, wo ich mir Unterst\u00fctzung holen konnte.\u00bb Sie habe schon \u00abetwas mit Sport\u00bb studieren wollen, aber nicht in einem Bereich, wo sie mit vielen Menschen in einer Gruppe kommunizieren m\u00fcsse. Nach einem Vorpraktikum im Paraplegiker-Zentrum in Nottwil entschied sie sich f\u00fcr Physiotherapie. \u00abDas passt besser zu mir mit meiner H\u00f6rbehinderung. Es geht um Bewegung und soziale Kontakte und \u2013 das Wichtigste \u2013 ich kann mich auf eine Person konzentrieren.\u00bb Sp\u00e4ter m\u00f6chte sie unter anderem auch h\u00f6rgesch\u00e4digte und geh\u00f6rlose Menschen physiotherapeutisch behandeln. <\/p>\n\n\n\n<p>Zun\u00e4chst aber fokussiert Laura Setz auf ihr zweites Studienjahr. \u00abDie ZHAW unterst\u00fctzt mich in allen Bereichen sehr.\u00bb So bekommt sie als Nachteilsausgleich beispielsweise mehr Zeit bei schriftlichen Pr\u00fcfungen oder eine studentische Hilfskraft. Sie weiss aus eigener Erfahrung, dass das nicht selbstverst\u00e4ndlich ist. \u00abLeider ist f\u00fcr Geh\u00f6rlose der Zugang zum Studium immer noch sehr schwierig.\u00bb Das soll sich \u00e4ndern, daf\u00fcr will sie sich einsetzen. Sie m\u00f6chte jungen Geh\u00f6rlosen und H\u00f6rgesch\u00e4digten Mut machen, etwas zu wagen, auch wenn es auf den ersten Blick nicht einfach erscheint \u2013 und daf\u00fcr ist sie das beste Beispiel.  \/\/<\/p>\n\n\n\n<p><a href=\"https:\/\/www.zhaw.ch\/storage\/gesundheit\/ueber-uns\/medien-news\/vitamin-g\/vitamin-g-nr7-2019-zhaw-gesundheit.pdf#page=26\">Vitamin G\u00bb, Seiten 26-28<\/a><\/p>\n\n\n\n<hr class=\"wp-block-separator\" \/>\n\n\n\n<h3 class=\"wp-block-heading\">WEITERE INFORMATIONEN<\/h3>\n\n\n\n<ul class=\"wp-block-list\"><li><a href=\"https:\/\/www.zhaw.ch\/de\/studium\/waehrend-des-studiums\/beratung\/studieren-mit-behinderung-oder-chronischer-krankheit\/\">Mit einer Beeintr\u00e4chtigung an der ZHAW studieren<\/a><\/li><li><a href=\"https:\/\/www.sgb-fss.ch\/\">Schweizerischer Geh\u00f6rlosenbund<\/a><\/li><li><a href=\"https:\/\/www.zhaw.ch\/no_cache\/de\/forschung\/forschungsdatenbank\/projektdetail\/projektid\/2893\/\">ZHAW-Forschungsprojekt \u00abBarrierefreie Kommunikation zwischen Menschen mit H\u00f6rbehinderung und Fachpersonen aus dem Gesundheitswesen\u00bb<\/a><\/li><li><a href=\"https:\/\/www.myhandicap.ch\/job-ausbildung-behinderung\/studium\/studieren-mit-behinderung\/\">\u00abStudieren mit Behinderung\u00bb &#8211; Bericht der Stiftung MyHandicap<\/a> <\/li><\/ul>\n\n\n\n<h2 class=\"wp-block-heading\" id=\"h-magazin-vitamin-g-fur-health-professionals-mit-weitblick\"><strong>Magazin \u00abVitamin G \u2013 f\u00fcr Health Professionals mit Weitblick\u00bb<\/strong><\/h2>\n\n\n\n<ul class=\"wp-block-list\">\n<li><a href=\"https:\/\/www.zhaw.ch\/de\/gesundheit\/ueber-uns\/medien\/magazin-vitamin-g\/\">\u00abVitamin G\u00bb bestellen<\/a><\/li>\n\n\n\n<li><a href=\"https:\/\/www.zhaw.ch\/storage\/gesundheit\/ueber-uns\/medien-news\/vitamin-g\/vitaming-19-2025-ds-zhaw-gesundheit.pdf\">Aktuelles \u00abVitamin G\u00bb als PDF lesen<\/a><\/li>\n\n\n\n<li><a href=\"https:\/\/www.zhaw.ch\/de\/gesundheit\/ueber-uns\/medien\/magazin-vitamin-g\/#c16801\">Bisher erschienene Ausgaben<\/a><\/li>\n<\/ul>\n","protected":false},"excerpt":{"rendered":"<p>Laura Setz ist geh\u00f6rlos. Dies h\u00e4lt die 27-J\u00e4hrige allerdings nicht davon ab, eine akademische Laufbahn einzuschlagen. Sie studiert im dritten Semester Physiotherapie. \u00abEs ist f\u00fcr mich und f\u00fcr die Hochschule eine grosse Herausforderung\u00bb, sagt sie.<\/p>\n","protected":false},"author":305,"featured_media":1307,"comment_status":"open","ping_status":"open","sticky":false,"template":"","format":"standard","meta":{"ngg_post_thumbnail":0,"footnotes":""},"categories":[1,6,5,3],"tags":[],"features":[],"class_list":["post-1304","post","type-post","status-publish","format-standard","has-post-thumbnail","hentry","category-allgemein","category-dossier","category-portrait","category-studium"],"yoast_head":"<!-- This site is optimized with the Yoast SEO Premium plugin v27.2 (Yoast SEO v27.2) - https:\/\/yoast.com\/product\/yoast-seo-premium-wordpress\/ -->\n<title>STILLES STUDIUM - Vitamin G \u2013 f\u00fcr Health Professionals mit Weitblick<\/title>\n<meta name=\"robots\" content=\"index, follow, max-snippet:-1, max-image-preview:large, max-video-preview:-1\" \/>\n<link rel=\"canonical\" href=\"https:\/\/blog.zhaw.ch\/vitamin-g\/stilles-studium\/\" \/>\n<meta property=\"og:locale\" content=\"de_DE\" \/>\n<meta property=\"og:type\" content=\"article\" \/>\n<meta property=\"og:title\" content=\"STILLES STUDIUM\" \/>\n<meta property=\"og:description\" content=\"Laura Setz ist geh\u00f6rlos. Dies h\u00e4lt die 27-J\u00e4hrige allerdings nicht davon ab, eine akademische Laufbahn einzuschlagen. Sie studiert im dritten Semester Physiotherapie. \u00abEs ist f\u00fcr mich und f\u00fcr die Hochschule eine grosse Herausforderung\u00bb, sagt sie.\" \/>\n<meta property=\"og:url\" content=\"https:\/\/blog.zhaw.ch\/vitamin-g\/stilles-studium\/\" \/>\n<meta property=\"og:site_name\" content=\"Vitamin G \u2013 f\u00fcr Health Professionals mit Weitblick\" \/>\n<meta property=\"article:published_time\" content=\"2019-11-15T14:30:56+00:00\" \/>\n<meta property=\"article:modified_time\" content=\"2022-04-11T15:43:57+00:00\" \/>\n<meta property=\"og:image\" content=\"https:\/\/blog.zhaw.ch\/vitamin-g\/files\/2019\/11\/7-2019-stilles-studium-.jpg\" \/>\n\t<meta property=\"og:image:width\" content=\"643\" \/>\n\t<meta property=\"og:image:height\" content=\"300\" \/>\n\t<meta property=\"og:image:type\" content=\"image\/jpeg\" \/>\n<meta name=\"author\" content=\"Vitamin G\" \/>\n<meta name=\"twitter:card\" content=\"summary_large_image\" \/>\n<meta name=\"twitter:label1\" content=\"Verfasst von\" \/>\n\t<meta name=\"twitter:data1\" content=\"Vitamin G\" \/>\n\t<meta name=\"twitter:label2\" content=\"Gesch\u00e4tzte Lesezeit\" \/>\n\t<meta name=\"twitter:data2\" content=\"6\u00a0Minuten\" \/>\n<script type=\"application\/ld+json\" class=\"yoast-schema-graph\">{\"@context\":\"https:\/\/schema.org\",\"@graph\":[{\"@type\":\"Article\",\"@id\":\"https:\/\/blog.zhaw.ch\/vitamin-g\/stilles-studium\/#article\",\"isPartOf\":{\"@id\":\"https:\/\/blog.zhaw.ch\/vitamin-g\/stilles-studium\/\"},\"author\":{\"name\":\"Vitamin G\",\"@id\":\"https:\/\/blog.zhaw.ch\/vitamin-g\/#\/schema\/person\/d519fda9e57b30bd86cfa45d4da7fd0f\"},\"headline\":\"STILLES STUDIUM\",\"datePublished\":\"2019-11-15T14:30:56+00:00\",\"dateModified\":\"2022-04-11T15:43:57+00:00\",\"mainEntityOfPage\":{\"@id\":\"https:\/\/blog.zhaw.ch\/vitamin-g\/stilles-studium\/\"},\"wordCount\":1228,\"commentCount\":0,\"image\":{\"@id\":\"https:\/\/blog.zhaw.ch\/vitamin-g\/stilles-studium\/#primaryimage\"},\"thumbnailUrl\":\"https:\/\/blog.zhaw.ch\/vitamin-g\/files\/2019\/11\/7-2019-stilles-studium-.jpg\",\"articleSection\":{\"1\":\"Dossier\",\"2\":\"Portrait\",\"3\":\"Studium\"},\"inLanguage\":\"de\",\"potentialAction\":[{\"@type\":\"CommentAction\",\"name\":\"Comment\",\"target\":[\"https:\/\/blog.zhaw.ch\/vitamin-g\/stilles-studium\/#respond\"]}]},{\"@type\":\"WebPage\",\"@id\":\"https:\/\/blog.zhaw.ch\/vitamin-g\/stilles-studium\/\",\"url\":\"https:\/\/blog.zhaw.ch\/vitamin-g\/stilles-studium\/\",\"name\":\"STILLES STUDIUM - Vitamin G \u2013 f\u00fcr Health Professionals mit Weitblick\",\"isPartOf\":{\"@id\":\"https:\/\/blog.zhaw.ch\/vitamin-g\/#website\"},\"primaryImageOfPage\":{\"@id\":\"https:\/\/blog.zhaw.ch\/vitamin-g\/stilles-studium\/#primaryimage\"},\"image\":{\"@id\":\"https:\/\/blog.zhaw.ch\/vitamin-g\/stilles-studium\/#primaryimage\"},\"thumbnailUrl\":\"https:\/\/blog.zhaw.ch\/vitamin-g\/files\/2019\/11\/7-2019-stilles-studium-.jpg\",\"datePublished\":\"2019-11-15T14:30:56+00:00\",\"dateModified\":\"2022-04-11T15:43:57+00:00\",\"author\":{\"@id\":\"https:\/\/blog.zhaw.ch\/vitamin-g\/#\/schema\/person\/d519fda9e57b30bd86cfa45d4da7fd0f\"},\"breadcrumb\":{\"@id\":\"https:\/\/blog.zhaw.ch\/vitamin-g\/stilles-studium\/#breadcrumb\"},\"inLanguage\":\"de\",\"potentialAction\":[{\"@type\":\"ReadAction\",\"target\":[\"https:\/\/blog.zhaw.ch\/vitamin-g\/stilles-studium\/\"]}]},{\"@type\":\"ImageObject\",\"inLanguage\":\"de\",\"@id\":\"https:\/\/blog.zhaw.ch\/vitamin-g\/stilles-studium\/#primaryimage\",\"url\":\"https:\/\/blog.zhaw.ch\/vitamin-g\/files\/2019\/11\/7-2019-stilles-studium-.jpg\",\"contentUrl\":\"https:\/\/blog.zhaw.ch\/vitamin-g\/files\/2019\/11\/7-2019-stilles-studium-.jpg\",\"width\":643,\"height\":300},{\"@type\":\"BreadcrumbList\",\"@id\":\"https:\/\/blog.zhaw.ch\/vitamin-g\/stilles-studium\/#breadcrumb\",\"itemListElement\":[{\"@type\":\"ListItem\",\"position\":1,\"name\":\"Startseite\",\"item\":\"https:\/\/blog.zhaw.ch\/vitamin-g\/\"},{\"@type\":\"ListItem\",\"position\":2,\"name\":\"STILLES STUDIUM\"}]},{\"@type\":\"WebSite\",\"@id\":\"https:\/\/blog.zhaw.ch\/vitamin-g\/#website\",\"url\":\"https:\/\/blog.zhaw.ch\/vitamin-g\/\",\"name\":\"Vitamin G \u2013 f\u00fcr Health Professionals mit Weitblick\",\"description\":\"Ein Blog der ZHAW Z\u00fcrcher Hochschule f\u00fcr Angewandte Wissenschaften\",\"potentialAction\":[{\"@type\":\"SearchAction\",\"target\":{\"@type\":\"EntryPoint\",\"urlTemplate\":\"https:\/\/blog.zhaw.ch\/vitamin-g\/?s={search_term_string}\"},\"query-input\":{\"@type\":\"PropertyValueSpecification\",\"valueRequired\":true,\"valueName\":\"search_term_string\"}}],\"inLanguage\":\"de\"},{\"@type\":\"Person\",\"@id\":\"https:\/\/blog.zhaw.ch\/vitamin-g\/#\/schema\/person\/d519fda9e57b30bd86cfa45d4da7fd0f\",\"name\":\"Vitamin G\",\"image\":{\"@type\":\"ImageObject\",\"inLanguage\":\"de\",\"@id\":\"https:\/\/secure.gravatar.com\/avatar\/01ab4b47045ffae2574da15e435b7215f291428d71fa161fb42d7a80d82f2977?s=96&d=mm&r=g\",\"url\":\"https:\/\/secure.gravatar.com\/avatar\/01ab4b47045ffae2574da15e435b7215f291428d71fa161fb42d7a80d82f2977?s=96&d=mm&r=g\",\"contentUrl\":\"https:\/\/secure.gravatar.com\/avatar\/01ab4b47045ffae2574da15e435b7215f291428d71fa161fb42d7a80d82f2977?s=96&d=mm&r=g\",\"caption\":\"Vitamin G\"},\"url\":\"https:\/\/blog.zhaw.ch\/vitamin-g\/author\/lipu\/\"}]}<\/script>\n<!-- \/ Yoast SEO Premium plugin. -->","yoast_head_json":{"title":"STILLES STUDIUM - Vitamin G \u2013 f\u00fcr Health Professionals mit Weitblick","robots":{"index":"index","follow":"follow","max-snippet":"max-snippet:-1","max-image-preview":"max-image-preview:large","max-video-preview":"max-video-preview:-1"},"canonical":"https:\/\/blog.zhaw.ch\/vitamin-g\/stilles-studium\/","og_locale":"de_DE","og_type":"article","og_title":"STILLES STUDIUM","og_description":"Laura Setz ist geh\u00f6rlos. Dies h\u00e4lt die 27-J\u00e4hrige allerdings nicht davon ab, eine akademische Laufbahn einzuschlagen. Sie studiert im dritten Semester Physiotherapie. \u00abEs ist f\u00fcr mich und f\u00fcr die Hochschule eine grosse Herausforderung\u00bb, sagt sie.","og_url":"https:\/\/blog.zhaw.ch\/vitamin-g\/stilles-studium\/","og_site_name":"Vitamin G \u2013 f\u00fcr Health Professionals mit Weitblick","article_published_time":"2019-11-15T14:30:56+00:00","article_modified_time":"2022-04-11T15:43:57+00:00","og_image":[{"width":643,"height":300,"url":"https:\/\/blog.zhaw.ch\/vitamin-g\/files\/2019\/11\/7-2019-stilles-studium-.jpg","type":"image\/jpeg"}],"author":"Vitamin G","twitter_card":"summary_large_image","twitter_misc":{"Verfasst von":"Vitamin G","Gesch\u00e4tzte Lesezeit":"6\u00a0Minuten"},"schema":{"@context":"https:\/\/schema.org","@graph":[{"@type":"Article","@id":"https:\/\/blog.zhaw.ch\/vitamin-g\/stilles-studium\/#article","isPartOf":{"@id":"https:\/\/blog.zhaw.ch\/vitamin-g\/stilles-studium\/"},"author":{"name":"Vitamin G","@id":"https:\/\/blog.zhaw.ch\/vitamin-g\/#\/schema\/person\/d519fda9e57b30bd86cfa45d4da7fd0f"},"headline":"STILLES STUDIUM","datePublished":"2019-11-15T14:30:56+00:00","dateModified":"2022-04-11T15:43:57+00:00","mainEntityOfPage":{"@id":"https:\/\/blog.zhaw.ch\/vitamin-g\/stilles-studium\/"},"wordCount":1228,"commentCount":0,"image":{"@id":"https:\/\/blog.zhaw.ch\/vitamin-g\/stilles-studium\/#primaryimage"},"thumbnailUrl":"https:\/\/blog.zhaw.ch\/vitamin-g\/files\/2019\/11\/7-2019-stilles-studium-.jpg","articleSection":{"1":"Dossier","2":"Portrait","3":"Studium"},"inLanguage":"de","potentialAction":[{"@type":"CommentAction","name":"Comment","target":["https:\/\/blog.zhaw.ch\/vitamin-g\/stilles-studium\/#respond"]}]},{"@type":"WebPage","@id":"https:\/\/blog.zhaw.ch\/vitamin-g\/stilles-studium\/","url":"https:\/\/blog.zhaw.ch\/vitamin-g\/stilles-studium\/","name":"STILLES STUDIUM - Vitamin G \u2013 f\u00fcr Health Professionals mit Weitblick","isPartOf":{"@id":"https:\/\/blog.zhaw.ch\/vitamin-g\/#website"},"primaryImageOfPage":{"@id":"https:\/\/blog.zhaw.ch\/vitamin-g\/stilles-studium\/#primaryimage"},"image":{"@id":"https:\/\/blog.zhaw.ch\/vitamin-g\/stilles-studium\/#primaryimage"},"thumbnailUrl":"https:\/\/blog.zhaw.ch\/vitamin-g\/files\/2019\/11\/7-2019-stilles-studium-.jpg","datePublished":"2019-11-15T14:30:56+00:00","dateModified":"2022-04-11T15:43:57+00:00","author":{"@id":"https:\/\/blog.zhaw.ch\/vitamin-g\/#\/schema\/person\/d519fda9e57b30bd86cfa45d4da7fd0f"},"breadcrumb":{"@id":"https:\/\/blog.zhaw.ch\/vitamin-g\/stilles-studium\/#breadcrumb"},"inLanguage":"de","potentialAction":[{"@type":"ReadAction","target":["https:\/\/blog.zhaw.ch\/vitamin-g\/stilles-studium\/"]}]},{"@type":"ImageObject","inLanguage":"de","@id":"https:\/\/blog.zhaw.ch\/vitamin-g\/stilles-studium\/#primaryimage","url":"https:\/\/blog.zhaw.ch\/vitamin-g\/files\/2019\/11\/7-2019-stilles-studium-.jpg","contentUrl":"https:\/\/blog.zhaw.ch\/vitamin-g\/files\/2019\/11\/7-2019-stilles-studium-.jpg","width":643,"height":300},{"@type":"BreadcrumbList","@id":"https:\/\/blog.zhaw.ch\/vitamin-g\/stilles-studium\/#breadcrumb","itemListElement":[{"@type":"ListItem","position":1,"name":"Startseite","item":"https:\/\/blog.zhaw.ch\/vitamin-g\/"},{"@type":"ListItem","position":2,"name":"STILLES STUDIUM"}]},{"@type":"WebSite","@id":"https:\/\/blog.zhaw.ch\/vitamin-g\/#website","url":"https:\/\/blog.zhaw.ch\/vitamin-g\/","name":"Vitamin G \u2013 f\u00fcr Health Professionals mit Weitblick","description":"Ein Blog der ZHAW Z\u00fcrcher Hochschule f\u00fcr Angewandte Wissenschaften","potentialAction":[{"@type":"SearchAction","target":{"@type":"EntryPoint","urlTemplate":"https:\/\/blog.zhaw.ch\/vitamin-g\/?s={search_term_string}"},"query-input":{"@type":"PropertyValueSpecification","valueRequired":true,"valueName":"search_term_string"}}],"inLanguage":"de"},{"@type":"Person","@id":"https:\/\/blog.zhaw.ch\/vitamin-g\/#\/schema\/person\/d519fda9e57b30bd86cfa45d4da7fd0f","name":"Vitamin G","image":{"@type":"ImageObject","inLanguage":"de","@id":"https:\/\/secure.gravatar.com\/avatar\/01ab4b47045ffae2574da15e435b7215f291428d71fa161fb42d7a80d82f2977?s=96&d=mm&r=g","url":"https:\/\/secure.gravatar.com\/avatar\/01ab4b47045ffae2574da15e435b7215f291428d71fa161fb42d7a80d82f2977?s=96&d=mm&r=g","contentUrl":"https:\/\/secure.gravatar.com\/avatar\/01ab4b47045ffae2574da15e435b7215f291428d71fa161fb42d7a80d82f2977?s=96&d=mm&r=g","caption":"Vitamin G"},"url":"https:\/\/blog.zhaw.ch\/vitamin-g\/author\/lipu\/"}]}},"_links":{"self":[{"href":"https:\/\/blog.zhaw.ch\/vitamin-g\/wp-json\/wp\/v2\/posts\/1304","targetHints":{"allow":["GET"]}}],"collection":[{"href":"https:\/\/blog.zhaw.ch\/vitamin-g\/wp-json\/wp\/v2\/posts"}],"about":[{"href":"https:\/\/blog.zhaw.ch\/vitamin-g\/wp-json\/wp\/v2\/types\/post"}],"author":[{"embeddable":true,"href":"https:\/\/blog.zhaw.ch\/vitamin-g\/wp-json\/wp\/v2\/users\/305"}],"replies":[{"embeddable":true,"href":"https:\/\/blog.zhaw.ch\/vitamin-g\/wp-json\/wp\/v2\/comments?post=1304"}],"version-history":[{"count":6,"href":"https:\/\/blog.zhaw.ch\/vitamin-g\/wp-json\/wp\/v2\/posts\/1304\/revisions"}],"predecessor-version":[{"id":2046,"href":"https:\/\/blog.zhaw.ch\/vitamin-g\/wp-json\/wp\/v2\/posts\/1304\/revisions\/2046"}],"wp:featuredmedia":[{"embeddable":true,"href":"https:\/\/blog.zhaw.ch\/vitamin-g\/wp-json\/wp\/v2\/media\/1307"}],"wp:attachment":[{"href":"https:\/\/blog.zhaw.ch\/vitamin-g\/wp-json\/wp\/v2\/media?parent=1304"}],"wp:term":[{"taxonomy":"category","embeddable":true,"href":"https:\/\/blog.zhaw.ch\/vitamin-g\/wp-json\/wp\/v2\/categories?post=1304"},{"taxonomy":"post_tag","embeddable":true,"href":"https:\/\/blog.zhaw.ch\/vitamin-g\/wp-json\/wp\/v2\/tags?post=1304"},{"taxonomy":"features","embeddable":true,"href":"https:\/\/blog.zhaw.ch\/vitamin-g\/wp-json\/wp\/v2\/features?post=1304"}],"curies":[{"name":"wp","href":"https:\/\/api.w.org\/{rel}","templated":true}]}}