{"id":1230,"date":"2019-08-09T14:46:22","date_gmt":"2019-08-09T12:46:22","guid":{"rendered":"http:\/\/blog.zhaw.ch\/vitamin-g\/?p=1230"},"modified":"2022-04-11T17:45:37","modified_gmt":"2022-04-11T15:45:37","slug":"kommunikation-auf-augenhoehe-ist-wichtig","status":"publish","type":"post","link":"https:\/\/blog.zhaw.ch\/vitamin-g\/kommunikation-auf-augenhoehe-ist-wichtig\/","title":{"rendered":"\u00abKOMMUNIKATION AUF AUGENH\u00d6HE IST WICHTIG\u00bb"},"content":{"rendered":"\n<p><strong>Der Berufsverband der Schweizer \u00c4rztinnen und \u00c4rzte FMH begr\u00fcsst mehr Zusammenarbeit mit hoch qualifizierten Health Professionals. Dabei m\u00fcssten die Rahmenbedingungen stimmen, unterstreicht FMH-Vorstandsmitglied und Hausarzt Carlos Quinto.<\/strong><\/p>\n\n\n\n<!--more-->\n\n\n\n<p>VON SUSANNE WENGER <\/p>\n\n\n\n<p><strong><em>Herr Quinto, k\u00f6nnen Sie sich vorstellen, hier in Ihrer Gemeinschaftspraxis im l\u00e4ndlichen Baselbiet mit einer Pflegeexpertin \u2013 einer Advanced Practice Nurse APN \u2013 zusammenzuarbeiten? <\/em><\/strong><\/p>\n\n\n\n<p>Grunds\u00e4tzlich ja, vor allem bei \u00e4lteren Patientinnen und Patienten und solchen mit chronischen Erkrankungen. Ich mache Hausbesuche und gehe auch in Pflegeheimen vorbei. F\u00fcr diesen aufsuchenden Teil kann ich mir eine Aufgabenteilung mit einer APN durchaus vorstellen. Ich m\u00fcsste sie gut kennen und mich auf ihre Erfahrung und Kompetenz verlassen k\u00f6nnen. Im Moment w\u00e4re sie aber in unserer Praxis nicht gen\u00fcgend ausgelastet. <\/p>\n\n\n\n<p><strong><em>In einem FMH-Papier ist zu lesen, dass die \u00c4rzteschaft neuen interprofessionellen Versorgungsmodellen positiv gegen\u00fcbersteht. Warum braucht es diese aus Ihrer Sicht?<\/em><\/strong><\/p>\n\n\n\n<p>Weil die demografische Entwicklung das Gesundheitswesen vor neue Herausforderungen stellt. Die Zahl \u00e4lterer Menschen mit mehrfachem Unterst\u00fctzungsbedarf w\u00e4chst. Um die Versorgungsqualit\u00e4t zu sichern und unn\u00f6tige Mehrkosten zu vermeiden, sind Koordination und Zusammenarbeit angezeigt. Auch die Patientin, der Patient selber und die Angeh\u00f6rigen sind als Teil des Versorgungsteams zu betrachten. Wie eine solche integrierte Versorgung aussehen k\u00f6nnte, wird im Kanton Basel-Landschaft derzeit im Projekt \u00abInspire\u00bb erforscht, unter Leitung einer Pflegewissenschaftlerin. Da sind auch wir \u00c4rztinnen und \u00c4rzte an Bord. Kommt dazu: Der Haus\u00e4rztemangel wird in der Schweiz noch einige Jahre sp\u00fcrbar bleiben und 2025 seinen H\u00f6hepunkt erreichen. Vor allem l\u00e4ndliche Gebiete und Randregionen sind betroffen.<\/p>\n\n\n\n<p><strong><em>Nicht\u00e4rztliche Gesundheitsfachkr\u00e4fte mit erweiterten Kompetenzen k\u00f6nnten also den \u00c4rztemangel in der ambulanten Grundversorgung auffangen helfen?<\/em><\/strong><\/p>\n\n\n\n<p>Ja, als eine von verschiedenen Massnahmen, je nach Versorgungssituation, Tarifstruktur und Patienten vor Ort. Es gibt nicht ein Modell, das f\u00fcr alle Regionen passt. Der Kanton Uri mit geringer \u00c4rztedichte und grossen Distanzen testet gerade den Einsatz von APN. Wie genau sich Health Professionals mit MasterAbschl\u00fcssen ins Gesundheitssystem einf\u00fcgen, muss zuerst gepr\u00fcft und entwickelt werden. In der ambulanten Grundversorgung ist ein struktureller Wandel im Gang. F\u00fcr Einzelpraxen finden sich kaum mehr Nachfolger. Viele \u00c4rztinnen und \u00c4rzte wollen in Gruppenpraxen Teilzeit arbeiten. Zu gross d\u00fcrfen die Teams aber nicht sein. \u00c4ltere Menschen mit mehreren chronischen Erkrankungen wollen nicht jedes Mal von jemand anderem behandelt werden. Sie sch\u00e4tzen Beziehungskonstanz.<\/p>\n\n\n\n<p><strong><em>Health Professionals mit erweiterten Kompetenzen k\u00f6nnen Aufgaben \u00fcbernehmen, die ins urspr\u00fcnglich \u00e4rztliche Gebiet hineinreichen. Stimmen Sie zu?<\/em><\/strong><\/p>\n\n\n\n<p>Wenn Diagnose und Therapierahmen feststehen und ein chronisch kranker Patient einigermassen stabil ist, m\u00fcsste ich ihn tats\u00e4chlich nicht jedes Mal selber sehen. In der Praxis k\u00f6nnten in erster Linie medizinische Praxisassistentinnen, die sich zur medizinischen Praxiskoordinatorin klinischer Richtung MPK weitergebildet haben, Aufgaben \u00fcbernehmen. Das w\u00e4re am g\u00fcnstigsten, vorausgesetzt, im Tarif werden entsprechende Positionen vorhanden sein. Geht es vor allem um pflegerische Aspekte, sind ohnehin die Pflegenden die kompetenten Ansprechpersonen. Nach dem Gesetz muss ich als Arzt minuti\u00f6s erfasste Pflegeleistungen und -stufen in Heimen visieren, was unsinnig ist. Die Pflege sollte dies eigenverantwortlich tun k\u00f6nnen. Die FMH unterst\u00fctzt die Pflegeinitiative, die das verlangt. <\/p>\n\n\n\n<p><strong><em>Wie schwer f\u00e4llt es den \u00c4rzten, Aufgaben abzugeben und die traditionellen Hierarchien im Gesundheitswesen hinter sich zu lassen?<\/em><\/strong><\/p>\n\n\n\n<p>Das h\u00e4ngt von der Pers\u00f6nlichkeit und dem Behandlungssetting ab. Ein St\u00fcck weit ist es auch eine Generationenfrage. In der Praxis tendieren wir zu flacheren Hierarchien. In gewissen station\u00e4ren Settings geht es hierarchischer zu und her. Das hat auch mit den Aufgaben dort zu tun, gerade im Akutbereich, wo das Tempo hoch ist. Ich selbst absolvierte einen Teil meiner Ausbildung in den Niederlanden. Dort bekam ich mit, wie selbstverst\u00e4ndlich interprofessionelle Teams funktionieren k\u00f6nnen: kleine, konstante Teams, die respekt  voll kommunizieren, die Sichtweise der anderen Profession w\u00fcrdigen und deren K\u00f6nnen vertrauen. Und die \u00fcberzeugt sind, mit vereinten Kr\u00e4ften das beste Resultat f\u00fcr den Patienten zu erzielen.<\/p>\n\n\n\n<p><strong><em>Dennoch sieht die FMH bei der Aufgabenteilung mit den Gesundheitsberufen offenbar Grenzen.<\/em><\/strong><\/p>\n\n\n\n<p>Verantwortung und Haftung liegen immer noch bei den \u00c4rztinnen und \u00c4rzten. Daher finden wir es sinnvoll, dass die F\u00e4den auch bei ihnen zusammenlaufen. Dies besonders bei medizinisch komplexen Patienten mit mehreren Erkrankungen, die es zu managen gilt. Je nach Problematik, die bei einem Patienten gerade im Vordergrund steht, k\u00f6nnen aber andere Professionen nach Absprache tempor\u00e4r den Lead \u00fcbernehmen \u2013 von der Pflege \u00fcber die Soziale Arbeit bis zur Psychologin und weiteren Medizinal- und Gesundheitsberufen. Wichtig ist Kommunikation auf Augenh\u00f6he, damit die Informationen fliessen. Dabei m\u00fcssen spontane, informelle Absprachen m\u00f6glich sein. Interprofessionelle Zusammenarbeit kann nicht top-down verordnet und sie darf nicht \u00fcberreguliert werden. Was wirklich niemand im Gesundheitswesen braucht, ist noch mehr sinnlose Administration.<\/p>\n\n\n\n<p><strong><em>Wie muss sich das Gesundheitswesen ver\u00e4ndern, damit neue Versorgungsmodelle gelingen?<\/em><\/strong><\/p>\n\n\n\n<p>Interprofessionalit\u00e4t beginnt in der Ausbildung, das ist sicher noch ausbauf\u00e4hig. In der Praxis braucht sie Zeit, die abgegolten werden muss. Den \u00c4rzten wird seit 2018 pro Patient und Quartal gerade mal noch eine halbe Stunde f\u00fcr s\u00e4mtliche Koordinationsleistungen zugestanden. In den Tarifsystemen nicht\u00e4rztlicher Berufe gibt es daf\u00fcr offenbar gar keine klaren Positionen. Im Bildungssystem qualifizieren wir Gesundheitsberufe h\u00f6her, bilden das aber noch nicht in den Tarifsystemen ab. Das ist ein \u00f6konomisches Unding. Zumal ja unter dem Strich von einer kostend\u00e4mpfenden Wirkung auszugehen w\u00e4re. Health Professionals mit erweiterten Kompetenzen konnten bisher gar nicht richtig durchstarten. Der Experimentierartikel w\u00fcrde hier die Chance bieten, innovative Versorgungsmodelle in Kantonen und Regionen zu testen. Allerdings entstehen nur dann brauchbare L\u00f6sungen, wenn alle involvierten Berufsleute ad\u00e4quat partizipieren. \/\/ <\/p>\n\n\n\n<p><a href=\"https:\/\/www.zhaw.ch\/storage\/gesundheit\/ueber-uns\/medien-news\/vitamin-g\/vitamin-g-nr6-2016-zhaw-gesundheit.pdf#page=12\">\u00abVitamin G\u00bb,&nbsp;Seite 12-13<\/a><\/p>\n\n\n\n<hr class=\"wp-block-separator is-style-wide\" \/>\n\n\n\n<p> <strong>Carlos Quinto<\/strong> ist Facharzt f\u00fcr Allgemeine Innere Medizin und in einer Gemeinschaftspraxis in Pfeffingen (BL) t\u00e4tig. Der 53-J\u00e4hrige hat zudem einen Lehrauftrag am Universit\u00e4ren Zentrum f\u00fcr Hausarztmedizin beider Basel inne. Im FMH-Zentralvorstand, in dem er seit 2016 Mitglied ist, betreut er das Dossier Public Health und Gesundheitsberufe. <\/p>\n\n\n\n<hr class=\"wp-block-separator is-style-wide\" \/>\n\n\n\n<h3 class=\"wp-block-heading\">WEITERE INFORMATIONEN<\/h3>\n\n\n\n<ul class=\"wp-block-list\"><li><a href=\"http:\/\/www.swiss-anp.ch\">Interessengruppe Swiss Advanced Nursing Practice<\/a> <\/li><li><a href=\"https:\/\/www.nzz.ch\/schweiz\/erfolgsprojekt-clinical-nurses-die-viertelgoettinnen-in-weiss-ld.16931\">Die Viertelg\u00f6ttinnen in Weiss \u2013 Artikel in der NZZ \u00fcber die Clinical Nurses am KSW<\/a><\/li><li><a href=\"https:\/\/saez.ch\/article\/doi\/saez.2018.17276\">Schweizerische \u00c4rztezeitung \u2013 Interprofessionelle Zusammenarbeit aus Qualit\u00e4tssicht (Grundlagenpapier des \u00c4rzteverbands FMH)<\/a><\/li><li><a href=\"https:\/\/www.fmh.ch\/files\/pdf22\/interprofessionalitt_-_position_des_zentralvorstands.pdf\">Interprofessionalit\u00e4t \u2013 Positionspapier des Zentralvorstands des \u00c4rzteverbandes FMH (PDF)<\/a> <\/li><\/ul>\n\n\n\n<h2 class=\"wp-block-heading\" id=\"h-magazin-vitamin-g-fur-health-professionals-mit-weitblick\"><strong>Magazin \u00abVitamin G \u2013 f\u00fcr Health Professionals mit Weitblick\u00bb<\/strong><\/h2>\n\n\n\n<ul class=\"wp-block-list\">\n<li><a href=\"https:\/\/www.zhaw.ch\/de\/gesundheit\/ueber-uns\/medien\/magazin-vitamin-g\/\">\u00abVitamin G\u00bb bestellen<\/a><\/li>\n\n\n\n<li><a href=\"https:\/\/www.zhaw.ch\/storage\/gesundheit\/ueber-uns\/medien-news\/vitamin-g\/vitaming-19-2025-ds-zhaw-gesundheit.pdf\">Aktuelles \u00abVitamin G\u00bb als PDF lesen<\/a><\/li>\n\n\n\n<li><a href=\"https:\/\/www.zhaw.ch\/de\/gesundheit\/ueber-uns\/medien\/magazin-vitamin-g\/#c16801\">Bisher erschienene Ausgaben<\/a><\/li>\n<\/ul>\n","protected":false},"excerpt":{"rendered":"<p>Der Berufsverband der Schweizer \u00c4rztinnen und \u00c4rzte FMH begr\u00fcsst mehr Zusammenarbeit mit hoch qualifizierten Health Professionals. Dabei m\u00fcssten die Rahmenbedingungen stimmen, unterstreicht FMH-Vorstandsmitglied und Hausarzt Carlos Quinto.<\/p>\n","protected":false},"author":303,"featured_media":1911,"comment_status":"open","ping_status":"open","sticky":false,"template":"","format":"standard","meta":{"ngg_post_thumbnail":0,"footnotes":""},"categories":[1,6,5],"tags":[],"features":[],"class_list":["post-1230","post","type-post","status-publish","format-standard","has-post-thumbnail","hentry","category-allgemein","category-dossier","category-portrait"],"yoast_head":"<!-- This site is optimized with the Yoast SEO Premium plugin v27.2 (Yoast SEO v27.2) - https:\/\/yoast.com\/product\/yoast-seo-premium-wordpress\/ -->\n<title>\u00abKOMMUNIKATION AUF AUGENH\u00d6HE IST WICHTIG\u00bb - Vitamin G \u2013 f\u00fcr Health Professionals mit Weitblick<\/title>\n<meta name=\"robots\" content=\"index, follow, max-snippet:-1, max-image-preview:large, max-video-preview:-1\" \/>\n<link rel=\"canonical\" href=\"https:\/\/blog.zhaw.ch\/vitamin-g\/kommunikation-auf-augenhoehe-ist-wichtig\/\" \/>\n<meta property=\"og:locale\" content=\"de_DE\" \/>\n<meta property=\"og:type\" content=\"article\" \/>\n<meta property=\"og:title\" content=\"\u00abKOMMUNIKATION AUF AUGENH\u00d6HE IST WICHTIG\u00bb\" \/>\n<meta property=\"og:description\" content=\"Der Berufsverband der Schweizer \u00c4rztinnen und \u00c4rzte FMH begr\u00fcsst mehr Zusammenarbeit mit hoch qualifizierten Health Professionals. Dabei m\u00fcssten die Rahmenbedingungen stimmen, unterstreicht FMH-Vorstandsmitglied und Hausarzt Carlos Quinto.\" \/>\n<meta property=\"og:url\" content=\"https:\/\/blog.zhaw.ch\/vitamin-g\/kommunikation-auf-augenhoehe-ist-wichtig\/\" \/>\n<meta property=\"og:site_name\" content=\"Vitamin G \u2013 f\u00fcr Health Professionals mit Weitblick\" \/>\n<meta property=\"article:published_time\" content=\"2019-08-09T12:46:22+00:00\" \/>\n<meta property=\"article:modified_time\" content=\"2022-04-11T15:45:37+00:00\" \/>\n<meta property=\"og:image\" content=\"https:\/\/blog.zhaw.ch\/vitamin-g\/files\/2019\/08\/2019-6-komm-auf-augenhoehe.jpg\" \/>\n\t<meta property=\"og:image:width\" content=\"2000\" \/>\n\t<meta property=\"og:image:height\" content=\"1000\" \/>\n\t<meta property=\"og:image:type\" content=\"image\/jpeg\" \/>\n<meta name=\"author\" content=\"Vitamin G\" \/>\n<meta name=\"twitter:card\" content=\"summary_large_image\" \/>\n<meta name=\"twitter:label1\" content=\"Verfasst von\" \/>\n\t<meta name=\"twitter:data1\" content=\"Vitamin G\" \/>\n\t<meta name=\"twitter:label2\" content=\"Gesch\u00e4tzte Lesezeit\" \/>\n\t<meta name=\"twitter:data2\" content=\"5\u00a0Minuten\" \/>\n<script type=\"application\/ld+json\" class=\"yoast-schema-graph\">{\"@context\":\"https:\/\/schema.org\",\"@graph\":[{\"@type\":\"Article\",\"@id\":\"https:\/\/blog.zhaw.ch\/vitamin-g\/kommunikation-auf-augenhoehe-ist-wichtig\/#article\",\"isPartOf\":{\"@id\":\"https:\/\/blog.zhaw.ch\/vitamin-g\/kommunikation-auf-augenhoehe-ist-wichtig\/\"},\"author\":{\"name\":\"Vitamin G\",\"@id\":\"https:\/\/blog.zhaw.ch\/vitamin-g\/#\/schema\/person\/c40eef1fd6b5c80a87a5ab6f21a50cc1\"},\"headline\":\"\u00abKOMMUNIKATION AUF AUGENH\u00d6HE IST WICHTIG\u00bb\",\"datePublished\":\"2019-08-09T12:46:22+00:00\",\"dateModified\":\"2022-04-11T15:45:37+00:00\",\"mainEntityOfPage\":{\"@id\":\"https:\/\/blog.zhaw.ch\/vitamin-g\/kommunikation-auf-augenhoehe-ist-wichtig\/\"},\"wordCount\":1030,\"commentCount\":0,\"image\":{\"@id\":\"https:\/\/blog.zhaw.ch\/vitamin-g\/kommunikation-auf-augenhoehe-ist-wichtig\/#primaryimage\"},\"thumbnailUrl\":\"https:\/\/blog.zhaw.ch\/vitamin-g\/files\/2019\/08\/2019-6-komm-auf-augenhoehe.jpg\",\"articleSection\":{\"1\":\"Dossier\",\"2\":\"Portrait\"},\"inLanguage\":\"de\",\"potentialAction\":[{\"@type\":\"CommentAction\",\"name\":\"Comment\",\"target\":[\"https:\/\/blog.zhaw.ch\/vitamin-g\/kommunikation-auf-augenhoehe-ist-wichtig\/#respond\"]}]},{\"@type\":\"WebPage\",\"@id\":\"https:\/\/blog.zhaw.ch\/vitamin-g\/kommunikation-auf-augenhoehe-ist-wichtig\/\",\"url\":\"https:\/\/blog.zhaw.ch\/vitamin-g\/kommunikation-auf-augenhoehe-ist-wichtig\/\",\"name\":\"\u00abKOMMUNIKATION AUF AUGENH\u00d6HE IST WICHTIG\u00bb - Vitamin G \u2013 f\u00fcr Health Professionals mit Weitblick\",\"isPartOf\":{\"@id\":\"https:\/\/blog.zhaw.ch\/vitamin-g\/#website\"},\"primaryImageOfPage\":{\"@id\":\"https:\/\/blog.zhaw.ch\/vitamin-g\/kommunikation-auf-augenhoehe-ist-wichtig\/#primaryimage\"},\"image\":{\"@id\":\"https:\/\/blog.zhaw.ch\/vitamin-g\/kommunikation-auf-augenhoehe-ist-wichtig\/#primaryimage\"},\"thumbnailUrl\":\"https:\/\/blog.zhaw.ch\/vitamin-g\/files\/2019\/08\/2019-6-komm-auf-augenhoehe.jpg\",\"datePublished\":\"2019-08-09T12:46:22+00:00\",\"dateModified\":\"2022-04-11T15:45:37+00:00\",\"author\":{\"@id\":\"https:\/\/blog.zhaw.ch\/vitamin-g\/#\/schema\/person\/c40eef1fd6b5c80a87a5ab6f21a50cc1\"},\"breadcrumb\":{\"@id\":\"https:\/\/blog.zhaw.ch\/vitamin-g\/kommunikation-auf-augenhoehe-ist-wichtig\/#breadcrumb\"},\"inLanguage\":\"de\",\"potentialAction\":[{\"@type\":\"ReadAction\",\"target\":[\"https:\/\/blog.zhaw.ch\/vitamin-g\/kommunikation-auf-augenhoehe-ist-wichtig\/\"]}]},{\"@type\":\"ImageObject\",\"inLanguage\":\"de\",\"@id\":\"https:\/\/blog.zhaw.ch\/vitamin-g\/kommunikation-auf-augenhoehe-ist-wichtig\/#primaryimage\",\"url\":\"https:\/\/blog.zhaw.ch\/vitamin-g\/files\/2019\/08\/2019-6-komm-auf-augenhoehe.jpg\",\"contentUrl\":\"https:\/\/blog.zhaw.ch\/vitamin-g\/files\/2019\/08\/2019-6-komm-auf-augenhoehe.jpg\",\"width\":2000,\"height\":1000},{\"@type\":\"BreadcrumbList\",\"@id\":\"https:\/\/blog.zhaw.ch\/vitamin-g\/kommunikation-auf-augenhoehe-ist-wichtig\/#breadcrumb\",\"itemListElement\":[{\"@type\":\"ListItem\",\"position\":1,\"name\":\"Startseite\",\"item\":\"https:\/\/blog.zhaw.ch\/vitamin-g\/\"},{\"@type\":\"ListItem\",\"position\":2,\"name\":\"\u00abKOMMUNIKATION AUF AUGENH\u00d6HE IST WICHTIG\u00bb\"}]},{\"@type\":\"WebSite\",\"@id\":\"https:\/\/blog.zhaw.ch\/vitamin-g\/#website\",\"url\":\"https:\/\/blog.zhaw.ch\/vitamin-g\/\",\"name\":\"Vitamin G \u2013 f\u00fcr Health Professionals mit Weitblick\",\"description\":\"Ein Blog der ZHAW Z\u00fcrcher Hochschule f\u00fcr Angewandte Wissenschaften\",\"potentialAction\":[{\"@type\":\"SearchAction\",\"target\":{\"@type\":\"EntryPoint\",\"urlTemplate\":\"https:\/\/blog.zhaw.ch\/vitamin-g\/?s={search_term_string}\"},\"query-input\":{\"@type\":\"PropertyValueSpecification\",\"valueRequired\":true,\"valueName\":\"search_term_string\"}}],\"inLanguage\":\"de\"},{\"@type\":\"Person\",\"@id\":\"https:\/\/blog.zhaw.ch\/vitamin-g\/#\/schema\/person\/c40eef1fd6b5c80a87a5ab6f21a50cc1\",\"name\":\"Vitamin G\",\"image\":{\"@type\":\"ImageObject\",\"inLanguage\":\"de\",\"@id\":\"https:\/\/secure.gravatar.com\/avatar\/98f5da1c92db080b7a9598ea470459f2dfc333ede5e4b0779b146129ec54cb34?s=96&d=mm&r=g\",\"url\":\"https:\/\/secure.gravatar.com\/avatar\/98f5da1c92db080b7a9598ea470459f2dfc333ede5e4b0779b146129ec54cb34?s=96&d=mm&r=g\",\"contentUrl\":\"https:\/\/secure.gravatar.com\/avatar\/98f5da1c92db080b7a9598ea470459f2dfc333ede5e4b0779b146129ec54cb34?s=96&d=mm&r=g\",\"caption\":\"Vitamin G\"},\"url\":\"https:\/\/blog.zhaw.ch\/vitamin-g\/author\/funp\/\"}]}<\/script>\n<!-- \/ Yoast SEO Premium plugin. -->","yoast_head_json":{"title":"\u00abKOMMUNIKATION AUF AUGENH\u00d6HE IST WICHTIG\u00bb - Vitamin G \u2013 f\u00fcr Health Professionals mit Weitblick","robots":{"index":"index","follow":"follow","max-snippet":"max-snippet:-1","max-image-preview":"max-image-preview:large","max-video-preview":"max-video-preview:-1"},"canonical":"https:\/\/blog.zhaw.ch\/vitamin-g\/kommunikation-auf-augenhoehe-ist-wichtig\/","og_locale":"de_DE","og_type":"article","og_title":"\u00abKOMMUNIKATION AUF AUGENH\u00d6HE IST WICHTIG\u00bb","og_description":"Der Berufsverband der Schweizer \u00c4rztinnen und \u00c4rzte FMH begr\u00fcsst mehr Zusammenarbeit mit hoch qualifizierten Health Professionals. Dabei m\u00fcssten die Rahmenbedingungen stimmen, unterstreicht FMH-Vorstandsmitglied und Hausarzt Carlos Quinto.","og_url":"https:\/\/blog.zhaw.ch\/vitamin-g\/kommunikation-auf-augenhoehe-ist-wichtig\/","og_site_name":"Vitamin G \u2013 f\u00fcr Health Professionals mit Weitblick","article_published_time":"2019-08-09T12:46:22+00:00","article_modified_time":"2022-04-11T15:45:37+00:00","og_image":[{"width":2000,"height":1000,"url":"https:\/\/blog.zhaw.ch\/vitamin-g\/files\/2019\/08\/2019-6-komm-auf-augenhoehe.jpg","type":"image\/jpeg"}],"author":"Vitamin G","twitter_card":"summary_large_image","twitter_misc":{"Verfasst von":"Vitamin G","Gesch\u00e4tzte Lesezeit":"5\u00a0Minuten"},"schema":{"@context":"https:\/\/schema.org","@graph":[{"@type":"Article","@id":"https:\/\/blog.zhaw.ch\/vitamin-g\/kommunikation-auf-augenhoehe-ist-wichtig\/#article","isPartOf":{"@id":"https:\/\/blog.zhaw.ch\/vitamin-g\/kommunikation-auf-augenhoehe-ist-wichtig\/"},"author":{"name":"Vitamin G","@id":"https:\/\/blog.zhaw.ch\/vitamin-g\/#\/schema\/person\/c40eef1fd6b5c80a87a5ab6f21a50cc1"},"headline":"\u00abKOMMUNIKATION AUF AUGENH\u00d6HE IST WICHTIG\u00bb","datePublished":"2019-08-09T12:46:22+00:00","dateModified":"2022-04-11T15:45:37+00:00","mainEntityOfPage":{"@id":"https:\/\/blog.zhaw.ch\/vitamin-g\/kommunikation-auf-augenhoehe-ist-wichtig\/"},"wordCount":1030,"commentCount":0,"image":{"@id":"https:\/\/blog.zhaw.ch\/vitamin-g\/kommunikation-auf-augenhoehe-ist-wichtig\/#primaryimage"},"thumbnailUrl":"https:\/\/blog.zhaw.ch\/vitamin-g\/files\/2019\/08\/2019-6-komm-auf-augenhoehe.jpg","articleSection":{"1":"Dossier","2":"Portrait"},"inLanguage":"de","potentialAction":[{"@type":"CommentAction","name":"Comment","target":["https:\/\/blog.zhaw.ch\/vitamin-g\/kommunikation-auf-augenhoehe-ist-wichtig\/#respond"]}]},{"@type":"WebPage","@id":"https:\/\/blog.zhaw.ch\/vitamin-g\/kommunikation-auf-augenhoehe-ist-wichtig\/","url":"https:\/\/blog.zhaw.ch\/vitamin-g\/kommunikation-auf-augenhoehe-ist-wichtig\/","name":"\u00abKOMMUNIKATION AUF AUGENH\u00d6HE IST WICHTIG\u00bb - Vitamin G \u2013 f\u00fcr Health Professionals mit Weitblick","isPartOf":{"@id":"https:\/\/blog.zhaw.ch\/vitamin-g\/#website"},"primaryImageOfPage":{"@id":"https:\/\/blog.zhaw.ch\/vitamin-g\/kommunikation-auf-augenhoehe-ist-wichtig\/#primaryimage"},"image":{"@id":"https:\/\/blog.zhaw.ch\/vitamin-g\/kommunikation-auf-augenhoehe-ist-wichtig\/#primaryimage"},"thumbnailUrl":"https:\/\/blog.zhaw.ch\/vitamin-g\/files\/2019\/08\/2019-6-komm-auf-augenhoehe.jpg","datePublished":"2019-08-09T12:46:22+00:00","dateModified":"2022-04-11T15:45:37+00:00","author":{"@id":"https:\/\/blog.zhaw.ch\/vitamin-g\/#\/schema\/person\/c40eef1fd6b5c80a87a5ab6f21a50cc1"},"breadcrumb":{"@id":"https:\/\/blog.zhaw.ch\/vitamin-g\/kommunikation-auf-augenhoehe-ist-wichtig\/#breadcrumb"},"inLanguage":"de","potentialAction":[{"@type":"ReadAction","target":["https:\/\/blog.zhaw.ch\/vitamin-g\/kommunikation-auf-augenhoehe-ist-wichtig\/"]}]},{"@type":"ImageObject","inLanguage":"de","@id":"https:\/\/blog.zhaw.ch\/vitamin-g\/kommunikation-auf-augenhoehe-ist-wichtig\/#primaryimage","url":"https:\/\/blog.zhaw.ch\/vitamin-g\/files\/2019\/08\/2019-6-komm-auf-augenhoehe.jpg","contentUrl":"https:\/\/blog.zhaw.ch\/vitamin-g\/files\/2019\/08\/2019-6-komm-auf-augenhoehe.jpg","width":2000,"height":1000},{"@type":"BreadcrumbList","@id":"https:\/\/blog.zhaw.ch\/vitamin-g\/kommunikation-auf-augenhoehe-ist-wichtig\/#breadcrumb","itemListElement":[{"@type":"ListItem","position":1,"name":"Startseite","item":"https:\/\/blog.zhaw.ch\/vitamin-g\/"},{"@type":"ListItem","position":2,"name":"\u00abKOMMUNIKATION AUF AUGENH\u00d6HE IST WICHTIG\u00bb"}]},{"@type":"WebSite","@id":"https:\/\/blog.zhaw.ch\/vitamin-g\/#website","url":"https:\/\/blog.zhaw.ch\/vitamin-g\/","name":"Vitamin G \u2013 f\u00fcr Health Professionals mit Weitblick","description":"Ein Blog der ZHAW Z\u00fcrcher Hochschule f\u00fcr Angewandte Wissenschaften","potentialAction":[{"@type":"SearchAction","target":{"@type":"EntryPoint","urlTemplate":"https:\/\/blog.zhaw.ch\/vitamin-g\/?s={search_term_string}"},"query-input":{"@type":"PropertyValueSpecification","valueRequired":true,"valueName":"search_term_string"}}],"inLanguage":"de"},{"@type":"Person","@id":"https:\/\/blog.zhaw.ch\/vitamin-g\/#\/schema\/person\/c40eef1fd6b5c80a87a5ab6f21a50cc1","name":"Vitamin G","image":{"@type":"ImageObject","inLanguage":"de","@id":"https:\/\/secure.gravatar.com\/avatar\/98f5da1c92db080b7a9598ea470459f2dfc333ede5e4b0779b146129ec54cb34?s=96&d=mm&r=g","url":"https:\/\/secure.gravatar.com\/avatar\/98f5da1c92db080b7a9598ea470459f2dfc333ede5e4b0779b146129ec54cb34?s=96&d=mm&r=g","contentUrl":"https:\/\/secure.gravatar.com\/avatar\/98f5da1c92db080b7a9598ea470459f2dfc333ede5e4b0779b146129ec54cb34?s=96&d=mm&r=g","caption":"Vitamin G"},"url":"https:\/\/blog.zhaw.ch\/vitamin-g\/author\/funp\/"}]}},"_links":{"self":[{"href":"https:\/\/blog.zhaw.ch\/vitamin-g\/wp-json\/wp\/v2\/posts\/1230","targetHints":{"allow":["GET"]}}],"collection":[{"href":"https:\/\/blog.zhaw.ch\/vitamin-g\/wp-json\/wp\/v2\/posts"}],"about":[{"href":"https:\/\/blog.zhaw.ch\/vitamin-g\/wp-json\/wp\/v2\/types\/post"}],"author":[{"embeddable":true,"href":"https:\/\/blog.zhaw.ch\/vitamin-g\/wp-json\/wp\/v2\/users\/303"}],"replies":[{"embeddable":true,"href":"https:\/\/blog.zhaw.ch\/vitamin-g\/wp-json\/wp\/v2\/comments?post=1230"}],"version-history":[{"count":11,"href":"https:\/\/blog.zhaw.ch\/vitamin-g\/wp-json\/wp\/v2\/posts\/1230\/revisions"}],"predecessor-version":[{"id":2050,"href":"https:\/\/blog.zhaw.ch\/vitamin-g\/wp-json\/wp\/v2\/posts\/1230\/revisions\/2050"}],"wp:featuredmedia":[{"embeddable":true,"href":"https:\/\/blog.zhaw.ch\/vitamin-g\/wp-json\/wp\/v2\/media\/1911"}],"wp:attachment":[{"href":"https:\/\/blog.zhaw.ch\/vitamin-g\/wp-json\/wp\/v2\/media?parent=1230"}],"wp:term":[{"taxonomy":"category","embeddable":true,"href":"https:\/\/blog.zhaw.ch\/vitamin-g\/wp-json\/wp\/v2\/categories?post=1230"},{"taxonomy":"post_tag","embeddable":true,"href":"https:\/\/blog.zhaw.ch\/vitamin-g\/wp-json\/wp\/v2\/tags?post=1230"},{"taxonomy":"features","embeddable":true,"href":"https:\/\/blog.zhaw.ch\/vitamin-g\/wp-json\/wp\/v2\/features?post=1230"}],"curies":[{"name":"wp","href":"https:\/\/api.w.org\/{rel}","templated":true}]}}