{"id":1218,"date":"2019-07-23T16:59:24","date_gmt":"2019-07-23T14:59:24","guid":{"rendered":"http:\/\/blog.zhaw.ch\/vitamin-g\/?p=1218"},"modified":"2022-04-11T17:46:01","modified_gmt":"2022-04-11T15:46:01","slug":"mit-eigeninitiative-den-beruf-weiterbringen","status":"publish","type":"post","link":"https:\/\/blog.zhaw.ch\/vitamin-g\/mit-eigeninitiative-den-beruf-weiterbringen\/","title":{"rendered":"MIT EIGENINITIATIVE DEN BERUF WEITERBRINGEN"},"content":{"rendered":"\n<p><strong>Um arbeitsbedingte Beschwerden an der oberen Extremit\u00e4t nachhaltig zu behandeln, haben die Ergotherapeutinnen Barbara Aegler und Jacqueline B\u00fcrki ein eigenes Konzept erarbeitet. Sie schliessen damit eine L\u00fccke in der Versorgung und entwickeln die Ergotherapie im Sinne der Advanced Practice weiter.<\/strong><\/p>\n\n\n\n<!--more-->\n\n\n\n<p>VON EVELINE RUTZ <\/p>\n\n\n\n<p> Wer viel am Computer arbeitet, dabei eine ung\u00fcnstige Haltung einnimmt und stark unter Druck steht, ist gef\u00e4hrdet. Aber auch bei Menschen, die praktisch arbeiten, wie Landschaftsg\u00e4rtnerinnen, K\u00f6che oder Coiffeusen, k\u00f6nnen sich Schmerzen im Nacken, in den Schultern, Armen und H\u00e4nden entwickeln. Laut dem Bundesamt f\u00fcr Statistik sind solche Beschwerden der dritth\u00e4ufigste Grund, warum Menschen der Arbeit fernbleiben. \u00abWir haben in unseren Praxen sehr viele Patienten mit arbeitsbedingten \u00dcberlastungssyndromen\u00bb, sagt Barbara Aegler. \u00abIhre Zahl hat in den letzten Jahren deutlich zugenommen\u00bb, erg\u00e4nzt Jacqueline B\u00fcrki.<br>Die beiden Ergotherapeutinnen, die sich \u00fcber den Berufsverband kennengelernt haben, verfolgen bei arbeitsbedingten Beschwerden der oberen Extremit\u00e4t \u2013 sogenannten work related upper extremity disorders (WRUED) \u2013 einen eigenen Therapieansatz. Mit ihrem Konzept \u00abSOS \u2013 Selbstwirksam ohne Schmerz\u00bb setzen sie stark auf Partizipation. Sie wollen ihre Patienten dazu bef\u00e4higen, f\u00fcr ihre Gesundheit sowie belastende Lebensumst\u00e4nde L\u00f6sungen und Strategien zu erkennen und umzusetzen; sie sollen sich aus der Opferrolle befreien und Verantwortung f\u00fcr ihren Weg \u00fcbernehmen. Die Therapeutinnen stehen ihnen dabei als unabh\u00e4ngige Sparringpartnerinnen zur Seite.<br>Dabei behandeln sie nicht nur die funktionellen Beschwerden der Betroffenen, sondern beziehen berufliche und famili\u00e4re Faktoren ein. Je nachdem setzen sie Massnahmen zur beruflichen Integration um, agieren als Jobcoaches und erweitern damit ihre Berufspraxis. Nur so k\u00f6nne man der Problematik umfassend gerecht werden und langfristig etwas bewirken, sagen sie.<\/p>\n\n\n\n<h2 class=\"wp-block-heading\">Unternehmerinnen, die \u00dcbersetzungsarbeit leisten <\/h2>\n\n\n\n<p>Jacqueline B\u00fcrki und Barbara Aegler verstehen ihre T\u00e4tigkeit als Advanced Practice. \u00abWir bringen neues Wissen aus der  internationalen Gesundheitsforschung in unsere praktische Arbeit ein\u00bb, sagt Aegler, Inhaberin der Praxis f\u00fcr Handrehabilitation und Ergotherapie in Z\u00fcrich. Sie leisteten \u00dcbersetzungsarbeit, indem sie die Erkenntnisse im Schweizer Gesundheitswesen und im Arbeitsalltag umsetzten. Dabei stelle sich auch die Frage, welche Rolle den Fachleuten der Ergotherapie zukomme. Projekte wie das \u00abSOS\u00bb-Konzept br\u00e4chten den Beruf weiter und w\u00fcrden zu einem attraktiven Arbeitsumfeld beitragen.<br>\u00abWir sind Unternehmerinnen und gehen eine L\u00fccke in der Versorgung an\u00bb, erg\u00e4nzt Jacqueline B\u00fcrki, Inhaberin der Praxen f\u00fcr Ergotherapie ergobern Bern und ergoteam Murten sowie Leiterin des Tageszentrums f\u00fcr hirnverletzte Menschen rehapunkt in Bern. Sie eigneten sich zus\u00e4tzliches Wissen an, \u00fcbern\u00e4hmen neue Aufgaben und evaluierten ihre Arbeit. Die Ergotherapeutinnen haben f\u00fcr ihren Ansatz ein Logo entwickelt und gehen dessen Vermarktung gezielt an, indem sie in Fachmagazinen publizieren, referieren und Workshops durchf\u00fchren. Sie haben das Konzept unter anderem am letztj\u00e4hrigen Kongress der Schweizerischen Gesellschaften f\u00fcr Handchirurgie und -rehabilitation vorgestellt und werden es im Juni am internationalen Handkongress in Berlin pr\u00e4sentieren. \u00abEs ist sch\u00f6n, dass es auf Interesse st\u00f6sst\u00bb, freuen sie sich. Die beiden Frauen w\u00fcrden sich von Hochschulen, Universit\u00e4tsspit\u00e4lern und vom Berufsverband vermehrt \u00e4hnliche Projekte w\u00fcnschen. \u00abDa liegt einiges mehr drin\u00bb, sind sie \u00fcberzeugt. Als Private w\u00fcrden sie ein St\u00fcck weit Narrenfreiheit geniessen und k\u00f6nnten entsprechend innovativ sein, sagen sie. \u00abWir engagieren uns stark, um unseren Beruf weiterzuentwickeln.\u00bb<\/p>\n\n\n\n<h2 class=\"wp-block-heading\">Betroffene sind massiv gestresst <\/h2>\n\n\n\n<p>Die Praxisinhaberinnen und ihre Teams arbeiten seit einem Jahr nach dem Konzept \u00abSOS \u2013 Selbstwirksam ohne Schmerz\u00bb. Sie wollen sich nun noch einmal ein Jahr Zeit geben, damit es sich festigen kann. Viele WRUED-Betroffene   litten unter einer angespannten Situation am Arbeitsplatz, sagt Barbara Aegler, die als externe Lehrbeauftragte an der ZHAW t\u00e4tig ist. \u00abWenn sie zu uns kommen, sind sie massiv gestresst und besorgt.\u00bb Sie h\u00e4tten Angst davor, den Anforderungen nicht mehr zu gen\u00fcgen, g\u00f6nnten sich kaum Pausen und lehnten selbst kleinste Ver\u00e4nderungen erst einmal ab. \u00abDa ist viel Fingerspitzengef\u00fchl gefragt.\u00bb<br>In einem ersten Gespr\u00e4ch versuchen die Ergotherapeutinnen, den Ursachen der Schmerzen auf den Grund zu gehen. Sie analysieren die Situation aus medizinischer, psychosozialer und arbeitsspezifischer Sicht und legen Rehabilitationsziele fest. Besteht ihrer Ansicht nach Handlungsbedarf am Arbeitsplatz, beantragen sie bei der Invalidenversicherung fr\u00fchzeitig eine entsprechende Kostengutsprache. Seit diese dem Grundsatz \u00abEingliederung vor Rente\u00bb folgt, wird sie fr\u00fcher aktiv und \u00fcbernimmt auch pr\u00e4ventive Massnahmen. Die Krankenkassen kommen ausschliesslich f\u00fcr die Behandlung der physischen Beschwerden auf.<\/p>\n\n\n\n<h2 class=\"wp-block-heading\"> Ein Augenschein vor Ort <\/h2>\n\n\n\n<p>Ist ein Engagement in der Berufsintegration angezeigt, begleiten die Ergotherapeutinnen ihre Klienten an den Arbeitsplatz. \u00abDie \u00c4ngste der Arbeitgeber und Arbeitnehmer unterscheiden sich nicht stark\u00bb, sagt Jacqueline B\u00fcrki. Beide Seiten w\u00fcnschten sich m\u00f6glichst wenig Arbeitsausf\u00e4lle und eine nachhaltige Genesung. \u00abWir nehmen sie ernst, informieren und geben ihnen Sicherheit.\u00bb Manchmal gen\u00fcgt es, dass die Betroffenen ihren Arbeitsplatz filmen. \u00abDas gibt uns schon viele Informationen\u00bb, sagt Barbara Aegler. Je nachdem werden daraufhin ergonomische Aspekte oder die Arbeitsorganisation besprochen. Standortgespr\u00e4che werden gemeinsam vorbereitet. \u00abEs braucht meist eine Ver\u00e4nderung\u00bb, so Aegler. Die Betroffenen m\u00fcssten, wollen sie ihre Schmerzen dauerhaft loswerden, aus der \u00dcberlastung herauskommen. Und sie m\u00fcssten geduldig sein. Eine Schmerzproblematik lasse sich nicht von heute auf morgen beheben. Manche Betriebe verlangten ihren Mitarbeitenden sehr viel ab, stellt die erfahrene Handspezialistin fest. \u00abEs steht und f\u00e4llt mit der Firmenkultur.\u00bb Nicht selten gehen in ihrer Praxis Angestellte des gleichen Unternehmens ein und aus.<br>Neben arbeitsplatzspezifischen kommen im Therapieansatz von Barbara Aegler und Jacqueline B\u00fcrki weiterhin ergotherapeutische Massnahmen zum Zug. Die WRUED-Betroffenen trainieren allt\u00e4gliche Bewegungen und werden unter anderem dazu angeleitet, ihre K\u00f6perhaltung zu verbessern und den Fokus auf positive, gesundheitsst\u00e4rkende T\u00e4tigkeiten zu legen. Und sie sollen sich h\u00e4ufiger fragen, was ihnen guttut. \u00abDie R\u00fcckmeldungen sind positiv\u00bb, sagt Jacqueline B\u00fcrki. Der interdisziplin\u00e4re, vernetzte Ansatz und die offene Kommunikation k\u00e4men gut an. \u00abDass wir die Dinge beim Namen nennen, ist zwar manchmal nicht ganz einfach auszuhalten \u2013 es macht unsere Klienten jedoch handlungsf\u00e4hig.\u00bb \/\/ <\/p>\n\n\n\n<p><a href=\"https:\/\/www.zhaw.ch\/storage\/gesundheit\/ueber-uns\/medien-news\/vitamin-g\/vitamin-g-nr6-2016-zhaw-gesundheit.pdf#page=22\"> \u00abVitamin G\u00bb,&nbsp;Seite 22-23<\/a><\/p>\n\n\n\n<hr class=\"wp-block-separator is-style-wide\" \/>\n\n\n\n<h3 class=\"wp-block-heading\">WEITERE INFORMATIONEN<\/h3>\n\n\n<ul>\n<li><a href=\"http:\/\/www.handrehabilitation.ch\/weiterbildung\">www.handrehabilitation.ch\/weiterbildung<\/a><\/li>\n<li><a href=\"https:\/\/www.ergobern.ch\/\">www.ergobern.ch<\/a><\/li>\n<li><a href=\"https:\/\/www.admin.ch\/gov\/de\/start\/dokumentation\/medienmitteilungen.msg-id-28929.html\">Medienmitteilung des Bundes: R\u00fcckenprobleme kosten Wirtschaft mehrere Milliarden Franken pro Jahr \u2013 SECO, Kantone und SUVA ergreifen Massnahmen<\/a><\/li>\n<\/ul>\n\n\n<h2 class=\"wp-block-heading\" id=\"h-magazin-vitamin-g-fur-health-professionals-mit-weitblick\"><strong>Magazin \u00abVitamin G \u2013 f\u00fcr Health Professionals mit Weitblick\u00bb<\/strong><\/h2>\n\n\n\n<ul class=\"wp-block-list\">\n<li><a href=\"https:\/\/www.zhaw.ch\/de\/gesundheit\/ueber-uns\/medien\/magazin-vitamin-g\/\">\u00abVitamin G\u00bb bestellen<\/a><\/li>\n\n\n\n<li><a href=\"https:\/\/www.zhaw.ch\/storage\/gesundheit\/ueber-uns\/medien-news\/vitamin-g\/vitaming-19-2025-ds-zhaw-gesundheit.pdf\">Aktuelles \u00abVitamin G\u00bb als PDF lesen<\/a><\/li>\n\n\n\n<li><a href=\"https:\/\/www.zhaw.ch\/de\/gesundheit\/ueber-uns\/medien\/magazin-vitamin-g\/#c16801\">Bisher erschienene Ausgaben<\/a><\/li>\n<\/ul>\n\n\n\n<p><\/p>\n","protected":false},"excerpt":{"rendered":"<p>Um arbeitsbedingte Beschwerden an der oberen Extremit\u00e4t nachhaltig zu behandeln, haben die Ergotherapeutinnen Barbara Aegler und Jacqueline B\u00fcrki ein eigenes Konzept erarbeitet. Sie schliessen damit eine L\u00fccke in der Versorgung und entwickeln die Ergotherapie im Sinne der Advanced Practice weiter.<\/p>\n","protected":false},"author":303,"featured_media":1466,"comment_status":"open","ping_status":"open","sticky":false,"template":"","format":"standard","meta":{"ngg_post_thumbnail":0,"footnotes":""},"categories":[1,6,5],"tags":[],"features":[],"class_list":["post-1218","post","type-post","status-publish","format-standard","has-post-thumbnail","hentry","category-allgemein","category-dossier","category-portrait"],"yoast_head":"<!-- This site is optimized with the Yoast SEO Premium plugin v27.2 (Yoast SEO v27.2) - https:\/\/yoast.com\/product\/yoast-seo-premium-wordpress\/ -->\n<title>MIT EIGENINITIATIVE DEN BERUF WEITERBRINGEN - Vitamin G \u2013 f\u00fcr Health Professionals mit Weitblick<\/title>\n<meta name=\"robots\" content=\"index, follow, max-snippet:-1, max-image-preview:large, max-video-preview:-1\" \/>\n<link rel=\"canonical\" href=\"https:\/\/blog.zhaw.ch\/vitamin-g\/mit-eigeninitiative-den-beruf-weiterbringen\/\" \/>\n<meta property=\"og:locale\" content=\"de_DE\" \/>\n<meta property=\"og:type\" content=\"article\" \/>\n<meta property=\"og:title\" content=\"MIT EIGENINITIATIVE DEN BERUF WEITERBRINGEN\" \/>\n<meta property=\"og:description\" content=\"Um arbeitsbedingte Beschwerden an der oberen Extremit\u00e4t nachhaltig zu behandeln, haben die Ergotherapeutinnen Barbara Aegler und Jacqueline B\u00fcrki ein eigenes Konzept erarbeitet. Sie schliessen damit eine L\u00fccke in der Versorgung und entwickeln die Ergotherapie im Sinne der Advanced Practice weiter.\" \/>\n<meta property=\"og:url\" content=\"https:\/\/blog.zhaw.ch\/vitamin-g\/mit-eigeninitiative-den-beruf-weiterbringen\/\" \/>\n<meta property=\"og:site_name\" content=\"Vitamin G \u2013 f\u00fcr Health Professionals mit Weitblick\" \/>\n<meta property=\"article:published_time\" content=\"2019-07-23T14:59:24+00:00\" \/>\n<meta property=\"article:modified_time\" content=\"2022-04-11T15:46:01+00:00\" \/>\n<meta property=\"og:image\" content=\"https:\/\/blog.zhaw.ch\/vitamin-g\/files\/2020\/06\/2019-6-eigeninitiative-ergo-zhaw-gesundheit.jpg\" \/>\n\t<meta property=\"og:image:width\" content=\"1600\" \/>\n\t<meta property=\"og:image:height\" content=\"800\" \/>\n\t<meta property=\"og:image:type\" content=\"image\/jpeg\" \/>\n<meta name=\"author\" content=\"Vitamin G\" \/>\n<meta name=\"twitter:card\" content=\"summary_large_image\" \/>\n<meta name=\"twitter:label1\" content=\"Verfasst von\" \/>\n\t<meta name=\"twitter:data1\" content=\"Vitamin G\" \/>\n\t<meta name=\"twitter:label2\" content=\"Gesch\u00e4tzte Lesezeit\" \/>\n\t<meta name=\"twitter:data2\" content=\"5\u00a0Minuten\" \/>\n<script type=\"application\/ld+json\" class=\"yoast-schema-graph\">{\"@context\":\"https:\/\/schema.org\",\"@graph\":[{\"@type\":\"Article\",\"@id\":\"https:\/\/blog.zhaw.ch\/vitamin-g\/mit-eigeninitiative-den-beruf-weiterbringen\/#article\",\"isPartOf\":{\"@id\":\"https:\/\/blog.zhaw.ch\/vitamin-g\/mit-eigeninitiative-den-beruf-weiterbringen\/\"},\"author\":{\"name\":\"Vitamin G\",\"@id\":\"https:\/\/blog.zhaw.ch\/vitamin-g\/#\/schema\/person\/c40eef1fd6b5c80a87a5ab6f21a50cc1\"},\"headline\":\"MIT EIGENINITIATIVE DEN BERUF WEITERBRINGEN\",\"datePublished\":\"2019-07-23T14:59:24+00:00\",\"dateModified\":\"2022-04-11T15:46:01+00:00\",\"mainEntityOfPage\":{\"@id\":\"https:\/\/blog.zhaw.ch\/vitamin-g\/mit-eigeninitiative-den-beruf-weiterbringen\/\"},\"wordCount\":1020,\"commentCount\":0,\"image\":{\"@id\":\"https:\/\/blog.zhaw.ch\/vitamin-g\/mit-eigeninitiative-den-beruf-weiterbringen\/#primaryimage\"},\"thumbnailUrl\":\"https:\/\/blog.zhaw.ch\/vitamin-g\/files\/2020\/06\/2019-6-eigeninitiative-ergo-zhaw-gesundheit.jpg\",\"articleSection\":{\"1\":\"Dossier\",\"2\":\"Portrait\"},\"inLanguage\":\"de\",\"potentialAction\":[{\"@type\":\"CommentAction\",\"name\":\"Comment\",\"target\":[\"https:\/\/blog.zhaw.ch\/vitamin-g\/mit-eigeninitiative-den-beruf-weiterbringen\/#respond\"]}]},{\"@type\":\"WebPage\",\"@id\":\"https:\/\/blog.zhaw.ch\/vitamin-g\/mit-eigeninitiative-den-beruf-weiterbringen\/\",\"url\":\"https:\/\/blog.zhaw.ch\/vitamin-g\/mit-eigeninitiative-den-beruf-weiterbringen\/\",\"name\":\"MIT EIGENINITIATIVE DEN BERUF WEITERBRINGEN - Vitamin G \u2013 f\u00fcr Health Professionals mit Weitblick\",\"isPartOf\":{\"@id\":\"https:\/\/blog.zhaw.ch\/vitamin-g\/#website\"},\"primaryImageOfPage\":{\"@id\":\"https:\/\/blog.zhaw.ch\/vitamin-g\/mit-eigeninitiative-den-beruf-weiterbringen\/#primaryimage\"},\"image\":{\"@id\":\"https:\/\/blog.zhaw.ch\/vitamin-g\/mit-eigeninitiative-den-beruf-weiterbringen\/#primaryimage\"},\"thumbnailUrl\":\"https:\/\/blog.zhaw.ch\/vitamin-g\/files\/2020\/06\/2019-6-eigeninitiative-ergo-zhaw-gesundheit.jpg\",\"datePublished\":\"2019-07-23T14:59:24+00:00\",\"dateModified\":\"2022-04-11T15:46:01+00:00\",\"author\":{\"@id\":\"https:\/\/blog.zhaw.ch\/vitamin-g\/#\/schema\/person\/c40eef1fd6b5c80a87a5ab6f21a50cc1\"},\"breadcrumb\":{\"@id\":\"https:\/\/blog.zhaw.ch\/vitamin-g\/mit-eigeninitiative-den-beruf-weiterbringen\/#breadcrumb\"},\"inLanguage\":\"de\",\"potentialAction\":[{\"@type\":\"ReadAction\",\"target\":[\"https:\/\/blog.zhaw.ch\/vitamin-g\/mit-eigeninitiative-den-beruf-weiterbringen\/\"]}]},{\"@type\":\"ImageObject\",\"inLanguage\":\"de\",\"@id\":\"https:\/\/blog.zhaw.ch\/vitamin-g\/mit-eigeninitiative-den-beruf-weiterbringen\/#primaryimage\",\"url\":\"https:\/\/blog.zhaw.ch\/vitamin-g\/files\/2020\/06\/2019-6-eigeninitiative-ergo-zhaw-gesundheit.jpg\",\"contentUrl\":\"https:\/\/blog.zhaw.ch\/vitamin-g\/files\/2020\/06\/2019-6-eigeninitiative-ergo-zhaw-gesundheit.jpg\",\"width\":1600,\"height\":800},{\"@type\":\"BreadcrumbList\",\"@id\":\"https:\/\/blog.zhaw.ch\/vitamin-g\/mit-eigeninitiative-den-beruf-weiterbringen\/#breadcrumb\",\"itemListElement\":[{\"@type\":\"ListItem\",\"position\":1,\"name\":\"Startseite\",\"item\":\"https:\/\/blog.zhaw.ch\/vitamin-g\/\"},{\"@type\":\"ListItem\",\"position\":2,\"name\":\"MIT EIGENINITIATIVE DEN BERUF WEITERBRINGEN\"}]},{\"@type\":\"WebSite\",\"@id\":\"https:\/\/blog.zhaw.ch\/vitamin-g\/#website\",\"url\":\"https:\/\/blog.zhaw.ch\/vitamin-g\/\",\"name\":\"Vitamin G \u2013 f\u00fcr Health Professionals mit Weitblick\",\"description\":\"Ein Blog der ZHAW Z\u00fcrcher Hochschule f\u00fcr Angewandte Wissenschaften\",\"potentialAction\":[{\"@type\":\"SearchAction\",\"target\":{\"@type\":\"EntryPoint\",\"urlTemplate\":\"https:\/\/blog.zhaw.ch\/vitamin-g\/?s={search_term_string}\"},\"query-input\":{\"@type\":\"PropertyValueSpecification\",\"valueRequired\":true,\"valueName\":\"search_term_string\"}}],\"inLanguage\":\"de\"},{\"@type\":\"Person\",\"@id\":\"https:\/\/blog.zhaw.ch\/vitamin-g\/#\/schema\/person\/c40eef1fd6b5c80a87a5ab6f21a50cc1\",\"name\":\"Vitamin G\",\"image\":{\"@type\":\"ImageObject\",\"inLanguage\":\"de\",\"@id\":\"https:\/\/secure.gravatar.com\/avatar\/98f5da1c92db080b7a9598ea470459f2dfc333ede5e4b0779b146129ec54cb34?s=96&d=mm&r=g\",\"url\":\"https:\/\/secure.gravatar.com\/avatar\/98f5da1c92db080b7a9598ea470459f2dfc333ede5e4b0779b146129ec54cb34?s=96&d=mm&r=g\",\"contentUrl\":\"https:\/\/secure.gravatar.com\/avatar\/98f5da1c92db080b7a9598ea470459f2dfc333ede5e4b0779b146129ec54cb34?s=96&d=mm&r=g\",\"caption\":\"Vitamin G\"},\"url\":\"https:\/\/blog.zhaw.ch\/vitamin-g\/author\/funp\/\"}]}<\/script>\n<!-- \/ Yoast SEO Premium plugin. -->","yoast_head_json":{"title":"MIT EIGENINITIATIVE DEN BERUF WEITERBRINGEN - Vitamin G \u2013 f\u00fcr Health Professionals mit Weitblick","robots":{"index":"index","follow":"follow","max-snippet":"max-snippet:-1","max-image-preview":"max-image-preview:large","max-video-preview":"max-video-preview:-1"},"canonical":"https:\/\/blog.zhaw.ch\/vitamin-g\/mit-eigeninitiative-den-beruf-weiterbringen\/","og_locale":"de_DE","og_type":"article","og_title":"MIT EIGENINITIATIVE DEN BERUF WEITERBRINGEN","og_description":"Um arbeitsbedingte Beschwerden an der oberen Extremit\u00e4t nachhaltig zu behandeln, haben die Ergotherapeutinnen Barbara Aegler und Jacqueline B\u00fcrki ein eigenes Konzept erarbeitet. Sie schliessen damit eine L\u00fccke in der Versorgung und entwickeln die Ergotherapie im Sinne der Advanced Practice weiter.","og_url":"https:\/\/blog.zhaw.ch\/vitamin-g\/mit-eigeninitiative-den-beruf-weiterbringen\/","og_site_name":"Vitamin G \u2013 f\u00fcr Health Professionals mit Weitblick","article_published_time":"2019-07-23T14:59:24+00:00","article_modified_time":"2022-04-11T15:46:01+00:00","og_image":[{"width":1600,"height":800,"url":"https:\/\/blog.zhaw.ch\/vitamin-g\/files\/2020\/06\/2019-6-eigeninitiative-ergo-zhaw-gesundheit.jpg","type":"image\/jpeg"}],"author":"Vitamin G","twitter_card":"summary_large_image","twitter_misc":{"Verfasst von":"Vitamin G","Gesch\u00e4tzte Lesezeit":"5\u00a0Minuten"},"schema":{"@context":"https:\/\/schema.org","@graph":[{"@type":"Article","@id":"https:\/\/blog.zhaw.ch\/vitamin-g\/mit-eigeninitiative-den-beruf-weiterbringen\/#article","isPartOf":{"@id":"https:\/\/blog.zhaw.ch\/vitamin-g\/mit-eigeninitiative-den-beruf-weiterbringen\/"},"author":{"name":"Vitamin G","@id":"https:\/\/blog.zhaw.ch\/vitamin-g\/#\/schema\/person\/c40eef1fd6b5c80a87a5ab6f21a50cc1"},"headline":"MIT EIGENINITIATIVE DEN BERUF WEITERBRINGEN","datePublished":"2019-07-23T14:59:24+00:00","dateModified":"2022-04-11T15:46:01+00:00","mainEntityOfPage":{"@id":"https:\/\/blog.zhaw.ch\/vitamin-g\/mit-eigeninitiative-den-beruf-weiterbringen\/"},"wordCount":1020,"commentCount":0,"image":{"@id":"https:\/\/blog.zhaw.ch\/vitamin-g\/mit-eigeninitiative-den-beruf-weiterbringen\/#primaryimage"},"thumbnailUrl":"https:\/\/blog.zhaw.ch\/vitamin-g\/files\/2020\/06\/2019-6-eigeninitiative-ergo-zhaw-gesundheit.jpg","articleSection":{"1":"Dossier","2":"Portrait"},"inLanguage":"de","potentialAction":[{"@type":"CommentAction","name":"Comment","target":["https:\/\/blog.zhaw.ch\/vitamin-g\/mit-eigeninitiative-den-beruf-weiterbringen\/#respond"]}]},{"@type":"WebPage","@id":"https:\/\/blog.zhaw.ch\/vitamin-g\/mit-eigeninitiative-den-beruf-weiterbringen\/","url":"https:\/\/blog.zhaw.ch\/vitamin-g\/mit-eigeninitiative-den-beruf-weiterbringen\/","name":"MIT EIGENINITIATIVE DEN BERUF WEITERBRINGEN - Vitamin G \u2013 f\u00fcr Health Professionals mit Weitblick","isPartOf":{"@id":"https:\/\/blog.zhaw.ch\/vitamin-g\/#website"},"primaryImageOfPage":{"@id":"https:\/\/blog.zhaw.ch\/vitamin-g\/mit-eigeninitiative-den-beruf-weiterbringen\/#primaryimage"},"image":{"@id":"https:\/\/blog.zhaw.ch\/vitamin-g\/mit-eigeninitiative-den-beruf-weiterbringen\/#primaryimage"},"thumbnailUrl":"https:\/\/blog.zhaw.ch\/vitamin-g\/files\/2020\/06\/2019-6-eigeninitiative-ergo-zhaw-gesundheit.jpg","datePublished":"2019-07-23T14:59:24+00:00","dateModified":"2022-04-11T15:46:01+00:00","author":{"@id":"https:\/\/blog.zhaw.ch\/vitamin-g\/#\/schema\/person\/c40eef1fd6b5c80a87a5ab6f21a50cc1"},"breadcrumb":{"@id":"https:\/\/blog.zhaw.ch\/vitamin-g\/mit-eigeninitiative-den-beruf-weiterbringen\/#breadcrumb"},"inLanguage":"de","potentialAction":[{"@type":"ReadAction","target":["https:\/\/blog.zhaw.ch\/vitamin-g\/mit-eigeninitiative-den-beruf-weiterbringen\/"]}]},{"@type":"ImageObject","inLanguage":"de","@id":"https:\/\/blog.zhaw.ch\/vitamin-g\/mit-eigeninitiative-den-beruf-weiterbringen\/#primaryimage","url":"https:\/\/blog.zhaw.ch\/vitamin-g\/files\/2020\/06\/2019-6-eigeninitiative-ergo-zhaw-gesundheit.jpg","contentUrl":"https:\/\/blog.zhaw.ch\/vitamin-g\/files\/2020\/06\/2019-6-eigeninitiative-ergo-zhaw-gesundheit.jpg","width":1600,"height":800},{"@type":"BreadcrumbList","@id":"https:\/\/blog.zhaw.ch\/vitamin-g\/mit-eigeninitiative-den-beruf-weiterbringen\/#breadcrumb","itemListElement":[{"@type":"ListItem","position":1,"name":"Startseite","item":"https:\/\/blog.zhaw.ch\/vitamin-g\/"},{"@type":"ListItem","position":2,"name":"MIT EIGENINITIATIVE DEN BERUF WEITERBRINGEN"}]},{"@type":"WebSite","@id":"https:\/\/blog.zhaw.ch\/vitamin-g\/#website","url":"https:\/\/blog.zhaw.ch\/vitamin-g\/","name":"Vitamin G \u2013 f\u00fcr Health Professionals mit Weitblick","description":"Ein Blog der ZHAW Z\u00fcrcher Hochschule f\u00fcr Angewandte Wissenschaften","potentialAction":[{"@type":"SearchAction","target":{"@type":"EntryPoint","urlTemplate":"https:\/\/blog.zhaw.ch\/vitamin-g\/?s={search_term_string}"},"query-input":{"@type":"PropertyValueSpecification","valueRequired":true,"valueName":"search_term_string"}}],"inLanguage":"de"},{"@type":"Person","@id":"https:\/\/blog.zhaw.ch\/vitamin-g\/#\/schema\/person\/c40eef1fd6b5c80a87a5ab6f21a50cc1","name":"Vitamin G","image":{"@type":"ImageObject","inLanguage":"de","@id":"https:\/\/secure.gravatar.com\/avatar\/98f5da1c92db080b7a9598ea470459f2dfc333ede5e4b0779b146129ec54cb34?s=96&d=mm&r=g","url":"https:\/\/secure.gravatar.com\/avatar\/98f5da1c92db080b7a9598ea470459f2dfc333ede5e4b0779b146129ec54cb34?s=96&d=mm&r=g","contentUrl":"https:\/\/secure.gravatar.com\/avatar\/98f5da1c92db080b7a9598ea470459f2dfc333ede5e4b0779b146129ec54cb34?s=96&d=mm&r=g","caption":"Vitamin G"},"url":"https:\/\/blog.zhaw.ch\/vitamin-g\/author\/funp\/"}]}},"_links":{"self":[{"href":"https:\/\/blog.zhaw.ch\/vitamin-g\/wp-json\/wp\/v2\/posts\/1218","targetHints":{"allow":["GET"]}}],"collection":[{"href":"https:\/\/blog.zhaw.ch\/vitamin-g\/wp-json\/wp\/v2\/posts"}],"about":[{"href":"https:\/\/blog.zhaw.ch\/vitamin-g\/wp-json\/wp\/v2\/types\/post"}],"author":[{"embeddable":true,"href":"https:\/\/blog.zhaw.ch\/vitamin-g\/wp-json\/wp\/v2\/users\/303"}],"replies":[{"embeddable":true,"href":"https:\/\/blog.zhaw.ch\/vitamin-g\/wp-json\/wp\/v2\/comments?post=1218"}],"version-history":[{"count":8,"href":"https:\/\/blog.zhaw.ch\/vitamin-g\/wp-json\/wp\/v2\/posts\/1218\/revisions"}],"predecessor-version":[{"id":2051,"href":"https:\/\/blog.zhaw.ch\/vitamin-g\/wp-json\/wp\/v2\/posts\/1218\/revisions\/2051"}],"wp:featuredmedia":[{"embeddable":true,"href":"https:\/\/blog.zhaw.ch\/vitamin-g\/wp-json\/wp\/v2\/media\/1466"}],"wp:attachment":[{"href":"https:\/\/blog.zhaw.ch\/vitamin-g\/wp-json\/wp\/v2\/media?parent=1218"}],"wp:term":[{"taxonomy":"category","embeddable":true,"href":"https:\/\/blog.zhaw.ch\/vitamin-g\/wp-json\/wp\/v2\/categories?post=1218"},{"taxonomy":"post_tag","embeddable":true,"href":"https:\/\/blog.zhaw.ch\/vitamin-g\/wp-json\/wp\/v2\/tags?post=1218"},{"taxonomy":"features","embeddable":true,"href":"https:\/\/blog.zhaw.ch\/vitamin-g\/wp-json\/wp\/v2\/features?post=1218"}],"curies":[{"name":"wp","href":"https:\/\/api.w.org\/{rel}","templated":true}]}}