{"id":979,"date":"2025-03-03T16:23:52","date_gmt":"2025-03-03T15:23:52","guid":{"rendered":"https:\/\/blog.zhaw.ch\/vielfalt\/?p=979"},"modified":"2025-03-03T16:27:07","modified_gmt":"2025-03-03T15:27:07","slug":"darf-ich-sie-was-fragen-magdalena-68","status":"publish","type":"post","link":"https:\/\/blog.zhaw.ch\/vielfalt\/2025\/03\/03\/darf-ich-sie-was-fragen-magdalena-68\/","title":{"rendered":"Darf ich Sie was fragen? Magdalena (68)"},"content":{"rendered":"\n<figure class=\"wp-block-image size-medium is-resized\"><img loading=\"lazy\" decoding=\"async\" width=\"300\" height=\"169\" src=\"https:\/\/blog.zhaw.ch\/vielfalt\/files\/2024\/02\/Fragezeichen_Stock_Firefly_49596_widescreen_1698938412689_5-300x169.png\" alt=\"Fragezeichen_und Fragen\" class=\"wp-image-603\" style=\"width:642px;height:auto\" srcset=\"https:\/\/blog.zhaw.ch\/vielfalt\/files\/2024\/02\/Fragezeichen_Stock_Firefly_49596_widescreen_1698938412689_5-300x169.png 300w, https:\/\/blog.zhaw.ch\/vielfalt\/files\/2024\/02\/Fragezeichen_Stock_Firefly_49596_widescreen_1698938412689_5-1024x576.png 1024w, https:\/\/blog.zhaw.ch\/vielfalt\/files\/2024\/02\/Fragezeichen_Stock_Firefly_49596_widescreen_1698938412689_5-768x432.png 768w, https:\/\/blog.zhaw.ch\/vielfalt\/files\/2024\/02\/Fragezeichen_Stock_Firefly_49596_widescreen_1698938412689_5.png 1300w\" sizes=\"auto, (max-width: 300px) 100vw, 300px\" \/><\/figure>\n\n\n\n<h3 class=\"wp-block-heading\" id=\"h-in-regelmassigen-abstanden-befragen-wir-personen-zu-ihrer-einstellung-zum-alterwerden-magdalena-mochte-auf-das-viele-erreichte-lieber-mit-dankbarkeit-als-mit-stolz-zuruckblicken\"><strong>In regelm\u00e4ssigen Abst\u00e4nden befragen wir Personen zu ihrer Einstellung zum \u00c4lterwerden<\/strong>. Magdalena m\u00f6chte auf das viele Erreichte lieber mit Dankbarkeit als mit Stolz zur\u00fcckblicken.<\/h3>\n\n\n\n<h4 class=\"wp-block-heading\" id=\"h-was-wurden-sie-ihrem-halb-so-alten-ich-mitteilen\">Was w\u00fcrden Sie Ihrem halb so alten Ich mitteilen?<\/h4>\n\n\n\n<p>Geniesse jeden Tag mit deinen T\u00f6chtern!<br>Geniesse dein Berufsleben.<br>Geniesse deine Fitness.<\/p>\n\n\n\n<h4 class=\"wp-block-heading\" id=\"h-wann-haben-sie-sich-zum-ersten-mal-alt-gefuhlt\">Wann haben Sie sich zum ersten Mal \u00abalt\u00bb gef\u00fchlt?<\/h4>\n\n\n\n<p>2024 mit 67, als mein Herz \u00abKapriolen\u00bb machte. Seit dann besch\u00e4ftige ich mich mit der eigenen Endlichkeit. Dann f\u00fchle ich mich \u00abalt\u00bb.<\/p>\n\n\n\n<h4 class=\"wp-block-heading\" id=\"h-was-bedeutet-fur-sie-alt-sein\">Was bedeutet f\u00fcr Sie \u00abalt sein\u00bb?<\/h4>\n\n\n\n<p>Siehe unter 2. Ich realisiere, dass meine k\u00f6rperlichen und seelischen Kr\u00e4fte nachlassen. Zum Beispiel kann ich in einen Tag nicht mehr so viel \u00abreinpacken\u00bb, da ich zwischendurch Erholung brauche.<\/p>\n\n\n\n<h4 class=\"wp-block-heading\" id=\"h-wie-unterscheidet-sich-ihr-eigenes-alterwerden-von-demjenigen-ihrer-eltern-oder-grosseltern\">Wie unterscheidet sich Ihr eigenes \u00c4lterwerden von demjenigen Ihrer Eltern oder Grosseltern?<\/h4>\n\n\n\n<p>Meine Eltern trieben wenig Sport und waren schon mit 60 unfit. Jedoch behielten sie bis zuletzt grosse geistige Fitness. \u2028<br>Ich hingegen bin trotz eingeschr\u00e4nkter Herzleistung sportlich unterwegs. Die Lebendigkeit des Geistes sitzt wohl im genetischen Material. \ud83d\ude42<\/p>\n\n\n\n<h4 class=\"wp-block-heading\" id=\"h-was-mochten-sie-noch-erleben\">Was m\u00f6chten Sie noch erleben?<\/h4>\n\n\n\n<p>Folgende St\u00e4dte kennenlernen:\u2028<br>&#8211; Turin, Genua. \u2028<br>&#8211; Leipzig, Dresden, Berlin.<\/p>\n\n\n\n<h4 class=\"wp-block-heading\" id=\"h-worauf-sind-sie-stolz\">Worauf sind Sie stolz?<\/h4>\n\n\n\n<p>Ich w\u00fcrde \u00abstolz\u00bb gerne mit \u00abdankbar\u00bb ersetzen:\u2028 <br>Ich bin dankbar f\u00fcr ein Leben als Mutter. \u2028<br>Ich bin dankbar f\u00fcr ein Leben mit Musik. \u2028<br>Ich bin dankbar, f\u00fcr diese Hauptpfeiler gen\u00fcgend Kr\u00e4fte erhalten zu haben.<\/p>\n\n\n\n<h4 class=\"wp-block-heading\" id=\"h-wie-stellen-sie-sich-ihren-optimalen-alterswohnsitz-vor\">Wie stellen Sie sich Ihren optimalen Alterswohnsitz vor?<\/h4>\n\n\n\n<p>Ich habe keine festen Vorstellungen. <br>&#8211; Gerne in Umgebung von Mehr-Generationen. <br>&#8211; \u00d6V muss zwingend in der N\u00e4he sein.<\/p>\n\n\n\n<h4 class=\"wp-block-heading\" id=\"h-wie-hat-sich-ihr-verhaltnis-zum-spiegel-mit-dem-alterwerden-verandert\">Wie hat sich Ihr Verh\u00e4ltnis zum Spiegel mit dem \u00c4lterwerden ver\u00e4ndert?<\/h4>\n\n\n\n<p>Schade, dass ich h\u00e4sslicher werde. Ich war doch sooo sch\u00f6n als junge Frau. Jedoch l\u00e4chle ich gern dem Spiegel zu. Hallo! L\u00e4chle!<\/p>\n\n\n\n<h4 class=\"wp-block-heading\" id=\"h-was-fanden-sie-fruher-besser-was-schlechter\">Was fanden Sie fr\u00fcher besser? Was schlechter?<\/h4>\n\n\n\n<p>Besser war: vor lauter Gesch\u00e4ftigkeit hatte ich keine Zeit zum Gr\u00fcbeln. Und ich war weniger allein. \u2028Schlechter war: zu viel Stress, Mutterschaft &#8211; Beruf.<\/p>\n\n\n\n<h4 class=\"wp-block-heading\" id=\"h-was-ist-fur-sie-das-schwierigste-am-altwerden\">Was ist f\u00fcr Sie das Schwierigste am Altwerden?<\/h4>\n\n\n\n<p>Das st\u00e4ndige Abschiednehmen von Familienmitgliedern und Freund:innen durch Todesfall. <br>Das Realisieren der eigenen Grenzen in mancher Hinsicht.<\/p>\n\n\n\n<h4 class=\"wp-block-heading\" id=\"h-und-was-macht-ihnen-dabei-am-meisten-freude\">Und was macht Ihnen dabei am meisten Freude?<\/h4>\n\n\n\n<p>&#8211; Ausschlafen am Morgen\u2028<br>&#8211; Fast kein Stress (Termine)<br>&#8211; Endlich Zeit zum Lesen haben \u2028 <br>&#8211; Vieles nicht mehr wichtig nehmen <br>&#8211; Entspannter sein (altersbedingte Grossz\u00fcgigkeit?)<\/p>\n\n\n\n<p>Weitere <a href=\"https:\/\/blog.zhaw.ch\/vielfalt\/2023\/10\/27\/darf-ich-sie-was-fragen\/\">Antworten<\/a> auf unseren Fragebogen<\/p>\n","protected":false},"excerpt":{"rendered":"<p>Magdalena m\u00f6chte auf das viele Erreichte lieber mit Dankbarkeit als mit Stolz zur\u00fcckblicken.<\/p>\n","protected":false},"author":679,"featured_media":0,"comment_status":"open","ping_status":"open","sticky":false,"template":"","format":"standard","meta":{"ngg_post_thumbnail":0,"footnotes":""},"categories":[1,25],"tags":[],"features":[],"class_list":["post-979","post","type-post","status-publish","format-standard","hentry","category-allgemein","category-fragebogen"],"yoast_head":"<!-- This site is optimized with the Yoast SEO Premium plugin v27.2 (Yoast SEO v27.2) - https:\/\/yoast.com\/product\/yoast-seo-premium-wordpress\/ -->\n<title>Darf ich Sie was fragen? Magdalena (68) - vielfALT<\/title>\n<meta name=\"description\" content=\"Regelm\u00e4ssigen stellen wir Personen \u00fcber 65 Fragen zu ihrer Einstellung zum \u00c4lterwerden. Worauf sind sie stolz oder wof\u00fcr dankbar\" \/>\n<meta name=\"robots\" content=\"index, follow, max-snippet:-1, max-image-preview:large, max-video-preview:-1\" \/>\n<link rel=\"canonical\" href=\"https:\/\/blog.zhaw.ch\/vielfalt\/2025\/03\/03\/darf-ich-sie-was-fragen-magdalena-68\/\" \/>\n<meta property=\"og:locale\" content=\"de_DE\" \/>\n<meta property=\"og:type\" content=\"article\" \/>\n<meta property=\"og:title\" content=\"Darf ich Sie was fragen? Magdalena (68)\" \/>\n<meta property=\"og:description\" content=\"Regelm\u00e4ssigen stellen wir Personen \u00fcber 65 Fragen zu ihrer Einstellung zum \u00c4lterwerden. Worauf sind sie stolz oder wof\u00fcr dankbar\" \/>\n<meta property=\"og:url\" content=\"https:\/\/blog.zhaw.ch\/vielfalt\/2025\/03\/03\/darf-ich-sie-was-fragen-magdalena-68\/\" \/>\n<meta property=\"og:site_name\" content=\"vielfALT\" \/>\n<meta property=\"article:published_time\" content=\"2025-03-03T15:23:52+00:00\" \/>\n<meta property=\"article:modified_time\" content=\"2025-03-03T15:27:07+00:00\" \/>\n<meta property=\"og:image\" content=\"https:\/\/blog.zhaw.ch\/vielfalt\/files\/2024\/02\/Fragezeichen_Stock_Firefly_49596_widescreen_1698938412689_5-300x169.png\" \/>\n<meta name=\"author\" content=\"bauo\" \/>\n<meta name=\"twitter:card\" content=\"summary_large_image\" \/>\n<meta name=\"twitter:label1\" content=\"Verfasst von\" \/>\n\t<meta name=\"twitter:data1\" content=\"bauo\" \/>\n\t<meta name=\"twitter:label2\" content=\"Gesch\u00e4tzte Lesezeit\" \/>\n\t<meta name=\"twitter:data2\" content=\"3\u00a0Minuten\" \/>\n<script type=\"application\/ld+json\" class=\"yoast-schema-graph\">{\"@context\":\"https:\/\/schema.org\",\"@graph\":[{\"@type\":\"Article\",\"@id\":\"https:\/\/blog.zhaw.ch\/vielfalt\/2025\/03\/03\/darf-ich-sie-was-fragen-magdalena-68\/#article\",\"isPartOf\":{\"@id\":\"https:\/\/blog.zhaw.ch\/vielfalt\/2025\/03\/03\/darf-ich-sie-was-fragen-magdalena-68\/\"},\"author\":{\"name\":\"bauo\",\"@id\":\"https:\/\/blog.zhaw.ch\/vielfalt\/#\/schema\/person\/57dc2fed9d0bf4f31e1fd9694ddfbe55\"},\"headline\":\"Darf ich Sie was fragen? Magdalena (68)\",\"datePublished\":\"2025-03-03T15:23:52+00:00\",\"dateModified\":\"2025-03-03T15:27:07+00:00\",\"mainEntityOfPage\":{\"@id\":\"https:\/\/blog.zhaw.ch\/vielfalt\/2025\/03\/03\/darf-ich-sie-was-fragen-magdalena-68\/\"},\"wordCount\":405,\"commentCount\":0,\"image\":{\"@id\":\"https:\/\/blog.zhaw.ch\/vielfalt\/2025\/03\/03\/darf-ich-sie-was-fragen-magdalena-68\/#primaryimage\"},\"thumbnailUrl\":\"https:\/\/blog.zhaw.ch\/vielfalt\/files\/2024\/02\/Fragezeichen_Stock_Firefly_49596_widescreen_1698938412689_5-300x169.png\",\"articleSection\":{\"1\":\"Fragebogen\"},\"inLanguage\":\"de\",\"potentialAction\":[{\"@type\":\"CommentAction\",\"name\":\"Comment\",\"target\":[\"https:\/\/blog.zhaw.ch\/vielfalt\/2025\/03\/03\/darf-ich-sie-was-fragen-magdalena-68\/#respond\"]}]},{\"@type\":\"WebPage\",\"@id\":\"https:\/\/blog.zhaw.ch\/vielfalt\/2025\/03\/03\/darf-ich-sie-was-fragen-magdalena-68\/\",\"url\":\"https:\/\/blog.zhaw.ch\/vielfalt\/2025\/03\/03\/darf-ich-sie-was-fragen-magdalena-68\/\",\"name\":\"Darf ich Sie was fragen? Magdalena (68) - vielfALT\",\"isPartOf\":{\"@id\":\"https:\/\/blog.zhaw.ch\/vielfalt\/#website\"},\"primaryImageOfPage\":{\"@id\":\"https:\/\/blog.zhaw.ch\/vielfalt\/2025\/03\/03\/darf-ich-sie-was-fragen-magdalena-68\/#primaryimage\"},\"image\":{\"@id\":\"https:\/\/blog.zhaw.ch\/vielfalt\/2025\/03\/03\/darf-ich-sie-was-fragen-magdalena-68\/#primaryimage\"},\"thumbnailUrl\":\"https:\/\/blog.zhaw.ch\/vielfalt\/files\/2024\/02\/Fragezeichen_Stock_Firefly_49596_widescreen_1698938412689_5-300x169.png\",\"datePublished\":\"2025-03-03T15:23:52+00:00\",\"dateModified\":\"2025-03-03T15:27:07+00:00\",\"author\":{\"@id\":\"https:\/\/blog.zhaw.ch\/vielfalt\/#\/schema\/person\/57dc2fed9d0bf4f31e1fd9694ddfbe55\"},\"description\":\"Regelm\u00e4ssigen stellen wir Personen \u00fcber 65 Fragen zu ihrer Einstellung zum \u00c4lterwerden. Worauf sind sie stolz oder wof\u00fcr dankbar\",\"breadcrumb\":{\"@id\":\"https:\/\/blog.zhaw.ch\/vielfalt\/2025\/03\/03\/darf-ich-sie-was-fragen-magdalena-68\/#breadcrumb\"},\"inLanguage\":\"de\",\"potentialAction\":[{\"@type\":\"ReadAction\",\"target\":[\"https:\/\/blog.zhaw.ch\/vielfalt\/2025\/03\/03\/darf-ich-sie-was-fragen-magdalena-68\/\"]}]},{\"@type\":\"ImageObject\",\"inLanguage\":\"de\",\"@id\":\"https:\/\/blog.zhaw.ch\/vielfalt\/2025\/03\/03\/darf-ich-sie-was-fragen-magdalena-68\/#primaryimage\",\"url\":\"https:\/\/blog.zhaw.ch\/vielfalt\/files\/2024\/02\/Fragezeichen_Stock_Firefly_49596_widescreen_1698938412689_5.png\",\"contentUrl\":\"https:\/\/blog.zhaw.ch\/vielfalt\/files\/2024\/02\/Fragezeichen_Stock_Firefly_49596_widescreen_1698938412689_5.png\",\"width\":1300,\"height\":731,\"caption\":\"Fragebogen und Fragezeichen\"},{\"@type\":\"BreadcrumbList\",\"@id\":\"https:\/\/blog.zhaw.ch\/vielfalt\/2025\/03\/03\/darf-ich-sie-was-fragen-magdalena-68\/#breadcrumb\",\"itemListElement\":[{\"@type\":\"ListItem\",\"position\":1,\"name\":\"Startseite\",\"item\":\"https:\/\/blog.zhaw.ch\/vielfalt\/\"},{\"@type\":\"ListItem\",\"position\":2,\"name\":\"Darf ich Sie was fragen? Magdalena (68)\"}]},{\"@type\":\"WebSite\",\"@id\":\"https:\/\/blog.zhaw.ch\/vielfalt\/#website\",\"url\":\"https:\/\/blog.zhaw.ch\/vielfalt\/\",\"name\":\"vielfALT\",\"description\":\"Ein Blog der ZHAW Z\u00fcrcher Hochschule f\u00fcr Angewandte Wissenschaften\",\"potentialAction\":[{\"@type\":\"SearchAction\",\"target\":{\"@type\":\"EntryPoint\",\"urlTemplate\":\"https:\/\/blog.zhaw.ch\/vielfalt\/?s={search_term_string}\"},\"query-input\":{\"@type\":\"PropertyValueSpecification\",\"valueRequired\":true,\"valueName\":\"search_term_string\"}}],\"inLanguage\":\"de\"},{\"@type\":\"Person\",\"@id\":\"https:\/\/blog.zhaw.ch\/vielfalt\/#\/schema\/person\/57dc2fed9d0bf4f31e1fd9694ddfbe55\",\"name\":\"bauo\",\"url\":\"https:\/\/blog.zhaw.ch\/vielfalt\/author\/bauo\/\"}]}<\/script>\n<!-- \/ Yoast SEO Premium plugin. -->","yoast_head_json":{"title":"Darf ich Sie was fragen? Magdalena (68) - vielfALT","description":"Regelm\u00e4ssigen stellen wir Personen \u00fcber 65 Fragen zu ihrer Einstellung zum \u00c4lterwerden. Worauf sind sie stolz oder wof\u00fcr dankbar","robots":{"index":"index","follow":"follow","max-snippet":"max-snippet:-1","max-image-preview":"max-image-preview:large","max-video-preview":"max-video-preview:-1"},"canonical":"https:\/\/blog.zhaw.ch\/vielfalt\/2025\/03\/03\/darf-ich-sie-was-fragen-magdalena-68\/","og_locale":"de_DE","og_type":"article","og_title":"Darf ich Sie was fragen? Magdalena (68)","og_description":"Regelm\u00e4ssigen stellen wir Personen \u00fcber 65 Fragen zu ihrer Einstellung zum \u00c4lterwerden. Worauf sind sie stolz oder wof\u00fcr dankbar","og_url":"https:\/\/blog.zhaw.ch\/vielfalt\/2025\/03\/03\/darf-ich-sie-was-fragen-magdalena-68\/","og_site_name":"vielfALT","article_published_time":"2025-03-03T15:23:52+00:00","article_modified_time":"2025-03-03T15:27:07+00:00","og_image":[{"url":"https:\/\/blog.zhaw.ch\/vielfalt\/files\/2024\/02\/Fragezeichen_Stock_Firefly_49596_widescreen_1698938412689_5-300x169.png","type":"","width":"","height":""}],"author":"bauo","twitter_card":"summary_large_image","twitter_misc":{"Verfasst von":"bauo","Gesch\u00e4tzte Lesezeit":"3\u00a0Minuten"},"schema":{"@context":"https:\/\/schema.org","@graph":[{"@type":"Article","@id":"https:\/\/blog.zhaw.ch\/vielfalt\/2025\/03\/03\/darf-ich-sie-was-fragen-magdalena-68\/#article","isPartOf":{"@id":"https:\/\/blog.zhaw.ch\/vielfalt\/2025\/03\/03\/darf-ich-sie-was-fragen-magdalena-68\/"},"author":{"name":"bauo","@id":"https:\/\/blog.zhaw.ch\/vielfalt\/#\/schema\/person\/57dc2fed9d0bf4f31e1fd9694ddfbe55"},"headline":"Darf ich Sie was fragen? Magdalena (68)","datePublished":"2025-03-03T15:23:52+00:00","dateModified":"2025-03-03T15:27:07+00:00","mainEntityOfPage":{"@id":"https:\/\/blog.zhaw.ch\/vielfalt\/2025\/03\/03\/darf-ich-sie-was-fragen-magdalena-68\/"},"wordCount":405,"commentCount":0,"image":{"@id":"https:\/\/blog.zhaw.ch\/vielfalt\/2025\/03\/03\/darf-ich-sie-was-fragen-magdalena-68\/#primaryimage"},"thumbnailUrl":"https:\/\/blog.zhaw.ch\/vielfalt\/files\/2024\/02\/Fragezeichen_Stock_Firefly_49596_widescreen_1698938412689_5-300x169.png","articleSection":{"1":"Fragebogen"},"inLanguage":"de","potentialAction":[{"@type":"CommentAction","name":"Comment","target":["https:\/\/blog.zhaw.ch\/vielfalt\/2025\/03\/03\/darf-ich-sie-was-fragen-magdalena-68\/#respond"]}]},{"@type":"WebPage","@id":"https:\/\/blog.zhaw.ch\/vielfalt\/2025\/03\/03\/darf-ich-sie-was-fragen-magdalena-68\/","url":"https:\/\/blog.zhaw.ch\/vielfalt\/2025\/03\/03\/darf-ich-sie-was-fragen-magdalena-68\/","name":"Darf ich Sie was fragen? Magdalena (68) - vielfALT","isPartOf":{"@id":"https:\/\/blog.zhaw.ch\/vielfalt\/#website"},"primaryImageOfPage":{"@id":"https:\/\/blog.zhaw.ch\/vielfalt\/2025\/03\/03\/darf-ich-sie-was-fragen-magdalena-68\/#primaryimage"},"image":{"@id":"https:\/\/blog.zhaw.ch\/vielfalt\/2025\/03\/03\/darf-ich-sie-was-fragen-magdalena-68\/#primaryimage"},"thumbnailUrl":"https:\/\/blog.zhaw.ch\/vielfalt\/files\/2024\/02\/Fragezeichen_Stock_Firefly_49596_widescreen_1698938412689_5-300x169.png","datePublished":"2025-03-03T15:23:52+00:00","dateModified":"2025-03-03T15:27:07+00:00","author":{"@id":"https:\/\/blog.zhaw.ch\/vielfalt\/#\/schema\/person\/57dc2fed9d0bf4f31e1fd9694ddfbe55"},"description":"Regelm\u00e4ssigen stellen wir Personen \u00fcber 65 Fragen zu ihrer Einstellung zum \u00c4lterwerden. Worauf sind sie stolz oder wof\u00fcr dankbar","breadcrumb":{"@id":"https:\/\/blog.zhaw.ch\/vielfalt\/2025\/03\/03\/darf-ich-sie-was-fragen-magdalena-68\/#breadcrumb"},"inLanguage":"de","potentialAction":[{"@type":"ReadAction","target":["https:\/\/blog.zhaw.ch\/vielfalt\/2025\/03\/03\/darf-ich-sie-was-fragen-magdalena-68\/"]}]},{"@type":"ImageObject","inLanguage":"de","@id":"https:\/\/blog.zhaw.ch\/vielfalt\/2025\/03\/03\/darf-ich-sie-was-fragen-magdalena-68\/#primaryimage","url":"https:\/\/blog.zhaw.ch\/vielfalt\/files\/2024\/02\/Fragezeichen_Stock_Firefly_49596_widescreen_1698938412689_5.png","contentUrl":"https:\/\/blog.zhaw.ch\/vielfalt\/files\/2024\/02\/Fragezeichen_Stock_Firefly_49596_widescreen_1698938412689_5.png","width":1300,"height":731,"caption":"Fragebogen und Fragezeichen"},{"@type":"BreadcrumbList","@id":"https:\/\/blog.zhaw.ch\/vielfalt\/2025\/03\/03\/darf-ich-sie-was-fragen-magdalena-68\/#breadcrumb","itemListElement":[{"@type":"ListItem","position":1,"name":"Startseite","item":"https:\/\/blog.zhaw.ch\/vielfalt\/"},{"@type":"ListItem","position":2,"name":"Darf ich Sie was fragen? Magdalena (68)"}]},{"@type":"WebSite","@id":"https:\/\/blog.zhaw.ch\/vielfalt\/#website","url":"https:\/\/blog.zhaw.ch\/vielfalt\/","name":"vielfALT","description":"Ein Blog der ZHAW Z\u00fcrcher Hochschule f\u00fcr Angewandte Wissenschaften","potentialAction":[{"@type":"SearchAction","target":{"@type":"EntryPoint","urlTemplate":"https:\/\/blog.zhaw.ch\/vielfalt\/?s={search_term_string}"},"query-input":{"@type":"PropertyValueSpecification","valueRequired":true,"valueName":"search_term_string"}}],"inLanguage":"de"},{"@type":"Person","@id":"https:\/\/blog.zhaw.ch\/vielfalt\/#\/schema\/person\/57dc2fed9d0bf4f31e1fd9694ddfbe55","name":"bauo","url":"https:\/\/blog.zhaw.ch\/vielfalt\/author\/bauo\/"}]}},"_links":{"self":[{"href":"https:\/\/blog.zhaw.ch\/vielfalt\/wp-json\/wp\/v2\/posts\/979","targetHints":{"allow":["GET"]}}],"collection":[{"href":"https:\/\/blog.zhaw.ch\/vielfalt\/wp-json\/wp\/v2\/posts"}],"about":[{"href":"https:\/\/blog.zhaw.ch\/vielfalt\/wp-json\/wp\/v2\/types\/post"}],"author":[{"embeddable":true,"href":"https:\/\/blog.zhaw.ch\/vielfalt\/wp-json\/wp\/v2\/users\/679"}],"replies":[{"embeddable":true,"href":"https:\/\/blog.zhaw.ch\/vielfalt\/wp-json\/wp\/v2\/comments?post=979"}],"version-history":[{"count":18,"href":"https:\/\/blog.zhaw.ch\/vielfalt\/wp-json\/wp\/v2\/posts\/979\/revisions"}],"predecessor-version":[{"id":1000,"href":"https:\/\/blog.zhaw.ch\/vielfalt\/wp-json\/wp\/v2\/posts\/979\/revisions\/1000"}],"wp:attachment":[{"href":"https:\/\/blog.zhaw.ch\/vielfalt\/wp-json\/wp\/v2\/media?parent=979"}],"wp:term":[{"taxonomy":"category","embeddable":true,"href":"https:\/\/blog.zhaw.ch\/vielfalt\/wp-json\/wp\/v2\/categories?post=979"},{"taxonomy":"post_tag","embeddable":true,"href":"https:\/\/blog.zhaw.ch\/vielfalt\/wp-json\/wp\/v2\/tags?post=979"},{"taxonomy":"features","embeddable":true,"href":"https:\/\/blog.zhaw.ch\/vielfalt\/wp-json\/wp\/v2\/features?post=979"}],"curies":[{"name":"wp","href":"https:\/\/api.w.org\/{rel}","templated":true}]}}