{"id":471,"date":"2023-11-16T12:35:57","date_gmt":"2023-11-16T11:35:57","guid":{"rendered":"https:\/\/blog.zhaw.ch\/vielfalt\/?p=471"},"modified":"2024-01-10T09:59:35","modified_gmt":"2024-01-10T08:59:35","slug":"stell-dir-vor-du-wirst-alt-und-dein-leben-ist-froehlich-und-bunt","status":"publish","type":"post","link":"https:\/\/blog.zhaw.ch\/vielfalt\/2023\/11\/16\/stell-dir-vor-du-wirst-alt-und-dein-leben-ist-froehlich-und-bunt\/","title":{"rendered":"Stell Dir vor, du wirst alt und Dein Leben ist fr\u00f6hlich und bunt"},"content":{"rendered":"\n<blockquote class=\"wp-block-quote is-layout-flow wp-block-quote-is-layout-flow\">\n<p><em>Mit 20 interessieren wir uns nicht daf\u00fcr, was andere \u00fcber uns denken, ab 30 machen wir uns dar\u00fcber Sorgen, was andere \u00fcber uns denken, mit 40 entdecken wir, dass die anderen \u00fcberhaupt nicht an uns dachten.<\/em><\/p>\n<cite>Will Rogers, Kolumnist, 1935<\/cite><\/blockquote>\n\n\n\n<p><\/p>\n\n\n\n<p>Nur weil mit dem Alter (meistens) die Haare ergrauen, muss das Leben keineswegs eint\u00f6nig werden. Inge L\u00f6\u00f6k, die ber\u00fchmte finnisch-schwedische Illustratorin, hat zwei Frauen-Figuren erschaffen, die f\u00fcr ein \u00e4usserst fr\u00f6hliches und buntes Alltagsleben im Alter stehen. \u00c4usserlich sind die beiden Alli and Fifi nachempfunden, zwei Schwestern, die L\u00f6\u00f6k in ihrer Kindheit als Nachbarinnen kannte: Die eine tr\u00e4gt weisses, gek\u00e4mmtes Haar und die andere einen Nackenknoten (Huppi). Ihr Motto: Zeit ist nicht Geld und Zeit \u00abauszugeben\u00bb ist keine Schw\u00e4che.<\/p>\n\n\n\n<p>Inge L\u00f6\u00f6k selber stimmt dieser Aussage ihrer Figuren zu. Sie w\u00fcnscht sich, dass die Leute zwischendurch anhalten und nicht kopflos vorw\u00e4rtsst\u00fcrmen w\u00fcrden. Sie k\u00f6nnten damit zufrieden sein, was sie bereits haben. F\u00fcr die Illustratorin geh\u00f6rt es zu den \u00abheiligen Wahrheiten\u00bb, dass das Leben im Moment stattfindet und dass es die besonderen Augenblicke sind, die erinnerungsw\u00fcrdig sind. Dies bringen auch die zwei Figuren zum Ausdruck: Selbst wenn sie krank sind, lachen sie (s. u. 3. Bild von links).<\/p>\n\n\n\n<figure class=\"wp-block-image size-large\"><img loading=\"lazy\" decoding=\"async\" width=\"1024\" height=\"445\" src=\"http:\/\/blog.zhaw.ch\/vielfalt\/files\/2023\/11\/Lo\u0308o\u0308k-2-1024x445.png\" alt=\"Bunte Altersbilder\" class=\"wp-image-475\" srcset=\"https:\/\/blog.zhaw.ch\/vielfalt\/files\/2023\/11\/Lo\u0308o\u0308k-2-1024x445.png 1024w, https:\/\/blog.zhaw.ch\/vielfalt\/files\/2023\/11\/Lo\u0308o\u0308k-2-300x131.png 300w, https:\/\/blog.zhaw.ch\/vielfalt\/files\/2023\/11\/Lo\u0308o\u0308k-2-768x334.png 768w, https:\/\/blog.zhaw.ch\/vielfalt\/files\/2023\/11\/Lo\u0308o\u0308k-2-1536x668.png 1536w, https:\/\/blog.zhaw.ch\/vielfalt\/files\/2023\/11\/Lo\u0308o\u0308k-2.png 1586w\" sizes=\"auto, (max-width: 1024px) 100vw, 1024px\" \/><figcaption class=\"wp-element-caption\"><em>Die beiden Frauen am\u00fcsieren sich auf einem Karussell bzw. trinken unter dem Tisch Kaffee. Selbst wenn sie krank sind, finden sie immer noch einen Grund zum Lachen (\u00a9 Inge L\u00f6\u00f6k).<\/em><\/figcaption><\/figure>\n\n\n\n<h2 class=\"wp-block-heading\" id=\"h-was-inge-look-uber-ihre-figuren-sagt\">Was Inge L\u00f6\u00f6k \u00fcber ihre Figuren sagt<\/h2>\n\n\n\n<p id=\"froehlichesalter\">In einem Interview erz\u00e4hlt L\u00f6\u00f6k, dass die T\u00e4tigkeiten, denen ihre Figuren in den Zeichnungen nachgehen, jedoch nicht Alli und Fifi entsprechen, sondern Erlebnissen mit ihrer Nachbarin nachempfunden sind. Diese wohnt nur 30 Meter entfernt, ebenfalls in einem kleinen Haus. Sie sind t\u00e4glich in Kontakt und haben tats\u00e4chlich das meiste, was sie zeichne, zusammen durchlebt. Und wenn es mal Darstellungen gibt, die so nicht stattgefunden haben, h\u00e4tte sie sie diese gern mit ihrer Nachbarin erlebt. Sie seien zwar nun beide alt, aber sie w\u00fcssten immer noch, wie es sich anf\u00fchlt, ein Kind zu sein und am Strand in Flaschen nach Nachrichten zu suchen.<\/p>\n\n\n\n<p><strong>Ein Beitrag von <a href=\"https:\/\/www.zhaw.ch\/de\/ueber-uns\/person\/bauo\/\">Nicole Baur<\/a>.<\/strong><\/p>\n\n\n\n<p><\/p>\n\n\n\n<p><\/p>\n\n\n\n<h2 class=\"wp-block-heading\" id=\"h-weitere-informationen-zu-inge-look\">Weitere Informationen zu Inge L\u00f6\u00f6k<\/h2>\n\n\n\n<p>Inge L\u00f6\u00f6k geboren 1951 in Helsinki und lebt in Pernaja, Finnland. Sie ist sowohl G\u00e4rtnerin als auch Illustratorin. Die studierte Landschaftsg\u00e4rtnerin schloss auch ein Universit\u00e4tsstudium in Kunst und Design ab.<br>L\u00f6\u00f6k wurde 2017 zum Artist of the Year der finnischen Postcrossing Association ernannt. Seit dem unerwarteten Erfolg, als sie 2003 f\u00fcr das Internationale Komitee vom Roten Kreuz Karten zeichnete, sind \u00fcber 300 Postkarten entstanden. Neben Postkarten kreierte sie auch Kalender und illustrierte B\u00fccher. Erh\u00e4ltlich bei Finnart in Winterthur.<\/p>\n\n\n\n<p><a href=\"https:\/\/www.ingelook.com\">www.ingelook.com <\/a> <\/p>\n\n\n\n<p>Titelbild: Inge L\u00f6\u00f6k<\/p>\n","protected":false},"excerpt":{"rendered":"<p>Inge L\u00f6\u00f6k, die ber\u00fchmte finnisch-schwedische Illustratorin, hat zwei Figuren erschaffen, die f\u00fcr ein \u00e4usserst fr\u00f6hliches und buntes Alltagsleben zweier alter Frauen stehen.<\/p>\n","protected":false},"author":679,"featured_media":545,"comment_status":"open","ping_status":"open","sticky":false,"template":"","format":"standard","meta":{"ngg_post_thumbnail":0,"footnotes":""},"categories":[12],"tags":[],"features":[],"class_list":["post-471","post","type-post","status-publish","format-standard","has-post-thumbnail","hentry","category-altersbilder"],"yoast_head":"<!-- This site is optimized with the Yoast SEO Premium plugin v27.2 (Yoast SEO v27.2) - https:\/\/yoast.com\/product\/yoast-seo-premium-wordpress\/ -->\n<title>Stell Dir vor, du wirst alt und Dein Leben ist fr\u00f6hlich und bunt - vielfALT<\/title>\n<meta name=\"description\" content=\"Bunte Altersbilder. Stell Dir vor, du wirst alt und Dein Leben ist fr\u00f6hlich und bunt.\" \/>\n<meta name=\"robots\" content=\"index, follow, max-snippet:-1, max-image-preview:large, max-video-preview:-1\" \/>\n<link rel=\"canonical\" href=\"https:\/\/blog.zhaw.ch\/vielfalt\/2023\/11\/16\/stell-dir-vor-du-wirst-alt-und-dein-leben-ist-froehlich-und-bunt\/\" \/>\n<meta property=\"og:locale\" content=\"de_DE\" \/>\n<meta property=\"og:type\" content=\"article\" \/>\n<meta property=\"og:title\" content=\"Stell Dir vor, du wirst alt und Dein Leben ist fr\u00f6hlich und bunt\" \/>\n<meta property=\"og:description\" content=\"Bunte Altersbilder. Stell Dir vor, du wirst alt und Dein Leben ist fr\u00f6hlich und bunt.\" \/>\n<meta property=\"og:url\" content=\"https:\/\/blog.zhaw.ch\/vielfalt\/2023\/11\/16\/stell-dir-vor-du-wirst-alt-und-dein-leben-ist-froehlich-und-bunt\/\" \/>\n<meta property=\"og:site_name\" content=\"vielfALT\" \/>\n<meta property=\"article:published_time\" content=\"2023-11-16T11:35:57+00:00\" \/>\n<meta property=\"article:modified_time\" content=\"2024-01-10T08:59:35+00:00\" \/>\n<meta property=\"og:image\" content=\"http:\/\/blog.zhaw.ch\/vielfalt\/files\/2023\/11\/Loeoek-1.png\" \/>\n\t<meta property=\"og:image:width\" content=\"1488\" \/>\n\t<meta property=\"og:image:height\" content=\"645\" \/>\n\t<meta property=\"og:image:type\" content=\"image\/png\" \/>\n<meta name=\"author\" content=\"bauo\" \/>\n<meta name=\"twitter:card\" content=\"summary_large_image\" \/>\n<meta name=\"twitter:label1\" content=\"Verfasst von\" \/>\n\t<meta name=\"twitter:data1\" content=\"bauo\" \/>\n\t<meta name=\"twitter:label2\" content=\"Gesch\u00e4tzte Lesezeit\" \/>\n\t<meta name=\"twitter:data2\" content=\"3\u00a0Minuten\" \/>\n<script type=\"application\/ld+json\" class=\"yoast-schema-graph\">{\"@context\":\"https:\/\/schema.org\",\"@graph\":[{\"@type\":\"Article\",\"@id\":\"https:\/\/blog.zhaw.ch\/vielfalt\/2023\/11\/16\/stell-dir-vor-du-wirst-alt-und-dein-leben-ist-froehlich-und-bunt\/#article\",\"isPartOf\":{\"@id\":\"https:\/\/blog.zhaw.ch\/vielfalt\/2023\/11\/16\/stell-dir-vor-du-wirst-alt-und-dein-leben-ist-froehlich-und-bunt\/\"},\"author\":{\"name\":\"bauo\",\"@id\":\"https:\/\/blog.zhaw.ch\/vielfalt\/#\/schema\/person\/57dc2fed9d0bf4f31e1fd9694ddfbe55\"},\"headline\":\"Stell Dir vor, du wirst alt und Dein Leben ist fr\u00f6hlich und bunt\",\"datePublished\":\"2023-11-16T11:35:57+00:00\",\"dateModified\":\"2024-01-10T08:59:35+00:00\",\"mainEntityOfPage\":{\"@id\":\"https:\/\/blog.zhaw.ch\/vielfalt\/2023\/11\/16\/stell-dir-vor-du-wirst-alt-und-dein-leben-ist-froehlich-und-bunt\/\"},\"wordCount\":472,\"commentCount\":2,\"image\":{\"@id\":\"https:\/\/blog.zhaw.ch\/vielfalt\/2023\/11\/16\/stell-dir-vor-du-wirst-alt-und-dein-leben-ist-froehlich-und-bunt\/#primaryimage\"},\"thumbnailUrl\":\"https:\/\/blog.zhaw.ch\/vielfalt\/files\/2023\/11\/Loeoek-1.png\",\"articleSection\":[\"Altersbilder\"],\"inLanguage\":\"de\",\"potentialAction\":[{\"@type\":\"CommentAction\",\"name\":\"Comment\",\"target\":[\"https:\/\/blog.zhaw.ch\/vielfalt\/2023\/11\/16\/stell-dir-vor-du-wirst-alt-und-dein-leben-ist-froehlich-und-bunt\/#respond\"]}]},{\"@type\":\"WebPage\",\"@id\":\"https:\/\/blog.zhaw.ch\/vielfalt\/2023\/11\/16\/stell-dir-vor-du-wirst-alt-und-dein-leben-ist-froehlich-und-bunt\/\",\"url\":\"https:\/\/blog.zhaw.ch\/vielfalt\/2023\/11\/16\/stell-dir-vor-du-wirst-alt-und-dein-leben-ist-froehlich-und-bunt\/\",\"name\":\"Stell Dir vor, du wirst alt und Dein Leben ist fr\u00f6hlich und bunt - vielfALT\",\"isPartOf\":{\"@id\":\"https:\/\/blog.zhaw.ch\/vielfalt\/#website\"},\"primaryImageOfPage\":{\"@id\":\"https:\/\/blog.zhaw.ch\/vielfalt\/2023\/11\/16\/stell-dir-vor-du-wirst-alt-und-dein-leben-ist-froehlich-und-bunt\/#primaryimage\"},\"image\":{\"@id\":\"https:\/\/blog.zhaw.ch\/vielfalt\/2023\/11\/16\/stell-dir-vor-du-wirst-alt-und-dein-leben-ist-froehlich-und-bunt\/#primaryimage\"},\"thumbnailUrl\":\"https:\/\/blog.zhaw.ch\/vielfalt\/files\/2023\/11\/Loeoek-1.png\",\"datePublished\":\"2023-11-16T11:35:57+00:00\",\"dateModified\":\"2024-01-10T08:59:35+00:00\",\"author\":{\"@id\":\"https:\/\/blog.zhaw.ch\/vielfalt\/#\/schema\/person\/57dc2fed9d0bf4f31e1fd9694ddfbe55\"},\"description\":\"Bunte Altersbilder. Stell Dir vor, du wirst alt und Dein Leben ist fr\u00f6hlich und bunt.\",\"breadcrumb\":{\"@id\":\"https:\/\/blog.zhaw.ch\/vielfalt\/2023\/11\/16\/stell-dir-vor-du-wirst-alt-und-dein-leben-ist-froehlich-und-bunt\/#breadcrumb\"},\"inLanguage\":\"de\",\"potentialAction\":[{\"@type\":\"ReadAction\",\"target\":[\"https:\/\/blog.zhaw.ch\/vielfalt\/2023\/11\/16\/stell-dir-vor-du-wirst-alt-und-dein-leben-ist-froehlich-und-bunt\/\"]}]},{\"@type\":\"ImageObject\",\"inLanguage\":\"de\",\"@id\":\"https:\/\/blog.zhaw.ch\/vielfalt\/2023\/11\/16\/stell-dir-vor-du-wirst-alt-und-dein-leben-ist-froehlich-und-bunt\/#primaryimage\",\"url\":\"https:\/\/blog.zhaw.ch\/vielfalt\/files\/2023\/11\/Loeoek-1.png\",\"contentUrl\":\"https:\/\/blog.zhaw.ch\/vielfalt\/files\/2023\/11\/Loeoek-1.png\",\"width\":1488,\"height\":645,\"caption\":\"\u00a9 Inge L\u00f6\u00f6k\"},{\"@type\":\"BreadcrumbList\",\"@id\":\"https:\/\/blog.zhaw.ch\/vielfalt\/2023\/11\/16\/stell-dir-vor-du-wirst-alt-und-dein-leben-ist-froehlich-und-bunt\/#breadcrumb\",\"itemListElement\":[{\"@type\":\"ListItem\",\"position\":1,\"name\":\"Startseite\",\"item\":\"https:\/\/blog.zhaw.ch\/vielfalt\/\"},{\"@type\":\"ListItem\",\"position\":2,\"name\":\"Stell Dir vor, du wirst alt und Dein Leben ist fr\u00f6hlich und bunt\"}]},{\"@type\":\"WebSite\",\"@id\":\"https:\/\/blog.zhaw.ch\/vielfalt\/#website\",\"url\":\"https:\/\/blog.zhaw.ch\/vielfalt\/\",\"name\":\"vielfALT\",\"description\":\"Ein Blog der ZHAW Z\u00fcrcher Hochschule f\u00fcr Angewandte Wissenschaften\",\"potentialAction\":[{\"@type\":\"SearchAction\",\"target\":{\"@type\":\"EntryPoint\",\"urlTemplate\":\"https:\/\/blog.zhaw.ch\/vielfalt\/?s={search_term_string}\"},\"query-input\":{\"@type\":\"PropertyValueSpecification\",\"valueRequired\":true,\"valueName\":\"search_term_string\"}}],\"inLanguage\":\"de\"},{\"@type\":\"Person\",\"@id\":\"https:\/\/blog.zhaw.ch\/vielfalt\/#\/schema\/person\/57dc2fed9d0bf4f31e1fd9694ddfbe55\",\"name\":\"bauo\",\"url\":\"https:\/\/blog.zhaw.ch\/vielfalt\/author\/bauo\/\"}]}<\/script>\n<!-- \/ Yoast SEO Premium plugin. -->","yoast_head_json":{"title":"Stell Dir vor, du wirst alt und Dein Leben ist fr\u00f6hlich und bunt - vielfALT","description":"Bunte Altersbilder. Stell Dir vor, du wirst alt und Dein Leben ist fr\u00f6hlich und bunt.","robots":{"index":"index","follow":"follow","max-snippet":"max-snippet:-1","max-image-preview":"max-image-preview:large","max-video-preview":"max-video-preview:-1"},"canonical":"https:\/\/blog.zhaw.ch\/vielfalt\/2023\/11\/16\/stell-dir-vor-du-wirst-alt-und-dein-leben-ist-froehlich-und-bunt\/","og_locale":"de_DE","og_type":"article","og_title":"Stell Dir vor, du wirst alt und Dein Leben ist fr\u00f6hlich und bunt","og_description":"Bunte Altersbilder. Stell Dir vor, du wirst alt und Dein Leben ist fr\u00f6hlich und bunt.","og_url":"https:\/\/blog.zhaw.ch\/vielfalt\/2023\/11\/16\/stell-dir-vor-du-wirst-alt-und-dein-leben-ist-froehlich-und-bunt\/","og_site_name":"vielfALT","article_published_time":"2023-11-16T11:35:57+00:00","article_modified_time":"2024-01-10T08:59:35+00:00","og_image":[{"width":1488,"height":645,"url":"http:\/\/blog.zhaw.ch\/vielfalt\/files\/2023\/11\/Loeoek-1.png","type":"image\/png"}],"author":"bauo","twitter_card":"summary_large_image","twitter_misc":{"Verfasst von":"bauo","Gesch\u00e4tzte Lesezeit":"3\u00a0Minuten"},"schema":{"@context":"https:\/\/schema.org","@graph":[{"@type":"Article","@id":"https:\/\/blog.zhaw.ch\/vielfalt\/2023\/11\/16\/stell-dir-vor-du-wirst-alt-und-dein-leben-ist-froehlich-und-bunt\/#article","isPartOf":{"@id":"https:\/\/blog.zhaw.ch\/vielfalt\/2023\/11\/16\/stell-dir-vor-du-wirst-alt-und-dein-leben-ist-froehlich-und-bunt\/"},"author":{"name":"bauo","@id":"https:\/\/blog.zhaw.ch\/vielfalt\/#\/schema\/person\/57dc2fed9d0bf4f31e1fd9694ddfbe55"},"headline":"Stell Dir vor, du wirst alt und Dein Leben ist fr\u00f6hlich und bunt","datePublished":"2023-11-16T11:35:57+00:00","dateModified":"2024-01-10T08:59:35+00:00","mainEntityOfPage":{"@id":"https:\/\/blog.zhaw.ch\/vielfalt\/2023\/11\/16\/stell-dir-vor-du-wirst-alt-und-dein-leben-ist-froehlich-und-bunt\/"},"wordCount":472,"commentCount":2,"image":{"@id":"https:\/\/blog.zhaw.ch\/vielfalt\/2023\/11\/16\/stell-dir-vor-du-wirst-alt-und-dein-leben-ist-froehlich-und-bunt\/#primaryimage"},"thumbnailUrl":"https:\/\/blog.zhaw.ch\/vielfalt\/files\/2023\/11\/Loeoek-1.png","articleSection":["Altersbilder"],"inLanguage":"de","potentialAction":[{"@type":"CommentAction","name":"Comment","target":["https:\/\/blog.zhaw.ch\/vielfalt\/2023\/11\/16\/stell-dir-vor-du-wirst-alt-und-dein-leben-ist-froehlich-und-bunt\/#respond"]}]},{"@type":"WebPage","@id":"https:\/\/blog.zhaw.ch\/vielfalt\/2023\/11\/16\/stell-dir-vor-du-wirst-alt-und-dein-leben-ist-froehlich-und-bunt\/","url":"https:\/\/blog.zhaw.ch\/vielfalt\/2023\/11\/16\/stell-dir-vor-du-wirst-alt-und-dein-leben-ist-froehlich-und-bunt\/","name":"Stell Dir vor, du wirst alt und Dein Leben ist fr\u00f6hlich und bunt - vielfALT","isPartOf":{"@id":"https:\/\/blog.zhaw.ch\/vielfalt\/#website"},"primaryImageOfPage":{"@id":"https:\/\/blog.zhaw.ch\/vielfalt\/2023\/11\/16\/stell-dir-vor-du-wirst-alt-und-dein-leben-ist-froehlich-und-bunt\/#primaryimage"},"image":{"@id":"https:\/\/blog.zhaw.ch\/vielfalt\/2023\/11\/16\/stell-dir-vor-du-wirst-alt-und-dein-leben-ist-froehlich-und-bunt\/#primaryimage"},"thumbnailUrl":"https:\/\/blog.zhaw.ch\/vielfalt\/files\/2023\/11\/Loeoek-1.png","datePublished":"2023-11-16T11:35:57+00:00","dateModified":"2024-01-10T08:59:35+00:00","author":{"@id":"https:\/\/blog.zhaw.ch\/vielfalt\/#\/schema\/person\/57dc2fed9d0bf4f31e1fd9694ddfbe55"},"description":"Bunte Altersbilder. Stell Dir vor, du wirst alt und Dein Leben ist fr\u00f6hlich und bunt.","breadcrumb":{"@id":"https:\/\/blog.zhaw.ch\/vielfalt\/2023\/11\/16\/stell-dir-vor-du-wirst-alt-und-dein-leben-ist-froehlich-und-bunt\/#breadcrumb"},"inLanguage":"de","potentialAction":[{"@type":"ReadAction","target":["https:\/\/blog.zhaw.ch\/vielfalt\/2023\/11\/16\/stell-dir-vor-du-wirst-alt-und-dein-leben-ist-froehlich-und-bunt\/"]}]},{"@type":"ImageObject","inLanguage":"de","@id":"https:\/\/blog.zhaw.ch\/vielfalt\/2023\/11\/16\/stell-dir-vor-du-wirst-alt-und-dein-leben-ist-froehlich-und-bunt\/#primaryimage","url":"https:\/\/blog.zhaw.ch\/vielfalt\/files\/2023\/11\/Loeoek-1.png","contentUrl":"https:\/\/blog.zhaw.ch\/vielfalt\/files\/2023\/11\/Loeoek-1.png","width":1488,"height":645,"caption":"\u00a9 Inge L\u00f6\u00f6k"},{"@type":"BreadcrumbList","@id":"https:\/\/blog.zhaw.ch\/vielfalt\/2023\/11\/16\/stell-dir-vor-du-wirst-alt-und-dein-leben-ist-froehlich-und-bunt\/#breadcrumb","itemListElement":[{"@type":"ListItem","position":1,"name":"Startseite","item":"https:\/\/blog.zhaw.ch\/vielfalt\/"},{"@type":"ListItem","position":2,"name":"Stell Dir vor, du wirst alt und Dein Leben ist fr\u00f6hlich und bunt"}]},{"@type":"WebSite","@id":"https:\/\/blog.zhaw.ch\/vielfalt\/#website","url":"https:\/\/blog.zhaw.ch\/vielfalt\/","name":"vielfALT","description":"Ein Blog der ZHAW Z\u00fcrcher Hochschule f\u00fcr Angewandte Wissenschaften","potentialAction":[{"@type":"SearchAction","target":{"@type":"EntryPoint","urlTemplate":"https:\/\/blog.zhaw.ch\/vielfalt\/?s={search_term_string}"},"query-input":{"@type":"PropertyValueSpecification","valueRequired":true,"valueName":"search_term_string"}}],"inLanguage":"de"},{"@type":"Person","@id":"https:\/\/blog.zhaw.ch\/vielfalt\/#\/schema\/person\/57dc2fed9d0bf4f31e1fd9694ddfbe55","name":"bauo","url":"https:\/\/blog.zhaw.ch\/vielfalt\/author\/bauo\/"}]}},"_links":{"self":[{"href":"https:\/\/blog.zhaw.ch\/vielfalt\/wp-json\/wp\/v2\/posts\/471","targetHints":{"allow":["GET"]}}],"collection":[{"href":"https:\/\/blog.zhaw.ch\/vielfalt\/wp-json\/wp\/v2\/posts"}],"about":[{"href":"https:\/\/blog.zhaw.ch\/vielfalt\/wp-json\/wp\/v2\/types\/post"}],"author":[{"embeddable":true,"href":"https:\/\/blog.zhaw.ch\/vielfalt\/wp-json\/wp\/v2\/users\/679"}],"replies":[{"embeddable":true,"href":"https:\/\/blog.zhaw.ch\/vielfalt\/wp-json\/wp\/v2\/comments?post=471"}],"version-history":[{"count":33,"href":"https:\/\/blog.zhaw.ch\/vielfalt\/wp-json\/wp\/v2\/posts\/471\/revisions"}],"predecessor-version":[{"id":579,"href":"https:\/\/blog.zhaw.ch\/vielfalt\/wp-json\/wp\/v2\/posts\/471\/revisions\/579"}],"wp:featuredmedia":[{"embeddable":true,"href":"https:\/\/blog.zhaw.ch\/vielfalt\/wp-json\/wp\/v2\/media\/545"}],"wp:attachment":[{"href":"https:\/\/blog.zhaw.ch\/vielfalt\/wp-json\/wp\/v2\/media?parent=471"}],"wp:term":[{"taxonomy":"category","embeddable":true,"href":"https:\/\/blog.zhaw.ch\/vielfalt\/wp-json\/wp\/v2\/categories?post=471"},{"taxonomy":"post_tag","embeddable":true,"href":"https:\/\/blog.zhaw.ch\/vielfalt\/wp-json\/wp\/v2\/tags?post=471"},{"taxonomy":"features","embeddable":true,"href":"https:\/\/blog.zhaw.ch\/vielfalt\/wp-json\/wp\/v2\/features?post=471"}],"curies":[{"name":"wp","href":"https:\/\/api.w.org\/{rel}","templated":true}]}}