{"id":1145,"date":"2025-09-11T17:16:36","date_gmt":"2025-09-11T15:16:36","guid":{"rendered":"https:\/\/blog.zhaw.ch\/vielfalt\/?p=1145"},"modified":"2025-09-17T14:15:40","modified_gmt":"2025-09-17T12:15:40","slug":"wie-eine-frau-mit-musik-aelteren-menschen-lebensmut-verliehen-hat","status":"publish","type":"post","link":"https:\/\/blog.zhaw.ch\/vielfalt\/2025\/09\/11\/wie-eine-frau-mit-musik-aelteren-menschen-lebensmut-verliehen-hat\/","title":{"rendered":"Wie eine Frau mit uralten LPs \u00e4lteren Menschen frischen Lebensmut verliehen hat\u00a0"},"content":{"rendered":"\n<p>Die Musik unserer Kindheit und Jugend brennt sich tief in unser Ged\u00e4chtnis ein. Daher ist sie selbst noch zug\u00e4nglich, wenn wir einen grossen Teil unseres Ged\u00e4chtnisses, z.B. aufgrund einer Demenz, verloren haben. Dieser Umstand brachte Verena Speck auf eine innovative Idee.\u00a0<\/p>\n\n\n\n<p>Nicht nur deswegen bat ich sie zum Gespr\u00e4ch. Mich interessierte zudem, dass sie eine neue \u00abKarriere\u00bb nach der Pensionierung begann und auch dass sie gezielt mit \u00e4lteren Menschen arbeitete.<\/p>\n\n\n\n<h4 class=\"wp-block-heading\" id=\"h-frau-speck-wie-haben-sie-selbst-den-ubergang-vom-regularen-arbeitsleben-in-ihre-teilzeitpensionierung-erlebt-nbsp\"><strong>Frau Speck, wie haben Sie selbst den \u00dcbergang vom regul\u00e4ren Arbeitsleben in Ihre Teilzeitpensionierung erlebt?<\/strong>&nbsp;<\/h4>\n\n\n\n<p>Bereits w\u00e4hrend meiner Arbeit beim Radio (s. &#8222;Zur Person&#8220;) war ich immer wieder innovativ und voller Neugierde. Mit 60 Jahren habe ich mich dann fr\u00fchpensionieren lassen, weil ich keine Sesselkleberin sein wollte. Mit der neu gewonnenen Zeit erf\u00fcllte ich mir zun\u00e4chst einen lang gehegten Wunsch, n\u00e4mlich einen vier Wochen langen Sprachkurs in Grossbritannien. Danach habe ich als Freiwillige bei Projekten der Caritas mitgearbeitet und viele St\u00e4dte-Trips gemacht. Die Freiwilligenarbeit war mit sehr viel Verantwortung verbunden, das hat mich belastet und die St\u00e4dte-Trips sind mir schnell \u00abverleidet\u00bb. Ich wollte lieber wieder in einem Arbeitsprozess drin sein.\u00a0\u00a0<\/p>\n\n\n\n<p>Durch Zufall entdeckte mein Neffe ein Inserat, in welchem f\u00fcr eine Seniorenresidenz jemand mit Lebenserfahrung, Interesse an Architektur und sozialen Kompetenzen gesucht wurde. \u201eDas wurde f\u00fcr dich geschrieben\u201c, meinte er. Kurzum bewarb ich mich und erhielt die Stelle als Wohnberaterin. F\u00fcr mich war es toll, die eigene Lebenserfahrung einzubringen, mich mit Leib und Seele mit dem Leitbild zu identifizieren, und die Menschen dort sind mir ans Herz gewachsen. F\u00fcr viele war der Umzug von einem Haus oder einer Wohnung in die Seniorenresidenz sehr schmerzhaft. Sie mussten sehr viele Sachen weggeben, da sie weniger Platz zur Verf\u00fcgung hatten, und vom gewohnten Leben Abschied nehmen.\u00a0<\/p>\n\n\n\n<h4 class=\"wp-block-heading\" id=\"h-wie-kamen-sie-auf-die-idee-der-tanzcafes-nbsp\"><strong>Wie kamen Sie auf die Idee der Tanzcaf\u00e9s?<\/strong>&nbsp;<\/h4>\n\n\n\n<p>Einmal begleitete ich im Rahmen dieser T\u00e4tigkeit eine Fabrikantengattin im Z\u00fcrich Oberland, die in einer Villa wohnte und in die sch\u00f6nste Alterswohnung zu ziehen beabsichtigte. Sie besass eine sehr grosse Plattensammlung, ungef\u00e4hr 500 LPs mit Operetten, Schlager- und Unterhaltungsmusik von Peter Alexander bis Johann Strauss: die Musik meiner Generation. Sie wollte sich von dieser Sammlung trennen. Da kam Ich auf die Idee, diesen Menschen, die in Alterswohneinrichtungen ziehen und so vieles loslassen m\u00fcssen, etwas zur\u00fcckzugeben, und zwar in Form von Musik. &nbsp;Deshalb \u00fcbernahm ich die Sammlung.&nbsp;<\/p>\n\n\n\n<p>Allm\u00e4hlich reifte in mir die Idee, mich selbstst\u00e4ndig zu machen. Bei einem familieninternen Brainstorming fiel der Ausdruck Kaltmamsell, eine altert\u00fcmliche Bezeichnung aus der Gastronomie.&nbsp; Daraus entstand der Name Musikmamsell. Mir gefiel der Ausdruck, denn wie die Kaltmamsell biete ich als Musikmamsell ebenfalls eine Dienstleistung an. Mein Angebot waren Wunschkonzerte, Musikquizzes und Musiklottos.&nbsp;<\/p>\n\n\n\n<p>Durch meine fr\u00fchere T\u00e4tigkeit als Wohnberaterin besass ich viele Kontakte zu Altersheimen. Und dank Mund-zu-Mund-Propaganda bekam ich Angebote aus der ganzen Deutschschweiz. Auch viele Aktivierungsfachpersonen habe ich kennengelernt. Diese haben sich dann sehr f\u00fcr meine Angebote interessiert und mich oft eingeladen, z.B. nach Luzern, Horw und Bern. &nbsp;<\/p>\n\n\n\n<h4 class=\"wp-block-heading\" id=\"h-was-hat-sie-am-meisten-an-ihrer-arbeit-als-musikmamsell-fasziniert-nbsp\"><strong>Was hat Sie am meisten an Ihrer Arbeit als Musikmamsell fasziniert?<\/strong>&nbsp;<\/h4>\n\n\n\n<p>Was mir am besten gefallen hat, war, dass vermeintlich sprachlose Menschen pl\u00f6tzlich mitsingen oder sich mit der Musik bewegen konnten. Bei einem meiner Engagements in einer Senioren-Residenz in Muri bei Bern liess ein Senior seinen Rollator stehen und tanzte mit einer Pflegerin zu seinem Wunschlied \u201eIch tanze mit dir in den Himmel hinein\u00bb, dem alten Filmschlager, gesungen von Lilian Harvey und Willy Fritsch.&nbsp;&nbsp;<\/p>\n\n\n\n<p>Ich habe das Personal gebeten, auch die Bewohnenden mit Demenz an den Anlass zu bringen, da die Musik einen Zugang zu ihren Erinnerungen erm\u00f6glicht.&nbsp; Es war mir ein wichtiges Anliegen auch an \u00f6ffentlichen Orten aufzulegen, zum Beispiel im Restaurant, denn die Tanzcaf\u00e9s sollten sichtbar und niederschwellig zu erreichen sein. Einen geeigneten Ort fand ich beim Bahnhof Oerlikon. Zu meiner Freude kamen die Leute in ihren Sonntagskleidern, was den Anlass zu etwas Besonderem machte.&nbsp;&nbsp;<\/p>\n\n\n\n<p>Leider wurde genau dieser Raum in Oerlikon dann umgenutzt, sodass ein Tanzcaf\u00e9 nicht mehr m\u00f6glich war. Statt einen neuen Raum zu suchen, habe ich 2018 aufgeh\u00f6rt. Denn R\u00e4ume, die meinen Anspr\u00fcchen gen\u00fcgen, sind rar. Mir war Professionalit\u00e4t immer sehr wichtig. Mein Tanzcaf\u00e9 war f\u00fcr mich mehr als ein Hobby gewesen.<\/p>\n\n\n\n<h4 class=\"wp-block-heading\" id=\"h-wie-ging-es-dann-weiter-mit-ihrer-arbeit-nbsp\"><strong>Wie ging es dann weiter mit Ihrer Arbeit?<\/strong>&nbsp;<\/h4>\n\n\n\n<p>Ich bekam von allen Seiten immer wieder LPs geschenkt. Die Sammlung wurde gr\u00f6sser und ich fing an, die Platten \u00fcber eine eigene Webseite zu verkaufen. Mein B\u00fcro in einer ehemaligen Schreinerei verwandelte sich Schritt f\u00fcr Schritt in einen Schallplattenladen. Der Laden und der Versand liefen gut. Das Lokal war allerdings sanierungsbed\u00fcrftig und pers\u00f6nliche Umst\u00e4nde bewogen mich, den Laden aufzugeben und nach Winterthur, in die N\u00e4he meiner Tochter und deren Familie umzuziehen. Den Online-Plattenladen behielt ich jedoch weiterhin.&nbsp;<\/p>\n\n\n\n<h4 class=\"wp-block-heading\" id=\"h-wie-konnten-sie-ihr-musikwissen-sonst-noch-einsetzen-nbsp\"><strong>Wie konnten Sie ihr Musikwissen sonst noch einsetzen?<\/strong>&nbsp;<\/h4>\n\n\n\n<p>F\u00fcr ein Demenzheim habe ich aufgrund von biografischen Angaben Playlists f\u00fcr Bewohnende zusammengestellt oder bei der Suche nach geliebten Titeln geholfen. Oder bei Wunschkonzerten verschollene Lieblingsmelodien aufgesp\u00fcrt. Einmal hat mir jemand gesagt, er erinnere sich an ein Lied, aber er wisse nur noch, dass es um s\u2019 Muetti ging. Als ich ihm das Lied O M\u00fceti von Ruedi R\u00fcegsegger abgespielt habe, liefen ihm Tr\u00e4nen herunter. Dieses Lied habe er seit seiner Kindheit nicht mehr geh\u00f6rt.&nbsp;<\/p>\n\n\n\n<p>Ein anderes Mal erhielt ich eine Anfrage von einem Mann Mitte 80, der sterben wollte, aber vorher nochmal einen bestimmten M\u00e4nnerchor h\u00f6ren wollte. Das Lied fand ich auf einer alten Schellackplatte und als er es h\u00f6rte, wollte er dann doch nicht mehr sterben.&nbsp;<\/p>\n\n\n\n<h4 class=\"wp-block-heading\" id=\"h-welche-sind-nbsp-ihre-personlichen-lieblingslieder-oder-sanger-innen-nbsp\"><strong>Welche sind &nbsp;Ihre pers\u00f6nlichen Lieblingslieder oder S\u00e4nger:innen?<\/strong>&nbsp;<\/h4>\n\n\n\n<p>Ich h\u00f6re nicht nur Musik von fr\u00fcher, sondern auch aktuelle Musik.&nbsp;<\/p>\n\n\n\n<ol start=\"1\" class=\"wp-block-list\">\n<li>Aus der fr\u00fcheren Zeit: der franz\u00f6sische Chansonnier Charles Treney (z.B. Y&#8217;a d&#8217;la joie)&nbsp;<\/li>\n<\/ol>\n\n\n\n<ol start=\"2\" class=\"wp-block-list\">\n<li>Aus der nicht so fernen Vergangenheit: Billy Joel (z.B. Vienna)&nbsp;<\/li>\n<\/ol>\n\n\n\n<ol start=\"3\" class=\"wp-block-list\">\n<li>Aktuelle Musik: Elektro-Chanson mit Zaho de Sagazan (<em>La symphonie des \u00e9clairs)<\/em>&nbsp;<\/li>\n<\/ol>\n\n\n\n<h4 class=\"wp-block-heading\" id=\"h-was-ist-ihrer-meinung-nach-das-wichtigste-im-alter-nbsp\"><strong>Was ist Ihrer Meinung nach das Wichtigste im Alter?<\/strong>&nbsp;<\/h4>\n\n\n\n<p>Das Wichtigste im Alter ist, neugierig zu bleiben. Mein Leben ist von vielen Zuf\u00e4llen gepr\u00e4gt und es wird sich wieder etwas Neues ergeben. Meine Neugier hat mich bisher nicht verlassen. Ich m\u00f6chte nicht, dass das Einkaufen die einzige Herausforderung resp. der einzige Grund ist, aus der Wohnung zu gehen. Keinesfalls m\u00f6chte ich isoliert leben. Mein Ziel ist ein neues Projekt. Es k\u00f6nnte die Beteiligung an einem Quartier-Caf\u00e9 sein oder ganz was anderes. &nbsp;<\/p>\n\n\n\n<p>Zudem habe ich f\u00fcnf Enkelkinder, zu denen ich einen regen Kontakt habe. Ich bin nun in einer Phase der Dankbarkeit. Ich sehe Joie (Freude, siehe Lieblingslied) an vielen Orten.&nbsp;&nbsp;<\/p>\n\n\n\n<hr class=\"wp-block-separator has-alpha-channel-opacity\" \/>\n\n\n\n<h4 class=\"wp-block-heading\" id=\"h-zur-person-nbsp\"><strong>Zur Person<\/strong>&nbsp;<\/h4>\n\n\n\n<p>Verena Speck (Jahrgang 1942) war 39 Jahre lang beim Schweizer Radio DRS 1 t\u00e4tig \u2013 als Moderatorin, Redaktorin, Reporterin und schliesslich als Co-Leiterin der \u00abMusigw\u00e4lle 531\u00bb. Bekannt war sie auch als Pr\u00e4sentatorin vom \u00abSpielhaus\u00bb am Schweizer Fernsehen.&nbsp;<\/p>\n\n\n\n<p>Ab 2006 bis 2018 war Verena Speck als Musikmamsell unterwegs und weckte mit ihren mobilen Plattenspielern musikalische Erinnerungen. Viel Beachtung fand ihr Tanzcaf\u00e9 f\u00fcr Menschen mit Demenz.&nbsp;<\/p>\n\n\n\n<p>Ihren Plattenladen hat sie ihrem Nachfolger Timo Surbeck \u00fcbergeben. Online unter <a href=\"http:\/\/platten-laden.ch\/\" target=\"_blank\" rel=\"noreferrer noopener\">platten-laden.ch<\/a> zu finden.&nbsp;<\/p>\n\n\n\n<hr class=\"wp-block-separator has-alpha-channel-opacity\" \/>\n\n\n\n<p><strong>Pers\u00f6nlicher Nachtrag<\/strong>&nbsp;<\/p>\n\n\n\n<p>Als junge Frau hatte ich kurze Zeit auf der gerontologischen Psychiatriestation gearbeitet. Dort gab es einen 97j\u00e4hrigen, stark dementen Patienten. Er wirkte sehr wach und hatte Humor, aber er sprach kein Wort mehr.&nbsp;&nbsp;<\/p>\n\n\n\n<p>Eines Nachmittags h\u00f6rte er im Radio ein Lied und fing mit einer Pflegerin an zu tanzen. Trotz unsicheren Schritten beim Gehen, war es offensichtlich, dass er ein guter T\u00e4nzer war. Wenige Tage sp\u00e4ter starb er, aber sein friedlicher Ausdruck und seine Geschicklichkeit beim Tanzen haben mich sehr ber\u00fchrt und deshalb habe ich dieses Erlebnis in meinem Ged\u00e4chtnis behalten.&nbsp;<\/p>\n\n\n\n<p><em>Interview: Nicole A. Baur, ZHAW AGe+\u00a0<\/em><\/p>\n<div class=\"pt-sm\">Schlagw\u00f6rter: <a href=\"https:\/\/blog.zhaw.ch\/vielfalt\/tag\/freizeit\/\">Freizeit<\/a>, <a href=\"https:\/\/blog.zhaw.ch\/vielfalt\/tag\/interview\/\">Interview<\/a>, <a href=\"https:\/\/blog.zhaw.ch\/vielfalt\/tag\/kognitive-gesundheit\/\">Kognitive Gesundheit<\/a>, <a href=\"https:\/\/blog.zhaw.ch\/vielfalt\/tag\/portraet\/\">Portr\u00e4t<\/a><br><\/div>","protected":false},"excerpt":{"rendered":"<p>Nach Stationen bei Radio und Fernsehen packte sie weitere Karrieren im Bereich Musik an und machte Menschen damit gl\u00fccklich.<\/p>\n","protected":false},"author":679,"featured_media":1144,"comment_status":"open","ping_status":"open","sticky":false,"template":"","format":"standard","meta":{"ngg_post_thumbnail":0,"footnotes":""},"categories":[1,12,10],"tags":[38,30,40,29],"features":[],"class_list":["post-1145","post","type-post","status-publish","format-standard","has-post-thumbnail","hentry","category-allgemein","category-altersbilder","category-diversitaet","tag-freizeit","tag-interview","tag-kognitive-gesundheit","tag-portraet"],"yoast_head":"<!-- This site is optimized with the Yoast SEO Premium plugin v27.2 (Yoast SEO v27.2) - https:\/\/yoast.com\/product\/yoast-seo-premium-wordpress\/ -->\n<title>Wie eine Frau mit uralten LPs \u00e4lteren Menschen frischen Lebensmut verliehen hat\u00a0 - vielfALT<\/title>\n<meta name=\"description\" content=\"Was verhilft vermeintlich sprachlose Menschen pl\u00f6tzlich mitsingen oder solchen mit Rollator sich mit der Musik zu bewegen?\" \/>\n<meta name=\"robots\" content=\"index, follow, max-snippet:-1, max-image-preview:large, max-video-preview:-1\" \/>\n<link rel=\"canonical\" href=\"https:\/\/blog.zhaw.ch\/vielfalt\/2025\/09\/11\/wie-eine-frau-mit-musik-aelteren-menschen-lebensmut-verliehen-hat\/\" \/>\n<meta property=\"og:locale\" content=\"de_DE\" \/>\n<meta property=\"og:type\" content=\"article\" \/>\n<meta property=\"og:title\" content=\"Wie eine Frau mit uralten LPs \u00e4lteren Menschen frischen Lebensmut verliehen hat\u00a0\" \/>\n<meta property=\"og:description\" content=\"Was verhilft vermeintlich sprachlose Menschen pl\u00f6tzlich mitsingen oder solchen mit Rollator sich mit der Musik zu bewegen?\" \/>\n<meta property=\"og:url\" content=\"https:\/\/blog.zhaw.ch\/vielfalt\/2025\/09\/11\/wie-eine-frau-mit-musik-aelteren-menschen-lebensmut-verliehen-hat\/\" \/>\n<meta property=\"og:site_name\" content=\"vielfALT\" \/>\n<meta property=\"article:published_time\" content=\"2025-09-11T15:16:36+00:00\" \/>\n<meta property=\"article:modified_time\" content=\"2025-09-17T12:15:40+00:00\" \/>\n<meta property=\"og:image\" content=\"http:\/\/blog.zhaw.ch\/vielfalt\/files\/2025\/09\/v_speck_homeoffice_2.jpg\" \/>\n\t<meta property=\"og:image:width\" content=\"1754\" \/>\n\t<meta property=\"og:image:height\" content=\"1315\" \/>\n\t<meta property=\"og:image:type\" content=\"image\/jpeg\" \/>\n<meta name=\"author\" content=\"bauo\" \/>\n<meta name=\"twitter:card\" content=\"summary_large_image\" \/>\n<meta name=\"twitter:label1\" content=\"Verfasst von\" \/>\n\t<meta name=\"twitter:data1\" content=\"bauo\" \/>\n\t<meta name=\"twitter:label2\" content=\"Gesch\u00e4tzte Lesezeit\" \/>\n\t<meta name=\"twitter:data2\" content=\"8\u00a0Minuten\" \/>\n<script type=\"application\/ld+json\" class=\"yoast-schema-graph\">{\"@context\":\"https:\/\/schema.org\",\"@graph\":[{\"@type\":\"Article\",\"@id\":\"https:\/\/blog.zhaw.ch\/vielfalt\/2025\/09\/11\/wie-eine-frau-mit-musik-aelteren-menschen-lebensmut-verliehen-hat\/#article\",\"isPartOf\":{\"@id\":\"https:\/\/blog.zhaw.ch\/vielfalt\/2025\/09\/11\/wie-eine-frau-mit-musik-aelteren-menschen-lebensmut-verliehen-hat\/\"},\"author\":{\"name\":\"bauo\",\"@id\":\"https:\/\/blog.zhaw.ch\/vielfalt\/#\/schema\/person\/57dc2fed9d0bf4f31e1fd9694ddfbe55\"},\"headline\":\"Wie eine Frau mit uralten LPs \u00e4lteren Menschen frischen Lebensmut verliehen hat\u00a0\",\"datePublished\":\"2025-09-11T15:16:36+00:00\",\"dateModified\":\"2025-09-17T12:15:40+00:00\",\"mainEntityOfPage\":{\"@id\":\"https:\/\/blog.zhaw.ch\/vielfalt\/2025\/09\/11\/wie-eine-frau-mit-musik-aelteren-menschen-lebensmut-verliehen-hat\/\"},\"wordCount\":1350,\"commentCount\":0,\"image\":{\"@id\":\"https:\/\/blog.zhaw.ch\/vielfalt\/2025\/09\/11\/wie-eine-frau-mit-musik-aelteren-menschen-lebensmut-verliehen-hat\/#primaryimage\"},\"thumbnailUrl\":\"https:\/\/blog.zhaw.ch\/vielfalt\/files\/2025\/09\/v_speck_homeoffice_2.jpg\",\"keywords\":[\"Freizeit\",\"Interview\",\"Kognitive Gesundheit\",\"Portr\u00e4t\"],\"articleSection\":{\"1\":\"Altersbilder\",\"2\":\"Diversit\u00e4t\"},\"inLanguage\":\"de\",\"potentialAction\":[{\"@type\":\"CommentAction\",\"name\":\"Comment\",\"target\":[\"https:\/\/blog.zhaw.ch\/vielfalt\/2025\/09\/11\/wie-eine-frau-mit-musik-aelteren-menschen-lebensmut-verliehen-hat\/#respond\"]}]},{\"@type\":\"WebPage\",\"@id\":\"https:\/\/blog.zhaw.ch\/vielfalt\/2025\/09\/11\/wie-eine-frau-mit-musik-aelteren-menschen-lebensmut-verliehen-hat\/\",\"url\":\"https:\/\/blog.zhaw.ch\/vielfalt\/2025\/09\/11\/wie-eine-frau-mit-musik-aelteren-menschen-lebensmut-verliehen-hat\/\",\"name\":\"Wie eine Frau mit uralten LPs \u00e4lteren Menschen frischen Lebensmut verliehen hat\u00a0 - vielfALT\",\"isPartOf\":{\"@id\":\"https:\/\/blog.zhaw.ch\/vielfalt\/#website\"},\"primaryImageOfPage\":{\"@id\":\"https:\/\/blog.zhaw.ch\/vielfalt\/2025\/09\/11\/wie-eine-frau-mit-musik-aelteren-menschen-lebensmut-verliehen-hat\/#primaryimage\"},\"image\":{\"@id\":\"https:\/\/blog.zhaw.ch\/vielfalt\/2025\/09\/11\/wie-eine-frau-mit-musik-aelteren-menschen-lebensmut-verliehen-hat\/#primaryimage\"},\"thumbnailUrl\":\"https:\/\/blog.zhaw.ch\/vielfalt\/files\/2025\/09\/v_speck_homeoffice_2.jpg\",\"datePublished\":\"2025-09-11T15:16:36+00:00\",\"dateModified\":\"2025-09-17T12:15:40+00:00\",\"author\":{\"@id\":\"https:\/\/blog.zhaw.ch\/vielfalt\/#\/schema\/person\/57dc2fed9d0bf4f31e1fd9694ddfbe55\"},\"description\":\"Was verhilft vermeintlich sprachlose Menschen pl\u00f6tzlich mitsingen oder solchen mit Rollator sich mit der Musik zu bewegen?\",\"breadcrumb\":{\"@id\":\"https:\/\/blog.zhaw.ch\/vielfalt\/2025\/09\/11\/wie-eine-frau-mit-musik-aelteren-menschen-lebensmut-verliehen-hat\/#breadcrumb\"},\"inLanguage\":\"de\",\"potentialAction\":[{\"@type\":\"ReadAction\",\"target\":[\"https:\/\/blog.zhaw.ch\/vielfalt\/2025\/09\/11\/wie-eine-frau-mit-musik-aelteren-menschen-lebensmut-verliehen-hat\/\"]}]},{\"@type\":\"ImageObject\",\"inLanguage\":\"de\",\"@id\":\"https:\/\/blog.zhaw.ch\/vielfalt\/2025\/09\/11\/wie-eine-frau-mit-musik-aelteren-menschen-lebensmut-verliehen-hat\/#primaryimage\",\"url\":\"https:\/\/blog.zhaw.ch\/vielfalt\/files\/2025\/09\/v_speck_homeoffice_2.jpg\",\"contentUrl\":\"https:\/\/blog.zhaw.ch\/vielfalt\/files\/2025\/09\/v_speck_homeoffice_2.jpg\",\"width\":1754,\"height\":1315,\"caption\":\"Verena Speck umgeben von Plattenspieler, LPs, CDs, Laptop und Stereoanlage.\"},{\"@type\":\"BreadcrumbList\",\"@id\":\"https:\/\/blog.zhaw.ch\/vielfalt\/2025\/09\/11\/wie-eine-frau-mit-musik-aelteren-menschen-lebensmut-verliehen-hat\/#breadcrumb\",\"itemListElement\":[{\"@type\":\"ListItem\",\"position\":1,\"name\":\"Startseite\",\"item\":\"https:\/\/blog.zhaw.ch\/vielfalt\/\"},{\"@type\":\"ListItem\",\"position\":2,\"name\":\"Wie eine Frau mit uralten LPs \u00e4lteren Menschen frischen Lebensmut verliehen hat\u00a0\"}]},{\"@type\":\"WebSite\",\"@id\":\"https:\/\/blog.zhaw.ch\/vielfalt\/#website\",\"url\":\"https:\/\/blog.zhaw.ch\/vielfalt\/\",\"name\":\"vielfALT\",\"description\":\"Ein Blog der ZHAW Z\u00fcrcher Hochschule f\u00fcr Angewandte Wissenschaften\",\"potentialAction\":[{\"@type\":\"SearchAction\",\"target\":{\"@type\":\"EntryPoint\",\"urlTemplate\":\"https:\/\/blog.zhaw.ch\/vielfalt\/?s={search_term_string}\"},\"query-input\":{\"@type\":\"PropertyValueSpecification\",\"valueRequired\":true,\"valueName\":\"search_term_string\"}}],\"inLanguage\":\"de\"},{\"@type\":\"Person\",\"@id\":\"https:\/\/blog.zhaw.ch\/vielfalt\/#\/schema\/person\/57dc2fed9d0bf4f31e1fd9694ddfbe55\",\"name\":\"bauo\",\"url\":\"https:\/\/blog.zhaw.ch\/vielfalt\/author\/bauo\/\"}]}<\/script>\n<!-- \/ Yoast SEO Premium plugin. -->","yoast_head_json":{"title":"Wie eine Frau mit uralten LPs \u00e4lteren Menschen frischen Lebensmut verliehen hat\u00a0 - vielfALT","description":"Was verhilft vermeintlich sprachlose Menschen pl\u00f6tzlich mitsingen oder solchen mit Rollator sich mit der Musik zu bewegen?","robots":{"index":"index","follow":"follow","max-snippet":"max-snippet:-1","max-image-preview":"max-image-preview:large","max-video-preview":"max-video-preview:-1"},"canonical":"https:\/\/blog.zhaw.ch\/vielfalt\/2025\/09\/11\/wie-eine-frau-mit-musik-aelteren-menschen-lebensmut-verliehen-hat\/","og_locale":"de_DE","og_type":"article","og_title":"Wie eine Frau mit uralten LPs \u00e4lteren Menschen frischen Lebensmut verliehen hat\u00a0","og_description":"Was verhilft vermeintlich sprachlose Menschen pl\u00f6tzlich mitsingen oder solchen mit Rollator sich mit der Musik zu bewegen?","og_url":"https:\/\/blog.zhaw.ch\/vielfalt\/2025\/09\/11\/wie-eine-frau-mit-musik-aelteren-menschen-lebensmut-verliehen-hat\/","og_site_name":"vielfALT","article_published_time":"2025-09-11T15:16:36+00:00","article_modified_time":"2025-09-17T12:15:40+00:00","og_image":[{"width":1754,"height":1315,"url":"http:\/\/blog.zhaw.ch\/vielfalt\/files\/2025\/09\/v_speck_homeoffice_2.jpg","type":"image\/jpeg"}],"author":"bauo","twitter_card":"summary_large_image","twitter_misc":{"Verfasst von":"bauo","Gesch\u00e4tzte Lesezeit":"8\u00a0Minuten"},"schema":{"@context":"https:\/\/schema.org","@graph":[{"@type":"Article","@id":"https:\/\/blog.zhaw.ch\/vielfalt\/2025\/09\/11\/wie-eine-frau-mit-musik-aelteren-menschen-lebensmut-verliehen-hat\/#article","isPartOf":{"@id":"https:\/\/blog.zhaw.ch\/vielfalt\/2025\/09\/11\/wie-eine-frau-mit-musik-aelteren-menschen-lebensmut-verliehen-hat\/"},"author":{"name":"bauo","@id":"https:\/\/blog.zhaw.ch\/vielfalt\/#\/schema\/person\/57dc2fed9d0bf4f31e1fd9694ddfbe55"},"headline":"Wie eine Frau mit uralten LPs \u00e4lteren Menschen frischen Lebensmut verliehen hat\u00a0","datePublished":"2025-09-11T15:16:36+00:00","dateModified":"2025-09-17T12:15:40+00:00","mainEntityOfPage":{"@id":"https:\/\/blog.zhaw.ch\/vielfalt\/2025\/09\/11\/wie-eine-frau-mit-musik-aelteren-menschen-lebensmut-verliehen-hat\/"},"wordCount":1350,"commentCount":0,"image":{"@id":"https:\/\/blog.zhaw.ch\/vielfalt\/2025\/09\/11\/wie-eine-frau-mit-musik-aelteren-menschen-lebensmut-verliehen-hat\/#primaryimage"},"thumbnailUrl":"https:\/\/blog.zhaw.ch\/vielfalt\/files\/2025\/09\/v_speck_homeoffice_2.jpg","keywords":["Freizeit","Interview","Kognitive Gesundheit","Portr\u00e4t"],"articleSection":{"1":"Altersbilder","2":"Diversit\u00e4t"},"inLanguage":"de","potentialAction":[{"@type":"CommentAction","name":"Comment","target":["https:\/\/blog.zhaw.ch\/vielfalt\/2025\/09\/11\/wie-eine-frau-mit-musik-aelteren-menschen-lebensmut-verliehen-hat\/#respond"]}]},{"@type":"WebPage","@id":"https:\/\/blog.zhaw.ch\/vielfalt\/2025\/09\/11\/wie-eine-frau-mit-musik-aelteren-menschen-lebensmut-verliehen-hat\/","url":"https:\/\/blog.zhaw.ch\/vielfalt\/2025\/09\/11\/wie-eine-frau-mit-musik-aelteren-menschen-lebensmut-verliehen-hat\/","name":"Wie eine Frau mit uralten LPs \u00e4lteren Menschen frischen Lebensmut verliehen hat\u00a0 - vielfALT","isPartOf":{"@id":"https:\/\/blog.zhaw.ch\/vielfalt\/#website"},"primaryImageOfPage":{"@id":"https:\/\/blog.zhaw.ch\/vielfalt\/2025\/09\/11\/wie-eine-frau-mit-musik-aelteren-menschen-lebensmut-verliehen-hat\/#primaryimage"},"image":{"@id":"https:\/\/blog.zhaw.ch\/vielfalt\/2025\/09\/11\/wie-eine-frau-mit-musik-aelteren-menschen-lebensmut-verliehen-hat\/#primaryimage"},"thumbnailUrl":"https:\/\/blog.zhaw.ch\/vielfalt\/files\/2025\/09\/v_speck_homeoffice_2.jpg","datePublished":"2025-09-11T15:16:36+00:00","dateModified":"2025-09-17T12:15:40+00:00","author":{"@id":"https:\/\/blog.zhaw.ch\/vielfalt\/#\/schema\/person\/57dc2fed9d0bf4f31e1fd9694ddfbe55"},"description":"Was verhilft vermeintlich sprachlose Menschen pl\u00f6tzlich mitsingen oder solchen mit Rollator sich mit der Musik zu bewegen?","breadcrumb":{"@id":"https:\/\/blog.zhaw.ch\/vielfalt\/2025\/09\/11\/wie-eine-frau-mit-musik-aelteren-menschen-lebensmut-verliehen-hat\/#breadcrumb"},"inLanguage":"de","potentialAction":[{"@type":"ReadAction","target":["https:\/\/blog.zhaw.ch\/vielfalt\/2025\/09\/11\/wie-eine-frau-mit-musik-aelteren-menschen-lebensmut-verliehen-hat\/"]}]},{"@type":"ImageObject","inLanguage":"de","@id":"https:\/\/blog.zhaw.ch\/vielfalt\/2025\/09\/11\/wie-eine-frau-mit-musik-aelteren-menschen-lebensmut-verliehen-hat\/#primaryimage","url":"https:\/\/blog.zhaw.ch\/vielfalt\/files\/2025\/09\/v_speck_homeoffice_2.jpg","contentUrl":"https:\/\/blog.zhaw.ch\/vielfalt\/files\/2025\/09\/v_speck_homeoffice_2.jpg","width":1754,"height":1315,"caption":"Verena Speck umgeben von Plattenspieler, LPs, CDs, Laptop und Stereoanlage."},{"@type":"BreadcrumbList","@id":"https:\/\/blog.zhaw.ch\/vielfalt\/2025\/09\/11\/wie-eine-frau-mit-musik-aelteren-menschen-lebensmut-verliehen-hat\/#breadcrumb","itemListElement":[{"@type":"ListItem","position":1,"name":"Startseite","item":"https:\/\/blog.zhaw.ch\/vielfalt\/"},{"@type":"ListItem","position":2,"name":"Wie eine Frau mit uralten LPs \u00e4lteren Menschen frischen Lebensmut verliehen hat\u00a0"}]},{"@type":"WebSite","@id":"https:\/\/blog.zhaw.ch\/vielfalt\/#website","url":"https:\/\/blog.zhaw.ch\/vielfalt\/","name":"vielfALT","description":"Ein Blog der ZHAW Z\u00fcrcher Hochschule f\u00fcr Angewandte Wissenschaften","potentialAction":[{"@type":"SearchAction","target":{"@type":"EntryPoint","urlTemplate":"https:\/\/blog.zhaw.ch\/vielfalt\/?s={search_term_string}"},"query-input":{"@type":"PropertyValueSpecification","valueRequired":true,"valueName":"search_term_string"}}],"inLanguage":"de"},{"@type":"Person","@id":"https:\/\/blog.zhaw.ch\/vielfalt\/#\/schema\/person\/57dc2fed9d0bf4f31e1fd9694ddfbe55","name":"bauo","url":"https:\/\/blog.zhaw.ch\/vielfalt\/author\/bauo\/"}]}},"_links":{"self":[{"href":"https:\/\/blog.zhaw.ch\/vielfalt\/wp-json\/wp\/v2\/posts\/1145","targetHints":{"allow":["GET"]}}],"collection":[{"href":"https:\/\/blog.zhaw.ch\/vielfalt\/wp-json\/wp\/v2\/posts"}],"about":[{"href":"https:\/\/blog.zhaw.ch\/vielfalt\/wp-json\/wp\/v2\/types\/post"}],"author":[{"embeddable":true,"href":"https:\/\/blog.zhaw.ch\/vielfalt\/wp-json\/wp\/v2\/users\/679"}],"replies":[{"embeddable":true,"href":"https:\/\/blog.zhaw.ch\/vielfalt\/wp-json\/wp\/v2\/comments?post=1145"}],"version-history":[{"count":5,"href":"https:\/\/blog.zhaw.ch\/vielfalt\/wp-json\/wp\/v2\/posts\/1145\/revisions"}],"predecessor-version":[{"id":1154,"href":"https:\/\/blog.zhaw.ch\/vielfalt\/wp-json\/wp\/v2\/posts\/1145\/revisions\/1154"}],"wp:featuredmedia":[{"embeddable":true,"href":"https:\/\/blog.zhaw.ch\/vielfalt\/wp-json\/wp\/v2\/media\/1144"}],"wp:attachment":[{"href":"https:\/\/blog.zhaw.ch\/vielfalt\/wp-json\/wp\/v2\/media?parent=1145"}],"wp:term":[{"taxonomy":"category","embeddable":true,"href":"https:\/\/blog.zhaw.ch\/vielfalt\/wp-json\/wp\/v2\/categories?post=1145"},{"taxonomy":"post_tag","embeddable":true,"href":"https:\/\/blog.zhaw.ch\/vielfalt\/wp-json\/wp\/v2\/tags?post=1145"},{"taxonomy":"features","embeddable":true,"href":"https:\/\/blog.zhaw.ch\/vielfalt\/wp-json\/wp\/v2\/features?post=1145"}],"curies":[{"name":"wp","href":"https:\/\/api.w.org\/{rel}","templated":true}]}}