{"id":1051,"date":"2026-08-31T09:56:07","date_gmt":"2026-08-31T07:56:07","guid":{"rendered":"https:\/\/blog.zhaw.ch\/vielfalt\/?p=1051"},"modified":"2026-08-31T09:59:01","modified_gmt":"2026-08-31T07:59:01","slug":"digitalisierungsfragen-im-alters-und-pflegeheim","status":"publish","type":"post","link":"https:\/\/blog.zhaw.ch\/vielfalt\/2026\/08\/31\/digitalisierungsfragen-im-alters-und-pflegeheim\/","title":{"rendered":"Digitalisierungsfragen im Alters- und Pflegeheim"},"content":{"rendered":"\n<h2 class=\"wp-block-heading\" id=\"h-den-stier-bei-den-hornern-packen-oder-wie-das-kaninchen-vor-der-schlange-erstarren-wir-haben-die-wahl\">Den Stier bei den H\u00f6rnern packen oder wie das Kaninchen vor der Schlange erstarren? Wir haben die Wahl!<\/h2>\n\n\n\n<p class=\"wp-block-paragraph\"><em>Alters- und Pflegeheime sind zunehmend mit Digitalisierungs- und Technologisierungsfragen konfrontiert \u2013 und damit herausgefordert. Das B\u00fcrgerspital Basel hat sich der Herausforderung gestellt und liess sich basierend auf systematisch erarbeiteten Grundlagen zusammen mit einem interdisziplin\u00e4ren Team der ZHAW auf einen multiperspektivischen Dialog ein. Die Erkenntnisse fliessen nun in eine neue digitale Roadmap ein.<\/em><\/p>\n\n\n\n<figure class=\"wp-block-image size-full\"><img loading=\"lazy\" decoding=\"async\" width=\"853\" height=\"480\" src=\"http:\/\/blog.zhaw.ch\/vielfalt\/files\/2025\/05\/AdobeStock_216256711analog-digital.png\" alt=\"\" class=\"wp-image-1056\" srcset=\"https:\/\/blog.zhaw.ch\/vielfalt\/files\/2025\/05\/AdobeStock_216256711analog-digital.png 853w, https:\/\/blog.zhaw.ch\/vielfalt\/files\/2025\/05\/AdobeStock_216256711analog-digital-300x169.png 300w, https:\/\/blog.zhaw.ch\/vielfalt\/files\/2025\/05\/AdobeStock_216256711analog-digital-768x432.png 768w\" sizes=\"auto, (max-width: 853px) 100vw, 853px\" \/><\/figure>\n\n\n\n<p class=\"wp-block-paragraph\">Der Einbezug von unterschiedlichen Disziplinen und Perspektiven sei zentral, sagen Dr. Nicole Gerber (Departement Liefe Science an Facility Management LSFM), Dr. Colette Schneider Stingelin (Dep. angewandte Linguistik), Nicole Zigan (Dep. Gesundheit) und Dr. Thorsten Merkle (Dep. LSFM). Das interdisziplin\u00e4re ZHAW-Forschungsteam arbeitete erfolreich mit dem Praxispartner zusammen. <\/p>\n\n\n\n<p class=\"wp-block-paragraph\">Auf welche Herausforderungen bzgl. technologischem und organisationalem Wandel sind sie dabei gestossen? Wo und wie haben sie Digitalisierungspotenzial entdeckt? <a href=\"https:\/\/www.gerontologieblog.ch\/digitalitaet-in-alters-und-pflegeheimen-den-stier-bei-den-hoernern-packen-oder-wie-das-kaninchen-vor-der-schlange-erstarren-wir-haben-die-wahl\/\">Lesen Sie dazu weiter<\/a> auf gemeinsamen Gerontologieblog von AGe+, des Zentrums f\u00fcr Gerontologie der Universit\u00e4t Z\u00fcrich (ZfG) und der Gesundheitszentren f\u00fcr das Alter Stadt Z\u00fcrich<em>.<\/em><\/p>\n<div class=\"pt-sm\">Schlagw\u00f6rter: <a href=\"https:\/\/blog.zhaw.ch\/vielfalt\/tag\/forschung\/\">Forschung<\/a>, <a href=\"https:\/\/blog.zhaw.ch\/vielfalt\/tag\/gerontologieblog\/\">GerontologieBlog<\/a>, <a href=\"https:\/\/blog.zhaw.ch\/vielfalt\/tag\/interprofessionelle-zusammenarbeit\/\">Interprofessionelle Zusammenarbeit<\/a><br><\/div>","protected":false},"excerpt":{"rendered":"<p>Alters- und Pflegeheime sind zunehmend mit Digitalisierungs- und Technologisierungsfragen konfrontiert \u2013 und damit herausgefordert.<\/p>\n","protected":false},"author":679,"featured_media":0,"comment_status":"open","ping_status":"open","sticky":false,"template":"","format":"standard","meta":{"ngg_post_thumbnail":0,"footnotes":""},"categories":[44],"tags":[4,68,16],"features":[],"class_list":["post-1051","post","type-post","status-publish","format-standard","hentry","category-praxis","tag-forschung","tag-gerontologieblog","tag-interprofessionelle-zusammenarbeit"],"yoast_head":"<!-- This site is optimized with the Yoast SEO Premium plugin v28.3 (Yoast SEO v28.3) - https:\/\/yoast.com\/product\/yoast-seo-premium-wordpress\/ -->\n<title>Digitalisierungsfragen im Alters- und Pflegeheim - vielfALT<\/title>\n<meta name=\"description\" content=\"Alters- und Pflegeheime sind zunehmend mit Digitalisierungs- und Technologisierungsfragen konfrontiert - und damit herausgefordert.\" \/>\n<meta name=\"robots\" content=\"index, follow, max-snippet:-1, max-image-preview:large, max-video-preview:-1\" \/>\n<link rel=\"canonical\" href=\"https:\/\/blog.zhaw.ch\/vielfalt\/2026\/08\/31\/digitalisierungsfragen-im-alters-und-pflegeheim\/\" \/>\n<meta property=\"og:locale\" content=\"de_DE\" \/>\n<meta property=\"og:type\" content=\"article\" \/>\n<meta property=\"og:title\" content=\"Digitalisierungsfragen im Alters- und Pflegeheim\" \/>\n<meta property=\"og:description\" content=\"Alters- und Pflegeheime sind zunehmend mit Digitalisierungs- und Technologisierungsfragen konfrontiert - und damit herausgefordert.\" \/>\n<meta property=\"og:url\" content=\"https:\/\/blog.zhaw.ch\/vielfalt\/2026\/08\/31\/digitalisierungsfragen-im-alters-und-pflegeheim\/\" \/>\n<meta property=\"og:site_name\" content=\"vielfALT\" \/>\n<meta property=\"article:published_time\" content=\"2026-08-31T07:56:07+00:00\" \/>\n<meta property=\"article:modified_time\" content=\"2026-08-31T07:59:01+00:00\" \/>\n<meta property=\"og:image\" content=\"https:\/\/blog.zhaw.ch\/vielfalt\/files\/2025\/05\/AdobeStock_216256711analog-digital.png\" \/>\n\t<meta property=\"og:image:width\" content=\"853\" \/>\n\t<meta property=\"og:image:height\" content=\"480\" \/>\n\t<meta property=\"og:image:type\" content=\"image\/png\" \/>\n<meta name=\"author\" content=\"bauo\" \/>\n<meta name=\"twitter:card\" content=\"summary_large_image\" \/>\n<meta name=\"twitter:label1\" content=\"Verfasst von\" \/>\n\t<meta name=\"twitter:data1\" content=\"bauo\" \/>\n\t<meta name=\"twitter:label2\" content=\"Gesch\u00e4tzte Lesezeit\" \/>\n\t<meta name=\"twitter:data2\" content=\"2\u00a0Minuten\" \/>\n<script type=\"application\/ld+json\" class=\"yoast-schema-graph\">{\"@context\":\"https:\\\/\\\/schema.org\",\"@graph\":[{\"@type\":\"Article\",\"@id\":\"https:\\\/\\\/blog.zhaw.ch\\\/vielfalt\\\/2026\\\/08\\\/31\\\/digitalisierungsfragen-im-alters-und-pflegeheim\\\/#article\",\"isPartOf\":{\"@id\":\"https:\\\/\\\/blog.zhaw.ch\\\/vielfalt\\\/2026\\\/08\\\/31\\\/digitalisierungsfragen-im-alters-und-pflegeheim\\\/\"},\"author\":{\"name\":\"bauo\",\"@id\":\"https:\\\/\\\/blog.zhaw.ch\\\/vielfalt\\\/#\\\/schema\\\/person\\\/57dc2fed9d0bf4f31e1fd9694ddfbe55\"},\"headline\":\"Digitalisierungsfragen im Alters- und Pflegeheim\",\"datePublished\":\"2026-08-31T07:56:07+00:00\",\"dateModified\":\"2026-08-31T07:59:01+00:00\",\"mainEntityOfPage\":{\"@id\":\"https:\\\/\\\/blog.zhaw.ch\\\/vielfalt\\\/2026\\\/08\\\/31\\\/digitalisierungsfragen-im-alters-und-pflegeheim\\\/\"},\"wordCount\":173,\"commentCount\":0,\"image\":{\"@id\":\"https:\\\/\\\/blog.zhaw.ch\\\/vielfalt\\\/2026\\\/08\\\/31\\\/digitalisierungsfragen-im-alters-und-pflegeheim\\\/#primaryimage\"},\"thumbnailUrl\":\"http:\\\/\\\/blog.zhaw.ch\\\/vielfalt\\\/files\\\/2025\\\/05\\\/AdobeStock_216256711analog-digital.png\",\"keywords\":[\"Forschung\",\"GerontologieBlog\",\"Interprofessionelle Zusammenarbeit\"],\"articleSection\":[\"Praxis\"],\"inLanguage\":\"de\",\"potentialAction\":[{\"@type\":\"CommentAction\",\"name\":\"Comment\",\"target\":[\"https:\\\/\\\/blog.zhaw.ch\\\/vielfalt\\\/2026\\\/08\\\/31\\\/digitalisierungsfragen-im-alters-und-pflegeheim\\\/#respond\"]}]},{\"@type\":\"WebPage\",\"@id\":\"https:\\\/\\\/blog.zhaw.ch\\\/vielfalt\\\/2026\\\/08\\\/31\\\/digitalisierungsfragen-im-alters-und-pflegeheim\\\/\",\"url\":\"https:\\\/\\\/blog.zhaw.ch\\\/vielfalt\\\/2026\\\/08\\\/31\\\/digitalisierungsfragen-im-alters-und-pflegeheim\\\/\",\"name\":\"Digitalisierungsfragen im Alters- und Pflegeheim - vielfALT\",\"isPartOf\":{\"@id\":\"https:\\\/\\\/blog.zhaw.ch\\\/vielfalt\\\/#website\"},\"primaryImageOfPage\":{\"@id\":\"https:\\\/\\\/blog.zhaw.ch\\\/vielfalt\\\/2026\\\/08\\\/31\\\/digitalisierungsfragen-im-alters-und-pflegeheim\\\/#primaryimage\"},\"image\":{\"@id\":\"https:\\\/\\\/blog.zhaw.ch\\\/vielfalt\\\/2026\\\/08\\\/31\\\/digitalisierungsfragen-im-alters-und-pflegeheim\\\/#primaryimage\"},\"thumbnailUrl\":\"http:\\\/\\\/blog.zhaw.ch\\\/vielfalt\\\/files\\\/2025\\\/05\\\/AdobeStock_216256711analog-digital.png\",\"datePublished\":\"2026-08-31T07:56:07+00:00\",\"dateModified\":\"2026-08-31T07:59:01+00:00\",\"author\":{\"@id\":\"https:\\\/\\\/blog.zhaw.ch\\\/vielfalt\\\/#\\\/schema\\\/person\\\/57dc2fed9d0bf4f31e1fd9694ddfbe55\"},\"description\":\"Alters- und Pflegeheime sind zunehmend mit Digitalisierungs- und Technologisierungsfragen konfrontiert - und damit herausgefordert.\",\"breadcrumb\":{\"@id\":\"https:\\\/\\\/blog.zhaw.ch\\\/vielfalt\\\/2026\\\/08\\\/31\\\/digitalisierungsfragen-im-alters-und-pflegeheim\\\/#breadcrumb\"},\"inLanguage\":\"de\",\"potentialAction\":[{\"@type\":\"ReadAction\",\"target\":[\"https:\\\/\\\/blog.zhaw.ch\\\/vielfalt\\\/2026\\\/08\\\/31\\\/digitalisierungsfragen-im-alters-und-pflegeheim\\\/\"]}]},{\"@type\":\"ImageObject\",\"inLanguage\":\"de\",\"@id\":\"https:\\\/\\\/blog.zhaw.ch\\\/vielfalt\\\/2026\\\/08\\\/31\\\/digitalisierungsfragen-im-alters-und-pflegeheim\\\/#primaryimage\",\"url\":\"https:\\\/\\\/blog.zhaw.ch\\\/vielfalt\\\/files\\\/2025\\\/05\\\/AdobeStock_216256711analog-digital.png\",\"contentUrl\":\"https:\\\/\\\/blog.zhaw.ch\\\/vielfalt\\\/files\\\/2025\\\/05\\\/AdobeStock_216256711analog-digital.png\",\"width\":853,\"height\":480,\"caption\":\"Ein antiker Hebel, der von links nach rechts umgelegt werden kann. Untne links steht analog, unten rechts steht digital\"},{\"@type\":\"BreadcrumbList\",\"@id\":\"https:\\\/\\\/blog.zhaw.ch\\\/vielfalt\\\/2026\\\/08\\\/31\\\/digitalisierungsfragen-im-alters-und-pflegeheim\\\/#breadcrumb\",\"itemListElement\":[{\"@type\":\"ListItem\",\"position\":1,\"name\":\"Startseite\",\"item\":\"https:\\\/\\\/blog.zhaw.ch\\\/vielfalt\\\/\"},{\"@type\":\"ListItem\",\"position\":2,\"name\":\"Digitalisierungsfragen im Alters- und Pflegeheim\"}]},{\"@type\":\"WebSite\",\"@id\":\"https:\\\/\\\/blog.zhaw.ch\\\/vielfalt\\\/#website\",\"url\":\"https:\\\/\\\/blog.zhaw.ch\\\/vielfalt\\\/\",\"name\":\"vielfALT\",\"description\":\"Ein Blog der ZHAW Z\u00fcrcher Hochschule f\u00fcr Angewandte Wissenschaften\",\"potentialAction\":[{\"@type\":\"SearchAction\",\"target\":{\"@type\":\"EntryPoint\",\"urlTemplate\":\"https:\\\/\\\/blog.zhaw.ch\\\/vielfalt\\\/?s={search_term_string}\"},\"query-input\":{\"@type\":\"PropertyValueSpecification\",\"valueRequired\":true,\"valueName\":\"search_term_string\"}}],\"inLanguage\":\"de\"},{\"@type\":\"Person\",\"@id\":\"https:\\\/\\\/blog.zhaw.ch\\\/vielfalt\\\/#\\\/schema\\\/person\\\/57dc2fed9d0bf4f31e1fd9694ddfbe55\",\"name\":\"bauo\",\"url\":\"https:\\\/\\\/blog.zhaw.ch\\\/vielfalt\\\/author\\\/bauo\\\/\"}]}<\/script>\n<!-- \/ Yoast SEO Premium plugin. -->","yoast_head_json":{"title":"Digitalisierungsfragen im Alters- und Pflegeheim - vielfALT","description":"Alters- und Pflegeheime sind zunehmend mit Digitalisierungs- und Technologisierungsfragen konfrontiert - und damit herausgefordert.","robots":{"index":"index","follow":"follow","max-snippet":"max-snippet:-1","max-image-preview":"max-image-preview:large","max-video-preview":"max-video-preview:-1"},"canonical":"https:\/\/blog.zhaw.ch\/vielfalt\/2026\/08\/31\/digitalisierungsfragen-im-alters-und-pflegeheim\/","og_locale":"de_DE","og_type":"article","og_title":"Digitalisierungsfragen im Alters- und Pflegeheim","og_description":"Alters- und Pflegeheime sind zunehmend mit Digitalisierungs- und Technologisierungsfragen konfrontiert - und damit herausgefordert.","og_url":"https:\/\/blog.zhaw.ch\/vielfalt\/2026\/08\/31\/digitalisierungsfragen-im-alters-und-pflegeheim\/","og_site_name":"vielfALT","article_published_time":"2026-08-31T07:56:07+00:00","article_modified_time":"2026-08-31T07:59:01+00:00","og_image":[{"width":853,"height":480,"url":"https:\/\/blog.zhaw.ch\/vielfalt\/files\/2025\/05\/AdobeStock_216256711analog-digital.png","type":"image\/png"}],"author":"bauo","twitter_card":"summary_large_image","twitter_misc":{"Verfasst von":"bauo","Gesch\u00e4tzte Lesezeit":"2\u00a0Minuten"},"schema":{"@context":"https:\/\/schema.org","@graph":[{"@type":"Article","@id":"https:\/\/blog.zhaw.ch\/vielfalt\/2026\/08\/31\/digitalisierungsfragen-im-alters-und-pflegeheim\/#article","isPartOf":{"@id":"https:\/\/blog.zhaw.ch\/vielfalt\/2026\/08\/31\/digitalisierungsfragen-im-alters-und-pflegeheim\/"},"author":{"name":"bauo","@id":"https:\/\/blog.zhaw.ch\/vielfalt\/#\/schema\/person\/57dc2fed9d0bf4f31e1fd9694ddfbe55"},"headline":"Digitalisierungsfragen im Alters- und Pflegeheim","datePublished":"2026-08-31T07:56:07+00:00","dateModified":"2026-08-31T07:59:01+00:00","mainEntityOfPage":{"@id":"https:\/\/blog.zhaw.ch\/vielfalt\/2026\/08\/31\/digitalisierungsfragen-im-alters-und-pflegeheim\/"},"wordCount":173,"commentCount":0,"image":{"@id":"https:\/\/blog.zhaw.ch\/vielfalt\/2026\/08\/31\/digitalisierungsfragen-im-alters-und-pflegeheim\/#primaryimage"},"thumbnailUrl":"http:\/\/blog.zhaw.ch\/vielfalt\/files\/2025\/05\/AdobeStock_216256711analog-digital.png","keywords":["Forschung","GerontologieBlog","Interprofessionelle Zusammenarbeit"],"articleSection":["Praxis"],"inLanguage":"de","potentialAction":[{"@type":"CommentAction","name":"Comment","target":["https:\/\/blog.zhaw.ch\/vielfalt\/2026\/08\/31\/digitalisierungsfragen-im-alters-und-pflegeheim\/#respond"]}]},{"@type":"WebPage","@id":"https:\/\/blog.zhaw.ch\/vielfalt\/2026\/08\/31\/digitalisierungsfragen-im-alters-und-pflegeheim\/","url":"https:\/\/blog.zhaw.ch\/vielfalt\/2026\/08\/31\/digitalisierungsfragen-im-alters-und-pflegeheim\/","name":"Digitalisierungsfragen im Alters- und Pflegeheim - vielfALT","isPartOf":{"@id":"https:\/\/blog.zhaw.ch\/vielfalt\/#website"},"primaryImageOfPage":{"@id":"https:\/\/blog.zhaw.ch\/vielfalt\/2026\/08\/31\/digitalisierungsfragen-im-alters-und-pflegeheim\/#primaryimage"},"image":{"@id":"https:\/\/blog.zhaw.ch\/vielfalt\/2026\/08\/31\/digitalisierungsfragen-im-alters-und-pflegeheim\/#primaryimage"},"thumbnailUrl":"http:\/\/blog.zhaw.ch\/vielfalt\/files\/2025\/05\/AdobeStock_216256711analog-digital.png","datePublished":"2026-08-31T07:56:07+00:00","dateModified":"2026-08-31T07:59:01+00:00","author":{"@id":"https:\/\/blog.zhaw.ch\/vielfalt\/#\/schema\/person\/57dc2fed9d0bf4f31e1fd9694ddfbe55"},"description":"Alters- und Pflegeheime sind zunehmend mit Digitalisierungs- und Technologisierungsfragen konfrontiert - und damit herausgefordert.","breadcrumb":{"@id":"https:\/\/blog.zhaw.ch\/vielfalt\/2026\/08\/31\/digitalisierungsfragen-im-alters-und-pflegeheim\/#breadcrumb"},"inLanguage":"de","potentialAction":[{"@type":"ReadAction","target":["https:\/\/blog.zhaw.ch\/vielfalt\/2026\/08\/31\/digitalisierungsfragen-im-alters-und-pflegeheim\/"]}]},{"@type":"ImageObject","inLanguage":"de","@id":"https:\/\/blog.zhaw.ch\/vielfalt\/2026\/08\/31\/digitalisierungsfragen-im-alters-und-pflegeheim\/#primaryimage","url":"https:\/\/blog.zhaw.ch\/vielfalt\/files\/2025\/05\/AdobeStock_216256711analog-digital.png","contentUrl":"https:\/\/blog.zhaw.ch\/vielfalt\/files\/2025\/05\/AdobeStock_216256711analog-digital.png","width":853,"height":480,"caption":"Ein antiker Hebel, der von links nach rechts umgelegt werden kann. Untne links steht analog, unten rechts steht digital"},{"@type":"BreadcrumbList","@id":"https:\/\/blog.zhaw.ch\/vielfalt\/2026\/08\/31\/digitalisierungsfragen-im-alters-und-pflegeheim\/#breadcrumb","itemListElement":[{"@type":"ListItem","position":1,"name":"Startseite","item":"https:\/\/blog.zhaw.ch\/vielfalt\/"},{"@type":"ListItem","position":2,"name":"Digitalisierungsfragen im Alters- und Pflegeheim"}]},{"@type":"WebSite","@id":"https:\/\/blog.zhaw.ch\/vielfalt\/#website","url":"https:\/\/blog.zhaw.ch\/vielfalt\/","name":"vielfALT","description":"Ein Blog der ZHAW Z\u00fcrcher Hochschule f\u00fcr Angewandte Wissenschaften","potentialAction":[{"@type":"SearchAction","target":{"@type":"EntryPoint","urlTemplate":"https:\/\/blog.zhaw.ch\/vielfalt\/?s={search_term_string}"},"query-input":{"@type":"PropertyValueSpecification","valueRequired":true,"valueName":"search_term_string"}}],"inLanguage":"de"},{"@type":"Person","@id":"https:\/\/blog.zhaw.ch\/vielfalt\/#\/schema\/person\/57dc2fed9d0bf4f31e1fd9694ddfbe55","name":"bauo","url":"https:\/\/blog.zhaw.ch\/vielfalt\/author\/bauo\/"}]}},"_links":{"self":[{"href":"https:\/\/blog.zhaw.ch\/vielfalt\/wp-json\/wp\/v2\/posts\/1051","targetHints":{"allow":["GET"]}}],"collection":[{"href":"https:\/\/blog.zhaw.ch\/vielfalt\/wp-json\/wp\/v2\/posts"}],"about":[{"href":"https:\/\/blog.zhaw.ch\/vielfalt\/wp-json\/wp\/v2\/types\/post"}],"author":[{"embeddable":true,"href":"https:\/\/blog.zhaw.ch\/vielfalt\/wp-json\/wp\/v2\/users\/679"}],"replies":[{"embeddable":true,"href":"https:\/\/blog.zhaw.ch\/vielfalt\/wp-json\/wp\/v2\/comments?post=1051"}],"version-history":[{"count":5,"href":"https:\/\/blog.zhaw.ch\/vielfalt\/wp-json\/wp\/v2\/posts\/1051\/revisions"}],"predecessor-version":[{"id":1057,"href":"https:\/\/blog.zhaw.ch\/vielfalt\/wp-json\/wp\/v2\/posts\/1051\/revisions\/1057"}],"wp:attachment":[{"href":"https:\/\/blog.zhaw.ch\/vielfalt\/wp-json\/wp\/v2\/media?parent=1051"}],"wp:term":[{"taxonomy":"category","embeddable":true,"href":"https:\/\/blog.zhaw.ch\/vielfalt\/wp-json\/wp\/v2\/categories?post=1051"},{"taxonomy":"post_tag","embeddable":true,"href":"https:\/\/blog.zhaw.ch\/vielfalt\/wp-json\/wp\/v2\/tags?post=1051"},{"taxonomy":"features","embeddable":true,"href":"https:\/\/blog.zhaw.ch\/vielfalt\/wp-json\/wp\/v2\/features?post=1051"}],"curies":[{"name":"wp","href":"https:\/\/api.w.org\/{rel}","templated":true}]}}