{"id":1039,"date":"2025-05-08T15:20:28","date_gmt":"2025-05-08T13:20:28","guid":{"rendered":"https:\/\/blog.zhaw.ch\/vielfalt\/?p=1039"},"modified":"2025-05-08T15:41:32","modified_gmt":"2025-05-08T13:41:32","slug":"age-mit-frischer-unterstuetzung-in-die-zukunft","status":"publish","type":"post","link":"https:\/\/blog.zhaw.ch\/vielfalt\/2025\/05\/08\/age-mit-frischer-unterstuetzung-in-die-zukunft\/","title":{"rendered":"AGe+: mit frischer Unterst\u00fctzung in die Zukunft\u00a0\u00a0"},"content":{"rendered":"\n<p><strong><em>Seit 2021 setzen wir uns an der ZHAW im Rahmen des Schwerpunkts \u00abAngewandte Gerontologie AGe+\u00bb interdisziplin\u00e4r und departements\u00fcbergreifend mit Fragen des Alter(n)s auseinander. Die Hochschulleitung hat an ihrer Sitzung Anfang Jahr erneut ihre Unterst\u00fctzung f\u00fcr AGe+ bekr\u00e4ftigt, so dass wir nun den Ausbau und die nachhaltige Verankerung des Schwerpunkts in Angriff nehmen k\u00f6nnen.<\/em><\/strong>\u00a0<\/p>\n\n\n\n<p>Seit der Gr\u00fcndung hat sich AGe+ als hochschulweiter Schwerpunkt etabliert. <a href=\"https:\/\/blog.zhaw.ch\/vielfalt\/category\/age-foerderung\/\" target=\"_blank\" rel=\"noreferrer noopener\">Zw\u00f6lf interdisziplin\u00e4re Projekte<\/a> in Forschung und Aus- und Weiterbildung konnten mit einer Anschubfinanzierung gef\u00f6rdert werden. Diese Vorhaben f\u00fchrten nicht nur zu wissenschaftlichen Erkenntnissen, sondern auch zu einer beachtlichen Multiplikation: Die daraus hervorgehenden Folgeprojekte generierten weitere grosse Forschungsvolumen \u2013 ein starkes Zeichen f\u00fcr die Innovationskraft und Relevanz des Themas.&nbsp;<\/p>\n\n\n\n<p>Neben der Projektf\u00f6rderung lag ein zentraler Fokus auf der Vernetzung innerhalb der ZHAW, aber auch nach aussen: Ein interdepartementales Netzwerk mit \u00fcber 140 ZHAW-Angeh\u00f6rigen wurde aufgebaut. AGe+ unterst\u00fctzte aktiv die Bildung von Interessensgruppen, f\u00f6rderte Projektideen und organisierte drei gut besuchte Veranstaltungen mit internen und externen Expert:innen sowie Senior:innen. Kooperationen mit Fachorganisationen wie Pro Senectute und dem Z\u00fcrcher Senioren- und Seniorinnenverband (ZSS) st\u00e4rkten die externe Verankerung.&nbsp;<\/p>\n\n\n\n<p>Auch in der Kommunikation setzte AGe+ Zeichen: Mit einem <a href=\"https:\/\/www.zhaw.ch\/de\/hochschulbibliothek\/recherchehilfe-kurse\/fachinformation-angewandte-gerontologie\/anmeldung-newsletter#c172971\" target=\"_blank\" rel=\"noreferrer noopener\">Newsletter<\/a>, der heute \u00fcber 1&#8217;000 Abonnent:innen erreicht, dem eigens initiierten Blog vielfALT, Kooperationen mit bestehenden Plattformen (wie <a href=\"https:\/\/www.gerontologieblog.ch\/\" target=\"_blank\" rel=\"noreferrer noopener\">gerontologieblog.ch<\/a>) und gezielten <a href=\"https:\/\/www.zhaw.ch\/de\/hochschulbibliothek\/recherchehilfe-kurse\/fachinformation-angewandte-gerontologie\/archiv-veranstaltungen\" target=\"_blank\" rel=\"noreferrer noopener\">Veranstaltungen<\/a> wurde die Sichtbarkeit des Alter(n)s als Zukunftsthema an der ZHAW nachhaltig erh\u00f6ht.&nbsp;<\/p>\n\n\n\n<figure class=\"wp-block-image size-full\"><img loading=\"lazy\" decoding=\"async\" width=\"788\" height=\"632\" src=\"http:\/\/blog.zhaw.ch\/vielfalt\/files\/2025\/05\/bluetenblatt2.png\" alt=\"\" class=\"wp-image-1041\" srcset=\"https:\/\/blog.zhaw.ch\/vielfalt\/files\/2025\/05\/bluetenblatt2.png 788w, https:\/\/blog.zhaw.ch\/vielfalt\/files\/2025\/05\/bluetenblatt2-300x241.png 300w, https:\/\/blog.zhaw.ch\/vielfalt\/files\/2025\/05\/bluetenblatt2-768x616.png 768w\" sizes=\"auto, (max-width: 788px) 100vw, 788px\" \/><\/figure>\n\n\n\n<p><em>Die \u00abBl\u00fctenbl\u00e4tter\u00bb, die Autonomie und Selbstbestimmung im Alter bedingen. Illustration aus dem von AGe+ gef\u00f6rderten <\/em><a href=\"https:\/\/app.moocs.zhaw.ch\/learning\/course\/course-v1:ZHAW+AGE1+AGE2024\/home\" target=\"_blank\" rel=\"noreferrer noopener\"><em>Mini-MOOC \u00abAutonomes und selbstbestimmtes Altern\u00bb<\/em><\/a><em>.<\/em>&nbsp;<\/p>\n\n\n\n<p><strong>AGe+ soll zur schweizweiten Kompetenzplattform werden<\/strong>&nbsp;<\/p>\n\n\n\n<p>Ab 2025 beginnt f\u00fcr AGe+ eine neue Phase. Ziel ist es, den Schwerpunkt weitgehend selbsttragend zu machen und ihn schweizweit als ein konsequent interdisziplin\u00e4res Kompetenzzentrum im Bereich Alter(n) zu etablieren. Der Fokus liegt auf partizipativer, diversit\u00e4ts- und anwendungsorientierter Forschung, Dienstleistung sowie forschungsgeleiteter Aus- und Weiterbildung.&nbsp;<\/p>\n\n\n\n<h3 class=\"wp-block-heading\" id=\"h-ziele-ab-2025-nbsp\"><strong>Ziele ab 2025<\/strong>&nbsp;<\/h3>\n\n\n\n<p><strong>1. Forschungsf\u00f6rderung und Sichtbarkeit erh\u00f6hen<\/strong>&nbsp;<br>Zwei interdepartementale Forschungsantr\u00e4ge sollen 2025 bei SNF, Innosuisse oder Stiftungen eingereicht werden. Dabei geht es nicht nur um die Einwerbung von Mitteln, sondern auch um den Aufbau von Expertise und Reputation.&nbsp;<\/p>\n\n\n\n<p><strong>2. Altersreport<\/strong>&nbsp;<br>Alle zwei Jahre wird ein wissenschaftlich fundierter Altersreport ver\u00f6ffentlicht. Die Inhalte werden partizipativ, d.h. in enger Zusammenarbeit mit Interessierten aus der Altersgruppe 65+und einem interdisziplin\u00e4ren Redaktionsteam aus AGe+-Mitgliedern erarbeitet und richten sich an Fachpersonen, Unternehmen, Politik und die \u00f6ffentliche Hand. Der erste Report erscheint im 2026.&nbsp;&nbsp;<\/p>\n\n\n\n<p><strong>3. Forschungspool 65+<\/strong>&nbsp;<br>AGe+ initiiert den Aufbau eines Adress-Pools interessierter Senior:innen, die sich f\u00fcr partizipative Zusammenarbeit in Forschung, Entwicklung, Dienstleistungen und Living Labs interessieren und sich ggf. auch f\u00fcr Forschungsanliegen zur Verf\u00fcgung stellen. Dieser Pool erm\u00f6glicht echte Partizipation und soll \u00fcber f\u00fcnf Jahre hinweg kontinuierlich wachsen.&nbsp;<\/p>\n\n\n\n<p><strong>4. Digitale Lehr- und Weiterbildungsformate<\/strong>&nbsp;<br>Die bestehende MOOC-Reihe zum Thema Alter(n) wird weiterentwickelt. Erg\u00e4nzt wird sie durch Erkl\u00e4rvideos, Podcasts und kurze Weiterbildungseinheiten auf Plattformen wie edX oder Swiss MOOC Service. Ziel ist es, in enger Zusammenarbeit mit den Weiterbildungsverantwortlichen der Departemente niederschwelliges, flexibles Lernen zu Themen des Alter\/ns zu f\u00f6rdern. \u2013&nbsp;<\/p>\n\n\n\n<p><strong>5. Forschungsdialog \u00abAlter\u00bb<\/strong>&nbsp;<br>Viermal j\u00e4hrlich findet ein offener Austausch \u00fcber aktuelle Forschungsprojekte, Konzepte und Ideen statt. Dieser interne Dialog richtet sich an alle AGe+-Mitglieder sowie interessierte Mitarbeitende der ZHAW \u2013 mit dem Ziel, Wissen zu teilen, methodische Diskussionen anzuregen und Synergien zu nutzen.&nbsp;<\/p>\n\n\n\n<p><strong>6. Kommunikation und externe Vernetzung<\/strong>&nbsp;<br>Mit unseren bew\u00e4hrten Kommunikations- und Veranstaltungsformaten sollen Vernetzung und Wissenschaftskommunikation gef\u00f6rdert werden.&nbsp;&nbsp;<\/p>\n\n\n\n<h3 class=\"wp-block-heading\" id=\"h-gemeinsam-fur-eine-altersfreundliche-zukunft-nbsp\"><strong>Gemeinsam f\u00fcr eine altersfreundliche Zukunft<\/strong>&nbsp;<\/h3>\n\n\n\n<p>AGe+ steht f\u00fcr einen ganzheitlichen Blick auf das Alter(n) als aktive, gestaltungsf\u00e4hige Lebensphase. Die Weiterentwicklung des Schwerpunkts ist ein starkes Zeichen der ZHAW f\u00fcr gesellschaftliche Verantwortung und Innovationskraft. Mit vereinten Kr\u00e4ften und neuer Unterst\u00fctzung geht AGe+ den n\u00e4chsten Schritt: interdisziplin\u00e4r, partizipativ, praxisnah \u2013 f\u00fcr eine altersfreundliche Zukunft.&nbsp;<\/p>\n\n\n\n<hr class=\"wp-block-separator has-alpha-channel-opacity\" \/>\n\n\n\n<p>Ein Beitrag des <a href=\"https:\/\/www.zhaw.ch\/de\/forschung\/departementsuebergreifende-kooperationen\/angewandte-gerontologie#c192378\" target=\"_blank\" rel=\"noreferrer noopener\">Kernteams von AGe+<\/a>\u00a0<\/p>\n","protected":false},"excerpt":{"rendered":"<p>Seit 2021 setzen wir uns an der ZHAW im Rahmen des Schwerpunkts \u00abAngewandte Gerontologie AGe+\u00bb interdisziplin\u00e4r und departements\u00fcbergreifend mit Fragen des Alter(n)s auseinander. Die Hochschulleitung hat an ihrer Sitzung Anfang Jahr erneut ihre Unterst\u00fctzung f\u00fcr AGe+ bekr\u00e4ftigt, so dass wir nun den Ausbau und die nachhaltige Verankerung des Schwerpunkts in Angriff nehmen k\u00f6nnen.\u00a0<\/p>\n","protected":false},"author":679,"featured_media":0,"comment_status":"open","ping_status":"open","sticky":false,"template":"","format":"standard","meta":{"ngg_post_thumbnail":0,"footnotes":""},"categories":[1],"tags":[],"features":[],"class_list":["post-1039","post","type-post","status-publish","format-standard","hentry","category-allgemein"],"yoast_head":"<!-- This site is optimized with the Yoast SEO Premium plugin v27.2 (Yoast SEO v27.2) - https:\/\/yoast.com\/product\/yoast-seo-premium-wordpress\/ -->\n<title>AGe+: mit frischer Unterst\u00fctzung in die Zukunft\u00a0\u00a0 - vielfALT<\/title>\n<meta name=\"description\" content=\"Wir stehen f\u00fcr einen interdisziplin\u00e4ren, partizipativen, praxisnahen Blick auf das Alter(n) als gestaltungsf\u00e4hige Lebensphase.\" \/>\n<meta name=\"robots\" content=\"index, follow, max-snippet:-1, max-image-preview:large, max-video-preview:-1\" \/>\n<link rel=\"canonical\" href=\"https:\/\/blog.zhaw.ch\/vielfalt\/2025\/05\/08\/age-mit-frischer-unterstuetzung-in-die-zukunft\/\" \/>\n<meta property=\"og:locale\" content=\"de_DE\" \/>\n<meta property=\"og:type\" content=\"article\" \/>\n<meta property=\"og:title\" content=\"AGe+: mit frischer Unterst\u00fctzung in die Zukunft\u00a0\u00a0\" \/>\n<meta property=\"og:description\" content=\"Wir stehen f\u00fcr einen interdisziplin\u00e4ren, partizipativen, praxisnahen Blick auf das Alter(n) als gestaltungsf\u00e4hige Lebensphase.\" \/>\n<meta property=\"og:url\" content=\"https:\/\/blog.zhaw.ch\/vielfalt\/2025\/05\/08\/age-mit-frischer-unterstuetzung-in-die-zukunft\/\" \/>\n<meta property=\"og:site_name\" content=\"vielfALT\" \/>\n<meta property=\"article:published_time\" content=\"2025-05-08T13:20:28+00:00\" \/>\n<meta property=\"article:modified_time\" content=\"2025-05-08T13:41:32+00:00\" \/>\n<meta property=\"og:image\" content=\"https:\/\/blog.zhaw.ch\/vielfalt\/files\/2025\/05\/bluetenblatt2.png\" \/>\n\t<meta property=\"og:image:width\" content=\"788\" \/>\n\t<meta property=\"og:image:height\" content=\"632\" \/>\n\t<meta property=\"og:image:type\" content=\"image\/png\" \/>\n<meta name=\"author\" content=\"bauo\" \/>\n<meta name=\"twitter:card\" content=\"summary_large_image\" \/>\n<meta name=\"twitter:label1\" content=\"Verfasst von\" \/>\n\t<meta name=\"twitter:data1\" content=\"bauo\" \/>\n\t<meta name=\"twitter:label2\" content=\"Gesch\u00e4tzte Lesezeit\" \/>\n\t<meta name=\"twitter:data2\" content=\"4\u00a0Minuten\" \/>\n<script type=\"application\/ld+json\" class=\"yoast-schema-graph\">{\"@context\":\"https:\/\/schema.org\",\"@graph\":[{\"@type\":\"Article\",\"@id\":\"https:\/\/blog.zhaw.ch\/vielfalt\/2025\/05\/08\/age-mit-frischer-unterstuetzung-in-die-zukunft\/#article\",\"isPartOf\":{\"@id\":\"https:\/\/blog.zhaw.ch\/vielfalt\/2025\/05\/08\/age-mit-frischer-unterstuetzung-in-die-zukunft\/\"},\"author\":{\"name\":\"bauo\",\"@id\":\"https:\/\/blog.zhaw.ch\/vielfalt\/#\/schema\/person\/57dc2fed9d0bf4f31e1fd9694ddfbe55\"},\"headline\":\"AGe+: mit frischer Unterst\u00fctzung in die Zukunft\u00a0\u00a0\",\"datePublished\":\"2025-05-08T13:20:28+00:00\",\"dateModified\":\"2025-05-08T13:41:32+00:00\",\"mainEntityOfPage\":{\"@id\":\"https:\/\/blog.zhaw.ch\/vielfalt\/2025\/05\/08\/age-mit-frischer-unterstuetzung-in-die-zukunft\/\"},\"wordCount\":670,\"commentCount\":5,\"image\":{\"@id\":\"https:\/\/blog.zhaw.ch\/vielfalt\/2025\/05\/08\/age-mit-frischer-unterstuetzung-in-die-zukunft\/#primaryimage\"},\"thumbnailUrl\":\"http:\/\/blog.zhaw.ch\/vielfalt\/files\/2025\/05\/bluetenblatt2.png\",\"inLanguage\":\"de\",\"potentialAction\":[{\"@type\":\"CommentAction\",\"name\":\"Comment\",\"target\":[\"https:\/\/blog.zhaw.ch\/vielfalt\/2025\/05\/08\/age-mit-frischer-unterstuetzung-in-die-zukunft\/#respond\"]}]},{\"@type\":\"WebPage\",\"@id\":\"https:\/\/blog.zhaw.ch\/vielfalt\/2025\/05\/08\/age-mit-frischer-unterstuetzung-in-die-zukunft\/\",\"url\":\"https:\/\/blog.zhaw.ch\/vielfalt\/2025\/05\/08\/age-mit-frischer-unterstuetzung-in-die-zukunft\/\",\"name\":\"AGe+: mit frischer Unterst\u00fctzung in die Zukunft\u00a0\u00a0 - vielfALT\",\"isPartOf\":{\"@id\":\"https:\/\/blog.zhaw.ch\/vielfalt\/#website\"},\"primaryImageOfPage\":{\"@id\":\"https:\/\/blog.zhaw.ch\/vielfalt\/2025\/05\/08\/age-mit-frischer-unterstuetzung-in-die-zukunft\/#primaryimage\"},\"image\":{\"@id\":\"https:\/\/blog.zhaw.ch\/vielfalt\/2025\/05\/08\/age-mit-frischer-unterstuetzung-in-die-zukunft\/#primaryimage\"},\"thumbnailUrl\":\"http:\/\/blog.zhaw.ch\/vielfalt\/files\/2025\/05\/bluetenblatt2.png\",\"datePublished\":\"2025-05-08T13:20:28+00:00\",\"dateModified\":\"2025-05-08T13:41:32+00:00\",\"author\":{\"@id\":\"https:\/\/blog.zhaw.ch\/vielfalt\/#\/schema\/person\/57dc2fed9d0bf4f31e1fd9694ddfbe55\"},\"description\":\"Wir stehen f\u00fcr einen interdisziplin\u00e4ren, partizipativen, praxisnahen Blick auf das Alter(n) als gestaltungsf\u00e4hige Lebensphase.\",\"breadcrumb\":{\"@id\":\"https:\/\/blog.zhaw.ch\/vielfalt\/2025\/05\/08\/age-mit-frischer-unterstuetzung-in-die-zukunft\/#breadcrumb\"},\"inLanguage\":\"de\",\"potentialAction\":[{\"@type\":\"ReadAction\",\"target\":[\"https:\/\/blog.zhaw.ch\/vielfalt\/2025\/05\/08\/age-mit-frischer-unterstuetzung-in-die-zukunft\/\"]}]},{\"@type\":\"ImageObject\",\"inLanguage\":\"de\",\"@id\":\"https:\/\/blog.zhaw.ch\/vielfalt\/2025\/05\/08\/age-mit-frischer-unterstuetzung-in-die-zukunft\/#primaryimage\",\"url\":\"https:\/\/blog.zhaw.ch\/vielfalt\/files\/2025\/05\/bluetenblatt2.png\",\"contentUrl\":\"https:\/\/blog.zhaw.ch\/vielfalt\/files\/2025\/05\/bluetenblatt2.png\",\"width\":788,\"height\":632,\"caption\":\"Symbolisches Bl\u00fctenblatt- Es zeigt acht Themen rund um Autonomie und Selbstbestimmung\"},{\"@type\":\"BreadcrumbList\",\"@id\":\"https:\/\/blog.zhaw.ch\/vielfalt\/2025\/05\/08\/age-mit-frischer-unterstuetzung-in-die-zukunft\/#breadcrumb\",\"itemListElement\":[{\"@type\":\"ListItem\",\"position\":1,\"name\":\"Startseite\",\"item\":\"https:\/\/blog.zhaw.ch\/vielfalt\/\"},{\"@type\":\"ListItem\",\"position\":2,\"name\":\"AGe+: mit frischer Unterst\u00fctzung in die Zukunft\u00a0\u00a0\"}]},{\"@type\":\"WebSite\",\"@id\":\"https:\/\/blog.zhaw.ch\/vielfalt\/#website\",\"url\":\"https:\/\/blog.zhaw.ch\/vielfalt\/\",\"name\":\"vielfALT\",\"description\":\"Ein Blog der ZHAW Z\u00fcrcher Hochschule f\u00fcr Angewandte Wissenschaften\",\"potentialAction\":[{\"@type\":\"SearchAction\",\"target\":{\"@type\":\"EntryPoint\",\"urlTemplate\":\"https:\/\/blog.zhaw.ch\/vielfalt\/?s={search_term_string}\"},\"query-input\":{\"@type\":\"PropertyValueSpecification\",\"valueRequired\":true,\"valueName\":\"search_term_string\"}}],\"inLanguage\":\"de\"},{\"@type\":\"Person\",\"@id\":\"https:\/\/blog.zhaw.ch\/vielfalt\/#\/schema\/person\/57dc2fed9d0bf4f31e1fd9694ddfbe55\",\"name\":\"bauo\",\"url\":\"https:\/\/blog.zhaw.ch\/vielfalt\/author\/bauo\/\"}]}<\/script>\n<!-- \/ Yoast SEO Premium plugin. -->","yoast_head_json":{"title":"AGe+: mit frischer Unterst\u00fctzung in die Zukunft\u00a0\u00a0 - vielfALT","description":"Wir stehen f\u00fcr einen interdisziplin\u00e4ren, partizipativen, praxisnahen Blick auf das Alter(n) als gestaltungsf\u00e4hige Lebensphase.","robots":{"index":"index","follow":"follow","max-snippet":"max-snippet:-1","max-image-preview":"max-image-preview:large","max-video-preview":"max-video-preview:-1"},"canonical":"https:\/\/blog.zhaw.ch\/vielfalt\/2025\/05\/08\/age-mit-frischer-unterstuetzung-in-die-zukunft\/","og_locale":"de_DE","og_type":"article","og_title":"AGe+: mit frischer Unterst\u00fctzung in die Zukunft\u00a0\u00a0","og_description":"Wir stehen f\u00fcr einen interdisziplin\u00e4ren, partizipativen, praxisnahen Blick auf das Alter(n) als gestaltungsf\u00e4hige Lebensphase.","og_url":"https:\/\/blog.zhaw.ch\/vielfalt\/2025\/05\/08\/age-mit-frischer-unterstuetzung-in-die-zukunft\/","og_site_name":"vielfALT","article_published_time":"2025-05-08T13:20:28+00:00","article_modified_time":"2025-05-08T13:41:32+00:00","og_image":[{"width":788,"height":632,"url":"https:\/\/blog.zhaw.ch\/vielfalt\/files\/2025\/05\/bluetenblatt2.png","type":"image\/png"}],"author":"bauo","twitter_card":"summary_large_image","twitter_misc":{"Verfasst von":"bauo","Gesch\u00e4tzte Lesezeit":"4\u00a0Minuten"},"schema":{"@context":"https:\/\/schema.org","@graph":[{"@type":"Article","@id":"https:\/\/blog.zhaw.ch\/vielfalt\/2025\/05\/08\/age-mit-frischer-unterstuetzung-in-die-zukunft\/#article","isPartOf":{"@id":"https:\/\/blog.zhaw.ch\/vielfalt\/2025\/05\/08\/age-mit-frischer-unterstuetzung-in-die-zukunft\/"},"author":{"name":"bauo","@id":"https:\/\/blog.zhaw.ch\/vielfalt\/#\/schema\/person\/57dc2fed9d0bf4f31e1fd9694ddfbe55"},"headline":"AGe+: mit frischer Unterst\u00fctzung in die Zukunft\u00a0\u00a0","datePublished":"2025-05-08T13:20:28+00:00","dateModified":"2025-05-08T13:41:32+00:00","mainEntityOfPage":{"@id":"https:\/\/blog.zhaw.ch\/vielfalt\/2025\/05\/08\/age-mit-frischer-unterstuetzung-in-die-zukunft\/"},"wordCount":670,"commentCount":5,"image":{"@id":"https:\/\/blog.zhaw.ch\/vielfalt\/2025\/05\/08\/age-mit-frischer-unterstuetzung-in-die-zukunft\/#primaryimage"},"thumbnailUrl":"http:\/\/blog.zhaw.ch\/vielfalt\/files\/2025\/05\/bluetenblatt2.png","inLanguage":"de","potentialAction":[{"@type":"CommentAction","name":"Comment","target":["https:\/\/blog.zhaw.ch\/vielfalt\/2025\/05\/08\/age-mit-frischer-unterstuetzung-in-die-zukunft\/#respond"]}]},{"@type":"WebPage","@id":"https:\/\/blog.zhaw.ch\/vielfalt\/2025\/05\/08\/age-mit-frischer-unterstuetzung-in-die-zukunft\/","url":"https:\/\/blog.zhaw.ch\/vielfalt\/2025\/05\/08\/age-mit-frischer-unterstuetzung-in-die-zukunft\/","name":"AGe+: mit frischer Unterst\u00fctzung in die Zukunft\u00a0\u00a0 - vielfALT","isPartOf":{"@id":"https:\/\/blog.zhaw.ch\/vielfalt\/#website"},"primaryImageOfPage":{"@id":"https:\/\/blog.zhaw.ch\/vielfalt\/2025\/05\/08\/age-mit-frischer-unterstuetzung-in-die-zukunft\/#primaryimage"},"image":{"@id":"https:\/\/blog.zhaw.ch\/vielfalt\/2025\/05\/08\/age-mit-frischer-unterstuetzung-in-die-zukunft\/#primaryimage"},"thumbnailUrl":"http:\/\/blog.zhaw.ch\/vielfalt\/files\/2025\/05\/bluetenblatt2.png","datePublished":"2025-05-08T13:20:28+00:00","dateModified":"2025-05-08T13:41:32+00:00","author":{"@id":"https:\/\/blog.zhaw.ch\/vielfalt\/#\/schema\/person\/57dc2fed9d0bf4f31e1fd9694ddfbe55"},"description":"Wir stehen f\u00fcr einen interdisziplin\u00e4ren, partizipativen, praxisnahen Blick auf das Alter(n) als gestaltungsf\u00e4hige Lebensphase.","breadcrumb":{"@id":"https:\/\/blog.zhaw.ch\/vielfalt\/2025\/05\/08\/age-mit-frischer-unterstuetzung-in-die-zukunft\/#breadcrumb"},"inLanguage":"de","potentialAction":[{"@type":"ReadAction","target":["https:\/\/blog.zhaw.ch\/vielfalt\/2025\/05\/08\/age-mit-frischer-unterstuetzung-in-die-zukunft\/"]}]},{"@type":"ImageObject","inLanguage":"de","@id":"https:\/\/blog.zhaw.ch\/vielfalt\/2025\/05\/08\/age-mit-frischer-unterstuetzung-in-die-zukunft\/#primaryimage","url":"https:\/\/blog.zhaw.ch\/vielfalt\/files\/2025\/05\/bluetenblatt2.png","contentUrl":"https:\/\/blog.zhaw.ch\/vielfalt\/files\/2025\/05\/bluetenblatt2.png","width":788,"height":632,"caption":"Symbolisches Bl\u00fctenblatt- Es zeigt acht Themen rund um Autonomie und Selbstbestimmung"},{"@type":"BreadcrumbList","@id":"https:\/\/blog.zhaw.ch\/vielfalt\/2025\/05\/08\/age-mit-frischer-unterstuetzung-in-die-zukunft\/#breadcrumb","itemListElement":[{"@type":"ListItem","position":1,"name":"Startseite","item":"https:\/\/blog.zhaw.ch\/vielfalt\/"},{"@type":"ListItem","position":2,"name":"AGe+: mit frischer Unterst\u00fctzung in die Zukunft\u00a0\u00a0"}]},{"@type":"WebSite","@id":"https:\/\/blog.zhaw.ch\/vielfalt\/#website","url":"https:\/\/blog.zhaw.ch\/vielfalt\/","name":"vielfALT","description":"Ein Blog der ZHAW Z\u00fcrcher Hochschule f\u00fcr Angewandte Wissenschaften","potentialAction":[{"@type":"SearchAction","target":{"@type":"EntryPoint","urlTemplate":"https:\/\/blog.zhaw.ch\/vielfalt\/?s={search_term_string}"},"query-input":{"@type":"PropertyValueSpecification","valueRequired":true,"valueName":"search_term_string"}}],"inLanguage":"de"},{"@type":"Person","@id":"https:\/\/blog.zhaw.ch\/vielfalt\/#\/schema\/person\/57dc2fed9d0bf4f31e1fd9694ddfbe55","name":"bauo","url":"https:\/\/blog.zhaw.ch\/vielfalt\/author\/bauo\/"}]}},"_links":{"self":[{"href":"https:\/\/blog.zhaw.ch\/vielfalt\/wp-json\/wp\/v2\/posts\/1039","targetHints":{"allow":["GET"]}}],"collection":[{"href":"https:\/\/blog.zhaw.ch\/vielfalt\/wp-json\/wp\/v2\/posts"}],"about":[{"href":"https:\/\/blog.zhaw.ch\/vielfalt\/wp-json\/wp\/v2\/types\/post"}],"author":[{"embeddable":true,"href":"https:\/\/blog.zhaw.ch\/vielfalt\/wp-json\/wp\/v2\/users\/679"}],"replies":[{"embeddable":true,"href":"https:\/\/blog.zhaw.ch\/vielfalt\/wp-json\/wp\/v2\/comments?post=1039"}],"version-history":[{"count":7,"href":"https:\/\/blog.zhaw.ch\/vielfalt\/wp-json\/wp\/v2\/posts\/1039\/revisions"}],"predecessor-version":[{"id":1050,"href":"https:\/\/blog.zhaw.ch\/vielfalt\/wp-json\/wp\/v2\/posts\/1039\/revisions\/1050"}],"wp:attachment":[{"href":"https:\/\/blog.zhaw.ch\/vielfalt\/wp-json\/wp\/v2\/media?parent=1039"}],"wp:term":[{"taxonomy":"category","embeddable":true,"href":"https:\/\/blog.zhaw.ch\/vielfalt\/wp-json\/wp\/v2\/categories?post=1039"},{"taxonomy":"post_tag","embeddable":true,"href":"https:\/\/blog.zhaw.ch\/vielfalt\/wp-json\/wp\/v2\/tags?post=1039"},{"taxonomy":"features","embeddable":true,"href":"https:\/\/blog.zhaw.ch\/vielfalt\/wp-json\/wp\/v2\/features?post=1039"}],"curies":[{"name":"wp","href":"https:\/\/api.w.org\/{rel}","templated":true}]}}