{"id":1032,"date":"2025-05-07T16:36:29","date_gmt":"2025-05-07T14:36:29","guid":{"rendered":"https:\/\/blog.zhaw.ch\/vielfalt\/?p=1032"},"modified":"2025-05-15T08:50:29","modified_gmt":"2025-05-15T06:50:29","slug":"erinnern-und-vergessen","status":"publish","type":"post","link":"https:\/\/blog.zhaw.ch\/vielfalt\/2025\/05\/07\/erinnern-und-vergessen\/","title":{"rendered":"Erinnern und vergessen"},"content":{"rendered":"\n<p><strong>Autorin: Esther Spinner<\/strong><\/p>\n\n\n\n<p><strong>Wenn einem W\u00f6rter entschwinden, macht das Angst. Lauert eine Demenzerkrankung dahinter oder sonst etwas Schlimmes? Es gilt, sich hilfreiche Strategien anzugew\u00f6hnen, um die verlorenen W\u00f6rter zu behalten oder sie gar nicht erst zu verlieren.<\/strong><\/p>\n\n\n\n<p>Durch den Fr\u00fchling spazieren mit meiner kleinen H\u00fcndin und einer Freundin. Die Krokusse bewundern, gelbe, violette, weisse, die Buschwindr\u00f6schen am Limmatufer, das helle Gr\u00fcn an den \u00c4sten. Fr\u00fchling. Wir sprechen \u00fcber Magnolien, die es uns angetan haben, \u00fcber die grossen Bl\u00fcten, weiss, blassviolett, rosa, gab es fr\u00fcher nicht ausschliesslich weisse Magnolien?<\/p>\n\n\n\n<p>Seit meine Mutter gestorben ist, sehe ich sie im Fr\u00fchjahr in jedem Magnolienbaum. Ich habe ihre Erz\u00e4hlungen nicht vergessen von ihrer Hochzeit vor der St.-Jakobs-Kirche unter dem bl\u00fchenden weissen Strauch, auf den Fotos verschwimmt ihr Hochzeitskleid mit den Bl\u00fcten. Waren sie nicht auch eben erbl\u00fcht, als meine Schwester konfirmiert wurde? Meine Mutter, meine Schwester, beide in Schwarz unter dem weissen Busch, beide ohne ein L\u00e4cheln, mein Vater lebensbedrohlich erkrankt im Spital. Er \u00fcberlebte, starb einige Jahre sp\u00e4ter im Herbst, ohne Magnolienblust, bedeckt mit einem weissen Leintuch.<\/p>\n\n\n\n<p>So sch\u00f6n sind sie, die \u2013 und weg ist das Wort, wie wenn es jemand verschluckt h\u00e4tte. Es liegt mir nicht auf der Zunge, steckt nicht in meinem Gaumen und schon gar nicht in meinem Kopf, es ist weg, entschwunden, versteckt sich vielleicht hinter dem R\u00fccken meiner Mutter. Stattdessen dr\u00e4ngt sich ein anderes Wort auf: <em>melanzane<\/em>, die italienischen Auberginen, gl\u00e4nzend und tief violett haben sie nichts zu tun mit denen, deren Benennung verschwunden ist. Beginnen sie nicht auch mit M? Meine Freundin hilft aus. Ma-g-no-lie, sagt sie, und das Bild des halbhohen Buschs mit den prallen <em>melanzane<\/em> verschwindet. Seither aber lauert es hinter den Magnolien, die nun verbl\u00fcht sind. Immerhin, sagt die Freundin tr\u00f6stend, immerhin beginnen beide W\u00f6rter mit M, und beide haben vier Silben, die \u00c4hnlichkeit ist unverkennbar.&nbsp; Wirklich? Wenn ich jemandem erz\u00e4hlte, im Fr\u00fchling w\u00fcrden in Z\u00fcrich die <em>melanzane<\/em> am Limmatufer wachsen \u2013 Gibt es nicht auch eine weisse Sorte? wagt sich die Freundin vor. Doch die kompakten Fr\u00fcchte wollen auch in Weiss den Magnolien nicht gleichen.<\/p>\n\n\n\n<p>Wortfindungsst\u00f6rung heisst das, was mir eben passiert ist, etwas, das \u00e4ltere Menschen oft erleben. Hinter jeder Wortfindungsst\u00f6rung lauert die Angst vor einer Demenzerkrankung. Es g\u00e4be aber auch andere Gr\u00fcnde, meint das Internet, Gr\u00fcnde wie Stress oder Schlafmangel, Depressionen oder bestimmte Medikamente. Ich kenne Tage, an denen mir die W\u00f6rter \u00f6fters fehlen, und Tage, an denen ich jedes Wort m\u00fchelos finde. Es hat mit meiner Konzentration zu tun. Als ich letzthin an einer Weiterbildung war \u2013 weitaus die \u00e4lteste Teilnehmerin mit Mitte siebzig \u2013 da fand ich drei Tage lang jedes Wort, das ich aussprechen oder aufschreiben wollte, so wach sass ich da, h\u00f6rte zu, diskutierte mit.<\/p>\n\n\n\n<p>Nebst der Konzentration aufs Gespr\u00e4ch gibt es eine weitere Strategie, die mir meistens hilft: Mich zu entspannen. Das Wort dort zu lassen, wohin es sich verzogen hat, nicht hektisch danach zu suchen, an etwas anderes zu denken. Und schon fliegt mir das gesuchte Wort zu. Magnolie.<\/p>\n\n\n\n<p>Gehe ich allein mit meiner H\u00fcndin, spaziere ich z\u00e4hlend der Limmat entlang. Busch-wind-r\u00f6s-chen. Vier Silben. Ich brauche aber f\u00fcnf oder sieben, so will es das Haiku, ein japanisches Silbengedicht. Drei Zeilen, die erste und letzte mit je f\u00fcnf Silben, die mittlere mit sieben. Denke ich nach \u00fcber ein Haiku, stellen sich die W\u00f6rter sofort ein. Es gelingt mir, das Buschwindr\u00f6schen im Kurzgedicht zu bannen. Drei mal wiederhole ich mir das fertige kleine Gedicht, dann kommt es in die entsprechende Schublade in meinem Kopf, aus der ich es zu Hause angekommen, heraus nehmen kann. Das hat bis jetzt immer funktioniert. Nun aber ist die Schublade, die ich \u00f6ffne, leer. Ausser einem einzelnen Blatt der kleinen Blume ist da nichts mehr. Ich bin entsetzt. Wie begann die erste Zeile? Das Buschwindr\u00f6schen, die Buschwindr\u00f6schen? Und wie ging das Gedicht weiter? Nach Tagen bringe ich es einigermassen zusammen, es \u00e4hnelt vermutlich dem vergessenen, aber das Gleiche ist es nicht.<\/p>\n\n\n\n<div class=\"wp-block-group is-vertical is-layout-flex wp-container-core-group-is-layout-8cf370e7 wp-block-group-is-layout-flex\">\n<p>die Buschwindr\u00f6schen<\/p>\n\n\n\n<p>streuen ihre Bl\u00e4tter wie<\/p>\n\n\n\n<p>Schnee \u00fcbers Wasser<\/p>\n<\/div>\n\n\n\n<p>Auch hier brauche ich eine Strategie. Ich suche in meinem Pult das kleinste Schreibheft, spitze einen meiner kurzen Bleistifte an. So ger\u00fcstet gehe ich ausser Haus. Abends steht ein vor dem Vergessen bewahrtes Haiku darin.<\/p>\n\n\n\n<div class=\"wp-block-group is-vertical is-layout-flex wp-container-core-group-is-layout-8cf370e7 wp-block-group-is-layout-flex\">\n<p>leuchtende Sonnen<\/p>\n\n\n\n<p>die Bl\u00fcten des L\u00f6wenzahns<\/p>\n\n\n\n<p>gelb mitten im Gr\u00fcn<\/p>\n<\/div>\n\n\n\n<p>Ob ich wieder vermehrt Gedichte auswendig lernen soll? Eine Weile tat ich das regelm\u00e4ssig, sicher w\u00e4re es n\u00fctzlich, um das Ged\u00e4chtnis zu trainieren. Der Fr\u00fchling bietet sich geradezu an. Kann ich sie noch aufsagen, die Fr\u00fchlingsgedichte von Damals? <em>Fr\u00fchling l\u00e4sst sein blaues Band <a id=\"_ednref1\" href=\"#_edn1\"><strong>[i]<\/strong><\/a><\/em>\u2026 ja, es geht noch, hin bis zum Schluss:<em> Fr\u00fchling, ja, du bist\u2019s! Dich hab ich vernommen! <\/em>Reim und Rhythmus helfen, mich zu erinnern, auch an dieses Gedicht: <em>Die linden L\u00fcfte sind erwacht <a id=\"_ednref2\" href=\"#_edn2\"><strong>[ii]<\/strong><\/a><\/em>\u2026 und an die tr\u00f6stliche Wiederholung: <em>Nun<\/em> <em>muss sich alles, alles wenden.<\/em> Darauf hoffe ich.<\/p>\n\n\n\n<hr class=\"wp-block-separator has-alpha-channel-opacity\" \/>\n\n\n\n<p><a id=\"_edn1\" href=\"#_ednref1\">[i]<\/a> Eduard M\u00f6rike: <em>Er ist\u2019s<\/em> in Echtermeyer \/ von Wiese: Deutsche Gedichte von dern Anf\u00e4ngen bis zur Gegenwart, August Bagel Verlag D\u00fcsseldorf, 1956<\/p>\n\n\n\n<p><a id=\"_edn2\" href=\"#_ednref2\">[ii]<\/a> Ludwig Uhland: <em>Fr\u00fchlingsglaube<\/em>, ebenda<\/p>\n\n\n\n<hr class=\"wp-block-separator has-alpha-channel-opacity\" \/>\n\n\n\n<p><strong>Esther Spinner<\/strong>&nbsp;(*1948) absolvierte eine Ausbildung zur Krankenschwester und sp\u00e4ter zur Lehrerin f\u00fcr Krankenpflege. Sie arbeitete freiberuflich als Kursleiterin f\u00fcr Schreibkurse und lebt als Schriftstellerin in Z\u00fcrich. Neben ihren B\u00fcchern hat sie Beitr\u00e4ge f\u00fcr Anthologien, Zeitschriften, Zeitungen und f\u00fcr das Radio verfasst. Ihr neues Buch&nbsp;<a href=\"https:\/\/edition8.ch\/buch\/mit-hund-und-wort\" target=\"_blank\" rel=\"noreferrer noopener\">Mit Hund und Wort<\/a>&nbsp;ist in der Edition 8 erschienen.<\/p>\n\n\n\n<figure class=\"wp-block-image size-large\"><img loading=\"lazy\" decoding=\"async\" width=\"1024\" height=\"576\" src=\"http:\/\/blog.zhaw.ch\/vielfalt\/files\/2024\/04\/EstherSpinner-1024x576.png\" alt=\"Esther Spinner (Foto: Katrin Simonett)\" class=\"wp-image-678\" srcset=\"https:\/\/blog.zhaw.ch\/vielfalt\/files\/2024\/04\/EstherSpinner-1024x576.png 1024w, https:\/\/blog.zhaw.ch\/vielfalt\/files\/2024\/04\/EstherSpinner-300x169.png 300w, https:\/\/blog.zhaw.ch\/vielfalt\/files\/2024\/04\/EstherSpinner-768x432.png 768w, https:\/\/blog.zhaw.ch\/vielfalt\/files\/2024\/04\/EstherSpinner.png 1200w\" sizes=\"auto, (max-width: 1024px) 100vw, 1024px\" \/><figcaption class=\"wp-element-caption\">Esther Spinner (Foto: Katrin Simonett)<\/figcaption><\/figure>\n<div class=\"pt-sm\">Schlagw\u00f6rter: <a href=\"https:\/\/blog.zhaw.ch\/vielfalt\/tag\/erfahrungsbericht\/\">Erfahrungsbericht<\/a><br><\/div>","protected":false},"excerpt":{"rendered":"<p>Autorin: Esther Spinner<br \/>\nWenn einem W\u00f6rter entschwinden, macht das Angst. Lauert eine Demenzerkrankung dahinter oder sonst etwas Schlimmes? Es gilt, sich hilfreiche Strategien anzugew\u00f6hnen, um die verlorenen W\u00f6rter zu behalten oder sie gar nicht erst zu verlieren. Gedanken unserer Autorin im Einklang mit der Jahreszeit.<\/p>\n","protected":false},"author":678,"featured_media":1034,"comment_status":"open","ping_status":"open","sticky":false,"template":"","format":"standard","meta":{"ngg_post_thumbnail":0,"footnotes":""},"categories":[1,52],"tags":[42],"features":[],"class_list":["post-1032","post","type-post","status-publish","format-standard","has-post-thumbnail","hentry","category-allgemein","category-esther-spinner","tag-erfahrungsbericht"],"yoast_head":"<!-- This site is optimized with the Yoast SEO Premium plugin v27.2 (Yoast SEO v27.2) - https:\/\/yoast.com\/product\/yoast-seo-premium-wordpress\/ -->\n<title>Erinnern und vergessen - vielfALT<\/title>\n<meta name=\"description\" content=\"Wenn einem W\u00f6rter entschwinden, macht das Angst. Lauert eine Demenzerkrankung dahinter oder sonst etwas Schlimmes? Es gilt, sich hilfreiche Strategien anzugew\u00f6hnen, um die verlorenen W\u00f6rter zu behalten oder sie gar nicht erst zu verlieren. Gedanken unserer Autorin Esther Spinner im Einklang mit der Jahreszeit.\" \/>\n<meta name=\"robots\" content=\"index, follow, max-snippet:-1, max-image-preview:large, max-video-preview:-1\" \/>\n<link rel=\"canonical\" href=\"https:\/\/blog.zhaw.ch\/vielfalt\/2025\/05\/07\/erinnern-und-vergessen\/\" \/>\n<meta property=\"og:locale\" content=\"de_DE\" \/>\n<meta property=\"og:type\" content=\"article\" \/>\n<meta property=\"og:title\" content=\"Erinnern und vergessen\" \/>\n<meta property=\"og:description\" content=\"Wenn einem W\u00f6rter entschwinden, macht das Angst. Lauert eine Demenzerkrankung dahinter oder sonst etwas Schlimmes? Es gilt, sich hilfreiche Strategien anzugew\u00f6hnen, um die verlorenen W\u00f6rter zu behalten oder sie gar nicht erst zu verlieren. Gedanken unserer Autorin Esther Spinner im Einklang mit der Jahreszeit.\" \/>\n<meta property=\"og:url\" content=\"https:\/\/blog.zhaw.ch\/vielfalt\/2025\/05\/07\/erinnern-und-vergessen\/\" \/>\n<meta property=\"og:site_name\" content=\"vielfALT\" \/>\n<meta property=\"article:published_time\" content=\"2025-05-07T14:36:29+00:00\" \/>\n<meta property=\"article:modified_time\" content=\"2025-05-15T06:50:29+00:00\" \/>\n<meta property=\"og:image\" content=\"http:\/\/blog.zhaw.ch\/vielfalt\/files\/2025\/05\/Magnolien_AdobeStock_497026491.png\" \/>\n\t<meta property=\"og:image:width\" content=\"1200\" \/>\n\t<meta property=\"og:image:height\" content=\"675\" \/>\n\t<meta property=\"og:image:type\" content=\"image\/png\" \/>\n<meta name=\"author\" content=\"suld\" \/>\n<meta name=\"twitter:card\" content=\"summary_large_image\" \/>\n<meta name=\"twitter:label1\" content=\"Verfasst von\" \/>\n\t<meta name=\"twitter:data1\" content=\"suld\" \/>\n\t<meta name=\"twitter:label2\" content=\"Gesch\u00e4tzte Lesezeit\" \/>\n\t<meta name=\"twitter:data2\" content=\"6\u00a0Minuten\" \/>\n<script type=\"application\/ld+json\" class=\"yoast-schema-graph\">{\"@context\":\"https:\/\/schema.org\",\"@graph\":[{\"@type\":\"Article\",\"@id\":\"https:\/\/blog.zhaw.ch\/vielfalt\/2025\/05\/07\/erinnern-und-vergessen\/#article\",\"isPartOf\":{\"@id\":\"https:\/\/blog.zhaw.ch\/vielfalt\/2025\/05\/07\/erinnern-und-vergessen\/\"},\"author\":{\"name\":\"suld\",\"@id\":\"https:\/\/blog.zhaw.ch\/vielfalt\/#\/schema\/person\/284211e78cd8193099aa341f50cf0d4d\"},\"headline\":\"Erinnern und vergessen\",\"datePublished\":\"2025-05-07T14:36:29+00:00\",\"dateModified\":\"2025-05-15T06:50:29+00:00\",\"mainEntityOfPage\":{\"@id\":\"https:\/\/blog.zhaw.ch\/vielfalt\/2025\/05\/07\/erinnern-und-vergessen\/\"},\"wordCount\":962,\"commentCount\":0,\"image\":{\"@id\":\"https:\/\/blog.zhaw.ch\/vielfalt\/2025\/05\/07\/erinnern-und-vergessen\/#primaryimage\"},\"thumbnailUrl\":\"https:\/\/blog.zhaw.ch\/vielfalt\/files\/2025\/05\/Magnolien_AdobeStock_497026491.png\",\"keywords\":[\"Erfahrungsbericht\"],\"articleSection\":{\"1\":\"Esther Spinner\"},\"inLanguage\":\"de\",\"potentialAction\":[{\"@type\":\"CommentAction\",\"name\":\"Comment\",\"target\":[\"https:\/\/blog.zhaw.ch\/vielfalt\/2025\/05\/07\/erinnern-und-vergessen\/#respond\"]}]},{\"@type\":\"WebPage\",\"@id\":\"https:\/\/blog.zhaw.ch\/vielfalt\/2025\/05\/07\/erinnern-und-vergessen\/\",\"url\":\"https:\/\/blog.zhaw.ch\/vielfalt\/2025\/05\/07\/erinnern-und-vergessen\/\",\"name\":\"Erinnern und vergessen - vielfALT\",\"isPartOf\":{\"@id\":\"https:\/\/blog.zhaw.ch\/vielfalt\/#website\"},\"primaryImageOfPage\":{\"@id\":\"https:\/\/blog.zhaw.ch\/vielfalt\/2025\/05\/07\/erinnern-und-vergessen\/#primaryimage\"},\"image\":{\"@id\":\"https:\/\/blog.zhaw.ch\/vielfalt\/2025\/05\/07\/erinnern-und-vergessen\/#primaryimage\"},\"thumbnailUrl\":\"https:\/\/blog.zhaw.ch\/vielfalt\/files\/2025\/05\/Magnolien_AdobeStock_497026491.png\",\"datePublished\":\"2025-05-07T14:36:29+00:00\",\"dateModified\":\"2025-05-15T06:50:29+00:00\",\"author\":{\"@id\":\"https:\/\/blog.zhaw.ch\/vielfalt\/#\/schema\/person\/284211e78cd8193099aa341f50cf0d4d\"},\"description\":\"Wenn einem W\u00f6rter entschwinden, macht das Angst. Lauert eine Demenzerkrankung dahinter oder sonst etwas Schlimmes? Es gilt, sich hilfreiche Strategien anzugew\u00f6hnen, um die verlorenen W\u00f6rter zu behalten oder sie gar nicht erst zu verlieren. Gedanken unserer Autorin Esther Spinner im Einklang mit der Jahreszeit.\",\"breadcrumb\":{\"@id\":\"https:\/\/blog.zhaw.ch\/vielfalt\/2025\/05\/07\/erinnern-und-vergessen\/#breadcrumb\"},\"inLanguage\":\"de\",\"potentialAction\":[{\"@type\":\"ReadAction\",\"target\":[\"https:\/\/blog.zhaw.ch\/vielfalt\/2025\/05\/07\/erinnern-und-vergessen\/\"]}]},{\"@type\":\"ImageObject\",\"inLanguage\":\"de\",\"@id\":\"https:\/\/blog.zhaw.ch\/vielfalt\/2025\/05\/07\/erinnern-und-vergessen\/#primaryimage\",\"url\":\"https:\/\/blog.zhaw.ch\/vielfalt\/files\/2025\/05\/Magnolien_AdobeStock_497026491.png\",\"contentUrl\":\"https:\/\/blog.zhaw.ch\/vielfalt\/files\/2025\/05\/Magnolien_AdobeStock_497026491.png\",\"width\":1200,\"height\":675,\"caption\":\"Magnolienzweig\"},{\"@type\":\"BreadcrumbList\",\"@id\":\"https:\/\/blog.zhaw.ch\/vielfalt\/2025\/05\/07\/erinnern-und-vergessen\/#breadcrumb\",\"itemListElement\":[{\"@type\":\"ListItem\",\"position\":1,\"name\":\"Startseite\",\"item\":\"https:\/\/blog.zhaw.ch\/vielfalt\/\"},{\"@type\":\"ListItem\",\"position\":2,\"name\":\"Erinnern und vergessen\"}]},{\"@type\":\"WebSite\",\"@id\":\"https:\/\/blog.zhaw.ch\/vielfalt\/#website\",\"url\":\"https:\/\/blog.zhaw.ch\/vielfalt\/\",\"name\":\"vielfALT\",\"description\":\"Ein Blog der ZHAW Z\u00fcrcher Hochschule f\u00fcr Angewandte Wissenschaften\",\"potentialAction\":[{\"@type\":\"SearchAction\",\"target\":{\"@type\":\"EntryPoint\",\"urlTemplate\":\"https:\/\/blog.zhaw.ch\/vielfalt\/?s={search_term_string}\"},\"query-input\":{\"@type\":\"PropertyValueSpecification\",\"valueRequired\":true,\"valueName\":\"search_term_string\"}}],\"inLanguage\":\"de\"},{\"@type\":\"Person\",\"@id\":\"https:\/\/blog.zhaw.ch\/vielfalt\/#\/schema\/person\/284211e78cd8193099aa341f50cf0d4d\",\"name\":\"suld\",\"url\":\"https:\/\/blog.zhaw.ch\/vielfalt\/author\/suld\/\"}]}<\/script>\n<!-- \/ Yoast SEO Premium plugin. -->","yoast_head_json":{"title":"Erinnern und vergessen - vielfALT","description":"Wenn einem W\u00f6rter entschwinden, macht das Angst. Lauert eine Demenzerkrankung dahinter oder sonst etwas Schlimmes? Es gilt, sich hilfreiche Strategien anzugew\u00f6hnen, um die verlorenen W\u00f6rter zu behalten oder sie gar nicht erst zu verlieren. Gedanken unserer Autorin Esther Spinner im Einklang mit der Jahreszeit.","robots":{"index":"index","follow":"follow","max-snippet":"max-snippet:-1","max-image-preview":"max-image-preview:large","max-video-preview":"max-video-preview:-1"},"canonical":"https:\/\/blog.zhaw.ch\/vielfalt\/2025\/05\/07\/erinnern-und-vergessen\/","og_locale":"de_DE","og_type":"article","og_title":"Erinnern und vergessen","og_description":"Wenn einem W\u00f6rter entschwinden, macht das Angst. Lauert eine Demenzerkrankung dahinter oder sonst etwas Schlimmes? Es gilt, sich hilfreiche Strategien anzugew\u00f6hnen, um die verlorenen W\u00f6rter zu behalten oder sie gar nicht erst zu verlieren. Gedanken unserer Autorin Esther Spinner im Einklang mit der Jahreszeit.","og_url":"https:\/\/blog.zhaw.ch\/vielfalt\/2025\/05\/07\/erinnern-und-vergessen\/","og_site_name":"vielfALT","article_published_time":"2025-05-07T14:36:29+00:00","article_modified_time":"2025-05-15T06:50:29+00:00","og_image":[{"width":1200,"height":675,"url":"http:\/\/blog.zhaw.ch\/vielfalt\/files\/2025\/05\/Magnolien_AdobeStock_497026491.png","type":"image\/png"}],"author":"suld","twitter_card":"summary_large_image","twitter_misc":{"Verfasst von":"suld","Gesch\u00e4tzte Lesezeit":"6\u00a0Minuten"},"schema":{"@context":"https:\/\/schema.org","@graph":[{"@type":"Article","@id":"https:\/\/blog.zhaw.ch\/vielfalt\/2025\/05\/07\/erinnern-und-vergessen\/#article","isPartOf":{"@id":"https:\/\/blog.zhaw.ch\/vielfalt\/2025\/05\/07\/erinnern-und-vergessen\/"},"author":{"name":"suld","@id":"https:\/\/blog.zhaw.ch\/vielfalt\/#\/schema\/person\/284211e78cd8193099aa341f50cf0d4d"},"headline":"Erinnern und vergessen","datePublished":"2025-05-07T14:36:29+00:00","dateModified":"2025-05-15T06:50:29+00:00","mainEntityOfPage":{"@id":"https:\/\/blog.zhaw.ch\/vielfalt\/2025\/05\/07\/erinnern-und-vergessen\/"},"wordCount":962,"commentCount":0,"image":{"@id":"https:\/\/blog.zhaw.ch\/vielfalt\/2025\/05\/07\/erinnern-und-vergessen\/#primaryimage"},"thumbnailUrl":"https:\/\/blog.zhaw.ch\/vielfalt\/files\/2025\/05\/Magnolien_AdobeStock_497026491.png","keywords":["Erfahrungsbericht"],"articleSection":{"1":"Esther Spinner"},"inLanguage":"de","potentialAction":[{"@type":"CommentAction","name":"Comment","target":["https:\/\/blog.zhaw.ch\/vielfalt\/2025\/05\/07\/erinnern-und-vergessen\/#respond"]}]},{"@type":"WebPage","@id":"https:\/\/blog.zhaw.ch\/vielfalt\/2025\/05\/07\/erinnern-und-vergessen\/","url":"https:\/\/blog.zhaw.ch\/vielfalt\/2025\/05\/07\/erinnern-und-vergessen\/","name":"Erinnern und vergessen - vielfALT","isPartOf":{"@id":"https:\/\/blog.zhaw.ch\/vielfalt\/#website"},"primaryImageOfPage":{"@id":"https:\/\/blog.zhaw.ch\/vielfalt\/2025\/05\/07\/erinnern-und-vergessen\/#primaryimage"},"image":{"@id":"https:\/\/blog.zhaw.ch\/vielfalt\/2025\/05\/07\/erinnern-und-vergessen\/#primaryimage"},"thumbnailUrl":"https:\/\/blog.zhaw.ch\/vielfalt\/files\/2025\/05\/Magnolien_AdobeStock_497026491.png","datePublished":"2025-05-07T14:36:29+00:00","dateModified":"2025-05-15T06:50:29+00:00","author":{"@id":"https:\/\/blog.zhaw.ch\/vielfalt\/#\/schema\/person\/284211e78cd8193099aa341f50cf0d4d"},"description":"Wenn einem W\u00f6rter entschwinden, macht das Angst. Lauert eine Demenzerkrankung dahinter oder sonst etwas Schlimmes? Es gilt, sich hilfreiche Strategien anzugew\u00f6hnen, um die verlorenen W\u00f6rter zu behalten oder sie gar nicht erst zu verlieren. Gedanken unserer Autorin Esther Spinner im Einklang mit der Jahreszeit.","breadcrumb":{"@id":"https:\/\/blog.zhaw.ch\/vielfalt\/2025\/05\/07\/erinnern-und-vergessen\/#breadcrumb"},"inLanguage":"de","potentialAction":[{"@type":"ReadAction","target":["https:\/\/blog.zhaw.ch\/vielfalt\/2025\/05\/07\/erinnern-und-vergessen\/"]}]},{"@type":"ImageObject","inLanguage":"de","@id":"https:\/\/blog.zhaw.ch\/vielfalt\/2025\/05\/07\/erinnern-und-vergessen\/#primaryimage","url":"https:\/\/blog.zhaw.ch\/vielfalt\/files\/2025\/05\/Magnolien_AdobeStock_497026491.png","contentUrl":"https:\/\/blog.zhaw.ch\/vielfalt\/files\/2025\/05\/Magnolien_AdobeStock_497026491.png","width":1200,"height":675,"caption":"Magnolienzweig"},{"@type":"BreadcrumbList","@id":"https:\/\/blog.zhaw.ch\/vielfalt\/2025\/05\/07\/erinnern-und-vergessen\/#breadcrumb","itemListElement":[{"@type":"ListItem","position":1,"name":"Startseite","item":"https:\/\/blog.zhaw.ch\/vielfalt\/"},{"@type":"ListItem","position":2,"name":"Erinnern und vergessen"}]},{"@type":"WebSite","@id":"https:\/\/blog.zhaw.ch\/vielfalt\/#website","url":"https:\/\/blog.zhaw.ch\/vielfalt\/","name":"vielfALT","description":"Ein Blog der ZHAW Z\u00fcrcher Hochschule f\u00fcr Angewandte Wissenschaften","potentialAction":[{"@type":"SearchAction","target":{"@type":"EntryPoint","urlTemplate":"https:\/\/blog.zhaw.ch\/vielfalt\/?s={search_term_string}"},"query-input":{"@type":"PropertyValueSpecification","valueRequired":true,"valueName":"search_term_string"}}],"inLanguage":"de"},{"@type":"Person","@id":"https:\/\/blog.zhaw.ch\/vielfalt\/#\/schema\/person\/284211e78cd8193099aa341f50cf0d4d","name":"suld","url":"https:\/\/blog.zhaw.ch\/vielfalt\/author\/suld\/"}]}},"_links":{"self":[{"href":"https:\/\/blog.zhaw.ch\/vielfalt\/wp-json\/wp\/v2\/posts\/1032","targetHints":{"allow":["GET"]}}],"collection":[{"href":"https:\/\/blog.zhaw.ch\/vielfalt\/wp-json\/wp\/v2\/posts"}],"about":[{"href":"https:\/\/blog.zhaw.ch\/vielfalt\/wp-json\/wp\/v2\/types\/post"}],"author":[{"embeddable":true,"href":"https:\/\/blog.zhaw.ch\/vielfalt\/wp-json\/wp\/v2\/users\/678"}],"replies":[{"embeddable":true,"href":"https:\/\/blog.zhaw.ch\/vielfalt\/wp-json\/wp\/v2\/comments?post=1032"}],"version-history":[{"count":5,"href":"https:\/\/blog.zhaw.ch\/vielfalt\/wp-json\/wp\/v2\/posts\/1032\/revisions"}],"predecessor-version":[{"id":1060,"href":"https:\/\/blog.zhaw.ch\/vielfalt\/wp-json\/wp\/v2\/posts\/1032\/revisions\/1060"}],"wp:featuredmedia":[{"embeddable":true,"href":"https:\/\/blog.zhaw.ch\/vielfalt\/wp-json\/wp\/v2\/media\/1034"}],"wp:attachment":[{"href":"https:\/\/blog.zhaw.ch\/vielfalt\/wp-json\/wp\/v2\/media?parent=1032"}],"wp:term":[{"taxonomy":"category","embeddable":true,"href":"https:\/\/blog.zhaw.ch\/vielfalt\/wp-json\/wp\/v2\/categories?post=1032"},{"taxonomy":"post_tag","embeddable":true,"href":"https:\/\/blog.zhaw.ch\/vielfalt\/wp-json\/wp\/v2\/tags?post=1032"},{"taxonomy":"features","embeddable":true,"href":"https:\/\/blog.zhaw.ch\/vielfalt\/wp-json\/wp\/v2\/features?post=1032"}],"curies":[{"name":"wp","href":"https:\/\/api.w.org\/{rel}","templated":true}]}}