{"id":66,"date":"2014-03-15T09:59:22","date_gmt":"2014-03-15T07:59:22","guid":{"rendered":"http:\/\/blog.zhaw.ch\/verkehrssysteme\/?p=66"},"modified":"2014-07-03T09:58:25","modified_gmt":"2014-07-03T07:58:25","slug":"elektrisierende-idee-kann-der-e-lkw-im-logistik-alltag-bestehen","status":"publish","type":"post","link":"https:\/\/blog.zhaw.ch\/verkehrssysteme\/elektrisierende-idee-kann-der-e-lkw-im-logistik-alltag-bestehen\/","title":{"rendered":"Elektrisierende Idee \u2013 Kann der E-Lkw im Logistik-Alltag bestehen?"},"content":{"rendered":"<p><a title=\"Zum Artikel auf der ZHAW-Website\" href=\"http:\/\/www.engineering.zhaw.ch\/de\/engineering\/studium\/bachelor\/verkehrssysteme\/newsletter-verkehrssysteme\/newsletter-verkehrssysteme-detailansicht\/news\/elektrisierende-idee-kann-der-e-lkw-im-logistik-alltag-bestehen.html\" target=\"_blank\"><img loading=\"lazy\" decoding=\"async\" class=\"alignnone  wp-image-178\" src=\"http:\/\/blog.zhaw.ch\/verkehrssysteme\/files\/2014\/06\/E-Lkw_Mailbild.jpg\" alt=\"E-Lkw_Mailbild\" width=\"523\" height=\"184\" \/><\/a><\/p>\n<p>Das Thema Elektromobilit\u00e4t ist in aller Munde. Nachdem lange Zeit der Einsatz von Batterie und Elektromotor bei Personenwagen die Debatte dominierte, stellt sich nun verst\u00e4rkt die Frage nach der Anwendung im Strasseng\u00fcterverkehr. Der Schweizer Logistikspezialist Planzer pr\u00fcft derzeit, inwieweit E-Lkw zuk\u00fcnftig die Aufgabe von Dieselfahrzeugen \u00fcbernehmen k\u00f6nnten und welche wirtschaftlichen Auswirkungen dies h\u00e4tte. Unterst\u00fctzt wird Planzer dabei durch eine Bachelorarbeit von zwei Verkehrssysteme-Studierenden.<\/p>\n<p><a title=\"Zum Artikel auf der ZHAW-Website\" href=\"http:\/\/www.engineering.zhaw.ch\/de\/engineering\/studium\/bachelor\/verkehrssysteme\/newsletter-verkehrssysteme\/newsletter-verkehrssysteme-detailansicht\/news\/elektrisierende-idee-kann-der-e-lkw-im-logistik-alltag-bestehen.html\" target=\"_blank\">Zum Artikel auf der ZHAW-Website<\/a><\/p>\n","protected":false},"excerpt":{"rendered":"<p>Das Thema Elektromobilit\u00e4t ist in aller Munde. Nachdem lange Zeit der Einsatz von Batterie und Elektromotor bei Personenwagen die Debatte dominierte, stellt sich nun verst\u00e4rkt die Frage nach der Anwendung im Strasseng\u00fcterverkehr. Der Schweizer Logistikspezialist Planzer pr\u00fcft derzeit, inwieweit E-Lkw zuk\u00fcnftig die Aufgabe von Dieselfahrzeugen \u00fcbernehmen k\u00f6nnten und welche wirtschaftlichen Auswirkungen dies h\u00e4tte. Unterst\u00fctzt wird [&hellip;]<\/p>\n","protected":false},"author":134,"featured_media":0,"comment_status":"open","ping_status":"open","sticky":false,"template":"","format":"standard","meta":{"ngg_post_thumbnail":0,"footnotes":""},"categories":[6],"tags":[],"features":[],"class_list":["post-66","post","type-post","status-publish","format-standard","hentry","category-studienganginformationen"],"yoast_head":"<!-- This site is optimized with the Yoast SEO Premium plugin v27.2 (Yoast SEO v27.2) - https:\/\/yoast.com\/product\/yoast-seo-premium-wordpress\/ -->\n<title>Elektrisierende Idee \u2013 Kann der E-Lkw im Logistik-Alltag bestehen? - Mobility Science<\/title>\n<meta name=\"robots\" content=\"index, follow, max-snippet:-1, max-image-preview:large, max-video-preview:-1\" \/>\n<link rel=\"canonical\" href=\"https:\/\/blog.zhaw.ch\/verkehrssysteme\/elektrisierende-idee-kann-der-e-lkw-im-logistik-alltag-bestehen\/\" \/>\n<meta property=\"og:locale\" content=\"de_DE\" \/>\n<meta property=\"og:type\" content=\"article\" \/>\n<meta property=\"og:title\" content=\"Elektrisierende Idee \u2013 Kann der E-Lkw im Logistik-Alltag bestehen?\" \/>\n<meta property=\"og:description\" content=\"Das Thema Elektromobilit\u00e4t ist in aller Munde. Nachdem lange Zeit der Einsatz von Batterie und Elektromotor bei Personenwagen die Debatte dominierte, stellt sich nun verst\u00e4rkt die Frage nach der Anwendung im Strasseng\u00fcterverkehr. Der Schweizer Logistikspezialist Planzer pr\u00fcft derzeit, inwieweit E-Lkw zuk\u00fcnftig die Aufgabe von Dieselfahrzeugen \u00fcbernehmen k\u00f6nnten und welche wirtschaftlichen Auswirkungen dies h\u00e4tte. Unterst\u00fctzt wird [&hellip;]\" \/>\n<meta property=\"og:url\" content=\"https:\/\/blog.zhaw.ch\/verkehrssysteme\/elektrisierende-idee-kann-der-e-lkw-im-logistik-alltag-bestehen\/\" \/>\n<meta property=\"og:site_name\" content=\"Mobility Science\" \/>\n<meta property=\"article:published_time\" content=\"2014-03-15T07:59:22+00:00\" \/>\n<meta property=\"article:modified_time\" content=\"2014-07-03T07:58:25+00:00\" \/>\n<meta property=\"og:image\" content=\"http:\/\/blog.zhaw.ch\/verkehrssysteme\/files\/2014\/06\/E-Lkw_Mailbild.jpg\" \/>\n<meta name=\"author\" content=\"leuj\" \/>\n<meta name=\"twitter:card\" content=\"summary_large_image\" \/>\n<meta name=\"twitter:label1\" content=\"Verfasst von\" \/>\n\t<meta name=\"twitter:data1\" content=\"leuj\" \/>\n<script type=\"application\/ld+json\" class=\"yoast-schema-graph\">{\"@context\":\"https:\/\/schema.org\",\"@graph\":[{\"@type\":\"Article\",\"@id\":\"https:\/\/blog.zhaw.ch\/verkehrssysteme\/elektrisierende-idee-kann-der-e-lkw-im-logistik-alltag-bestehen\/#article\",\"isPartOf\":{\"@id\":\"https:\/\/blog.zhaw.ch\/verkehrssysteme\/elektrisierende-idee-kann-der-e-lkw-im-logistik-alltag-bestehen\/\"},\"author\":{\"name\":\"leuj\",\"@id\":\"https:\/\/blog.zhaw.ch\/verkehrssysteme\/#\/schema\/person\/5e8f780ef5d51123febdddd767365adf\"},\"headline\":\"Elektrisierende Idee \u2013 Kann der E-Lkw im Logistik-Alltag bestehen?\",\"datePublished\":\"2014-03-15T07:59:22+00:00\",\"dateModified\":\"2014-07-03T07:58:25+00:00\",\"mainEntityOfPage\":{\"@id\":\"https:\/\/blog.zhaw.ch\/verkehrssysteme\/elektrisierende-idee-kann-der-e-lkw-im-logistik-alltag-bestehen\/\"},\"wordCount\":84,\"commentCount\":0,\"image\":{\"@id\":\"https:\/\/blog.zhaw.ch\/verkehrssysteme\/elektrisierende-idee-kann-der-e-lkw-im-logistik-alltag-bestehen\/#primaryimage\"},\"thumbnailUrl\":\"http:\/\/blog.zhaw.ch\/verkehrssysteme\/files\/2014\/06\/E-Lkw_Mailbild.jpg\",\"articleSection\":[\"Studienganginformationen\"],\"inLanguage\":\"de\",\"potentialAction\":[{\"@type\":\"CommentAction\",\"name\":\"Comment\",\"target\":[\"https:\/\/blog.zhaw.ch\/verkehrssysteme\/elektrisierende-idee-kann-der-e-lkw-im-logistik-alltag-bestehen\/#respond\"]}]},{\"@type\":\"WebPage\",\"@id\":\"https:\/\/blog.zhaw.ch\/verkehrssysteme\/elektrisierende-idee-kann-der-e-lkw-im-logistik-alltag-bestehen\/\",\"url\":\"https:\/\/blog.zhaw.ch\/verkehrssysteme\/elektrisierende-idee-kann-der-e-lkw-im-logistik-alltag-bestehen\/\",\"name\":\"Elektrisierende Idee \u2013 Kann der E-Lkw im Logistik-Alltag bestehen? - Mobility Science\",\"isPartOf\":{\"@id\":\"https:\/\/blog.zhaw.ch\/verkehrssysteme\/#website\"},\"primaryImageOfPage\":{\"@id\":\"https:\/\/blog.zhaw.ch\/verkehrssysteme\/elektrisierende-idee-kann-der-e-lkw-im-logistik-alltag-bestehen\/#primaryimage\"},\"image\":{\"@id\":\"https:\/\/blog.zhaw.ch\/verkehrssysteme\/elektrisierende-idee-kann-der-e-lkw-im-logistik-alltag-bestehen\/#primaryimage\"},\"thumbnailUrl\":\"http:\/\/blog.zhaw.ch\/verkehrssysteme\/files\/2014\/06\/E-Lkw_Mailbild.jpg\",\"datePublished\":\"2014-03-15T07:59:22+00:00\",\"dateModified\":\"2014-07-03T07:58:25+00:00\",\"author\":{\"@id\":\"https:\/\/blog.zhaw.ch\/verkehrssysteme\/#\/schema\/person\/5e8f780ef5d51123febdddd767365adf\"},\"breadcrumb\":{\"@id\":\"https:\/\/blog.zhaw.ch\/verkehrssysteme\/elektrisierende-idee-kann-der-e-lkw-im-logistik-alltag-bestehen\/#breadcrumb\"},\"inLanguage\":\"de\",\"potentialAction\":[{\"@type\":\"ReadAction\",\"target\":[\"https:\/\/blog.zhaw.ch\/verkehrssysteme\/elektrisierende-idee-kann-der-e-lkw-im-logistik-alltag-bestehen\/\"]}]},{\"@type\":\"ImageObject\",\"inLanguage\":\"de\",\"@id\":\"https:\/\/blog.zhaw.ch\/verkehrssysteme\/elektrisierende-idee-kann-der-e-lkw-im-logistik-alltag-bestehen\/#primaryimage\",\"url\":\"https:\/\/blog.zhaw.ch\/verkehrssysteme\/files\/2014\/06\/E-Lkw_Mailbild.jpg\",\"contentUrl\":\"https:\/\/blog.zhaw.ch\/verkehrssysteme\/files\/2014\/06\/E-Lkw_Mailbild.jpg\",\"width\":420,\"height\":140},{\"@type\":\"BreadcrumbList\",\"@id\":\"https:\/\/blog.zhaw.ch\/verkehrssysteme\/elektrisierende-idee-kann-der-e-lkw-im-logistik-alltag-bestehen\/#breadcrumb\",\"itemListElement\":[{\"@type\":\"ListItem\",\"position\":1,\"name\":\"Startseite\",\"item\":\"https:\/\/blog.zhaw.ch\/verkehrssysteme\/\"},{\"@type\":\"ListItem\",\"position\":2,\"name\":\"Elektrisierende Idee \u2013 Kann der E-Lkw im Logistik-Alltag bestehen?\"}]},{\"@type\":\"WebSite\",\"@id\":\"https:\/\/blog.zhaw.ch\/verkehrssysteme\/#website\",\"url\":\"https:\/\/blog.zhaw.ch\/verkehrssysteme\/\",\"name\":\"Mobility Science\",\"description\":\"Ein Blog der ZHAW Z\u00fcrcher Hochschule f\u00fcr Angewandte Wissenschaften\",\"potentialAction\":[{\"@type\":\"SearchAction\",\"target\":{\"@type\":\"EntryPoint\",\"urlTemplate\":\"https:\/\/blog.zhaw.ch\/verkehrssysteme\/?s={search_term_string}\"},\"query-input\":{\"@type\":\"PropertyValueSpecification\",\"valueRequired\":true,\"valueName\":\"search_term_string\"}}],\"inLanguage\":\"de\"},{\"@type\":\"Person\",\"@id\":\"https:\/\/blog.zhaw.ch\/verkehrssysteme\/#\/schema\/person\/5e8f780ef5d51123febdddd767365adf\",\"name\":\"leuj\",\"image\":{\"@type\":\"ImageObject\",\"inLanguage\":\"de\",\"@id\":\"https:\/\/secure.gravatar.com\/avatar\/586ef78c5f593449c172a59cb3517fcf3003d83b956e4051f9442ad3f808bb51?s=96&d=mm&r=g\",\"url\":\"https:\/\/secure.gravatar.com\/avatar\/586ef78c5f593449c172a59cb3517fcf3003d83b956e4051f9442ad3f808bb51?s=96&d=mm&r=g\",\"contentUrl\":\"https:\/\/secure.gravatar.com\/avatar\/586ef78c5f593449c172a59cb3517fcf3003d83b956e4051f9442ad3f808bb51?s=96&d=mm&r=g\",\"caption\":\"leuj\"},\"url\":\"https:\/\/blog.zhaw.ch\/verkehrssysteme\/author\/leuj\/\"}]}<\/script>\n<!-- \/ Yoast SEO Premium plugin. -->","yoast_head_json":{"title":"Elektrisierende Idee \u2013 Kann der E-Lkw im Logistik-Alltag bestehen? - Mobility Science","robots":{"index":"index","follow":"follow","max-snippet":"max-snippet:-1","max-image-preview":"max-image-preview:large","max-video-preview":"max-video-preview:-1"},"canonical":"https:\/\/blog.zhaw.ch\/verkehrssysteme\/elektrisierende-idee-kann-der-e-lkw-im-logistik-alltag-bestehen\/","og_locale":"de_DE","og_type":"article","og_title":"Elektrisierende Idee \u2013 Kann der E-Lkw im Logistik-Alltag bestehen?","og_description":"Das Thema Elektromobilit\u00e4t ist in aller Munde. Nachdem lange Zeit der Einsatz von Batterie und Elektromotor bei Personenwagen die Debatte dominierte, stellt sich nun verst\u00e4rkt die Frage nach der Anwendung im Strasseng\u00fcterverkehr. Der Schweizer Logistikspezialist Planzer pr\u00fcft derzeit, inwieweit E-Lkw zuk\u00fcnftig die Aufgabe von Dieselfahrzeugen \u00fcbernehmen k\u00f6nnten und welche wirtschaftlichen Auswirkungen dies h\u00e4tte. Unterst\u00fctzt wird [&hellip;]","og_url":"https:\/\/blog.zhaw.ch\/verkehrssysteme\/elektrisierende-idee-kann-der-e-lkw-im-logistik-alltag-bestehen\/","og_site_name":"Mobility Science","article_published_time":"2014-03-15T07:59:22+00:00","article_modified_time":"2014-07-03T07:58:25+00:00","og_image":[{"url":"http:\/\/blog.zhaw.ch\/verkehrssysteme\/files\/2014\/06\/E-Lkw_Mailbild.jpg","type":"","width":"","height":""}],"author":"leuj","twitter_card":"summary_large_image","twitter_misc":{"Verfasst von":"leuj"},"schema":{"@context":"https:\/\/schema.org","@graph":[{"@type":"Article","@id":"https:\/\/blog.zhaw.ch\/verkehrssysteme\/elektrisierende-idee-kann-der-e-lkw-im-logistik-alltag-bestehen\/#article","isPartOf":{"@id":"https:\/\/blog.zhaw.ch\/verkehrssysteme\/elektrisierende-idee-kann-der-e-lkw-im-logistik-alltag-bestehen\/"},"author":{"name":"leuj","@id":"https:\/\/blog.zhaw.ch\/verkehrssysteme\/#\/schema\/person\/5e8f780ef5d51123febdddd767365adf"},"headline":"Elektrisierende Idee \u2013 Kann der E-Lkw im Logistik-Alltag bestehen?","datePublished":"2014-03-15T07:59:22+00:00","dateModified":"2014-07-03T07:58:25+00:00","mainEntityOfPage":{"@id":"https:\/\/blog.zhaw.ch\/verkehrssysteme\/elektrisierende-idee-kann-der-e-lkw-im-logistik-alltag-bestehen\/"},"wordCount":84,"commentCount":0,"image":{"@id":"https:\/\/blog.zhaw.ch\/verkehrssysteme\/elektrisierende-idee-kann-der-e-lkw-im-logistik-alltag-bestehen\/#primaryimage"},"thumbnailUrl":"http:\/\/blog.zhaw.ch\/verkehrssysteme\/files\/2014\/06\/E-Lkw_Mailbild.jpg","articleSection":["Studienganginformationen"],"inLanguage":"de","potentialAction":[{"@type":"CommentAction","name":"Comment","target":["https:\/\/blog.zhaw.ch\/verkehrssysteme\/elektrisierende-idee-kann-der-e-lkw-im-logistik-alltag-bestehen\/#respond"]}]},{"@type":"WebPage","@id":"https:\/\/blog.zhaw.ch\/verkehrssysteme\/elektrisierende-idee-kann-der-e-lkw-im-logistik-alltag-bestehen\/","url":"https:\/\/blog.zhaw.ch\/verkehrssysteme\/elektrisierende-idee-kann-der-e-lkw-im-logistik-alltag-bestehen\/","name":"Elektrisierende Idee \u2013 Kann der E-Lkw im Logistik-Alltag bestehen? - Mobility Science","isPartOf":{"@id":"https:\/\/blog.zhaw.ch\/verkehrssysteme\/#website"},"primaryImageOfPage":{"@id":"https:\/\/blog.zhaw.ch\/verkehrssysteme\/elektrisierende-idee-kann-der-e-lkw-im-logistik-alltag-bestehen\/#primaryimage"},"image":{"@id":"https:\/\/blog.zhaw.ch\/verkehrssysteme\/elektrisierende-idee-kann-der-e-lkw-im-logistik-alltag-bestehen\/#primaryimage"},"thumbnailUrl":"http:\/\/blog.zhaw.ch\/verkehrssysteme\/files\/2014\/06\/E-Lkw_Mailbild.jpg","datePublished":"2014-03-15T07:59:22+00:00","dateModified":"2014-07-03T07:58:25+00:00","author":{"@id":"https:\/\/blog.zhaw.ch\/verkehrssysteme\/#\/schema\/person\/5e8f780ef5d51123febdddd767365adf"},"breadcrumb":{"@id":"https:\/\/blog.zhaw.ch\/verkehrssysteme\/elektrisierende-idee-kann-der-e-lkw-im-logistik-alltag-bestehen\/#breadcrumb"},"inLanguage":"de","potentialAction":[{"@type":"ReadAction","target":["https:\/\/blog.zhaw.ch\/verkehrssysteme\/elektrisierende-idee-kann-der-e-lkw-im-logistik-alltag-bestehen\/"]}]},{"@type":"ImageObject","inLanguage":"de","@id":"https:\/\/blog.zhaw.ch\/verkehrssysteme\/elektrisierende-idee-kann-der-e-lkw-im-logistik-alltag-bestehen\/#primaryimage","url":"https:\/\/blog.zhaw.ch\/verkehrssysteme\/files\/2014\/06\/E-Lkw_Mailbild.jpg","contentUrl":"https:\/\/blog.zhaw.ch\/verkehrssysteme\/files\/2014\/06\/E-Lkw_Mailbild.jpg","width":420,"height":140},{"@type":"BreadcrumbList","@id":"https:\/\/blog.zhaw.ch\/verkehrssysteme\/elektrisierende-idee-kann-der-e-lkw-im-logistik-alltag-bestehen\/#breadcrumb","itemListElement":[{"@type":"ListItem","position":1,"name":"Startseite","item":"https:\/\/blog.zhaw.ch\/verkehrssysteme\/"},{"@type":"ListItem","position":2,"name":"Elektrisierende Idee \u2013 Kann der E-Lkw im Logistik-Alltag bestehen?"}]},{"@type":"WebSite","@id":"https:\/\/blog.zhaw.ch\/verkehrssysteme\/#website","url":"https:\/\/blog.zhaw.ch\/verkehrssysteme\/","name":"Mobility Science","description":"Ein Blog der ZHAW Z\u00fcrcher Hochschule f\u00fcr Angewandte Wissenschaften","potentialAction":[{"@type":"SearchAction","target":{"@type":"EntryPoint","urlTemplate":"https:\/\/blog.zhaw.ch\/verkehrssysteme\/?s={search_term_string}"},"query-input":{"@type":"PropertyValueSpecification","valueRequired":true,"valueName":"search_term_string"}}],"inLanguage":"de"},{"@type":"Person","@id":"https:\/\/blog.zhaw.ch\/verkehrssysteme\/#\/schema\/person\/5e8f780ef5d51123febdddd767365adf","name":"leuj","image":{"@type":"ImageObject","inLanguage":"de","@id":"https:\/\/secure.gravatar.com\/avatar\/586ef78c5f593449c172a59cb3517fcf3003d83b956e4051f9442ad3f808bb51?s=96&d=mm&r=g","url":"https:\/\/secure.gravatar.com\/avatar\/586ef78c5f593449c172a59cb3517fcf3003d83b956e4051f9442ad3f808bb51?s=96&d=mm&r=g","contentUrl":"https:\/\/secure.gravatar.com\/avatar\/586ef78c5f593449c172a59cb3517fcf3003d83b956e4051f9442ad3f808bb51?s=96&d=mm&r=g","caption":"leuj"},"url":"https:\/\/blog.zhaw.ch\/verkehrssysteme\/author\/leuj\/"}]}},"_links":{"self":[{"href":"https:\/\/blog.zhaw.ch\/verkehrssysteme\/wp-json\/wp\/v2\/posts\/66","targetHints":{"allow":["GET"]}}],"collection":[{"href":"https:\/\/blog.zhaw.ch\/verkehrssysteme\/wp-json\/wp\/v2\/posts"}],"about":[{"href":"https:\/\/blog.zhaw.ch\/verkehrssysteme\/wp-json\/wp\/v2\/types\/post"}],"author":[{"embeddable":true,"href":"https:\/\/blog.zhaw.ch\/verkehrssysteme\/wp-json\/wp\/v2\/users\/134"}],"replies":[{"embeddable":true,"href":"https:\/\/blog.zhaw.ch\/verkehrssysteme\/wp-json\/wp\/v2\/comments?post=66"}],"version-history":[{"count":4,"href":"https:\/\/blog.zhaw.ch\/verkehrssysteme\/wp-json\/wp\/v2\/posts\/66\/revisions"}],"predecessor-version":[{"id":181,"href":"https:\/\/blog.zhaw.ch\/verkehrssysteme\/wp-json\/wp\/v2\/posts\/66\/revisions\/181"}],"wp:attachment":[{"href":"https:\/\/blog.zhaw.ch\/verkehrssysteme\/wp-json\/wp\/v2\/media?parent=66"}],"wp:term":[{"taxonomy":"category","embeddable":true,"href":"https:\/\/blog.zhaw.ch\/verkehrssysteme\/wp-json\/wp\/v2\/categories?post=66"},{"taxonomy":"post_tag","embeddable":true,"href":"https:\/\/blog.zhaw.ch\/verkehrssysteme\/wp-json\/wp\/v2\/tags?post=66"},{"taxonomy":"features","embeddable":true,"href":"https:\/\/blog.zhaw.ch\/verkehrssysteme\/wp-json\/wp\/v2\/features?post=66"}],"curies":[{"name":"wp","href":"https:\/\/api.w.org\/{rel}","templated":true}]}}