{"id":3656,"date":"2023-09-01T14:54:49","date_gmt":"2023-09-01T12:54:49","guid":{"rendered":"https:\/\/blog.zhaw.ch\/verkehrssysteme\/?p=3656"},"modified":"2023-09-01T14:54:49","modified_gmt":"2023-09-01T12:54:49","slug":"freikarten-fuer-schweizer-mobilitaetsarena-2023-19-und-20-september-in-bern","status":"publish","type":"post","link":"https:\/\/blog.zhaw.ch\/verkehrssysteme\/freikarten-fuer-schweizer-mobilitaetsarena-2023-19-und-20-september-in-bern\/","title":{"rendered":"Freikarten f\u00fcr Schweizer Mobilit\u00e4tsarena 2023 &#8211; 19. und 20. September in Bern"},"content":{"rendered":"\n<p><strong>Die f\u00fcnfte Ausgabe der Mobilit\u00e4tsarena steht bevor und hat zwei spannende Kongresse im Programm: die Automaticar am 19. <\/strong><strong>September und der SLEM (Switzerland\u2019s Congress for Light Electric Mobility) am 20. <\/strong><strong>September.<\/strong><strong><\/strong><\/p>\n\n\n\n<p>Spannende Referate, Zeit f\u00fcr Networking und Austausch: Die diesj\u00e4hrige Mobilit\u00e4tsarena bietet ein abwechslungsreiches Programm und beleuchtet neu, neben der automatisierten Mobilit\u00e4t mit der \u00abAutomaticar\u00bb, auch die leichte elektrische Mobilit\u00e4t mit dem SLEM \u2013 Switzerland\u2019s Congress for Light Electric Mobility. Die Veranstaltung findet im Eventforum in Bern statt und wird unterst\u00fctzt vom Bundesamt f\u00fcr Energie mit seinem Programm EnergieSchweiz, vom Bundesamt f\u00fcr Strassen und vom TCS. Veranstaltungspartner sind der Verband CHACOMO und SAAM (Swiss Association for Autonomous Mobility) und Kommunikationspartner ist Mobilservice.<\/p>\n\n\n\n<p>Hier geht\u2019s zum Programm: <a href=\"https:\/\/www.mobilitaetsarena.ch\/de\/Programm_2023\/2023.php\">Programm 2023 \u00b7 Schweizer Mobilit\u00e4tsarena (mobilitaetsarena.ch)<\/a> F\u00fcr die beiden Tagesveranstaltungen Automaticar und SLEM steht den <strong>Studierenden der ZHAW ein begrenztes Kontingent an Gratiseintritten<\/strong> zur Verf\u00fcgung. Meldet euch bei <a href=\"mailto:info@mobilitaetsarena.ch\">info@mobilitaetsarena.ch<\/a>, um den Code f\u00fcr die Anmeldung zu erhalten.<\/p>\n<div class=\"pt-sm\">Schlagw\u00f6rter: <a href=\"https:\/\/blog.zhaw.ch\/verkehrssysteme\/tag\/autonomes-fahren\/\">Autonomes Fahren<\/a>, <a href=\"https:\/\/blog.zhaw.ch\/verkehrssysteme\/tag\/elektromobilitaet\/\">Elektromobilit\u00e4t<\/a>, <a href=\"https:\/\/blog.zhaw.ch\/verkehrssysteme\/tag\/mobilitaetsarena\/\">Mobilit\u00e4tsarena<\/a>, <a href=\"https:\/\/blog.zhaw.ch\/verkehrssysteme\/tag\/zukunftsmobilitaet\/\">Zukunftsmobilit\u00e4t<\/a><br><\/div>","protected":false},"excerpt":{"rendered":"<p>Die f\u00fcnfte Ausgabe der Mobilit\u00e4tsarena steht bevor und hat zwei spannende Kongresse im Programm: die Automaticar am 19. September und der SLEM (Switzerland\u2019s Congress for Light Electric Mobility) am 20. September. Spannende Referate, Zeit f\u00fcr Networking und Austausch: Die diesj\u00e4hrige Mobilit\u00e4tsarena bietet ein abwechslungsreiches Programm und beleuchtet neu, neben der automatisierten Mobilit\u00e4t mit der \u00abAutomaticar\u00bb, [&hellip;]<\/p>\n","protected":false},"author":65,"featured_media":3657,"comment_status":"open","ping_status":"open","sticky":false,"template":"","format":"standard","meta":{"ngg_post_thumbnail":0,"footnotes":""},"categories":[9],"tags":[96,25,275,52],"features":[],"class_list":["post-3656","post","type-post","status-publish","format-standard","has-post-thumbnail","hentry","category-veranstaltung","tag-autonomes-fahren","tag-elektromobilitaet","tag-mobilitaetsarena","tag-zukunftsmobilitaet"],"yoast_head":"<!-- This site is optimized with the Yoast SEO Premium plugin v27.2 (Yoast SEO v27.2) - https:\/\/yoast.com\/product\/yoast-seo-premium-wordpress\/ -->\n<title>Freikarten f\u00fcr Schweizer Mobilit\u00e4tsarena 2023 - 19. und 20. September in Bern - Mobility Science<\/title>\n<meta name=\"robots\" content=\"index, follow, max-snippet:-1, max-image-preview:large, max-video-preview:-1\" \/>\n<link rel=\"canonical\" href=\"https:\/\/blog.zhaw.ch\/verkehrssysteme\/freikarten-fuer-schweizer-mobilitaetsarena-2023-19-und-20-september-in-bern\/\" \/>\n<meta property=\"og:locale\" content=\"de_DE\" \/>\n<meta property=\"og:type\" content=\"article\" \/>\n<meta property=\"og:title\" content=\"Freikarten f\u00fcr Schweizer Mobilit\u00e4tsarena 2023 - 19. und 20. September in Bern\" \/>\n<meta property=\"og:description\" content=\"Die f\u00fcnfte Ausgabe der Mobilit\u00e4tsarena steht bevor und hat zwei spannende Kongresse im Programm: die Automaticar am 19. September und der SLEM (Switzerland\u2019s Congress for Light Electric Mobility) am 20. September. Spannende Referate, Zeit f\u00fcr Networking und Austausch: Die diesj\u00e4hrige Mobilit\u00e4tsarena bietet ein abwechslungsreiches Programm und beleuchtet neu, neben der automatisierten Mobilit\u00e4t mit der \u00abAutomaticar\u00bb, [&hellip;]\" \/>\n<meta property=\"og:url\" content=\"https:\/\/blog.zhaw.ch\/verkehrssysteme\/freikarten-fuer-schweizer-mobilitaetsarena-2023-19-und-20-september-in-bern\/\" \/>\n<meta property=\"og:site_name\" content=\"Mobility Science\" \/>\n<meta property=\"article:published_time\" content=\"2023-09-01T12:54:49+00:00\" \/>\n<meta property=\"og:image\" content=\"https:\/\/blog.zhaw.ch\/verkehrssysteme\/files\/2023\/09\/m_arena_01.jpg\" \/>\n\t<meta property=\"og:image:width\" content=\"1000\" \/>\n\t<meta property=\"og:image:height\" content=\"558\" \/>\n\t<meta property=\"og:image:type\" content=\"image\/jpeg\" \/>\n<meta name=\"author\" content=\"saut\" \/>\n<meta name=\"twitter:card\" content=\"summary_large_image\" \/>\n<meta name=\"twitter:label1\" content=\"Verfasst von\" \/>\n\t<meta name=\"twitter:data1\" content=\"saut\" \/>\n\t<meta name=\"twitter:label2\" content=\"Gesch\u00e4tzte Lesezeit\" \/>\n\t<meta name=\"twitter:data2\" content=\"1\u00a0Minute\" \/>\n<script type=\"application\/ld+json\" class=\"yoast-schema-graph\">{\"@context\":\"https:\/\/schema.org\",\"@graph\":[{\"@type\":\"Article\",\"@id\":\"https:\/\/blog.zhaw.ch\/verkehrssysteme\/freikarten-fuer-schweizer-mobilitaetsarena-2023-19-und-20-september-in-bern\/#article\",\"isPartOf\":{\"@id\":\"https:\/\/blog.zhaw.ch\/verkehrssysteme\/freikarten-fuer-schweizer-mobilitaetsarena-2023-19-und-20-september-in-bern\/\"},\"author\":{\"name\":\"saut\",\"@id\":\"https:\/\/blog.zhaw.ch\/verkehrssysteme\/#\/schema\/person\/da13fda472e8efad7dd9860e0cc65161\"},\"headline\":\"Freikarten f\u00fcr Schweizer Mobilit\u00e4tsarena 2023 &#8211; 19. und 20. September in Bern\",\"datePublished\":\"2023-09-01T12:54:49+00:00\",\"mainEntityOfPage\":{\"@id\":\"https:\/\/blog.zhaw.ch\/verkehrssysteme\/freikarten-fuer-schweizer-mobilitaetsarena-2023-19-und-20-september-in-bern\/\"},\"wordCount\":179,\"commentCount\":0,\"image\":{\"@id\":\"https:\/\/blog.zhaw.ch\/verkehrssysteme\/freikarten-fuer-schweizer-mobilitaetsarena-2023-19-und-20-september-in-bern\/#primaryimage\"},\"thumbnailUrl\":\"https:\/\/blog.zhaw.ch\/verkehrssysteme\/files\/2023\/09\/m_arena_01.jpg\",\"keywords\":[\"Autonomes Fahren\",\"Elektromobilit\u00e4t\",\"Mobilit\u00e4tsarena\",\"Zukunftsmobilit\u00e4t\"],\"articleSection\":[\"Veranstaltung\"],\"inLanguage\":\"de\",\"potentialAction\":[{\"@type\":\"CommentAction\",\"name\":\"Comment\",\"target\":[\"https:\/\/blog.zhaw.ch\/verkehrssysteme\/freikarten-fuer-schweizer-mobilitaetsarena-2023-19-und-20-september-in-bern\/#respond\"]}]},{\"@type\":\"WebPage\",\"@id\":\"https:\/\/blog.zhaw.ch\/verkehrssysteme\/freikarten-fuer-schweizer-mobilitaetsarena-2023-19-und-20-september-in-bern\/\",\"url\":\"https:\/\/blog.zhaw.ch\/verkehrssysteme\/freikarten-fuer-schweizer-mobilitaetsarena-2023-19-und-20-september-in-bern\/\",\"name\":\"Freikarten f\u00fcr Schweizer Mobilit\u00e4tsarena 2023 - 19. und 20. September in Bern - Mobility Science\",\"isPartOf\":{\"@id\":\"https:\/\/blog.zhaw.ch\/verkehrssysteme\/#website\"},\"primaryImageOfPage\":{\"@id\":\"https:\/\/blog.zhaw.ch\/verkehrssysteme\/freikarten-fuer-schweizer-mobilitaetsarena-2023-19-und-20-september-in-bern\/#primaryimage\"},\"image\":{\"@id\":\"https:\/\/blog.zhaw.ch\/verkehrssysteme\/freikarten-fuer-schweizer-mobilitaetsarena-2023-19-und-20-september-in-bern\/#primaryimage\"},\"thumbnailUrl\":\"https:\/\/blog.zhaw.ch\/verkehrssysteme\/files\/2023\/09\/m_arena_01.jpg\",\"datePublished\":\"2023-09-01T12:54:49+00:00\",\"author\":{\"@id\":\"https:\/\/blog.zhaw.ch\/verkehrssysteme\/#\/schema\/person\/da13fda472e8efad7dd9860e0cc65161\"},\"breadcrumb\":{\"@id\":\"https:\/\/blog.zhaw.ch\/verkehrssysteme\/freikarten-fuer-schweizer-mobilitaetsarena-2023-19-und-20-september-in-bern\/#breadcrumb\"},\"inLanguage\":\"de\",\"potentialAction\":[{\"@type\":\"ReadAction\",\"target\":[\"https:\/\/blog.zhaw.ch\/verkehrssysteme\/freikarten-fuer-schweizer-mobilitaetsarena-2023-19-und-20-september-in-bern\/\"]}]},{\"@type\":\"ImageObject\",\"inLanguage\":\"de\",\"@id\":\"https:\/\/blog.zhaw.ch\/verkehrssysteme\/freikarten-fuer-schweizer-mobilitaetsarena-2023-19-und-20-september-in-bern\/#primaryimage\",\"url\":\"https:\/\/blog.zhaw.ch\/verkehrssysteme\/files\/2023\/09\/m_arena_01.jpg\",\"contentUrl\":\"https:\/\/blog.zhaw.ch\/verkehrssysteme\/files\/2023\/09\/m_arena_01.jpg\",\"width\":1000,\"height\":558},{\"@type\":\"BreadcrumbList\",\"@id\":\"https:\/\/blog.zhaw.ch\/verkehrssysteme\/freikarten-fuer-schweizer-mobilitaetsarena-2023-19-und-20-september-in-bern\/#breadcrumb\",\"itemListElement\":[{\"@type\":\"ListItem\",\"position\":1,\"name\":\"Startseite\",\"item\":\"https:\/\/blog.zhaw.ch\/verkehrssysteme\/\"},{\"@type\":\"ListItem\",\"position\":2,\"name\":\"Freikarten f\u00fcr Schweizer Mobilit\u00e4tsarena 2023 &#8211; 19. und 20. September in Bern\"}]},{\"@type\":\"WebSite\",\"@id\":\"https:\/\/blog.zhaw.ch\/verkehrssysteme\/#website\",\"url\":\"https:\/\/blog.zhaw.ch\/verkehrssysteme\/\",\"name\":\"Mobility Science\",\"description\":\"Ein Blog der ZHAW Z\u00fcrcher Hochschule f\u00fcr Angewandte Wissenschaften\",\"potentialAction\":[{\"@type\":\"SearchAction\",\"target\":{\"@type\":\"EntryPoint\",\"urlTemplate\":\"https:\/\/blog.zhaw.ch\/verkehrssysteme\/?s={search_term_string}\"},\"query-input\":{\"@type\":\"PropertyValueSpecification\",\"valueRequired\":true,\"valueName\":\"search_term_string\"}}],\"inLanguage\":\"de\"},{\"@type\":\"Person\",\"@id\":\"https:\/\/blog.zhaw.ch\/verkehrssysteme\/#\/schema\/person\/da13fda472e8efad7dd9860e0cc65161\",\"name\":\"saut\",\"image\":{\"@type\":\"ImageObject\",\"inLanguage\":\"de\",\"@id\":\"https:\/\/secure.gravatar.com\/avatar\/5fd85ed1b873d93dac5d4056519ac9b7605bc334aff7bcdf6e5ca3a5d86746af?s=96&d=mm&r=g\",\"url\":\"https:\/\/secure.gravatar.com\/avatar\/5fd85ed1b873d93dac5d4056519ac9b7605bc334aff7bcdf6e5ca3a5d86746af?s=96&d=mm&r=g\",\"contentUrl\":\"https:\/\/secure.gravatar.com\/avatar\/5fd85ed1b873d93dac5d4056519ac9b7605bc334aff7bcdf6e5ca3a5d86746af?s=96&d=mm&r=g\",\"caption\":\"saut\"},\"url\":\"https:\/\/blog.zhaw.ch\/verkehrssysteme\/author\/saut\/\"}]}<\/script>\n<!-- \/ Yoast SEO Premium plugin. -->","yoast_head_json":{"title":"Freikarten f\u00fcr Schweizer Mobilit\u00e4tsarena 2023 - 19. und 20. September in Bern - Mobility Science","robots":{"index":"index","follow":"follow","max-snippet":"max-snippet:-1","max-image-preview":"max-image-preview:large","max-video-preview":"max-video-preview:-1"},"canonical":"https:\/\/blog.zhaw.ch\/verkehrssysteme\/freikarten-fuer-schweizer-mobilitaetsarena-2023-19-und-20-september-in-bern\/","og_locale":"de_DE","og_type":"article","og_title":"Freikarten f\u00fcr Schweizer Mobilit\u00e4tsarena 2023 - 19. und 20. September in Bern","og_description":"Die f\u00fcnfte Ausgabe der Mobilit\u00e4tsarena steht bevor und hat zwei spannende Kongresse im Programm: die Automaticar am 19. September und der SLEM (Switzerland\u2019s Congress for Light Electric Mobility) am 20. September. Spannende Referate, Zeit f\u00fcr Networking und Austausch: Die diesj\u00e4hrige Mobilit\u00e4tsarena bietet ein abwechslungsreiches Programm und beleuchtet neu, neben der automatisierten Mobilit\u00e4t mit der \u00abAutomaticar\u00bb, [&hellip;]","og_url":"https:\/\/blog.zhaw.ch\/verkehrssysteme\/freikarten-fuer-schweizer-mobilitaetsarena-2023-19-und-20-september-in-bern\/","og_site_name":"Mobility Science","article_published_time":"2023-09-01T12:54:49+00:00","og_image":[{"width":1000,"height":558,"url":"https:\/\/blog.zhaw.ch\/verkehrssysteme\/files\/2023\/09\/m_arena_01.jpg","type":"image\/jpeg"}],"author":"saut","twitter_card":"summary_large_image","twitter_misc":{"Verfasst von":"saut","Gesch\u00e4tzte Lesezeit":"1\u00a0Minute"},"schema":{"@context":"https:\/\/schema.org","@graph":[{"@type":"Article","@id":"https:\/\/blog.zhaw.ch\/verkehrssysteme\/freikarten-fuer-schweizer-mobilitaetsarena-2023-19-und-20-september-in-bern\/#article","isPartOf":{"@id":"https:\/\/blog.zhaw.ch\/verkehrssysteme\/freikarten-fuer-schweizer-mobilitaetsarena-2023-19-und-20-september-in-bern\/"},"author":{"name":"saut","@id":"https:\/\/blog.zhaw.ch\/verkehrssysteme\/#\/schema\/person\/da13fda472e8efad7dd9860e0cc65161"},"headline":"Freikarten f\u00fcr Schweizer Mobilit\u00e4tsarena 2023 &#8211; 19. und 20. September in Bern","datePublished":"2023-09-01T12:54:49+00:00","mainEntityOfPage":{"@id":"https:\/\/blog.zhaw.ch\/verkehrssysteme\/freikarten-fuer-schweizer-mobilitaetsarena-2023-19-und-20-september-in-bern\/"},"wordCount":179,"commentCount":0,"image":{"@id":"https:\/\/blog.zhaw.ch\/verkehrssysteme\/freikarten-fuer-schweizer-mobilitaetsarena-2023-19-und-20-september-in-bern\/#primaryimage"},"thumbnailUrl":"https:\/\/blog.zhaw.ch\/verkehrssysteme\/files\/2023\/09\/m_arena_01.jpg","keywords":["Autonomes Fahren","Elektromobilit\u00e4t","Mobilit\u00e4tsarena","Zukunftsmobilit\u00e4t"],"articleSection":["Veranstaltung"],"inLanguage":"de","potentialAction":[{"@type":"CommentAction","name":"Comment","target":["https:\/\/blog.zhaw.ch\/verkehrssysteme\/freikarten-fuer-schweizer-mobilitaetsarena-2023-19-und-20-september-in-bern\/#respond"]}]},{"@type":"WebPage","@id":"https:\/\/blog.zhaw.ch\/verkehrssysteme\/freikarten-fuer-schweizer-mobilitaetsarena-2023-19-und-20-september-in-bern\/","url":"https:\/\/blog.zhaw.ch\/verkehrssysteme\/freikarten-fuer-schweizer-mobilitaetsarena-2023-19-und-20-september-in-bern\/","name":"Freikarten f\u00fcr Schweizer Mobilit\u00e4tsarena 2023 - 19. und 20. September in Bern - Mobility Science","isPartOf":{"@id":"https:\/\/blog.zhaw.ch\/verkehrssysteme\/#website"},"primaryImageOfPage":{"@id":"https:\/\/blog.zhaw.ch\/verkehrssysteme\/freikarten-fuer-schweizer-mobilitaetsarena-2023-19-und-20-september-in-bern\/#primaryimage"},"image":{"@id":"https:\/\/blog.zhaw.ch\/verkehrssysteme\/freikarten-fuer-schweizer-mobilitaetsarena-2023-19-und-20-september-in-bern\/#primaryimage"},"thumbnailUrl":"https:\/\/blog.zhaw.ch\/verkehrssysteme\/files\/2023\/09\/m_arena_01.jpg","datePublished":"2023-09-01T12:54:49+00:00","author":{"@id":"https:\/\/blog.zhaw.ch\/verkehrssysteme\/#\/schema\/person\/da13fda472e8efad7dd9860e0cc65161"},"breadcrumb":{"@id":"https:\/\/blog.zhaw.ch\/verkehrssysteme\/freikarten-fuer-schweizer-mobilitaetsarena-2023-19-und-20-september-in-bern\/#breadcrumb"},"inLanguage":"de","potentialAction":[{"@type":"ReadAction","target":["https:\/\/blog.zhaw.ch\/verkehrssysteme\/freikarten-fuer-schweizer-mobilitaetsarena-2023-19-und-20-september-in-bern\/"]}]},{"@type":"ImageObject","inLanguage":"de","@id":"https:\/\/blog.zhaw.ch\/verkehrssysteme\/freikarten-fuer-schweizer-mobilitaetsarena-2023-19-und-20-september-in-bern\/#primaryimage","url":"https:\/\/blog.zhaw.ch\/verkehrssysteme\/files\/2023\/09\/m_arena_01.jpg","contentUrl":"https:\/\/blog.zhaw.ch\/verkehrssysteme\/files\/2023\/09\/m_arena_01.jpg","width":1000,"height":558},{"@type":"BreadcrumbList","@id":"https:\/\/blog.zhaw.ch\/verkehrssysteme\/freikarten-fuer-schweizer-mobilitaetsarena-2023-19-und-20-september-in-bern\/#breadcrumb","itemListElement":[{"@type":"ListItem","position":1,"name":"Startseite","item":"https:\/\/blog.zhaw.ch\/verkehrssysteme\/"},{"@type":"ListItem","position":2,"name":"Freikarten f\u00fcr Schweizer Mobilit\u00e4tsarena 2023 &#8211; 19. und 20. September in Bern"}]},{"@type":"WebSite","@id":"https:\/\/blog.zhaw.ch\/verkehrssysteme\/#website","url":"https:\/\/blog.zhaw.ch\/verkehrssysteme\/","name":"Mobility Science","description":"Ein Blog der ZHAW Z\u00fcrcher Hochschule f\u00fcr Angewandte Wissenschaften","potentialAction":[{"@type":"SearchAction","target":{"@type":"EntryPoint","urlTemplate":"https:\/\/blog.zhaw.ch\/verkehrssysteme\/?s={search_term_string}"},"query-input":{"@type":"PropertyValueSpecification","valueRequired":true,"valueName":"search_term_string"}}],"inLanguage":"de"},{"@type":"Person","@id":"https:\/\/blog.zhaw.ch\/verkehrssysteme\/#\/schema\/person\/da13fda472e8efad7dd9860e0cc65161","name":"saut","image":{"@type":"ImageObject","inLanguage":"de","@id":"https:\/\/secure.gravatar.com\/avatar\/5fd85ed1b873d93dac5d4056519ac9b7605bc334aff7bcdf6e5ca3a5d86746af?s=96&d=mm&r=g","url":"https:\/\/secure.gravatar.com\/avatar\/5fd85ed1b873d93dac5d4056519ac9b7605bc334aff7bcdf6e5ca3a5d86746af?s=96&d=mm&r=g","contentUrl":"https:\/\/secure.gravatar.com\/avatar\/5fd85ed1b873d93dac5d4056519ac9b7605bc334aff7bcdf6e5ca3a5d86746af?s=96&d=mm&r=g","caption":"saut"},"url":"https:\/\/blog.zhaw.ch\/verkehrssysteme\/author\/saut\/"}]}},"_links":{"self":[{"href":"https:\/\/blog.zhaw.ch\/verkehrssysteme\/wp-json\/wp\/v2\/posts\/3656","targetHints":{"allow":["GET"]}}],"collection":[{"href":"https:\/\/blog.zhaw.ch\/verkehrssysteme\/wp-json\/wp\/v2\/posts"}],"about":[{"href":"https:\/\/blog.zhaw.ch\/verkehrssysteme\/wp-json\/wp\/v2\/types\/post"}],"author":[{"embeddable":true,"href":"https:\/\/blog.zhaw.ch\/verkehrssysteme\/wp-json\/wp\/v2\/users\/65"}],"replies":[{"embeddable":true,"href":"https:\/\/blog.zhaw.ch\/verkehrssysteme\/wp-json\/wp\/v2\/comments?post=3656"}],"version-history":[{"count":1,"href":"https:\/\/blog.zhaw.ch\/verkehrssysteme\/wp-json\/wp\/v2\/posts\/3656\/revisions"}],"predecessor-version":[{"id":3658,"href":"https:\/\/blog.zhaw.ch\/verkehrssysteme\/wp-json\/wp\/v2\/posts\/3656\/revisions\/3658"}],"wp:featuredmedia":[{"embeddable":true,"href":"https:\/\/blog.zhaw.ch\/verkehrssysteme\/wp-json\/wp\/v2\/media\/3657"}],"wp:attachment":[{"href":"https:\/\/blog.zhaw.ch\/verkehrssysteme\/wp-json\/wp\/v2\/media?parent=3656"}],"wp:term":[{"taxonomy":"category","embeddable":true,"href":"https:\/\/blog.zhaw.ch\/verkehrssysteme\/wp-json\/wp\/v2\/categories?post=3656"},{"taxonomy":"post_tag","embeddable":true,"href":"https:\/\/blog.zhaw.ch\/verkehrssysteme\/wp-json\/wp\/v2\/tags?post=3656"},{"taxonomy":"features","embeddable":true,"href":"https:\/\/blog.zhaw.ch\/verkehrssysteme\/wp-json\/wp\/v2\/features?post=3656"}],"curies":[{"name":"wp","href":"https:\/\/api.w.org\/{rel}","templated":true}]}}