{"id":3592,"date":"2023-04-19T11:52:41","date_gmt":"2023-04-19T09:52:41","guid":{"rendered":"https:\/\/blog.zhaw.ch\/verkehrssysteme\/?p=3592"},"modified":"2023-04-19T11:52:42","modified_gmt":"2023-04-19T09:52:42","slug":"velomobilitaet-4-0-einladung-zum-interdisziplinaeren-austausch","status":"publish","type":"post","link":"https:\/\/blog.zhaw.ch\/verkehrssysteme\/velomobilitaet-4-0-einladung-zum-interdisziplinaeren-austausch\/","title":{"rendered":"Velomobilit\u00e4t 4.0 &#8211; Einladung zum interdisziplin\u00e4ren Austausch"},"content":{"rendered":"\n<p>Im Modul \u00abDesign and Engineering\u00bb von Dozent Martin Sch\u00fctz entwickeln &#8222;Industrial Design&#8220;-Studierende der ZHdK gemeinsam mit Ingenieur:innen der ETHZ neuartige Produktideen und realisieren ihre Konzepte als reale Prototypen. Am 30. Mai werden die diesj\u00e4hrigen Arbeiten mit dem Themenfokus Velo pr\u00e4sentiert.<\/p>\n\n\n\n<p>Im Zentrum des Moduls stehen das Zusammenspiel von Konzept und technischer Umsetzung sowie das gegenseitige voneinander Lernen zwischen den unterschiedlichen Disziplinen. Die Designstudierenden erfahren, wie man an komplexe technische Zusammenh\u00e4nge herangeht. Die Ingenieur:innen wiederum entdecken die umfassende Denkweise zu Produkten, die den Designer:innen eigen ist, und lernen die Relevanz gestalterischer und ergonomischer Aspekte bei der Produktentwicklung kennen.<\/p>\n\n\n\n<figure class=\"wp-block-image size-large\"><a href=\"https:\/\/blog.zhaw.ch\/verkehrssysteme\/files\/2023\/04\/bike_rack.jpg\"><img loading=\"lazy\" decoding=\"async\" width=\"1024\" height=\"768\" src=\"https:\/\/blog.zhaw.ch\/verkehrssysteme\/files\/2023\/04\/bike_rack-1024x768.jpg\" alt=\"\" class=\"wp-image-3593\" srcset=\"https:\/\/blog.zhaw.ch\/verkehrssysteme\/files\/2023\/04\/bike_rack-1024x768.jpg 1024w, https:\/\/blog.zhaw.ch\/verkehrssysteme\/files\/2023\/04\/bike_rack-300x225.jpg 300w, https:\/\/blog.zhaw.ch\/verkehrssysteme\/files\/2023\/04\/bike_rack-768x576.jpg 768w, https:\/\/blog.zhaw.ch\/verkehrssysteme\/files\/2023\/04\/bike_rack.jpg 1232w\" sizes=\"auto, (max-width: 1024px) 100vw, 1024px\" \/><\/a><figcaption class=\"wp-element-caption\">Bike Rack &#8222;ala&#8220; von Manuel Sigrist (ZHDK), Samira Werner (ZHDK), Tilman Bohn (ETHZ) und Frank Schaufelberger (ETHZ), Bildquelle: ZHdK<\/figcaption><\/figure>\n\n\n\n<p>Auch in diesem Jahr sind im Modul wieder spannende Produkte entstanden. Die BA-Studierenden haben sich dabei mit Themen rund um das Fahrrad auseinandergesetzt. Zuk\u00fcnftig planen Martin Sch\u00fctz und Verkehrssysteme-Studiengangleiter Thomas Sauter-Servaes \u00e4hnliche interdisziplin\u00e4re Zusammenarbeiten mit der ZHAW School of Engineering. Wer Interesse hat zu sehen, wohin derartige Kooperationen f\u00fchren k\u00f6nnen, ist herzlich zur diesj\u00e4hrigen Abschlusspr\u00e4sentation eingeladen:<\/p>\n\n\n\n<p>Datum: 30.05.2023<br>Zeit: 17 h<br>Raum: 5.T07, Toni Areal Z\u00fcrich<\/p>\n<div class=\"pt-sm\">Schlagw\u00f6rter: <a href=\"https:\/\/blog.zhaw.ch\/verkehrssysteme\/tag\/interdisziplinaer\/\">interdisziplin\u00e4r<\/a>, <a href=\"https:\/\/blog.zhaw.ch\/verkehrssysteme\/tag\/kooperation\/\">Kooperation<\/a>, <a href=\"https:\/\/blog.zhaw.ch\/verkehrssysteme\/tag\/projektmodul\/\">Projektmodul<\/a>, <a href=\"https:\/\/blog.zhaw.ch\/verkehrssysteme\/tag\/velo\/\">Velo<\/a><br><\/div>","protected":false},"excerpt":{"rendered":"<p>Im Modul \u00abDesign and Engineering\u00bb von Dozent Martin Sch\u00fctz entwickeln &#8222;Industrial Design&#8220;-Studierende der ZHdK gemeinsam mit Ingenieur:innen der ETHZ neuartige Produktideen und realisieren ihre Konzepte als reale Prototypen. Am 30. Mai werden die diesj\u00e4hrigen Arbeiten mit dem Themenfokus Velo pr\u00e4sentiert. Im Zentrum des Moduls stehen das Zusammenspiel von Konzept und technischer Umsetzung sowie das gegenseitige [&hellip;]<\/p>\n","protected":false},"author":65,"featured_media":3594,"comment_status":"open","ping_status":"open","sticky":false,"template":"","format":"standard","meta":{"ngg_post_thumbnail":0,"footnotes":""},"categories":[9],"tags":[266,72,243,17],"features":[],"class_list":["post-3592","post","type-post","status-publish","format-standard","has-post-thumbnail","hentry","category-veranstaltung","tag-interdisziplinaer","tag-kooperation","tag-projektmodul","tag-velo"],"yoast_head":"<!-- This site is optimized with the Yoast SEO Premium plugin v27.2 (Yoast SEO v27.2) - https:\/\/yoast.com\/product\/yoast-seo-premium-wordpress\/ -->\n<title>Velomobilit\u00e4t 4.0 - Einladung zum interdisziplin\u00e4ren Austausch - Mobility Science<\/title>\n<meta name=\"robots\" content=\"index, follow, max-snippet:-1, max-image-preview:large, max-video-preview:-1\" \/>\n<link rel=\"canonical\" href=\"https:\/\/blog.zhaw.ch\/verkehrssysteme\/velomobilitaet-4-0-einladung-zum-interdisziplinaeren-austausch\/\" \/>\n<meta property=\"og:locale\" content=\"de_DE\" \/>\n<meta property=\"og:type\" content=\"article\" \/>\n<meta property=\"og:title\" content=\"Velomobilit\u00e4t 4.0 - Einladung zum interdisziplin\u00e4ren Austausch\" \/>\n<meta property=\"og:description\" content=\"Im Modul \u00abDesign and Engineering\u00bb von Dozent Martin Sch\u00fctz entwickeln &#8222;Industrial Design&#8220;-Studierende der ZHdK gemeinsam mit Ingenieur:innen der ETHZ neuartige Produktideen und realisieren ihre Konzepte als reale Prototypen. Am 30. Mai werden die diesj\u00e4hrigen Arbeiten mit dem Themenfokus Velo pr\u00e4sentiert. Im Zentrum des Moduls stehen das Zusammenspiel von Konzept und technischer Umsetzung sowie das gegenseitige [&hellip;]\" \/>\n<meta property=\"og:url\" content=\"https:\/\/blog.zhaw.ch\/verkehrssysteme\/velomobilitaet-4-0-einladung-zum-interdisziplinaeren-austausch\/\" \/>\n<meta property=\"og:site_name\" content=\"Mobility Science\" \/>\n<meta property=\"article:published_time\" content=\"2023-04-19T09:52:41+00:00\" \/>\n<meta property=\"article:modified_time\" content=\"2023-04-19T09:52:42+00:00\" \/>\n<meta property=\"og:image\" content=\"https:\/\/blog.zhaw.ch\/verkehrssysteme\/files\/2023\/04\/zhdk_velo_title.jpg\" \/>\n\t<meta property=\"og:image:width\" content=\"1232\" \/>\n\t<meta property=\"og:image:height\" content=\"787\" \/>\n\t<meta property=\"og:image:type\" content=\"image\/jpeg\" \/>\n<meta name=\"author\" content=\"saut\" \/>\n<meta name=\"twitter:card\" content=\"summary_large_image\" \/>\n<meta name=\"twitter:label1\" content=\"Verfasst von\" \/>\n\t<meta name=\"twitter:data1\" content=\"saut\" \/>\n\t<meta name=\"twitter:label2\" content=\"Gesch\u00e4tzte Lesezeit\" \/>\n\t<meta name=\"twitter:data2\" content=\"2\u00a0Minuten\" \/>\n<script type=\"application\/ld+json\" class=\"yoast-schema-graph\">{\"@context\":\"https:\/\/schema.org\",\"@graph\":[{\"@type\":\"Article\",\"@id\":\"https:\/\/blog.zhaw.ch\/verkehrssysteme\/velomobilitaet-4-0-einladung-zum-interdisziplinaeren-austausch\/#article\",\"isPartOf\":{\"@id\":\"https:\/\/blog.zhaw.ch\/verkehrssysteme\/velomobilitaet-4-0-einladung-zum-interdisziplinaeren-austausch\/\"},\"author\":{\"name\":\"saut\",\"@id\":\"https:\/\/blog.zhaw.ch\/verkehrssysteme\/#\/schema\/person\/da13fda472e8efad7dd9860e0cc65161\"},\"headline\":\"Velomobilit\u00e4t 4.0 &#8211; Einladung zum interdisziplin\u00e4ren Austausch\",\"datePublished\":\"2023-04-19T09:52:41+00:00\",\"dateModified\":\"2023-04-19T09:52:42+00:00\",\"mainEntityOfPage\":{\"@id\":\"https:\/\/blog.zhaw.ch\/verkehrssysteme\/velomobilitaet-4-0-einladung-zum-interdisziplinaeren-austausch\/\"},\"wordCount\":202,\"commentCount\":0,\"image\":{\"@id\":\"https:\/\/blog.zhaw.ch\/verkehrssysteme\/velomobilitaet-4-0-einladung-zum-interdisziplinaeren-austausch\/#primaryimage\"},\"thumbnailUrl\":\"https:\/\/blog.zhaw.ch\/verkehrssysteme\/files\/2023\/04\/zhdk_velo_title.jpg\",\"keywords\":[\"interdisziplin\u00e4r\",\"Kooperation\",\"Projektmodul\",\"Velo\"],\"articleSection\":[\"Veranstaltung\"],\"inLanguage\":\"de\",\"potentialAction\":[{\"@type\":\"CommentAction\",\"name\":\"Comment\",\"target\":[\"https:\/\/blog.zhaw.ch\/verkehrssysteme\/velomobilitaet-4-0-einladung-zum-interdisziplinaeren-austausch\/#respond\"]}]},{\"@type\":\"WebPage\",\"@id\":\"https:\/\/blog.zhaw.ch\/verkehrssysteme\/velomobilitaet-4-0-einladung-zum-interdisziplinaeren-austausch\/\",\"url\":\"https:\/\/blog.zhaw.ch\/verkehrssysteme\/velomobilitaet-4-0-einladung-zum-interdisziplinaeren-austausch\/\",\"name\":\"Velomobilit\u00e4t 4.0 - Einladung zum interdisziplin\u00e4ren Austausch - Mobility Science\",\"isPartOf\":{\"@id\":\"https:\/\/blog.zhaw.ch\/verkehrssysteme\/#website\"},\"primaryImageOfPage\":{\"@id\":\"https:\/\/blog.zhaw.ch\/verkehrssysteme\/velomobilitaet-4-0-einladung-zum-interdisziplinaeren-austausch\/#primaryimage\"},\"image\":{\"@id\":\"https:\/\/blog.zhaw.ch\/verkehrssysteme\/velomobilitaet-4-0-einladung-zum-interdisziplinaeren-austausch\/#primaryimage\"},\"thumbnailUrl\":\"https:\/\/blog.zhaw.ch\/verkehrssysteme\/files\/2023\/04\/zhdk_velo_title.jpg\",\"datePublished\":\"2023-04-19T09:52:41+00:00\",\"dateModified\":\"2023-04-19T09:52:42+00:00\",\"author\":{\"@id\":\"https:\/\/blog.zhaw.ch\/verkehrssysteme\/#\/schema\/person\/da13fda472e8efad7dd9860e0cc65161\"},\"breadcrumb\":{\"@id\":\"https:\/\/blog.zhaw.ch\/verkehrssysteme\/velomobilitaet-4-0-einladung-zum-interdisziplinaeren-austausch\/#breadcrumb\"},\"inLanguage\":\"de\",\"potentialAction\":[{\"@type\":\"ReadAction\",\"target\":[\"https:\/\/blog.zhaw.ch\/verkehrssysteme\/velomobilitaet-4-0-einladung-zum-interdisziplinaeren-austausch\/\"]}]},{\"@type\":\"ImageObject\",\"inLanguage\":\"de\",\"@id\":\"https:\/\/blog.zhaw.ch\/verkehrssysteme\/velomobilitaet-4-0-einladung-zum-interdisziplinaeren-austausch\/#primaryimage\",\"url\":\"https:\/\/blog.zhaw.ch\/verkehrssysteme\/files\/2023\/04\/zhdk_velo_title.jpg\",\"contentUrl\":\"https:\/\/blog.zhaw.ch\/verkehrssysteme\/files\/2023\/04\/zhdk_velo_title.jpg\",\"width\":1232,\"height\":787},{\"@type\":\"BreadcrumbList\",\"@id\":\"https:\/\/blog.zhaw.ch\/verkehrssysteme\/velomobilitaet-4-0-einladung-zum-interdisziplinaeren-austausch\/#breadcrumb\",\"itemListElement\":[{\"@type\":\"ListItem\",\"position\":1,\"name\":\"Startseite\",\"item\":\"https:\/\/blog.zhaw.ch\/verkehrssysteme\/\"},{\"@type\":\"ListItem\",\"position\":2,\"name\":\"Velomobilit\u00e4t 4.0 &#8211; Einladung zum interdisziplin\u00e4ren Austausch\"}]},{\"@type\":\"WebSite\",\"@id\":\"https:\/\/blog.zhaw.ch\/verkehrssysteme\/#website\",\"url\":\"https:\/\/blog.zhaw.ch\/verkehrssysteme\/\",\"name\":\"Mobility Science\",\"description\":\"Ein Blog der ZHAW Z\u00fcrcher Hochschule f\u00fcr Angewandte Wissenschaften\",\"potentialAction\":[{\"@type\":\"SearchAction\",\"target\":{\"@type\":\"EntryPoint\",\"urlTemplate\":\"https:\/\/blog.zhaw.ch\/verkehrssysteme\/?s={search_term_string}\"},\"query-input\":{\"@type\":\"PropertyValueSpecification\",\"valueRequired\":true,\"valueName\":\"search_term_string\"}}],\"inLanguage\":\"de\"},{\"@type\":\"Person\",\"@id\":\"https:\/\/blog.zhaw.ch\/verkehrssysteme\/#\/schema\/person\/da13fda472e8efad7dd9860e0cc65161\",\"name\":\"saut\",\"image\":{\"@type\":\"ImageObject\",\"inLanguage\":\"de\",\"@id\":\"https:\/\/secure.gravatar.com\/avatar\/5fd85ed1b873d93dac5d4056519ac9b7605bc334aff7bcdf6e5ca3a5d86746af?s=96&d=mm&r=g\",\"url\":\"https:\/\/secure.gravatar.com\/avatar\/5fd85ed1b873d93dac5d4056519ac9b7605bc334aff7bcdf6e5ca3a5d86746af?s=96&d=mm&r=g\",\"contentUrl\":\"https:\/\/secure.gravatar.com\/avatar\/5fd85ed1b873d93dac5d4056519ac9b7605bc334aff7bcdf6e5ca3a5d86746af?s=96&d=mm&r=g\",\"caption\":\"saut\"},\"url\":\"https:\/\/blog.zhaw.ch\/verkehrssysteme\/author\/saut\/\"}]}<\/script>\n<!-- \/ Yoast SEO Premium plugin. -->","yoast_head_json":{"title":"Velomobilit\u00e4t 4.0 - Einladung zum interdisziplin\u00e4ren Austausch - Mobility Science","robots":{"index":"index","follow":"follow","max-snippet":"max-snippet:-1","max-image-preview":"max-image-preview:large","max-video-preview":"max-video-preview:-1"},"canonical":"https:\/\/blog.zhaw.ch\/verkehrssysteme\/velomobilitaet-4-0-einladung-zum-interdisziplinaeren-austausch\/","og_locale":"de_DE","og_type":"article","og_title":"Velomobilit\u00e4t 4.0 - Einladung zum interdisziplin\u00e4ren Austausch","og_description":"Im Modul \u00abDesign and Engineering\u00bb von Dozent Martin Sch\u00fctz entwickeln &#8222;Industrial Design&#8220;-Studierende der ZHdK gemeinsam mit Ingenieur:innen der ETHZ neuartige Produktideen und realisieren ihre Konzepte als reale Prototypen. Am 30. Mai werden die diesj\u00e4hrigen Arbeiten mit dem Themenfokus Velo pr\u00e4sentiert. Im Zentrum des Moduls stehen das Zusammenspiel von Konzept und technischer Umsetzung sowie das gegenseitige [&hellip;]","og_url":"https:\/\/blog.zhaw.ch\/verkehrssysteme\/velomobilitaet-4-0-einladung-zum-interdisziplinaeren-austausch\/","og_site_name":"Mobility Science","article_published_time":"2023-04-19T09:52:41+00:00","article_modified_time":"2023-04-19T09:52:42+00:00","og_image":[{"width":1232,"height":787,"url":"https:\/\/blog.zhaw.ch\/verkehrssysteme\/files\/2023\/04\/zhdk_velo_title.jpg","type":"image\/jpeg"}],"author":"saut","twitter_card":"summary_large_image","twitter_misc":{"Verfasst von":"saut","Gesch\u00e4tzte Lesezeit":"2\u00a0Minuten"},"schema":{"@context":"https:\/\/schema.org","@graph":[{"@type":"Article","@id":"https:\/\/blog.zhaw.ch\/verkehrssysteme\/velomobilitaet-4-0-einladung-zum-interdisziplinaeren-austausch\/#article","isPartOf":{"@id":"https:\/\/blog.zhaw.ch\/verkehrssysteme\/velomobilitaet-4-0-einladung-zum-interdisziplinaeren-austausch\/"},"author":{"name":"saut","@id":"https:\/\/blog.zhaw.ch\/verkehrssysteme\/#\/schema\/person\/da13fda472e8efad7dd9860e0cc65161"},"headline":"Velomobilit\u00e4t 4.0 &#8211; Einladung zum interdisziplin\u00e4ren Austausch","datePublished":"2023-04-19T09:52:41+00:00","dateModified":"2023-04-19T09:52:42+00:00","mainEntityOfPage":{"@id":"https:\/\/blog.zhaw.ch\/verkehrssysteme\/velomobilitaet-4-0-einladung-zum-interdisziplinaeren-austausch\/"},"wordCount":202,"commentCount":0,"image":{"@id":"https:\/\/blog.zhaw.ch\/verkehrssysteme\/velomobilitaet-4-0-einladung-zum-interdisziplinaeren-austausch\/#primaryimage"},"thumbnailUrl":"https:\/\/blog.zhaw.ch\/verkehrssysteme\/files\/2023\/04\/zhdk_velo_title.jpg","keywords":["interdisziplin\u00e4r","Kooperation","Projektmodul","Velo"],"articleSection":["Veranstaltung"],"inLanguage":"de","potentialAction":[{"@type":"CommentAction","name":"Comment","target":["https:\/\/blog.zhaw.ch\/verkehrssysteme\/velomobilitaet-4-0-einladung-zum-interdisziplinaeren-austausch\/#respond"]}]},{"@type":"WebPage","@id":"https:\/\/blog.zhaw.ch\/verkehrssysteme\/velomobilitaet-4-0-einladung-zum-interdisziplinaeren-austausch\/","url":"https:\/\/blog.zhaw.ch\/verkehrssysteme\/velomobilitaet-4-0-einladung-zum-interdisziplinaeren-austausch\/","name":"Velomobilit\u00e4t 4.0 - Einladung zum interdisziplin\u00e4ren Austausch - Mobility Science","isPartOf":{"@id":"https:\/\/blog.zhaw.ch\/verkehrssysteme\/#website"},"primaryImageOfPage":{"@id":"https:\/\/blog.zhaw.ch\/verkehrssysteme\/velomobilitaet-4-0-einladung-zum-interdisziplinaeren-austausch\/#primaryimage"},"image":{"@id":"https:\/\/blog.zhaw.ch\/verkehrssysteme\/velomobilitaet-4-0-einladung-zum-interdisziplinaeren-austausch\/#primaryimage"},"thumbnailUrl":"https:\/\/blog.zhaw.ch\/verkehrssysteme\/files\/2023\/04\/zhdk_velo_title.jpg","datePublished":"2023-04-19T09:52:41+00:00","dateModified":"2023-04-19T09:52:42+00:00","author":{"@id":"https:\/\/blog.zhaw.ch\/verkehrssysteme\/#\/schema\/person\/da13fda472e8efad7dd9860e0cc65161"},"breadcrumb":{"@id":"https:\/\/blog.zhaw.ch\/verkehrssysteme\/velomobilitaet-4-0-einladung-zum-interdisziplinaeren-austausch\/#breadcrumb"},"inLanguage":"de","potentialAction":[{"@type":"ReadAction","target":["https:\/\/blog.zhaw.ch\/verkehrssysteme\/velomobilitaet-4-0-einladung-zum-interdisziplinaeren-austausch\/"]}]},{"@type":"ImageObject","inLanguage":"de","@id":"https:\/\/blog.zhaw.ch\/verkehrssysteme\/velomobilitaet-4-0-einladung-zum-interdisziplinaeren-austausch\/#primaryimage","url":"https:\/\/blog.zhaw.ch\/verkehrssysteme\/files\/2023\/04\/zhdk_velo_title.jpg","contentUrl":"https:\/\/blog.zhaw.ch\/verkehrssysteme\/files\/2023\/04\/zhdk_velo_title.jpg","width":1232,"height":787},{"@type":"BreadcrumbList","@id":"https:\/\/blog.zhaw.ch\/verkehrssysteme\/velomobilitaet-4-0-einladung-zum-interdisziplinaeren-austausch\/#breadcrumb","itemListElement":[{"@type":"ListItem","position":1,"name":"Startseite","item":"https:\/\/blog.zhaw.ch\/verkehrssysteme\/"},{"@type":"ListItem","position":2,"name":"Velomobilit\u00e4t 4.0 &#8211; Einladung zum interdisziplin\u00e4ren Austausch"}]},{"@type":"WebSite","@id":"https:\/\/blog.zhaw.ch\/verkehrssysteme\/#website","url":"https:\/\/blog.zhaw.ch\/verkehrssysteme\/","name":"Mobility Science","description":"Ein Blog der ZHAW Z\u00fcrcher Hochschule f\u00fcr Angewandte Wissenschaften","potentialAction":[{"@type":"SearchAction","target":{"@type":"EntryPoint","urlTemplate":"https:\/\/blog.zhaw.ch\/verkehrssysteme\/?s={search_term_string}"},"query-input":{"@type":"PropertyValueSpecification","valueRequired":true,"valueName":"search_term_string"}}],"inLanguage":"de"},{"@type":"Person","@id":"https:\/\/blog.zhaw.ch\/verkehrssysteme\/#\/schema\/person\/da13fda472e8efad7dd9860e0cc65161","name":"saut","image":{"@type":"ImageObject","inLanguage":"de","@id":"https:\/\/secure.gravatar.com\/avatar\/5fd85ed1b873d93dac5d4056519ac9b7605bc334aff7bcdf6e5ca3a5d86746af?s=96&d=mm&r=g","url":"https:\/\/secure.gravatar.com\/avatar\/5fd85ed1b873d93dac5d4056519ac9b7605bc334aff7bcdf6e5ca3a5d86746af?s=96&d=mm&r=g","contentUrl":"https:\/\/secure.gravatar.com\/avatar\/5fd85ed1b873d93dac5d4056519ac9b7605bc334aff7bcdf6e5ca3a5d86746af?s=96&d=mm&r=g","caption":"saut"},"url":"https:\/\/blog.zhaw.ch\/verkehrssysteme\/author\/saut\/"}]}},"_links":{"self":[{"href":"https:\/\/blog.zhaw.ch\/verkehrssysteme\/wp-json\/wp\/v2\/posts\/3592","targetHints":{"allow":["GET"]}}],"collection":[{"href":"https:\/\/blog.zhaw.ch\/verkehrssysteme\/wp-json\/wp\/v2\/posts"}],"about":[{"href":"https:\/\/blog.zhaw.ch\/verkehrssysteme\/wp-json\/wp\/v2\/types\/post"}],"author":[{"embeddable":true,"href":"https:\/\/blog.zhaw.ch\/verkehrssysteme\/wp-json\/wp\/v2\/users\/65"}],"replies":[{"embeddable":true,"href":"https:\/\/blog.zhaw.ch\/verkehrssysteme\/wp-json\/wp\/v2\/comments?post=3592"}],"version-history":[{"count":2,"href":"https:\/\/blog.zhaw.ch\/verkehrssysteme\/wp-json\/wp\/v2\/posts\/3592\/revisions"}],"predecessor-version":[{"id":3596,"href":"https:\/\/blog.zhaw.ch\/verkehrssysteme\/wp-json\/wp\/v2\/posts\/3592\/revisions\/3596"}],"wp:featuredmedia":[{"embeddable":true,"href":"https:\/\/blog.zhaw.ch\/verkehrssysteme\/wp-json\/wp\/v2\/media\/3594"}],"wp:attachment":[{"href":"https:\/\/blog.zhaw.ch\/verkehrssysteme\/wp-json\/wp\/v2\/media?parent=3592"}],"wp:term":[{"taxonomy":"category","embeddable":true,"href":"https:\/\/blog.zhaw.ch\/verkehrssysteme\/wp-json\/wp\/v2\/categories?post=3592"},{"taxonomy":"post_tag","embeddable":true,"href":"https:\/\/blog.zhaw.ch\/verkehrssysteme\/wp-json\/wp\/v2\/tags?post=3592"},{"taxonomy":"features","embeddable":true,"href":"https:\/\/blog.zhaw.ch\/verkehrssysteme\/wp-json\/wp\/v2\/features?post=3592"}],"curies":[{"name":"wp","href":"https:\/\/api.w.org\/{rel}","templated":true}]}}