{"id":3527,"date":"2023-03-14T11:00:58","date_gmt":"2023-03-14T09:00:58","guid":{"rendered":"https:\/\/blog.zhaw.ch\/verkehrssysteme\/?p=3527"},"modified":"2023-03-14T11:00:59","modified_gmt":"2023-03-14T09:00:59","slug":"vs-zirkel-der-verkehrssysteme-alumni-verein-feiert-5-jaehriges-jubilaeum","status":"publish","type":"post","link":"https:\/\/blog.zhaw.ch\/verkehrssysteme\/vs-zirkel-der-verkehrssysteme-alumni-verein-feiert-5-jaehriges-jubilaeum\/","title":{"rendered":"VS-Zirkel &#8211; der Verkehrssysteme-Alumni-Verein feiert 5-j\u00e4hriges Jubil\u00e4um"},"content":{"rendered":"\n<p><em>Gastbeitrag von Ramon Rey<\/em>, VS-Alumnus<\/p>\n\n\n\n<p>5 Jahre \u2013 Seit 2018 treffen sich mehrmals j\u00e4hrlich Alumni des VS-Studiengangs in ihrem eigenen <a href=\"https:\/\/www.vs-zirkel.ch\/\">Alumni-Verein<\/a>, um sich \u00fcber Fachthemen auszutauschen, Kontakte und Beziehungen zu pflegen und der Geselligkeit zu fr\u00f6nen.<\/p>\n\n\n\n<p>Grund genug, das entsprechend zu feiern. Der Einladung nach Milandia am Greifensee des Vorstands kamen 21 Mitglieder nach, darunter auch viele frische Absolventen, was den Pr\u00e4sidenten Martin Grolimund sehr freute und in seiner Ansprache besonders betonte. Er blickte auch zur\u00fcck auf die Anf\u00e4nge \u2013 die erste konstituierende Jahresversammlung, die Exkursionen, die abwechslungsreichen Mitgliederanl\u00e4sse \u2013 und dankte dem gesamten Vorstand f\u00fcr die Unterst\u00fctzung. <strong>Von anf\u00e4nglich 12 Mitgliedern ist der Verein auf inzwischen 82 angewachsen<\/strong>, was Martin zu der Pr\u00e4sentation einer kleinen Mitgliederstatistik verleiten liess.<\/p>\n\n\n\n<figure class=\"wp-block-image size-large\"><a href=\"https:\/\/blog.zhaw.ch\/verkehrssysteme\/files\/2023\/03\/JA23_4.jpg\"><img loading=\"lazy\" decoding=\"async\" width=\"1024\" height=\"766\" src=\"https:\/\/blog.zhaw.ch\/verkehrssysteme\/files\/2023\/03\/JA23_4-1024x766.jpg\" alt=\"\" class=\"wp-image-3528\" srcset=\"https:\/\/blog.zhaw.ch\/verkehrssysteme\/files\/2023\/03\/JA23_4-1024x766.jpg 1024w, https:\/\/blog.zhaw.ch\/verkehrssysteme\/files\/2023\/03\/JA23_4-300x224.jpg 300w, https:\/\/blog.zhaw.ch\/verkehrssysteme\/files\/2023\/03\/JA23_4-768x574.jpg 768w, https:\/\/blog.zhaw.ch\/verkehrssysteme\/files\/2023\/03\/JA23_4.jpg 1289w\" sizes=\"auto, (max-width: 1024px) 100vw, 1024px\" \/><\/a><\/figure>\n\n\n\n<p>Pr\u00e4sentiert wurde von Fiona Niederer zudem exklusiv die Auswertung der letztj\u00e4hrigen Lohnumfrage. Hier nur kurz erw\u00e4hnt der Auszug zum mittleren Jahreslohn. Dieser bewegt sich von CHF 90\u2019000 (ohne Weiterbildung) bis zu CHF 125\u2019000 (mit MAS) \u2013 Weiterbildung f\u00f6rdert also nicht nur Geist und Seele!<br>Ramon Rey blickte anschliessend noch in die Zukunft und pr\u00e4sentierte die geplanten Anl\u00e4sse im Jahr 2023 mit den Highlights der <strong>Besichtigung einer SBB-Infrastrukturbaustelle in Schaffhausen<\/strong> sowie der <strong>Exkursion zu Stadler Rail<\/strong> in Bussnang. Die Zukunft bringt ausserdem frischen personellen Wind in den Vorstand. Nach einer halbj\u00e4hrigen Schnupper-Zeit hat sich Melanie Binder definitiv entschieden, das Vorstandsgremium zu unterst\u00fctzen, was von allen Anwesenden mit grossem Applaus goutiert wurde \u2013 die Zeichen f\u00fcr das neue Jahr und die noch kommenden Jahre stehen als ausserordentlich gut.<\/p>\n\n\n\n<figure class=\"wp-block-image size-large\"><a href=\"https:\/\/blog.zhaw.ch\/verkehrssysteme\/files\/2023\/03\/JA23_1.jpg\"><img loading=\"lazy\" decoding=\"async\" width=\"1024\" height=\"729\" src=\"https:\/\/blog.zhaw.ch\/verkehrssysteme\/files\/2023\/03\/JA23_1-1024x729.jpg\" alt=\"\" class=\"wp-image-3529\" srcset=\"https:\/\/blog.zhaw.ch\/verkehrssysteme\/files\/2023\/03\/JA23_1-1024x729.jpg 1024w, https:\/\/blog.zhaw.ch\/verkehrssysteme\/files\/2023\/03\/JA23_1-300x213.jpg 300w, https:\/\/blog.zhaw.ch\/verkehrssysteme\/files\/2023\/03\/JA23_1-768x546.jpg 768w, https:\/\/blog.zhaw.ch\/verkehrssysteme\/files\/2023\/03\/JA23_1.jpg 1165w\" sizes=\"auto, (max-width: 1024px) 100vw, 1024px\" \/><\/a><\/figure>\n\n\n\n<p>Doch halt! Nur Reden und Pr\u00e4sentationen \u2013 wo ist der feierliche Rahmen geblieben? Die Geselligkeit und die Kulinarik kamen selbstverst\u00e4ndlich nicht zu kurz. Ab 17:00 Uhr \u00fcbten wir uns alle im sehr kurzweiligen <strong>Eisstockschiessen <\/strong>und w\u00e4rmten uns in den Spielpausen mit Gl\u00fchwein, Punsch oder einfach unter den Heizpilzen. Der bei solch sportlichen Aktivit\u00e4ten aufkommende Hunger konnte dann nach dem offiziellen Teil mit ausgiebigem Raclette \u2013 inklusive Dessert! \u2013 gestillt werden. Die Messlatte f\u00fcr zuk\u00fcnftige Jahresanl\u00e4sse wurde somit sehr hoch gesteckt. Wir sind gespannt auf das n\u00e4chste Jahr.<\/p>\n\n\n\n<figure class=\"wp-block-image size-large\"><a href=\"https:\/\/blog.zhaw.ch\/verkehrssysteme\/files\/2023\/03\/JA23_2.jpg\"><img loading=\"lazy\" decoding=\"async\" width=\"1024\" height=\"749\" src=\"https:\/\/blog.zhaw.ch\/verkehrssysteme\/files\/2023\/03\/JA23_2-1024x749.jpg\" alt=\"\" class=\"wp-image-3530\" srcset=\"https:\/\/blog.zhaw.ch\/verkehrssysteme\/files\/2023\/03\/JA23_2-1024x749.jpg 1024w, https:\/\/blog.zhaw.ch\/verkehrssysteme\/files\/2023\/03\/JA23_2-300x219.jpg 300w, https:\/\/blog.zhaw.ch\/verkehrssysteme\/files\/2023\/03\/JA23_2-768x562.jpg 768w, https:\/\/blog.zhaw.ch\/verkehrssysteme\/files\/2023\/03\/JA23_2.jpg 1293w\" sizes=\"auto, (max-width: 1024px) 100vw, 1024px\" \/><\/a><\/figure>\n<div class=\"pt-sm\">Schlagw\u00f6rter: <a href=\"https:\/\/blog.zhaw.ch\/verkehrssysteme\/tag\/absolvierende\/\">Absolvierende<\/a>, <a href=\"https:\/\/blog.zhaw.ch\/verkehrssysteme\/tag\/alumni\/\">Alumni<\/a>, <a href=\"https:\/\/blog.zhaw.ch\/verkehrssysteme\/tag\/verkehrsingenieur\/\">Verkehrsingenieur<\/a>, <a href=\"https:\/\/blog.zhaw.ch\/verkehrssysteme\/tag\/verkehrsingenieurin\/\">Verkehrsingenieurin<\/a>, <a href=\"https:\/\/blog.zhaw.ch\/verkehrssysteme\/tag\/vs-zirkel\/\">VS-Zirkel<\/a><br><\/div>","protected":false},"excerpt":{"rendered":"<p>Gastbeitrag von Ramon Rey, VS-Alumnus 5 Jahre \u2013 Seit 2018 treffen sich mehrmals j\u00e4hrlich Alumni des VS-Studiengangs in ihrem eigenen Alumni-Verein, um sich \u00fcber Fachthemen auszutauschen, Kontakte und Beziehungen zu pflegen und der Geselligkeit zu fr\u00f6nen. Grund genug, das entsprechend zu feiern. Der Einladung nach Milandia am Greifensee des Vorstands kamen 21 Mitglieder nach, darunter [&hellip;]<\/p>\n","protected":false},"author":65,"featured_media":3531,"comment_status":"open","ping_status":"open","sticky":false,"template":"","format":"standard","meta":{"ngg_post_thumbnail":0,"footnotes":""},"categories":[9],"tags":[208,49,43,114,125],"features":[],"class_list":["post-3527","post","type-post","status-publish","format-standard","has-post-thumbnail","hentry","category-veranstaltung","tag-absolvierende","tag-alumni","tag-verkehrsingenieur","tag-verkehrsingenieurin","tag-vs-zirkel"],"yoast_head":"<!-- This site is optimized with the Yoast SEO Premium plugin v27.2 (Yoast SEO v27.2) - https:\/\/yoast.com\/product\/yoast-seo-premium-wordpress\/ -->\n<title>VS-Zirkel - der Verkehrssysteme-Alumni-Verein feiert 5-j\u00e4hriges Jubil\u00e4um - Mobility Science<\/title>\n<meta name=\"description\" content=\"Jubil\u00e4umsfeier 2023: Absolvierende des Studiengangs Verkehrssysteme der ZHAW School of Engineering feiern das 5-j\u00e4hrige Jubil\u00e4um des Alumni-Netzwerks VS-Zirkel\" \/>\n<meta name=\"robots\" content=\"index, follow, max-snippet:-1, max-image-preview:large, max-video-preview:-1\" \/>\n<link rel=\"canonical\" href=\"https:\/\/blog.zhaw.ch\/verkehrssysteme\/vs-zirkel-der-verkehrssysteme-alumni-verein-feiert-5-jaehriges-jubilaeum\/\" \/>\n<meta property=\"og:locale\" content=\"de_DE\" \/>\n<meta property=\"og:type\" content=\"article\" \/>\n<meta property=\"og:title\" content=\"VS-Zirkel - der Verkehrssysteme-Alumni-Verein feiert 5-j\u00e4hriges Jubil\u00e4um\" \/>\n<meta property=\"og:description\" content=\"Jubil\u00e4umsfeier 2023: Absolvierende des Studiengangs Verkehrssysteme der ZHAW School of Engineering feiern das 5-j\u00e4hrige Jubil\u00e4um des Alumni-Netzwerks VS-Zirkel\" \/>\n<meta property=\"og:url\" content=\"https:\/\/blog.zhaw.ch\/verkehrssysteme\/vs-zirkel-der-verkehrssysteme-alumni-verein-feiert-5-jaehriges-jubilaeum\/\" \/>\n<meta property=\"og:site_name\" content=\"Mobility Science\" \/>\n<meta property=\"article:published_time\" content=\"2023-03-14T09:00:58+00:00\" \/>\n<meta property=\"article:modified_time\" content=\"2023-03-14T09:00:59+00:00\" \/>\n<meta property=\"og:image\" content=\"https:\/\/blog.zhaw.ch\/verkehrssysteme\/files\/2023\/03\/JA23_6_title.jpg\" \/>\n\t<meta property=\"og:image:width\" content=\"1232\" \/>\n\t<meta property=\"og:image:height\" content=\"913\" \/>\n\t<meta property=\"og:image:type\" content=\"image\/jpeg\" \/>\n<meta name=\"author\" content=\"saut\" \/>\n<meta name=\"twitter:card\" content=\"summary_large_image\" \/>\n<meta name=\"twitter:label1\" content=\"Verfasst von\" \/>\n\t<meta name=\"twitter:data1\" content=\"saut\" \/>\n\t<meta name=\"twitter:label2\" content=\"Gesch\u00e4tzte Lesezeit\" \/>\n\t<meta name=\"twitter:data2\" content=\"3\u00a0Minuten\" \/>\n<script type=\"application\/ld+json\" class=\"yoast-schema-graph\">{\"@context\":\"https:\/\/schema.org\",\"@graph\":[{\"@type\":\"Article\",\"@id\":\"https:\/\/blog.zhaw.ch\/verkehrssysteme\/vs-zirkel-der-verkehrssysteme-alumni-verein-feiert-5-jaehriges-jubilaeum\/#article\",\"isPartOf\":{\"@id\":\"https:\/\/blog.zhaw.ch\/verkehrssysteme\/vs-zirkel-der-verkehrssysteme-alumni-verein-feiert-5-jaehriges-jubilaeum\/\"},\"author\":{\"name\":\"saut\",\"@id\":\"https:\/\/blog.zhaw.ch\/verkehrssysteme\/#\/schema\/person\/da13fda472e8efad7dd9860e0cc65161\"},\"headline\":\"VS-Zirkel &#8211; der Verkehrssysteme-Alumni-Verein feiert 5-j\u00e4hriges Jubil\u00e4um\",\"datePublished\":\"2023-03-14T09:00:58+00:00\",\"dateModified\":\"2023-03-14T09:00:59+00:00\",\"mainEntityOfPage\":{\"@id\":\"https:\/\/blog.zhaw.ch\/verkehrssysteme\/vs-zirkel-der-verkehrssysteme-alumni-verein-feiert-5-jaehriges-jubilaeum\/\"},\"wordCount\":352,\"commentCount\":0,\"image\":{\"@id\":\"https:\/\/blog.zhaw.ch\/verkehrssysteme\/vs-zirkel-der-verkehrssysteme-alumni-verein-feiert-5-jaehriges-jubilaeum\/#primaryimage\"},\"thumbnailUrl\":\"https:\/\/blog.zhaw.ch\/verkehrssysteme\/files\/2023\/03\/JA23_6_title.jpg\",\"keywords\":[\"Absolvierende\",\"Alumni\",\"Verkehrsingenieur\",\"Verkehrsingenieurin\",\"VS-Zirkel\"],\"articleSection\":[\"Veranstaltung\"],\"inLanguage\":\"de\",\"potentialAction\":[{\"@type\":\"CommentAction\",\"name\":\"Comment\",\"target\":[\"https:\/\/blog.zhaw.ch\/verkehrssysteme\/vs-zirkel-der-verkehrssysteme-alumni-verein-feiert-5-jaehriges-jubilaeum\/#respond\"]}]},{\"@type\":\"WebPage\",\"@id\":\"https:\/\/blog.zhaw.ch\/verkehrssysteme\/vs-zirkel-der-verkehrssysteme-alumni-verein-feiert-5-jaehriges-jubilaeum\/\",\"url\":\"https:\/\/blog.zhaw.ch\/verkehrssysteme\/vs-zirkel-der-verkehrssysteme-alumni-verein-feiert-5-jaehriges-jubilaeum\/\",\"name\":\"VS-Zirkel - der Verkehrssysteme-Alumni-Verein feiert 5-j\u00e4hriges Jubil\u00e4um - Mobility Science\",\"isPartOf\":{\"@id\":\"https:\/\/blog.zhaw.ch\/verkehrssysteme\/#website\"},\"primaryImageOfPage\":{\"@id\":\"https:\/\/blog.zhaw.ch\/verkehrssysteme\/vs-zirkel-der-verkehrssysteme-alumni-verein-feiert-5-jaehriges-jubilaeum\/#primaryimage\"},\"image\":{\"@id\":\"https:\/\/blog.zhaw.ch\/verkehrssysteme\/vs-zirkel-der-verkehrssysteme-alumni-verein-feiert-5-jaehriges-jubilaeum\/#primaryimage\"},\"thumbnailUrl\":\"https:\/\/blog.zhaw.ch\/verkehrssysteme\/files\/2023\/03\/JA23_6_title.jpg\",\"datePublished\":\"2023-03-14T09:00:58+00:00\",\"dateModified\":\"2023-03-14T09:00:59+00:00\",\"author\":{\"@id\":\"https:\/\/blog.zhaw.ch\/verkehrssysteme\/#\/schema\/person\/da13fda472e8efad7dd9860e0cc65161\"},\"description\":\"Jubil\u00e4umsfeier 2023: Absolvierende des Studiengangs Verkehrssysteme der ZHAW School of Engineering feiern das 5-j\u00e4hrige Jubil\u00e4um des Alumni-Netzwerks VS-Zirkel\",\"breadcrumb\":{\"@id\":\"https:\/\/blog.zhaw.ch\/verkehrssysteme\/vs-zirkel-der-verkehrssysteme-alumni-verein-feiert-5-jaehriges-jubilaeum\/#breadcrumb\"},\"inLanguage\":\"de\",\"potentialAction\":[{\"@type\":\"ReadAction\",\"target\":[\"https:\/\/blog.zhaw.ch\/verkehrssysteme\/vs-zirkel-der-verkehrssysteme-alumni-verein-feiert-5-jaehriges-jubilaeum\/\"]}]},{\"@type\":\"ImageObject\",\"inLanguage\":\"de\",\"@id\":\"https:\/\/blog.zhaw.ch\/verkehrssysteme\/vs-zirkel-der-verkehrssysteme-alumni-verein-feiert-5-jaehriges-jubilaeum\/#primaryimage\",\"url\":\"https:\/\/blog.zhaw.ch\/verkehrssysteme\/files\/2023\/03\/JA23_6_title.jpg\",\"contentUrl\":\"https:\/\/blog.zhaw.ch\/verkehrssysteme\/files\/2023\/03\/JA23_6_title.jpg\",\"width\":1232,\"height\":913},{\"@type\":\"BreadcrumbList\",\"@id\":\"https:\/\/blog.zhaw.ch\/verkehrssysteme\/vs-zirkel-der-verkehrssysteme-alumni-verein-feiert-5-jaehriges-jubilaeum\/#breadcrumb\",\"itemListElement\":[{\"@type\":\"ListItem\",\"position\":1,\"name\":\"Startseite\",\"item\":\"https:\/\/blog.zhaw.ch\/verkehrssysteme\/\"},{\"@type\":\"ListItem\",\"position\":2,\"name\":\"VS-Zirkel &#8211; der Verkehrssysteme-Alumni-Verein feiert 5-j\u00e4hriges Jubil\u00e4um\"}]},{\"@type\":\"WebSite\",\"@id\":\"https:\/\/blog.zhaw.ch\/verkehrssysteme\/#website\",\"url\":\"https:\/\/blog.zhaw.ch\/verkehrssysteme\/\",\"name\":\"Mobility Science\",\"description\":\"Ein Blog der ZHAW Z\u00fcrcher Hochschule f\u00fcr Angewandte Wissenschaften\",\"potentialAction\":[{\"@type\":\"SearchAction\",\"target\":{\"@type\":\"EntryPoint\",\"urlTemplate\":\"https:\/\/blog.zhaw.ch\/verkehrssysteme\/?s={search_term_string}\"},\"query-input\":{\"@type\":\"PropertyValueSpecification\",\"valueRequired\":true,\"valueName\":\"search_term_string\"}}],\"inLanguage\":\"de\"},{\"@type\":\"Person\",\"@id\":\"https:\/\/blog.zhaw.ch\/verkehrssysteme\/#\/schema\/person\/da13fda472e8efad7dd9860e0cc65161\",\"name\":\"saut\",\"image\":{\"@type\":\"ImageObject\",\"inLanguage\":\"de\",\"@id\":\"https:\/\/secure.gravatar.com\/avatar\/5fd85ed1b873d93dac5d4056519ac9b7605bc334aff7bcdf6e5ca3a5d86746af?s=96&d=mm&r=g\",\"url\":\"https:\/\/secure.gravatar.com\/avatar\/5fd85ed1b873d93dac5d4056519ac9b7605bc334aff7bcdf6e5ca3a5d86746af?s=96&d=mm&r=g\",\"contentUrl\":\"https:\/\/secure.gravatar.com\/avatar\/5fd85ed1b873d93dac5d4056519ac9b7605bc334aff7bcdf6e5ca3a5d86746af?s=96&d=mm&r=g\",\"caption\":\"saut\"},\"url\":\"https:\/\/blog.zhaw.ch\/verkehrssysteme\/author\/saut\/\"}]}<\/script>\n<!-- \/ Yoast SEO Premium plugin. -->","yoast_head_json":{"title":"VS-Zirkel - der Verkehrssysteme-Alumni-Verein feiert 5-j\u00e4hriges Jubil\u00e4um - Mobility Science","description":"Jubil\u00e4umsfeier 2023: Absolvierende des Studiengangs Verkehrssysteme der ZHAW School of Engineering feiern das 5-j\u00e4hrige Jubil\u00e4um des Alumni-Netzwerks VS-Zirkel","robots":{"index":"index","follow":"follow","max-snippet":"max-snippet:-1","max-image-preview":"max-image-preview:large","max-video-preview":"max-video-preview:-1"},"canonical":"https:\/\/blog.zhaw.ch\/verkehrssysteme\/vs-zirkel-der-verkehrssysteme-alumni-verein-feiert-5-jaehriges-jubilaeum\/","og_locale":"de_DE","og_type":"article","og_title":"VS-Zirkel - der Verkehrssysteme-Alumni-Verein feiert 5-j\u00e4hriges Jubil\u00e4um","og_description":"Jubil\u00e4umsfeier 2023: Absolvierende des Studiengangs Verkehrssysteme der ZHAW School of Engineering feiern das 5-j\u00e4hrige Jubil\u00e4um des Alumni-Netzwerks VS-Zirkel","og_url":"https:\/\/blog.zhaw.ch\/verkehrssysteme\/vs-zirkel-der-verkehrssysteme-alumni-verein-feiert-5-jaehriges-jubilaeum\/","og_site_name":"Mobility Science","article_published_time":"2023-03-14T09:00:58+00:00","article_modified_time":"2023-03-14T09:00:59+00:00","og_image":[{"width":1232,"height":913,"url":"https:\/\/blog.zhaw.ch\/verkehrssysteme\/files\/2023\/03\/JA23_6_title.jpg","type":"image\/jpeg"}],"author":"saut","twitter_card":"summary_large_image","twitter_misc":{"Verfasst von":"saut","Gesch\u00e4tzte Lesezeit":"3\u00a0Minuten"},"schema":{"@context":"https:\/\/schema.org","@graph":[{"@type":"Article","@id":"https:\/\/blog.zhaw.ch\/verkehrssysteme\/vs-zirkel-der-verkehrssysteme-alumni-verein-feiert-5-jaehriges-jubilaeum\/#article","isPartOf":{"@id":"https:\/\/blog.zhaw.ch\/verkehrssysteme\/vs-zirkel-der-verkehrssysteme-alumni-verein-feiert-5-jaehriges-jubilaeum\/"},"author":{"name":"saut","@id":"https:\/\/blog.zhaw.ch\/verkehrssysteme\/#\/schema\/person\/da13fda472e8efad7dd9860e0cc65161"},"headline":"VS-Zirkel &#8211; der Verkehrssysteme-Alumni-Verein feiert 5-j\u00e4hriges Jubil\u00e4um","datePublished":"2023-03-14T09:00:58+00:00","dateModified":"2023-03-14T09:00:59+00:00","mainEntityOfPage":{"@id":"https:\/\/blog.zhaw.ch\/verkehrssysteme\/vs-zirkel-der-verkehrssysteme-alumni-verein-feiert-5-jaehriges-jubilaeum\/"},"wordCount":352,"commentCount":0,"image":{"@id":"https:\/\/blog.zhaw.ch\/verkehrssysteme\/vs-zirkel-der-verkehrssysteme-alumni-verein-feiert-5-jaehriges-jubilaeum\/#primaryimage"},"thumbnailUrl":"https:\/\/blog.zhaw.ch\/verkehrssysteme\/files\/2023\/03\/JA23_6_title.jpg","keywords":["Absolvierende","Alumni","Verkehrsingenieur","Verkehrsingenieurin","VS-Zirkel"],"articleSection":["Veranstaltung"],"inLanguage":"de","potentialAction":[{"@type":"CommentAction","name":"Comment","target":["https:\/\/blog.zhaw.ch\/verkehrssysteme\/vs-zirkel-der-verkehrssysteme-alumni-verein-feiert-5-jaehriges-jubilaeum\/#respond"]}]},{"@type":"WebPage","@id":"https:\/\/blog.zhaw.ch\/verkehrssysteme\/vs-zirkel-der-verkehrssysteme-alumni-verein-feiert-5-jaehriges-jubilaeum\/","url":"https:\/\/blog.zhaw.ch\/verkehrssysteme\/vs-zirkel-der-verkehrssysteme-alumni-verein-feiert-5-jaehriges-jubilaeum\/","name":"VS-Zirkel - der Verkehrssysteme-Alumni-Verein feiert 5-j\u00e4hriges Jubil\u00e4um - Mobility Science","isPartOf":{"@id":"https:\/\/blog.zhaw.ch\/verkehrssysteme\/#website"},"primaryImageOfPage":{"@id":"https:\/\/blog.zhaw.ch\/verkehrssysteme\/vs-zirkel-der-verkehrssysteme-alumni-verein-feiert-5-jaehriges-jubilaeum\/#primaryimage"},"image":{"@id":"https:\/\/blog.zhaw.ch\/verkehrssysteme\/vs-zirkel-der-verkehrssysteme-alumni-verein-feiert-5-jaehriges-jubilaeum\/#primaryimage"},"thumbnailUrl":"https:\/\/blog.zhaw.ch\/verkehrssysteme\/files\/2023\/03\/JA23_6_title.jpg","datePublished":"2023-03-14T09:00:58+00:00","dateModified":"2023-03-14T09:00:59+00:00","author":{"@id":"https:\/\/blog.zhaw.ch\/verkehrssysteme\/#\/schema\/person\/da13fda472e8efad7dd9860e0cc65161"},"description":"Jubil\u00e4umsfeier 2023: Absolvierende des Studiengangs Verkehrssysteme der ZHAW School of Engineering feiern das 5-j\u00e4hrige Jubil\u00e4um des Alumni-Netzwerks VS-Zirkel","breadcrumb":{"@id":"https:\/\/blog.zhaw.ch\/verkehrssysteme\/vs-zirkel-der-verkehrssysteme-alumni-verein-feiert-5-jaehriges-jubilaeum\/#breadcrumb"},"inLanguage":"de","potentialAction":[{"@type":"ReadAction","target":["https:\/\/blog.zhaw.ch\/verkehrssysteme\/vs-zirkel-der-verkehrssysteme-alumni-verein-feiert-5-jaehriges-jubilaeum\/"]}]},{"@type":"ImageObject","inLanguage":"de","@id":"https:\/\/blog.zhaw.ch\/verkehrssysteme\/vs-zirkel-der-verkehrssysteme-alumni-verein-feiert-5-jaehriges-jubilaeum\/#primaryimage","url":"https:\/\/blog.zhaw.ch\/verkehrssysteme\/files\/2023\/03\/JA23_6_title.jpg","contentUrl":"https:\/\/blog.zhaw.ch\/verkehrssysteme\/files\/2023\/03\/JA23_6_title.jpg","width":1232,"height":913},{"@type":"BreadcrumbList","@id":"https:\/\/blog.zhaw.ch\/verkehrssysteme\/vs-zirkel-der-verkehrssysteme-alumni-verein-feiert-5-jaehriges-jubilaeum\/#breadcrumb","itemListElement":[{"@type":"ListItem","position":1,"name":"Startseite","item":"https:\/\/blog.zhaw.ch\/verkehrssysteme\/"},{"@type":"ListItem","position":2,"name":"VS-Zirkel &#8211; der Verkehrssysteme-Alumni-Verein feiert 5-j\u00e4hriges Jubil\u00e4um"}]},{"@type":"WebSite","@id":"https:\/\/blog.zhaw.ch\/verkehrssysteme\/#website","url":"https:\/\/blog.zhaw.ch\/verkehrssysteme\/","name":"Mobility Science","description":"Ein Blog der ZHAW Z\u00fcrcher Hochschule f\u00fcr Angewandte Wissenschaften","potentialAction":[{"@type":"SearchAction","target":{"@type":"EntryPoint","urlTemplate":"https:\/\/blog.zhaw.ch\/verkehrssysteme\/?s={search_term_string}"},"query-input":{"@type":"PropertyValueSpecification","valueRequired":true,"valueName":"search_term_string"}}],"inLanguage":"de"},{"@type":"Person","@id":"https:\/\/blog.zhaw.ch\/verkehrssysteme\/#\/schema\/person\/da13fda472e8efad7dd9860e0cc65161","name":"saut","image":{"@type":"ImageObject","inLanguage":"de","@id":"https:\/\/secure.gravatar.com\/avatar\/5fd85ed1b873d93dac5d4056519ac9b7605bc334aff7bcdf6e5ca3a5d86746af?s=96&d=mm&r=g","url":"https:\/\/secure.gravatar.com\/avatar\/5fd85ed1b873d93dac5d4056519ac9b7605bc334aff7bcdf6e5ca3a5d86746af?s=96&d=mm&r=g","contentUrl":"https:\/\/secure.gravatar.com\/avatar\/5fd85ed1b873d93dac5d4056519ac9b7605bc334aff7bcdf6e5ca3a5d86746af?s=96&d=mm&r=g","caption":"saut"},"url":"https:\/\/blog.zhaw.ch\/verkehrssysteme\/author\/saut\/"}]}},"_links":{"self":[{"href":"https:\/\/blog.zhaw.ch\/verkehrssysteme\/wp-json\/wp\/v2\/posts\/3527","targetHints":{"allow":["GET"]}}],"collection":[{"href":"https:\/\/blog.zhaw.ch\/verkehrssysteme\/wp-json\/wp\/v2\/posts"}],"about":[{"href":"https:\/\/blog.zhaw.ch\/verkehrssysteme\/wp-json\/wp\/v2\/types\/post"}],"author":[{"embeddable":true,"href":"https:\/\/blog.zhaw.ch\/verkehrssysteme\/wp-json\/wp\/v2\/users\/65"}],"replies":[{"embeddable":true,"href":"https:\/\/blog.zhaw.ch\/verkehrssysteme\/wp-json\/wp\/v2\/comments?post=3527"}],"version-history":[{"count":2,"href":"https:\/\/blog.zhaw.ch\/verkehrssysteme\/wp-json\/wp\/v2\/posts\/3527\/revisions"}],"predecessor-version":[{"id":3533,"href":"https:\/\/blog.zhaw.ch\/verkehrssysteme\/wp-json\/wp\/v2\/posts\/3527\/revisions\/3533"}],"wp:featuredmedia":[{"embeddable":true,"href":"https:\/\/blog.zhaw.ch\/verkehrssysteme\/wp-json\/wp\/v2\/media\/3531"}],"wp:attachment":[{"href":"https:\/\/blog.zhaw.ch\/verkehrssysteme\/wp-json\/wp\/v2\/media?parent=3527"}],"wp:term":[{"taxonomy":"category","embeddable":true,"href":"https:\/\/blog.zhaw.ch\/verkehrssysteme\/wp-json\/wp\/v2\/categories?post=3527"},{"taxonomy":"post_tag","embeddable":true,"href":"https:\/\/blog.zhaw.ch\/verkehrssysteme\/wp-json\/wp\/v2\/tags?post=3527"},{"taxonomy":"features","embeddable":true,"href":"https:\/\/blog.zhaw.ch\/verkehrssysteme\/wp-json\/wp\/v2\/features?post=3527"}],"curies":[{"name":"wp","href":"https:\/\/api.w.org\/{rel}","templated":true}]}}