{"id":217,"date":"2014-07-15T08:00:32","date_gmt":"2014-07-15T06:00:32","guid":{"rendered":"http:\/\/blog.zhaw.ch\/verkehrssysteme\/?p=217"},"modified":"2014-07-03T10:44:18","modified_gmt":"2014-07-03T08:44:18","slug":"save-the-date-zhaw-mobilitaetsatelier-beim-winterthur-urban-forum","status":"publish","type":"post","link":"https:\/\/blog.zhaw.ch\/verkehrssysteme\/save-the-date-zhaw-mobilitaetsatelier-beim-winterthur-urban-forum\/","title":{"rendered":"Save the date \u2013 ZHAW-Mobilit\u00e4tsatelier beim Winterthur Urban Forum"},"content":{"rendered":"<p><a title=\"Zur Tagungswebsite\" href=\"http:\/\/www.project.zhaw.ch\/index.php?id=6675\" target=\"_blank\"><img loading=\"lazy\" decoding=\"async\" class=\"alignnone size-full wp-image-218\" src=\"http:\/\/blog.zhaw.ch\/verkehrssysteme\/files\/2014\/07\/wuf.jpg\" alt=\"wuf\" width=\"567\" height=\"199\" srcset=\"https:\/\/blog.zhaw.ch\/verkehrssysteme\/files\/2014\/07\/wuf.jpg 567w, https:\/\/blog.zhaw.ch\/verkehrssysteme\/files\/2014\/07\/wuf-300x105.jpg 300w, https:\/\/blog.zhaw.ch\/verkehrssysteme\/files\/2014\/07\/wuf-500x175.jpg 500w\" sizes=\"auto, (max-width: 567px) 100vw, 567px\" \/><\/a><\/p>\n<p>Anl\u00e4sslich der 750-Jahr-Feier der Stadt Winterthur findet im November das Winterthur Urban Forum statt. Ein Highlight aus Sicht aller am Themenfeld Mobilit\u00e4t Interessierten wird sicherlich die Mobilit\u00e4tsshow am 29.11.2014 sein. Zwei Mobilit\u00e4tsexperten treffen dabei auf die Videobotschaften weltweit anerkannter Fachleute. Das Publikum entscheidet per Laserpointer, wer als n\u00e4chstes reden darf \u2013 oder ob es selbst in die Diskussion eingreifen m\u00f6chte. Das interaktive Diskussionsshow-Konzept hat u.a. bei Fachveranstaltungen in Hamburg grosse Erfolge gefeiert und ist nun zum ersten Mal in der Schweiz zu sehen. Welche beiden Mobilit\u00e4tsexperten wir eingeladen haben und alle weiteren Informationen finden Sie demn\u00e4chst auf der Tagungswebseite.<\/p>\n<p><a title=\"Zur Tagungswebsite\" href=\"http:\/\/www.project.zhaw.ch\/index.php?id=6675\" target=\"_blank\">Zur Tagungswebsite<\/a><\/p>\n","protected":false},"excerpt":{"rendered":"<p>Anl\u00e4sslich der 750-Jahr-Feier der Stadt Winterthur findet im November das Winterthur Urban Forum statt. Ein Highlight aus Sicht aller am Themenfeld Mobilit\u00e4t Interessierten wird sicherlich die Mobilit\u00e4tsshow am 29.11.2014 sein. Zwei Mobilit\u00e4tsexperten treffen dabei auf die Videobotschaften weltweit anerkannter Fachleute. Das Publikum entscheidet per Laserpointer, wer als n\u00e4chstes reden darf \u2013 oder ob es selbst [&hellip;]<\/p>\n","protected":false},"author":134,"featured_media":0,"comment_status":"open","ping_status":"open","sticky":false,"template":"","format":"standard","meta":{"ngg_post_thumbnail":0,"footnotes":""},"categories":[1],"tags":[],"features":[],"class_list":["post-217","post","type-post","status-publish","format-standard","hentry","category-allgemein"],"yoast_head":"<!-- This site is optimized with the Yoast SEO Premium plugin v27.2 (Yoast SEO v27.2) - https:\/\/yoast.com\/product\/yoast-seo-premium-wordpress\/ -->\n<title>Save the date \u2013 ZHAW-Mobilit\u00e4tsatelier beim Winterthur Urban Forum - Mobility Science<\/title>\n<meta name=\"robots\" content=\"index, follow, max-snippet:-1, max-image-preview:large, max-video-preview:-1\" \/>\n<link rel=\"canonical\" href=\"https:\/\/blog.zhaw.ch\/verkehrssysteme\/save-the-date-zhaw-mobilitaetsatelier-beim-winterthur-urban-forum\/\" \/>\n<meta property=\"og:locale\" content=\"de_DE\" \/>\n<meta property=\"og:type\" content=\"article\" \/>\n<meta property=\"og:title\" content=\"Save the date \u2013 ZHAW-Mobilit\u00e4tsatelier beim Winterthur Urban Forum\" \/>\n<meta property=\"og:description\" content=\"Anl\u00e4sslich der 750-Jahr-Feier der Stadt Winterthur findet im November das Winterthur Urban Forum statt. Ein Highlight aus Sicht aller am Themenfeld Mobilit\u00e4t Interessierten wird sicherlich die Mobilit\u00e4tsshow am 29.11.2014 sein. Zwei Mobilit\u00e4tsexperten treffen dabei auf die Videobotschaften weltweit anerkannter Fachleute. Das Publikum entscheidet per Laserpointer, wer als n\u00e4chstes reden darf \u2013 oder ob es selbst [&hellip;]\" \/>\n<meta property=\"og:url\" content=\"https:\/\/blog.zhaw.ch\/verkehrssysteme\/save-the-date-zhaw-mobilitaetsatelier-beim-winterthur-urban-forum\/\" \/>\n<meta property=\"og:site_name\" content=\"Mobility Science\" \/>\n<meta property=\"article:published_time\" content=\"2014-07-15T06:00:32+00:00\" \/>\n<meta property=\"og:image\" content=\"http:\/\/blog.zhaw.ch\/verkehrssysteme\/files\/2014\/07\/wuf.jpg\" \/>\n<meta name=\"author\" content=\"leuj\" \/>\n<meta name=\"twitter:card\" content=\"summary_large_image\" \/>\n<meta name=\"twitter:label1\" content=\"Verfasst von\" \/>\n\t<meta name=\"twitter:data1\" content=\"leuj\" \/>\n\t<meta name=\"twitter:label2\" content=\"Gesch\u00e4tzte Lesezeit\" \/>\n\t<meta name=\"twitter:data2\" content=\"1\u00a0Minute\" \/>\n<script type=\"application\/ld+json\" class=\"yoast-schema-graph\">{\"@context\":\"https:\/\/schema.org\",\"@graph\":[{\"@type\":\"Article\",\"@id\":\"https:\/\/blog.zhaw.ch\/verkehrssysteme\/save-the-date-zhaw-mobilitaetsatelier-beim-winterthur-urban-forum\/#article\",\"isPartOf\":{\"@id\":\"https:\/\/blog.zhaw.ch\/verkehrssysteme\/save-the-date-zhaw-mobilitaetsatelier-beim-winterthur-urban-forum\/\"},\"author\":{\"name\":\"leuj\",\"@id\":\"https:\/\/blog.zhaw.ch\/verkehrssysteme\/#\/schema\/person\/5e8f780ef5d51123febdddd767365adf\"},\"headline\":\"Save the date \u2013 ZHAW-Mobilit\u00e4tsatelier beim Winterthur Urban Forum\",\"datePublished\":\"2014-07-15T06:00:32+00:00\",\"mainEntityOfPage\":{\"@id\":\"https:\/\/blog.zhaw.ch\/verkehrssysteme\/save-the-date-zhaw-mobilitaetsatelier-beim-winterthur-urban-forum\/\"},\"wordCount\":117,\"commentCount\":0,\"image\":{\"@id\":\"https:\/\/blog.zhaw.ch\/verkehrssysteme\/save-the-date-zhaw-mobilitaetsatelier-beim-winterthur-urban-forum\/#primaryimage\"},\"thumbnailUrl\":\"http:\/\/blog.zhaw.ch\/verkehrssysteme\/files\/2014\/07\/wuf.jpg\",\"inLanguage\":\"de\",\"potentialAction\":[{\"@type\":\"CommentAction\",\"name\":\"Comment\",\"target\":[\"https:\/\/blog.zhaw.ch\/verkehrssysteme\/save-the-date-zhaw-mobilitaetsatelier-beim-winterthur-urban-forum\/#respond\"]}]},{\"@type\":\"WebPage\",\"@id\":\"https:\/\/blog.zhaw.ch\/verkehrssysteme\/save-the-date-zhaw-mobilitaetsatelier-beim-winterthur-urban-forum\/\",\"url\":\"https:\/\/blog.zhaw.ch\/verkehrssysteme\/save-the-date-zhaw-mobilitaetsatelier-beim-winterthur-urban-forum\/\",\"name\":\"Save the date \u2013 ZHAW-Mobilit\u00e4tsatelier beim Winterthur Urban Forum - Mobility Science\",\"isPartOf\":{\"@id\":\"https:\/\/blog.zhaw.ch\/verkehrssysteme\/#website\"},\"primaryImageOfPage\":{\"@id\":\"https:\/\/blog.zhaw.ch\/verkehrssysteme\/save-the-date-zhaw-mobilitaetsatelier-beim-winterthur-urban-forum\/#primaryimage\"},\"image\":{\"@id\":\"https:\/\/blog.zhaw.ch\/verkehrssysteme\/save-the-date-zhaw-mobilitaetsatelier-beim-winterthur-urban-forum\/#primaryimage\"},\"thumbnailUrl\":\"http:\/\/blog.zhaw.ch\/verkehrssysteme\/files\/2014\/07\/wuf.jpg\",\"datePublished\":\"2014-07-15T06:00:32+00:00\",\"author\":{\"@id\":\"https:\/\/blog.zhaw.ch\/verkehrssysteme\/#\/schema\/person\/5e8f780ef5d51123febdddd767365adf\"},\"breadcrumb\":{\"@id\":\"https:\/\/blog.zhaw.ch\/verkehrssysteme\/save-the-date-zhaw-mobilitaetsatelier-beim-winterthur-urban-forum\/#breadcrumb\"},\"inLanguage\":\"de\",\"potentialAction\":[{\"@type\":\"ReadAction\",\"target\":[\"https:\/\/blog.zhaw.ch\/verkehrssysteme\/save-the-date-zhaw-mobilitaetsatelier-beim-winterthur-urban-forum\/\"]}]},{\"@type\":\"ImageObject\",\"inLanguage\":\"de\",\"@id\":\"https:\/\/blog.zhaw.ch\/verkehrssysteme\/save-the-date-zhaw-mobilitaetsatelier-beim-winterthur-urban-forum\/#primaryimage\",\"url\":\"https:\/\/blog.zhaw.ch\/verkehrssysteme\/files\/2014\/07\/wuf.jpg\",\"contentUrl\":\"https:\/\/blog.zhaw.ch\/verkehrssysteme\/files\/2014\/07\/wuf.jpg\",\"width\":567,\"height\":199},{\"@type\":\"BreadcrumbList\",\"@id\":\"https:\/\/blog.zhaw.ch\/verkehrssysteme\/save-the-date-zhaw-mobilitaetsatelier-beim-winterthur-urban-forum\/#breadcrumb\",\"itemListElement\":[{\"@type\":\"ListItem\",\"position\":1,\"name\":\"Startseite\",\"item\":\"https:\/\/blog.zhaw.ch\/verkehrssysteme\/\"},{\"@type\":\"ListItem\",\"position\":2,\"name\":\"Save the date \u2013 ZHAW-Mobilit\u00e4tsatelier beim Winterthur Urban Forum\"}]},{\"@type\":\"WebSite\",\"@id\":\"https:\/\/blog.zhaw.ch\/verkehrssysteme\/#website\",\"url\":\"https:\/\/blog.zhaw.ch\/verkehrssysteme\/\",\"name\":\"Mobility Science\",\"description\":\"Ein Blog der ZHAW Z\u00fcrcher Hochschule f\u00fcr Angewandte Wissenschaften\",\"potentialAction\":[{\"@type\":\"SearchAction\",\"target\":{\"@type\":\"EntryPoint\",\"urlTemplate\":\"https:\/\/blog.zhaw.ch\/verkehrssysteme\/?s={search_term_string}\"},\"query-input\":{\"@type\":\"PropertyValueSpecification\",\"valueRequired\":true,\"valueName\":\"search_term_string\"}}],\"inLanguage\":\"de\"},{\"@type\":\"Person\",\"@id\":\"https:\/\/blog.zhaw.ch\/verkehrssysteme\/#\/schema\/person\/5e8f780ef5d51123febdddd767365adf\",\"name\":\"leuj\",\"image\":{\"@type\":\"ImageObject\",\"inLanguage\":\"de\",\"@id\":\"https:\/\/secure.gravatar.com\/avatar\/586ef78c5f593449c172a59cb3517fcf3003d83b956e4051f9442ad3f808bb51?s=96&d=mm&r=g\",\"url\":\"https:\/\/secure.gravatar.com\/avatar\/586ef78c5f593449c172a59cb3517fcf3003d83b956e4051f9442ad3f808bb51?s=96&d=mm&r=g\",\"contentUrl\":\"https:\/\/secure.gravatar.com\/avatar\/586ef78c5f593449c172a59cb3517fcf3003d83b956e4051f9442ad3f808bb51?s=96&d=mm&r=g\",\"caption\":\"leuj\"},\"url\":\"https:\/\/blog.zhaw.ch\/verkehrssysteme\/author\/leuj\/\"}]}<\/script>\n<!-- \/ Yoast SEO Premium plugin. -->","yoast_head_json":{"title":"Save the date \u2013 ZHAW-Mobilit\u00e4tsatelier beim Winterthur Urban Forum - Mobility Science","robots":{"index":"index","follow":"follow","max-snippet":"max-snippet:-1","max-image-preview":"max-image-preview:large","max-video-preview":"max-video-preview:-1"},"canonical":"https:\/\/blog.zhaw.ch\/verkehrssysteme\/save-the-date-zhaw-mobilitaetsatelier-beim-winterthur-urban-forum\/","og_locale":"de_DE","og_type":"article","og_title":"Save the date \u2013 ZHAW-Mobilit\u00e4tsatelier beim Winterthur Urban Forum","og_description":"Anl\u00e4sslich der 750-Jahr-Feier der Stadt Winterthur findet im November das Winterthur Urban Forum statt. Ein Highlight aus Sicht aller am Themenfeld Mobilit\u00e4t Interessierten wird sicherlich die Mobilit\u00e4tsshow am 29.11.2014 sein. Zwei Mobilit\u00e4tsexperten treffen dabei auf die Videobotschaften weltweit anerkannter Fachleute. Das Publikum entscheidet per Laserpointer, wer als n\u00e4chstes reden darf \u2013 oder ob es selbst [&hellip;]","og_url":"https:\/\/blog.zhaw.ch\/verkehrssysteme\/save-the-date-zhaw-mobilitaetsatelier-beim-winterthur-urban-forum\/","og_site_name":"Mobility Science","article_published_time":"2014-07-15T06:00:32+00:00","og_image":[{"url":"http:\/\/blog.zhaw.ch\/verkehrssysteme\/files\/2014\/07\/wuf.jpg","type":"","width":"","height":""}],"author":"leuj","twitter_card":"summary_large_image","twitter_misc":{"Verfasst von":"leuj","Gesch\u00e4tzte Lesezeit":"1\u00a0Minute"},"schema":{"@context":"https:\/\/schema.org","@graph":[{"@type":"Article","@id":"https:\/\/blog.zhaw.ch\/verkehrssysteme\/save-the-date-zhaw-mobilitaetsatelier-beim-winterthur-urban-forum\/#article","isPartOf":{"@id":"https:\/\/blog.zhaw.ch\/verkehrssysteme\/save-the-date-zhaw-mobilitaetsatelier-beim-winterthur-urban-forum\/"},"author":{"name":"leuj","@id":"https:\/\/blog.zhaw.ch\/verkehrssysteme\/#\/schema\/person\/5e8f780ef5d51123febdddd767365adf"},"headline":"Save the date \u2013 ZHAW-Mobilit\u00e4tsatelier beim Winterthur Urban Forum","datePublished":"2014-07-15T06:00:32+00:00","mainEntityOfPage":{"@id":"https:\/\/blog.zhaw.ch\/verkehrssysteme\/save-the-date-zhaw-mobilitaetsatelier-beim-winterthur-urban-forum\/"},"wordCount":117,"commentCount":0,"image":{"@id":"https:\/\/blog.zhaw.ch\/verkehrssysteme\/save-the-date-zhaw-mobilitaetsatelier-beim-winterthur-urban-forum\/#primaryimage"},"thumbnailUrl":"http:\/\/blog.zhaw.ch\/verkehrssysteme\/files\/2014\/07\/wuf.jpg","inLanguage":"de","potentialAction":[{"@type":"CommentAction","name":"Comment","target":["https:\/\/blog.zhaw.ch\/verkehrssysteme\/save-the-date-zhaw-mobilitaetsatelier-beim-winterthur-urban-forum\/#respond"]}]},{"@type":"WebPage","@id":"https:\/\/blog.zhaw.ch\/verkehrssysteme\/save-the-date-zhaw-mobilitaetsatelier-beim-winterthur-urban-forum\/","url":"https:\/\/blog.zhaw.ch\/verkehrssysteme\/save-the-date-zhaw-mobilitaetsatelier-beim-winterthur-urban-forum\/","name":"Save the date \u2013 ZHAW-Mobilit\u00e4tsatelier beim Winterthur Urban Forum - Mobility Science","isPartOf":{"@id":"https:\/\/blog.zhaw.ch\/verkehrssysteme\/#website"},"primaryImageOfPage":{"@id":"https:\/\/blog.zhaw.ch\/verkehrssysteme\/save-the-date-zhaw-mobilitaetsatelier-beim-winterthur-urban-forum\/#primaryimage"},"image":{"@id":"https:\/\/blog.zhaw.ch\/verkehrssysteme\/save-the-date-zhaw-mobilitaetsatelier-beim-winterthur-urban-forum\/#primaryimage"},"thumbnailUrl":"http:\/\/blog.zhaw.ch\/verkehrssysteme\/files\/2014\/07\/wuf.jpg","datePublished":"2014-07-15T06:00:32+00:00","author":{"@id":"https:\/\/blog.zhaw.ch\/verkehrssysteme\/#\/schema\/person\/5e8f780ef5d51123febdddd767365adf"},"breadcrumb":{"@id":"https:\/\/blog.zhaw.ch\/verkehrssysteme\/save-the-date-zhaw-mobilitaetsatelier-beim-winterthur-urban-forum\/#breadcrumb"},"inLanguage":"de","potentialAction":[{"@type":"ReadAction","target":["https:\/\/blog.zhaw.ch\/verkehrssysteme\/save-the-date-zhaw-mobilitaetsatelier-beim-winterthur-urban-forum\/"]}]},{"@type":"ImageObject","inLanguage":"de","@id":"https:\/\/blog.zhaw.ch\/verkehrssysteme\/save-the-date-zhaw-mobilitaetsatelier-beim-winterthur-urban-forum\/#primaryimage","url":"https:\/\/blog.zhaw.ch\/verkehrssysteme\/files\/2014\/07\/wuf.jpg","contentUrl":"https:\/\/blog.zhaw.ch\/verkehrssysteme\/files\/2014\/07\/wuf.jpg","width":567,"height":199},{"@type":"BreadcrumbList","@id":"https:\/\/blog.zhaw.ch\/verkehrssysteme\/save-the-date-zhaw-mobilitaetsatelier-beim-winterthur-urban-forum\/#breadcrumb","itemListElement":[{"@type":"ListItem","position":1,"name":"Startseite","item":"https:\/\/blog.zhaw.ch\/verkehrssysteme\/"},{"@type":"ListItem","position":2,"name":"Save the date \u2013 ZHAW-Mobilit\u00e4tsatelier beim Winterthur Urban Forum"}]},{"@type":"WebSite","@id":"https:\/\/blog.zhaw.ch\/verkehrssysteme\/#website","url":"https:\/\/blog.zhaw.ch\/verkehrssysteme\/","name":"Mobility Science","description":"Ein Blog der ZHAW Z\u00fcrcher Hochschule f\u00fcr Angewandte Wissenschaften","potentialAction":[{"@type":"SearchAction","target":{"@type":"EntryPoint","urlTemplate":"https:\/\/blog.zhaw.ch\/verkehrssysteme\/?s={search_term_string}"},"query-input":{"@type":"PropertyValueSpecification","valueRequired":true,"valueName":"search_term_string"}}],"inLanguage":"de"},{"@type":"Person","@id":"https:\/\/blog.zhaw.ch\/verkehrssysteme\/#\/schema\/person\/5e8f780ef5d51123febdddd767365adf","name":"leuj","image":{"@type":"ImageObject","inLanguage":"de","@id":"https:\/\/secure.gravatar.com\/avatar\/586ef78c5f593449c172a59cb3517fcf3003d83b956e4051f9442ad3f808bb51?s=96&d=mm&r=g","url":"https:\/\/secure.gravatar.com\/avatar\/586ef78c5f593449c172a59cb3517fcf3003d83b956e4051f9442ad3f808bb51?s=96&d=mm&r=g","contentUrl":"https:\/\/secure.gravatar.com\/avatar\/586ef78c5f593449c172a59cb3517fcf3003d83b956e4051f9442ad3f808bb51?s=96&d=mm&r=g","caption":"leuj"},"url":"https:\/\/blog.zhaw.ch\/verkehrssysteme\/author\/leuj\/"}]}},"_links":{"self":[{"href":"https:\/\/blog.zhaw.ch\/verkehrssysteme\/wp-json\/wp\/v2\/posts\/217","targetHints":{"allow":["GET"]}}],"collection":[{"href":"https:\/\/blog.zhaw.ch\/verkehrssysteme\/wp-json\/wp\/v2\/posts"}],"about":[{"href":"https:\/\/blog.zhaw.ch\/verkehrssysteme\/wp-json\/wp\/v2\/types\/post"}],"author":[{"embeddable":true,"href":"https:\/\/blog.zhaw.ch\/verkehrssysteme\/wp-json\/wp\/v2\/users\/134"}],"replies":[{"embeddable":true,"href":"https:\/\/blog.zhaw.ch\/verkehrssysteme\/wp-json\/wp\/v2\/comments?post=217"}],"version-history":[{"count":1,"href":"https:\/\/blog.zhaw.ch\/verkehrssysteme\/wp-json\/wp\/v2\/posts\/217\/revisions"}],"predecessor-version":[{"id":219,"href":"https:\/\/blog.zhaw.ch\/verkehrssysteme\/wp-json\/wp\/v2\/posts\/217\/revisions\/219"}],"wp:attachment":[{"href":"https:\/\/blog.zhaw.ch\/verkehrssysteme\/wp-json\/wp\/v2\/media?parent=217"}],"wp:term":[{"taxonomy":"category","embeddable":true,"href":"https:\/\/blog.zhaw.ch\/verkehrssysteme\/wp-json\/wp\/v2\/categories?post=217"},{"taxonomy":"post_tag","embeddable":true,"href":"https:\/\/blog.zhaw.ch\/verkehrssysteme\/wp-json\/wp\/v2\/tags?post=217"},{"taxonomy":"features","embeddable":true,"href":"https:\/\/blog.zhaw.ch\/verkehrssysteme\/wp-json\/wp\/v2\/features?post=217"}],"curies":[{"name":"wp","href":"https:\/\/api.w.org\/{rel}","templated":true}]}}