{"id":1381,"date":"2016-02-29T11:25:28","date_gmt":"2016-02-29T09:25:28","guid":{"rendered":"https:\/\/blog.zhaw.ch\/verkehrssysteme\/?p=1381"},"modified":"2016-02-29T11:25:28","modified_gmt":"2016-02-29T09:25:28","slug":"beweg-was-das-alumni-selfie-3","status":"publish","type":"post","link":"https:\/\/blog.zhaw.ch\/verkehrssysteme\/beweg-was-das-alumni-selfie-3\/","title":{"rendered":"Beweg was &#8211; das Alumni-Selfie #3"},"content":{"rendered":"<p><a href=\"https:\/\/blog.zhaw.ch\/verkehrssysteme\/files\/2016\/02\/boehler_01.jpg\" rel=\"attachment wp-att-1382\"><img loading=\"lazy\" decoding=\"async\" class=\"alignnone size-full wp-image-1382\" src=\"https:\/\/blog.zhaw.ch\/verkehrssysteme\/files\/2016\/02\/boehler_01.jpg\" alt=\"boehler_01\" width=\"585\" height=\"416\" srcset=\"https:\/\/blog.zhaw.ch\/verkehrssysteme\/files\/2016\/02\/boehler_01.jpg 585w, https:\/\/blog.zhaw.ch\/verkehrssysteme\/files\/2016\/02\/boehler_01-300x213.jpg 300w, https:\/\/blog.zhaw.ch\/verkehrssysteme\/files\/2016\/02\/boehler_01-422x300.jpg 422w\" sizes=\"auto, (max-width: 585px) 100vw, 585px\" \/><\/a><\/p>\n<p><strong>Das bin ich<\/strong><br \/>\nAndreas B\u00f6hler, Abschluss in VS im Jahr 2014, davor einen Abschluss an einer h\u00f6heren Fachschule mit dem Titel Dipl. Techniker HF in Elektronik. W\u00e4hrend beiden Studien war ich bei der SBB AG in Z\u00fcrich und in Bern angestellt. Zuletzt in der Flottentechnik, wo ich aktiv an den j\u00fcngsten Fahrzeugneubeschaffungen mitgearbeitet habe.<\/p>\n<p><strong>Das mache ich<\/strong><br \/>\nBerufsbegleitendes, <a href=\"https:\/\/blog.zhaw.ch\/verkehrssysteme\/msc-europaeische-bahnsysteme-startwoche-in-winterthur-mit-fokus-gesamtsystem\/\" target=\"_blank\">trinationales Masterstudium \u201eEurop\u00e4ische Bahnsysteme\u201c<\/a> an der FH Erfurt, FH St. P\u00f6lten und an der ZHAW in Winterthur. Zudem entschloss ich mich nach elf spannenden Jahren bei der SBB AG die Seiten zu wechseln und bin nun in der Bahnindustrie t\u00e4tig. Bei der Siemens AG arbeite ich als Technischer Projektleiter f\u00fcr nationale und internationale ETCS Projekte und bin dort f\u00fcr die fahrzeugseitige Ausr\u00fcstung des Systems verantwortlich. Aktuell plane ich f\u00fcr ein grenz\u00fcberschreitendes Fahrzeugprojekt eine dynamische Transition der Zugsicherungssysteme. Das Fahrzeug wird nach Fertigstellung im Grossprojekt CEVA der SBB AG und der SNCF eingesetzt. Dieses Projekt umfasst in der Region Genf u.a enorme Infrastrukturerweiterungen, so dass es ab 2019 m\u00f6glich sein wird den franz\u00f6sischen Grenzort Annemasse von Genf aus in 20 Minuten mit der S-Bahn zu erreichen.<\/p>\n<p><strong>Darum VS studieren<\/strong><br \/>\nDas Bachelorstudium hat mich hervorragend auf die anspruchsvollen T\u00e4tigkeiten als Ingenieur vorbereitet. Die vermittelten Fachkenntnisse wie auch die Soft-Skills bef\u00e4higen mich, ein kleines, internationales Engineering Team fachlich zu f\u00fchren und in einem Projekt eine verantwortungsvolle Rolle einzunehmen. Dies ist nicht zuletzt auf die motivierten Dozierenden zur\u00fcckzuf\u00fchren, welche mir wichtige Methodenkenntnisse und einen gesamtheitlichen Blick auf Systemzusammenh\u00e4nge aufzeigen konnten. Bis heute profitiere und pflege ich mein durch das Studium gewonnenes Kontaktnetzwerk in der Verkehrsbranche.<\/p>\n<p><em>Wollen Sie noch mehr Perspektiven auf den Studiengang Verkehrssysteme kennen lernen? Links zu allen \u201eBeweg was!\u201c-Beitr\u00e4gen finden sich auf der Startseite <a href=\"https:\/\/blog.zhaw.ch\/verkehrssysteme\/beweg-was-werde-verkehrsingenieurin\/\">\u201eBeweg was \u2013 werde Verkehrsingenieur(in)\u201c<\/a>.<\/em><\/p>\n","protected":false},"excerpt":{"rendered":"<p>Das bin ich Andreas B\u00f6hler, Abschluss in VS im Jahr 2014, davor einen Abschluss an einer h\u00f6heren Fachschule mit dem Titel Dipl. Techniker HF in Elektronik. W\u00e4hrend beiden Studien war ich bei der SBB AG in Z\u00fcrich und in Bern angestellt. Zuletzt in der Flottentechnik, wo ich aktiv an den j\u00fcngsten Fahrzeugneubeschaffungen mitgearbeitet habe. Das [&hellip;]<\/p>\n","protected":false},"author":65,"featured_media":0,"comment_status":"open","ping_status":"open","sticky":false,"template":"","format":"standard","meta":{"ngg_post_thumbnail":0,"footnotes":""},"categories":[6],"tags":[],"features":[],"class_list":["post-1381","post","type-post","status-publish","format-standard","hentry","category-studienganginformationen"],"yoast_head":"<!-- This site is optimized with the Yoast SEO Premium plugin v27.2 (Yoast SEO v27.2) - https:\/\/yoast.com\/product\/yoast-seo-premium-wordpress\/ -->\n<title>Beweg was - das Alumni-Selfie #3 - Mobility Science<\/title>\n<meta name=\"robots\" content=\"index, follow, max-snippet:-1, max-image-preview:large, max-video-preview:-1\" \/>\n<link rel=\"canonical\" href=\"https:\/\/blog.zhaw.ch\/verkehrssysteme\/beweg-was-das-alumni-selfie-3\/\" \/>\n<meta property=\"og:locale\" content=\"de_DE\" \/>\n<meta property=\"og:type\" content=\"article\" \/>\n<meta property=\"og:title\" content=\"Beweg was - das Alumni-Selfie #3\" \/>\n<meta property=\"og:description\" content=\"Das bin ich Andreas B\u00f6hler, Abschluss in VS im Jahr 2014, davor einen Abschluss an einer h\u00f6heren Fachschule mit dem Titel Dipl. Techniker HF in Elektronik. W\u00e4hrend beiden Studien war ich bei der SBB AG in Z\u00fcrich und in Bern angestellt. Zuletzt in der Flottentechnik, wo ich aktiv an den j\u00fcngsten Fahrzeugneubeschaffungen mitgearbeitet habe. Das [&hellip;]\" \/>\n<meta property=\"og:url\" content=\"https:\/\/blog.zhaw.ch\/verkehrssysteme\/beweg-was-das-alumni-selfie-3\/\" \/>\n<meta property=\"og:site_name\" content=\"Mobility Science\" \/>\n<meta property=\"article:published_time\" content=\"2016-02-29T09:25:28+00:00\" \/>\n<meta property=\"og:image\" content=\"https:\/\/blog.zhaw.ch\/verkehrssysteme\/files\/2016\/02\/boehler_01.jpg\" \/>\n<meta name=\"author\" content=\"saut\" \/>\n<meta name=\"twitter:card\" content=\"summary_large_image\" \/>\n<meta name=\"twitter:label1\" content=\"Verfasst von\" \/>\n\t<meta name=\"twitter:data1\" content=\"saut\" \/>\n\t<meta name=\"twitter:label2\" content=\"Gesch\u00e4tzte Lesezeit\" \/>\n\t<meta name=\"twitter:data2\" content=\"2\u00a0Minuten\" \/>\n<script type=\"application\/ld+json\" class=\"yoast-schema-graph\">{\"@context\":\"https:\/\/schema.org\",\"@graph\":[{\"@type\":\"Article\",\"@id\":\"https:\/\/blog.zhaw.ch\/verkehrssysteme\/beweg-was-das-alumni-selfie-3\/#article\",\"isPartOf\":{\"@id\":\"https:\/\/blog.zhaw.ch\/verkehrssysteme\/beweg-was-das-alumni-selfie-3\/\"},\"author\":{\"name\":\"saut\",\"@id\":\"https:\/\/blog.zhaw.ch\/verkehrssysteme\/#\/schema\/person\/da13fda472e8efad7dd9860e0cc65161\"},\"headline\":\"Beweg was &#8211; das Alumni-Selfie #3\",\"datePublished\":\"2016-02-29T09:25:28+00:00\",\"mainEntityOfPage\":{\"@id\":\"https:\/\/blog.zhaw.ch\/verkehrssysteme\/beweg-was-das-alumni-selfie-3\/\"},\"wordCount\":311,\"commentCount\":0,\"image\":{\"@id\":\"https:\/\/blog.zhaw.ch\/verkehrssysteme\/beweg-was-das-alumni-selfie-3\/#primaryimage\"},\"thumbnailUrl\":\"https:\/\/blog.zhaw.ch\/verkehrssysteme\/files\/2016\/02\/boehler_01.jpg\",\"articleSection\":[\"Studienganginformationen\"],\"inLanguage\":\"de\",\"potentialAction\":[{\"@type\":\"CommentAction\",\"name\":\"Comment\",\"target\":[\"https:\/\/blog.zhaw.ch\/verkehrssysteme\/beweg-was-das-alumni-selfie-3\/#respond\"]}]},{\"@type\":\"WebPage\",\"@id\":\"https:\/\/blog.zhaw.ch\/verkehrssysteme\/beweg-was-das-alumni-selfie-3\/\",\"url\":\"https:\/\/blog.zhaw.ch\/verkehrssysteme\/beweg-was-das-alumni-selfie-3\/\",\"name\":\"Beweg was - das Alumni-Selfie #3 - Mobility Science\",\"isPartOf\":{\"@id\":\"https:\/\/blog.zhaw.ch\/verkehrssysteme\/#website\"},\"primaryImageOfPage\":{\"@id\":\"https:\/\/blog.zhaw.ch\/verkehrssysteme\/beweg-was-das-alumni-selfie-3\/#primaryimage\"},\"image\":{\"@id\":\"https:\/\/blog.zhaw.ch\/verkehrssysteme\/beweg-was-das-alumni-selfie-3\/#primaryimage\"},\"thumbnailUrl\":\"https:\/\/blog.zhaw.ch\/verkehrssysteme\/files\/2016\/02\/boehler_01.jpg\",\"datePublished\":\"2016-02-29T09:25:28+00:00\",\"author\":{\"@id\":\"https:\/\/blog.zhaw.ch\/verkehrssysteme\/#\/schema\/person\/da13fda472e8efad7dd9860e0cc65161\"},\"breadcrumb\":{\"@id\":\"https:\/\/blog.zhaw.ch\/verkehrssysteme\/beweg-was-das-alumni-selfie-3\/#breadcrumb\"},\"inLanguage\":\"de\",\"potentialAction\":[{\"@type\":\"ReadAction\",\"target\":[\"https:\/\/blog.zhaw.ch\/verkehrssysteme\/beweg-was-das-alumni-selfie-3\/\"]}]},{\"@type\":\"ImageObject\",\"inLanguage\":\"de\",\"@id\":\"https:\/\/blog.zhaw.ch\/verkehrssysteme\/beweg-was-das-alumni-selfie-3\/#primaryimage\",\"url\":\"https:\/\/blog.zhaw.ch\/verkehrssysteme\/files\/2016\/02\/boehler_01.jpg\",\"contentUrl\":\"https:\/\/blog.zhaw.ch\/verkehrssysteme\/files\/2016\/02\/boehler_01.jpg\"},{\"@type\":\"BreadcrumbList\",\"@id\":\"https:\/\/blog.zhaw.ch\/verkehrssysteme\/beweg-was-das-alumni-selfie-3\/#breadcrumb\",\"itemListElement\":[{\"@type\":\"ListItem\",\"position\":1,\"name\":\"Startseite\",\"item\":\"https:\/\/blog.zhaw.ch\/verkehrssysteme\/\"},{\"@type\":\"ListItem\",\"position\":2,\"name\":\"Beweg was &#8211; das Alumni-Selfie #3\"}]},{\"@type\":\"WebSite\",\"@id\":\"https:\/\/blog.zhaw.ch\/verkehrssysteme\/#website\",\"url\":\"https:\/\/blog.zhaw.ch\/verkehrssysteme\/\",\"name\":\"Mobility Science\",\"description\":\"Ein Blog der ZHAW Z\u00fcrcher Hochschule f\u00fcr Angewandte Wissenschaften\",\"potentialAction\":[{\"@type\":\"SearchAction\",\"target\":{\"@type\":\"EntryPoint\",\"urlTemplate\":\"https:\/\/blog.zhaw.ch\/verkehrssysteme\/?s={search_term_string}\"},\"query-input\":{\"@type\":\"PropertyValueSpecification\",\"valueRequired\":true,\"valueName\":\"search_term_string\"}}],\"inLanguage\":\"de\"},{\"@type\":\"Person\",\"@id\":\"https:\/\/blog.zhaw.ch\/verkehrssysteme\/#\/schema\/person\/da13fda472e8efad7dd9860e0cc65161\",\"name\":\"saut\",\"image\":{\"@type\":\"ImageObject\",\"inLanguage\":\"de\",\"@id\":\"https:\/\/secure.gravatar.com\/avatar\/5fd85ed1b873d93dac5d4056519ac9b7605bc334aff7bcdf6e5ca3a5d86746af?s=96&d=mm&r=g\",\"url\":\"https:\/\/secure.gravatar.com\/avatar\/5fd85ed1b873d93dac5d4056519ac9b7605bc334aff7bcdf6e5ca3a5d86746af?s=96&d=mm&r=g\",\"contentUrl\":\"https:\/\/secure.gravatar.com\/avatar\/5fd85ed1b873d93dac5d4056519ac9b7605bc334aff7bcdf6e5ca3a5d86746af?s=96&d=mm&r=g\",\"caption\":\"saut\"},\"url\":\"https:\/\/blog.zhaw.ch\/verkehrssysteme\/author\/saut\/\"}]}<\/script>\n<!-- \/ Yoast SEO Premium plugin. -->","yoast_head_json":{"title":"Beweg was - das Alumni-Selfie #3 - Mobility Science","robots":{"index":"index","follow":"follow","max-snippet":"max-snippet:-1","max-image-preview":"max-image-preview:large","max-video-preview":"max-video-preview:-1"},"canonical":"https:\/\/blog.zhaw.ch\/verkehrssysteme\/beweg-was-das-alumni-selfie-3\/","og_locale":"de_DE","og_type":"article","og_title":"Beweg was - das Alumni-Selfie #3","og_description":"Das bin ich Andreas B\u00f6hler, Abschluss in VS im Jahr 2014, davor einen Abschluss an einer h\u00f6heren Fachschule mit dem Titel Dipl. Techniker HF in Elektronik. W\u00e4hrend beiden Studien war ich bei der SBB AG in Z\u00fcrich und in Bern angestellt. Zuletzt in der Flottentechnik, wo ich aktiv an den j\u00fcngsten Fahrzeugneubeschaffungen mitgearbeitet habe. Das [&hellip;]","og_url":"https:\/\/blog.zhaw.ch\/verkehrssysteme\/beweg-was-das-alumni-selfie-3\/","og_site_name":"Mobility Science","article_published_time":"2016-02-29T09:25:28+00:00","og_image":[{"url":"https:\/\/blog.zhaw.ch\/verkehrssysteme\/files\/2016\/02\/boehler_01.jpg","type":"","width":"","height":""}],"author":"saut","twitter_card":"summary_large_image","twitter_misc":{"Verfasst von":"saut","Gesch\u00e4tzte Lesezeit":"2\u00a0Minuten"},"schema":{"@context":"https:\/\/schema.org","@graph":[{"@type":"Article","@id":"https:\/\/blog.zhaw.ch\/verkehrssysteme\/beweg-was-das-alumni-selfie-3\/#article","isPartOf":{"@id":"https:\/\/blog.zhaw.ch\/verkehrssysteme\/beweg-was-das-alumni-selfie-3\/"},"author":{"name":"saut","@id":"https:\/\/blog.zhaw.ch\/verkehrssysteme\/#\/schema\/person\/da13fda472e8efad7dd9860e0cc65161"},"headline":"Beweg was &#8211; das Alumni-Selfie #3","datePublished":"2016-02-29T09:25:28+00:00","mainEntityOfPage":{"@id":"https:\/\/blog.zhaw.ch\/verkehrssysteme\/beweg-was-das-alumni-selfie-3\/"},"wordCount":311,"commentCount":0,"image":{"@id":"https:\/\/blog.zhaw.ch\/verkehrssysteme\/beweg-was-das-alumni-selfie-3\/#primaryimage"},"thumbnailUrl":"https:\/\/blog.zhaw.ch\/verkehrssysteme\/files\/2016\/02\/boehler_01.jpg","articleSection":["Studienganginformationen"],"inLanguage":"de","potentialAction":[{"@type":"CommentAction","name":"Comment","target":["https:\/\/blog.zhaw.ch\/verkehrssysteme\/beweg-was-das-alumni-selfie-3\/#respond"]}]},{"@type":"WebPage","@id":"https:\/\/blog.zhaw.ch\/verkehrssysteme\/beweg-was-das-alumni-selfie-3\/","url":"https:\/\/blog.zhaw.ch\/verkehrssysteme\/beweg-was-das-alumni-selfie-3\/","name":"Beweg was - das Alumni-Selfie #3 - Mobility Science","isPartOf":{"@id":"https:\/\/blog.zhaw.ch\/verkehrssysteme\/#website"},"primaryImageOfPage":{"@id":"https:\/\/blog.zhaw.ch\/verkehrssysteme\/beweg-was-das-alumni-selfie-3\/#primaryimage"},"image":{"@id":"https:\/\/blog.zhaw.ch\/verkehrssysteme\/beweg-was-das-alumni-selfie-3\/#primaryimage"},"thumbnailUrl":"https:\/\/blog.zhaw.ch\/verkehrssysteme\/files\/2016\/02\/boehler_01.jpg","datePublished":"2016-02-29T09:25:28+00:00","author":{"@id":"https:\/\/blog.zhaw.ch\/verkehrssysteme\/#\/schema\/person\/da13fda472e8efad7dd9860e0cc65161"},"breadcrumb":{"@id":"https:\/\/blog.zhaw.ch\/verkehrssysteme\/beweg-was-das-alumni-selfie-3\/#breadcrumb"},"inLanguage":"de","potentialAction":[{"@type":"ReadAction","target":["https:\/\/blog.zhaw.ch\/verkehrssysteme\/beweg-was-das-alumni-selfie-3\/"]}]},{"@type":"ImageObject","inLanguage":"de","@id":"https:\/\/blog.zhaw.ch\/verkehrssysteme\/beweg-was-das-alumni-selfie-3\/#primaryimage","url":"https:\/\/blog.zhaw.ch\/verkehrssysteme\/files\/2016\/02\/boehler_01.jpg","contentUrl":"https:\/\/blog.zhaw.ch\/verkehrssysteme\/files\/2016\/02\/boehler_01.jpg"},{"@type":"BreadcrumbList","@id":"https:\/\/blog.zhaw.ch\/verkehrssysteme\/beweg-was-das-alumni-selfie-3\/#breadcrumb","itemListElement":[{"@type":"ListItem","position":1,"name":"Startseite","item":"https:\/\/blog.zhaw.ch\/verkehrssysteme\/"},{"@type":"ListItem","position":2,"name":"Beweg was &#8211; das Alumni-Selfie #3"}]},{"@type":"WebSite","@id":"https:\/\/blog.zhaw.ch\/verkehrssysteme\/#website","url":"https:\/\/blog.zhaw.ch\/verkehrssysteme\/","name":"Mobility Science","description":"Ein Blog der ZHAW Z\u00fcrcher Hochschule f\u00fcr Angewandte Wissenschaften","potentialAction":[{"@type":"SearchAction","target":{"@type":"EntryPoint","urlTemplate":"https:\/\/blog.zhaw.ch\/verkehrssysteme\/?s={search_term_string}"},"query-input":{"@type":"PropertyValueSpecification","valueRequired":true,"valueName":"search_term_string"}}],"inLanguage":"de"},{"@type":"Person","@id":"https:\/\/blog.zhaw.ch\/verkehrssysteme\/#\/schema\/person\/da13fda472e8efad7dd9860e0cc65161","name":"saut","image":{"@type":"ImageObject","inLanguage":"de","@id":"https:\/\/secure.gravatar.com\/avatar\/5fd85ed1b873d93dac5d4056519ac9b7605bc334aff7bcdf6e5ca3a5d86746af?s=96&d=mm&r=g","url":"https:\/\/secure.gravatar.com\/avatar\/5fd85ed1b873d93dac5d4056519ac9b7605bc334aff7bcdf6e5ca3a5d86746af?s=96&d=mm&r=g","contentUrl":"https:\/\/secure.gravatar.com\/avatar\/5fd85ed1b873d93dac5d4056519ac9b7605bc334aff7bcdf6e5ca3a5d86746af?s=96&d=mm&r=g","caption":"saut"},"url":"https:\/\/blog.zhaw.ch\/verkehrssysteme\/author\/saut\/"}]}},"_links":{"self":[{"href":"https:\/\/blog.zhaw.ch\/verkehrssysteme\/wp-json\/wp\/v2\/posts\/1381","targetHints":{"allow":["GET"]}}],"collection":[{"href":"https:\/\/blog.zhaw.ch\/verkehrssysteme\/wp-json\/wp\/v2\/posts"}],"about":[{"href":"https:\/\/blog.zhaw.ch\/verkehrssysteme\/wp-json\/wp\/v2\/types\/post"}],"author":[{"embeddable":true,"href":"https:\/\/blog.zhaw.ch\/verkehrssysteme\/wp-json\/wp\/v2\/users\/65"}],"replies":[{"embeddable":true,"href":"https:\/\/blog.zhaw.ch\/verkehrssysteme\/wp-json\/wp\/v2\/comments?post=1381"}],"version-history":[{"count":1,"href":"https:\/\/blog.zhaw.ch\/verkehrssysteme\/wp-json\/wp\/v2\/posts\/1381\/revisions"}],"predecessor-version":[{"id":1383,"href":"https:\/\/blog.zhaw.ch\/verkehrssysteme\/wp-json\/wp\/v2\/posts\/1381\/revisions\/1383"}],"wp:attachment":[{"href":"https:\/\/blog.zhaw.ch\/verkehrssysteme\/wp-json\/wp\/v2\/media?parent=1381"}],"wp:term":[{"taxonomy":"category","embeddable":true,"href":"https:\/\/blog.zhaw.ch\/verkehrssysteme\/wp-json\/wp\/v2\/categories?post=1381"},{"taxonomy":"post_tag","embeddable":true,"href":"https:\/\/blog.zhaw.ch\/verkehrssysteme\/wp-json\/wp\/v2\/tags?post=1381"},{"taxonomy":"features","embeddable":true,"href":"https:\/\/blog.zhaw.ch\/verkehrssysteme\/wp-json\/wp\/v2\/features?post=1381"}],"curies":[{"name":"wp","href":"https:\/\/api.w.org\/{rel}","templated":true}]}}