{"id":1232,"date":"2015-12-17T20:05:40","date_gmt":"2015-12-17T18:05:40","guid":{"rendered":"http:\/\/blog.zhaw.ch\/verkehrssysteme\/?p=1232"},"modified":"2015-12-17T20:05:40","modified_gmt":"2015-12-17T18:05:40","slug":"intermodal-transport-day-studierende-vor-ort-bei-sbb-und-bertschi","status":"publish","type":"post","link":"https:\/\/blog.zhaw.ch\/verkehrssysteme\/intermodal-transport-day-studierende-vor-ort-bei-sbb-und-bertschi\/","title":{"rendered":"&#8222;Intermodal Transport Day&#8220; &#8211; Studierende vor Ort bei SBB und Bertschi"},"content":{"rendered":"<p><a href=\"http:\/\/blog.zhaw.ch\/verkehrssysteme\/files\/2015\/12\/sbbcargo_01.jpg\" rel=\"attachment wp-att-1237\"><img loading=\"lazy\" decoding=\"async\" class=\"alignnone size-full wp-image-1237\" src=\"http:\/\/blog.zhaw.ch\/verkehrssysteme\/files\/2015\/12\/sbbcargo_01.jpg\" alt=\"sbbcargo_01\" width=\"585\" height=\"350\" srcset=\"https:\/\/blog.zhaw.ch\/verkehrssysteme\/files\/2015\/12\/sbbcargo_01.jpg 585w, https:\/\/blog.zhaw.ch\/verkehrssysteme\/files\/2015\/12\/sbbcargo_01-300x179.jpg 300w, https:\/\/blog.zhaw.ch\/verkehrssysteme\/files\/2015\/12\/sbbcargo_01-500x300.jpg 500w\" sizes=\"auto, (max-width: 585px) 100vw, 585px\" \/><br \/>\n<\/a><em>Bildquelle: SBB<\/em><\/p>\n<p>Auch in diesem Jahr hatten die Verkehrssysteme-Studierenden des zweiten Studienjahrs die M\u00f6glichkeit, den <strong>Kombinierten Verkehr (KV) alltagsnah<\/strong> bei wichtigen Akteuren der Branche kennenzulernen. Neben <strong>SBB Cargo<\/strong> luden in diesem Jahr auch <strong><a href=\"http:\/\/www.sbbcargo-international.com\/de\/\" target=\"_blank\">SBB Cargo International<\/a> <\/strong>und<strong> <a href=\"http:\/\/www.bertschi.com\/\" target=\"_blank\">Bertschi<\/a><\/strong> die Studierenden dazu ein, einen<strong> Blick in den &#8222;Maschinenraum&#8220;<\/strong> ihrer KV-Aktivit\u00e4ten zu werfen.<\/p>\n<p><a href=\"http:\/\/blog.zhaw.ch\/verkehrssysteme\/files\/2015\/12\/intermodal_01.jpg\" rel=\"attachment wp-att-1235\"><img loading=\"lazy\" decoding=\"async\" class=\"alignnone size-full wp-image-1235\" src=\"http:\/\/blog.zhaw.ch\/verkehrssysteme\/files\/2015\/12\/intermodal_01.jpg\" alt=\"intermodal_01\" width=\"585\" height=\"350\" srcset=\"https:\/\/blog.zhaw.ch\/verkehrssysteme\/files\/2015\/12\/intermodal_01.jpg 585w, https:\/\/blog.zhaw.ch\/verkehrssysteme\/files\/2015\/12\/intermodal_01-300x179.jpg 300w, https:\/\/blog.zhaw.ch\/verkehrssysteme\/files\/2015\/12\/intermodal_01-500x300.jpg 500w\" sizes=\"auto, (max-width: 585px) 100vw, 585px\" \/><\/a><\/p>\n<p>S\u00e4mtliche Praxispartner boten <strong>Referenten aus der Gesch\u00e4ftsentwicklung oder Gesch\u00e4ftsleitung<\/strong> auf, um die aktuellen Marktstrategien zu erl\u00e4utern und sich den kritischen Fragen der G\u00e4ste zu stellen.<\/p>\n<p><a href=\"http:\/\/blog.zhaw.ch\/verkehrssysteme\/files\/2015\/12\/intermodal_02.jpg\" rel=\"attachment wp-att-1236\"><img loading=\"lazy\" decoding=\"async\" class=\"alignnone size-full wp-image-1236\" src=\"http:\/\/blog.zhaw.ch\/verkehrssysteme\/files\/2015\/12\/intermodal_02.jpg\" alt=\"intermodal_02\" width=\"585\" height=\"350\" srcset=\"https:\/\/blog.zhaw.ch\/verkehrssysteme\/files\/2015\/12\/intermodal_02.jpg 585w, https:\/\/blog.zhaw.ch\/verkehrssysteme\/files\/2015\/12\/intermodal_02-300x179.jpg 300w, https:\/\/blog.zhaw.ch\/verkehrssysteme\/files\/2015\/12\/intermodal_02-500x300.jpg 500w\" sizes=\"auto, (max-width: 585px) 100vw, 585px\" \/><\/a><\/p>\n<p><a href=\"http:\/\/blog.zhaw.ch\/verkehrssysteme\/files\/2015\/12\/bertschi.jpg\" rel=\"attachment wp-att-1234\"><img loading=\"lazy\" decoding=\"async\" class=\"alignnone size-full wp-image-1234\" src=\"http:\/\/blog.zhaw.ch\/verkehrssysteme\/files\/2015\/12\/bertschi.jpg\" alt=\"bertschi\" width=\"584\" height=\"350\" srcset=\"https:\/\/blog.zhaw.ch\/verkehrssysteme\/files\/2015\/12\/bertschi.jpg 584w, https:\/\/blog.zhaw.ch\/verkehrssysteme\/files\/2015\/12\/bertschi-300x180.jpg 300w, https:\/\/blog.zhaw.ch\/verkehrssysteme\/files\/2015\/12\/bertschi-500x300.jpg 500w\" sizes=\"auto, (max-width: 584px) 100vw, 584px\" \/><br \/>\n<\/a><em>Bildquelle: Bertschi AG<\/em><\/p>\n","protected":false},"excerpt":{"rendered":"<p>Bildquelle: SBB Auch in diesem Jahr hatten die Verkehrssysteme-Studierenden des zweiten Studienjahrs die M\u00f6glichkeit, den Kombinierten Verkehr (KV) alltagsnah bei wichtigen Akteuren der Branche kennenzulernen. Neben SBB Cargo luden in diesem Jahr auch SBB Cargo International und Bertschi die Studierenden dazu ein, einen Blick in den &#8222;Maschinenraum&#8220; ihrer KV-Aktivit\u00e4ten zu werfen. S\u00e4mtliche Praxispartner boten Referenten [&hellip;]<\/p>\n","protected":false},"author":65,"featured_media":0,"comment_status":"open","ping_status":"open","sticky":false,"template":"","format":"standard","meta":{"ngg_post_thumbnail":0,"footnotes":""},"categories":[1,6],"tags":[],"features":[],"class_list":["post-1232","post","type-post","status-publish","format-standard","hentry","category-allgemein","category-studienganginformationen"],"yoast_head":"<!-- This site is optimized with the Yoast SEO Premium plugin v27.2 (Yoast SEO v27.2) - https:\/\/yoast.com\/product\/yoast-seo-premium-wordpress\/ -->\n<title>&quot;Intermodal Transport Day&quot; - Studierende vor Ort bei SBB und Bertschi - Mobility Science<\/title>\n<meta name=\"robots\" content=\"index, follow, max-snippet:-1, max-image-preview:large, max-video-preview:-1\" \/>\n<link rel=\"canonical\" href=\"https:\/\/blog.zhaw.ch\/verkehrssysteme\/intermodal-transport-day-studierende-vor-ort-bei-sbb-und-bertschi\/\" \/>\n<meta property=\"og:locale\" content=\"de_DE\" \/>\n<meta property=\"og:type\" content=\"article\" \/>\n<meta property=\"og:title\" content=\"&quot;Intermodal Transport Day&quot; - Studierende vor Ort bei SBB und Bertschi\" \/>\n<meta property=\"og:description\" content=\"Bildquelle: SBB Auch in diesem Jahr hatten die Verkehrssysteme-Studierenden des zweiten Studienjahrs die M\u00f6glichkeit, den Kombinierten Verkehr (KV) alltagsnah bei wichtigen Akteuren der Branche kennenzulernen. Neben SBB Cargo luden in diesem Jahr auch SBB Cargo International und Bertschi die Studierenden dazu ein, einen Blick in den &#8222;Maschinenraum&#8220; ihrer KV-Aktivit\u00e4ten zu werfen. S\u00e4mtliche Praxispartner boten Referenten [&hellip;]\" \/>\n<meta property=\"og:url\" content=\"https:\/\/blog.zhaw.ch\/verkehrssysteme\/intermodal-transport-day-studierende-vor-ort-bei-sbb-und-bertschi\/\" \/>\n<meta property=\"og:site_name\" content=\"Mobility Science\" \/>\n<meta property=\"article:published_time\" content=\"2015-12-17T18:05:40+00:00\" \/>\n<meta property=\"og:image\" content=\"http:\/\/blog.zhaw.ch\/verkehrssysteme\/files\/2015\/12\/sbbcargo_01.jpg\" \/>\n<meta name=\"author\" content=\"saut\" \/>\n<meta name=\"twitter:card\" content=\"summary_large_image\" \/>\n<meta name=\"twitter:label1\" content=\"Verfasst von\" \/>\n\t<meta name=\"twitter:data1\" content=\"saut\" \/>\n<script type=\"application\/ld+json\" class=\"yoast-schema-graph\">{\"@context\":\"https:\/\/schema.org\",\"@graph\":[{\"@type\":\"Article\",\"@id\":\"https:\/\/blog.zhaw.ch\/verkehrssysteme\/intermodal-transport-day-studierende-vor-ort-bei-sbb-und-bertschi\/#article\",\"isPartOf\":{\"@id\":\"https:\/\/blog.zhaw.ch\/verkehrssysteme\/intermodal-transport-day-studierende-vor-ort-bei-sbb-und-bertschi\/\"},\"author\":{\"name\":\"saut\",\"@id\":\"https:\/\/blog.zhaw.ch\/verkehrssysteme\/#\/schema\/person\/da13fda472e8efad7dd9860e0cc65161\"},\"headline\":\"&#8222;Intermodal Transport Day&#8220; &#8211; Studierende vor Ort bei SBB und Bertschi\",\"datePublished\":\"2015-12-17T18:05:40+00:00\",\"mainEntityOfPage\":{\"@id\":\"https:\/\/blog.zhaw.ch\/verkehrssysteme\/intermodal-transport-day-studierende-vor-ort-bei-sbb-und-bertschi\/\"},\"wordCount\":97,\"commentCount\":0,\"image\":{\"@id\":\"https:\/\/blog.zhaw.ch\/verkehrssysteme\/intermodal-transport-day-studierende-vor-ort-bei-sbb-und-bertschi\/#primaryimage\"},\"thumbnailUrl\":\"http:\/\/blog.zhaw.ch\/verkehrssysteme\/files\/2015\/12\/sbbcargo_01.jpg\",\"articleSection\":{\"1\":\"Studienganginformationen\"},\"inLanguage\":\"de\",\"potentialAction\":[{\"@type\":\"CommentAction\",\"name\":\"Comment\",\"target\":[\"https:\/\/blog.zhaw.ch\/verkehrssysteme\/intermodal-transport-day-studierende-vor-ort-bei-sbb-und-bertschi\/#respond\"]}]},{\"@type\":\"WebPage\",\"@id\":\"https:\/\/blog.zhaw.ch\/verkehrssysteme\/intermodal-transport-day-studierende-vor-ort-bei-sbb-und-bertschi\/\",\"url\":\"https:\/\/blog.zhaw.ch\/verkehrssysteme\/intermodal-transport-day-studierende-vor-ort-bei-sbb-und-bertschi\/\",\"name\":\"\\\"Intermodal Transport Day\\\" - Studierende vor Ort bei SBB und Bertschi - Mobility Science\",\"isPartOf\":{\"@id\":\"https:\/\/blog.zhaw.ch\/verkehrssysteme\/#website\"},\"primaryImageOfPage\":{\"@id\":\"https:\/\/blog.zhaw.ch\/verkehrssysteme\/intermodal-transport-day-studierende-vor-ort-bei-sbb-und-bertschi\/#primaryimage\"},\"image\":{\"@id\":\"https:\/\/blog.zhaw.ch\/verkehrssysteme\/intermodal-transport-day-studierende-vor-ort-bei-sbb-und-bertschi\/#primaryimage\"},\"thumbnailUrl\":\"http:\/\/blog.zhaw.ch\/verkehrssysteme\/files\/2015\/12\/sbbcargo_01.jpg\",\"datePublished\":\"2015-12-17T18:05:40+00:00\",\"author\":{\"@id\":\"https:\/\/blog.zhaw.ch\/verkehrssysteme\/#\/schema\/person\/da13fda472e8efad7dd9860e0cc65161\"},\"breadcrumb\":{\"@id\":\"https:\/\/blog.zhaw.ch\/verkehrssysteme\/intermodal-transport-day-studierende-vor-ort-bei-sbb-und-bertschi\/#breadcrumb\"},\"inLanguage\":\"de\",\"potentialAction\":[{\"@type\":\"ReadAction\",\"target\":[\"https:\/\/blog.zhaw.ch\/verkehrssysteme\/intermodal-transport-day-studierende-vor-ort-bei-sbb-und-bertschi\/\"]}]},{\"@type\":\"ImageObject\",\"inLanguage\":\"de\",\"@id\":\"https:\/\/blog.zhaw.ch\/verkehrssysteme\/intermodal-transport-day-studierende-vor-ort-bei-sbb-und-bertschi\/#primaryimage\",\"url\":\"http:\/\/blog.zhaw.ch\/verkehrssysteme\/files\/2015\/12\/sbbcargo_01.jpg\",\"contentUrl\":\"http:\/\/blog.zhaw.ch\/verkehrssysteme\/files\/2015\/12\/sbbcargo_01.jpg\"},{\"@type\":\"BreadcrumbList\",\"@id\":\"https:\/\/blog.zhaw.ch\/verkehrssysteme\/intermodal-transport-day-studierende-vor-ort-bei-sbb-und-bertschi\/#breadcrumb\",\"itemListElement\":[{\"@type\":\"ListItem\",\"position\":1,\"name\":\"Startseite\",\"item\":\"https:\/\/blog.zhaw.ch\/verkehrssysteme\/\"},{\"@type\":\"ListItem\",\"position\":2,\"name\":\"&#8220;Intermodal Transport Day&#8221; &#8211; Studierende vor Ort bei SBB und Bertschi\"}]},{\"@type\":\"WebSite\",\"@id\":\"https:\/\/blog.zhaw.ch\/verkehrssysteme\/#website\",\"url\":\"https:\/\/blog.zhaw.ch\/verkehrssysteme\/\",\"name\":\"Mobility Science\",\"description\":\"Ein Blog der ZHAW Z\u00fcrcher Hochschule f\u00fcr Angewandte Wissenschaften\",\"potentialAction\":[{\"@type\":\"SearchAction\",\"target\":{\"@type\":\"EntryPoint\",\"urlTemplate\":\"https:\/\/blog.zhaw.ch\/verkehrssysteme\/?s={search_term_string}\"},\"query-input\":{\"@type\":\"PropertyValueSpecification\",\"valueRequired\":true,\"valueName\":\"search_term_string\"}}],\"inLanguage\":\"de\"},{\"@type\":\"Person\",\"@id\":\"https:\/\/blog.zhaw.ch\/verkehrssysteme\/#\/schema\/person\/da13fda472e8efad7dd9860e0cc65161\",\"name\":\"saut\",\"image\":{\"@type\":\"ImageObject\",\"inLanguage\":\"de\",\"@id\":\"https:\/\/secure.gravatar.com\/avatar\/5fd85ed1b873d93dac5d4056519ac9b7605bc334aff7bcdf6e5ca3a5d86746af?s=96&d=mm&r=g\",\"url\":\"https:\/\/secure.gravatar.com\/avatar\/5fd85ed1b873d93dac5d4056519ac9b7605bc334aff7bcdf6e5ca3a5d86746af?s=96&d=mm&r=g\",\"contentUrl\":\"https:\/\/secure.gravatar.com\/avatar\/5fd85ed1b873d93dac5d4056519ac9b7605bc334aff7bcdf6e5ca3a5d86746af?s=96&d=mm&r=g\",\"caption\":\"saut\"},\"url\":\"https:\/\/blog.zhaw.ch\/verkehrssysteme\/author\/saut\/\"}]}<\/script>\n<!-- \/ Yoast SEO Premium plugin. -->","yoast_head_json":{"title":"\"Intermodal Transport Day\" - Studierende vor Ort bei SBB und Bertschi - Mobility Science","robots":{"index":"index","follow":"follow","max-snippet":"max-snippet:-1","max-image-preview":"max-image-preview:large","max-video-preview":"max-video-preview:-1"},"canonical":"https:\/\/blog.zhaw.ch\/verkehrssysteme\/intermodal-transport-day-studierende-vor-ort-bei-sbb-und-bertschi\/","og_locale":"de_DE","og_type":"article","og_title":"\"Intermodal Transport Day\" - Studierende vor Ort bei SBB und Bertschi","og_description":"Bildquelle: SBB Auch in diesem Jahr hatten die Verkehrssysteme-Studierenden des zweiten Studienjahrs die M\u00f6glichkeit, den Kombinierten Verkehr (KV) alltagsnah bei wichtigen Akteuren der Branche kennenzulernen. Neben SBB Cargo luden in diesem Jahr auch SBB Cargo International und Bertschi die Studierenden dazu ein, einen Blick in den &#8222;Maschinenraum&#8220; ihrer KV-Aktivit\u00e4ten zu werfen. S\u00e4mtliche Praxispartner boten Referenten [&hellip;]","og_url":"https:\/\/blog.zhaw.ch\/verkehrssysteme\/intermodal-transport-day-studierende-vor-ort-bei-sbb-und-bertschi\/","og_site_name":"Mobility Science","article_published_time":"2015-12-17T18:05:40+00:00","og_image":[{"url":"http:\/\/blog.zhaw.ch\/verkehrssysteme\/files\/2015\/12\/sbbcargo_01.jpg","type":"","width":"","height":""}],"author":"saut","twitter_card":"summary_large_image","twitter_misc":{"Verfasst von":"saut"},"schema":{"@context":"https:\/\/schema.org","@graph":[{"@type":"Article","@id":"https:\/\/blog.zhaw.ch\/verkehrssysteme\/intermodal-transport-day-studierende-vor-ort-bei-sbb-und-bertschi\/#article","isPartOf":{"@id":"https:\/\/blog.zhaw.ch\/verkehrssysteme\/intermodal-transport-day-studierende-vor-ort-bei-sbb-und-bertschi\/"},"author":{"name":"saut","@id":"https:\/\/blog.zhaw.ch\/verkehrssysteme\/#\/schema\/person\/da13fda472e8efad7dd9860e0cc65161"},"headline":"&#8222;Intermodal Transport Day&#8220; &#8211; Studierende vor Ort bei SBB und Bertschi","datePublished":"2015-12-17T18:05:40+00:00","mainEntityOfPage":{"@id":"https:\/\/blog.zhaw.ch\/verkehrssysteme\/intermodal-transport-day-studierende-vor-ort-bei-sbb-und-bertschi\/"},"wordCount":97,"commentCount":0,"image":{"@id":"https:\/\/blog.zhaw.ch\/verkehrssysteme\/intermodal-transport-day-studierende-vor-ort-bei-sbb-und-bertschi\/#primaryimage"},"thumbnailUrl":"http:\/\/blog.zhaw.ch\/verkehrssysteme\/files\/2015\/12\/sbbcargo_01.jpg","articleSection":{"1":"Studienganginformationen"},"inLanguage":"de","potentialAction":[{"@type":"CommentAction","name":"Comment","target":["https:\/\/blog.zhaw.ch\/verkehrssysteme\/intermodal-transport-day-studierende-vor-ort-bei-sbb-und-bertschi\/#respond"]}]},{"@type":"WebPage","@id":"https:\/\/blog.zhaw.ch\/verkehrssysteme\/intermodal-transport-day-studierende-vor-ort-bei-sbb-und-bertschi\/","url":"https:\/\/blog.zhaw.ch\/verkehrssysteme\/intermodal-transport-day-studierende-vor-ort-bei-sbb-und-bertschi\/","name":"\"Intermodal Transport Day\" - Studierende vor Ort bei SBB und Bertschi - Mobility Science","isPartOf":{"@id":"https:\/\/blog.zhaw.ch\/verkehrssysteme\/#website"},"primaryImageOfPage":{"@id":"https:\/\/blog.zhaw.ch\/verkehrssysteme\/intermodal-transport-day-studierende-vor-ort-bei-sbb-und-bertschi\/#primaryimage"},"image":{"@id":"https:\/\/blog.zhaw.ch\/verkehrssysteme\/intermodal-transport-day-studierende-vor-ort-bei-sbb-und-bertschi\/#primaryimage"},"thumbnailUrl":"http:\/\/blog.zhaw.ch\/verkehrssysteme\/files\/2015\/12\/sbbcargo_01.jpg","datePublished":"2015-12-17T18:05:40+00:00","author":{"@id":"https:\/\/blog.zhaw.ch\/verkehrssysteme\/#\/schema\/person\/da13fda472e8efad7dd9860e0cc65161"},"breadcrumb":{"@id":"https:\/\/blog.zhaw.ch\/verkehrssysteme\/intermodal-transport-day-studierende-vor-ort-bei-sbb-und-bertschi\/#breadcrumb"},"inLanguage":"de","potentialAction":[{"@type":"ReadAction","target":["https:\/\/blog.zhaw.ch\/verkehrssysteme\/intermodal-transport-day-studierende-vor-ort-bei-sbb-und-bertschi\/"]}]},{"@type":"ImageObject","inLanguage":"de","@id":"https:\/\/blog.zhaw.ch\/verkehrssysteme\/intermodal-transport-day-studierende-vor-ort-bei-sbb-und-bertschi\/#primaryimage","url":"http:\/\/blog.zhaw.ch\/verkehrssysteme\/files\/2015\/12\/sbbcargo_01.jpg","contentUrl":"http:\/\/blog.zhaw.ch\/verkehrssysteme\/files\/2015\/12\/sbbcargo_01.jpg"},{"@type":"BreadcrumbList","@id":"https:\/\/blog.zhaw.ch\/verkehrssysteme\/intermodal-transport-day-studierende-vor-ort-bei-sbb-und-bertschi\/#breadcrumb","itemListElement":[{"@type":"ListItem","position":1,"name":"Startseite","item":"https:\/\/blog.zhaw.ch\/verkehrssysteme\/"},{"@type":"ListItem","position":2,"name":"&#8220;Intermodal Transport Day&#8221; &#8211; Studierende vor Ort bei SBB und Bertschi"}]},{"@type":"WebSite","@id":"https:\/\/blog.zhaw.ch\/verkehrssysteme\/#website","url":"https:\/\/blog.zhaw.ch\/verkehrssysteme\/","name":"Mobility Science","description":"Ein Blog der ZHAW Z\u00fcrcher Hochschule f\u00fcr Angewandte Wissenschaften","potentialAction":[{"@type":"SearchAction","target":{"@type":"EntryPoint","urlTemplate":"https:\/\/blog.zhaw.ch\/verkehrssysteme\/?s={search_term_string}"},"query-input":{"@type":"PropertyValueSpecification","valueRequired":true,"valueName":"search_term_string"}}],"inLanguage":"de"},{"@type":"Person","@id":"https:\/\/blog.zhaw.ch\/verkehrssysteme\/#\/schema\/person\/da13fda472e8efad7dd9860e0cc65161","name":"saut","image":{"@type":"ImageObject","inLanguage":"de","@id":"https:\/\/secure.gravatar.com\/avatar\/5fd85ed1b873d93dac5d4056519ac9b7605bc334aff7bcdf6e5ca3a5d86746af?s=96&d=mm&r=g","url":"https:\/\/secure.gravatar.com\/avatar\/5fd85ed1b873d93dac5d4056519ac9b7605bc334aff7bcdf6e5ca3a5d86746af?s=96&d=mm&r=g","contentUrl":"https:\/\/secure.gravatar.com\/avatar\/5fd85ed1b873d93dac5d4056519ac9b7605bc334aff7bcdf6e5ca3a5d86746af?s=96&d=mm&r=g","caption":"saut"},"url":"https:\/\/blog.zhaw.ch\/verkehrssysteme\/author\/saut\/"}]}},"_links":{"self":[{"href":"https:\/\/blog.zhaw.ch\/verkehrssysteme\/wp-json\/wp\/v2\/posts\/1232","targetHints":{"allow":["GET"]}}],"collection":[{"href":"https:\/\/blog.zhaw.ch\/verkehrssysteme\/wp-json\/wp\/v2\/posts"}],"about":[{"href":"https:\/\/blog.zhaw.ch\/verkehrssysteme\/wp-json\/wp\/v2\/types\/post"}],"author":[{"embeddable":true,"href":"https:\/\/blog.zhaw.ch\/verkehrssysteme\/wp-json\/wp\/v2\/users\/65"}],"replies":[{"embeddable":true,"href":"https:\/\/blog.zhaw.ch\/verkehrssysteme\/wp-json\/wp\/v2\/comments?post=1232"}],"version-history":[{"count":2,"href":"https:\/\/blog.zhaw.ch\/verkehrssysteme\/wp-json\/wp\/v2\/posts\/1232\/revisions"}],"predecessor-version":[{"id":1238,"href":"https:\/\/blog.zhaw.ch\/verkehrssysteme\/wp-json\/wp\/v2\/posts\/1232\/revisions\/1238"}],"wp:attachment":[{"href":"https:\/\/blog.zhaw.ch\/verkehrssysteme\/wp-json\/wp\/v2\/media?parent=1232"}],"wp:term":[{"taxonomy":"category","embeddable":true,"href":"https:\/\/blog.zhaw.ch\/verkehrssysteme\/wp-json\/wp\/v2\/categories?post=1232"},{"taxonomy":"post_tag","embeddable":true,"href":"https:\/\/blog.zhaw.ch\/verkehrssysteme\/wp-json\/wp\/v2\/tags?post=1232"},{"taxonomy":"features","embeddable":true,"href":"https:\/\/blog.zhaw.ch\/verkehrssysteme\/wp-json\/wp\/v2\/features?post=1232"}],"curies":[{"name":"wp","href":"https:\/\/api.w.org\/{rel}","templated":true}]}}