{"id":224,"date":"2021-03-16T10:00:00","date_gmt":"2021-03-16T09:00:00","guid":{"rendered":"https:\/\/blog.zhaw.ch\/sustainable\/?p=224"},"modified":"2022-09-05T11:16:00","modified_gmt":"2022-09-05T09:16:00","slug":"hannahwalser-sustainabilityday","status":"publish","type":"post","link":"https:\/\/blog.zhaw.ch\/sustainable\/2021\/03\/16\/hannahwalser-sustainabilityday\/","title":{"rendered":"\u00abEs ist notwendig, Wirtschaft und Nachhaltigkeit zu verbinden\u00bb"},"content":{"rendered":"\n<p>Hannah Walser m\u00f6chte nachhaltig leben. Das Ziel sei aber nicht, perfekt zu sein und den gesamten Lebensstil umzustellen, sondern das eigene Konsumverhalten kritisch zu hinterfragen und anzupassen. Gerne m\u00f6chte sie auch andere motivieren, sich mit nachhaltiger Entwicklung zu besch\u00e4ftigen. Zusammen mit weiteren Studierenden der ZHAW School of Management and Law (SML) organisiert die 25-J\u00e4hrige deshalb am 23. M\u00e4rz den <a href=\"https:\/\/www.zhaw.ch\/de\/sml\/ueber-uns\/prme\/sustainability-day-sml\/\" data-type=\"URL\" data-id=\"https:\/\/www.zhaw.ch\/de\/sml\/ueber-uns\/prme\/sustainability-day-sml\/\" target=\"_blank\" rel=\"noreferrer noopener\">Sustainability Day<\/a>.<\/p>\n\n\n\n<p><strong><strong>Was ist deine Motivation, den Sustainability Day auf die Beine zu stellen?<\/strong><\/strong><\/p>\n\n\n\n<p><strong><strong>Hannah:<\/strong> <\/strong>Ich begegne manchmal Menschen, die nicht verstehen, wieso ich mich f\u00fcr Nachhaltigkeit interessiere, obwohl ich im Bereich Wirtschaft studiere. Dies ist einer der Gr\u00fcnde, weshalb ich mich f\u00fcr den Sustainability Day engagiere. Zudem wollte ich gerne gleichgesinnte Studierende kennenlernen und gemeinsam ein sinnvolles Projekt umsetzen.<\/p>\n\n\n\n<p><strong><strong>Du studierst International Management. Wieso ist Nachhaltigkeit wichtig in diesem Bereich?<\/strong><\/strong><\/p>\n\n\n\n<p><strong><strong>Hannah:<\/strong> <\/strong>Ich glaube, es ist notwendig, Wirtschaft und Nachhaltigkeit zu verbinden. Es kann nicht so weitergehen wie bisher. Ein Argument, welches oft im Zusammenhang mit einem nachhaltigen Lebensstil f\u00e4llt, ist: \u00abWieso soll ich meinen Lebensstil \u00e4ndern, wenn diejenigen mit einem viel gr\u00f6sseren Einfluss in der Wirtschaft nichts machen?\u00bb Ich weiss nicht, wie viel ich da ver\u00e4ndern kann, aber ich m\u00f6chte meinen Teil dazu beitragen.<\/p>\n\n\n\n<p><strong><strong>Wie k\u00f6nnte die ZHAW Nachhaltige Entwicklung weiter f\u00f6rdern?<\/strong><\/strong><\/p>\n\n\n\n<p><strong><strong>Hannah: <\/strong><\/strong>Ich habe vor kurzem mit dem zweiten Semester gestartet. Bis jetzt hatten meine Mitstudierenden und ich erst zwei Vorlesungen mit Bezug zum Thema Nachhaltigkeit. Ich w\u00fcnsche mir in den kommenden Semestern noch mehr dazu, denn diesen Bereich empfinde ich als spannend und wichtig.<\/p>\n\n\n\n<div class=\"wp-block-image is-style-default\"><figure class=\"aligncenter size-large\"><img loading=\"lazy\" decoding=\"async\" width=\"578\" height=\"636\" src=\"https:\/\/blog.zhaw.ch\/sustainable\/files\/2021\/03\/Hannah-Walser_cut.jpg\" alt=\"\" class=\"wp-image-229\" srcset=\"https:\/\/blog.zhaw.ch\/sustainable\/files\/2021\/03\/Hannah-Walser_cut.jpg 578w, https:\/\/blog.zhaw.ch\/sustainable\/files\/2021\/03\/Hannah-Walser_cut-273x300.jpg 273w\" sizes=\"auto, (max-width: 578px) 100vw, 578px\" \/><\/figure><\/div>\n\n\n\n<p> <\/p>\n\n\n\n<p><strong>\u00dcber \u00abhumans for sustainability @ ZHAW\u00bb<\/strong><em>: Das Engagement an der ZHAW im Bereich der Nachhaltigen Entwicklung ist gross, divers und umfassend. Um die Personen hinter diesem Engagement vorzustellen, hat ZHAW sustainable eine Blogserie \u00ab<a href=\"https:\/\/blog.zhaw.ch\/sustainable\/category\/humans-for-sustainability-zhaw\/\">humans for sustainability @ ZHAW<\/a>\u00bb erstellt, welche ZHAW-Angeh\u00f6rige in Mini-Portr\u00e4ts vorstellt.<\/em><\/p>\n<div class=\"pt-sm\">Schlagw\u00f6rter: <a href=\"https:\/\/blog.zhaw.ch\/sustainable\/tag\/hannah-walser\/\">Hannah Walser<\/a>, <a href=\"https:\/\/blog.zhaw.ch\/sustainable\/tag\/international-management\/\">International Management<\/a>, <a href=\"https:\/\/blog.zhaw.ch\/sustainable\/tag\/nachhaltige-entwicklung\/\">Nachhaltige Entwicklung<\/a>, <a href=\"https:\/\/blog.zhaw.ch\/sustainable\/tag\/studierende\/\">Studierende<\/a>, <a href=\"https:\/\/blog.zhaw.ch\/sustainable\/tag\/sustainability-day\/\">Sustainability Day<\/a>, <a href=\"https:\/\/blog.zhaw.ch\/sustainable\/tag\/veranstaltung\/\">Veranstaltung<\/a>, <a href=\"https:\/\/blog.zhaw.ch\/sustainable\/tag\/wirtschaft\/\">Wirtschaft<\/a>, <a href=\"https:\/\/blog.zhaw.ch\/sustainable\/tag\/zhaw\/\">ZHAW<\/a>, <a href=\"https:\/\/blog.zhaw.ch\/sustainable\/tag\/zhaw-sml\/\">ZHAW SML<\/a><br><\/div>","protected":false},"excerpt":{"rendered":"<p>Hannah Walser m\u00f6chte nachhaltig leben. Das Ziel sei aber nicht, perfekt zu sein und den gesamten Lebensstil umzustellen, sondern das eigene Konsumverhalten kritisch zu hinterfragen und anzupassen. Gerne m\u00f6chte sie auch andere motivieren, sich mit nachhaltiger Entwicklung zu besch\u00e4ftigen. Zusammen mit weiteren Studierenden der ZHAW School of Management and Law (SML) organisiert die 25-J\u00e4hrige deshalb [&hellip;]<\/p>\n","protected":false},"author":568,"featured_media":226,"comment_status":"open","ping_status":"open","sticky":false,"template":"","format":"standard","meta":{"ngg_post_thumbnail":0,"footnotes":""},"categories":[52],"tags":[124,126,19,97,88,128,125,10,127],"features":[],"class_list":["post-224","post","type-post","status-publish","format-standard","has-post-thumbnail","hentry","category-humans-for-sustainability-zhaw","tag-hannah-walser","tag-international-management","tag-nachhaltige-entwicklung","tag-studierende","tag-sustainability-day","tag-veranstaltung","tag-wirtschaft","tag-zhaw","tag-zhaw-sml"],"yoast_head":"<!-- This site is optimized with the Yoast SEO Premium plugin v27.2 (Yoast SEO v27.2) - https:\/\/yoast.com\/product\/yoast-seo-premium-wordpress\/ -->\n<title>\u00abEs ist notwendig, Wirtschaft und Nachhaltigkeit zu verbinden\u00bb - ZHAW sustainable<\/title>\n<meta name=\"robots\" content=\"index, follow, max-snippet:-1, max-image-preview:large, max-video-preview:-1\" \/>\n<link rel=\"canonical\" href=\"https:\/\/blog.zhaw.ch\/sustainable\/2021\/03\/16\/hannahwalser-sustainabilityday\/\" \/>\n<meta property=\"og:locale\" content=\"de_DE\" \/>\n<meta property=\"og:type\" content=\"article\" \/>\n<meta property=\"og:title\" content=\"\u00abEs ist notwendig, Wirtschaft und Nachhaltigkeit zu verbinden\u00bb\" \/>\n<meta property=\"og:description\" content=\"Hannah Walser m\u00f6chte nachhaltig leben. Das Ziel sei aber nicht, perfekt zu sein und den gesamten Lebensstil umzustellen, sondern das eigene Konsumverhalten kritisch zu hinterfragen und anzupassen. Gerne m\u00f6chte sie auch andere motivieren, sich mit nachhaltiger Entwicklung zu besch\u00e4ftigen. Zusammen mit weiteren Studierenden der ZHAW School of Management and Law (SML) organisiert die 25-J\u00e4hrige deshalb [&hellip;]\" \/>\n<meta property=\"og:url\" content=\"https:\/\/blog.zhaw.ch\/sustainable\/2021\/03\/16\/hannahwalser-sustainabilityday\/\" \/>\n<meta property=\"og:site_name\" content=\"ZHAW sustainable\" \/>\n<meta property=\"article:published_time\" content=\"2021-03-16T09:00:00+00:00\" \/>\n<meta property=\"article:modified_time\" content=\"2022-09-05T09:16:00+00:00\" \/>\n<meta property=\"og:image\" content=\"https:\/\/blog.zhaw.ch\/sustainable\/files\/2021\/03\/HannahBibliothek-scaled.jpg\" \/>\n\t<meta property=\"og:image:width\" content=\"2560\" \/>\n\t<meta property=\"og:image:height\" content=\"1846\" \/>\n\t<meta property=\"og:image:type\" content=\"image\/jpeg\" \/>\n<meta name=\"author\" content=\"froz\" \/>\n<meta name=\"twitter:card\" content=\"summary_large_image\" \/>\n<meta name=\"twitter:label1\" content=\"Verfasst von\" \/>\n\t<meta name=\"twitter:data1\" content=\"froz\" \/>\n\t<meta name=\"twitter:label2\" content=\"Gesch\u00e4tzte Lesezeit\" \/>\n\t<meta name=\"twitter:data2\" content=\"2\u00a0Minuten\" \/>\n<script type=\"application\/ld+json\" class=\"yoast-schema-graph\">{\"@context\":\"https:\/\/schema.org\",\"@graph\":[{\"@type\":\"Article\",\"@id\":\"https:\/\/blog.zhaw.ch\/sustainable\/2021\/03\/16\/hannahwalser-sustainabilityday\/#article\",\"isPartOf\":{\"@id\":\"https:\/\/blog.zhaw.ch\/sustainable\/2021\/03\/16\/hannahwalser-sustainabilityday\/\"},\"author\":{\"name\":\"froz\",\"@id\":\"https:\/\/blog.zhaw.ch\/sustainable\/#\/schema\/person\/ef4afdff96dc95229500b337ced6ac8f\"},\"headline\":\"\u00abEs ist notwendig, Wirtschaft und Nachhaltigkeit zu verbinden\u00bb\",\"datePublished\":\"2021-03-16T09:00:00+00:00\",\"dateModified\":\"2022-09-05T09:16:00+00:00\",\"mainEntityOfPage\":{\"@id\":\"https:\/\/blog.zhaw.ch\/sustainable\/2021\/03\/16\/hannahwalser-sustainabilityday\/\"},\"wordCount\":312,\"commentCount\":0,\"image\":{\"@id\":\"https:\/\/blog.zhaw.ch\/sustainable\/2021\/03\/16\/hannahwalser-sustainabilityday\/#primaryimage\"},\"thumbnailUrl\":\"https:\/\/blog.zhaw.ch\/sustainable\/files\/2021\/03\/HannahBibliothek-scaled.jpg\",\"keywords\":[\"Hannah Walser\",\"International Management\",\"Nachhaltige Entwicklung\",\"Studierende\",\"Sustainability Day\",\"Veranstaltung\",\"Wirtschaft\",\"ZHAW\",\"ZHAW SML\"],\"articleSection\":[\"humans4sustainability@ZHAW\"],\"inLanguage\":\"de\",\"potentialAction\":[{\"@type\":\"CommentAction\",\"name\":\"Comment\",\"target\":[\"https:\/\/blog.zhaw.ch\/sustainable\/2021\/03\/16\/hannahwalser-sustainabilityday\/#respond\"]}]},{\"@type\":\"WebPage\",\"@id\":\"https:\/\/blog.zhaw.ch\/sustainable\/2021\/03\/16\/hannahwalser-sustainabilityday\/\",\"url\":\"https:\/\/blog.zhaw.ch\/sustainable\/2021\/03\/16\/hannahwalser-sustainabilityday\/\",\"name\":\"\u00abEs ist notwendig, Wirtschaft und Nachhaltigkeit zu verbinden\u00bb - ZHAW sustainable\",\"isPartOf\":{\"@id\":\"https:\/\/blog.zhaw.ch\/sustainable\/#website\"},\"primaryImageOfPage\":{\"@id\":\"https:\/\/blog.zhaw.ch\/sustainable\/2021\/03\/16\/hannahwalser-sustainabilityday\/#primaryimage\"},\"image\":{\"@id\":\"https:\/\/blog.zhaw.ch\/sustainable\/2021\/03\/16\/hannahwalser-sustainabilityday\/#primaryimage\"},\"thumbnailUrl\":\"https:\/\/blog.zhaw.ch\/sustainable\/files\/2021\/03\/HannahBibliothek-scaled.jpg\",\"datePublished\":\"2021-03-16T09:00:00+00:00\",\"dateModified\":\"2022-09-05T09:16:00+00:00\",\"author\":{\"@id\":\"https:\/\/blog.zhaw.ch\/sustainable\/#\/schema\/person\/ef4afdff96dc95229500b337ced6ac8f\"},\"breadcrumb\":{\"@id\":\"https:\/\/blog.zhaw.ch\/sustainable\/2021\/03\/16\/hannahwalser-sustainabilityday\/#breadcrumb\"},\"inLanguage\":\"de\",\"potentialAction\":[{\"@type\":\"ReadAction\",\"target\":[\"https:\/\/blog.zhaw.ch\/sustainable\/2021\/03\/16\/hannahwalser-sustainabilityday\/\"]}]},{\"@type\":\"ImageObject\",\"inLanguage\":\"de\",\"@id\":\"https:\/\/blog.zhaw.ch\/sustainable\/2021\/03\/16\/hannahwalser-sustainabilityday\/#primaryimage\",\"url\":\"https:\/\/blog.zhaw.ch\/sustainable\/files\/2021\/03\/HannahBibliothek-scaled.jpg\",\"contentUrl\":\"https:\/\/blog.zhaw.ch\/sustainable\/files\/2021\/03\/HannahBibliothek-scaled.jpg\",\"width\":2560,\"height\":1846},{\"@type\":\"BreadcrumbList\",\"@id\":\"https:\/\/blog.zhaw.ch\/sustainable\/2021\/03\/16\/hannahwalser-sustainabilityday\/#breadcrumb\",\"itemListElement\":[{\"@type\":\"ListItem\",\"position\":1,\"name\":\"Startseite\",\"item\":\"https:\/\/blog.zhaw.ch\/sustainable\/\"},{\"@type\":\"ListItem\",\"position\":2,\"name\":\"\u00abEs ist notwendig, Wirtschaft und Nachhaltigkeit zu verbinden\u00bb\"}]},{\"@type\":\"WebSite\",\"@id\":\"https:\/\/blog.zhaw.ch\/sustainable\/#website\",\"url\":\"https:\/\/blog.zhaw.ch\/sustainable\/\",\"name\":\"ZHAW sustainable\",\"description\":\"Ein Blog der ZHAW Z\u00fcrcher Hochschule f\u00fcr Angewandte Wissenschaften\",\"potentialAction\":[{\"@type\":\"SearchAction\",\"target\":{\"@type\":\"EntryPoint\",\"urlTemplate\":\"https:\/\/blog.zhaw.ch\/sustainable\/?s={search_term_string}\"},\"query-input\":{\"@type\":\"PropertyValueSpecification\",\"valueRequired\":true,\"valueName\":\"search_term_string\"}}],\"inLanguage\":\"de\"},{\"@type\":\"Person\",\"@id\":\"https:\/\/blog.zhaw.ch\/sustainable\/#\/schema\/person\/ef4afdff96dc95229500b337ced6ac8f\",\"name\":\"froz\",\"image\":{\"@type\":\"ImageObject\",\"inLanguage\":\"de\",\"@id\":\"https:\/\/secure.gravatar.com\/avatar\/f622b185e247beaca7c815f1c7de5c67c7641acec868cbb87f6ce73e19422adc?s=96&r=g\",\"url\":\"https:\/\/secure.gravatar.com\/avatar\/f622b185e247beaca7c815f1c7de5c67c7641acec868cbb87f6ce73e19422adc?s=96&r=g\",\"contentUrl\":\"https:\/\/secure.gravatar.com\/avatar\/f622b185e247beaca7c815f1c7de5c67c7641acec868cbb87f6ce73e19422adc?s=96&r=g\",\"caption\":\"froz\"},\"url\":\"https:\/\/blog.zhaw.ch\/sustainable\/author\/froz\/\"}]}<\/script>\n<!-- \/ Yoast SEO Premium plugin. -->","yoast_head_json":{"title":"\u00abEs ist notwendig, Wirtschaft und Nachhaltigkeit zu verbinden\u00bb - ZHAW sustainable","robots":{"index":"index","follow":"follow","max-snippet":"max-snippet:-1","max-image-preview":"max-image-preview:large","max-video-preview":"max-video-preview:-1"},"canonical":"https:\/\/blog.zhaw.ch\/sustainable\/2021\/03\/16\/hannahwalser-sustainabilityday\/","og_locale":"de_DE","og_type":"article","og_title":"\u00abEs ist notwendig, Wirtschaft und Nachhaltigkeit zu verbinden\u00bb","og_description":"Hannah Walser m\u00f6chte nachhaltig leben. Das Ziel sei aber nicht, perfekt zu sein und den gesamten Lebensstil umzustellen, sondern das eigene Konsumverhalten kritisch zu hinterfragen und anzupassen. Gerne m\u00f6chte sie auch andere motivieren, sich mit nachhaltiger Entwicklung zu besch\u00e4ftigen. Zusammen mit weiteren Studierenden der ZHAW School of Management and Law (SML) organisiert die 25-J\u00e4hrige deshalb [&hellip;]","og_url":"https:\/\/blog.zhaw.ch\/sustainable\/2021\/03\/16\/hannahwalser-sustainabilityday\/","og_site_name":"ZHAW sustainable","article_published_time":"2021-03-16T09:00:00+00:00","article_modified_time":"2022-09-05T09:16:00+00:00","og_image":[{"width":2560,"height":1846,"url":"https:\/\/blog.zhaw.ch\/sustainable\/files\/2021\/03\/HannahBibliothek-scaled.jpg","type":"image\/jpeg"}],"author":"froz","twitter_card":"summary_large_image","twitter_misc":{"Verfasst von":"froz","Gesch\u00e4tzte Lesezeit":"2\u00a0Minuten"},"schema":{"@context":"https:\/\/schema.org","@graph":[{"@type":"Article","@id":"https:\/\/blog.zhaw.ch\/sustainable\/2021\/03\/16\/hannahwalser-sustainabilityday\/#article","isPartOf":{"@id":"https:\/\/blog.zhaw.ch\/sustainable\/2021\/03\/16\/hannahwalser-sustainabilityday\/"},"author":{"name":"froz","@id":"https:\/\/blog.zhaw.ch\/sustainable\/#\/schema\/person\/ef4afdff96dc95229500b337ced6ac8f"},"headline":"\u00abEs ist notwendig, Wirtschaft und Nachhaltigkeit zu verbinden\u00bb","datePublished":"2021-03-16T09:00:00+00:00","dateModified":"2022-09-05T09:16:00+00:00","mainEntityOfPage":{"@id":"https:\/\/blog.zhaw.ch\/sustainable\/2021\/03\/16\/hannahwalser-sustainabilityday\/"},"wordCount":312,"commentCount":0,"image":{"@id":"https:\/\/blog.zhaw.ch\/sustainable\/2021\/03\/16\/hannahwalser-sustainabilityday\/#primaryimage"},"thumbnailUrl":"https:\/\/blog.zhaw.ch\/sustainable\/files\/2021\/03\/HannahBibliothek-scaled.jpg","keywords":["Hannah Walser","International Management","Nachhaltige Entwicklung","Studierende","Sustainability Day","Veranstaltung","Wirtschaft","ZHAW","ZHAW SML"],"articleSection":["humans4sustainability@ZHAW"],"inLanguage":"de","potentialAction":[{"@type":"CommentAction","name":"Comment","target":["https:\/\/blog.zhaw.ch\/sustainable\/2021\/03\/16\/hannahwalser-sustainabilityday\/#respond"]}]},{"@type":"WebPage","@id":"https:\/\/blog.zhaw.ch\/sustainable\/2021\/03\/16\/hannahwalser-sustainabilityday\/","url":"https:\/\/blog.zhaw.ch\/sustainable\/2021\/03\/16\/hannahwalser-sustainabilityday\/","name":"\u00abEs ist notwendig, Wirtschaft und Nachhaltigkeit zu verbinden\u00bb - ZHAW sustainable","isPartOf":{"@id":"https:\/\/blog.zhaw.ch\/sustainable\/#website"},"primaryImageOfPage":{"@id":"https:\/\/blog.zhaw.ch\/sustainable\/2021\/03\/16\/hannahwalser-sustainabilityday\/#primaryimage"},"image":{"@id":"https:\/\/blog.zhaw.ch\/sustainable\/2021\/03\/16\/hannahwalser-sustainabilityday\/#primaryimage"},"thumbnailUrl":"https:\/\/blog.zhaw.ch\/sustainable\/files\/2021\/03\/HannahBibliothek-scaled.jpg","datePublished":"2021-03-16T09:00:00+00:00","dateModified":"2022-09-05T09:16:00+00:00","author":{"@id":"https:\/\/blog.zhaw.ch\/sustainable\/#\/schema\/person\/ef4afdff96dc95229500b337ced6ac8f"},"breadcrumb":{"@id":"https:\/\/blog.zhaw.ch\/sustainable\/2021\/03\/16\/hannahwalser-sustainabilityday\/#breadcrumb"},"inLanguage":"de","potentialAction":[{"@type":"ReadAction","target":["https:\/\/blog.zhaw.ch\/sustainable\/2021\/03\/16\/hannahwalser-sustainabilityday\/"]}]},{"@type":"ImageObject","inLanguage":"de","@id":"https:\/\/blog.zhaw.ch\/sustainable\/2021\/03\/16\/hannahwalser-sustainabilityday\/#primaryimage","url":"https:\/\/blog.zhaw.ch\/sustainable\/files\/2021\/03\/HannahBibliothek-scaled.jpg","contentUrl":"https:\/\/blog.zhaw.ch\/sustainable\/files\/2021\/03\/HannahBibliothek-scaled.jpg","width":2560,"height":1846},{"@type":"BreadcrumbList","@id":"https:\/\/blog.zhaw.ch\/sustainable\/2021\/03\/16\/hannahwalser-sustainabilityday\/#breadcrumb","itemListElement":[{"@type":"ListItem","position":1,"name":"Startseite","item":"https:\/\/blog.zhaw.ch\/sustainable\/"},{"@type":"ListItem","position":2,"name":"\u00abEs ist notwendig, Wirtschaft und Nachhaltigkeit zu verbinden\u00bb"}]},{"@type":"WebSite","@id":"https:\/\/blog.zhaw.ch\/sustainable\/#website","url":"https:\/\/blog.zhaw.ch\/sustainable\/","name":"ZHAW sustainable","description":"Ein Blog der ZHAW Z\u00fcrcher Hochschule f\u00fcr Angewandte Wissenschaften","potentialAction":[{"@type":"SearchAction","target":{"@type":"EntryPoint","urlTemplate":"https:\/\/blog.zhaw.ch\/sustainable\/?s={search_term_string}"},"query-input":{"@type":"PropertyValueSpecification","valueRequired":true,"valueName":"search_term_string"}}],"inLanguage":"de"},{"@type":"Person","@id":"https:\/\/blog.zhaw.ch\/sustainable\/#\/schema\/person\/ef4afdff96dc95229500b337ced6ac8f","name":"froz","image":{"@type":"ImageObject","inLanguage":"de","@id":"https:\/\/secure.gravatar.com\/avatar\/f622b185e247beaca7c815f1c7de5c67c7641acec868cbb87f6ce73e19422adc?s=96&r=g","url":"https:\/\/secure.gravatar.com\/avatar\/f622b185e247beaca7c815f1c7de5c67c7641acec868cbb87f6ce73e19422adc?s=96&r=g","contentUrl":"https:\/\/secure.gravatar.com\/avatar\/f622b185e247beaca7c815f1c7de5c67c7641acec868cbb87f6ce73e19422adc?s=96&r=g","caption":"froz"},"url":"https:\/\/blog.zhaw.ch\/sustainable\/author\/froz\/"}]}},"_links":{"self":[{"href":"https:\/\/blog.zhaw.ch\/sustainable\/wp-json\/wp\/v2\/posts\/224","targetHints":{"allow":["GET"]}}],"collection":[{"href":"https:\/\/blog.zhaw.ch\/sustainable\/wp-json\/wp\/v2\/posts"}],"about":[{"href":"https:\/\/blog.zhaw.ch\/sustainable\/wp-json\/wp\/v2\/types\/post"}],"author":[{"embeddable":true,"href":"https:\/\/blog.zhaw.ch\/sustainable\/wp-json\/wp\/v2\/users\/568"}],"replies":[{"embeddable":true,"href":"https:\/\/blog.zhaw.ch\/sustainable\/wp-json\/wp\/v2\/comments?post=224"}],"version-history":[{"count":4,"href":"https:\/\/blog.zhaw.ch\/sustainable\/wp-json\/wp\/v2\/posts\/224\/revisions"}],"predecessor-version":[{"id":757,"href":"https:\/\/blog.zhaw.ch\/sustainable\/wp-json\/wp\/v2\/posts\/224\/revisions\/757"}],"wp:featuredmedia":[{"embeddable":true,"href":"https:\/\/blog.zhaw.ch\/sustainable\/wp-json\/wp\/v2\/media\/226"}],"wp:attachment":[{"href":"https:\/\/blog.zhaw.ch\/sustainable\/wp-json\/wp\/v2\/media?parent=224"}],"wp:term":[{"taxonomy":"category","embeddable":true,"href":"https:\/\/blog.zhaw.ch\/sustainable\/wp-json\/wp\/v2\/categories?post=224"},{"taxonomy":"post_tag","embeddable":true,"href":"https:\/\/blog.zhaw.ch\/sustainable\/wp-json\/wp\/v2\/tags?post=224"},{"taxonomy":"features","embeddable":true,"href":"https:\/\/blog.zhaw.ch\/sustainable\/wp-json\/wp\/v2\/features?post=224"}],"curies":[{"name":"wp","href":"https:\/\/api.w.org\/{rel}","templated":true}]}}