{"id":1356,"date":"2024-04-18T08:30:49","date_gmt":"2024-04-18T06:30:49","guid":{"rendered":"https:\/\/blog.zhaw.ch\/sustainable\/?p=1356"},"modified":"2024-04-18T12:43:13","modified_gmt":"2024-04-18T10:43:13","slug":"wenn-bike-to-work-das-ganze-jahr-angesagt-ist","status":"publish","type":"post","link":"https:\/\/blog.zhaw.ch\/sustainable\/2024\/04\/18\/wenn-bike-to-work-das-ganze-jahr-angesagt-ist\/","title":{"rendered":"Wenn \u2018Bike to Work\u2019 das ganze Jahr angesagt ist"},"content":{"rendered":"\n<p><strong>Man muss nicht lange suchen, um an der ZHAW velobegeisterte Mitarbeitende und Studierende zu finden. Vier von ihnen stellen sich in kurzen Steckbriefen vor. Lassen Sie sich inspirieren.<\/strong><\/p>\n\n\n<div class=\"wp-block-image is-style-default\">\n<figure class=\"alignleft size-full\"><img loading=\"lazy\" decoding=\"async\" width=\"350\" height=\"467\" src=\"https:\/\/blog.zhaw.ch\/sustainable\/files\/2024\/04\/Blog_Guido-Keel.jpg\" alt=\"\" class=\"wp-image-1357\" srcset=\"https:\/\/blog.zhaw.ch\/sustainable\/files\/2024\/04\/Blog_Guido-Keel.jpg 350w, https:\/\/blog.zhaw.ch\/sustainable\/files\/2024\/04\/Blog_Guido-Keel-225x300.jpg 225w\" sizes=\"auto, (max-width: 350px) 100vw, 350px\" \/><figcaption class=\"wp-element-caption\">Guido Keel leitet das Institut f\u00fcr Angewandte Medienwissenschaft und ist Professor f\u00fcr Media Literacy.<\/figcaption><\/figure>\n<\/div>\n\n\n<p><strong><em>Wie oft pendelst du mit dem Velo an die ZHAW?<br><\/em><\/strong>Guido Keel: Eigentlich t\u00e4glich, wenn es nicht gerade sehr stark regnet. Im Durchschnitt wohl vier Mal pro Woche.<\/p>\n\n\n\n<p><strong><em>Von wo nach wo f\u00fchrt deine Strecke?<br><\/em><\/strong>G.K.: Von Z\u00fcrich nach Winterthur, genauer von Oerlikon zum M\u00e4ander an der Theaterstrasse in Winterthur.<\/p>\n\n\n\n<p><strong><em>Machst du das bei jedem Wetter?<br><\/em><\/strong>G.K.: Wenn Schnee auf der Strasse liegt, fahre ich nicht. Und wenn es zu sehr regnet, manchmal auch nicht. Aber grunds\u00e4tzlich schon.<\/p>\n\n\n\n<p><em style=\"font-weight: bold\"><strong>W<\/strong><\/em><strong><em>as motiviert dich zum Velopendeln?<br><\/em><\/strong>G.K.: Es bietet mir die M\u00f6glichkeit, mir am Morgen in Ruhe Gedanken zum neuen Tag zu machen. Und am Abend gibt es mir die M\u00f6glichkeit, mir Dinge nochmals durch den Kopf gehen zu lassen und so auch gedanklich abzuschliessen.<\/p>\n\n\n\n<p><strong><em>Wie k\u00f6nnte die ZHAW das Pendeln mit dem Velo f\u00f6rdern?<br><\/em><\/strong>G.K.: An meinem Arbeitsort kann ich duschen und mich umziehen. Ohne diese M\u00f6glichkeit k\u00f6nnte ich nicht t\u00e4glich mit dem Velo so weit pendeln.<\/p>\n\n\n\n<hr class=\"wp-block-separator has-alpha-channel-opacity\" \/>\n\n\n<div class=\"wp-block-image is-style-default\">\n<figure class=\"alignright size-full\"><img loading=\"lazy\" decoding=\"async\" width=\"450\" height=\"337\" src=\"https:\/\/blog.zhaw.ch\/sustainable\/files\/2024\/04\/Blog_Nadina-Mueller.jpg\" alt=\"\" class=\"wp-image-1360\" srcset=\"https:\/\/blog.zhaw.ch\/sustainable\/files\/2024\/04\/Blog_Nadina-Mueller.jpg 450w, https:\/\/blog.zhaw.ch\/sustainable\/files\/2024\/04\/Blog_Nadina-Mueller-300x225.jpg 300w\" sizes=\"auto, (max-width: 450px) 100vw, 450px\" \/><figcaption class=\"wp-element-caption\">Nadina M\u00fcller leitet die Forschungsgruppe Lebensmittel-Technologie und ist Dozentin f\u00fcr Lebensmittelverfahrenstechnik sowie f\u00fcr Innovation in Food.<\/figcaption><\/figure>\n<\/div>\n\n\n<p><strong><em>Wie oft pendelst du mit dem Velo an die ZHAW?<br><\/em><\/strong>Nadina M\u00fcller: Ich pendle an jedem \u2018vor Ort Arbeitstag\u2019 mit dem Velo an die ZHAW. Im Winter fahre ich einen Weg mit dem Velo und einen mit dem Schiff, im Sommer normalerweise beide Wege mit dem Velo.<\/p>\n\n\n\n<p><strong><em>Von wo nach wo f\u00fchrt deine Strecke?<br><\/em><\/strong>N.M.: Von Uerikon \u00fcber Rapperswil und Pf\u00e4ffikon nach W\u00e4denswil\u2026 und wieder zur\u00fcck. K\u00f6nnte ich mittlerweile schon fast im Schlaf fahren\u2026<\/p>\n\n\n\n<p><strong><em>Machst du das bei jedem Wetter?<br><\/em><\/strong>N.M.: Ja, ich fahre bei Sonnenschein, Wind, Regen und sogar bei Schnee, nur bei vereisten Strassen ist Schluss.<\/p>\n\n\n\n<p><strong><em>Was motiviert dich zum Velopendeln?<br><\/em><\/strong>N.M.: Einerseits ist es f\u00fcr mich ein idealer Weg, um Sport ohne grossen zeitlichen Mehraufwand in den Alltag zu integrieren, was f\u00fcr mich als Mutter zweier Teenager neben der Arbeit zentral ist. Andererseits w\u00fcrden sonst meine Kollegen vermutlich die W\u00e4nde hochgehen, wenn ich als Bewegungsmensch in den tausenden von Sitzungen unruhig auf meinem Stuhl herumzappeln w\u00fcrde. Und zu guter Letzt bin ich einfach gern draussen und habe so jeden Tag die M\u00f6glichkeit, Zeit im Freien zu verbringen.<\/p>\n\n\n\n<p><strong><em>Wie k\u00f6nnte die ZHAW das Pendeln mit dem Velo f\u00f6rdern?<br><\/em><\/strong>N.M.: An jedem Standort gute Duschm\u00f6glichkeiten offerieren und eine M\u00f6glichkeit, die Kleider innert n\u00fctzlicher Frist trocken zu kriegen \u2013 oft sind meine Sportkleider abends noch fast genauso nass wie morgens, weil unsere Umkleidekabine sehr schlecht durchl\u00fcftet ist.<\/p>\n\n\n\n<hr class=\"wp-block-separator has-alpha-channel-opacity\" \/>\n\n\n<div class=\"wp-block-image is-style-default\">\n<figure class=\"aligncenter size-large\"><img loading=\"lazy\" decoding=\"async\" width=\"1024\" height=\"432\" src=\"https:\/\/blog.zhaw.ch\/sustainable\/files\/2024\/04\/BtW-2024-1024x432.jpg\" alt=\"\" class=\"wp-image-1373\" srcset=\"https:\/\/blog.zhaw.ch\/sustainable\/files\/2024\/04\/BtW-2024-1024x432.jpg 1024w, https:\/\/blog.zhaw.ch\/sustainable\/files\/2024\/04\/BtW-2024-300x127.jpg 300w, https:\/\/blog.zhaw.ch\/sustainable\/files\/2024\/04\/BtW-2024-768x324.jpg 768w, https:\/\/blog.zhaw.ch\/sustainable\/files\/2024\/04\/BtW-2024.jpg 1200w\" sizes=\"auto, (max-width: 1024px) 100vw, 1024px\" \/><\/figure>\n<\/div>\n\n\n<pre class=\"wp-block-code\"><code><strong>Bike to Work 2024 @ ZHAW<\/strong>\nIm Mai und Juni nimmt die ZHAW an \u00abBike to Work\u00bb teil. Mitarbeitende und Studierende k\u00f6nnen mitmachen, indem sie in dieser Zeit den Weg zur ZHAW ganz oder teilweise mit dem Velo oder E-Bike zur\u00fcckzulegen. Auch Teilstrecken in Kombination mit dem \u00d6V z\u00e4hlen. Wer an mindestens 50 Prozent der Arbeitstage im Velosattel sitzt, nimmt an der Verlosung attraktiver Preise teil. \nAnmeldeschluss ist der 30. April.\n<a href=\"http:\/\/www.biketowork.ch\" target=\"_blank\" rel=\"noreferrer noopener\">www.biketowork.ch<\/a><\/code><\/pre>\n\n\n\n<hr class=\"wp-block-separator has-alpha-channel-opacity\" \/>\n\n\n<div class=\"wp-block-image is-style-default\">\n<figure class=\"alignleft size-full\"><img loading=\"lazy\" decoding=\"async\" width=\"450\" height=\"337\" src=\"https:\/\/blog.zhaw.ch\/sustainable\/files\/2024\/04\/Blog_Rahel-Drack.jpg\" alt=\"\" class=\"wp-image-1364\" srcset=\"https:\/\/blog.zhaw.ch\/sustainable\/files\/2024\/04\/Blog_Rahel-Drack.jpg 450w, https:\/\/blog.zhaw.ch\/sustainable\/files\/2024\/04\/Blog_Rahel-Drack-300x225.jpg 300w\" sizes=\"auto, (max-width: 450px) 100vw, 450px\" \/><figcaption class=\"wp-element-caption\">Rahel Drack studiert den Bachelor Gesundheitsf\u00f6rderung und Pr\u00e4vention am Department Gesundheit.<\/figcaption><\/figure>\n<\/div>\n\n\n<p><strong><em>Wie oft pendelst du mit dem Velo an die ZHAW?<br><\/em><\/strong>Rahel Drack: Im Sommerhalbjahr drei bis vier Mal pro Woche, im Winterhalbjahr eher zwei bis drei Mal pro Monat.<\/p>\n\n\n\n<p><strong><em>Von wo nach wo f\u00fchrt deine Strecke?<br><\/em><\/strong>R.D.: Von meinem Wohnort in Nussbaumen AG zum Bahnhof Baden, was ca. 2 km entspricht. Wenn ich gen\u00fcgend Zeit habe, fahre ich am Limmatufer entlang und \u00fcber die Altstadt Richtung Bahnhof.<\/p>\n\n\n\n<p><strong><em>Machst du das bei jedem Wetter?<br><\/em><\/strong>R.D.: Nein, bei Schnee und Regen oder besonders tiefen Temperaturen begn\u00fcge ich mich mit dem Bus.<\/p>\n\n\n\n<p><strong><em>Was motiviert dich zum Velopendeln?<br><\/em><\/strong>R.D.: Meine Hauptmotivation f\u00fcr das Velopendeln ist, mehr Bewegung an der frischen Luft in den Tag zu integrieren. Zudem bin ich mit dem Velo ein paar Minuten schneller als mit dem Bus (+ Fussweg zur Bushaltestelle).<\/p>\n\n\n\n<p><strong><em>Wie k\u00f6nnte die ZHAW das Pendeln mit dem Velo f\u00f6rdern?<br><\/em><\/strong>R.D.: Da ich pers\u00f6nlich nicht bis zur ZHAW fahre, hat sie kaum einen Einfluss auf mein Velofahr-Verhalten. Die ZHAW beeinflusst h\u00f6chstens \u00fcber den Stundenplan ob sich die Velofahrt f\u00fcr mich lohnt, da ich aber froh um Onlinevorlesungen bin, w\u00fcnsche ich mir diesbez\u00fcglich keine Ver\u00e4nderung.<\/p>\n\n\n\n<hr class=\"wp-block-separator has-alpha-channel-opacity\" \/>\n\n\n<div class=\"wp-block-image is-style-default\">\n<figure class=\"alignright size-full\"><img loading=\"lazy\" decoding=\"async\" width=\"350\" height=\"467\" src=\"https:\/\/blog.zhaw.ch\/sustainable\/files\/2024\/04\/Blog_Gregor-Waller.jpg\" alt=\"\" class=\"wp-image-1362\" srcset=\"https:\/\/blog.zhaw.ch\/sustainable\/files\/2024\/04\/Blog_Gregor-Waller.jpg 350w, https:\/\/blog.zhaw.ch\/sustainable\/files\/2024\/04\/Blog_Gregor-Waller-225x300.jpg 225w\" sizes=\"auto, (max-width: 350px) 100vw, 350px\" \/><figcaption class=\"wp-element-caption\">Gregor Waller ist Co-Leiter der Fachgruppe Medienpsychologie und Dozent am Departement Angewandte Psychologie.<\/figcaption><\/figure>\n<\/div>\n\n\n<p><strong><em>Wie oft pendelst du mit dem Velo an die ZHAW?<br><\/em><\/strong>Gregor Waller: Zwei bis drei Mal pro Woche. Hin und zur\u00fcck sind es 18 km. Das macht pro Jahr 2000 km.<\/p>\n\n\n\n<p><strong><em>Von wo nach wo f\u00fchrt deine Strecke?<br><\/em><\/strong>G.W.: Am Morgen starte ich \u2018oben\u2019 im Neub\u00fchl in Wollishofen und radle \u00fcber verschiedene Velowege ins Toni im Kreis 5. Mein Gl\u00fcck ist, dass die Strecke zur Arbeit fast nur bergab oder eben verl\u00e4uft. So komme ich \u2018windfrisch\u2019 im Toni an. Die Herausforderung folgt dann am Abend, wenn es auch bergauf geht.<\/p>\n\n\n\n<p><strong><em>Machst du das bei jedem Wetter?<br><\/em><\/strong>G.W.: K\u00e4lte macht mir nichts aus. Schnee und Eisfl\u00e4chen schon. Am Vorabend ist der Blick auf die Wetterapp zwingend. Wenn die Verh\u00e4ltnisse rutschig sind, steige ich auf den \u00d6V um.<\/p>\n\n\n\n<p><strong><em>Was motiviert dich zum Velopendeln?<br><\/em><\/strong>G.W.: Ich sehe es als Privileg, dass mein Arbeitsort so gut per Velo erreichbar ist. Velofahren hat f\u00fcr mich etwas Meditatives f\u00fcr K\u00f6rper und Geist. Die Bewegung an der frischen Luft entspannt mich und gibt mir ein grossartiges Gef\u00fchl. Zudem bin ich auf dem Velo fokussiert und nicht durch das Smartphone abgelenkt. Diese positiven Aspekte sind wohl der Kern meiner Motivation. Dar\u00fcber hinaus spare ich auch noch Wegzeit: die Fahrt mit dem Velo dauert nur halb so lange, wie jene mit dem \u00d6V.<\/p>\n\n\n\n<p><strong><em>Wie k\u00f6nnte die ZHAW das Pendeln mit dem Velo f\u00f6rdern?<br><\/em><\/strong>G.W.: Schwierige Frage. Ich denke, die Lust am Velofahren ist individuell ausgepr\u00e4gt. Mir hat es schon als Kind Spass gemacht, aber ich verstehe, dass es nicht f\u00fcr jede:n so ist. Manche sehen eher die Nachteile wie das Unfallrisiko oder empfinden Velofahren als anstrengend. In diesem Fall hilft wohl auch ein Anreiz- und F\u00f6rdersystem nur wenig. Zudem bin ich mir bewusst, dass f\u00fcr viele der Arbeitsort nicht optimal per Velo erreichbar ist. Wer allerdings einen velofreundlichen Weg hat: Fr\u00fchling ist der optimale Zeitpunkt, um in das Abendteuer Velopendeln einzusteigen.<\/p>\n\n\n\n<hr class=\"wp-block-separator has-alpha-channel-opacity\" \/>\n\n\n\n<p>Interviews: Matthias Kleefoot<\/p>\n<div class=\"pt-sm\">Schlagw\u00f6rter: <a href=\"https:\/\/blog.zhaw.ch\/sustainable\/tag\/bike-to-work\/\">Bike to Work<\/a>, <a href=\"https:\/\/blog.zhaw.ch\/sustainable\/tag\/mitarbeitende\/\">Mitarbeitende<\/a>, <a href=\"https:\/\/blog.zhaw.ch\/sustainable\/tag\/studierende\/\">Studierende<\/a>, <a href=\"https:\/\/blog.zhaw.ch\/sustainable\/tag\/velo\/\">Velo<\/a>, <a href=\"https:\/\/blog.zhaw.ch\/sustainable\/tag\/velopendeln\/\">Velopendeln<\/a><br><\/div>","protected":false},"excerpt":{"rendered":"<p>Man muss nicht lange suchen, um an der ZHAW velobegeisterte Mitarbeitende und Studierende zu finden. Vier von ihnen stellen sich in kurzen Steckbriefen vor. <\/p>\n","protected":false},"author":594,"featured_media":1367,"comment_status":"open","ping_status":"open","sticky":false,"template":"","format":"standard","meta":{"ngg_post_thumbnail":0,"footnotes":""},"categories":[52],"tags":[211,274,97,108,358],"features":[],"class_list":["post-1356","post","type-post","status-publish","format-standard","has-post-thumbnail","hentry","category-humans-for-sustainability-zhaw","tag-bike-to-work","tag-mitarbeitende","tag-studierende","tag-velo","tag-velopendeln"],"yoast_head":"<!-- This site is optimized with the Yoast SEO Premium plugin v27.2 (Yoast SEO v27.2) - https:\/\/yoast.com\/product\/yoast-seo-premium-wordpress\/ -->\n<title>Wenn \u2018Bike to Work\u2019 das ganze Jahr angesagt ist - ZHAW sustainable<\/title>\n<meta name=\"robots\" content=\"index, follow, max-snippet:-1, max-image-preview:large, max-video-preview:-1\" \/>\n<link rel=\"canonical\" href=\"https:\/\/blog.zhaw.ch\/sustainable\/2024\/04\/18\/wenn-bike-to-work-das-ganze-jahr-angesagt-ist\/\" \/>\n<meta property=\"og:locale\" content=\"de_DE\" \/>\n<meta property=\"og:type\" content=\"article\" \/>\n<meta property=\"og:title\" content=\"Wenn \u2018Bike to Work\u2019 das ganze Jahr angesagt ist\" \/>\n<meta property=\"og:description\" content=\"Man muss nicht lange suchen, um an der ZHAW velobegeisterte Mitarbeitende und Studierende zu finden. Vier von ihnen stellen sich in kurzen Steckbriefen vor.\" \/>\n<meta property=\"og:url\" content=\"https:\/\/blog.zhaw.ch\/sustainable\/2024\/04\/18\/wenn-bike-to-work-das-ganze-jahr-angesagt-ist\/\" \/>\n<meta property=\"og:site_name\" content=\"ZHAW sustainable\" \/>\n<meta property=\"article:published_time\" content=\"2024-04-18T06:30:49+00:00\" \/>\n<meta property=\"article:modified_time\" content=\"2024-04-18T10:43:13+00:00\" \/>\n<meta property=\"og:image\" content=\"https:\/\/blog.zhaw.ch\/sustainable\/files\/2024\/04\/Titelbild-Blog_btw-alle-scaled.jpg\" \/>\n\t<meta property=\"og:image:width\" content=\"2560\" \/>\n\t<meta property=\"og:image:height\" content=\"1920\" \/>\n\t<meta property=\"og:image:type\" content=\"image\/jpeg\" \/>\n<meta name=\"author\" content=\"klef\" \/>\n<meta name=\"twitter:card\" content=\"summary_large_image\" \/>\n<meta name=\"twitter:label1\" content=\"Verfasst von\" \/>\n\t<meta name=\"twitter:data1\" content=\"klef\" \/>\n\t<meta name=\"twitter:label2\" content=\"Gesch\u00e4tzte Lesezeit\" \/>\n\t<meta name=\"twitter:data2\" content=\"7\u00a0Minuten\" \/>\n<script type=\"application\/ld+json\" class=\"yoast-schema-graph\">{\"@context\":\"https:\/\/schema.org\",\"@graph\":[{\"@type\":\"Article\",\"@id\":\"https:\/\/blog.zhaw.ch\/sustainable\/2024\/04\/18\/wenn-bike-to-work-das-ganze-jahr-angesagt-ist\/#article\",\"isPartOf\":{\"@id\":\"https:\/\/blog.zhaw.ch\/sustainable\/2024\/04\/18\/wenn-bike-to-work-das-ganze-jahr-angesagt-ist\/\"},\"author\":{\"name\":\"klef\",\"@id\":\"https:\/\/blog.zhaw.ch\/sustainable\/#\/schema\/person\/88be3090a5312f39c86e75a189f60097\"},\"headline\":\"Wenn \u2018Bike to Work\u2019 das ganze Jahr angesagt ist\",\"datePublished\":\"2024-04-18T06:30:49+00:00\",\"dateModified\":\"2024-04-18T10:43:13+00:00\",\"mainEntityOfPage\":{\"@id\":\"https:\/\/blog.zhaw.ch\/sustainable\/2024\/04\/18\/wenn-bike-to-work-das-ganze-jahr-angesagt-ist\/\"},\"wordCount\":1053,\"commentCount\":0,\"image\":{\"@id\":\"https:\/\/blog.zhaw.ch\/sustainable\/2024\/04\/18\/wenn-bike-to-work-das-ganze-jahr-angesagt-ist\/#primaryimage\"},\"thumbnailUrl\":\"https:\/\/blog.zhaw.ch\/sustainable\/files\/2024\/04\/Titelbild-Blog_btw-alle-scaled.jpg\",\"keywords\":[\"Bike to Work\",\"Mitarbeitende\",\"Studierende\",\"Velo\",\"Velopendeln\"],\"articleSection\":[\"humans4sustainability@ZHAW\"],\"inLanguage\":\"de\",\"potentialAction\":[{\"@type\":\"CommentAction\",\"name\":\"Comment\",\"target\":[\"https:\/\/blog.zhaw.ch\/sustainable\/2024\/04\/18\/wenn-bike-to-work-das-ganze-jahr-angesagt-ist\/#respond\"]}]},{\"@type\":\"WebPage\",\"@id\":\"https:\/\/blog.zhaw.ch\/sustainable\/2024\/04\/18\/wenn-bike-to-work-das-ganze-jahr-angesagt-ist\/\",\"url\":\"https:\/\/blog.zhaw.ch\/sustainable\/2024\/04\/18\/wenn-bike-to-work-das-ganze-jahr-angesagt-ist\/\",\"name\":\"Wenn \u2018Bike to Work\u2019 das ganze Jahr angesagt ist - ZHAW sustainable\",\"isPartOf\":{\"@id\":\"https:\/\/blog.zhaw.ch\/sustainable\/#website\"},\"primaryImageOfPage\":{\"@id\":\"https:\/\/blog.zhaw.ch\/sustainable\/2024\/04\/18\/wenn-bike-to-work-das-ganze-jahr-angesagt-ist\/#primaryimage\"},\"image\":{\"@id\":\"https:\/\/blog.zhaw.ch\/sustainable\/2024\/04\/18\/wenn-bike-to-work-das-ganze-jahr-angesagt-ist\/#primaryimage\"},\"thumbnailUrl\":\"https:\/\/blog.zhaw.ch\/sustainable\/files\/2024\/04\/Titelbild-Blog_btw-alle-scaled.jpg\",\"datePublished\":\"2024-04-18T06:30:49+00:00\",\"dateModified\":\"2024-04-18T10:43:13+00:00\",\"author\":{\"@id\":\"https:\/\/blog.zhaw.ch\/sustainable\/#\/schema\/person\/88be3090a5312f39c86e75a189f60097\"},\"breadcrumb\":{\"@id\":\"https:\/\/blog.zhaw.ch\/sustainable\/2024\/04\/18\/wenn-bike-to-work-das-ganze-jahr-angesagt-ist\/#breadcrumb\"},\"inLanguage\":\"de\",\"potentialAction\":[{\"@type\":\"ReadAction\",\"target\":[\"https:\/\/blog.zhaw.ch\/sustainable\/2024\/04\/18\/wenn-bike-to-work-das-ganze-jahr-angesagt-ist\/\"]}]},{\"@type\":\"ImageObject\",\"inLanguage\":\"de\",\"@id\":\"https:\/\/blog.zhaw.ch\/sustainable\/2024\/04\/18\/wenn-bike-to-work-das-ganze-jahr-angesagt-ist\/#primaryimage\",\"url\":\"https:\/\/blog.zhaw.ch\/sustainable\/files\/2024\/04\/Titelbild-Blog_btw-alle-scaled.jpg\",\"contentUrl\":\"https:\/\/blog.zhaw.ch\/sustainable\/files\/2024\/04\/Titelbild-Blog_btw-alle-scaled.jpg\",\"width\":2560,\"height\":1920,\"caption\":\"Diverse Hochschulangeh\u00f6rige auf dem Velo\"},{\"@type\":\"BreadcrumbList\",\"@id\":\"https:\/\/blog.zhaw.ch\/sustainable\/2024\/04\/18\/wenn-bike-to-work-das-ganze-jahr-angesagt-ist\/#breadcrumb\",\"itemListElement\":[{\"@type\":\"ListItem\",\"position\":1,\"name\":\"Startseite\",\"item\":\"https:\/\/blog.zhaw.ch\/sustainable\/\"},{\"@type\":\"ListItem\",\"position\":2,\"name\":\"Wenn \u2018Bike to Work\u2019 das ganze Jahr angesagt ist\"}]},{\"@type\":\"WebSite\",\"@id\":\"https:\/\/blog.zhaw.ch\/sustainable\/#website\",\"url\":\"https:\/\/blog.zhaw.ch\/sustainable\/\",\"name\":\"ZHAW sustainable\",\"description\":\"Ein Blog der ZHAW Z\u00fcrcher Hochschule f\u00fcr Angewandte Wissenschaften\",\"potentialAction\":[{\"@type\":\"SearchAction\",\"target\":{\"@type\":\"EntryPoint\",\"urlTemplate\":\"https:\/\/blog.zhaw.ch\/sustainable\/?s={search_term_string}\"},\"query-input\":{\"@type\":\"PropertyValueSpecification\",\"valueRequired\":true,\"valueName\":\"search_term_string\"}}],\"inLanguage\":\"de\"},{\"@type\":\"Person\",\"@id\":\"https:\/\/blog.zhaw.ch\/sustainable\/#\/schema\/person\/88be3090a5312f39c86e75a189f60097\",\"name\":\"klef\",\"image\":{\"@type\":\"ImageObject\",\"inLanguage\":\"de\",\"@id\":\"https:\/\/secure.gravatar.com\/avatar\/502ed6aafeef78373185bb51caf55c9ac817b1148c03cd9d79d555328a36b992?s=96&r=g\",\"url\":\"https:\/\/secure.gravatar.com\/avatar\/502ed6aafeef78373185bb51caf55c9ac817b1148c03cd9d79d555328a36b992?s=96&r=g\",\"contentUrl\":\"https:\/\/secure.gravatar.com\/avatar\/502ed6aafeef78373185bb51caf55c9ac817b1148c03cd9d79d555328a36b992?s=96&r=g\",\"caption\":\"klef\"},\"url\":\"https:\/\/blog.zhaw.ch\/sustainable\/author\/klef\/\"}]}<\/script>\n<!-- \/ Yoast SEO Premium plugin. -->","yoast_head_json":{"title":"Wenn \u2018Bike to Work\u2019 das ganze Jahr angesagt ist - ZHAW sustainable","robots":{"index":"index","follow":"follow","max-snippet":"max-snippet:-1","max-image-preview":"max-image-preview:large","max-video-preview":"max-video-preview:-1"},"canonical":"https:\/\/blog.zhaw.ch\/sustainable\/2024\/04\/18\/wenn-bike-to-work-das-ganze-jahr-angesagt-ist\/","og_locale":"de_DE","og_type":"article","og_title":"Wenn \u2018Bike to Work\u2019 das ganze Jahr angesagt ist","og_description":"Man muss nicht lange suchen, um an der ZHAW velobegeisterte Mitarbeitende und Studierende zu finden. Vier von ihnen stellen sich in kurzen Steckbriefen vor.","og_url":"https:\/\/blog.zhaw.ch\/sustainable\/2024\/04\/18\/wenn-bike-to-work-das-ganze-jahr-angesagt-ist\/","og_site_name":"ZHAW sustainable","article_published_time":"2024-04-18T06:30:49+00:00","article_modified_time":"2024-04-18T10:43:13+00:00","og_image":[{"width":2560,"height":1920,"url":"https:\/\/blog.zhaw.ch\/sustainable\/files\/2024\/04\/Titelbild-Blog_btw-alle-scaled.jpg","type":"image\/jpeg"}],"author":"klef","twitter_card":"summary_large_image","twitter_misc":{"Verfasst von":"klef","Gesch\u00e4tzte Lesezeit":"7\u00a0Minuten"},"schema":{"@context":"https:\/\/schema.org","@graph":[{"@type":"Article","@id":"https:\/\/blog.zhaw.ch\/sustainable\/2024\/04\/18\/wenn-bike-to-work-das-ganze-jahr-angesagt-ist\/#article","isPartOf":{"@id":"https:\/\/blog.zhaw.ch\/sustainable\/2024\/04\/18\/wenn-bike-to-work-das-ganze-jahr-angesagt-ist\/"},"author":{"name":"klef","@id":"https:\/\/blog.zhaw.ch\/sustainable\/#\/schema\/person\/88be3090a5312f39c86e75a189f60097"},"headline":"Wenn \u2018Bike to Work\u2019 das ganze Jahr angesagt ist","datePublished":"2024-04-18T06:30:49+00:00","dateModified":"2024-04-18T10:43:13+00:00","mainEntityOfPage":{"@id":"https:\/\/blog.zhaw.ch\/sustainable\/2024\/04\/18\/wenn-bike-to-work-das-ganze-jahr-angesagt-ist\/"},"wordCount":1053,"commentCount":0,"image":{"@id":"https:\/\/blog.zhaw.ch\/sustainable\/2024\/04\/18\/wenn-bike-to-work-das-ganze-jahr-angesagt-ist\/#primaryimage"},"thumbnailUrl":"https:\/\/blog.zhaw.ch\/sustainable\/files\/2024\/04\/Titelbild-Blog_btw-alle-scaled.jpg","keywords":["Bike to Work","Mitarbeitende","Studierende","Velo","Velopendeln"],"articleSection":["humans4sustainability@ZHAW"],"inLanguage":"de","potentialAction":[{"@type":"CommentAction","name":"Comment","target":["https:\/\/blog.zhaw.ch\/sustainable\/2024\/04\/18\/wenn-bike-to-work-das-ganze-jahr-angesagt-ist\/#respond"]}]},{"@type":"WebPage","@id":"https:\/\/blog.zhaw.ch\/sustainable\/2024\/04\/18\/wenn-bike-to-work-das-ganze-jahr-angesagt-ist\/","url":"https:\/\/blog.zhaw.ch\/sustainable\/2024\/04\/18\/wenn-bike-to-work-das-ganze-jahr-angesagt-ist\/","name":"Wenn \u2018Bike to Work\u2019 das ganze Jahr angesagt ist - ZHAW sustainable","isPartOf":{"@id":"https:\/\/blog.zhaw.ch\/sustainable\/#website"},"primaryImageOfPage":{"@id":"https:\/\/blog.zhaw.ch\/sustainable\/2024\/04\/18\/wenn-bike-to-work-das-ganze-jahr-angesagt-ist\/#primaryimage"},"image":{"@id":"https:\/\/blog.zhaw.ch\/sustainable\/2024\/04\/18\/wenn-bike-to-work-das-ganze-jahr-angesagt-ist\/#primaryimage"},"thumbnailUrl":"https:\/\/blog.zhaw.ch\/sustainable\/files\/2024\/04\/Titelbild-Blog_btw-alle-scaled.jpg","datePublished":"2024-04-18T06:30:49+00:00","dateModified":"2024-04-18T10:43:13+00:00","author":{"@id":"https:\/\/blog.zhaw.ch\/sustainable\/#\/schema\/person\/88be3090a5312f39c86e75a189f60097"},"breadcrumb":{"@id":"https:\/\/blog.zhaw.ch\/sustainable\/2024\/04\/18\/wenn-bike-to-work-das-ganze-jahr-angesagt-ist\/#breadcrumb"},"inLanguage":"de","potentialAction":[{"@type":"ReadAction","target":["https:\/\/blog.zhaw.ch\/sustainable\/2024\/04\/18\/wenn-bike-to-work-das-ganze-jahr-angesagt-ist\/"]}]},{"@type":"ImageObject","inLanguage":"de","@id":"https:\/\/blog.zhaw.ch\/sustainable\/2024\/04\/18\/wenn-bike-to-work-das-ganze-jahr-angesagt-ist\/#primaryimage","url":"https:\/\/blog.zhaw.ch\/sustainable\/files\/2024\/04\/Titelbild-Blog_btw-alle-scaled.jpg","contentUrl":"https:\/\/blog.zhaw.ch\/sustainable\/files\/2024\/04\/Titelbild-Blog_btw-alle-scaled.jpg","width":2560,"height":1920,"caption":"Diverse Hochschulangeh\u00f6rige auf dem Velo"},{"@type":"BreadcrumbList","@id":"https:\/\/blog.zhaw.ch\/sustainable\/2024\/04\/18\/wenn-bike-to-work-das-ganze-jahr-angesagt-ist\/#breadcrumb","itemListElement":[{"@type":"ListItem","position":1,"name":"Startseite","item":"https:\/\/blog.zhaw.ch\/sustainable\/"},{"@type":"ListItem","position":2,"name":"Wenn \u2018Bike to Work\u2019 das ganze Jahr angesagt ist"}]},{"@type":"WebSite","@id":"https:\/\/blog.zhaw.ch\/sustainable\/#website","url":"https:\/\/blog.zhaw.ch\/sustainable\/","name":"ZHAW sustainable","description":"Ein Blog der ZHAW Z\u00fcrcher Hochschule f\u00fcr Angewandte Wissenschaften","potentialAction":[{"@type":"SearchAction","target":{"@type":"EntryPoint","urlTemplate":"https:\/\/blog.zhaw.ch\/sustainable\/?s={search_term_string}"},"query-input":{"@type":"PropertyValueSpecification","valueRequired":true,"valueName":"search_term_string"}}],"inLanguage":"de"},{"@type":"Person","@id":"https:\/\/blog.zhaw.ch\/sustainable\/#\/schema\/person\/88be3090a5312f39c86e75a189f60097","name":"klef","image":{"@type":"ImageObject","inLanguage":"de","@id":"https:\/\/secure.gravatar.com\/avatar\/502ed6aafeef78373185bb51caf55c9ac817b1148c03cd9d79d555328a36b992?s=96&r=g","url":"https:\/\/secure.gravatar.com\/avatar\/502ed6aafeef78373185bb51caf55c9ac817b1148c03cd9d79d555328a36b992?s=96&r=g","contentUrl":"https:\/\/secure.gravatar.com\/avatar\/502ed6aafeef78373185bb51caf55c9ac817b1148c03cd9d79d555328a36b992?s=96&r=g","caption":"klef"},"url":"https:\/\/blog.zhaw.ch\/sustainable\/author\/klef\/"}]}},"_links":{"self":[{"href":"https:\/\/blog.zhaw.ch\/sustainable\/wp-json\/wp\/v2\/posts\/1356","targetHints":{"allow":["GET"]}}],"collection":[{"href":"https:\/\/blog.zhaw.ch\/sustainable\/wp-json\/wp\/v2\/posts"}],"about":[{"href":"https:\/\/blog.zhaw.ch\/sustainable\/wp-json\/wp\/v2\/types\/post"}],"author":[{"embeddable":true,"href":"https:\/\/blog.zhaw.ch\/sustainable\/wp-json\/wp\/v2\/users\/594"}],"replies":[{"embeddable":true,"href":"https:\/\/blog.zhaw.ch\/sustainable\/wp-json\/wp\/v2\/comments?post=1356"}],"version-history":[{"count":17,"href":"https:\/\/blog.zhaw.ch\/sustainable\/wp-json\/wp\/v2\/posts\/1356\/revisions"}],"predecessor-version":[{"id":1379,"href":"https:\/\/blog.zhaw.ch\/sustainable\/wp-json\/wp\/v2\/posts\/1356\/revisions\/1379"}],"wp:featuredmedia":[{"embeddable":true,"href":"https:\/\/blog.zhaw.ch\/sustainable\/wp-json\/wp\/v2\/media\/1367"}],"wp:attachment":[{"href":"https:\/\/blog.zhaw.ch\/sustainable\/wp-json\/wp\/v2\/media?parent=1356"}],"wp:term":[{"taxonomy":"category","embeddable":true,"href":"https:\/\/blog.zhaw.ch\/sustainable\/wp-json\/wp\/v2\/categories?post=1356"},{"taxonomy":"post_tag","embeddable":true,"href":"https:\/\/blog.zhaw.ch\/sustainable\/wp-json\/wp\/v2\/tags?post=1356"},{"taxonomy":"features","embeddable":true,"href":"https:\/\/blog.zhaw.ch\/sustainable\/wp-json\/wp\/v2\/features?post=1356"}],"curies":[{"name":"wp","href":"https:\/\/api.w.org\/{rel}","templated":true}]}}