{"id":1110,"date":"2023-05-19T09:25:40","date_gmt":"2023-05-19T07:25:40","guid":{"rendered":"https:\/\/blog.zhaw.ch\/sustainable\/?p=1110"},"modified":"2023-09-29T15:19:48","modified_gmt":"2023-09-29T13:19:48","slug":"aktivismus-bringts-gemeinsam-gegen-klima-angst","status":"publish","type":"post","link":"https:\/\/blog.zhaw.ch\/sustainable\/2023\/05\/19\/aktivismus-bringts-gemeinsam-gegen-klima-angst\/","title":{"rendered":"Aktivismus bringt\u2019s \u2013 gemeinsam gegen Klima-Angst"},"content":{"rendered":"\n<p><strong>Die Klimakrise ist eine Bedrohung f\u00fcr alle Lebewesen der Erde. Menschen leiden sowohl auf physischer wie auch auf psychischer Ebene an den Folgen der globalen Erw\u00e4rmung. Das Ph\u00e4nomen der Klima-Angst nimmt zu.<\/strong><\/p>\n\n\n\n<p><em>Ein Gastbeitrag von Moira Tr\u00fcb<\/em><\/p>\n\n\n\n<p>Junge Erwachsene sind unter anderem aufgrund ihrer noch nicht vollendeten k\u00f6rperlichen und geistigen Entwicklung besonders anf\u00e4llig, infolge der Klimakrise psychische Erkrankungen wie Depressionen oder Angstst\u00f6rungen zu entwickeln. Gef\u00fchle der Ohnmacht, Hoffnungslosigkeit, Handlungsunf\u00e4higkeit und Zukunfts\u00e4ngste werden vermehrt in Studien erw\u00e4hnt und erforscht. All diese Gef\u00fchle lassen sich durch den Begriff Klima-Angst zusammenfassen. Mehrere Studien beweisen die steigenden Pr\u00e4valenzen von Klima-Angst oder \u00e4hnlichen Gef\u00fchlen bei Heranwachsenden. In meiner Bachelorarbeit habe ich deshalb Handlungsempfehlungen f\u00fcr junge Erwachsene ausgearbeitet, um bestehende Belastungen abzuschw\u00e4chen oder dem Entstehen ebendieser vorzubeugen. Grundlage daf\u00fcr waren f\u00fcnf Expert:inneninterviews und drei Interviews mit jungen Erwachsenen. Die Expert:innen wurden durch das Netzwerk Psychologists4Future, eine Gruppe von klimasensiblen Psycholog:innen, rekrutiert. Zudem wurde die Hauptautorin einer repr\u00e4sentativen Umfrage von 10&#8217;000 Jugendlichen zu Gef\u00fchlen rund um die Klimakrise befragt. Die Ergebnisse zeigen, dass vielseitige L\u00f6sungen vorhanden sind. Die Resultate k\u00f6nnen aufgeteilt werden in die soziale und die individuelle Ebene.<\/p>\n\n\n\n<p><strong>Gemeinsam sind wir stark<\/strong><\/p>\n\n\n\n<p>Aktivismus im Sinne einer Beteiligung an Klimastreiks oder aktivistischen Gruppen wie Extinction Rebellion oder Fridays4Future helfen nachweislich, psychische Belastungen aufgrund der Klimakrise abzuschw\u00e4chen. Dadurch wird der Kontakt zu Gleichgesinnten aufgebaut. Ein solches Netzwerk bietet in belastenden Zeiten Unterst\u00fctzung und fungiert als Motivation, gemeinsam neue Klimaschutzmassnahmen umzusetzen. Des Weiteren entsteht dadurch ein Gef\u00e4ss, um \u00fcber Gef\u00fchle im Zusammenhang mit der Klimakrise sprechen zu k\u00f6nnen. Der offene Austausch \u00fcber Gef\u00fchle jeglicher Art verbessert langfristig das Wohlbefinden der ganzen Gesellschaft.<\/p>\n\n\n\n<p><strong>Resilienzf\u00f6rderung als wichtiger Hebel<\/strong><\/p>\n\n\n\n<p>Ein wirkungsvoller Hebel, um die eigene psychische Gesundheit im Anbetracht der Klimakrise zu st\u00e4rken, ist die Resilienzf\u00f6rderung. Dazu geh\u00f6rt das Trainieren von Akzeptanz bez\u00fcglich der unterschiedlichen Gef\u00fchle zur Klimakrise. Die Selbstwirksamkeit durch konkrete pers\u00f6nliche Handlungen wie auf tierische Produkte zu verzichten oder vermehrt mit dem Zug zu Reisen, stellt eine weitere Empfehlung dar. Es erweist sich ebenfalls als hilfreich, bewusst Grenzen zu setzen und nicht an jeder Demonstration teilzunehmen, sondern stattdessen Zeit in der Natur zu verbringen.<\/p>\n\n\n\n<p>Zu guter Letzt gilt es die Hoffnung nicht aufzugeben, dass die Klimakrise gemeinsam bew\u00e4ltigt werden kann. Werden die psychischen Belastungen jedoch so gross, dass sie im Alltag einschr\u00e4nken, stehen die Psycholog:innen von Psychologists4Future zur Verf\u00fcgung, um sowohl Gruppen wie auch Einzelne zu beraten.<\/p>\n\n\n\n<div data-wp-interactive=\"core\/file\" class=\"wp-block-file\"><object data-wp-bind--hidden=\"!state.hasPdfPreview\" hidden class=\"wp-block-file__embed\" data=\"https:\/\/blog.zhaw.ch\/sustainable\/files\/2023\/05\/HandoutCCBY.pdf\" type=\"application\/pdf\" style=\"width:100%;height:600px\" aria-label=\"Einbettung von HandoutCCBY.\"><\/object><a id=\"wp-block-file--media-3483468f-99af-4dc1-be7d-dac65bae6019\" href=\"https:\/\/blog.zhaw.ch\/sustainable\/files\/2023\/05\/HandoutCCBY.pdf\">HandoutCCBY<\/a><a href=\"https:\/\/blog.zhaw.ch\/sustainable\/files\/2023\/05\/HandoutCCBY.pdf\" class=\"wp-block-file__button wp-element-button\" download aria-describedby=\"wp-block-file--media-3483468f-99af-4dc1-be7d-dac65bae6019\">Download<\/a><\/div>\n\n\n\n<p>All diese Handlungsempfehlungen wurden auf diesem Paper zusammengefasst und mit konkreten Tipps versehen. Druckt es euch aus, nehmt es als Bildschirmhintergrund, verschickt es Freund:innen. Aber am aller wichtigsten, sprecht dar\u00fcber. Gemeinsam k\u00f6nnen wir etwas bewirken, gemeinsam geschieht Ver\u00e4nderung.<\/p>\n\n\n\n<pre class=\"wp-block-code\"><code><strong>\u00dcber mich<\/strong>\nIch bin Moira Tr\u00fcb und studiere im letzten Semester Gesundheitsf\u00f6rderung und Pr\u00e4vention. Nebenbei arbeite ich als Umweltlehrperson bei Pusch (Praktischer Umweltschutz). Da mir einerseits das Klima und andererseits die psychische Verfassung von jungen Erwachsenen am Herzen liegt, habe ich mich bei der Bachelorarbeit f\u00fcr ein Schnittpunktthema dieser beiden Bereiche entschieden.<\/code><\/pre>\n<div class=\"pt-sm\">Schlagw\u00f6rter: <a href=\"https:\/\/blog.zhaw.ch\/sustainable\/tag\/klima\/\">Klima<\/a>, <a href=\"https:\/\/blog.zhaw.ch\/sustainable\/tag\/klimaerwaermung\/\">Klimaerw\u00e4rmung<\/a>, <a href=\"https:\/\/blog.zhaw.ch\/sustainable\/tag\/klimawandel\/\">Klimawandel<\/a>, <a href=\"https:\/\/blog.zhaw.ch\/sustainable\/tag\/psychologie\/\">Psychologie<\/a>, <a href=\"https:\/\/blog.zhaw.ch\/sustainable\/tag\/studierende\/\">Studierende<\/a><br><\/div>","protected":false},"excerpt":{"rendered":"<p>Die Klimakrise ist eine Bedrohung f\u00fcr alle Lebewesen der Erde. Menschen leiden sowohl auf physischer wie auch auf psychischer Ebene an den Folgen der globalen Erw\u00e4rmung. Das Ph\u00e4nomen der Klima-Angst nimmt zu.<\/p>\n","protected":false},"author":594,"featured_media":1115,"comment_status":"open","ping_status":"open","sticky":false,"template":"","format":"standard","meta":{"ngg_post_thumbnail":0,"footnotes":""},"categories":[252],"tags":[258,117,257,165,97],"features":[],"class_list":["post-1110","post","type-post","status-publish","format-standard","has-post-thumbnail","hentry","category-climatechangezhaw","tag-klima","tag-klimaerwaermung","tag-klimawandel","tag-psychologie","tag-studierende"],"yoast_head":"<!-- This site is optimized with the Yoast SEO Premium plugin v27.2 (Yoast SEO v27.2) - https:\/\/yoast.com\/product\/yoast-seo-premium-wordpress\/ -->\n<title>Aktivismus bringt\u2019s \u2013 gemeinsam gegen Klima-Angst - ZHAW sustainable<\/title>\n<meta name=\"description\" content=\"Die Klimakrise ist eine Bedrohung f\u00fcr alle Lebewesen der Erde. Menschen leiden sowohl auf physischer wie auch auf psychischer Ebene an den Folgen der globalen Erw\u00e4rmung. Das Ph\u00e4nomen der Klima-Angst nimmt zu.\" \/>\n<meta name=\"robots\" content=\"index, follow, max-snippet:-1, max-image-preview:large, max-video-preview:-1\" \/>\n<link rel=\"canonical\" href=\"https:\/\/blog.zhaw.ch\/sustainable\/2023\/05\/19\/aktivismus-bringts-gemeinsam-gegen-klima-angst\/\" \/>\n<meta property=\"og:locale\" content=\"de_DE\" \/>\n<meta property=\"og:type\" content=\"article\" \/>\n<meta property=\"og:title\" content=\"Aktivismus bringt\u2019s \u2013 gemeinsam gegen Klima-Angst\" \/>\n<meta property=\"og:description\" content=\"Die Klimakrise ist eine Bedrohung f\u00fcr alle Lebewesen der Erde. Menschen leiden sowohl auf physischer wie auch auf psychischer Ebene an den Folgen der globalen Erw\u00e4rmung. Das Ph\u00e4nomen der Klima-Angst nimmt zu.\" \/>\n<meta property=\"og:url\" content=\"https:\/\/blog.zhaw.ch\/sustainable\/2023\/05\/19\/aktivismus-bringts-gemeinsam-gegen-klima-angst\/\" \/>\n<meta property=\"og:site_name\" content=\"ZHAW sustainable\" \/>\n<meta property=\"article:published_time\" content=\"2023-05-19T07:25:40+00:00\" \/>\n<meta property=\"article:modified_time\" content=\"2023-09-29T13:19:48+00:00\" \/>\n<meta property=\"og:image\" content=\"https:\/\/blog.zhaw.ch\/sustainable\/files\/2023\/05\/Titelbild_Klima-Angst.jpg\" \/>\n\t<meta property=\"og:image:width\" content=\"1800\" \/>\n\t<meta property=\"og:image:height\" content=\"1200\" \/>\n\t<meta property=\"og:image:type\" content=\"image\/jpeg\" \/>\n<meta name=\"author\" content=\"klef\" \/>\n<meta name=\"twitter:card\" content=\"summary_large_image\" \/>\n<meta name=\"twitter:label1\" content=\"Verfasst von\" \/>\n\t<meta name=\"twitter:data1\" content=\"klef\" \/>\n\t<meta name=\"twitter:label2\" content=\"Gesch\u00e4tzte Lesezeit\" \/>\n\t<meta name=\"twitter:data2\" content=\"3\u00a0Minuten\" \/>\n<script type=\"application\/ld+json\" class=\"yoast-schema-graph\">{\"@context\":\"https:\/\/schema.org\",\"@graph\":[{\"@type\":\"Article\",\"@id\":\"https:\/\/blog.zhaw.ch\/sustainable\/2023\/05\/19\/aktivismus-bringts-gemeinsam-gegen-klima-angst\/#article\",\"isPartOf\":{\"@id\":\"https:\/\/blog.zhaw.ch\/sustainable\/2023\/05\/19\/aktivismus-bringts-gemeinsam-gegen-klima-angst\/\"},\"author\":{\"name\":\"klef\",\"@id\":\"https:\/\/blog.zhaw.ch\/sustainable\/#\/schema\/person\/88be3090a5312f39c86e75a189f60097\"},\"headline\":\"Aktivismus bringt\u2019s \u2013 gemeinsam gegen Klima-Angst\",\"datePublished\":\"2023-05-19T07:25:40+00:00\",\"dateModified\":\"2023-09-29T13:19:48+00:00\",\"mainEntityOfPage\":{\"@id\":\"https:\/\/blog.zhaw.ch\/sustainable\/2023\/05\/19\/aktivismus-bringts-gemeinsam-gegen-klima-angst\/\"},\"wordCount\":481,\"commentCount\":0,\"image\":{\"@id\":\"https:\/\/blog.zhaw.ch\/sustainable\/2023\/05\/19\/aktivismus-bringts-gemeinsam-gegen-klima-angst\/#primaryimage\"},\"thumbnailUrl\":\"https:\/\/blog.zhaw.ch\/sustainable\/files\/2023\/05\/Titelbild_Klima-Angst.jpg\",\"keywords\":[\"Klima\",\"Klimaerw\u00e4rmung\",\"Klimawandel\",\"Psychologie\",\"Studierende\"],\"articleSection\":[\"ClimateChange@ZHAW\"],\"inLanguage\":\"de\",\"potentialAction\":[{\"@type\":\"CommentAction\",\"name\":\"Comment\",\"target\":[\"https:\/\/blog.zhaw.ch\/sustainable\/2023\/05\/19\/aktivismus-bringts-gemeinsam-gegen-klima-angst\/#respond\"]}]},{\"@type\":\"WebPage\",\"@id\":\"https:\/\/blog.zhaw.ch\/sustainable\/2023\/05\/19\/aktivismus-bringts-gemeinsam-gegen-klima-angst\/\",\"url\":\"https:\/\/blog.zhaw.ch\/sustainable\/2023\/05\/19\/aktivismus-bringts-gemeinsam-gegen-klima-angst\/\",\"name\":\"Aktivismus bringt\u2019s \u2013 gemeinsam gegen Klima-Angst - ZHAW sustainable\",\"isPartOf\":{\"@id\":\"https:\/\/blog.zhaw.ch\/sustainable\/#website\"},\"primaryImageOfPage\":{\"@id\":\"https:\/\/blog.zhaw.ch\/sustainable\/2023\/05\/19\/aktivismus-bringts-gemeinsam-gegen-klima-angst\/#primaryimage\"},\"image\":{\"@id\":\"https:\/\/blog.zhaw.ch\/sustainable\/2023\/05\/19\/aktivismus-bringts-gemeinsam-gegen-klima-angst\/#primaryimage\"},\"thumbnailUrl\":\"https:\/\/blog.zhaw.ch\/sustainable\/files\/2023\/05\/Titelbild_Klima-Angst.jpg\",\"datePublished\":\"2023-05-19T07:25:40+00:00\",\"dateModified\":\"2023-09-29T13:19:48+00:00\",\"author\":{\"@id\":\"https:\/\/blog.zhaw.ch\/sustainable\/#\/schema\/person\/88be3090a5312f39c86e75a189f60097\"},\"description\":\"Die Klimakrise ist eine Bedrohung f\u00fcr alle Lebewesen der Erde. Menschen leiden sowohl auf physischer wie auch auf psychischer Ebene an den Folgen der globalen Erw\u00e4rmung. Das Ph\u00e4nomen der Klima-Angst nimmt zu.\",\"breadcrumb\":{\"@id\":\"https:\/\/blog.zhaw.ch\/sustainable\/2023\/05\/19\/aktivismus-bringts-gemeinsam-gegen-klima-angst\/#breadcrumb\"},\"inLanguage\":\"de\",\"potentialAction\":[{\"@type\":\"ReadAction\",\"target\":[\"https:\/\/blog.zhaw.ch\/sustainable\/2023\/05\/19\/aktivismus-bringts-gemeinsam-gegen-klima-angst\/\"]}]},{\"@type\":\"ImageObject\",\"inLanguage\":\"de\",\"@id\":\"https:\/\/blog.zhaw.ch\/sustainable\/2023\/05\/19\/aktivismus-bringts-gemeinsam-gegen-klima-angst\/#primaryimage\",\"url\":\"https:\/\/blog.zhaw.ch\/sustainable\/files\/2023\/05\/Titelbild_Klima-Angst.jpg\",\"contentUrl\":\"https:\/\/blog.zhaw.ch\/sustainable\/files\/2023\/05\/Titelbild_Klima-Angst.jpg\",\"width\":1800,\"height\":1200},{\"@type\":\"BreadcrumbList\",\"@id\":\"https:\/\/blog.zhaw.ch\/sustainable\/2023\/05\/19\/aktivismus-bringts-gemeinsam-gegen-klima-angst\/#breadcrumb\",\"itemListElement\":[{\"@type\":\"ListItem\",\"position\":1,\"name\":\"Startseite\",\"item\":\"https:\/\/blog.zhaw.ch\/sustainable\/\"},{\"@type\":\"ListItem\",\"position\":2,\"name\":\"Aktivismus bringt\u2019s \u2013 gemeinsam gegen Klima-Angst\"}]},{\"@type\":\"WebSite\",\"@id\":\"https:\/\/blog.zhaw.ch\/sustainable\/#website\",\"url\":\"https:\/\/blog.zhaw.ch\/sustainable\/\",\"name\":\"ZHAW sustainable\",\"description\":\"Ein Blog der ZHAW Z\u00fcrcher Hochschule f\u00fcr Angewandte Wissenschaften\",\"potentialAction\":[{\"@type\":\"SearchAction\",\"target\":{\"@type\":\"EntryPoint\",\"urlTemplate\":\"https:\/\/blog.zhaw.ch\/sustainable\/?s={search_term_string}\"},\"query-input\":{\"@type\":\"PropertyValueSpecification\",\"valueRequired\":true,\"valueName\":\"search_term_string\"}}],\"inLanguage\":\"de\"},{\"@type\":\"Person\",\"@id\":\"https:\/\/blog.zhaw.ch\/sustainable\/#\/schema\/person\/88be3090a5312f39c86e75a189f60097\",\"name\":\"klef\",\"image\":{\"@type\":\"ImageObject\",\"inLanguage\":\"de\",\"@id\":\"https:\/\/secure.gravatar.com\/avatar\/502ed6aafeef78373185bb51caf55c9ac817b1148c03cd9d79d555328a36b992?s=96&r=g\",\"url\":\"https:\/\/secure.gravatar.com\/avatar\/502ed6aafeef78373185bb51caf55c9ac817b1148c03cd9d79d555328a36b992?s=96&r=g\",\"contentUrl\":\"https:\/\/secure.gravatar.com\/avatar\/502ed6aafeef78373185bb51caf55c9ac817b1148c03cd9d79d555328a36b992?s=96&r=g\",\"caption\":\"klef\"},\"url\":\"https:\/\/blog.zhaw.ch\/sustainable\/author\/klef\/\"}]}<\/script>\n<!-- \/ Yoast SEO Premium plugin. -->","yoast_head_json":{"title":"Aktivismus bringt\u2019s \u2013 gemeinsam gegen Klima-Angst - ZHAW sustainable","description":"Die Klimakrise ist eine Bedrohung f\u00fcr alle Lebewesen der Erde. Menschen leiden sowohl auf physischer wie auch auf psychischer Ebene an den Folgen der globalen Erw\u00e4rmung. Das Ph\u00e4nomen der Klima-Angst nimmt zu.","robots":{"index":"index","follow":"follow","max-snippet":"max-snippet:-1","max-image-preview":"max-image-preview:large","max-video-preview":"max-video-preview:-1"},"canonical":"https:\/\/blog.zhaw.ch\/sustainable\/2023\/05\/19\/aktivismus-bringts-gemeinsam-gegen-klima-angst\/","og_locale":"de_DE","og_type":"article","og_title":"Aktivismus bringt\u2019s \u2013 gemeinsam gegen Klima-Angst","og_description":"Die Klimakrise ist eine Bedrohung f\u00fcr alle Lebewesen der Erde. Menschen leiden sowohl auf physischer wie auch auf psychischer Ebene an den Folgen der globalen Erw\u00e4rmung. Das Ph\u00e4nomen der Klima-Angst nimmt zu.","og_url":"https:\/\/blog.zhaw.ch\/sustainable\/2023\/05\/19\/aktivismus-bringts-gemeinsam-gegen-klima-angst\/","og_site_name":"ZHAW sustainable","article_published_time":"2023-05-19T07:25:40+00:00","article_modified_time":"2023-09-29T13:19:48+00:00","og_image":[{"width":1800,"height":1200,"url":"https:\/\/blog.zhaw.ch\/sustainable\/files\/2023\/05\/Titelbild_Klima-Angst.jpg","type":"image\/jpeg"}],"author":"klef","twitter_card":"summary_large_image","twitter_misc":{"Verfasst von":"klef","Gesch\u00e4tzte Lesezeit":"3\u00a0Minuten"},"schema":{"@context":"https:\/\/schema.org","@graph":[{"@type":"Article","@id":"https:\/\/blog.zhaw.ch\/sustainable\/2023\/05\/19\/aktivismus-bringts-gemeinsam-gegen-klima-angst\/#article","isPartOf":{"@id":"https:\/\/blog.zhaw.ch\/sustainable\/2023\/05\/19\/aktivismus-bringts-gemeinsam-gegen-klima-angst\/"},"author":{"name":"klef","@id":"https:\/\/blog.zhaw.ch\/sustainable\/#\/schema\/person\/88be3090a5312f39c86e75a189f60097"},"headline":"Aktivismus bringt\u2019s \u2013 gemeinsam gegen Klima-Angst","datePublished":"2023-05-19T07:25:40+00:00","dateModified":"2023-09-29T13:19:48+00:00","mainEntityOfPage":{"@id":"https:\/\/blog.zhaw.ch\/sustainable\/2023\/05\/19\/aktivismus-bringts-gemeinsam-gegen-klima-angst\/"},"wordCount":481,"commentCount":0,"image":{"@id":"https:\/\/blog.zhaw.ch\/sustainable\/2023\/05\/19\/aktivismus-bringts-gemeinsam-gegen-klima-angst\/#primaryimage"},"thumbnailUrl":"https:\/\/blog.zhaw.ch\/sustainable\/files\/2023\/05\/Titelbild_Klima-Angst.jpg","keywords":["Klima","Klimaerw\u00e4rmung","Klimawandel","Psychologie","Studierende"],"articleSection":["ClimateChange@ZHAW"],"inLanguage":"de","potentialAction":[{"@type":"CommentAction","name":"Comment","target":["https:\/\/blog.zhaw.ch\/sustainable\/2023\/05\/19\/aktivismus-bringts-gemeinsam-gegen-klima-angst\/#respond"]}]},{"@type":"WebPage","@id":"https:\/\/blog.zhaw.ch\/sustainable\/2023\/05\/19\/aktivismus-bringts-gemeinsam-gegen-klima-angst\/","url":"https:\/\/blog.zhaw.ch\/sustainable\/2023\/05\/19\/aktivismus-bringts-gemeinsam-gegen-klima-angst\/","name":"Aktivismus bringt\u2019s \u2013 gemeinsam gegen Klima-Angst - ZHAW sustainable","isPartOf":{"@id":"https:\/\/blog.zhaw.ch\/sustainable\/#website"},"primaryImageOfPage":{"@id":"https:\/\/blog.zhaw.ch\/sustainable\/2023\/05\/19\/aktivismus-bringts-gemeinsam-gegen-klima-angst\/#primaryimage"},"image":{"@id":"https:\/\/blog.zhaw.ch\/sustainable\/2023\/05\/19\/aktivismus-bringts-gemeinsam-gegen-klima-angst\/#primaryimage"},"thumbnailUrl":"https:\/\/blog.zhaw.ch\/sustainable\/files\/2023\/05\/Titelbild_Klima-Angst.jpg","datePublished":"2023-05-19T07:25:40+00:00","dateModified":"2023-09-29T13:19:48+00:00","author":{"@id":"https:\/\/blog.zhaw.ch\/sustainable\/#\/schema\/person\/88be3090a5312f39c86e75a189f60097"},"description":"Die Klimakrise ist eine Bedrohung f\u00fcr alle Lebewesen der Erde. Menschen leiden sowohl auf physischer wie auch auf psychischer Ebene an den Folgen der globalen Erw\u00e4rmung. Das Ph\u00e4nomen der Klima-Angst nimmt zu.","breadcrumb":{"@id":"https:\/\/blog.zhaw.ch\/sustainable\/2023\/05\/19\/aktivismus-bringts-gemeinsam-gegen-klima-angst\/#breadcrumb"},"inLanguage":"de","potentialAction":[{"@type":"ReadAction","target":["https:\/\/blog.zhaw.ch\/sustainable\/2023\/05\/19\/aktivismus-bringts-gemeinsam-gegen-klima-angst\/"]}]},{"@type":"ImageObject","inLanguage":"de","@id":"https:\/\/blog.zhaw.ch\/sustainable\/2023\/05\/19\/aktivismus-bringts-gemeinsam-gegen-klima-angst\/#primaryimage","url":"https:\/\/blog.zhaw.ch\/sustainable\/files\/2023\/05\/Titelbild_Klima-Angst.jpg","contentUrl":"https:\/\/blog.zhaw.ch\/sustainable\/files\/2023\/05\/Titelbild_Klima-Angst.jpg","width":1800,"height":1200},{"@type":"BreadcrumbList","@id":"https:\/\/blog.zhaw.ch\/sustainable\/2023\/05\/19\/aktivismus-bringts-gemeinsam-gegen-klima-angst\/#breadcrumb","itemListElement":[{"@type":"ListItem","position":1,"name":"Startseite","item":"https:\/\/blog.zhaw.ch\/sustainable\/"},{"@type":"ListItem","position":2,"name":"Aktivismus bringt\u2019s \u2013 gemeinsam gegen Klima-Angst"}]},{"@type":"WebSite","@id":"https:\/\/blog.zhaw.ch\/sustainable\/#website","url":"https:\/\/blog.zhaw.ch\/sustainable\/","name":"ZHAW sustainable","description":"Ein Blog der ZHAW Z\u00fcrcher Hochschule f\u00fcr Angewandte Wissenschaften","potentialAction":[{"@type":"SearchAction","target":{"@type":"EntryPoint","urlTemplate":"https:\/\/blog.zhaw.ch\/sustainable\/?s={search_term_string}"},"query-input":{"@type":"PropertyValueSpecification","valueRequired":true,"valueName":"search_term_string"}}],"inLanguage":"de"},{"@type":"Person","@id":"https:\/\/blog.zhaw.ch\/sustainable\/#\/schema\/person\/88be3090a5312f39c86e75a189f60097","name":"klef","image":{"@type":"ImageObject","inLanguage":"de","@id":"https:\/\/secure.gravatar.com\/avatar\/502ed6aafeef78373185bb51caf55c9ac817b1148c03cd9d79d555328a36b992?s=96&r=g","url":"https:\/\/secure.gravatar.com\/avatar\/502ed6aafeef78373185bb51caf55c9ac817b1148c03cd9d79d555328a36b992?s=96&r=g","contentUrl":"https:\/\/secure.gravatar.com\/avatar\/502ed6aafeef78373185bb51caf55c9ac817b1148c03cd9d79d555328a36b992?s=96&r=g","caption":"klef"},"url":"https:\/\/blog.zhaw.ch\/sustainable\/author\/klef\/"}]}},"_links":{"self":[{"href":"https:\/\/blog.zhaw.ch\/sustainable\/wp-json\/wp\/v2\/posts\/1110","targetHints":{"allow":["GET"]}}],"collection":[{"href":"https:\/\/blog.zhaw.ch\/sustainable\/wp-json\/wp\/v2\/posts"}],"about":[{"href":"https:\/\/blog.zhaw.ch\/sustainable\/wp-json\/wp\/v2\/types\/post"}],"author":[{"embeddable":true,"href":"https:\/\/blog.zhaw.ch\/sustainable\/wp-json\/wp\/v2\/users\/594"}],"replies":[{"embeddable":true,"href":"https:\/\/blog.zhaw.ch\/sustainable\/wp-json\/wp\/v2\/comments?post=1110"}],"version-history":[{"count":12,"href":"https:\/\/blog.zhaw.ch\/sustainable\/wp-json\/wp\/v2\/posts\/1110\/revisions"}],"predecessor-version":[{"id":1200,"href":"https:\/\/blog.zhaw.ch\/sustainable\/wp-json\/wp\/v2\/posts\/1110\/revisions\/1200"}],"wp:featuredmedia":[{"embeddable":true,"href":"https:\/\/blog.zhaw.ch\/sustainable\/wp-json\/wp\/v2\/media\/1115"}],"wp:attachment":[{"href":"https:\/\/blog.zhaw.ch\/sustainable\/wp-json\/wp\/v2\/media?parent=1110"}],"wp:term":[{"taxonomy":"category","embeddable":true,"href":"https:\/\/blog.zhaw.ch\/sustainable\/wp-json\/wp\/v2\/categories?post=1110"},{"taxonomy":"post_tag","embeddable":true,"href":"https:\/\/blog.zhaw.ch\/sustainable\/wp-json\/wp\/v2\/tags?post=1110"},{"taxonomy":"features","embeddable":true,"href":"https:\/\/blog.zhaw.ch\/sustainable\/wp-json\/wp\/v2\/features?post=1110"}],"curies":[{"name":"wp","href":"https:\/\/api.w.org\/{rel}","templated":true}]}}