{"id":2696,"date":"2021-01-21T17:38:16","date_gmt":"2021-01-21T16:38:16","guid":{"rendered":"https:\/\/blog.zhaw.ch\/humancapital\/?p=2696"},"modified":"2021-01-21T17:41:27","modified_gmt":"2021-01-21T16:41:27","slug":"neue-leitung-des-mas-human-capital-management","status":"publish","type":"post","link":"https:\/\/blog.zhaw.ch\/organizationalviability\/2021\/01\/21\/neue-leitung-des-mas-human-capital-management\/","title":{"rendered":"Neue Leitung des MAS Human Capital Management"},"content":{"rendered":"\n<p>Per 1. Februar 2021 wird Prof. Dr. Andrea M\u00fcller die <strong>MAS-Studiengangleitung<\/strong> an <a href=\"https:\/\/www.zhaw.ch\/de\/ueber-uns\/person\/geru\">Dr. Marius Gerber<\/a> weitergeben. Marius Gerber leitet seit Mai 2020 die Fachstelle Human Capital am Zentrum f\u00fcr Unternehmensentwicklung. Andrea M\u00fcller bleibt Dozentin und Projektleiterin an der SML.<\/p>\n\n\n\n<p>Elias Jehle wird das <strong>MAS-Programm-Management<\/strong> an <a href=\"https:\/\/www.zhaw.ch\/de\/ueber-uns\/person\/afsh\">Anahita Afsharian<\/a> \u00fcbergeben und sich auf seine Dissertation im Bereich Mindfulness fokussieren. Anahita Afsharian ist langj\u00e4hrige Mitarbeiterin der ZHAW und bereits Programm-Managerin von Weiterbildungen im Bereich General Management und Digitale Transformation.<\/p>\n\n\n\n<p>F\u00fcr ihren grossen Einsatz im Rahmen des MAS Human Capital Management danken wir Andrea und Elias herzlich.<\/p>\n\n\n\n<p>Wir freuen uns, Sie im n\u00e4chsten Semester \u2013 ob virtuell oder hoffentlich auch bald wieder pers\u00f6nlich bei uns in Winterthur \u2013 begr\u00fcssen zu d\u00fcrfen!<\/p>\n","protected":false},"excerpt":{"rendered":"<p>Per 1. Februar 2021 wird Prof. Dr. Andrea M\u00fcller die MAS-Studiengangleitung an Dr. Marius Gerber weitergeben. Marius Gerber leitet seit Mai 2020 die Fachstelle Human Capital am Zentrum f\u00fcr Unternehmensentwicklung. Andrea M\u00fcller bleibt Dozentin und Projektleiterin an der SML. Elias Jehle wird das MAS-Programm-Management an Anahita Afsharian \u00fcbergeben und sich auf seine Dissertation im Bereich [&hellip;]<\/p>\n","protected":false},"author":229,"featured_media":0,"comment_status":"open","ping_status":"open","sticky":false,"template":"","format":"standard","meta":{"ngg_post_thumbnail":0,"footnotes":""},"categories":[1],"tags":[],"features":[],"class_list":["post-2696","post","type-post","status-publish","format-standard","hentry","category-allgemein"],"yoast_head":"<!-- This site is optimized with the Yoast SEO Premium plugin v27.2 (Yoast SEO v27.2) - https:\/\/yoast.com\/product\/yoast-seo-premium-wordpress\/ -->\n<title>Neue Leitung des MAS Human Capital Management - Organizational Viability@ZHAW<\/title>\n<meta name=\"robots\" content=\"index, follow, max-snippet:-1, max-image-preview:large, max-video-preview:-1\" \/>\n<link rel=\"canonical\" href=\"https:\/\/blog.zhaw.ch\/organizationalviability\/2021\/01\/21\/neue-leitung-des-mas-human-capital-management\/\" \/>\n<meta property=\"og:locale\" content=\"de_DE\" \/>\n<meta property=\"og:type\" content=\"article\" \/>\n<meta property=\"og:title\" content=\"Neue Leitung des MAS Human Capital Management\" \/>\n<meta property=\"og:description\" content=\"Per 1. Februar 2021 wird Prof. Dr. Andrea M\u00fcller die MAS-Studiengangleitung an Dr. Marius Gerber weitergeben. Marius Gerber leitet seit Mai 2020 die Fachstelle Human Capital am Zentrum f\u00fcr Unternehmensentwicklung. Andrea M\u00fcller bleibt Dozentin und Projektleiterin an der SML. Elias Jehle wird das MAS-Programm-Management an Anahita Afsharian \u00fcbergeben und sich auf seine Dissertation im Bereich [&hellip;]\" \/>\n<meta property=\"og:url\" content=\"https:\/\/blog.zhaw.ch\/organizationalviability\/2021\/01\/21\/neue-leitung-des-mas-human-capital-management\/\" \/>\n<meta property=\"og:site_name\" content=\"Organizational Viability@ZHAW\" \/>\n<meta property=\"article:published_time\" content=\"2021-01-21T16:38:16+00:00\" \/>\n<meta property=\"article:modified_time\" content=\"2021-01-21T16:41:27+00:00\" \/>\n<meta name=\"author\" content=\"Human Capital @ZHAW\" \/>\n<meta name=\"twitter:card\" content=\"summary_large_image\" \/>\n<meta name=\"twitter:label1\" content=\"Verfasst von\" \/>\n\t<meta name=\"twitter:data1\" content=\"Human Capital @ZHAW\" \/>\n\t<meta name=\"twitter:label2\" content=\"Gesch\u00e4tzte Lesezeit\" \/>\n\t<meta name=\"twitter:data2\" content=\"1\u00a0Minute\" \/>\n<script type=\"application\/ld+json\" class=\"yoast-schema-graph\">{\"@context\":\"https:\/\/schema.org\",\"@graph\":[{\"@type\":\"Article\",\"@id\":\"https:\/\/blog.zhaw.ch\/organizationalviability\/2021\/01\/21\/neue-leitung-des-mas-human-capital-management\/#article\",\"isPartOf\":{\"@id\":\"https:\/\/blog.zhaw.ch\/organizationalviability\/2021\/01\/21\/neue-leitung-des-mas-human-capital-management\/\"},\"author\":{\"name\":\"Human Capital @ZHAW\",\"@id\":\"https:\/\/blog.zhaw.ch\/organizationalviability\/#\/schema\/person\/ab749b4b4445d76b5d575582a85edd09\"},\"headline\":\"Neue Leitung des MAS Human Capital Management\",\"datePublished\":\"2021-01-21T16:38:16+00:00\",\"dateModified\":\"2021-01-21T16:41:27+00:00\",\"mainEntityOfPage\":{\"@id\":\"https:\/\/blog.zhaw.ch\/organizationalviability\/2021\/01\/21\/neue-leitung-des-mas-human-capital-management\/\"},\"wordCount\":128,\"commentCount\":1,\"inLanguage\":\"de\",\"potentialAction\":[{\"@type\":\"CommentAction\",\"name\":\"Comment\",\"target\":[\"https:\/\/blog.zhaw.ch\/organizationalviability\/2021\/01\/21\/neue-leitung-des-mas-human-capital-management\/#respond\"]}]},{\"@type\":\"WebPage\",\"@id\":\"https:\/\/blog.zhaw.ch\/organizationalviability\/2021\/01\/21\/neue-leitung-des-mas-human-capital-management\/\",\"url\":\"https:\/\/blog.zhaw.ch\/organizationalviability\/2021\/01\/21\/neue-leitung-des-mas-human-capital-management\/\",\"name\":\"Neue Leitung des MAS Human Capital Management - Organizational Viability@ZHAW\",\"isPartOf\":{\"@id\":\"https:\/\/blog.zhaw.ch\/organizationalviability\/#website\"},\"datePublished\":\"2021-01-21T16:38:16+00:00\",\"dateModified\":\"2021-01-21T16:41:27+00:00\",\"author\":{\"@id\":\"https:\/\/blog.zhaw.ch\/organizationalviability\/#\/schema\/person\/ab749b4b4445d76b5d575582a85edd09\"},\"breadcrumb\":{\"@id\":\"https:\/\/blog.zhaw.ch\/organizationalviability\/2021\/01\/21\/neue-leitung-des-mas-human-capital-management\/#breadcrumb\"},\"inLanguage\":\"de\",\"potentialAction\":[{\"@type\":\"ReadAction\",\"target\":[\"https:\/\/blog.zhaw.ch\/organizationalviability\/2021\/01\/21\/neue-leitung-des-mas-human-capital-management\/\"]}]},{\"@type\":\"BreadcrumbList\",\"@id\":\"https:\/\/blog.zhaw.ch\/organizationalviability\/2021\/01\/21\/neue-leitung-des-mas-human-capital-management\/#breadcrumb\",\"itemListElement\":[{\"@type\":\"ListItem\",\"position\":1,\"name\":\"Startseite\",\"item\":\"https:\/\/blog.zhaw.ch\/organizationalviability\/\"},{\"@type\":\"ListItem\",\"position\":2,\"name\":\"Neue Leitung des MAS Human Capital Management\"}]},{\"@type\":\"WebSite\",\"@id\":\"https:\/\/blog.zhaw.ch\/organizationalviability\/#website\",\"url\":\"https:\/\/blog.zhaw.ch\/organizationalviability\/\",\"name\":\"Organizational Viability@ZHAW\",\"description\":\"Ein Blog der ZHAW Z\u00fcrcher Hochschule f\u00fcr Angewandte Wissenschaften\",\"potentialAction\":[{\"@type\":\"SearchAction\",\"target\":{\"@type\":\"EntryPoint\",\"urlTemplate\":\"https:\/\/blog.zhaw.ch\/organizationalviability\/?s={search_term_string}\"},\"query-input\":{\"@type\":\"PropertyValueSpecification\",\"valueRequired\":true,\"valueName\":\"search_term_string\"}}],\"inLanguage\":\"de\"},{\"@type\":\"Person\",\"@id\":\"https:\/\/blog.zhaw.ch\/organizationalviability\/#\/schema\/person\/ab749b4b4445d76b5d575582a85edd09\",\"name\":\"Human Capital @ZHAW\",\"image\":{\"@type\":\"ImageObject\",\"inLanguage\":\"de\",\"@id\":\"https:\/\/secure.gravatar.com\/avatar\/962a55a322346eca1f7c408809b34bc1e8026dee60e88b12837d99f12f985edb?s=96&d=mm&r=g\",\"url\":\"https:\/\/secure.gravatar.com\/avatar\/962a55a322346eca1f7c408809b34bc1e8026dee60e88b12837d99f12f985edb?s=96&d=mm&r=g\",\"contentUrl\":\"https:\/\/secure.gravatar.com\/avatar\/962a55a322346eca1f7c408809b34bc1e8026dee60e88b12837d99f12f985edb?s=96&d=mm&r=g\",\"caption\":\"Human Capital @ZHAW\"},\"url\":\"https:\/\/blog.zhaw.ch\/organizationalviability\/author\/bisa\/\"}]}<\/script>\n<!-- \/ Yoast SEO Premium plugin. -->","yoast_head_json":{"title":"Neue Leitung des MAS Human Capital Management - Organizational Viability@ZHAW","robots":{"index":"index","follow":"follow","max-snippet":"max-snippet:-1","max-image-preview":"max-image-preview:large","max-video-preview":"max-video-preview:-1"},"canonical":"https:\/\/blog.zhaw.ch\/organizationalviability\/2021\/01\/21\/neue-leitung-des-mas-human-capital-management\/","og_locale":"de_DE","og_type":"article","og_title":"Neue Leitung des MAS Human Capital Management","og_description":"Per 1. Februar 2021 wird Prof. Dr. Andrea M\u00fcller die MAS-Studiengangleitung an Dr. Marius Gerber weitergeben. Marius Gerber leitet seit Mai 2020 die Fachstelle Human Capital am Zentrum f\u00fcr Unternehmensentwicklung. Andrea M\u00fcller bleibt Dozentin und Projektleiterin an der SML. Elias Jehle wird das MAS-Programm-Management an Anahita Afsharian \u00fcbergeben und sich auf seine Dissertation im Bereich [&hellip;]","og_url":"https:\/\/blog.zhaw.ch\/organizationalviability\/2021\/01\/21\/neue-leitung-des-mas-human-capital-management\/","og_site_name":"Organizational Viability@ZHAW","article_published_time":"2021-01-21T16:38:16+00:00","article_modified_time":"2021-01-21T16:41:27+00:00","author":"Human Capital @ZHAW","twitter_card":"summary_large_image","twitter_misc":{"Verfasst von":"Human Capital @ZHAW","Gesch\u00e4tzte Lesezeit":"1\u00a0Minute"},"schema":{"@context":"https:\/\/schema.org","@graph":[{"@type":"Article","@id":"https:\/\/blog.zhaw.ch\/organizationalviability\/2021\/01\/21\/neue-leitung-des-mas-human-capital-management\/#article","isPartOf":{"@id":"https:\/\/blog.zhaw.ch\/organizationalviability\/2021\/01\/21\/neue-leitung-des-mas-human-capital-management\/"},"author":{"name":"Human Capital @ZHAW","@id":"https:\/\/blog.zhaw.ch\/organizationalviability\/#\/schema\/person\/ab749b4b4445d76b5d575582a85edd09"},"headline":"Neue Leitung des MAS Human Capital Management","datePublished":"2021-01-21T16:38:16+00:00","dateModified":"2021-01-21T16:41:27+00:00","mainEntityOfPage":{"@id":"https:\/\/blog.zhaw.ch\/organizationalviability\/2021\/01\/21\/neue-leitung-des-mas-human-capital-management\/"},"wordCount":128,"commentCount":1,"inLanguage":"de","potentialAction":[{"@type":"CommentAction","name":"Comment","target":["https:\/\/blog.zhaw.ch\/organizationalviability\/2021\/01\/21\/neue-leitung-des-mas-human-capital-management\/#respond"]}]},{"@type":"WebPage","@id":"https:\/\/blog.zhaw.ch\/organizationalviability\/2021\/01\/21\/neue-leitung-des-mas-human-capital-management\/","url":"https:\/\/blog.zhaw.ch\/organizationalviability\/2021\/01\/21\/neue-leitung-des-mas-human-capital-management\/","name":"Neue Leitung des MAS Human Capital Management - Organizational Viability@ZHAW","isPartOf":{"@id":"https:\/\/blog.zhaw.ch\/organizationalviability\/#website"},"datePublished":"2021-01-21T16:38:16+00:00","dateModified":"2021-01-21T16:41:27+00:00","author":{"@id":"https:\/\/blog.zhaw.ch\/organizationalviability\/#\/schema\/person\/ab749b4b4445d76b5d575582a85edd09"},"breadcrumb":{"@id":"https:\/\/blog.zhaw.ch\/organizationalviability\/2021\/01\/21\/neue-leitung-des-mas-human-capital-management\/#breadcrumb"},"inLanguage":"de","potentialAction":[{"@type":"ReadAction","target":["https:\/\/blog.zhaw.ch\/organizationalviability\/2021\/01\/21\/neue-leitung-des-mas-human-capital-management\/"]}]},{"@type":"BreadcrumbList","@id":"https:\/\/blog.zhaw.ch\/organizationalviability\/2021\/01\/21\/neue-leitung-des-mas-human-capital-management\/#breadcrumb","itemListElement":[{"@type":"ListItem","position":1,"name":"Startseite","item":"https:\/\/blog.zhaw.ch\/organizationalviability\/"},{"@type":"ListItem","position":2,"name":"Neue Leitung des MAS Human Capital Management"}]},{"@type":"WebSite","@id":"https:\/\/blog.zhaw.ch\/organizationalviability\/#website","url":"https:\/\/blog.zhaw.ch\/organizationalviability\/","name":"Organizational Viability@ZHAW","description":"Ein Blog der ZHAW Z\u00fcrcher Hochschule f\u00fcr Angewandte Wissenschaften","potentialAction":[{"@type":"SearchAction","target":{"@type":"EntryPoint","urlTemplate":"https:\/\/blog.zhaw.ch\/organizationalviability\/?s={search_term_string}"},"query-input":{"@type":"PropertyValueSpecification","valueRequired":true,"valueName":"search_term_string"}}],"inLanguage":"de"},{"@type":"Person","@id":"https:\/\/blog.zhaw.ch\/organizationalviability\/#\/schema\/person\/ab749b4b4445d76b5d575582a85edd09","name":"Human Capital @ZHAW","image":{"@type":"ImageObject","inLanguage":"de","@id":"https:\/\/secure.gravatar.com\/avatar\/962a55a322346eca1f7c408809b34bc1e8026dee60e88b12837d99f12f985edb?s=96&d=mm&r=g","url":"https:\/\/secure.gravatar.com\/avatar\/962a55a322346eca1f7c408809b34bc1e8026dee60e88b12837d99f12f985edb?s=96&d=mm&r=g","contentUrl":"https:\/\/secure.gravatar.com\/avatar\/962a55a322346eca1f7c408809b34bc1e8026dee60e88b12837d99f12f985edb?s=96&d=mm&r=g","caption":"Human Capital @ZHAW"},"url":"https:\/\/blog.zhaw.ch\/organizationalviability\/author\/bisa\/"}]}},"_links":{"self":[{"href":"https:\/\/blog.zhaw.ch\/organizationalviability\/wp-json\/wp\/v2\/posts\/2696","targetHints":{"allow":["GET"]}}],"collection":[{"href":"https:\/\/blog.zhaw.ch\/organizationalviability\/wp-json\/wp\/v2\/posts"}],"about":[{"href":"https:\/\/blog.zhaw.ch\/organizationalviability\/wp-json\/wp\/v2\/types\/post"}],"author":[{"embeddable":true,"href":"https:\/\/blog.zhaw.ch\/organizationalviability\/wp-json\/wp\/v2\/users\/229"}],"replies":[{"embeddable":true,"href":"https:\/\/blog.zhaw.ch\/organizationalviability\/wp-json\/wp\/v2\/comments?post=2696"}],"version-history":[{"count":2,"href":"https:\/\/blog.zhaw.ch\/organizationalviability\/wp-json\/wp\/v2\/posts\/2696\/revisions"}],"predecessor-version":[{"id":2698,"href":"https:\/\/blog.zhaw.ch\/organizationalviability\/wp-json\/wp\/v2\/posts\/2696\/revisions\/2698"}],"wp:attachment":[{"href":"https:\/\/blog.zhaw.ch\/organizationalviability\/wp-json\/wp\/v2\/media?parent=2696"}],"wp:term":[{"taxonomy":"category","embeddable":true,"href":"https:\/\/blog.zhaw.ch\/organizationalviability\/wp-json\/wp\/v2\/categories?post=2696"},{"taxonomy":"post_tag","embeddable":true,"href":"https:\/\/blog.zhaw.ch\/organizationalviability\/wp-json\/wp\/v2\/tags?post=2696"},{"taxonomy":"features","embeddable":true,"href":"https:\/\/blog.zhaw.ch\/organizationalviability\/wp-json\/wp\/v2\/features?post=2696"}],"curies":[{"name":"wp","href":"https:\/\/api.w.org\/{rel}","templated":true}]}}