{"id":237,"date":"2016-02-08T08:41:04","date_gmt":"2016-02-08T07:41:04","guid":{"rendered":"https:\/\/blog.zhaw.ch\/humancapital\/?p=237"},"modified":"2016-05-18T10:34:17","modified_gmt":"2016-05-18T08:34:17","slug":"weiterarbeit-nur-dank-berufslebenslanger-kompetenzerhaltung","status":"publish","type":"post","link":"https:\/\/blog.zhaw.ch\/organizationalviability\/2016\/02\/08\/weiterarbeit-nur-dank-berufslebenslanger-kompetenzerhaltung\/","title":{"rendered":"Weiterarbeit nur dank berufs- lebenslanger Kompetenzerhaltung"},"content":{"rendered":"<p style=\"text-align: justify\">Es gibt in der Schweiz \u00e4ltere Mitarbeiter, die \u00fcber Jahre hinweg in denselben Funktionen arbeiten und aufgrund von veralteten Kompetenzen \u201ealt\u201c sind. Viele Unternehmen sind in den letzten Jahren mit neuen Produkt- und Technologiegenerationen und damit mit ver\u00e4nderten Dienstleistungen konfrontiert worden, Stichwort \u201eindustrielle Revolution 4.0\u201c.\u00a0 Bei der Zuordnung der Besch\u00e4ftigungsfelder zur Altersgruppe zeigt sich, dass sich \u00e4ltere Mitarbeiter oft um auslaufende Produktelinien k\u00fcmmern \u2013 meist in der Hoffnung, dass diese noch bis zum Pensionsalter bestehen bleiben.<\/p>\n<p style=\"text-align: justify\">In den <a href=\"http:\/\/www.tagesanzeiger.ch\/wirtschaft\/in-den-ruhestand-lieber-noch-nicht\/story\/23200038\">Medien <\/a>wird immer wieder erw\u00e4hnt, dass die \u00e4lteren Mitarbeiter als Ressource gelten, die es zu nutzen gilt und politisch wird schon seit l\u00e4ngerem das Heraufsetzen des Rentenalters als L\u00f6sung zur Sicherung der Sozialwerke angesehen. Es gibt aber hier noch sehr viele Diskrepanzen in der Welt der Direktbetroffenen, an denen es zu arbeiten gilt. Insbesondere an der berufslebenslangen Kompetenzerhaltung!<\/p>\n<p style=\"text-align: justify\"><a href=\"https:\/\/www.zhaw.ch\/de\/ueber-uns\/person\/sidr\/\">Dr. Claudia Sidler-Brand<\/a><\/p>\n<div class=\"pt-sm\">Schlagw\u00f6rter: <a href=\"https:\/\/blog.zhaw.ch\/organizationalviability\/tag\/alter\/\">Alter<\/a>, <a href=\"https:\/\/blog.zhaw.ch\/organizationalviability\/tag\/aeltere-mitarbeiter\/\">\u00e4ltere Mitarbeiter<\/a>, <a href=\"https:\/\/blog.zhaw.ch\/organizationalviability\/tag\/dienstalter\/\">Dienstalter<\/a>, <a href=\"https:\/\/blog.zhaw.ch\/organizationalviability\/tag\/fachkraeftemangel\/\">Fachkr\u00e4ftemangel<\/a>, <a href=\"https:\/\/blog.zhaw.ch\/organizationalviability\/tag\/kompetenzerhalt\/\">Kompetenzerhalt<\/a><br><\/div>","protected":false},"excerpt":{"rendered":"<p>Es gibt in der Schweiz \u00e4ltere Mitarbeiter, die \u00fcber Jahre hinweg in denselben Funktionen arbeiten und aufgrund von veralteten Kompetenzen \u201ealt\u201c sind. Viele Unternehmen sind in den letzten Jahren mit neuen Produkt- und Technologiegenerationen und damit mit ver\u00e4nderten Dienstleistungen konfrontiert worden, Stichwort \u201eindustrielle Revolution 4.0\u201c.\u00a0 Bei der Zuordnung der Besch\u00e4ftigungsfelder zur Altersgruppe zeigt sich, dass [&hellip;]<\/p>\n","protected":false},"author":229,"featured_media":241,"comment_status":"open","ping_status":"open","sticky":false,"template":"","format":"standard","meta":{"ngg_post_thumbnail":0,"footnotes":""},"categories":[1,53],"tags":[50,52,54,32,55],"features":[],"class_list":["post-237","post","type-post","status-publish","format-standard","has-post-thumbnail","hentry","category-allgemein","category-fachkraeftemangel-alter","tag-alter","tag-aeltere-mitarbeiter","tag-dienstalter","tag-fachkraeftemangel","tag-kompetenzerhalt"],"yoast_head":"<!-- This site is optimized with the Yoast SEO Premium plugin v27.2 (Yoast SEO v27.2) - https:\/\/yoast.com\/product\/yoast-seo-premium-wordpress\/ -->\n<title>Weiterarbeit nur dank berufs- lebenslanger Kompetenzerhaltung - Organizational Viability@ZHAW<\/title>\n<meta name=\"robots\" content=\"index, follow, max-snippet:-1, max-image-preview:large, max-video-preview:-1\" \/>\n<link rel=\"canonical\" href=\"https:\/\/blog.zhaw.ch\/organizationalviability\/2016\/02\/08\/weiterarbeit-nur-dank-berufslebenslanger-kompetenzerhaltung\/\" \/>\n<meta property=\"og:locale\" content=\"de_DE\" \/>\n<meta property=\"og:type\" content=\"article\" \/>\n<meta property=\"og:title\" content=\"Weiterarbeit nur dank berufs- lebenslanger Kompetenzerhaltung\" \/>\n<meta property=\"og:description\" content=\"Es gibt in der Schweiz \u00e4ltere Mitarbeiter, die \u00fcber Jahre hinweg in denselben Funktionen arbeiten und aufgrund von veralteten Kompetenzen \u201ealt\u201c sind. Viele Unternehmen sind in den letzten Jahren mit neuen Produkt- und Technologiegenerationen und damit mit ver\u00e4nderten Dienstleistungen konfrontiert worden, Stichwort \u201eindustrielle Revolution 4.0\u201c.\u00a0 Bei der Zuordnung der Besch\u00e4ftigungsfelder zur Altersgruppe zeigt sich, dass [&hellip;]\" \/>\n<meta property=\"og:url\" content=\"https:\/\/blog.zhaw.ch\/organizationalviability\/2016\/02\/08\/weiterarbeit-nur-dank-berufslebenslanger-kompetenzerhaltung\/\" \/>\n<meta property=\"og:site_name\" content=\"Organizational Viability@ZHAW\" \/>\n<meta property=\"article:published_time\" content=\"2016-02-08T07:41:04+00:00\" \/>\n<meta property=\"article:modified_time\" content=\"2016-05-18T08:34:17+00:00\" \/>\n<meta property=\"og:image\" content=\"https:\/\/blog.zhaw.ch\/organizationalviability\/files\/2016\/02\/08022016_fachkr\u00e4ftemangel.jpg\" \/>\n\t<meta property=\"og:image:width\" content=\"480\" \/>\n\t<meta property=\"og:image:height\" content=\"343\" \/>\n\t<meta property=\"og:image:type\" content=\"image\/jpeg\" \/>\n<meta name=\"author\" content=\"Human Capital @ZHAW\" \/>\n<meta name=\"twitter:card\" content=\"summary_large_image\" \/>\n<meta name=\"twitter:label1\" content=\"Verfasst von\" \/>\n\t<meta name=\"twitter:data1\" content=\"Human Capital @ZHAW\" \/>\n\t<meta name=\"twitter:label2\" content=\"Gesch\u00e4tzte Lesezeit\" \/>\n\t<meta name=\"twitter:data2\" content=\"1\u00a0Minute\" \/>\n<script type=\"application\/ld+json\" class=\"yoast-schema-graph\">{\"@context\":\"https:\/\/schema.org\",\"@graph\":[{\"@type\":\"Article\",\"@id\":\"https:\/\/blog.zhaw.ch\/organizationalviability\/2016\/02\/08\/weiterarbeit-nur-dank-berufslebenslanger-kompetenzerhaltung\/#article\",\"isPartOf\":{\"@id\":\"https:\/\/blog.zhaw.ch\/organizationalviability\/2016\/02\/08\/weiterarbeit-nur-dank-berufslebenslanger-kompetenzerhaltung\/\"},\"author\":{\"name\":\"Human Capital @ZHAW\",\"@id\":\"https:\/\/blog.zhaw.ch\/organizationalviability\/#\/schema\/person\/ab749b4b4445d76b5d575582a85edd09\"},\"headline\":\"Weiterarbeit nur dank berufs- lebenslanger Kompetenzerhaltung\",\"datePublished\":\"2016-02-08T07:41:04+00:00\",\"dateModified\":\"2016-05-18T08:34:17+00:00\",\"mainEntityOfPage\":{\"@id\":\"https:\/\/blog.zhaw.ch\/organizationalviability\/2016\/02\/08\/weiterarbeit-nur-dank-berufslebenslanger-kompetenzerhaltung\/\"},\"wordCount\":149,\"commentCount\":0,\"image\":{\"@id\":\"https:\/\/blog.zhaw.ch\/organizationalviability\/2016\/02\/08\/weiterarbeit-nur-dank-berufslebenslanger-kompetenzerhaltung\/#primaryimage\"},\"thumbnailUrl\":\"https:\/\/blog.zhaw.ch\/organizationalviability\/files\/2016\/02\/08022016_fachkr\u00e4ftemangel.jpg\",\"keywords\":[\"Alter\",\"\u00e4ltere Mitarbeiter\",\"Dienstalter\",\"Fachkr\u00e4ftemangel\",\"Kompetenzerhalt\"],\"articleSection\":{\"1\":\"Fachkr\u00e4ftemangel &amp; Alter\"},\"inLanguage\":\"de\",\"potentialAction\":[{\"@type\":\"CommentAction\",\"name\":\"Comment\",\"target\":[\"https:\/\/blog.zhaw.ch\/organizationalviability\/2016\/02\/08\/weiterarbeit-nur-dank-berufslebenslanger-kompetenzerhaltung\/#respond\"]}]},{\"@type\":\"WebPage\",\"@id\":\"https:\/\/blog.zhaw.ch\/organizationalviability\/2016\/02\/08\/weiterarbeit-nur-dank-berufslebenslanger-kompetenzerhaltung\/\",\"url\":\"https:\/\/blog.zhaw.ch\/organizationalviability\/2016\/02\/08\/weiterarbeit-nur-dank-berufslebenslanger-kompetenzerhaltung\/\",\"name\":\"Weiterarbeit nur dank berufs- lebenslanger Kompetenzerhaltung - Organizational Viability@ZHAW\",\"isPartOf\":{\"@id\":\"https:\/\/blog.zhaw.ch\/organizationalviability\/#website\"},\"primaryImageOfPage\":{\"@id\":\"https:\/\/blog.zhaw.ch\/organizationalviability\/2016\/02\/08\/weiterarbeit-nur-dank-berufslebenslanger-kompetenzerhaltung\/#primaryimage\"},\"image\":{\"@id\":\"https:\/\/blog.zhaw.ch\/organizationalviability\/2016\/02\/08\/weiterarbeit-nur-dank-berufslebenslanger-kompetenzerhaltung\/#primaryimage\"},\"thumbnailUrl\":\"https:\/\/blog.zhaw.ch\/organizationalviability\/files\/2016\/02\/08022016_fachkr\u00e4ftemangel.jpg\",\"datePublished\":\"2016-02-08T07:41:04+00:00\",\"dateModified\":\"2016-05-18T08:34:17+00:00\",\"author\":{\"@id\":\"https:\/\/blog.zhaw.ch\/organizationalviability\/#\/schema\/person\/ab749b4b4445d76b5d575582a85edd09\"},\"breadcrumb\":{\"@id\":\"https:\/\/blog.zhaw.ch\/organizationalviability\/2016\/02\/08\/weiterarbeit-nur-dank-berufslebenslanger-kompetenzerhaltung\/#breadcrumb\"},\"inLanguage\":\"de\",\"potentialAction\":[{\"@type\":\"ReadAction\",\"target\":[\"https:\/\/blog.zhaw.ch\/organizationalviability\/2016\/02\/08\/weiterarbeit-nur-dank-berufslebenslanger-kompetenzerhaltung\/\"]}]},{\"@type\":\"ImageObject\",\"inLanguage\":\"de\",\"@id\":\"https:\/\/blog.zhaw.ch\/organizationalviability\/2016\/02\/08\/weiterarbeit-nur-dank-berufslebenslanger-kompetenzerhaltung\/#primaryimage\",\"url\":\"https:\/\/blog.zhaw.ch\/organizationalviability\/files\/2016\/02\/08022016_fachkr\u00e4ftemangel.jpg\",\"contentUrl\":\"https:\/\/blog.zhaw.ch\/organizationalviability\/files\/2016\/02\/08022016_fachkr\u00e4ftemangel.jpg\",\"width\":480,\"height\":343},{\"@type\":\"BreadcrumbList\",\"@id\":\"https:\/\/blog.zhaw.ch\/organizationalviability\/2016\/02\/08\/weiterarbeit-nur-dank-berufslebenslanger-kompetenzerhaltung\/#breadcrumb\",\"itemListElement\":[{\"@type\":\"ListItem\",\"position\":1,\"name\":\"Startseite\",\"item\":\"https:\/\/blog.zhaw.ch\/organizationalviability\/\"},{\"@type\":\"ListItem\",\"position\":2,\"name\":\"Weiterarbeit nur dank berufs- lebenslanger Kompetenzerhaltung\"}]},{\"@type\":\"WebSite\",\"@id\":\"https:\/\/blog.zhaw.ch\/organizationalviability\/#website\",\"url\":\"https:\/\/blog.zhaw.ch\/organizationalviability\/\",\"name\":\"Organizational Viability@ZHAW\",\"description\":\"Ein Blog der ZHAW Z\u00fcrcher Hochschule f\u00fcr Angewandte Wissenschaften\",\"potentialAction\":[{\"@type\":\"SearchAction\",\"target\":{\"@type\":\"EntryPoint\",\"urlTemplate\":\"https:\/\/blog.zhaw.ch\/organizationalviability\/?s={search_term_string}\"},\"query-input\":{\"@type\":\"PropertyValueSpecification\",\"valueRequired\":true,\"valueName\":\"search_term_string\"}}],\"inLanguage\":\"de\"},{\"@type\":\"Person\",\"@id\":\"https:\/\/blog.zhaw.ch\/organizationalviability\/#\/schema\/person\/ab749b4b4445d76b5d575582a85edd09\",\"name\":\"Human Capital @ZHAW\",\"image\":{\"@type\":\"ImageObject\",\"inLanguage\":\"de\",\"@id\":\"https:\/\/secure.gravatar.com\/avatar\/962a55a322346eca1f7c408809b34bc1e8026dee60e88b12837d99f12f985edb?s=96&d=mm&r=g\",\"url\":\"https:\/\/secure.gravatar.com\/avatar\/962a55a322346eca1f7c408809b34bc1e8026dee60e88b12837d99f12f985edb?s=96&d=mm&r=g\",\"contentUrl\":\"https:\/\/secure.gravatar.com\/avatar\/962a55a322346eca1f7c408809b34bc1e8026dee60e88b12837d99f12f985edb?s=96&d=mm&r=g\",\"caption\":\"Human Capital @ZHAW\"},\"url\":\"https:\/\/blog.zhaw.ch\/organizationalviability\/author\/bisa\/\"}]}<\/script>\n<!-- \/ Yoast SEO Premium plugin. -->","yoast_head_json":{"title":"Weiterarbeit nur dank berufs- lebenslanger Kompetenzerhaltung - Organizational Viability@ZHAW","robots":{"index":"index","follow":"follow","max-snippet":"max-snippet:-1","max-image-preview":"max-image-preview:large","max-video-preview":"max-video-preview:-1"},"canonical":"https:\/\/blog.zhaw.ch\/organizationalviability\/2016\/02\/08\/weiterarbeit-nur-dank-berufslebenslanger-kompetenzerhaltung\/","og_locale":"de_DE","og_type":"article","og_title":"Weiterarbeit nur dank berufs- lebenslanger Kompetenzerhaltung","og_description":"Es gibt in der Schweiz \u00e4ltere Mitarbeiter, die \u00fcber Jahre hinweg in denselben Funktionen arbeiten und aufgrund von veralteten Kompetenzen \u201ealt\u201c sind. Viele Unternehmen sind in den letzten Jahren mit neuen Produkt- und Technologiegenerationen und damit mit ver\u00e4nderten Dienstleistungen konfrontiert worden, Stichwort \u201eindustrielle Revolution 4.0\u201c.\u00a0 Bei der Zuordnung der Besch\u00e4ftigungsfelder zur Altersgruppe zeigt sich, dass [&hellip;]","og_url":"https:\/\/blog.zhaw.ch\/organizationalviability\/2016\/02\/08\/weiterarbeit-nur-dank-berufslebenslanger-kompetenzerhaltung\/","og_site_name":"Organizational Viability@ZHAW","article_published_time":"2016-02-08T07:41:04+00:00","article_modified_time":"2016-05-18T08:34:17+00:00","og_image":[{"width":480,"height":343,"url":"https:\/\/blog.zhaw.ch\/organizationalviability\/files\/2016\/02\/08022016_fachkr\u00e4ftemangel.jpg","type":"image\/jpeg"}],"author":"Human Capital @ZHAW","twitter_card":"summary_large_image","twitter_misc":{"Verfasst von":"Human Capital @ZHAW","Gesch\u00e4tzte Lesezeit":"1\u00a0Minute"},"schema":{"@context":"https:\/\/schema.org","@graph":[{"@type":"Article","@id":"https:\/\/blog.zhaw.ch\/organizationalviability\/2016\/02\/08\/weiterarbeit-nur-dank-berufslebenslanger-kompetenzerhaltung\/#article","isPartOf":{"@id":"https:\/\/blog.zhaw.ch\/organizationalviability\/2016\/02\/08\/weiterarbeit-nur-dank-berufslebenslanger-kompetenzerhaltung\/"},"author":{"name":"Human Capital @ZHAW","@id":"https:\/\/blog.zhaw.ch\/organizationalviability\/#\/schema\/person\/ab749b4b4445d76b5d575582a85edd09"},"headline":"Weiterarbeit nur dank berufs- lebenslanger Kompetenzerhaltung","datePublished":"2016-02-08T07:41:04+00:00","dateModified":"2016-05-18T08:34:17+00:00","mainEntityOfPage":{"@id":"https:\/\/blog.zhaw.ch\/organizationalviability\/2016\/02\/08\/weiterarbeit-nur-dank-berufslebenslanger-kompetenzerhaltung\/"},"wordCount":149,"commentCount":0,"image":{"@id":"https:\/\/blog.zhaw.ch\/organizationalviability\/2016\/02\/08\/weiterarbeit-nur-dank-berufslebenslanger-kompetenzerhaltung\/#primaryimage"},"thumbnailUrl":"https:\/\/blog.zhaw.ch\/organizationalviability\/files\/2016\/02\/08022016_fachkr\u00e4ftemangel.jpg","keywords":["Alter","\u00e4ltere Mitarbeiter","Dienstalter","Fachkr\u00e4ftemangel","Kompetenzerhalt"],"articleSection":{"1":"Fachkr\u00e4ftemangel &amp; Alter"},"inLanguage":"de","potentialAction":[{"@type":"CommentAction","name":"Comment","target":["https:\/\/blog.zhaw.ch\/organizationalviability\/2016\/02\/08\/weiterarbeit-nur-dank-berufslebenslanger-kompetenzerhaltung\/#respond"]}]},{"@type":"WebPage","@id":"https:\/\/blog.zhaw.ch\/organizationalviability\/2016\/02\/08\/weiterarbeit-nur-dank-berufslebenslanger-kompetenzerhaltung\/","url":"https:\/\/blog.zhaw.ch\/organizationalviability\/2016\/02\/08\/weiterarbeit-nur-dank-berufslebenslanger-kompetenzerhaltung\/","name":"Weiterarbeit nur dank berufs- lebenslanger Kompetenzerhaltung - Organizational Viability@ZHAW","isPartOf":{"@id":"https:\/\/blog.zhaw.ch\/organizationalviability\/#website"},"primaryImageOfPage":{"@id":"https:\/\/blog.zhaw.ch\/organizationalviability\/2016\/02\/08\/weiterarbeit-nur-dank-berufslebenslanger-kompetenzerhaltung\/#primaryimage"},"image":{"@id":"https:\/\/blog.zhaw.ch\/organizationalviability\/2016\/02\/08\/weiterarbeit-nur-dank-berufslebenslanger-kompetenzerhaltung\/#primaryimage"},"thumbnailUrl":"https:\/\/blog.zhaw.ch\/organizationalviability\/files\/2016\/02\/08022016_fachkr\u00e4ftemangel.jpg","datePublished":"2016-02-08T07:41:04+00:00","dateModified":"2016-05-18T08:34:17+00:00","author":{"@id":"https:\/\/blog.zhaw.ch\/organizationalviability\/#\/schema\/person\/ab749b4b4445d76b5d575582a85edd09"},"breadcrumb":{"@id":"https:\/\/blog.zhaw.ch\/organizationalviability\/2016\/02\/08\/weiterarbeit-nur-dank-berufslebenslanger-kompetenzerhaltung\/#breadcrumb"},"inLanguage":"de","potentialAction":[{"@type":"ReadAction","target":["https:\/\/blog.zhaw.ch\/organizationalviability\/2016\/02\/08\/weiterarbeit-nur-dank-berufslebenslanger-kompetenzerhaltung\/"]}]},{"@type":"ImageObject","inLanguage":"de","@id":"https:\/\/blog.zhaw.ch\/organizationalviability\/2016\/02\/08\/weiterarbeit-nur-dank-berufslebenslanger-kompetenzerhaltung\/#primaryimage","url":"https:\/\/blog.zhaw.ch\/organizationalviability\/files\/2016\/02\/08022016_fachkr\u00e4ftemangel.jpg","contentUrl":"https:\/\/blog.zhaw.ch\/organizationalviability\/files\/2016\/02\/08022016_fachkr\u00e4ftemangel.jpg","width":480,"height":343},{"@type":"BreadcrumbList","@id":"https:\/\/blog.zhaw.ch\/organizationalviability\/2016\/02\/08\/weiterarbeit-nur-dank-berufslebenslanger-kompetenzerhaltung\/#breadcrumb","itemListElement":[{"@type":"ListItem","position":1,"name":"Startseite","item":"https:\/\/blog.zhaw.ch\/organizationalviability\/"},{"@type":"ListItem","position":2,"name":"Weiterarbeit nur dank berufs- lebenslanger Kompetenzerhaltung"}]},{"@type":"WebSite","@id":"https:\/\/blog.zhaw.ch\/organizationalviability\/#website","url":"https:\/\/blog.zhaw.ch\/organizationalviability\/","name":"Organizational Viability@ZHAW","description":"Ein Blog der ZHAW Z\u00fcrcher Hochschule f\u00fcr Angewandte Wissenschaften","potentialAction":[{"@type":"SearchAction","target":{"@type":"EntryPoint","urlTemplate":"https:\/\/blog.zhaw.ch\/organizationalviability\/?s={search_term_string}"},"query-input":{"@type":"PropertyValueSpecification","valueRequired":true,"valueName":"search_term_string"}}],"inLanguage":"de"},{"@type":"Person","@id":"https:\/\/blog.zhaw.ch\/organizationalviability\/#\/schema\/person\/ab749b4b4445d76b5d575582a85edd09","name":"Human Capital @ZHAW","image":{"@type":"ImageObject","inLanguage":"de","@id":"https:\/\/secure.gravatar.com\/avatar\/962a55a322346eca1f7c408809b34bc1e8026dee60e88b12837d99f12f985edb?s=96&d=mm&r=g","url":"https:\/\/secure.gravatar.com\/avatar\/962a55a322346eca1f7c408809b34bc1e8026dee60e88b12837d99f12f985edb?s=96&d=mm&r=g","contentUrl":"https:\/\/secure.gravatar.com\/avatar\/962a55a322346eca1f7c408809b34bc1e8026dee60e88b12837d99f12f985edb?s=96&d=mm&r=g","caption":"Human Capital @ZHAW"},"url":"https:\/\/blog.zhaw.ch\/organizationalviability\/author\/bisa\/"}]}},"_links":{"self":[{"href":"https:\/\/blog.zhaw.ch\/organizationalviability\/wp-json\/wp\/v2\/posts\/237","targetHints":{"allow":["GET"]}}],"collection":[{"href":"https:\/\/blog.zhaw.ch\/organizationalviability\/wp-json\/wp\/v2\/posts"}],"about":[{"href":"https:\/\/blog.zhaw.ch\/organizationalviability\/wp-json\/wp\/v2\/types\/post"}],"author":[{"embeddable":true,"href":"https:\/\/blog.zhaw.ch\/organizationalviability\/wp-json\/wp\/v2\/users\/229"}],"replies":[{"embeddable":true,"href":"https:\/\/blog.zhaw.ch\/organizationalviability\/wp-json\/wp\/v2\/comments?post=237"}],"version-history":[{"count":6,"href":"https:\/\/blog.zhaw.ch\/organizationalviability\/wp-json\/wp\/v2\/posts\/237\/revisions"}],"predecessor-version":[{"id":691,"href":"https:\/\/blog.zhaw.ch\/organizationalviability\/wp-json\/wp\/v2\/posts\/237\/revisions\/691"}],"wp:featuredmedia":[{"embeddable":true,"href":"https:\/\/blog.zhaw.ch\/organizationalviability\/wp-json\/wp\/v2\/media\/241"}],"wp:attachment":[{"href":"https:\/\/blog.zhaw.ch\/organizationalviability\/wp-json\/wp\/v2\/media?parent=237"}],"wp:term":[{"taxonomy":"category","embeddable":true,"href":"https:\/\/blog.zhaw.ch\/organizationalviability\/wp-json\/wp\/v2\/categories?post=237"},{"taxonomy":"post_tag","embeddable":true,"href":"https:\/\/blog.zhaw.ch\/organizationalviability\/wp-json\/wp\/v2\/tags?post=237"},{"taxonomy":"features","embeddable":true,"href":"https:\/\/blog.zhaw.ch\/organizationalviability\/wp-json\/wp\/v2\/features?post=237"}],"curies":[{"name":"wp","href":"https:\/\/api.w.org\/{rel}","templated":true}]}}