{"id":2171,"date":"2018-10-10T14:24:30","date_gmt":"2018-10-10T12:24:30","guid":{"rendered":"https:\/\/blog.zhaw.ch\/humancapital\/?p=2171"},"modified":"2018-10-24T14:28:52","modified_gmt":"2018-10-24T12:28:52","slug":"responsible-leadership-den-ethischen-gehoert-die-welt","status":"publish","type":"post","link":"https:\/\/blog.zhaw.ch\/organizationalviability\/2018\/10\/10\/responsible-leadership-den-ethischen-gehoert-die-welt\/","title":{"rendered":"Responsible Leadership: Den Ethischen geh\u00f6rt die Welt!"},"content":{"rendered":"<p>In einem Beitrag f\u00fcr das WEKA E-Magazin erkl\u00e4rt&nbsp;<a href=\"https:\/\/www.zhaw.ch\/en\/about-us\/person\/sumi\/\">Prof. Dr. Mathias Sch\u00fcz<\/a>, wie verantwortungsvolle F\u00fchrungspers\u00f6nlichkeiten&nbsp;neben \u00f6konomischen auch sozialen und \u00f6kologischen Nutzen stiften.&nbsp;Tugenden wie Mut, 24Achtsamkeit, Empathie und Integrit\u00e4t sind dabei besonders wichtig und Basis f\u00fcr faire Tauschverh\u00e4ltnisse mit allen Stakeholdern.&nbsp;<\/p>\n<p>Den Artikel finden Sie <a href=\"https:\/\/www.weka.ch\/themen\/fuehrung-kompetenzen\/selbstmanagement\/selbst-und-zeitmanagement\/article\/responsible-leadership-den-ethischen-gehoert-die-welt\/?utm_source=E-Magazin&amp;utm_medium=email\">hier<\/a>.&nbsp;<\/p>\n<p>&nbsp;<\/p>\n<div class=\"pt-sm\">Schlagw\u00f6rter: <a href=\"https:\/\/blog.zhaw.ch\/organizationalviability\/tag\/ethik\/\">Ethik<\/a>, <a href=\"https:\/\/blog.zhaw.ch\/organizationalviability\/tag\/responsible-leadership\/\">Responsible Leadership<\/a>, <a href=\"https:\/\/blog.zhaw.ch\/organizationalviability\/tag\/selbstreflexion\/\">Selbstreflexion<\/a>, <a href=\"https:\/\/blog.zhaw.ch\/organizationalviability\/tag\/self-leadership\/\">Self Leadership<\/a><br><\/div>","protected":false},"excerpt":{"rendered":"<p>In einem Beitrag f\u00fcr das WEKA E-Magazin erkl\u00e4rt&nbsp;Prof. Dr. Mathias Sch\u00fcz, wie verantwortungsvolle F\u00fchrungspers\u00f6nlichkeiten&nbsp;neben \u00f6konomischen auch sozialen und \u00f6kologischen Nutzen stiften.&nbsp;Tugenden wie Mut, 24Achtsamkeit, Empathie und Integrit\u00e4t sind dabei besonders wichtig und Basis f\u00fcr faire Tauschverh\u00e4ltnisse mit allen Stakeholdern.&nbsp; Den Artikel finden Sie hier.&nbsp; &nbsp; Schlagw\u00f6rter: Ethik, Responsible Leadership, Selbstreflexion, Self Leadership<\/p>\n","protected":false},"author":357,"featured_media":0,"comment_status":"open","ping_status":"open","sticky":false,"template":"","format":"standard","meta":{"ngg_post_thumbnail":0,"footnotes":""},"categories":[96,157],"tags":[91,299,171,597],"features":[],"class_list":["post-2171","post","type-post","status-publish","format-standard","hentry","category-ethik","category-leadership","tag-ethik","tag-responsible-leadership","tag-selbstreflexion","tag-self-leadership"],"yoast_head":"<!-- This site is optimized with the Yoast SEO Premium plugin v27.2 (Yoast SEO v27.2) - https:\/\/yoast.com\/product\/yoast-seo-premium-wordpress\/ -->\n<title>Responsible Leadership: Den Ethischen geh\u00f6rt die Welt! - Organizational Viability@ZHAW<\/title>\n<meta name=\"robots\" content=\"index, follow, max-snippet:-1, max-image-preview:large, max-video-preview:-1\" \/>\n<link rel=\"canonical\" href=\"https:\/\/blog.zhaw.ch\/organizationalviability\/2018\/10\/10\/responsible-leadership-den-ethischen-gehoert-die-welt\/\" \/>\n<meta property=\"og:locale\" content=\"de_DE\" \/>\n<meta property=\"og:type\" content=\"article\" \/>\n<meta property=\"og:title\" content=\"Responsible Leadership: Den Ethischen geh\u00f6rt die Welt!\" \/>\n<meta property=\"og:description\" content=\"In einem Beitrag f\u00fcr das WEKA E-Magazin erkl\u00e4rt&nbsp;Prof. Dr. Mathias Sch\u00fcz, wie verantwortungsvolle F\u00fchrungspers\u00f6nlichkeiten&nbsp;neben \u00f6konomischen auch sozialen und \u00f6kologischen Nutzen stiften.&nbsp;Tugenden wie Mut, 24Achtsamkeit, Empathie und Integrit\u00e4t sind dabei besonders wichtig und Basis f\u00fcr faire Tauschverh\u00e4ltnisse mit allen Stakeholdern.&nbsp; Den Artikel finden Sie hier.&nbsp; &nbsp; Schlagw\u00f6rter: Ethik, Responsible Leadership, Selbstreflexion, Self Leadership\" \/>\n<meta property=\"og:url\" content=\"https:\/\/blog.zhaw.ch\/organizationalviability\/2018\/10\/10\/responsible-leadership-den-ethischen-gehoert-die-welt\/\" \/>\n<meta property=\"og:site_name\" content=\"Organizational Viability@ZHAW\" \/>\n<meta property=\"article:published_time\" content=\"2018-10-10T12:24:30+00:00\" \/>\n<meta property=\"article:modified_time\" content=\"2018-10-24T12:28:52+00:00\" \/>\n<meta name=\"author\" content=\"Human Capital @ZHAW\" \/>\n<meta name=\"twitter:card\" content=\"summary_large_image\" \/>\n<meta name=\"twitter:label1\" content=\"Verfasst von\" \/>\n\t<meta name=\"twitter:data1\" content=\"Human Capital @ZHAW\" \/>\n<script type=\"application\/ld+json\" class=\"yoast-schema-graph\">{\"@context\":\"https:\/\/schema.org\",\"@graph\":[{\"@type\":\"Article\",\"@id\":\"https:\/\/blog.zhaw.ch\/organizationalviability\/2018\/10\/10\/responsible-leadership-den-ethischen-gehoert-die-welt\/#article\",\"isPartOf\":{\"@id\":\"https:\/\/blog.zhaw.ch\/organizationalviability\/2018\/10\/10\/responsible-leadership-den-ethischen-gehoert-die-welt\/\"},\"author\":{\"name\":\"Human Capital @ZHAW\",\"@id\":\"https:\/\/blog.zhaw.ch\/organizationalviability\/#\/schema\/person\/7a67498a489efdb04e277441d05af569\"},\"headline\":\"Responsible Leadership: Den Ethischen geh\u00f6rt die Welt!\",\"datePublished\":\"2018-10-10T12:24:30+00:00\",\"dateModified\":\"2018-10-24T12:28:52+00:00\",\"mainEntityOfPage\":{\"@id\":\"https:\/\/blog.zhaw.ch\/organizationalviability\/2018\/10\/10\/responsible-leadership-den-ethischen-gehoert-die-welt\/\"},\"wordCount\":69,\"commentCount\":0,\"keywords\":[\"Ethik\",\"Responsible Leadership\",\"Selbstreflexion\",\"Self Leadership\"],\"articleSection\":[\"Ethik\",\"Leadership\"],\"inLanguage\":\"de\",\"potentialAction\":[{\"@type\":\"CommentAction\",\"name\":\"Comment\",\"target\":[\"https:\/\/blog.zhaw.ch\/organizationalviability\/2018\/10\/10\/responsible-leadership-den-ethischen-gehoert-die-welt\/#respond\"]}]},{\"@type\":\"WebPage\",\"@id\":\"https:\/\/blog.zhaw.ch\/organizationalviability\/2018\/10\/10\/responsible-leadership-den-ethischen-gehoert-die-welt\/\",\"url\":\"https:\/\/blog.zhaw.ch\/organizationalviability\/2018\/10\/10\/responsible-leadership-den-ethischen-gehoert-die-welt\/\",\"name\":\"Responsible Leadership: Den Ethischen geh\u00f6rt die Welt! - Organizational Viability@ZHAW\",\"isPartOf\":{\"@id\":\"https:\/\/blog.zhaw.ch\/organizationalviability\/#website\"},\"datePublished\":\"2018-10-10T12:24:30+00:00\",\"dateModified\":\"2018-10-24T12:28:52+00:00\",\"author\":{\"@id\":\"https:\/\/blog.zhaw.ch\/organizationalviability\/#\/schema\/person\/7a67498a489efdb04e277441d05af569\"},\"breadcrumb\":{\"@id\":\"https:\/\/blog.zhaw.ch\/organizationalviability\/2018\/10\/10\/responsible-leadership-den-ethischen-gehoert-die-welt\/#breadcrumb\"},\"inLanguage\":\"de\",\"potentialAction\":[{\"@type\":\"ReadAction\",\"target\":[\"https:\/\/blog.zhaw.ch\/organizationalviability\/2018\/10\/10\/responsible-leadership-den-ethischen-gehoert-die-welt\/\"]}]},{\"@type\":\"BreadcrumbList\",\"@id\":\"https:\/\/blog.zhaw.ch\/organizationalviability\/2018\/10\/10\/responsible-leadership-den-ethischen-gehoert-die-welt\/#breadcrumb\",\"itemListElement\":[{\"@type\":\"ListItem\",\"position\":1,\"name\":\"Startseite\",\"item\":\"https:\/\/blog.zhaw.ch\/organizationalviability\/\"},{\"@type\":\"ListItem\",\"position\":2,\"name\":\"Responsible Leadership: Den Ethischen geh\u00f6rt die Welt!\"}]},{\"@type\":\"WebSite\",\"@id\":\"https:\/\/blog.zhaw.ch\/organizationalviability\/#website\",\"url\":\"https:\/\/blog.zhaw.ch\/organizationalviability\/\",\"name\":\"Organizational Viability@ZHAW\",\"description\":\"Ein Blog der ZHAW Z\u00fcrcher Hochschule f\u00fcr Angewandte Wissenschaften\",\"potentialAction\":[{\"@type\":\"SearchAction\",\"target\":{\"@type\":\"EntryPoint\",\"urlTemplate\":\"https:\/\/blog.zhaw.ch\/organizationalviability\/?s={search_term_string}\"},\"query-input\":{\"@type\":\"PropertyValueSpecification\",\"valueRequired\":true,\"valueName\":\"search_term_string\"}}],\"inLanguage\":\"de\"},{\"@type\":\"Person\",\"@id\":\"https:\/\/blog.zhaw.ch\/organizationalviability\/#\/schema\/person\/7a67498a489efdb04e277441d05af569\",\"name\":\"Human Capital @ZHAW\",\"image\":{\"@type\":\"ImageObject\",\"inLanguage\":\"de\",\"@id\":\"https:\/\/secure.gravatar.com\/avatar\/4384c13fccf645044e867563580b90e07dffb35593035fae16886b8977d9cd17?s=96&d=mm&r=g\",\"url\":\"https:\/\/secure.gravatar.com\/avatar\/4384c13fccf645044e867563580b90e07dffb35593035fae16886b8977d9cd17?s=96&d=mm&r=g\",\"contentUrl\":\"https:\/\/secure.gravatar.com\/avatar\/4384c13fccf645044e867563580b90e07dffb35593035fae16886b8977d9cd17?s=96&d=mm&r=g\",\"caption\":\"Human Capital @ZHAW\"},\"url\":\"https:\/\/blog.zhaw.ch\/organizationalviability\/author\/grbl\/\"}]}<\/script>\n<!-- \/ Yoast SEO Premium plugin. -->","yoast_head_json":{"title":"Responsible Leadership: Den Ethischen geh\u00f6rt die Welt! - Organizational Viability@ZHAW","robots":{"index":"index","follow":"follow","max-snippet":"max-snippet:-1","max-image-preview":"max-image-preview:large","max-video-preview":"max-video-preview:-1"},"canonical":"https:\/\/blog.zhaw.ch\/organizationalviability\/2018\/10\/10\/responsible-leadership-den-ethischen-gehoert-die-welt\/","og_locale":"de_DE","og_type":"article","og_title":"Responsible Leadership: Den Ethischen geh\u00f6rt die Welt!","og_description":"In einem Beitrag f\u00fcr das WEKA E-Magazin erkl\u00e4rt&nbsp;Prof. Dr. Mathias Sch\u00fcz, wie verantwortungsvolle F\u00fchrungspers\u00f6nlichkeiten&nbsp;neben \u00f6konomischen auch sozialen und \u00f6kologischen Nutzen stiften.&nbsp;Tugenden wie Mut, 24Achtsamkeit, Empathie und Integrit\u00e4t sind dabei besonders wichtig und Basis f\u00fcr faire Tauschverh\u00e4ltnisse mit allen Stakeholdern.&nbsp; Den Artikel finden Sie hier.&nbsp; &nbsp; Schlagw\u00f6rter: Ethik, Responsible Leadership, Selbstreflexion, Self Leadership","og_url":"https:\/\/blog.zhaw.ch\/organizationalviability\/2018\/10\/10\/responsible-leadership-den-ethischen-gehoert-die-welt\/","og_site_name":"Organizational Viability@ZHAW","article_published_time":"2018-10-10T12:24:30+00:00","article_modified_time":"2018-10-24T12:28:52+00:00","author":"Human Capital @ZHAW","twitter_card":"summary_large_image","twitter_misc":{"Verfasst von":"Human Capital @ZHAW"},"schema":{"@context":"https:\/\/schema.org","@graph":[{"@type":"Article","@id":"https:\/\/blog.zhaw.ch\/organizationalviability\/2018\/10\/10\/responsible-leadership-den-ethischen-gehoert-die-welt\/#article","isPartOf":{"@id":"https:\/\/blog.zhaw.ch\/organizationalviability\/2018\/10\/10\/responsible-leadership-den-ethischen-gehoert-die-welt\/"},"author":{"name":"Human Capital @ZHAW","@id":"https:\/\/blog.zhaw.ch\/organizationalviability\/#\/schema\/person\/7a67498a489efdb04e277441d05af569"},"headline":"Responsible Leadership: Den Ethischen geh\u00f6rt die Welt!","datePublished":"2018-10-10T12:24:30+00:00","dateModified":"2018-10-24T12:28:52+00:00","mainEntityOfPage":{"@id":"https:\/\/blog.zhaw.ch\/organizationalviability\/2018\/10\/10\/responsible-leadership-den-ethischen-gehoert-die-welt\/"},"wordCount":69,"commentCount":0,"keywords":["Ethik","Responsible Leadership","Selbstreflexion","Self Leadership"],"articleSection":["Ethik","Leadership"],"inLanguage":"de","potentialAction":[{"@type":"CommentAction","name":"Comment","target":["https:\/\/blog.zhaw.ch\/organizationalviability\/2018\/10\/10\/responsible-leadership-den-ethischen-gehoert-die-welt\/#respond"]}]},{"@type":"WebPage","@id":"https:\/\/blog.zhaw.ch\/organizationalviability\/2018\/10\/10\/responsible-leadership-den-ethischen-gehoert-die-welt\/","url":"https:\/\/blog.zhaw.ch\/organizationalviability\/2018\/10\/10\/responsible-leadership-den-ethischen-gehoert-die-welt\/","name":"Responsible Leadership: Den Ethischen geh\u00f6rt die Welt! - Organizational Viability@ZHAW","isPartOf":{"@id":"https:\/\/blog.zhaw.ch\/organizationalviability\/#website"},"datePublished":"2018-10-10T12:24:30+00:00","dateModified":"2018-10-24T12:28:52+00:00","author":{"@id":"https:\/\/blog.zhaw.ch\/organizationalviability\/#\/schema\/person\/7a67498a489efdb04e277441d05af569"},"breadcrumb":{"@id":"https:\/\/blog.zhaw.ch\/organizationalviability\/2018\/10\/10\/responsible-leadership-den-ethischen-gehoert-die-welt\/#breadcrumb"},"inLanguage":"de","potentialAction":[{"@type":"ReadAction","target":["https:\/\/blog.zhaw.ch\/organizationalviability\/2018\/10\/10\/responsible-leadership-den-ethischen-gehoert-die-welt\/"]}]},{"@type":"BreadcrumbList","@id":"https:\/\/blog.zhaw.ch\/organizationalviability\/2018\/10\/10\/responsible-leadership-den-ethischen-gehoert-die-welt\/#breadcrumb","itemListElement":[{"@type":"ListItem","position":1,"name":"Startseite","item":"https:\/\/blog.zhaw.ch\/organizationalviability\/"},{"@type":"ListItem","position":2,"name":"Responsible Leadership: Den Ethischen geh\u00f6rt die Welt!"}]},{"@type":"WebSite","@id":"https:\/\/blog.zhaw.ch\/organizationalviability\/#website","url":"https:\/\/blog.zhaw.ch\/organizationalviability\/","name":"Organizational Viability@ZHAW","description":"Ein Blog der ZHAW Z\u00fcrcher Hochschule f\u00fcr Angewandte Wissenschaften","potentialAction":[{"@type":"SearchAction","target":{"@type":"EntryPoint","urlTemplate":"https:\/\/blog.zhaw.ch\/organizationalviability\/?s={search_term_string}"},"query-input":{"@type":"PropertyValueSpecification","valueRequired":true,"valueName":"search_term_string"}}],"inLanguage":"de"},{"@type":"Person","@id":"https:\/\/blog.zhaw.ch\/organizationalviability\/#\/schema\/person\/7a67498a489efdb04e277441d05af569","name":"Human Capital @ZHAW","image":{"@type":"ImageObject","inLanguage":"de","@id":"https:\/\/secure.gravatar.com\/avatar\/4384c13fccf645044e867563580b90e07dffb35593035fae16886b8977d9cd17?s=96&d=mm&r=g","url":"https:\/\/secure.gravatar.com\/avatar\/4384c13fccf645044e867563580b90e07dffb35593035fae16886b8977d9cd17?s=96&d=mm&r=g","contentUrl":"https:\/\/secure.gravatar.com\/avatar\/4384c13fccf645044e867563580b90e07dffb35593035fae16886b8977d9cd17?s=96&d=mm&r=g","caption":"Human Capital @ZHAW"},"url":"https:\/\/blog.zhaw.ch\/organizationalviability\/author\/grbl\/"}]}},"_links":{"self":[{"href":"https:\/\/blog.zhaw.ch\/organizationalviability\/wp-json\/wp\/v2\/posts\/2171","targetHints":{"allow":["GET"]}}],"collection":[{"href":"https:\/\/blog.zhaw.ch\/organizationalviability\/wp-json\/wp\/v2\/posts"}],"about":[{"href":"https:\/\/blog.zhaw.ch\/organizationalviability\/wp-json\/wp\/v2\/types\/post"}],"author":[{"embeddable":true,"href":"https:\/\/blog.zhaw.ch\/organizationalviability\/wp-json\/wp\/v2\/users\/357"}],"replies":[{"embeddable":true,"href":"https:\/\/blog.zhaw.ch\/organizationalviability\/wp-json\/wp\/v2\/comments?post=2171"}],"version-history":[{"count":2,"href":"https:\/\/blog.zhaw.ch\/organizationalviability\/wp-json\/wp\/v2\/posts\/2171\/revisions"}],"predecessor-version":[{"id":2175,"href":"https:\/\/blog.zhaw.ch\/organizationalviability\/wp-json\/wp\/v2\/posts\/2171\/revisions\/2175"}],"wp:attachment":[{"href":"https:\/\/blog.zhaw.ch\/organizationalviability\/wp-json\/wp\/v2\/media?parent=2171"}],"wp:term":[{"taxonomy":"category","embeddable":true,"href":"https:\/\/blog.zhaw.ch\/organizationalviability\/wp-json\/wp\/v2\/categories?post=2171"},{"taxonomy":"post_tag","embeddable":true,"href":"https:\/\/blog.zhaw.ch\/organizationalviability\/wp-json\/wp\/v2\/tags?post=2171"},{"taxonomy":"features","embeddable":true,"href":"https:\/\/blog.zhaw.ch\/organizationalviability\/wp-json\/wp\/v2\/features?post=2171"}],"curies":[{"name":"wp","href":"https:\/\/api.w.org\/{rel}","templated":true}]}}