{"id":1095,"date":"2013-04-16T11:44:15","date_gmt":"2013-04-16T09:44:15","guid":{"rendered":"http:\/\/blog.zhaw.ch\/mobine\/?p=1095"},"modified":"2014-12-16T13:23:19","modified_gmt":"2014-12-16T12:23:19","slug":"kopenhagen-fahrrader-und-autos-teilen-sich-die-selben-parkplatze","status":"publish","type":"post","link":"https:\/\/blog.zhaw.ch\/mobine\/kopenhagen-fahrrader-und-autos-teilen-sich-die-selben-parkplatze\/","title":{"rendered":"Kopenhagen &#8211; Fahrr\u00e4der und Autos teilen sich dieselben Parkpl\u00e4tze"},"content":{"rendered":"<p>Zahlreiche europ\u00e4ische St\u00e4dte transformieren vermehrt Parkpl\u00e4tze f\u00fcr Autos in Fahrradparkpl\u00e4tze um. Auch in Kopenhagen ist diese Problematik aufgrund steigender Nachfrage nach Fahrradparkpl\u00e4tzen sehr aktuell. W\u00e4hrend eines Pilotprojektes wurde deshalb getestet ob eine zeitlich getrennte Nutzung der beiden Fahrzeugtypen sinnvoll ist.<\/p>\n<p>Tags\u00fcber (zwischen 7 und 17 Uhr), wenn der Bedarf an Fahrradparkpl\u00e4tzen h\u00f6her ist, steht die Parkfl\u00e4che ausschliesslich Fahrr\u00e4dern zur Verf\u00fcgung. Zwischen 17 und 7 Uhr, bei umgekehrtem Bedarf, d\u00fcrfen nur Autos auf den Parkpl\u00e4tzen parkieren.<\/p>\n<p><a href=\"http:\/\/www.michelinchallengebibendum.com\/en\/NEWS-AND-PUBLICATIONS\/News\/Flex-parking-in-Copenhagen-bicycles-and-cars-share-the-same-parking-spaces#\">mehr<\/a><\/p>\n<div class=\"pt-sm\">Schlagw\u00f6rter: <a href=\"https:\/\/blog.zhaw.ch\/mobine\/tag\/parking\/\">Parking<\/a><br><\/div>","protected":false},"excerpt":{"rendered":"<p>Zahlreiche europ\u00e4ische St\u00e4dte transformieren vermehrt Parkpl\u00e4tze f\u00fcr Autos in Fahrradparkpl\u00e4tze um. Auch in Kopenhagen ist diese Problematik aufgrund steigender Nachfrage nach Fahrradparkpl\u00e4tzen sehr aktuell. W\u00e4hrend eines Pilotprojektes wurde deshalb getestet ob eine zeitlich getrennte Nutzung der beiden Fahrzeugtypen sinnvoll ist. Tags\u00fcber (zwischen 7 und 17 Uhr), wenn der Bedarf an Fahrradparkpl\u00e4tzen h\u00f6her ist, steht die [&hellip;]<\/p>\n","protected":false},"author":8,"featured_media":0,"comment_status":"closed","ping_status":"closed","sticky":false,"template":"","format":"standard","meta":{"ngg_post_thumbnail":0,"footnotes":""},"categories":[9],"tags":[51],"features":[],"class_list":["post-1095","post","type-post","status-publish","format-standard","hentry","category-9","tag-parking"],"yoast_head":"<!-- This site is optimized with the Yoast SEO Premium plugin v27.2 (Yoast SEO v27.2) - https:\/\/yoast.com\/product\/yoast-seo-premium-wordpress\/ -->\n<title>Kopenhagen - Fahrr\u00e4der und Autos teilen sich dieselben Parkpl\u00e4tze - MobINE<\/title>\n<meta name=\"robots\" content=\"index, follow, max-snippet:-1, max-image-preview:large, max-video-preview:-1\" \/>\n<link rel=\"canonical\" href=\"https:\/\/blog.zhaw.ch\/mobine\/kopenhagen-fahrrader-und-autos-teilen-sich-die-selben-parkplatze\/\" \/>\n<meta property=\"og:locale\" content=\"en_US\" \/>\n<meta property=\"og:type\" content=\"article\" \/>\n<meta property=\"og:title\" content=\"Kopenhagen - Fahrr\u00e4der und Autos teilen sich dieselben Parkpl\u00e4tze\" \/>\n<meta property=\"og:description\" content=\"Zahlreiche europ\u00e4ische St\u00e4dte transformieren vermehrt Parkpl\u00e4tze f\u00fcr Autos in Fahrradparkpl\u00e4tze um. Auch in Kopenhagen ist diese Problematik aufgrund steigender Nachfrage nach Fahrradparkpl\u00e4tzen sehr aktuell. W\u00e4hrend eines Pilotprojektes wurde deshalb getestet ob eine zeitlich getrennte Nutzung der beiden Fahrzeugtypen sinnvoll ist. Tags\u00fcber (zwischen 7 und 17 Uhr), wenn der Bedarf an Fahrradparkpl\u00e4tzen h\u00f6her ist, steht die [&hellip;]\" \/>\n<meta property=\"og:url\" content=\"https:\/\/blog.zhaw.ch\/mobine\/kopenhagen-fahrrader-und-autos-teilen-sich-die-selben-parkplatze\/\" \/>\n<meta property=\"og:site_name\" content=\"MobINE\" \/>\n<meta property=\"article:published_time\" content=\"2013-04-16T09:44:15+00:00\" \/>\n<meta property=\"article:modified_time\" content=\"2014-12-16T12:23:19+00:00\" \/>\n<meta name=\"author\" content=\"Andreas Christ\" \/>\n<meta name=\"twitter:card\" content=\"summary_large_image\" \/>\n<meta name=\"twitter:label1\" content=\"Written by\" \/>\n\t<meta name=\"twitter:data1\" content=\"Andreas Christ\" \/>\n<script type=\"application\/ld+json\" class=\"yoast-schema-graph\">{\"@context\":\"https:\/\/schema.org\",\"@graph\":[{\"@type\":\"Article\",\"@id\":\"https:\/\/blog.zhaw.ch\/mobine\/kopenhagen-fahrrader-und-autos-teilen-sich-die-selben-parkplatze\/#article\",\"isPartOf\":{\"@id\":\"https:\/\/blog.zhaw.ch\/mobine\/kopenhagen-fahrrader-und-autos-teilen-sich-die-selben-parkplatze\/\"},\"author\":{\"name\":\"Andreas Christ\",\"@id\":\"https:\/\/blog.zhaw.ch\/mobine\/#\/schema\/person\/e88df8daf34fdc4b163da1ce0a1ad991\"},\"headline\":\"Kopenhagen &#8211; Fahrr\u00e4der und Autos teilen sich dieselben Parkpl\u00e4tze\",\"datePublished\":\"2013-04-16T09:44:15+00:00\",\"dateModified\":\"2014-12-16T12:23:19+00:00\",\"mainEntityOfPage\":{\"@id\":\"https:\/\/blog.zhaw.ch\/mobine\/kopenhagen-fahrrader-und-autos-teilen-sich-die-selben-parkplatze\/\"},\"wordCount\":98,\"keywords\":[\"Parking\"],\"articleSection\":[\"Beyond Mobine\"],\"inLanguage\":\"en-US\"},{\"@type\":\"WebPage\",\"@id\":\"https:\/\/blog.zhaw.ch\/mobine\/kopenhagen-fahrrader-und-autos-teilen-sich-die-selben-parkplatze\/\",\"url\":\"https:\/\/blog.zhaw.ch\/mobine\/kopenhagen-fahrrader-und-autos-teilen-sich-die-selben-parkplatze\/\",\"name\":\"Kopenhagen - Fahrr\u00e4der und Autos teilen sich dieselben Parkpl\u00e4tze - MobINE\",\"isPartOf\":{\"@id\":\"https:\/\/blog.zhaw.ch\/mobine\/#website\"},\"datePublished\":\"2013-04-16T09:44:15+00:00\",\"dateModified\":\"2014-12-16T12:23:19+00:00\",\"author\":{\"@id\":\"https:\/\/blog.zhaw.ch\/mobine\/#\/schema\/person\/e88df8daf34fdc4b163da1ce0a1ad991\"},\"breadcrumb\":{\"@id\":\"https:\/\/blog.zhaw.ch\/mobine\/kopenhagen-fahrrader-und-autos-teilen-sich-die-selben-parkplatze\/#breadcrumb\"},\"inLanguage\":\"en-US\",\"potentialAction\":[{\"@type\":\"ReadAction\",\"target\":[\"https:\/\/blog.zhaw.ch\/mobine\/kopenhagen-fahrrader-und-autos-teilen-sich-die-selben-parkplatze\/\"]}]},{\"@type\":\"BreadcrumbList\",\"@id\":\"https:\/\/blog.zhaw.ch\/mobine\/kopenhagen-fahrrader-und-autos-teilen-sich-die-selben-parkplatze\/#breadcrumb\",\"itemListElement\":[{\"@type\":\"ListItem\",\"position\":1,\"name\":\"Startseite\",\"item\":\"https:\/\/blog.zhaw.ch\/mobine\/\"},{\"@type\":\"ListItem\",\"position\":2,\"name\":\"Kopenhagen &#8211; Fahrr\u00e4der und Autos teilen sich dieselben Parkpl\u00e4tze\"}]},{\"@type\":\"WebSite\",\"@id\":\"https:\/\/blog.zhaw.ch\/mobine\/#website\",\"url\":\"https:\/\/blog.zhaw.ch\/mobine\/\",\"name\":\"MobINE\",\"description\":\"Ein Blog der ZHAW Z\u00fcrcher Hochschule f\u00fcr Angewandte Wissenschaften\",\"potentialAction\":[{\"@type\":\"SearchAction\",\"target\":{\"@type\":\"EntryPoint\",\"urlTemplate\":\"https:\/\/blog.zhaw.ch\/mobine\/?s={search_term_string}\"},\"query-input\":{\"@type\":\"PropertyValueSpecification\",\"valueRequired\":true,\"valueName\":\"search_term_string\"}}],\"inLanguage\":\"en-US\"},{\"@type\":\"Person\",\"@id\":\"https:\/\/blog.zhaw.ch\/mobine\/#\/schema\/person\/e88df8daf34fdc4b163da1ce0a1ad991\",\"name\":\"Andreas Christ\",\"image\":{\"@type\":\"ImageObject\",\"inLanguage\":\"en-US\",\"@id\":\"https:\/\/secure.gravatar.com\/avatar\/9cc25ddd738be365ab23ec37e0af1dfb9dcfd6e3c190bb8a4108a44e73a04d1a?s=96&d=mm&r=g\",\"url\":\"https:\/\/secure.gravatar.com\/avatar\/9cc25ddd738be365ab23ec37e0af1dfb9dcfd6e3c190bb8a4108a44e73a04d1a?s=96&d=mm&r=g\",\"contentUrl\":\"https:\/\/secure.gravatar.com\/avatar\/9cc25ddd738be365ab23ec37e0af1dfb9dcfd6e3c190bb8a4108a44e73a04d1a?s=96&d=mm&r=g\",\"caption\":\"Andreas Christ\"},\"url\":\"https:\/\/blog.zhaw.ch\/mobine\/author\/chrs\/\"}]}<\/script>\n<!-- \/ Yoast SEO Premium plugin. -->","yoast_head_json":{"title":"Kopenhagen - Fahrr\u00e4der und Autos teilen sich dieselben Parkpl\u00e4tze - MobINE","robots":{"index":"index","follow":"follow","max-snippet":"max-snippet:-1","max-image-preview":"max-image-preview:large","max-video-preview":"max-video-preview:-1"},"canonical":"https:\/\/blog.zhaw.ch\/mobine\/kopenhagen-fahrrader-und-autos-teilen-sich-die-selben-parkplatze\/","og_locale":"en_US","og_type":"article","og_title":"Kopenhagen - Fahrr\u00e4der und Autos teilen sich dieselben Parkpl\u00e4tze","og_description":"Zahlreiche europ\u00e4ische St\u00e4dte transformieren vermehrt Parkpl\u00e4tze f\u00fcr Autos in Fahrradparkpl\u00e4tze um. Auch in Kopenhagen ist diese Problematik aufgrund steigender Nachfrage nach Fahrradparkpl\u00e4tzen sehr aktuell. W\u00e4hrend eines Pilotprojektes wurde deshalb getestet ob eine zeitlich getrennte Nutzung der beiden Fahrzeugtypen sinnvoll ist. Tags\u00fcber (zwischen 7 und 17 Uhr), wenn der Bedarf an Fahrradparkpl\u00e4tzen h\u00f6her ist, steht die [&hellip;]","og_url":"https:\/\/blog.zhaw.ch\/mobine\/kopenhagen-fahrrader-und-autos-teilen-sich-die-selben-parkplatze\/","og_site_name":"MobINE","article_published_time":"2013-04-16T09:44:15+00:00","article_modified_time":"2014-12-16T12:23:19+00:00","author":"Andreas Christ","twitter_card":"summary_large_image","twitter_misc":{"Written by":"Andreas Christ"},"schema":{"@context":"https:\/\/schema.org","@graph":[{"@type":"Article","@id":"https:\/\/blog.zhaw.ch\/mobine\/kopenhagen-fahrrader-und-autos-teilen-sich-die-selben-parkplatze\/#article","isPartOf":{"@id":"https:\/\/blog.zhaw.ch\/mobine\/kopenhagen-fahrrader-und-autos-teilen-sich-die-selben-parkplatze\/"},"author":{"name":"Andreas Christ","@id":"https:\/\/blog.zhaw.ch\/mobine\/#\/schema\/person\/e88df8daf34fdc4b163da1ce0a1ad991"},"headline":"Kopenhagen &#8211; Fahrr\u00e4der und Autos teilen sich dieselben Parkpl\u00e4tze","datePublished":"2013-04-16T09:44:15+00:00","dateModified":"2014-12-16T12:23:19+00:00","mainEntityOfPage":{"@id":"https:\/\/blog.zhaw.ch\/mobine\/kopenhagen-fahrrader-und-autos-teilen-sich-die-selben-parkplatze\/"},"wordCount":98,"keywords":["Parking"],"articleSection":["Beyond Mobine"],"inLanguage":"en-US"},{"@type":"WebPage","@id":"https:\/\/blog.zhaw.ch\/mobine\/kopenhagen-fahrrader-und-autos-teilen-sich-die-selben-parkplatze\/","url":"https:\/\/blog.zhaw.ch\/mobine\/kopenhagen-fahrrader-und-autos-teilen-sich-die-selben-parkplatze\/","name":"Kopenhagen - Fahrr\u00e4der und Autos teilen sich dieselben Parkpl\u00e4tze - MobINE","isPartOf":{"@id":"https:\/\/blog.zhaw.ch\/mobine\/#website"},"datePublished":"2013-04-16T09:44:15+00:00","dateModified":"2014-12-16T12:23:19+00:00","author":{"@id":"https:\/\/blog.zhaw.ch\/mobine\/#\/schema\/person\/e88df8daf34fdc4b163da1ce0a1ad991"},"breadcrumb":{"@id":"https:\/\/blog.zhaw.ch\/mobine\/kopenhagen-fahrrader-und-autos-teilen-sich-die-selben-parkplatze\/#breadcrumb"},"inLanguage":"en-US","potentialAction":[{"@type":"ReadAction","target":["https:\/\/blog.zhaw.ch\/mobine\/kopenhagen-fahrrader-und-autos-teilen-sich-die-selben-parkplatze\/"]}]},{"@type":"BreadcrumbList","@id":"https:\/\/blog.zhaw.ch\/mobine\/kopenhagen-fahrrader-und-autos-teilen-sich-die-selben-parkplatze\/#breadcrumb","itemListElement":[{"@type":"ListItem","position":1,"name":"Startseite","item":"https:\/\/blog.zhaw.ch\/mobine\/"},{"@type":"ListItem","position":2,"name":"Kopenhagen &#8211; Fahrr\u00e4der und Autos teilen sich dieselben Parkpl\u00e4tze"}]},{"@type":"WebSite","@id":"https:\/\/blog.zhaw.ch\/mobine\/#website","url":"https:\/\/blog.zhaw.ch\/mobine\/","name":"MobINE","description":"Ein Blog der ZHAW Z\u00fcrcher Hochschule f\u00fcr Angewandte Wissenschaften","potentialAction":[{"@type":"SearchAction","target":{"@type":"EntryPoint","urlTemplate":"https:\/\/blog.zhaw.ch\/mobine\/?s={search_term_string}"},"query-input":{"@type":"PropertyValueSpecification","valueRequired":true,"valueName":"search_term_string"}}],"inLanguage":"en-US"},{"@type":"Person","@id":"https:\/\/blog.zhaw.ch\/mobine\/#\/schema\/person\/e88df8daf34fdc4b163da1ce0a1ad991","name":"Andreas Christ","image":{"@type":"ImageObject","inLanguage":"en-US","@id":"https:\/\/secure.gravatar.com\/avatar\/9cc25ddd738be365ab23ec37e0af1dfb9dcfd6e3c190bb8a4108a44e73a04d1a?s=96&d=mm&r=g","url":"https:\/\/secure.gravatar.com\/avatar\/9cc25ddd738be365ab23ec37e0af1dfb9dcfd6e3c190bb8a4108a44e73a04d1a?s=96&d=mm&r=g","contentUrl":"https:\/\/secure.gravatar.com\/avatar\/9cc25ddd738be365ab23ec37e0af1dfb9dcfd6e3c190bb8a4108a44e73a04d1a?s=96&d=mm&r=g","caption":"Andreas Christ"},"url":"https:\/\/blog.zhaw.ch\/mobine\/author\/chrs\/"}]}},"_links":{"self":[{"href":"https:\/\/blog.zhaw.ch\/mobine\/wp-json\/wp\/v2\/posts\/1095","targetHints":{"allow":["GET"]}}],"collection":[{"href":"https:\/\/blog.zhaw.ch\/mobine\/wp-json\/wp\/v2\/posts"}],"about":[{"href":"https:\/\/blog.zhaw.ch\/mobine\/wp-json\/wp\/v2\/types\/post"}],"author":[{"embeddable":true,"href":"https:\/\/blog.zhaw.ch\/mobine\/wp-json\/wp\/v2\/users\/8"}],"replies":[{"embeddable":true,"href":"https:\/\/blog.zhaw.ch\/mobine\/wp-json\/wp\/v2\/comments?post=1095"}],"version-history":[{"count":7,"href":"https:\/\/blog.zhaw.ch\/mobine\/wp-json\/wp\/v2\/posts\/1095\/revisions"}],"predecessor-version":[{"id":1107,"href":"https:\/\/blog.zhaw.ch\/mobine\/wp-json\/wp\/v2\/posts\/1095\/revisions\/1107"}],"wp:attachment":[{"href":"https:\/\/blog.zhaw.ch\/mobine\/wp-json\/wp\/v2\/media?parent=1095"}],"wp:term":[{"taxonomy":"category","embeddable":true,"href":"https:\/\/blog.zhaw.ch\/mobine\/wp-json\/wp\/v2\/categories?post=1095"},{"taxonomy":"post_tag","embeddable":true,"href":"https:\/\/blog.zhaw.ch\/mobine\/wp-json\/wp\/v2\/tags?post=1095"},{"taxonomy":"features","embeddable":true,"href":"https:\/\/blog.zhaw.ch\/mobine\/wp-json\/wp\/v2\/features?post=1095"}],"curies":[{"name":"wp","href":"https:\/\/api.w.org\/{rel}","templated":true}]}}