{"id":9742,"date":"2018-07-04T06:34:53","date_gmt":"2018-07-04T04:34:53","guid":{"rendered":"https:\/\/blog.zhaw.ch\/marketingmanagement\/?p=9742"},"modified":"2018-07-04T06:34:53","modified_gmt":"2018-07-04T04:34:53","slug":"zwischen-kultur-und-kommerz-die-gratwanderung-im-kuenstlermarketing","status":"publish","type":"post","link":"https:\/\/blog.zhaw.ch\/marketingmanagement\/zwischen-kultur-und-kommerz-die-gratwanderung-im-kuenstlermarketing\/","title":{"rendered":"Zwischen Kultur und Kommerz: Die Gratwanderung im K\u00fcnstlermarketing"},"content":{"rendered":"<p><em>Von Vera Gros<\/em><\/p>\n<p>Der Kommerz hat in der klassischen K\u00fcnstlerszene ein Imageproblem. denn Kommerz wird mit Kapitalismus gleichgesetzt und widerspricht damit dem \u00e4sthetischen Anspruch des K\u00fcnstlers. Es ist deshalb nicht verwunderlich, dass viele selbsternannte K\u00fcnstlerinnen und K\u00fcnstler Marketingmassnahmen kategorisch ablehnen. Berufskollegen, die sich selbst geschickt vermarkten, werden \u201eUnterhalter\u201c oder \u201eDienstleister\u201c genannt, ihre Auftritte abwertend als \u201eShows\u201c statt Konzerte bezeichnet.<\/p>\n<figure id=\"attachment_9743\" aria-describedby=\"caption-attachment-9743\" style=\"width: 584px\" class=\"wp-caption alignnone\"><a href=\"https:\/\/blog.zhaw.ch\/marketingmanagement\/files\/2018\/06\/saxophone-546303_1280.jpg\" target=\"_blank\" rel=\"noopener\"><img loading=\"lazy\" decoding=\"async\" class=\"wp-image-9743 size-large\" src=\"https:\/\/blog.zhaw.ch\/marketingmanagement\/files\/2018\/06\/saxophone-546303_1280-1024x682.jpg\" alt=\"\" width=\"584\" height=\"389\"><\/a><figcaption id=\"caption-attachment-9743\" class=\"wp-caption-text\">Marketing in der Musik? F\u00fcr viele K\u00fcnstler gilt das als Kommerz \u00a9 Pixabay<\/figcaption><\/figure>\n<p><strong>Rockstar Mozart<\/strong><\/p>\n<p>Das Ph\u00e4nomen ist jedoch keineswegs neu. Bereits Wolfgang Amadeus Mozart war \u201eEntertainer\u201c und Rockstar seiner Zeit. Er verstand es hervorragend, sein Image zu seinen Gunsten zu nutzen und damit viele Menschen nicht nur zu seiner Zeit, sondern bis heute anzusprechen. Im Unterschied zu heutigen Stars der Klassikbranche, war Mozart nicht nur K\u00fcnstler und Unterhalter, sondern wie die meisten seiner zeitgen\u00f6ssischen Berufskollegen auch Veranstalter und als solcher zwingend auch wirtschaftlich denkend.<\/p>\n<p>Die Geigerin Julia Fischer sagte in einem Interview mit der Zeitschrift <a href=\"https:\/\/www.pizzicato.lu\/\" target=\"_blank\" rel=\"noopener\">Pizzicato<\/a>: \u201e<em>Jede Plattenfirma und jeder Konzertorganisator wird Ihnen sagen, dass er mein Bild besser verkaufen kann, als das von Mozart oder Beethoven. Das ist bedauerlich, aber es ist nun mal die Realit\u00e4t. (&#8230;) Und da es ja auch in meinem Sinne als Musikerin ist, dass sich eben meine Konzerte und CDs gut verkaufen, kann ich nur bedingt etwas dagegen tun. (&#8230;) Ich versuche jedenfalls immer, gewisse Marketing-Grenzen nicht zu \u00fcberschreiten.<\/em>\u201c<\/p>\n<figure id=\"attachment_9781\" aria-describedby=\"caption-attachment-9781\" style=\"width: 584px\" class=\"wp-caption alignnone\"><a href=\"https:\/\/blog.zhaw.ch\/marketingmanagement\/files\/2018\/06\/Julia-Fischer-Portrait-Fotograf-Felix-Broede_n.jpg\" target=\"_blank\" rel=\"noopener\"><img loading=\"lazy\" decoding=\"async\" class=\"wp-image-9781 size-large\" src=\"https:\/\/blog.zhaw.ch\/marketingmanagement\/files\/2018\/06\/Julia-Fischer-Portrait-Fotograf-Felix-Broede_n-916x1024.jpg\" alt=\"\" width=\"584\" height=\"653\"><\/a><figcaption id=\"caption-attachment-9781\" class=\"wp-caption-text\">Die Geigerin Julia Fischer \u00a9 Felix Broede<\/figcaption><\/figure>\n<p>Indem sie die Verantwortung f\u00fcr ihre Vermarktung nicht selber \u00fcbernehmen muss, sondern Plattenfirmen, Veranstalter und Agenten diese Aufgabe \u00fcbernehmen, kann Julia Fischer ihre Arbeit ganz in den Dienst des Komponisten und der Kunst stellen. Weniger kommerziell ist dies aber nicht.<\/p>\n<p><strong>Kultur und Kommerz schliessen sich nicht aus<\/strong><\/p>\n<p>Geiger Nigel Kennedy wird gerne als \u201ePunk der Klassikszene\u201c bezeichnet. Er selber w\u00fcrde sich zwar nie in diese Schublade stecken, wehrt sich aber auch nicht gegen das r\u00fcpelhafte Image, sondern festigt es mit seinem beeindruckenden Wortschatz von englischen Fluchw\u00f6rtern in jedem Interview. Seiner k\u00fcnstlerischen Qualit\u00e4t tut dies keinen Abbruch. Sowohl Julia Fischer, wie auch Nigel Kennedy bezeichnen sich als K\u00fcnstler im Gegensatz zu Entertainern oder Dienstleistern. Beide verzichten ausdr\u00fccklich selbst auf ihre Vermarktung. Und doch f\u00fcllen sie Konzerts\u00e4le und verkaufen CDs zu tausenden, sind also kommerziell sehr erfolgreich. Doch was ist ihr Geheimnis?<\/p>\n<p><strong>Alles eine Frage des Images<\/strong><\/p>\n<p>Julia Fischer, wie auch Nigel Kennedy haben ein sehr gefestigtes und konstantes Image. Beide verbiegen sich nicht, weder f\u00fcr das Publikum, noch f\u00fcr eine Plattenfirma. Wie auch viele Stars aus anderen Musikbereichen beherrschen sie die Kunst des Personal Branding und werden so zu starken Marken. Viele aufgehende Sternchen verschwinden dagegen bald wieder von der B\u00fchne, weil sie zu austauschbar sind oder weil sie versuchen die unterschiedlichsten Zielgruppen gleichzeitig zu erreichen und dabei nicht authentisch sind. Ein Image, welches nicht authentisch wirkt, h\u00e4lt vielleicht kurzfristig, wird aber auf kurz oder lang von neuen, frischeren und interessanteren Images abgel\u00f6st.<\/p>\n<p><strong>\u00dcber die Autorin<\/strong><\/p>\n<p><a href=\"https:\/\/blog.zhaw.ch\/marketingmanagement\/files\/2018\/06\/Vera-Gros.jpeg\" target=\"_blank\" rel=\"noopener\"><img loading=\"lazy\" decoding=\"async\" class=\"alignnone wp-image-9746 size-full\" src=\"https:\/\/blog.zhaw.ch\/marketingmanagement\/files\/2018\/06\/Vera-Gros.jpeg\" alt=\"\" width=\"218\" height=\"291\"><\/a><\/p>\n<p>Ob an ihrer aktuellen Stelle als Orchesterdisponentin und Eventmanagerin bei <a href=\"http:\/\/www.21concerts.ch\/\" target=\"_blank\" rel=\"noopener\">21st Century Concerts<\/a> in Luzern, in der nebenamtlichen T\u00e4tigkeit als Organistin und Chorleiterin oder beim Kennenlernen ihres heutigen Ehemannes w\u00e4hrend eines Musiklagers: Die Musik zieht sich wie ein roter Faden durch das Leben von Vera Gros. Nach dem Studium der Musik- und Sprachwissenschaften an der Universit\u00e4t Z\u00fcrich holt sie sich aktuell mit dem <a href=\"https:\/\/weiterbildung.zhaw.ch\/de\/school-of-management-and-law\/programm\/cas-marketing-corporate-communications.html\" target=\"_blank\" rel=\"noopener\">CAS Marketing- und Corporate Communications<\/a> an der <a href=\"http:\/\/www.zhaw.ch\/\" target=\"_blank\" rel=\"noopener\">ZHAW<\/a> das Werkzeug, um die Konzerte auch verkaufen zu k\u00f6nnen.<\/p>\n<div class=\"pt-sm\">Schlagw\u00f6rter: <a href=\"https:\/\/blog.zhaw.ch\/marketingmanagement\/tag\/21st-century-concert\/\">21st Century Concert<\/a>, <a href=\"https:\/\/blog.zhaw.ch\/marketingmanagement\/tag\/cas\/\">CAS<\/a>, <a href=\"https:\/\/blog.zhaw.ch\/marketingmanagement\/tag\/cas-marketing-corporate-communications\/\">CAS Marketing- &amp; Corporate Communications<\/a>, <a href=\"https:\/\/blog.zhaw.ch\/marketingmanagement\/tag\/chorleiterin\/\">Chorleiterin<\/a>, <a href=\"https:\/\/blog.zhaw.ch\/marketingmanagement\/tag\/entertainer\/\">Entertainer<\/a>, <a href=\"https:\/\/blog.zhaw.ch\/marketingmanagement\/tag\/geigerin\/\">Geigerin<\/a>, <a href=\"https:\/\/blog.zhaw.ch\/marketingmanagement\/tag\/image\/\">Image<\/a>, <a href=\"https:\/\/blog.zhaw.ch\/marketingmanagement\/tag\/imm\/\">IMM<\/a>, <a href=\"https:\/\/blog.zhaw.ch\/marketingmanagement\/tag\/institut-fur-marketing-management\/\">Institut f\u00fcr Marketing Management<\/a>, <a href=\"https:\/\/blog.zhaw.ch\/marketingmanagement\/tag\/julia-fischer\/\">Julia Fischer<\/a>, <a href=\"https:\/\/blog.zhaw.ch\/marketingmanagement\/tag\/klassik\/\">Klassik<\/a>, <a href=\"https:\/\/blog.zhaw.ch\/marketingmanagement\/tag\/kommerz\/\">Kommerz<\/a>, <a href=\"https:\/\/blog.zhaw.ch\/marketingmanagement\/tag\/konzerte\/\">Konzerte<\/a>, <a href=\"https:\/\/blog.zhaw.ch\/marketingmanagement\/tag\/kultur\/\">Kultur<\/a>, <a href=\"https:\/\/blog.zhaw.ch\/marketingmanagement\/tag\/kuenstler\/\">K\u00fcnstler<\/a>, <a href=\"https:\/\/blog.zhaw.ch\/marketingmanagement\/tag\/kuenstlermarketing\/\">K\u00fcnstlermarketing<\/a>, <a href=\"https:\/\/blog.zhaw.ch\/marketingmanagement\/tag\/kuenstlerszene\/\">K\u00fcnstlerszene<\/a>, <a href=\"https:\/\/blog.zhaw.ch\/marketingmanagement\/tag\/luzern\/\">Luzern<\/a>, <a href=\"https:\/\/blog.zhaw.ch\/marketingmanagement\/tag\/mozart\/\">Mozart<\/a>, <a href=\"https:\/\/blog.zhaw.ch\/marketingmanagement\/tag\/musik\/\">Musik<\/a>, <a href=\"https:\/\/blog.zhaw.ch\/marketingmanagement\/tag\/nigel-kennedy\/\">Nigel Kennedy<\/a>, <a href=\"https:\/\/blog.zhaw.ch\/marketingmanagement\/tag\/organistin\/\">Organistin<\/a>, <a href=\"https:\/\/blog.zhaw.ch\/marketingmanagement\/tag\/pizzicato\/\">Pizzicato<\/a>, <a href=\"https:\/\/blog.zhaw.ch\/marketingmanagement\/tag\/rockstar\/\">Rockstar<\/a>, <a href=\"https:\/\/blog.zhaw.ch\/marketingmanagement\/tag\/shows\/\">Shows<\/a>, <a href=\"https:\/\/blog.zhaw.ch\/marketingmanagement\/tag\/vera-gros\/\">Vera Gros<\/a>, <a href=\"https:\/\/blog.zhaw.ch\/marketingmanagement\/tag\/zhaw\/\">zhaw<\/a><br><\/div>","protected":false},"excerpt":{"rendered":"<p>Von Vera Gros Der Kommerz hat in der klassischen K\u00fcnstlerszene ein Imageproblem. denn Kommerz wird mit Kapitalismus gleichgesetzt und widerspricht damit dem \u00e4sthetischen Anspruch des K\u00fcnstlers. Es ist deshalb nicht verwunderlich, dass viele selbsternannte K\u00fcnstlerinnen und K\u00fcnstler Marketingmassnahmen kategorisch ablehnen. Berufskollegen, die sich selbst geschickt vermarkten, werden \u201eUnterhalter\u201c oder \u201eDienstleister\u201c genannt, ihre Auftritte abwertend als [&hellip;]<\/p>\n","protected":false},"author":312,"featured_media":0,"comment_status":"open","ping_status":"open","sticky":false,"template":"","format":"standard","meta":{"ngg_post_thumbnail":0,"footnotes":""},"categories":[1],"tags":[2935,97,742,2937,2950,2947,244,246,255,2946,2945,2938,2942,302,1136,2939,2940,1151,2944,384,2949,2936,2948,2943,2941,2934,670],"features":[],"class_list":["post-9742","post","type-post","status-publish","format-standard","hentry","category-allgemein","tag-21st-century-concert","tag-cas","tag-cas-marketing-corporate-communications","tag-chorleiterin","tag-entertainer","tag-geigerin","tag-image","tag-imm","tag-institut-fur-marketing-management","tag-julia-fischer","tag-klassik","tag-kommerz","tag-konzerte","tag-kultur","tag-kuenstler","tag-kuenstlermarketing","tag-kuenstlerszene","tag-luzern","tag-mozart","tag-musik","tag-nigel-kennedy","tag-organistin","tag-pizzicato","tag-rockstar","tag-shows","tag-vera-gros","tag-zhaw"],"yoast_head":"<!-- This site is optimized with the Yoast SEO Premium plugin v27.2 (Yoast SEO v27.2) - https:\/\/yoast.com\/product\/yoast-seo-premium-wordpress\/ -->\n<title>Zwischen Kultur und Kommerz: Die Gratwanderung im K\u00fcnstlermarketing - Marketing Management-Blog<\/title>\n<meta name=\"robots\" content=\"index, follow, max-snippet:-1, max-image-preview:large, max-video-preview:-1\" \/>\n<link rel=\"canonical\" href=\"https:\/\/blog.zhaw.ch\/marketingmanagement\/zwischen-kultur-und-kommerz-die-gratwanderung-im-kuenstlermarketing\/\" \/>\n<meta property=\"og:locale\" content=\"de_DE\" \/>\n<meta property=\"og:type\" content=\"article\" \/>\n<meta property=\"og:title\" content=\"Zwischen Kultur und Kommerz: Die Gratwanderung im K\u00fcnstlermarketing\" \/>\n<meta property=\"og:description\" content=\"Von Vera Gros Der Kommerz hat in der klassischen K\u00fcnstlerszene ein Imageproblem. denn Kommerz wird mit Kapitalismus gleichgesetzt und widerspricht damit dem \u00e4sthetischen Anspruch des K\u00fcnstlers. Es ist deshalb nicht verwunderlich, dass viele selbsternannte K\u00fcnstlerinnen und K\u00fcnstler Marketingmassnahmen kategorisch ablehnen. Berufskollegen, die sich selbst geschickt vermarkten, werden \u201eUnterhalter\u201c oder \u201eDienstleister\u201c genannt, ihre Auftritte abwertend als [&hellip;]\" \/>\n<meta property=\"og:url\" content=\"https:\/\/blog.zhaw.ch\/marketingmanagement\/zwischen-kultur-und-kommerz-die-gratwanderung-im-kuenstlermarketing\/\" \/>\n<meta property=\"og:site_name\" content=\"Marketing Management-Blog\" \/>\n<meta property=\"article:published_time\" content=\"2018-07-04T04:34:53+00:00\" \/>\n<meta property=\"og:image\" content=\"https:\/\/blog.zhaw.ch\/marketingmanagement\/files\/2018\/06\/saxophone-546303_1280-1024x682.jpg\" \/>\n<meta name=\"author\" content=\"suva\" \/>\n<meta name=\"twitter:card\" content=\"summary_large_image\" \/>\n<meta name=\"twitter:label1\" content=\"Verfasst von\" \/>\n\t<meta name=\"twitter:data1\" content=\"suva\" \/>\n\t<meta name=\"twitter:label2\" content=\"Gesch\u00e4tzte Lesezeit\" \/>\n\t<meta name=\"twitter:data2\" content=\"3\u00a0Minuten\" \/>\n<script type=\"application\/ld+json\" class=\"yoast-schema-graph\">{\"@context\":\"https:\/\/schema.org\",\"@graph\":[{\"@type\":\"Article\",\"@id\":\"https:\/\/blog.zhaw.ch\/marketingmanagement\/zwischen-kultur-und-kommerz-die-gratwanderung-im-kuenstlermarketing\/#article\",\"isPartOf\":{\"@id\":\"https:\/\/blog.zhaw.ch\/marketingmanagement\/zwischen-kultur-und-kommerz-die-gratwanderung-im-kuenstlermarketing\/\"},\"author\":{\"name\":\"suva\",\"@id\":\"https:\/\/blog.zhaw.ch\/marketingmanagement\/#\/schema\/person\/8e3fd88b17ed80282ba7666e90fa5da3\"},\"headline\":\"Zwischen Kultur und Kommerz: Die Gratwanderung im K\u00fcnstlermarketing\",\"datePublished\":\"2018-07-04T04:34:53+00:00\",\"mainEntityOfPage\":{\"@id\":\"https:\/\/blog.zhaw.ch\/marketingmanagement\/zwischen-kultur-und-kommerz-die-gratwanderung-im-kuenstlermarketing\/\"},\"wordCount\":606,\"commentCount\":0,\"image\":{\"@id\":\"https:\/\/blog.zhaw.ch\/marketingmanagement\/zwischen-kultur-und-kommerz-die-gratwanderung-im-kuenstlermarketing\/#primaryimage\"},\"thumbnailUrl\":\"https:\/\/blog.zhaw.ch\/marketingmanagement\/files\/2018\/06\/saxophone-546303_1280-1024x682.jpg\",\"keywords\":[\"21st Century Concert\",\"CAS\",\"CAS Marketing- &amp; Corporate Communications\",\"Chorleiterin\",\"Entertainer\",\"Geigerin\",\"Image\",\"IMM\",\"Institut f\u00fcr Marketing Management\",\"Julia Fischer\",\"Klassik\",\"Kommerz\",\"Konzerte\",\"Kultur\",\"K\u00fcnstler\",\"K\u00fcnstlermarketing\",\"K\u00fcnstlerszene\",\"Luzern\",\"Mozart\",\"Musik\",\"Nigel Kennedy\",\"Organistin\",\"Pizzicato\",\"Rockstar\",\"Shows\",\"Vera Gros\",\"zhaw\"],\"inLanguage\":\"de\",\"potentialAction\":[{\"@type\":\"CommentAction\",\"name\":\"Comment\",\"target\":[\"https:\/\/blog.zhaw.ch\/marketingmanagement\/zwischen-kultur-und-kommerz-die-gratwanderung-im-kuenstlermarketing\/#respond\"]}]},{\"@type\":\"WebPage\",\"@id\":\"https:\/\/blog.zhaw.ch\/marketingmanagement\/zwischen-kultur-und-kommerz-die-gratwanderung-im-kuenstlermarketing\/\",\"url\":\"https:\/\/blog.zhaw.ch\/marketingmanagement\/zwischen-kultur-und-kommerz-die-gratwanderung-im-kuenstlermarketing\/\",\"name\":\"Zwischen Kultur und Kommerz: Die Gratwanderung im K\u00fcnstlermarketing - Marketing Management-Blog\",\"isPartOf\":{\"@id\":\"https:\/\/blog.zhaw.ch\/marketingmanagement\/#website\"},\"primaryImageOfPage\":{\"@id\":\"https:\/\/blog.zhaw.ch\/marketingmanagement\/zwischen-kultur-und-kommerz-die-gratwanderung-im-kuenstlermarketing\/#primaryimage\"},\"image\":{\"@id\":\"https:\/\/blog.zhaw.ch\/marketingmanagement\/zwischen-kultur-und-kommerz-die-gratwanderung-im-kuenstlermarketing\/#primaryimage\"},\"thumbnailUrl\":\"https:\/\/blog.zhaw.ch\/marketingmanagement\/files\/2018\/06\/saxophone-546303_1280-1024x682.jpg\",\"datePublished\":\"2018-07-04T04:34:53+00:00\",\"author\":{\"@id\":\"https:\/\/blog.zhaw.ch\/marketingmanagement\/#\/schema\/person\/8e3fd88b17ed80282ba7666e90fa5da3\"},\"breadcrumb\":{\"@id\":\"https:\/\/blog.zhaw.ch\/marketingmanagement\/zwischen-kultur-und-kommerz-die-gratwanderung-im-kuenstlermarketing\/#breadcrumb\"},\"inLanguage\":\"de\",\"potentialAction\":[{\"@type\":\"ReadAction\",\"target\":[\"https:\/\/blog.zhaw.ch\/marketingmanagement\/zwischen-kultur-und-kommerz-die-gratwanderung-im-kuenstlermarketing\/\"]}]},{\"@type\":\"ImageObject\",\"inLanguage\":\"de\",\"@id\":\"https:\/\/blog.zhaw.ch\/marketingmanagement\/zwischen-kultur-und-kommerz-die-gratwanderung-im-kuenstlermarketing\/#primaryimage\",\"url\":\"\",\"contentUrl\":\"\"},{\"@type\":\"BreadcrumbList\",\"@id\":\"https:\/\/blog.zhaw.ch\/marketingmanagement\/zwischen-kultur-und-kommerz-die-gratwanderung-im-kuenstlermarketing\/#breadcrumb\",\"itemListElement\":[{\"@type\":\"ListItem\",\"position\":1,\"name\":\"Startseite\",\"item\":\"https:\/\/blog.zhaw.ch\/marketingmanagement\/\"},{\"@type\":\"ListItem\",\"position\":2,\"name\":\"Zwischen Kultur und Kommerz: Die Gratwanderung im K\u00fcnstlermarketing\"}]},{\"@type\":\"WebSite\",\"@id\":\"https:\/\/blog.zhaw.ch\/marketingmanagement\/#website\",\"url\":\"https:\/\/blog.zhaw.ch\/marketingmanagement\/\",\"name\":\"Marketing Management-Blog\",\"description\":\"Ein Blog der ZHAW Z\u00fcrcher Hochschule f\u00fcr Angewandte Wissenschaften\",\"potentialAction\":[{\"@type\":\"SearchAction\",\"target\":{\"@type\":\"EntryPoint\",\"urlTemplate\":\"https:\/\/blog.zhaw.ch\/marketingmanagement\/?s={search_term_string}\"},\"query-input\":{\"@type\":\"PropertyValueSpecification\",\"valueRequired\":true,\"valueName\":\"search_term_string\"}}],\"inLanguage\":\"de\"},{\"@type\":\"Person\",\"@id\":\"https:\/\/blog.zhaw.ch\/marketingmanagement\/#\/schema\/person\/8e3fd88b17ed80282ba7666e90fa5da3\",\"name\":\"suva\",\"image\":{\"@type\":\"ImageObject\",\"inLanguage\":\"de\",\"@id\":\"https:\/\/secure.gravatar.com\/avatar\/40c8bd61df220eadf6e5481cf43dc7e86cda9707732035285b48521487832c5e?s=96&d=mm&r=g\",\"url\":\"https:\/\/secure.gravatar.com\/avatar\/40c8bd61df220eadf6e5481cf43dc7e86cda9707732035285b48521487832c5e?s=96&d=mm&r=g\",\"contentUrl\":\"https:\/\/secure.gravatar.com\/avatar\/40c8bd61df220eadf6e5481cf43dc7e86cda9707732035285b48521487832c5e?s=96&d=mm&r=g\",\"caption\":\"suva\"},\"url\":\"https:\/\/blog.zhaw.ch\/marketingmanagement\/author\/suva\/\"}]}<\/script>\n<!-- \/ Yoast SEO Premium plugin. -->","yoast_head_json":{"title":"Zwischen Kultur und Kommerz: Die Gratwanderung im K\u00fcnstlermarketing - Marketing Management-Blog","robots":{"index":"index","follow":"follow","max-snippet":"max-snippet:-1","max-image-preview":"max-image-preview:large","max-video-preview":"max-video-preview:-1"},"canonical":"https:\/\/blog.zhaw.ch\/marketingmanagement\/zwischen-kultur-und-kommerz-die-gratwanderung-im-kuenstlermarketing\/","og_locale":"de_DE","og_type":"article","og_title":"Zwischen Kultur und Kommerz: Die Gratwanderung im K\u00fcnstlermarketing","og_description":"Von Vera Gros Der Kommerz hat in der klassischen K\u00fcnstlerszene ein Imageproblem. denn Kommerz wird mit Kapitalismus gleichgesetzt und widerspricht damit dem \u00e4sthetischen Anspruch des K\u00fcnstlers. Es ist deshalb nicht verwunderlich, dass viele selbsternannte K\u00fcnstlerinnen und K\u00fcnstler Marketingmassnahmen kategorisch ablehnen. Berufskollegen, die sich selbst geschickt vermarkten, werden \u201eUnterhalter\u201c oder \u201eDienstleister\u201c genannt, ihre Auftritte abwertend als [&hellip;]","og_url":"https:\/\/blog.zhaw.ch\/marketingmanagement\/zwischen-kultur-und-kommerz-die-gratwanderung-im-kuenstlermarketing\/","og_site_name":"Marketing Management-Blog","article_published_time":"2018-07-04T04:34:53+00:00","og_image":[{"url":"https:\/\/blog.zhaw.ch\/marketingmanagement\/files\/2018\/06\/saxophone-546303_1280-1024x682.jpg","type":"","width":"","height":""}],"author":"suva","twitter_card":"summary_large_image","twitter_misc":{"Verfasst von":"suva","Gesch\u00e4tzte Lesezeit":"3\u00a0Minuten"},"schema":{"@context":"https:\/\/schema.org","@graph":[{"@type":"Article","@id":"https:\/\/blog.zhaw.ch\/marketingmanagement\/zwischen-kultur-und-kommerz-die-gratwanderung-im-kuenstlermarketing\/#article","isPartOf":{"@id":"https:\/\/blog.zhaw.ch\/marketingmanagement\/zwischen-kultur-und-kommerz-die-gratwanderung-im-kuenstlermarketing\/"},"author":{"name":"suva","@id":"https:\/\/blog.zhaw.ch\/marketingmanagement\/#\/schema\/person\/8e3fd88b17ed80282ba7666e90fa5da3"},"headline":"Zwischen Kultur und Kommerz: Die Gratwanderung im K\u00fcnstlermarketing","datePublished":"2018-07-04T04:34:53+00:00","mainEntityOfPage":{"@id":"https:\/\/blog.zhaw.ch\/marketingmanagement\/zwischen-kultur-und-kommerz-die-gratwanderung-im-kuenstlermarketing\/"},"wordCount":606,"commentCount":0,"image":{"@id":"https:\/\/blog.zhaw.ch\/marketingmanagement\/zwischen-kultur-und-kommerz-die-gratwanderung-im-kuenstlermarketing\/#primaryimage"},"thumbnailUrl":"https:\/\/blog.zhaw.ch\/marketingmanagement\/files\/2018\/06\/saxophone-546303_1280-1024x682.jpg","keywords":["21st Century Concert","CAS","CAS Marketing- &amp; Corporate Communications","Chorleiterin","Entertainer","Geigerin","Image","IMM","Institut f\u00fcr Marketing Management","Julia Fischer","Klassik","Kommerz","Konzerte","Kultur","K\u00fcnstler","K\u00fcnstlermarketing","K\u00fcnstlerszene","Luzern","Mozart","Musik","Nigel Kennedy","Organistin","Pizzicato","Rockstar","Shows","Vera Gros","zhaw"],"inLanguage":"de","potentialAction":[{"@type":"CommentAction","name":"Comment","target":["https:\/\/blog.zhaw.ch\/marketingmanagement\/zwischen-kultur-und-kommerz-die-gratwanderung-im-kuenstlermarketing\/#respond"]}]},{"@type":"WebPage","@id":"https:\/\/blog.zhaw.ch\/marketingmanagement\/zwischen-kultur-und-kommerz-die-gratwanderung-im-kuenstlermarketing\/","url":"https:\/\/blog.zhaw.ch\/marketingmanagement\/zwischen-kultur-und-kommerz-die-gratwanderung-im-kuenstlermarketing\/","name":"Zwischen Kultur und Kommerz: Die Gratwanderung im K\u00fcnstlermarketing - Marketing Management-Blog","isPartOf":{"@id":"https:\/\/blog.zhaw.ch\/marketingmanagement\/#website"},"primaryImageOfPage":{"@id":"https:\/\/blog.zhaw.ch\/marketingmanagement\/zwischen-kultur-und-kommerz-die-gratwanderung-im-kuenstlermarketing\/#primaryimage"},"image":{"@id":"https:\/\/blog.zhaw.ch\/marketingmanagement\/zwischen-kultur-und-kommerz-die-gratwanderung-im-kuenstlermarketing\/#primaryimage"},"thumbnailUrl":"https:\/\/blog.zhaw.ch\/marketingmanagement\/files\/2018\/06\/saxophone-546303_1280-1024x682.jpg","datePublished":"2018-07-04T04:34:53+00:00","author":{"@id":"https:\/\/blog.zhaw.ch\/marketingmanagement\/#\/schema\/person\/8e3fd88b17ed80282ba7666e90fa5da3"},"breadcrumb":{"@id":"https:\/\/blog.zhaw.ch\/marketingmanagement\/zwischen-kultur-und-kommerz-die-gratwanderung-im-kuenstlermarketing\/#breadcrumb"},"inLanguage":"de","potentialAction":[{"@type":"ReadAction","target":["https:\/\/blog.zhaw.ch\/marketingmanagement\/zwischen-kultur-und-kommerz-die-gratwanderung-im-kuenstlermarketing\/"]}]},{"@type":"ImageObject","inLanguage":"de","@id":"https:\/\/blog.zhaw.ch\/marketingmanagement\/zwischen-kultur-und-kommerz-die-gratwanderung-im-kuenstlermarketing\/#primaryimage","url":"","contentUrl":""},{"@type":"BreadcrumbList","@id":"https:\/\/blog.zhaw.ch\/marketingmanagement\/zwischen-kultur-und-kommerz-die-gratwanderung-im-kuenstlermarketing\/#breadcrumb","itemListElement":[{"@type":"ListItem","position":1,"name":"Startseite","item":"https:\/\/blog.zhaw.ch\/marketingmanagement\/"},{"@type":"ListItem","position":2,"name":"Zwischen Kultur und Kommerz: Die Gratwanderung im K\u00fcnstlermarketing"}]},{"@type":"WebSite","@id":"https:\/\/blog.zhaw.ch\/marketingmanagement\/#website","url":"https:\/\/blog.zhaw.ch\/marketingmanagement\/","name":"Marketing Management-Blog","description":"Ein Blog der ZHAW Z\u00fcrcher Hochschule f\u00fcr Angewandte Wissenschaften","potentialAction":[{"@type":"SearchAction","target":{"@type":"EntryPoint","urlTemplate":"https:\/\/blog.zhaw.ch\/marketingmanagement\/?s={search_term_string}"},"query-input":{"@type":"PropertyValueSpecification","valueRequired":true,"valueName":"search_term_string"}}],"inLanguage":"de"},{"@type":"Person","@id":"https:\/\/blog.zhaw.ch\/marketingmanagement\/#\/schema\/person\/8e3fd88b17ed80282ba7666e90fa5da3","name":"suva","image":{"@type":"ImageObject","inLanguage":"de","@id":"https:\/\/secure.gravatar.com\/avatar\/40c8bd61df220eadf6e5481cf43dc7e86cda9707732035285b48521487832c5e?s=96&d=mm&r=g","url":"https:\/\/secure.gravatar.com\/avatar\/40c8bd61df220eadf6e5481cf43dc7e86cda9707732035285b48521487832c5e?s=96&d=mm&r=g","contentUrl":"https:\/\/secure.gravatar.com\/avatar\/40c8bd61df220eadf6e5481cf43dc7e86cda9707732035285b48521487832c5e?s=96&d=mm&r=g","caption":"suva"},"url":"https:\/\/blog.zhaw.ch\/marketingmanagement\/author\/suva\/"}]}},"_links":{"self":[{"href":"https:\/\/blog.zhaw.ch\/marketingmanagement\/wp-json\/wp\/v2\/posts\/9742","targetHints":{"allow":["GET"]}}],"collection":[{"href":"https:\/\/blog.zhaw.ch\/marketingmanagement\/wp-json\/wp\/v2\/posts"}],"about":[{"href":"https:\/\/blog.zhaw.ch\/marketingmanagement\/wp-json\/wp\/v2\/types\/post"}],"author":[{"embeddable":true,"href":"https:\/\/blog.zhaw.ch\/marketingmanagement\/wp-json\/wp\/v2\/users\/312"}],"replies":[{"embeddable":true,"href":"https:\/\/blog.zhaw.ch\/marketingmanagement\/wp-json\/wp\/v2\/comments?post=9742"}],"version-history":[{"count":3,"href":"https:\/\/blog.zhaw.ch\/marketingmanagement\/wp-json\/wp\/v2\/posts\/9742\/revisions"}],"predecessor-version":[{"id":9782,"href":"https:\/\/blog.zhaw.ch\/marketingmanagement\/wp-json\/wp\/v2\/posts\/9742\/revisions\/9782"}],"wp:attachment":[{"href":"https:\/\/blog.zhaw.ch\/marketingmanagement\/wp-json\/wp\/v2\/media?parent=9742"}],"wp:term":[{"taxonomy":"category","embeddable":true,"href":"https:\/\/blog.zhaw.ch\/marketingmanagement\/wp-json\/wp\/v2\/categories?post=9742"},{"taxonomy":"post_tag","embeddable":true,"href":"https:\/\/blog.zhaw.ch\/marketingmanagement\/wp-json\/wp\/v2\/tags?post=9742"},{"taxonomy":"features","embeddable":true,"href":"https:\/\/blog.zhaw.ch\/marketingmanagement\/wp-json\/wp\/v2\/features?post=9742"}],"curies":[{"name":"wp","href":"https:\/\/api.w.org\/{rel}","templated":true}]}}