{"id":9525,"date":"2018-02-07T08:59:30","date_gmt":"2018-02-07T06:59:30","guid":{"rendered":"https:\/\/blog.zhaw.ch\/marketingmanagement\/?p=9525"},"modified":"2018-02-07T09:10:14","modified_gmt":"2018-02-07T07:10:14","slug":"kleiner-flitzer-grosse-show-der-microlino-stellt-sich-vor","status":"publish","type":"post","link":"https:\/\/blog.zhaw.ch\/marketingmanagement\/kleiner-flitzer-grosse-show-der-microlino-stellt-sich-vor\/","title":{"rendered":"Kleiner Flitzer, grosse Show &#8211; der Microlino stellt sich vor"},"content":{"rendered":"<p><em>Von Dana M\u00fcller<\/em><\/p>\n<p><em>Er ist 450kg leicht, bietet Platz f\u00fcr zwei, f\u00e4hrt bis zu 90km\/h schnell und kommt je nach Ausf\u00fchrung 120 km bis 215 km weit. Vor allem ist er praktisch und \u00e4usserst \u00f6kologisch: Der <\/em><a href=\"http:\/\/www.micro-mobility.com\/de\/micro-erleben\/microlino\" target=\"_blank\" rel=\"noopener\"><em>Microlino<\/em><\/a><em>. <\/em><\/p>\n<p>Auf den ersten Blick erinnert der Microlino an die <a href=\"https:\/\/en.wikipedia.org\/wiki\/Isetta\" target=\"_blank\" rel=\"noopener\">Isetta<\/a> Kabinenroller aus den 50ern. Von da kam dem Gr\u00fcnder von <a href=\"https:\/\/www.microscooter.ch\/\" target=\"_blank\" rel=\"noopener\">Micro<\/a> Wim Ouboter, auch die Idee, einen modernen Kabinenroller ins Leben zu rufen. Klein, wendig, platzsparend und vor allem auch umweltfreundlich sollte der e-Isetta werden. Schon bald werden wir den <a href=\"https:\/\/www.facebook.com\/microlino.car\/\" target=\"_blank\" rel=\"noopener\">Microlino<\/a> wohl \u00f6fters auf der Strasse sehen, vor Kurzem wurde er vor einem grossen Publikum im Kaufleuten vorgestellt.<\/p>\n<figure id=\"attachment_9526\" aria-describedby=\"caption-attachment-9526\" style=\"width: 300px\" class=\"wp-caption alignnone\"><a href=\"https:\/\/blog.zhaw.ch\/marketingmanagement\/files\/2018\/02\/Microlino-Presskit.png\"><img loading=\"lazy\" decoding=\"async\" class=\"size-medium wp-image-9526\" src=\"https:\/\/blog.zhaw.ch\/marketingmanagement\/files\/2018\/02\/Microlino-Presskit-300x225.png\" alt=\"\" width=\"300\" height=\"225\"><\/a><figcaption id=\"caption-attachment-9526\" class=\"wp-caption-text\">Merlin, Wim und Oliver Ouboter \u00ae <a href=\"https:\/\/micro.bynder.com\/web\/0951c8ec429bb52a\/microlino-press-kit\/?mediaId=01A875F9-E2FD-4DF1-9DF04DB57000F442\" target=\"_blank\" rel=\"noopener\">Microlino Presskit<\/a><\/figcaption><\/figure>\n<p><span style=\"font-family: Arial\"><span lang=\"DE-CH\"><span style=\"color: #000000\">Wim Ouboter hatte grossen Erfolg mit seiner \u00ab<\/span><\/span><span lang=\"DE-CH\"><a href=\"http:\/\/www.micro-mobility.com\/en\/\" target=\"_blank\" rel=\"noopener\">Micro-Mobility<\/a><\/span><span lang=\"DE-CH\"><span style=\"color: #000000\">\u00bb Innovation 1999, dem <\/span><\/span><span lang=\"DE-CH\"><a href=\"http:\/\/www.micro-mobility.com\/de\/produkte?ajax=product-list-view&amp;fltr=&amp;cat=32&amp;items=24&amp;search=\" target=\"_blank\" rel=\"noopener\">Micro Scooter<\/a><\/span><span style=\"color: #000000\"><sup><span lang=\"DE-CH\">\u00ae<\/span><\/sup><span lang=\"DE-CH\">. Die Produktion in China verdreifachte sich innert einem Jahr. Seither kamen weitere Modelle dazu und noch heute ist das <\/span><\/span><span lang=\"DE-CH\"><a href=\"https:\/\/www.microscooter.ch\/kids.html?___store=english&amp;cat=31&amp;limit=all&amp;gclid=CjwKCAiA78XTBRBiEiwAGv7EKgILz9EtOrQgRsG9kg5bKnzMKZabdrKpVs0Hg8rtj6stRHQWPK6ENBoCSdMQAvD_BwE\" target=\"_blank\" rel=\"noopener\">Kickboard<\/a><\/span><span style=\"color: #000000\"><sup><span lang=\"DE-CH\">\u00ae <\/span><\/sup><span lang=\"DE-CH\">ein beliebtes Transportmittel f\u00fcr kurze Strecken die zu Fuss zu lang und f\u00fcr das Fahrrad zu kurz sind. <\/span><\/span><span lang=\"DE-CH\"><a href=\"https:\/\/www.microscooter.ch\/\" target=\"_blank\" rel=\"noopener\">Micro<\/a><\/span><span style=\"color: #000000\"> <span lang=\"DE-CH\">ist seither zu einer starken, innovativen und weltweit bekannten Marke gewachsen.<\/span><\/span><\/span><\/p>\n<p><strong>Vom Marketing-Gag zur Realit\u00e4t<\/strong><\/p>\n<p>Die Vision von der <a href=\"http:\/\/www.micro-mobility.com\/en\/\" target=\"_blank\" rel=\"noopener\">Micro-Mobility<\/a> lebt weiter, nicht nur im Herzen von Wim Ouboter sondern auch in seinen S\u00f6hnen Oliver und Merlin, sowie dem <a href=\"http:\/\/www.zhaw.ch\/\" target=\"_blank\" rel=\"noopener\">ZHAW<\/a> Absolventen Pascal Studerus. Im Rahmen seiner Bachelorarbeit am <a href=\"https:\/\/www.zhaw.ch\/en\/engineering\/\" target=\"_blank\" rel=\"noopener\">Technikum<\/a> der <a href=\"http:\/\/www.zhaw.ch\/\" target=\"_blank\" rel=\"noopener\">ZHAW<\/a>, hatte Pascal Studerus den Auftrag, ein Auto \u00e4hnlich einer originalen Isetta mit einem elektronischen Motor zu designen. Seit seinem Abschluss an der <a href=\"http:\/\/www.zhaw.ch\/\" target=\"_blank\" rel=\"noopener\">ZHAW<\/a> ist er stark im Projekt involviert und hat zusammen mit Merlin Ouboter und in Zusammenarbeit mit einer Chinesischen Fabrik, einen ersten Prototyp des e-Isetta gefertigt. Die Herausforderung war gross, denn diese Fabrik besass weder ein Engineering Departement noch sprachen sie fliessend Englisch. Mit viel Eifer schaffte es der erste Prototyp als Marketing-Gag an die <a href=\"https:\/\/www.gims.swiss\/de\/\" target=\"_blank\" rel=\"noopener\">Genfer Messe<\/a>. Innerhalb einer Woche wollten bereits 500 Besucher einen <a href=\"https:\/\/www.facebook.com\/microlino.car\/\" target=\"_blank\" rel=\"noopener\">Microlino<\/a> erwerben. Die S\u00f6hne waren von der Idee gepackt und \u00fcberzeugten Wim Ouboter dieses Projekt zu realisieren und den <a href=\"https:\/\/www.facebook.com\/microlino.car\/\" target=\"_blank\" rel=\"noopener\">Microlino<\/a> in Serie zu produzieren. Zusammen mit <a href=\"http:\/\/www.tazzari-zero.com\/de\/\" target=\"_blank\" rel=\"noopener\">Eric Tazzari<\/a>, Besitzer eines italienischen Automobilzulieferers mit langer Erfahrung im Bau von kleinen Elektromobilen, kam innert 24 Stunden eine Kooperation zu Stande, welche die Realisierung des elektronischen Automobils innerhalb von lediglich zwei Jahren erlaubte.<\/p>\n<p><strong>Praktischer kleiner Helfer ohne Strassenverkehrssteuern<\/strong><\/p>\n<p>Die Mission, eine mobile L\u00f6sung, die Spass macht, \u00f6kologisch und praktisch ist, wurde mit dem <a href=\"http:\/\/www.micro-mobility.com\/de\/micro-erleben\/microlino\" target=\"_blank\" rel=\"noopener\">Microlino<\/a> erm\u00f6glicht. Dieser kleine Flitzer erm\u00f6glicht die t\u00e4gliche Fahrt zur Arbeit oder zum Supermarkt problemlos und bietet im Kofferraum Stauraum f\u00fcr zwei Kanister Bier und eine Einkaufstasche. Er l\u00e4sst sich innert vier Stunden an der normalen Steckdose aufladen und braucht dabei einen Drittel des Platzes eines herk\u00f6mmlichen Autos. Ein weiterer Clou ist <a href=\"https:\/\/www.microscooter.ch\/\" target=\"_blank\" rel=\"noopener\">Micro<\/a> mit der Zulassung des <a href=\"http:\/\/www.micro-mobility.com\/de\/micro-erleben\/microlino\" target=\"_blank\" rel=\"noopener\">Microlino<\/a> als motorisiertes Kleinfahrzeug gelungen. Das Mobil hat damit den Status, der vergleichbar ist mit einem Motorrad, was unter anderem die Kosten weiter reduziert \u2013 auch Strassenverkehrssteuern fallen f\u00fcr einen <a href=\"http:\/\/www.micro-mobility.com\/de\/micro-erleben\/microlino\" target=\"_blank\" rel=\"noopener\">Microlino<\/a> nicht an.<\/p>\n<div class=\"lyte-wrapper\" title=\"Microlino - Change urban mobility - Lifestyle and Prototype #2\" style=\"width:640px;max-width:100%;margin:5px;\"><div class=\"lyMe\" id=\"WYL_8778WLCyohE\"><div id=\"lyte_8778WLCyohE\" data-src=\"https:\/\/blog.zhaw.ch\/marketingmanagement\/wp-content\/plugins\/wp-youtube-lyte\/lyteCache.php?origThumbUrl=https%3A%2F%2Fi.ytimg.com%2Fvi%2F8778WLCyohE%2Fhqdefault.jpg\" class=\"pL\"><div class=\"tC\"><div class=\"tT\">Microlino - Change urban mobility - Lifestyle and Prototype #2<\/div><\/div><div class=\"play\"><\/div><div class=\"ctrl\"><div class=\"Lctrl\"><\/div><div class=\"Rctrl\"><\/div><\/div><\/div><noscript><a href=\"https:\/\/youtu.be\/8778WLCyohE\" rel=\"nofollow\"><img loading=\"lazy\" decoding=\"async\" src=\"https:\/\/blog.zhaw.ch\/marketingmanagement\/wp-content\/plugins\/wp-youtube-lyte\/lyteCache.php?origThumbUrl=https%3A%2F%2Fi.ytimg.com%2Fvi%2F8778WLCyohE%2F0.jpg\" alt=\"Microlino - Change urban mobility - Lifestyle and Prototype #2\" width=\"640\" height=\"340\" \/><br \/>Dieses Video auf YouTube ansehen<\/a><\/noscript><\/div><\/div><div class=\"lL\" style=\"max-width:100%;width:640px;margin:5px;\"><br\/><span class=\"lyte_disclaimer\">Defaulttext aus wp-youtube-lyte.php<\/span><\/div><\/p>\n<p><span style=\"font-family: Arial\"><span lang=\"DE-CH\"><span style=\"color: #000000\">Mittels Facebook Umfrage wurden die Farben des <\/span><\/span><span lang=\"DE-CH\"><a href=\"http:\/\/www.micro-mobility.com\/de\/micro-erleben\/microlino\" target=\"_blank\" rel=\"noopener\">Microlinos<\/a><\/span><span lang=\"DE-CH\"><span style=\"color: #000000\"> zur Markteinf\u00fchrung bestimmt. Die offiziellen Farben des <\/span><\/span><span lang=\"DE-CH\"><a href=\"http:\/\/www.micro-mobility.com\/de\/micro-erleben\/microlino\" target=\"_blank\" rel=\"noopener\">Microlinos<\/a><\/span><span lang=\"DE-CH\"><span style=\"color: #000000\"> sind: Z\u00fcrich-Blau, Milano-Rot, Paris-Mint, Holland-Orange, Gotham-Schwarz, London-Grau Und Vienna-Weiss. Aktuell haben bereits 4600 Leute einen <\/span><\/span><span lang=\"DE-CH\"><a href=\"http:\/\/www.micro-mobility.com\/de\/micro-erleben\/microlino\" target=\"_blank\" rel=\"noopener\">Microlino<\/a><\/span><span lang=\"DE-CH\"><span style=\"color: #000000\"> reserviert. Das Interesse um die <\/span><\/span><span lang=\"DE-CH\"><a href=\"http:\/\/www.micro-mobility.com\/de\/micro-erleben\/microlino\" target=\"_blank\" rel=\"noopener\">Microlinos<\/a><\/span><span lang=\"DE-CH\"><span style=\"color: #000000\"> ist gross, und die Vision von Wim Ouboter ein <\/span><\/span><span lang=\"DE-CH\"><a href=\"https:\/\/www.microscooter.ch\/kids.html?___store=english&amp;cat=31&amp;limit=all&amp;gclid=CjwKCAiA78XTBRBiEiwAGv7EKgILz9EtOrQgRsG9kg5bKnzMKZabdrKpVs0Hg8rtj6stRHQWPK6ENBoCSdMQAvD_BwE\" target=\"_blank\" rel=\"noopener\">Kickboard<\/a><\/span><span style=\"color: #000000\"><sup><span lang=\"DE-CH\">\u00ae <\/span><\/sup><span lang=\"DE-CH\">f\u00fcr die letzte Strecke zum Zielort in jedem Kleinfahrzeug zu haben, kann endlich Realit\u00e4t werden. Schon vor fast 20 Jahren h\u00e4tte es beinahe bei einer Kooperation mit <\/span><\/span><span lang=\"DE-CH\"><a href=\"https:\/\/www.smart.com\/en\/en\/index.html\" target=\"_blank\" rel=\"noopener\">Smart<\/a><\/span><span lang=\"DE-CH\"><span style=\"color: #000000\"> geklappt, leider wurde das Projekt durch die \u00dcbernahme von <\/span><\/span><span lang=\"DE-CH\"><a href=\"https:\/\/www.mercedes-benz.com\/de\/\" target=\"_blank\" rel=\"noopener\">Mercedes<\/a><\/span><span lang=\"DE-CH\"><span style=\"color: #000000\"> gestoppt. Wim Ouboter ist jedoch niemand der einfach so aufgibt, sondern seine Visionen hartn\u00e4ckig verfolgt und auch dieses Ziel \u2013 nun eben mit einem eigenen Kleinfahrzeug \u2013 bis zur Erreichung verfolgt. Der <\/span><\/span><span lang=\"DE-CH\"><a href=\"http:\/\/www.micro-mobility.com\/de\/micro-erleben\/microlino\" target=\"_blank\" rel=\"noopener\">Microlino<\/a><\/span><span lang=\"DE-CH\"><span style=\"color: #000000\"> wird voraussichtlich ab Mitte 2018 zum Verkauf stehen, die Schweiz und Deutschland werden die ersten L\u00e4nder sein, weitere Europ\u00e4ische St\u00e4dte folgen.<\/span><\/span><\/span><\/p>\n<p><span lang=\"DE-CH\"><a href=\"https:\/\/www.micro-mobility.com\/\" target=\"_blank\" rel=\"noopener\">https:\/\/www.micro-mobility.com<\/a><\/span><\/p>\n<p><a href=\"https:\/\/www.facebook.com\/microlino.car\/\" target=\"_blank\" rel=\"noopener\"><span lang=\"DE-CH\">https:\/\/www.facebook.com\/microlino.car\/&nbsp;<\/span><\/a><\/p>\n<div class=\"pt-sm\">Schlagw\u00f6rter: <a href=\"https:\/\/blog.zhaw.ch\/marketingmanagement\/tag\/e-isetta\/\">e-Isetta<\/a>, <a href=\"https:\/\/blog.zhaw.ch\/marketingmanagement\/tag\/eric-tazzari\/\">Eric Tazzari<\/a>, <a href=\"https:\/\/blog.zhaw.ch\/marketingmanagement\/tag\/facebook\/\">Facebook<\/a>, <a href=\"https:\/\/blog.zhaw.ch\/marketingmanagement\/tag\/flitzer\/\">Flitzer<\/a>, <a href=\"https:\/\/blog.zhaw.ch\/marketingmanagement\/tag\/imm\/\">IMM<\/a>, <a href=\"https:\/\/blog.zhaw.ch\/marketingmanagement\/tag\/institut-fur-marketing-management\/\">Institut f\u00fcr Marketing Management<\/a>, <a href=\"https:\/\/blog.zhaw.ch\/marketingmanagement\/tag\/isetta\/\">Isetta<\/a>, <a href=\"https:\/\/blog.zhaw.ch\/marketingmanagement\/tag\/kabinenroller\/\">Kabinenroller<\/a>, <a href=\"https:\/\/blog.zhaw.ch\/marketingmanagement\/tag\/marketing-gag\/\">Marketing-Gag<\/a>, <a href=\"https:\/\/blog.zhaw.ch\/marketingmanagement\/tag\/mercedes-benz\/\">Mercedes Benz<\/a>, <a href=\"https:\/\/blog.zhaw.ch\/marketingmanagement\/tag\/merlin-ouboter\/\">Merlin Ouboter<\/a>, <a href=\"https:\/\/blog.zhaw.ch\/marketingmanagement\/tag\/micro\/\">Micro<\/a>, <a href=\"https:\/\/blog.zhaw.ch\/marketingmanagement\/tag\/micro-scooter\/\">Micro Scooter<\/a>, <a href=\"https:\/\/blog.zhaw.ch\/marketingmanagement\/tag\/micro-mobility\/\">Micro-Mobility<\/a>, <a href=\"https:\/\/blog.zhaw.ch\/marketingmanagement\/tag\/microlino\/\">Microlino<\/a>, <a href=\"https:\/\/blog.zhaw.ch\/marketingmanagement\/tag\/oliver-ouboter\/\">Oliver Ouboter<\/a>, <a href=\"https:\/\/blog.zhaw.ch\/marketingmanagement\/tag\/pascal-studerus\/\">Pascal Studerus<\/a>, <a href=\"https:\/\/blog.zhaw.ch\/marketingmanagement\/tag\/prototyp\/\">Prototyp<\/a>, <a href=\"https:\/\/blog.zhaw.ch\/marketingmanagement\/tag\/smart\/\">Smart<\/a>, <a href=\"https:\/\/blog.zhaw.ch\/marketingmanagement\/tag\/strassenverkehr\/\">Strassenverkehr<\/a>, <a href=\"https:\/\/blog.zhaw.ch\/marketingmanagement\/tag\/strassenverkehrssteuern\/\">Strassenverkehrssteuern<\/a>, <a href=\"https:\/\/blog.zhaw.ch\/marketingmanagement\/tag\/technikum\/\">Technikum<\/a>, <a href=\"https:\/\/blog.zhaw.ch\/marketingmanagement\/tag\/wim-ouboter\/\">Wim Ouboter<\/a>, <a href=\"https:\/\/blog.zhaw.ch\/marketingmanagement\/tag\/zhaw\/\">zhaw<\/a><br><\/div>","protected":false},"excerpt":{"rendered":"<p>Von Dana M\u00fcller Er ist 450kg leicht, bietet Platz f\u00fcr zwei, f\u00e4hrt bis zu 90km\/h schnell und kommt je nach Ausf\u00fchrung 120 km bis 215 km weit. Vor allem ist er praktisch und \u00e4usserst \u00f6kologisch: Der Microlino. Auf den ersten Blick erinnert der Microlino an die Isetta Kabinenroller aus den 50ern. Von da kam dem [&hellip;]<\/p>\n","protected":false},"author":363,"featured_media":0,"comment_status":"open","ping_status":"open","sticky":false,"template":"","format":"standard","meta":{"ngg_post_thumbnail":0,"footnotes":""},"categories":[1,10],"tags":[2391,2399,178,2400,246,255,2388,2389,2394,1068,2396,2387,2393,2392,2386,2395,2397,1622,2403,2401,2402,2398,2390,670],"features":[],"class_list":["post-9525","post","type-post","status-publish","format-standard","hentry","category-allgemein","category-smart-product-management","tag-e-isetta","tag-eric-tazzari","tag-facebook","tag-flitzer","tag-imm","tag-institut-fur-marketing-management","tag-isetta","tag-kabinenroller","tag-marketing-gag","tag-mercedes-benz","tag-merlin-ouboter","tag-micro","tag-micro-scooter","tag-micro-mobility","tag-microlino","tag-oliver-ouboter","tag-pascal-studerus","tag-prototyp","tag-smart","tag-strassenverkehr","tag-strassenverkehrssteuern","tag-technikum","tag-wim-ouboter","tag-zhaw"],"yoast_head":"<!-- This site is optimized with the Yoast SEO Premium plugin v27.2 (Yoast SEO v27.2) - https:\/\/yoast.com\/product\/yoast-seo-premium-wordpress\/ -->\n<title>Kleiner Flitzer, grosse Show - der Microlino stellt sich vor - Marketing Management-Blog<\/title>\n<meta name=\"robots\" content=\"index, follow, max-snippet:-1, max-image-preview:large, max-video-preview:-1\" \/>\n<link rel=\"canonical\" href=\"https:\/\/blog.zhaw.ch\/marketingmanagement\/kleiner-flitzer-grosse-show-der-microlino-stellt-sich-vor\/\" \/>\n<meta property=\"og:locale\" content=\"de_DE\" \/>\n<meta property=\"og:type\" content=\"article\" \/>\n<meta property=\"og:title\" content=\"Kleiner Flitzer, grosse Show - der Microlino stellt sich vor\" \/>\n<meta property=\"og:description\" content=\"Von Dana M\u00fcller Er ist 450kg leicht, bietet Platz f\u00fcr zwei, f\u00e4hrt bis zu 90km\/h schnell und kommt je nach Ausf\u00fchrung 120 km bis 215 km weit. Vor allem ist er praktisch und \u00e4usserst \u00f6kologisch: Der Microlino. Auf den ersten Blick erinnert der Microlino an die Isetta Kabinenroller aus den 50ern. Von da kam dem [&hellip;]\" \/>\n<meta property=\"og:url\" content=\"https:\/\/blog.zhaw.ch\/marketingmanagement\/kleiner-flitzer-grosse-show-der-microlino-stellt-sich-vor\/\" \/>\n<meta property=\"og:site_name\" content=\"Marketing Management-Blog\" \/>\n<meta property=\"article:published_time\" content=\"2018-02-07T06:59:30+00:00\" \/>\n<meta property=\"article:modified_time\" content=\"2018-02-07T07:10:14+00:00\" \/>\n<meta property=\"og:image\" content=\"https:\/\/blog.zhaw.ch\/marketingmanagement\/files\/2018\/02\/Microlino-Presskit-300x225.png\" \/>\n<meta name=\"author\" content=\"mudn\" \/>\n<meta name=\"twitter:card\" content=\"summary_large_image\" \/>\n<meta name=\"twitter:label1\" content=\"Verfasst von\" \/>\n\t<meta name=\"twitter:data1\" content=\"mudn\" \/>\n\t<meta name=\"twitter:label2\" content=\"Gesch\u00e4tzte Lesezeit\" \/>\n\t<meta name=\"twitter:data2\" content=\"3\u00a0Minuten\" \/>\n<script type=\"application\/ld+json\" class=\"yoast-schema-graph\">{\"@context\":\"https:\/\/schema.org\",\"@graph\":[{\"@type\":\"Article\",\"@id\":\"https:\/\/blog.zhaw.ch\/marketingmanagement\/kleiner-flitzer-grosse-show-der-microlino-stellt-sich-vor\/#article\",\"isPartOf\":{\"@id\":\"https:\/\/blog.zhaw.ch\/marketingmanagement\/kleiner-flitzer-grosse-show-der-microlino-stellt-sich-vor\/\"},\"author\":{\"name\":\"mudn\",\"@id\":\"https:\/\/blog.zhaw.ch\/marketingmanagement\/#\/schema\/person\/03c0a95740650bf5db12e1f720c2c0f3\"},\"headline\":\"Kleiner Flitzer, grosse Show &#8211; der Microlino stellt sich vor\",\"datePublished\":\"2018-02-07T06:59:30+00:00\",\"dateModified\":\"2018-02-07T07:10:14+00:00\",\"mainEntityOfPage\":{\"@id\":\"https:\/\/blog.zhaw.ch\/marketingmanagement\/kleiner-flitzer-grosse-show-der-microlino-stellt-sich-vor\/\"},\"wordCount\":666,\"commentCount\":0,\"image\":{\"@id\":\"https:\/\/blog.zhaw.ch\/marketingmanagement\/kleiner-flitzer-grosse-show-der-microlino-stellt-sich-vor\/#primaryimage\"},\"thumbnailUrl\":\"https:\/\/blog.zhaw.ch\/marketingmanagement\/files\/2018\/02\/Microlino-Presskit-300x225.png\",\"keywords\":[\"e-Isetta\",\"Eric Tazzari\",\"Facebook\",\"Flitzer\",\"IMM\",\"Institut f\u00fcr Marketing Management\",\"Isetta\",\"Kabinenroller\",\"Marketing-Gag\",\"Mercedes Benz\",\"Merlin Ouboter\",\"Micro\",\"Micro Scooter\",\"Micro-Mobility\",\"Microlino\",\"Oliver Ouboter\",\"Pascal Studerus\",\"Prototyp\",\"Smart\",\"Strassenverkehr\",\"Strassenverkehrssteuern\",\"Technikum\",\"Wim Ouboter\",\"zhaw\"],\"articleSection\":{\"1\":\"Smart Product Management\"},\"inLanguage\":\"de\",\"potentialAction\":[{\"@type\":\"CommentAction\",\"name\":\"Comment\",\"target\":[\"https:\/\/blog.zhaw.ch\/marketingmanagement\/kleiner-flitzer-grosse-show-der-microlino-stellt-sich-vor\/#respond\"]}]},{\"@type\":\"WebPage\",\"@id\":\"https:\/\/blog.zhaw.ch\/marketingmanagement\/kleiner-flitzer-grosse-show-der-microlino-stellt-sich-vor\/\",\"url\":\"https:\/\/blog.zhaw.ch\/marketingmanagement\/kleiner-flitzer-grosse-show-der-microlino-stellt-sich-vor\/\",\"name\":\"Kleiner Flitzer, grosse Show - der Microlino stellt sich vor - Marketing Management-Blog\",\"isPartOf\":{\"@id\":\"https:\/\/blog.zhaw.ch\/marketingmanagement\/#website\"},\"primaryImageOfPage\":{\"@id\":\"https:\/\/blog.zhaw.ch\/marketingmanagement\/kleiner-flitzer-grosse-show-der-microlino-stellt-sich-vor\/#primaryimage\"},\"image\":{\"@id\":\"https:\/\/blog.zhaw.ch\/marketingmanagement\/kleiner-flitzer-grosse-show-der-microlino-stellt-sich-vor\/#primaryimage\"},\"thumbnailUrl\":\"https:\/\/blog.zhaw.ch\/marketingmanagement\/files\/2018\/02\/Microlino-Presskit-300x225.png\",\"datePublished\":\"2018-02-07T06:59:30+00:00\",\"dateModified\":\"2018-02-07T07:10:14+00:00\",\"author\":{\"@id\":\"https:\/\/blog.zhaw.ch\/marketingmanagement\/#\/schema\/person\/03c0a95740650bf5db12e1f720c2c0f3\"},\"breadcrumb\":{\"@id\":\"https:\/\/blog.zhaw.ch\/marketingmanagement\/kleiner-flitzer-grosse-show-der-microlino-stellt-sich-vor\/#breadcrumb\"},\"inLanguage\":\"de\",\"potentialAction\":[{\"@type\":\"ReadAction\",\"target\":[\"https:\/\/blog.zhaw.ch\/marketingmanagement\/kleiner-flitzer-grosse-show-der-microlino-stellt-sich-vor\/\"]}]},{\"@type\":\"ImageObject\",\"inLanguage\":\"de\",\"@id\":\"https:\/\/blog.zhaw.ch\/marketingmanagement\/kleiner-flitzer-grosse-show-der-microlino-stellt-sich-vor\/#primaryimage\",\"url\":\"\",\"contentUrl\":\"\"},{\"@type\":\"BreadcrumbList\",\"@id\":\"https:\/\/blog.zhaw.ch\/marketingmanagement\/kleiner-flitzer-grosse-show-der-microlino-stellt-sich-vor\/#breadcrumb\",\"itemListElement\":[{\"@type\":\"ListItem\",\"position\":1,\"name\":\"Startseite\",\"item\":\"https:\/\/blog.zhaw.ch\/marketingmanagement\/\"},{\"@type\":\"ListItem\",\"position\":2,\"name\":\"Kleiner Flitzer, grosse Show &#8211; der Microlino stellt sich vor\"}]},{\"@type\":\"WebSite\",\"@id\":\"https:\/\/blog.zhaw.ch\/marketingmanagement\/#website\",\"url\":\"https:\/\/blog.zhaw.ch\/marketingmanagement\/\",\"name\":\"Marketing Management-Blog\",\"description\":\"Ein Blog der ZHAW Z\u00fcrcher Hochschule f\u00fcr Angewandte Wissenschaften\",\"potentialAction\":[{\"@type\":\"SearchAction\",\"target\":{\"@type\":\"EntryPoint\",\"urlTemplate\":\"https:\/\/blog.zhaw.ch\/marketingmanagement\/?s={search_term_string}\"},\"query-input\":{\"@type\":\"PropertyValueSpecification\",\"valueRequired\":true,\"valueName\":\"search_term_string\"}}],\"inLanguage\":\"de\"},{\"@type\":\"Person\",\"@id\":\"https:\/\/blog.zhaw.ch\/marketingmanagement\/#\/schema\/person\/03c0a95740650bf5db12e1f720c2c0f3\",\"name\":\"mudn\",\"image\":{\"@type\":\"ImageObject\",\"inLanguage\":\"de\",\"@id\":\"https:\/\/secure.gravatar.com\/avatar\/cf15c532172a0166f6ce91a0995eaeec63b3868bccfc4aa750793d695a1df58b?s=96&d=mm&r=g\",\"url\":\"https:\/\/secure.gravatar.com\/avatar\/cf15c532172a0166f6ce91a0995eaeec63b3868bccfc4aa750793d695a1df58b?s=96&d=mm&r=g\",\"contentUrl\":\"https:\/\/secure.gravatar.com\/avatar\/cf15c532172a0166f6ce91a0995eaeec63b3868bccfc4aa750793d695a1df58b?s=96&d=mm&r=g\",\"caption\":\"mudn\"},\"url\":\"https:\/\/blog.zhaw.ch\/marketingmanagement\/author\/mudn\/\"}]}<\/script>\n<!-- \/ Yoast SEO Premium plugin. -->","yoast_head_json":{"title":"Kleiner Flitzer, grosse Show - der Microlino stellt sich vor - Marketing Management-Blog","robots":{"index":"index","follow":"follow","max-snippet":"max-snippet:-1","max-image-preview":"max-image-preview:large","max-video-preview":"max-video-preview:-1"},"canonical":"https:\/\/blog.zhaw.ch\/marketingmanagement\/kleiner-flitzer-grosse-show-der-microlino-stellt-sich-vor\/","og_locale":"de_DE","og_type":"article","og_title":"Kleiner Flitzer, grosse Show - der Microlino stellt sich vor","og_description":"Von Dana M\u00fcller Er ist 450kg leicht, bietet Platz f\u00fcr zwei, f\u00e4hrt bis zu 90km\/h schnell und kommt je nach Ausf\u00fchrung 120 km bis 215 km weit. Vor allem ist er praktisch und \u00e4usserst \u00f6kologisch: Der Microlino. Auf den ersten Blick erinnert der Microlino an die Isetta Kabinenroller aus den 50ern. Von da kam dem [&hellip;]","og_url":"https:\/\/blog.zhaw.ch\/marketingmanagement\/kleiner-flitzer-grosse-show-der-microlino-stellt-sich-vor\/","og_site_name":"Marketing Management-Blog","article_published_time":"2018-02-07T06:59:30+00:00","article_modified_time":"2018-02-07T07:10:14+00:00","og_image":[{"url":"https:\/\/blog.zhaw.ch\/marketingmanagement\/files\/2018\/02\/Microlino-Presskit-300x225.png","type":"","width":"","height":""}],"author":"mudn","twitter_card":"summary_large_image","twitter_misc":{"Verfasst von":"mudn","Gesch\u00e4tzte Lesezeit":"3\u00a0Minuten"},"schema":{"@context":"https:\/\/schema.org","@graph":[{"@type":"Article","@id":"https:\/\/blog.zhaw.ch\/marketingmanagement\/kleiner-flitzer-grosse-show-der-microlino-stellt-sich-vor\/#article","isPartOf":{"@id":"https:\/\/blog.zhaw.ch\/marketingmanagement\/kleiner-flitzer-grosse-show-der-microlino-stellt-sich-vor\/"},"author":{"name":"mudn","@id":"https:\/\/blog.zhaw.ch\/marketingmanagement\/#\/schema\/person\/03c0a95740650bf5db12e1f720c2c0f3"},"headline":"Kleiner Flitzer, grosse Show &#8211; der Microlino stellt sich vor","datePublished":"2018-02-07T06:59:30+00:00","dateModified":"2018-02-07T07:10:14+00:00","mainEntityOfPage":{"@id":"https:\/\/blog.zhaw.ch\/marketingmanagement\/kleiner-flitzer-grosse-show-der-microlino-stellt-sich-vor\/"},"wordCount":666,"commentCount":0,"image":{"@id":"https:\/\/blog.zhaw.ch\/marketingmanagement\/kleiner-flitzer-grosse-show-der-microlino-stellt-sich-vor\/#primaryimage"},"thumbnailUrl":"https:\/\/blog.zhaw.ch\/marketingmanagement\/files\/2018\/02\/Microlino-Presskit-300x225.png","keywords":["e-Isetta","Eric Tazzari","Facebook","Flitzer","IMM","Institut f\u00fcr Marketing Management","Isetta","Kabinenroller","Marketing-Gag","Mercedes Benz","Merlin Ouboter","Micro","Micro Scooter","Micro-Mobility","Microlino","Oliver Ouboter","Pascal Studerus","Prototyp","Smart","Strassenverkehr","Strassenverkehrssteuern","Technikum","Wim Ouboter","zhaw"],"articleSection":{"1":"Smart Product Management"},"inLanguage":"de","potentialAction":[{"@type":"CommentAction","name":"Comment","target":["https:\/\/blog.zhaw.ch\/marketingmanagement\/kleiner-flitzer-grosse-show-der-microlino-stellt-sich-vor\/#respond"]}]},{"@type":"WebPage","@id":"https:\/\/blog.zhaw.ch\/marketingmanagement\/kleiner-flitzer-grosse-show-der-microlino-stellt-sich-vor\/","url":"https:\/\/blog.zhaw.ch\/marketingmanagement\/kleiner-flitzer-grosse-show-der-microlino-stellt-sich-vor\/","name":"Kleiner Flitzer, grosse Show - der Microlino stellt sich vor - Marketing Management-Blog","isPartOf":{"@id":"https:\/\/blog.zhaw.ch\/marketingmanagement\/#website"},"primaryImageOfPage":{"@id":"https:\/\/blog.zhaw.ch\/marketingmanagement\/kleiner-flitzer-grosse-show-der-microlino-stellt-sich-vor\/#primaryimage"},"image":{"@id":"https:\/\/blog.zhaw.ch\/marketingmanagement\/kleiner-flitzer-grosse-show-der-microlino-stellt-sich-vor\/#primaryimage"},"thumbnailUrl":"https:\/\/blog.zhaw.ch\/marketingmanagement\/files\/2018\/02\/Microlino-Presskit-300x225.png","datePublished":"2018-02-07T06:59:30+00:00","dateModified":"2018-02-07T07:10:14+00:00","author":{"@id":"https:\/\/blog.zhaw.ch\/marketingmanagement\/#\/schema\/person\/03c0a95740650bf5db12e1f720c2c0f3"},"breadcrumb":{"@id":"https:\/\/blog.zhaw.ch\/marketingmanagement\/kleiner-flitzer-grosse-show-der-microlino-stellt-sich-vor\/#breadcrumb"},"inLanguage":"de","potentialAction":[{"@type":"ReadAction","target":["https:\/\/blog.zhaw.ch\/marketingmanagement\/kleiner-flitzer-grosse-show-der-microlino-stellt-sich-vor\/"]}]},{"@type":"ImageObject","inLanguage":"de","@id":"https:\/\/blog.zhaw.ch\/marketingmanagement\/kleiner-flitzer-grosse-show-der-microlino-stellt-sich-vor\/#primaryimage","url":"","contentUrl":""},{"@type":"BreadcrumbList","@id":"https:\/\/blog.zhaw.ch\/marketingmanagement\/kleiner-flitzer-grosse-show-der-microlino-stellt-sich-vor\/#breadcrumb","itemListElement":[{"@type":"ListItem","position":1,"name":"Startseite","item":"https:\/\/blog.zhaw.ch\/marketingmanagement\/"},{"@type":"ListItem","position":2,"name":"Kleiner Flitzer, grosse Show &#8211; der Microlino stellt sich vor"}]},{"@type":"WebSite","@id":"https:\/\/blog.zhaw.ch\/marketingmanagement\/#website","url":"https:\/\/blog.zhaw.ch\/marketingmanagement\/","name":"Marketing Management-Blog","description":"Ein Blog der ZHAW Z\u00fcrcher Hochschule f\u00fcr Angewandte Wissenschaften","potentialAction":[{"@type":"SearchAction","target":{"@type":"EntryPoint","urlTemplate":"https:\/\/blog.zhaw.ch\/marketingmanagement\/?s={search_term_string}"},"query-input":{"@type":"PropertyValueSpecification","valueRequired":true,"valueName":"search_term_string"}}],"inLanguage":"de"},{"@type":"Person","@id":"https:\/\/blog.zhaw.ch\/marketingmanagement\/#\/schema\/person\/03c0a95740650bf5db12e1f720c2c0f3","name":"mudn","image":{"@type":"ImageObject","inLanguage":"de","@id":"https:\/\/secure.gravatar.com\/avatar\/cf15c532172a0166f6ce91a0995eaeec63b3868bccfc4aa750793d695a1df58b?s=96&d=mm&r=g","url":"https:\/\/secure.gravatar.com\/avatar\/cf15c532172a0166f6ce91a0995eaeec63b3868bccfc4aa750793d695a1df58b?s=96&d=mm&r=g","contentUrl":"https:\/\/secure.gravatar.com\/avatar\/cf15c532172a0166f6ce91a0995eaeec63b3868bccfc4aa750793d695a1df58b?s=96&d=mm&r=g","caption":"mudn"},"url":"https:\/\/blog.zhaw.ch\/marketingmanagement\/author\/mudn\/"}]}},"_links":{"self":[{"href":"https:\/\/blog.zhaw.ch\/marketingmanagement\/wp-json\/wp\/v2\/posts\/9525","targetHints":{"allow":["GET"]}}],"collection":[{"href":"https:\/\/blog.zhaw.ch\/marketingmanagement\/wp-json\/wp\/v2\/posts"}],"about":[{"href":"https:\/\/blog.zhaw.ch\/marketingmanagement\/wp-json\/wp\/v2\/types\/post"}],"author":[{"embeddable":true,"href":"https:\/\/blog.zhaw.ch\/marketingmanagement\/wp-json\/wp\/v2\/users\/363"}],"replies":[{"embeddable":true,"href":"https:\/\/blog.zhaw.ch\/marketingmanagement\/wp-json\/wp\/v2\/comments?post=9525"}],"version-history":[{"count":4,"href":"https:\/\/blog.zhaw.ch\/marketingmanagement\/wp-json\/wp\/v2\/posts\/9525\/revisions"}],"predecessor-version":[{"id":9531,"href":"https:\/\/blog.zhaw.ch\/marketingmanagement\/wp-json\/wp\/v2\/posts\/9525\/revisions\/9531"}],"wp:attachment":[{"href":"https:\/\/blog.zhaw.ch\/marketingmanagement\/wp-json\/wp\/v2\/media?parent=9525"}],"wp:term":[{"taxonomy":"category","embeddable":true,"href":"https:\/\/blog.zhaw.ch\/marketingmanagement\/wp-json\/wp\/v2\/categories?post=9525"},{"taxonomy":"post_tag","embeddable":true,"href":"https:\/\/blog.zhaw.ch\/marketingmanagement\/wp-json\/wp\/v2\/tags?post=9525"},{"taxonomy":"features","embeddable":true,"href":"https:\/\/blog.zhaw.ch\/marketingmanagement\/wp-json\/wp\/v2\/features?post=9525"}],"curies":[{"name":"wp","href":"https:\/\/api.w.org\/{rel}","templated":true}]}}