{"id":9363,"date":"2017-10-26T06:28:05","date_gmt":"2017-10-26T04:28:05","guid":{"rendered":"https:\/\/blog.zhaw.ch\/marketingmanagement\/?p=9363"},"modified":"2017-11-03T11:17:10","modified_gmt":"2017-11-03T09:17:10","slug":"emotionen-und-kompetenz-beim-cas-markenemotionalisierung","status":"publish","type":"post","link":"https:\/\/blog.zhaw.ch\/marketingmanagement\/emotionen-und-kompetenz-beim-cas-markenemotionalisierung\/","title":{"rendered":"Emotionen und Kompetenz beim CAS Markenemotionalisierung"},"content":{"rendered":"<p><em>Julia Kern und Christof Gr\u00fctter haben im Fr\u00fchjahr 2017 gemeinsam den <a href=\"https:\/\/weiterbildung.zhaw.ch\/de\/school-of-management-and-law\/programm\/cas-markenemotionalisierung.html\" target=\"_blank\" rel=\"noopener\">CAS Markenemotionalisierung<\/a> besucht. Julia Kern ist Projektleiterin Eventmarketing bei der <a href=\"http:\/\/www.srgssr.ch\/\" target=\"_blank\" rel=\"noopener\">SRG SSR<\/a> &#8211; Business Unit Sport und Christof Gr\u00fctter ist Teamleiter Marketing der <a href=\"http:\/\/dealer.bmw.ch\/niederlassung-dielsdorf\/de_CH\/index.html\" target=\"_blank\" rel=\"noopener\">BMW Niederlassung Z\u00fcrich-Dielsdorf<\/a>. Warum sie sich f\u00fcr den Kurs entschieden und welche Erfahrungen sie gemacht haben, dar\u00fcber haben wir mit ihnen gesprochen.<\/em><\/p>\n<p><strong>Warum habt Ihr euch f\u00fcr den <a href=\"https:\/\/weiterbildung.zhaw.ch\/de\/school-of-management-and-law\/programm\/cas-markenemotionalisierung.html\" target=\"_blank\" rel=\"noopener\">CAS Markenemotionalisierung<\/a> entschieden? <\/strong><\/p>\n<p><em>Julia Kern<\/em>: Das Thema ist perfekt f\u00fcr mich, da in unserer Situation (No Billag-Initiative) die Emotionalisierung unserer Marke eine sehr wichtige Rolle spielt! Zudem habe ich mich schon immer f\u00fcr Sportmarketing-Themen interessiert. Die Mischung mit anderen Events \u2013 neben dem Sport \u2013 kam meinen pers\u00f6nlichen Interessen entgegen.<\/p>\n<p><em>Christof Gr\u00fctter<\/em>: Ich habe mich f\u00fcr diesen CAS entschieden, da ich der \u00dcberzeugung bin, dass ein Produkt, welches mit Emotionen aufgeladen wird, beim Kunden eine nachhaltigere Bindung hinterl\u00e4sst. Mein Ziel war es, in diesem Bereich konkrete Kompetenzen aufzubauen.<\/p>\n<p><strong>Welches langfristige Ziel m\u00f6chtet Ihr mit dem Studium erreichen?<\/strong><\/p>\n<p><em>Christof Gr\u00fctter<\/em>: Langfristig m\u00f6chte ich meine Marketingentscheidungen faktenbasiert und nicht nur auf Erfahrung basiert f\u00e4llen. Daher hilft mir die mit diesem Studium aufgebaute Kompetenz, Entscheide basierend auf Fachwissen und Erfahrung fundiert zu f\u00e4llen.<\/p>\n<p><em>Julia Kern<\/em>: Durch den Besuch der verschiedenen CAS habe ich einen Einblick in diverse Themen bekommen, welche mir helfen sollen, neue Ideen im praktischen Joballtag mit einbringen zu k\u00f6nnen. Zudem soll der <a href=\"https:\/\/weiterbildung.zhaw.ch\/de\/school-of-management-and-law\/programm\/mas-marketing-management.html\" target=\"_blank\" rel=\"noopener\">MAS Marketing Management<\/a> mich nat\u00fcrlich langfristig auch auf der Jobstufe h\u00f6her bringen. (<em>Anm.d.R. <\/em>Julia Kern schreibt soeben an ihrer Masterarbeit im <a href=\"https:\/\/weiterbildung.zhaw.ch\/de\/school-of-management-and-law\/programm\/mas-marketing-management.html\" target=\"_blank\" rel=\"noopener\">MAS<\/a> und hat bereits vier CAS besucht).<\/p>\n<figure id=\"attachment_9365\" aria-describedby=\"caption-attachment-9365\" style=\"width: 584px\" class=\"wp-caption alignnone\"><a href=\"https:\/\/blog.zhaw.ch\/marketingmanagement\/files\/2017\/10\/20170822_Kern_Julia-9103.jpg\" target=\"_blank\" rel=\"noopener\"><img loading=\"lazy\" decoding=\"async\" class=\"wp-image-9365 size-large\" src=\"https:\/\/blog.zhaw.ch\/marketingmanagement\/files\/2017\/10\/20170822_Kern_Julia-9103-683x1024.jpg\" alt=\"\" width=\"584\" height=\"876\"><\/a><figcaption id=\"caption-attachment-9365\" class=\"wp-caption-text\">Julia Kern: &#8222;Neue Ideen im praktischen Joballtag&#8220;<\/figcaption><\/figure>\n<p><strong>Was hat Euch am CAS Markenemotionalisierung besonders gut gefallen?<\/strong><\/p>\n<p><em>Julia Kern<\/em>: Es waren \u00fcber s\u00e4mtliche CAS sehr interessante Dozenten in den Lehrg\u00e4ngen, welche mehrheitlich einen tiefen Einblick in deren Wissen geben konnten und einem somit brauchbare Tipps f\u00fcr die Praxis mit auf den Weg geben konnten.<\/p>\n<p><em>Christof Gr\u00fctter<\/em>: Insbesondere haben mir die wertvollen Kontakte geholfen. Die Vielseitigkeit der unterschiedlichen Dozenten und Themenbereiche (Psychologie, Sponsoring, Sportaspekte) habe ich als sehr bereichernd empfunden.<\/p>\n<figure id=\"attachment_9380\" aria-describedby=\"caption-attachment-9380\" style=\"width: 584px\" class=\"wp-caption alignnone\"><a href=\"https:\/\/blog.zhaw.ch\/marketingmanagement\/files\/2017\/10\/IMG_0003_klein.jpg\" target=\"_blank\" rel=\"noopener\"><img loading=\"lazy\" decoding=\"async\" class=\"wp-image-9380 size-large\" src=\"https:\/\/blog.zhaw.ch\/marketingmanagement\/files\/2017\/10\/IMG_0003_klein-1024x683.jpg\" alt=\"\" width=\"584\" height=\"390\"><\/a><figcaption id=\"caption-attachment-9380\" class=\"wp-caption-text\">Christof Gr\u00fctter: &#8222;Wertvolle Kontakte<\/figcaption><\/figure>\n<p><strong>Konntet Ihr die Inhalte des CAS auch bereits im Job anwenden?<\/strong><\/p>\n<p><em>Christof Gr\u00fctter<\/em>: Das erworbene Fachwissen hat mir besonders in der Ausgestaltung der aktuellen Herbstausstellung der <a href=\"Christof%20Gr\u00fctter\" target=\"_blank\" rel=\"noopener\">BMW Niederlassung Z\u00fcrich-Dielsdorf<\/a> geholfen. Es ist uns gelungen ein emotionales Konzept zu erstellen, welches unsere Kunden als stimmig wahrgenommen haben. Aus unserer Sicht ist es uns gelungen den Kunden unsere Leidenschaft f\u00fcr die Marken und die verkauften Produkte erlebbar zu machen.<\/p>\n<p><em>Julia Kern<\/em>: Yes, immer wieder! Ich bin jetzt nicht die Person, die Modelle direkt wieder anwendet \u2013 obwohl das jetzt kommen wird, da ich immer mehr Konzepte erarbeiten muss \ud83d\ude42 Aber ich habe viele kleine Details, Ideen und Gedankenz\u00fcge mitnehmen k\u00f6nnen, die mir in gewissen Situationen immer wieder einfallen und weiterhelfen.<\/p>\n<p><strong>Wem w\u00fcrdet Ihr den <a href=\"https:\/\/weiterbildung.zhaw.ch\/de\/school-of-management-and-law\/programm\/cas-markenemotionalisierung.html\" target=\"_blank\" rel=\"noopener\">CAS Markenemotionalisierung<\/a> empfehlen?<\/strong><\/p>\n<p><em>Christof Gr\u00fctter<\/em>: Ich w\u00fcrde diesen CAS allen Marketingverantwortlichen empfehlen, deren Produkte starke Aktivit\u00e4ten im Bereich Event bedingen oder f\u00fcr den Kunden mit starken Emotionen verbunden sind. In meinem konkreten Fall: die Marken BMW und MINI und die damit verbundene Emotionalit\u00e4t.<\/p>\n<p><em>Julia Kern<\/em>: Dem schliesse ich mich vollumf\u00e4nglich an!<\/p>\n<p>&nbsp;<\/p>\n<p><em>Haben Sie Fragen zum <a href=\"https:\/\/weiterbildung.zhaw.ch\/de\/school-of-management-and-law\/programm\/cas-markenemotionalisierung.html\" target=\"_blank\" rel=\"noopener\">CAS Markenemotionalisierung<\/a>? Dann k\u00f6nnen Sie sich an Marcel H\u00fcttermann via mail <\/em><a href=\"mailto:huet@zhaw.ch\"><em>huet@zhaw.ch<\/em><\/a><em> oder via Telefon 058 934 76 98 wenden. Des Weiteren finden Sie zahlreiche Informationen zum Kurs auch <\/em><a href=\"https:\/\/weiterbildung.zhaw.ch\/de\/school-of-management-and-law\/programm\/cas-markenemotionalisierung.html\"><em>online<\/em><\/a><em>.<\/em><\/p>\n<p>&nbsp;<\/p>\n<div class=\"pt-sm\">Schlagw\u00f6rter: <a href=\"https:\/\/blog.zhaw.ch\/marketingmanagement\/tag\/bwm\/\">BWM<\/a>, <a href=\"https:\/\/blog.zhaw.ch\/marketingmanagement\/tag\/cas\/\">CAS<\/a>, <a href=\"https:\/\/blog.zhaw.ch\/marketingmanagement\/tag\/cas-markenemotionalisierung\/\">CAS Markenemotionalisierung<\/a>, <a href=\"https:\/\/blog.zhaw.ch\/marketingmanagement\/tag\/christof-gruetter\/\">Christof Gr\u00fctter<\/a>, <a href=\"https:\/\/blog.zhaw.ch\/marketingmanagement\/tag\/diesldorf\/\">Diesldorf<\/a>, <a href=\"https:\/\/blog.zhaw.ch\/marketingmanagement\/tag\/dozenten\/\">Dozenten<\/a>, <a href=\"https:\/\/blog.zhaw.ch\/marketingmanagement\/tag\/emotionen\/\">Emotionen<\/a>, <a href=\"https:\/\/blog.zhaw.ch\/marketingmanagement\/tag\/event\/\">Event<\/a>, <a href=\"https:\/\/blog.zhaw.ch\/marketingmanagement\/tag\/imm\/\">IMM<\/a>, <a href=\"https:\/\/blog.zhaw.ch\/marketingmanagement\/tag\/initiative\/\">Initiative<\/a>, <a href=\"https:\/\/blog.zhaw.ch\/marketingmanagement\/tag\/institut-fur-marketing-management\/\">Institut f\u00fcr Marketing Management<\/a>, <a href=\"https:\/\/blog.zhaw.ch\/marketingmanagement\/tag\/julia-kern\/\">Julia Kern<\/a>, <a href=\"https:\/\/blog.zhaw.ch\/marketingmanagement\/tag\/kompetenz\/\">Kompetenz<\/a>, <a href=\"https:\/\/blog.zhaw.ch\/marketingmanagement\/tag\/marcel-huettermann\/\">Marcel H\u00fcttermann<\/a>, <a href=\"https:\/\/blog.zhaw.ch\/marketingmanagement\/tag\/mas\/\">MAS<\/a>, <a href=\"https:\/\/blog.zhaw.ch\/marketingmanagement\/tag\/mas-marketing-management\/\">MAS Marketing Management<\/a>, <a href=\"https:\/\/blog.zhaw.ch\/marketingmanagement\/tag\/mini\/\">MINI<\/a>, <a href=\"https:\/\/blog.zhaw.ch\/marketingmanagement\/tag\/no-billag\/\">No Billag<\/a>, <a href=\"https:\/\/blog.zhaw.ch\/marketingmanagement\/tag\/produkt\/\">Produkt<\/a>, <a href=\"https:\/\/blog.zhaw.ch\/marketingmanagement\/tag\/srg\/\">SRG<\/a>, <a href=\"https:\/\/blog.zhaw.ch\/marketingmanagement\/tag\/ssr\/\">SSR<\/a>, <a href=\"https:\/\/blog.zhaw.ch\/marketingmanagement\/tag\/weiterbildung\/\">Weiterbildung<\/a><br><\/div>","protected":false},"excerpt":{"rendered":"<p>Julia Kern und Christof Gr\u00fctter haben im Fr\u00fchjahr 2017 gemeinsam den CAS Markenemotionalisierung besucht. Julia Kern ist Projektleiterin Eventmarketing bei der SRG SSR &#8211; Business Unit Sport und Christof Gr\u00fctter ist Teamleiter Marketing der BMW Niederlassung Z\u00fcrich-Dielsdorf. Warum sie sich f\u00fcr den Kurs entschieden und welche Erfahrungen sie gemacht haben, dar\u00fcber haben wir mit ihnen [&hellip;]<\/p>\n","protected":false},"author":312,"featured_media":0,"comment_status":"open","ping_status":"open","sticky":false,"template":"","format":"standard","meta":{"ngg_post_thumbnail":0,"footnotes":""},"categories":[1,13],"tags":[2056,97,2052,2054,2057,1794,1134,172,246,2061,255,2055,2053,1874,983,350,365,2060,1696,2058,2059,903],"features":[],"class_list":["post-9363","post","type-post","status-publish","format-standard","hentry","category-allgemein","category-weiterbildung","tag-bwm","tag-cas","tag-cas-markenemotionalisierung","tag-christof-gruetter","tag-diesldorf","tag-dozenten","tag-emotionen","tag-event","tag-imm","tag-initiative","tag-institut-fur-marketing-management","tag-julia-kern","tag-kompetenz","tag-marcel-huettermann","tag-mas","tag-mas-marketing-management","tag-mini","tag-no-billag","tag-produkt","tag-srg","tag-ssr","tag-weiterbildung"],"yoast_head":"<!-- This site is optimized with the Yoast SEO Premium plugin v27.2 (Yoast SEO v27.2) - https:\/\/yoast.com\/product\/yoast-seo-premium-wordpress\/ -->\n<title>Emotionen und Kompetenz beim CAS Markenemotionalisierung - Marketing Management-Blog<\/title>\n<meta name=\"robots\" content=\"index, follow, max-snippet:-1, max-image-preview:large, max-video-preview:-1\" \/>\n<link rel=\"canonical\" href=\"https:\/\/blog.zhaw.ch\/marketingmanagement\/emotionen-und-kompetenz-beim-cas-markenemotionalisierung\/\" \/>\n<meta property=\"og:locale\" content=\"de_DE\" \/>\n<meta property=\"og:type\" content=\"article\" \/>\n<meta property=\"og:title\" content=\"Emotionen und Kompetenz beim CAS Markenemotionalisierung\" \/>\n<meta property=\"og:description\" content=\"Julia Kern und Christof Gr\u00fctter haben im Fr\u00fchjahr 2017 gemeinsam den CAS Markenemotionalisierung besucht. Julia Kern ist Projektleiterin Eventmarketing bei der SRG SSR &#8211; Business Unit Sport und Christof Gr\u00fctter ist Teamleiter Marketing der BMW Niederlassung Z\u00fcrich-Dielsdorf. Warum sie sich f\u00fcr den Kurs entschieden und welche Erfahrungen sie gemacht haben, dar\u00fcber haben wir mit ihnen [&hellip;]\" \/>\n<meta property=\"og:url\" content=\"https:\/\/blog.zhaw.ch\/marketingmanagement\/emotionen-und-kompetenz-beim-cas-markenemotionalisierung\/\" \/>\n<meta property=\"og:site_name\" content=\"Marketing Management-Blog\" \/>\n<meta property=\"article:published_time\" content=\"2017-10-26T04:28:05+00:00\" \/>\n<meta property=\"article:modified_time\" content=\"2017-11-03T09:17:10+00:00\" \/>\n<meta property=\"og:image\" content=\"https:\/\/blog.zhaw.ch\/marketingmanagement\/files\/2017\/10\/20170822_Kern_Julia-9103-683x1024.jpg\" \/>\n<meta name=\"author\" content=\"suva\" \/>\n<meta name=\"twitter:card\" content=\"summary_large_image\" \/>\n<meta name=\"twitter:label1\" content=\"Verfasst von\" \/>\n\t<meta name=\"twitter:data1\" content=\"suva\" \/>\n\t<meta name=\"twitter:label2\" content=\"Gesch\u00e4tzte Lesezeit\" \/>\n\t<meta name=\"twitter:data2\" content=\"3\u00a0Minuten\" \/>\n<script type=\"application\/ld+json\" class=\"yoast-schema-graph\">{\"@context\":\"https:\/\/schema.org\",\"@graph\":[{\"@type\":\"Article\",\"@id\":\"https:\/\/blog.zhaw.ch\/marketingmanagement\/emotionen-und-kompetenz-beim-cas-markenemotionalisierung\/#article\",\"isPartOf\":{\"@id\":\"https:\/\/blog.zhaw.ch\/marketingmanagement\/emotionen-und-kompetenz-beim-cas-markenemotionalisierung\/\"},\"author\":{\"name\":\"suva\",\"@id\":\"https:\/\/blog.zhaw.ch\/marketingmanagement\/#\/schema\/person\/8e3fd88b17ed80282ba7666e90fa5da3\"},\"headline\":\"Emotionen und Kompetenz beim CAS Markenemotionalisierung\",\"datePublished\":\"2017-10-26T04:28:05+00:00\",\"dateModified\":\"2017-11-03T09:17:10+00:00\",\"mainEntityOfPage\":{\"@id\":\"https:\/\/blog.zhaw.ch\/marketingmanagement\/emotionen-und-kompetenz-beim-cas-markenemotionalisierung\/\"},\"wordCount\":599,\"commentCount\":0,\"image\":{\"@id\":\"https:\/\/blog.zhaw.ch\/marketingmanagement\/emotionen-und-kompetenz-beim-cas-markenemotionalisierung\/#primaryimage\"},\"thumbnailUrl\":\"https:\/\/blog.zhaw.ch\/marketingmanagement\/files\/2017\/10\/20170822_Kern_Julia-9103-683x1024.jpg\",\"keywords\":[\"BWM\",\"CAS\",\"CAS Markenemotionalisierung\",\"Christof Gr\u00fctter\",\"Diesldorf\",\"Dozenten\",\"Emotionen\",\"Event\",\"IMM\",\"Initiative\",\"Institut f\u00fcr Marketing Management\",\"Julia Kern\",\"Kompetenz\",\"Marcel H\u00fcttermann\",\"MAS\",\"MAS Marketing Management\",\"MINI\",\"No Billag\",\"Produkt\",\"SRG\",\"SSR\",\"Weiterbildung\"],\"articleSection\":{\"1\":\"Weiterbildung\"},\"inLanguage\":\"de\",\"potentialAction\":[{\"@type\":\"CommentAction\",\"name\":\"Comment\",\"target\":[\"https:\/\/blog.zhaw.ch\/marketingmanagement\/emotionen-und-kompetenz-beim-cas-markenemotionalisierung\/#respond\"]}]},{\"@type\":\"WebPage\",\"@id\":\"https:\/\/blog.zhaw.ch\/marketingmanagement\/emotionen-und-kompetenz-beim-cas-markenemotionalisierung\/\",\"url\":\"https:\/\/blog.zhaw.ch\/marketingmanagement\/emotionen-und-kompetenz-beim-cas-markenemotionalisierung\/\",\"name\":\"Emotionen und Kompetenz beim CAS Markenemotionalisierung - Marketing Management-Blog\",\"isPartOf\":{\"@id\":\"https:\/\/blog.zhaw.ch\/marketingmanagement\/#website\"},\"primaryImageOfPage\":{\"@id\":\"https:\/\/blog.zhaw.ch\/marketingmanagement\/emotionen-und-kompetenz-beim-cas-markenemotionalisierung\/#primaryimage\"},\"image\":{\"@id\":\"https:\/\/blog.zhaw.ch\/marketingmanagement\/emotionen-und-kompetenz-beim-cas-markenemotionalisierung\/#primaryimage\"},\"thumbnailUrl\":\"https:\/\/blog.zhaw.ch\/marketingmanagement\/files\/2017\/10\/20170822_Kern_Julia-9103-683x1024.jpg\",\"datePublished\":\"2017-10-26T04:28:05+00:00\",\"dateModified\":\"2017-11-03T09:17:10+00:00\",\"author\":{\"@id\":\"https:\/\/blog.zhaw.ch\/marketingmanagement\/#\/schema\/person\/8e3fd88b17ed80282ba7666e90fa5da3\"},\"breadcrumb\":{\"@id\":\"https:\/\/blog.zhaw.ch\/marketingmanagement\/emotionen-und-kompetenz-beim-cas-markenemotionalisierung\/#breadcrumb\"},\"inLanguage\":\"de\",\"potentialAction\":[{\"@type\":\"ReadAction\",\"target\":[\"https:\/\/blog.zhaw.ch\/marketingmanagement\/emotionen-und-kompetenz-beim-cas-markenemotionalisierung\/\"]}]},{\"@type\":\"ImageObject\",\"inLanguage\":\"de\",\"@id\":\"https:\/\/blog.zhaw.ch\/marketingmanagement\/emotionen-und-kompetenz-beim-cas-markenemotionalisierung\/#primaryimage\",\"url\":\"\",\"contentUrl\":\"\"},{\"@type\":\"BreadcrumbList\",\"@id\":\"https:\/\/blog.zhaw.ch\/marketingmanagement\/emotionen-und-kompetenz-beim-cas-markenemotionalisierung\/#breadcrumb\",\"itemListElement\":[{\"@type\":\"ListItem\",\"position\":1,\"name\":\"Startseite\",\"item\":\"https:\/\/blog.zhaw.ch\/marketingmanagement\/\"},{\"@type\":\"ListItem\",\"position\":2,\"name\":\"Emotionen und Kompetenz beim CAS Markenemotionalisierung\"}]},{\"@type\":\"WebSite\",\"@id\":\"https:\/\/blog.zhaw.ch\/marketingmanagement\/#website\",\"url\":\"https:\/\/blog.zhaw.ch\/marketingmanagement\/\",\"name\":\"Marketing Management-Blog\",\"description\":\"Ein Blog der ZHAW Z\u00fcrcher Hochschule f\u00fcr Angewandte Wissenschaften\",\"potentialAction\":[{\"@type\":\"SearchAction\",\"target\":{\"@type\":\"EntryPoint\",\"urlTemplate\":\"https:\/\/blog.zhaw.ch\/marketingmanagement\/?s={search_term_string}\"},\"query-input\":{\"@type\":\"PropertyValueSpecification\",\"valueRequired\":true,\"valueName\":\"search_term_string\"}}],\"inLanguage\":\"de\"},{\"@type\":\"Person\",\"@id\":\"https:\/\/blog.zhaw.ch\/marketingmanagement\/#\/schema\/person\/8e3fd88b17ed80282ba7666e90fa5da3\",\"name\":\"suva\",\"image\":{\"@type\":\"ImageObject\",\"inLanguage\":\"de\",\"@id\":\"https:\/\/secure.gravatar.com\/avatar\/40c8bd61df220eadf6e5481cf43dc7e86cda9707732035285b48521487832c5e?s=96&d=mm&r=g\",\"url\":\"https:\/\/secure.gravatar.com\/avatar\/40c8bd61df220eadf6e5481cf43dc7e86cda9707732035285b48521487832c5e?s=96&d=mm&r=g\",\"contentUrl\":\"https:\/\/secure.gravatar.com\/avatar\/40c8bd61df220eadf6e5481cf43dc7e86cda9707732035285b48521487832c5e?s=96&d=mm&r=g\",\"caption\":\"suva\"},\"url\":\"https:\/\/blog.zhaw.ch\/marketingmanagement\/author\/suva\/\"}]}<\/script>\n<!-- \/ Yoast SEO Premium plugin. -->","yoast_head_json":{"title":"Emotionen und Kompetenz beim CAS Markenemotionalisierung - Marketing Management-Blog","robots":{"index":"index","follow":"follow","max-snippet":"max-snippet:-1","max-image-preview":"max-image-preview:large","max-video-preview":"max-video-preview:-1"},"canonical":"https:\/\/blog.zhaw.ch\/marketingmanagement\/emotionen-und-kompetenz-beim-cas-markenemotionalisierung\/","og_locale":"de_DE","og_type":"article","og_title":"Emotionen und Kompetenz beim CAS Markenemotionalisierung","og_description":"Julia Kern und Christof Gr\u00fctter haben im Fr\u00fchjahr 2017 gemeinsam den CAS Markenemotionalisierung besucht. Julia Kern ist Projektleiterin Eventmarketing bei der SRG SSR &#8211; Business Unit Sport und Christof Gr\u00fctter ist Teamleiter Marketing der BMW Niederlassung Z\u00fcrich-Dielsdorf. Warum sie sich f\u00fcr den Kurs entschieden und welche Erfahrungen sie gemacht haben, dar\u00fcber haben wir mit ihnen [&hellip;]","og_url":"https:\/\/blog.zhaw.ch\/marketingmanagement\/emotionen-und-kompetenz-beim-cas-markenemotionalisierung\/","og_site_name":"Marketing Management-Blog","article_published_time":"2017-10-26T04:28:05+00:00","article_modified_time":"2017-11-03T09:17:10+00:00","og_image":[{"url":"https:\/\/blog.zhaw.ch\/marketingmanagement\/files\/2017\/10\/20170822_Kern_Julia-9103-683x1024.jpg","type":"","width":"","height":""}],"author":"suva","twitter_card":"summary_large_image","twitter_misc":{"Verfasst von":"suva","Gesch\u00e4tzte Lesezeit":"3\u00a0Minuten"},"schema":{"@context":"https:\/\/schema.org","@graph":[{"@type":"Article","@id":"https:\/\/blog.zhaw.ch\/marketingmanagement\/emotionen-und-kompetenz-beim-cas-markenemotionalisierung\/#article","isPartOf":{"@id":"https:\/\/blog.zhaw.ch\/marketingmanagement\/emotionen-und-kompetenz-beim-cas-markenemotionalisierung\/"},"author":{"name":"suva","@id":"https:\/\/blog.zhaw.ch\/marketingmanagement\/#\/schema\/person\/8e3fd88b17ed80282ba7666e90fa5da3"},"headline":"Emotionen und Kompetenz beim CAS Markenemotionalisierung","datePublished":"2017-10-26T04:28:05+00:00","dateModified":"2017-11-03T09:17:10+00:00","mainEntityOfPage":{"@id":"https:\/\/blog.zhaw.ch\/marketingmanagement\/emotionen-und-kompetenz-beim-cas-markenemotionalisierung\/"},"wordCount":599,"commentCount":0,"image":{"@id":"https:\/\/blog.zhaw.ch\/marketingmanagement\/emotionen-und-kompetenz-beim-cas-markenemotionalisierung\/#primaryimage"},"thumbnailUrl":"https:\/\/blog.zhaw.ch\/marketingmanagement\/files\/2017\/10\/20170822_Kern_Julia-9103-683x1024.jpg","keywords":["BWM","CAS","CAS Markenemotionalisierung","Christof Gr\u00fctter","Diesldorf","Dozenten","Emotionen","Event","IMM","Initiative","Institut f\u00fcr Marketing Management","Julia Kern","Kompetenz","Marcel H\u00fcttermann","MAS","MAS Marketing Management","MINI","No Billag","Produkt","SRG","SSR","Weiterbildung"],"articleSection":{"1":"Weiterbildung"},"inLanguage":"de","potentialAction":[{"@type":"CommentAction","name":"Comment","target":["https:\/\/blog.zhaw.ch\/marketingmanagement\/emotionen-und-kompetenz-beim-cas-markenemotionalisierung\/#respond"]}]},{"@type":"WebPage","@id":"https:\/\/blog.zhaw.ch\/marketingmanagement\/emotionen-und-kompetenz-beim-cas-markenemotionalisierung\/","url":"https:\/\/blog.zhaw.ch\/marketingmanagement\/emotionen-und-kompetenz-beim-cas-markenemotionalisierung\/","name":"Emotionen und Kompetenz beim CAS Markenemotionalisierung - Marketing Management-Blog","isPartOf":{"@id":"https:\/\/blog.zhaw.ch\/marketingmanagement\/#website"},"primaryImageOfPage":{"@id":"https:\/\/blog.zhaw.ch\/marketingmanagement\/emotionen-und-kompetenz-beim-cas-markenemotionalisierung\/#primaryimage"},"image":{"@id":"https:\/\/blog.zhaw.ch\/marketingmanagement\/emotionen-und-kompetenz-beim-cas-markenemotionalisierung\/#primaryimage"},"thumbnailUrl":"https:\/\/blog.zhaw.ch\/marketingmanagement\/files\/2017\/10\/20170822_Kern_Julia-9103-683x1024.jpg","datePublished":"2017-10-26T04:28:05+00:00","dateModified":"2017-11-03T09:17:10+00:00","author":{"@id":"https:\/\/blog.zhaw.ch\/marketingmanagement\/#\/schema\/person\/8e3fd88b17ed80282ba7666e90fa5da3"},"breadcrumb":{"@id":"https:\/\/blog.zhaw.ch\/marketingmanagement\/emotionen-und-kompetenz-beim-cas-markenemotionalisierung\/#breadcrumb"},"inLanguage":"de","potentialAction":[{"@type":"ReadAction","target":["https:\/\/blog.zhaw.ch\/marketingmanagement\/emotionen-und-kompetenz-beim-cas-markenemotionalisierung\/"]}]},{"@type":"ImageObject","inLanguage":"de","@id":"https:\/\/blog.zhaw.ch\/marketingmanagement\/emotionen-und-kompetenz-beim-cas-markenemotionalisierung\/#primaryimage","url":"","contentUrl":""},{"@type":"BreadcrumbList","@id":"https:\/\/blog.zhaw.ch\/marketingmanagement\/emotionen-und-kompetenz-beim-cas-markenemotionalisierung\/#breadcrumb","itemListElement":[{"@type":"ListItem","position":1,"name":"Startseite","item":"https:\/\/blog.zhaw.ch\/marketingmanagement\/"},{"@type":"ListItem","position":2,"name":"Emotionen und Kompetenz beim CAS Markenemotionalisierung"}]},{"@type":"WebSite","@id":"https:\/\/blog.zhaw.ch\/marketingmanagement\/#website","url":"https:\/\/blog.zhaw.ch\/marketingmanagement\/","name":"Marketing Management-Blog","description":"Ein Blog der ZHAW Z\u00fcrcher Hochschule f\u00fcr Angewandte Wissenschaften","potentialAction":[{"@type":"SearchAction","target":{"@type":"EntryPoint","urlTemplate":"https:\/\/blog.zhaw.ch\/marketingmanagement\/?s={search_term_string}"},"query-input":{"@type":"PropertyValueSpecification","valueRequired":true,"valueName":"search_term_string"}}],"inLanguage":"de"},{"@type":"Person","@id":"https:\/\/blog.zhaw.ch\/marketingmanagement\/#\/schema\/person\/8e3fd88b17ed80282ba7666e90fa5da3","name":"suva","image":{"@type":"ImageObject","inLanguage":"de","@id":"https:\/\/secure.gravatar.com\/avatar\/40c8bd61df220eadf6e5481cf43dc7e86cda9707732035285b48521487832c5e?s=96&d=mm&r=g","url":"https:\/\/secure.gravatar.com\/avatar\/40c8bd61df220eadf6e5481cf43dc7e86cda9707732035285b48521487832c5e?s=96&d=mm&r=g","contentUrl":"https:\/\/secure.gravatar.com\/avatar\/40c8bd61df220eadf6e5481cf43dc7e86cda9707732035285b48521487832c5e?s=96&d=mm&r=g","caption":"suva"},"url":"https:\/\/blog.zhaw.ch\/marketingmanagement\/author\/suva\/"}]}},"_links":{"self":[{"href":"https:\/\/blog.zhaw.ch\/marketingmanagement\/wp-json\/wp\/v2\/posts\/9363","targetHints":{"allow":["GET"]}}],"collection":[{"href":"https:\/\/blog.zhaw.ch\/marketingmanagement\/wp-json\/wp\/v2\/posts"}],"about":[{"href":"https:\/\/blog.zhaw.ch\/marketingmanagement\/wp-json\/wp\/v2\/types\/post"}],"author":[{"embeddable":true,"href":"https:\/\/blog.zhaw.ch\/marketingmanagement\/wp-json\/wp\/v2\/users\/312"}],"replies":[{"embeddable":true,"href":"https:\/\/blog.zhaw.ch\/marketingmanagement\/wp-json\/wp\/v2\/comments?post=9363"}],"version-history":[{"count":4,"href":"https:\/\/blog.zhaw.ch\/marketingmanagement\/wp-json\/wp\/v2\/posts\/9363\/revisions"}],"predecessor-version":[{"id":9381,"href":"https:\/\/blog.zhaw.ch\/marketingmanagement\/wp-json\/wp\/v2\/posts\/9363\/revisions\/9381"}],"wp:attachment":[{"href":"https:\/\/blog.zhaw.ch\/marketingmanagement\/wp-json\/wp\/v2\/media?parent=9363"}],"wp:term":[{"taxonomy":"category","embeddable":true,"href":"https:\/\/blog.zhaw.ch\/marketingmanagement\/wp-json\/wp\/v2\/categories?post=9363"},{"taxonomy":"post_tag","embeddable":true,"href":"https:\/\/blog.zhaw.ch\/marketingmanagement\/wp-json\/wp\/v2\/tags?post=9363"},{"taxonomy":"features","embeddable":true,"href":"https:\/\/blog.zhaw.ch\/marketingmanagement\/wp-json\/wp\/v2\/features?post=9363"}],"curies":[{"name":"wp","href":"https:\/\/api.w.org\/{rel}","templated":true}]}}