{"id":5850,"date":"2014-02-13T09:03:36","date_gmt":"2014-02-13T08:03:36","guid":{"rendered":"http:\/\/ianus.zhaw.ch\/marketingmanagement\/?p=5850"},"modified":"2014-02-13T09:03:36","modified_gmt":"2014-02-13T08:03:36","slug":"verstarkung-am-institut-fur-marketing-management","status":"publish","type":"post","link":"https:\/\/blog.zhaw.ch\/marketingmanagement\/verstarkung-am-institut-fur-marketing-management\/","title":{"rendered":"Verst\u00e4rkung am Institut f\u00fcr Marketing Management"},"content":{"rendered":"<p style=\"text-align: left\"><strong>Dogan Kadah und ich\u00a0sind neu im\u00a0Team am <a title=\"Institut f\u00fcr Marketing Management\" href=\"http:\/\/www.sml.zhaw.ch\/de\/management\/institute-und-zentren\/imm\/das-institut.html\" target=\"_blank\">Institut f\u00fcr Marketing Management\u00a0<\/a>und freuen uns auf spannende Zusammenarbeiten in diesem dynamischen Arbeitsumfeld.\u00a0Als\u00a0Teil\u00a0der Fachstelle Integrated Communication blogge ich nat\u00fcrlich gleich selbst \u00fcber mich und Dogan\u00a0verr\u00e4t,\u00a0auf was er sich w\u00e4hrend seinem Praktikum am meisten freut.<\/strong><\/p>\n<p style=\"text-align: left\"><img loading=\"lazy\" decoding=\"async\" class=\"aligncenter size-full wp-image-5865\" title=\"Liora Lilienfeld und Dogan Kadah\" src=\"http:\/\/blog.zhaw.ch\/marketingmanagement\/files\/2014\/02\/Bilder-L-und-D-e1392218696195.png\" alt=\"\" width=\"500\" height=\"284\" \/><a title=\"Liora Lilienfeld\" href=\"http:\/\/www.zhaw.ch\/fileadmin\/php_includes\/popup\/person-detail.php?kurzz=lile\" target=\"_blank\">Liora Lilienfeld<\/a>: <em>W\u00e4hrend meinem Studium in Business Communications an der Hochschule f\u00fcr Wirtschaft in Z\u00fcrich sammelte ich erste berufliche Erfahrungen bei PR- und Eventagenturen. Das Highlight w\u00e4hrend meiner Agenturzeit war die Organisation der photo08, die gr\u00f6sste Werkschau f\u00fcr Schweizer Fotografie. Die Zusammenarbeit mit 120 Fotografen, Partnern, Lieferanten und Besuchern hat meine Begeisterung f\u00fcr die Arbeit im Team und mit Kunden geweckt. Als Innovation Consultant bei Atizo und danach als Mitarbeiterin in der Abteilung Institutionelles Fundraising bei UNICEF SCHWEIZ war ich f\u00fcr die Beratung und Betreuung von Kunden und Partnern wie Schweiz Tourismus, Rivella oder Allianz Suisse verantwortlich. Yoga ist neben Reisen meine ganz grosse Leidenschaft. Wann und wo immer sich die M\u00f6glichkeit ergibt, wird man mich im \u201eAbschauenden Hund\u201c oder im Handstand antreffen.<\/em><\/p>\n<p style=\"text-align: left\"><a title=\"Dogan Kadah\" href=\"http:\/\/www.zhaw.ch\/fileadmin\/php_includes\/popup\/person-detail.php?kurzz=xkad\" target=\"_blank\">Dogan Kadah<\/a>: <em>Meine Ausbildung absolvierte ich bei der Sozialdemokratischen Partei des Kantons Z\u00fcrich. W\u00e4hrend meiner Ausbildung machte es mir am meisten Freude im Wahlkampf mit zu helfen und die Kantonsratsmitglieder zu betreuen. Nach meiner Lehre holte ich die Berufsmatura nach um dann sp\u00e4ter an der ZHAW Betriebs\u00f6konomie studieren zu k\u00f6nnen. Dieses Praktikum erm\u00f6glicht mir eine solide Basis f\u00fcr mein Studium zu schaffen.\u00a0 Ich freue mich auf viele neue, lehrreiche Aufgaben und darauf mein Wissen zu erweitern. Nebenbei spiele ich Fussball beim Sportclub Veltheim und trainiere da auch Kinder im Alter von neun und zehn Jahren. Der FC Winterthur ist eines meiner gr\u00f6ssten Hobbies &#8211; ob Heim- oder\u00a0 Ausw\u00e4rtsspiele &#8211; ich bin fast immer dabei.<\/em><\/p>\n<div class=\"pt-sm\">Schlagw\u00f6rter: <a href=\"https:\/\/blog.zhaw.ch\/marketingmanagement\/tag\/imm\/\">IMM<\/a>, <a href=\"https:\/\/blog.zhaw.ch\/marketingmanagement\/tag\/neue-mitarbeitende\/\">neue Mitarbeitende<\/a>, <a href=\"https:\/\/blog.zhaw.ch\/marketingmanagement\/tag\/team\/\">Team<\/a><br><\/div>","protected":false},"excerpt":{"rendered":"<p>Dogan Kadah und ich\u00a0sind neu im\u00a0Team am Institut f\u00fcr Marketing Management\u00a0und freuen uns auf spannende Zusammenarbeiten in diesem dynamischen Arbeitsumfeld.\u00a0Als\u00a0Teil\u00a0der Fachstelle Integrated Communication blogge ich nat\u00fcrlich gleich selbst \u00fcber mich und Dogan\u00a0verr\u00e4t,\u00a0auf was er sich w\u00e4hrend seinem Praktikum am meisten freut. Liora Lilienfeld: W\u00e4hrend meinem Studium in Business Communications an der Hochschule f\u00fcr Wirtschaft in [&hellip;]<\/p>\n","protected":false},"author":110,"featured_media":0,"comment_status":"open","ping_status":"open","sticky":false,"template":"","format":"standard","meta":{"ngg_post_thumbnail":0,"footnotes":""},"categories":[8],"tags":[246,396,586],"features":[],"class_list":["post-5850","post","type-post","status-publish","format-standard","hentry","category-marketing-management","tag-imm","tag-neue-mitarbeitende","tag-team"],"yoast_head":"<!-- This site is optimized with the Yoast SEO Premium plugin v27.2 (Yoast SEO v27.2) - https:\/\/yoast.com\/product\/yoast-seo-premium-wordpress\/ -->\n<title>Verst\u00e4rkung am Institut f\u00fcr Marketing Management  - Marketing Management-Blog<\/title>\n<meta name=\"robots\" content=\"index, follow, max-snippet:-1, max-image-preview:large, max-video-preview:-1\" \/>\n<link rel=\"canonical\" href=\"https:\/\/blog.zhaw.ch\/marketingmanagement\/verstarkung-am-institut-fur-marketing-management\/\" \/>\n<meta property=\"og:locale\" content=\"de_DE\" \/>\n<meta property=\"og:type\" content=\"article\" \/>\n<meta property=\"og:title\" content=\"Verst\u00e4rkung am Institut f\u00fcr Marketing Management\" \/>\n<meta property=\"og:description\" content=\"Dogan Kadah und ich\u00a0sind neu im\u00a0Team am Institut f\u00fcr Marketing Management\u00a0und freuen uns auf spannende Zusammenarbeiten in diesem dynamischen Arbeitsumfeld.\u00a0Als\u00a0Teil\u00a0der Fachstelle Integrated Communication blogge ich nat\u00fcrlich gleich selbst \u00fcber mich und Dogan\u00a0verr\u00e4t,\u00a0auf was er sich w\u00e4hrend seinem Praktikum am meisten freut. Liora Lilienfeld: W\u00e4hrend meinem Studium in Business Communications an der Hochschule f\u00fcr Wirtschaft in [&hellip;]\" \/>\n<meta property=\"og:url\" content=\"https:\/\/blog.zhaw.ch\/marketingmanagement\/verstarkung-am-institut-fur-marketing-management\/\" \/>\n<meta property=\"og:site_name\" content=\"Marketing Management-Blog\" \/>\n<meta property=\"article:published_time\" content=\"2014-02-13T08:03:36+00:00\" \/>\n<meta property=\"og:image\" content=\"http:\/\/blog.zhaw.ch\/marketingmanagement\/files\/2014\/02\/Bilder-L-und-D-e1392218696195.png\" \/>\n<meta name=\"author\" content=\"Liora Lilienfeld\" \/>\n<meta name=\"twitter:card\" content=\"summary_large_image\" \/>\n<meta name=\"twitter:label1\" content=\"Verfasst von\" \/>\n\t<meta name=\"twitter:data1\" content=\"Liora Lilienfeld\" \/>\n\t<meta name=\"twitter:label2\" content=\"Gesch\u00e4tzte Lesezeit\" \/>\n\t<meta name=\"twitter:data2\" content=\"2\u00a0Minuten\" \/>\n<script type=\"application\/ld+json\" class=\"yoast-schema-graph\">{\"@context\":\"https:\/\/schema.org\",\"@graph\":[{\"@type\":\"Article\",\"@id\":\"https:\/\/blog.zhaw.ch\/marketingmanagement\/verstarkung-am-institut-fur-marketing-management\/#article\",\"isPartOf\":{\"@id\":\"https:\/\/blog.zhaw.ch\/marketingmanagement\/verstarkung-am-institut-fur-marketing-management\/\"},\"author\":{\"name\":\"Liora Lilienfeld\",\"@id\":\"https:\/\/blog.zhaw.ch\/marketingmanagement\/#\/schema\/person\/933c25b0f5326b61e76fc3dd7f3aa040\"},\"headline\":\"Verst\u00e4rkung am Institut f\u00fcr Marketing Management\",\"datePublished\":\"2014-02-13T08:03:36+00:00\",\"mainEntityOfPage\":{\"@id\":\"https:\/\/blog.zhaw.ch\/marketingmanagement\/verstarkung-am-institut-fur-marketing-management\/\"},\"wordCount\":315,\"commentCount\":0,\"image\":{\"@id\":\"https:\/\/blog.zhaw.ch\/marketingmanagement\/verstarkung-am-institut-fur-marketing-management\/#primaryimage\"},\"thumbnailUrl\":\"http:\/\/blog.zhaw.ch\/marketingmanagement\/files\/2014\/02\/Bilder-L-und-D-e1392218696195.png\",\"keywords\":[\"IMM\",\"neue Mitarbeitende\",\"Team\"],\"articleSection\":[\"Marketing Management\"],\"inLanguage\":\"de\",\"potentialAction\":[{\"@type\":\"CommentAction\",\"name\":\"Comment\",\"target\":[\"https:\/\/blog.zhaw.ch\/marketingmanagement\/verstarkung-am-institut-fur-marketing-management\/#respond\"]}]},{\"@type\":\"WebPage\",\"@id\":\"https:\/\/blog.zhaw.ch\/marketingmanagement\/verstarkung-am-institut-fur-marketing-management\/\",\"url\":\"https:\/\/blog.zhaw.ch\/marketingmanagement\/verstarkung-am-institut-fur-marketing-management\/\",\"name\":\"Verst\u00e4rkung am Institut f\u00fcr Marketing Management - Marketing Management-Blog\",\"isPartOf\":{\"@id\":\"https:\/\/blog.zhaw.ch\/marketingmanagement\/#website\"},\"primaryImageOfPage\":{\"@id\":\"https:\/\/blog.zhaw.ch\/marketingmanagement\/verstarkung-am-institut-fur-marketing-management\/#primaryimage\"},\"image\":{\"@id\":\"https:\/\/blog.zhaw.ch\/marketingmanagement\/verstarkung-am-institut-fur-marketing-management\/#primaryimage\"},\"thumbnailUrl\":\"http:\/\/blog.zhaw.ch\/marketingmanagement\/files\/2014\/02\/Bilder-L-und-D-e1392218696195.png\",\"datePublished\":\"2014-02-13T08:03:36+00:00\",\"author\":{\"@id\":\"https:\/\/blog.zhaw.ch\/marketingmanagement\/#\/schema\/person\/933c25b0f5326b61e76fc3dd7f3aa040\"},\"breadcrumb\":{\"@id\":\"https:\/\/blog.zhaw.ch\/marketingmanagement\/verstarkung-am-institut-fur-marketing-management\/#breadcrumb\"},\"inLanguage\":\"de\",\"potentialAction\":[{\"@type\":\"ReadAction\",\"target\":[\"https:\/\/blog.zhaw.ch\/marketingmanagement\/verstarkung-am-institut-fur-marketing-management\/\"]}]},{\"@type\":\"ImageObject\",\"inLanguage\":\"de\",\"@id\":\"https:\/\/blog.zhaw.ch\/marketingmanagement\/verstarkung-am-institut-fur-marketing-management\/#primaryimage\",\"url\":\"\",\"contentUrl\":\"\"},{\"@type\":\"BreadcrumbList\",\"@id\":\"https:\/\/blog.zhaw.ch\/marketingmanagement\/verstarkung-am-institut-fur-marketing-management\/#breadcrumb\",\"itemListElement\":[{\"@type\":\"ListItem\",\"position\":1,\"name\":\"Startseite\",\"item\":\"https:\/\/blog.zhaw.ch\/marketingmanagement\/\"},{\"@type\":\"ListItem\",\"position\":2,\"name\":\"Verst\u00e4rkung am Institut f\u00fcr Marketing Management\"}]},{\"@type\":\"WebSite\",\"@id\":\"https:\/\/blog.zhaw.ch\/marketingmanagement\/#website\",\"url\":\"https:\/\/blog.zhaw.ch\/marketingmanagement\/\",\"name\":\"Marketing Management-Blog\",\"description\":\"Ein Blog der ZHAW Z\u00fcrcher Hochschule f\u00fcr Angewandte Wissenschaften\",\"potentialAction\":[{\"@type\":\"SearchAction\",\"target\":{\"@type\":\"EntryPoint\",\"urlTemplate\":\"https:\/\/blog.zhaw.ch\/marketingmanagement\/?s={search_term_string}\"},\"query-input\":{\"@type\":\"PropertyValueSpecification\",\"valueRequired\":true,\"valueName\":\"search_term_string\"}}],\"inLanguage\":\"de\"},{\"@type\":\"Person\",\"@id\":\"https:\/\/blog.zhaw.ch\/marketingmanagement\/#\/schema\/person\/933c25b0f5326b61e76fc3dd7f3aa040\",\"name\":\"Liora Lilienfeld\",\"image\":{\"@type\":\"ImageObject\",\"inLanguage\":\"de\",\"@id\":\"https:\/\/secure.gravatar.com\/avatar\/60b74a9806c6156c45af91dcbbe8b2f8f61ef5ffa2598247b38f59c245a765d9?s=96&d=mm&r=g\",\"url\":\"https:\/\/secure.gravatar.com\/avatar\/60b74a9806c6156c45af91dcbbe8b2f8f61ef5ffa2598247b38f59c245a765d9?s=96&d=mm&r=g\",\"contentUrl\":\"https:\/\/secure.gravatar.com\/avatar\/60b74a9806c6156c45af91dcbbe8b2f8f61ef5ffa2598247b38f59c245a765d9?s=96&d=mm&r=g\",\"caption\":\"Liora Lilienfeld\"},\"url\":\"https:\/\/blog.zhaw.ch\/marketingmanagement\/author\/lile\/\"}]}<\/script>\n<!-- \/ Yoast SEO Premium plugin. -->","yoast_head_json":{"title":"Verst\u00e4rkung am Institut f\u00fcr Marketing Management  - Marketing Management-Blog","robots":{"index":"index","follow":"follow","max-snippet":"max-snippet:-1","max-image-preview":"max-image-preview:large","max-video-preview":"max-video-preview:-1"},"canonical":"https:\/\/blog.zhaw.ch\/marketingmanagement\/verstarkung-am-institut-fur-marketing-management\/","og_locale":"de_DE","og_type":"article","og_title":"Verst\u00e4rkung am Institut f\u00fcr Marketing Management","og_description":"Dogan Kadah und ich\u00a0sind neu im\u00a0Team am Institut f\u00fcr Marketing Management\u00a0und freuen uns auf spannende Zusammenarbeiten in diesem dynamischen Arbeitsumfeld.\u00a0Als\u00a0Teil\u00a0der Fachstelle Integrated Communication blogge ich nat\u00fcrlich gleich selbst \u00fcber mich und Dogan\u00a0verr\u00e4t,\u00a0auf was er sich w\u00e4hrend seinem Praktikum am meisten freut. Liora Lilienfeld: W\u00e4hrend meinem Studium in Business Communications an der Hochschule f\u00fcr Wirtschaft in [&hellip;]","og_url":"https:\/\/blog.zhaw.ch\/marketingmanagement\/verstarkung-am-institut-fur-marketing-management\/","og_site_name":"Marketing Management-Blog","article_published_time":"2014-02-13T08:03:36+00:00","og_image":[{"url":"http:\/\/blog.zhaw.ch\/marketingmanagement\/files\/2014\/02\/Bilder-L-und-D-e1392218696195.png","type":"","width":"","height":""}],"author":"Liora Lilienfeld","twitter_card":"summary_large_image","twitter_misc":{"Verfasst von":"Liora Lilienfeld","Gesch\u00e4tzte Lesezeit":"2\u00a0Minuten"},"schema":{"@context":"https:\/\/schema.org","@graph":[{"@type":"Article","@id":"https:\/\/blog.zhaw.ch\/marketingmanagement\/verstarkung-am-institut-fur-marketing-management\/#article","isPartOf":{"@id":"https:\/\/blog.zhaw.ch\/marketingmanagement\/verstarkung-am-institut-fur-marketing-management\/"},"author":{"name":"Liora Lilienfeld","@id":"https:\/\/blog.zhaw.ch\/marketingmanagement\/#\/schema\/person\/933c25b0f5326b61e76fc3dd7f3aa040"},"headline":"Verst\u00e4rkung am Institut f\u00fcr Marketing Management","datePublished":"2014-02-13T08:03:36+00:00","mainEntityOfPage":{"@id":"https:\/\/blog.zhaw.ch\/marketingmanagement\/verstarkung-am-institut-fur-marketing-management\/"},"wordCount":315,"commentCount":0,"image":{"@id":"https:\/\/blog.zhaw.ch\/marketingmanagement\/verstarkung-am-institut-fur-marketing-management\/#primaryimage"},"thumbnailUrl":"http:\/\/blog.zhaw.ch\/marketingmanagement\/files\/2014\/02\/Bilder-L-und-D-e1392218696195.png","keywords":["IMM","neue Mitarbeitende","Team"],"articleSection":["Marketing Management"],"inLanguage":"de","potentialAction":[{"@type":"CommentAction","name":"Comment","target":["https:\/\/blog.zhaw.ch\/marketingmanagement\/verstarkung-am-institut-fur-marketing-management\/#respond"]}]},{"@type":"WebPage","@id":"https:\/\/blog.zhaw.ch\/marketingmanagement\/verstarkung-am-institut-fur-marketing-management\/","url":"https:\/\/blog.zhaw.ch\/marketingmanagement\/verstarkung-am-institut-fur-marketing-management\/","name":"Verst\u00e4rkung am Institut f\u00fcr Marketing Management - Marketing Management-Blog","isPartOf":{"@id":"https:\/\/blog.zhaw.ch\/marketingmanagement\/#website"},"primaryImageOfPage":{"@id":"https:\/\/blog.zhaw.ch\/marketingmanagement\/verstarkung-am-institut-fur-marketing-management\/#primaryimage"},"image":{"@id":"https:\/\/blog.zhaw.ch\/marketingmanagement\/verstarkung-am-institut-fur-marketing-management\/#primaryimage"},"thumbnailUrl":"http:\/\/blog.zhaw.ch\/marketingmanagement\/files\/2014\/02\/Bilder-L-und-D-e1392218696195.png","datePublished":"2014-02-13T08:03:36+00:00","author":{"@id":"https:\/\/blog.zhaw.ch\/marketingmanagement\/#\/schema\/person\/933c25b0f5326b61e76fc3dd7f3aa040"},"breadcrumb":{"@id":"https:\/\/blog.zhaw.ch\/marketingmanagement\/verstarkung-am-institut-fur-marketing-management\/#breadcrumb"},"inLanguage":"de","potentialAction":[{"@type":"ReadAction","target":["https:\/\/blog.zhaw.ch\/marketingmanagement\/verstarkung-am-institut-fur-marketing-management\/"]}]},{"@type":"ImageObject","inLanguage":"de","@id":"https:\/\/blog.zhaw.ch\/marketingmanagement\/verstarkung-am-institut-fur-marketing-management\/#primaryimage","url":"","contentUrl":""},{"@type":"BreadcrumbList","@id":"https:\/\/blog.zhaw.ch\/marketingmanagement\/verstarkung-am-institut-fur-marketing-management\/#breadcrumb","itemListElement":[{"@type":"ListItem","position":1,"name":"Startseite","item":"https:\/\/blog.zhaw.ch\/marketingmanagement\/"},{"@type":"ListItem","position":2,"name":"Verst\u00e4rkung am Institut f\u00fcr Marketing Management"}]},{"@type":"WebSite","@id":"https:\/\/blog.zhaw.ch\/marketingmanagement\/#website","url":"https:\/\/blog.zhaw.ch\/marketingmanagement\/","name":"Marketing Management-Blog","description":"Ein Blog der ZHAW Z\u00fcrcher Hochschule f\u00fcr Angewandte Wissenschaften","potentialAction":[{"@type":"SearchAction","target":{"@type":"EntryPoint","urlTemplate":"https:\/\/blog.zhaw.ch\/marketingmanagement\/?s={search_term_string}"},"query-input":{"@type":"PropertyValueSpecification","valueRequired":true,"valueName":"search_term_string"}}],"inLanguage":"de"},{"@type":"Person","@id":"https:\/\/blog.zhaw.ch\/marketingmanagement\/#\/schema\/person\/933c25b0f5326b61e76fc3dd7f3aa040","name":"Liora Lilienfeld","image":{"@type":"ImageObject","inLanguage":"de","@id":"https:\/\/secure.gravatar.com\/avatar\/60b74a9806c6156c45af91dcbbe8b2f8f61ef5ffa2598247b38f59c245a765d9?s=96&d=mm&r=g","url":"https:\/\/secure.gravatar.com\/avatar\/60b74a9806c6156c45af91dcbbe8b2f8f61ef5ffa2598247b38f59c245a765d9?s=96&d=mm&r=g","contentUrl":"https:\/\/secure.gravatar.com\/avatar\/60b74a9806c6156c45af91dcbbe8b2f8f61ef5ffa2598247b38f59c245a765d9?s=96&d=mm&r=g","caption":"Liora Lilienfeld"},"url":"https:\/\/blog.zhaw.ch\/marketingmanagement\/author\/lile\/"}]}},"_links":{"self":[{"href":"https:\/\/blog.zhaw.ch\/marketingmanagement\/wp-json\/wp\/v2\/posts\/5850","targetHints":{"allow":["GET"]}}],"collection":[{"href":"https:\/\/blog.zhaw.ch\/marketingmanagement\/wp-json\/wp\/v2\/posts"}],"about":[{"href":"https:\/\/blog.zhaw.ch\/marketingmanagement\/wp-json\/wp\/v2\/types\/post"}],"author":[{"embeddable":true,"href":"https:\/\/blog.zhaw.ch\/marketingmanagement\/wp-json\/wp\/v2\/users\/110"}],"replies":[{"embeddable":true,"href":"https:\/\/blog.zhaw.ch\/marketingmanagement\/wp-json\/wp\/v2\/comments?post=5850"}],"version-history":[{"count":0,"href":"https:\/\/blog.zhaw.ch\/marketingmanagement\/wp-json\/wp\/v2\/posts\/5850\/revisions"}],"wp:attachment":[{"href":"https:\/\/blog.zhaw.ch\/marketingmanagement\/wp-json\/wp\/v2\/media?parent=5850"}],"wp:term":[{"taxonomy":"category","embeddable":true,"href":"https:\/\/blog.zhaw.ch\/marketingmanagement\/wp-json\/wp\/v2\/categories?post=5850"},{"taxonomy":"post_tag","embeddable":true,"href":"https:\/\/blog.zhaw.ch\/marketingmanagement\/wp-json\/wp\/v2\/tags?post=5850"},{"taxonomy":"features","embeddable":true,"href":"https:\/\/blog.zhaw.ch\/marketingmanagement\/wp-json\/wp\/v2\/features?post=5850"}],"curies":[{"name":"wp","href":"https:\/\/api.w.org\/{rel}","templated":true}]}}