{"id":11076,"date":"2020-04-29T14:26:14","date_gmt":"2020-04-29T12:26:14","guid":{"rendered":"https:\/\/blog.zhaw.ch\/marketingmanagement\/?p=11076"},"modified":"2020-04-29T14:32:56","modified_gmt":"2020-04-29T12:32:56","slug":"radon-die-unterschaetzte-gesundheitsgefahr","status":"publish","type":"post","link":"https:\/\/blog.zhaw.ch\/marketingmanagement\/radon-die-unterschaetzte-gesundheitsgefahr\/","title":{"rendered":"Radon \u2013 die untersch\u00e4tzte Gesundheitsgefahr"},"content":{"rendered":"\n<p><em> Von Andrea Zimmermann <\/em><\/p>\n\n\n\n<p><em>Es ist unsichtbar, geschmacklos und riecht nicht. Nichtsdestotrotz sterben pro Jahr circa 300 Menschen in der Schweiz an den Ursachen des radioaktiven Edelgases Radon. Das sind fast 100 Tote mehr, als im Strassenverkehr t\u00f6dlich Verunfallte. Und dennoch ist Radon der \u00d6ffentlichkeit weitgehend unbekannt. <\/em><\/p>\n\n\n\n<p><strong>Was genau ist Radon? <\/strong><\/p>\n\n\n\n<p>Radon (Rn-222) ist ein nat\u00fcrlicherweise in der Umwelt vorkommendes radioaktives Edelgas. Es entsteht durch den Zerfall von Uran, welches \u00fcberall auf der Welt im Untergrund vorkommt. Beim Zerfall von Uran entsteht unter anderem Radium und daraus Radon. Diese Radonatome sind instabil und k\u00f6nnen weiter zerfallen, wodurch Radonfolgeprodukte wie Polonium, Bismut und Blei entstehen. Durch die Freisetzung in der Luft k\u00f6nnen sich die radioaktiven Radonfolgeprodukte an kleinste Schwebteilchen und Staubpartikel binden und beim Einatmen in unsere Lunge gelangen.\u00a0  <\/p>\n\n\n\n<figure class=\"wp-block-image size-large is-style-default\"><a href=\"https:\/\/blog.zhaw.ch\/marketingmanagement\/files\/2020\/04\/Bild1_Uranzerfallsreihe.jpg\" target=\"_blank\" rel=\"noreferrer noopener\"><img loading=\"lazy\" decoding=\"async\" width=\"1000\" height=\"666\" src=\"https:\/\/blog.zhaw.ch\/marketingmanagement\/files\/2020\/04\/Bild1_Uranzerfallsreihe.jpg\" alt=\"\" class=\"wp-image-11078\" srcset=\"https:\/\/blog.zhaw.ch\/marketingmanagement\/files\/2020\/04\/Bild1_Uranzerfallsreihe.jpg 1000w, https:\/\/blog.zhaw.ch\/marketingmanagement\/files\/2020\/04\/Bild1_Uranzerfallsreihe-300x200.jpg 300w, https:\/\/blog.zhaw.ch\/marketingmanagement\/files\/2020\/04\/Bild1_Uranzerfallsreihe-768x511.jpg 768w, https:\/\/blog.zhaw.ch\/marketingmanagement\/files\/2020\/04\/Bild1_Uranzerfallsreihe-450x300.jpg 450w\" sizes=\"auto, (max-width: 1000px) 100vw, 1000px\" \/><\/a><figcaption>Uranzerfallsreihe (\u00a9 BAG 2019)<\/figcaption><\/figure>\n\n\n\n<p><strong>Krank durch Radon? <\/strong><\/p>\n\n\n\n<p>Gleich nach dem Rauchen, ist Radon die wichtigste Ursache f\u00fcr Lungenkrebs. Wird es \u00fcber l\u00e4ngere Zeit in hohen Konzentrationen eingeatmet, gef\u00e4hrdet es die Gesundheit. Dieser Fakt ist den meisten Menschen nicht bewusst. Da Radon \u00fcberall in unserer Umwelt vorkommt, sich in der Aussenluft jedoch verfl\u00fcchtigt, besteht dort wenig Gefahr. Anders ist es in geschlossenen Innenr\u00e4umen, sprich in unseren Wohnungen und H\u00e4usern.  Gerade in solchen geschlossenen und schlecht gel\u00fcfteten und bel\u00fcfteten R\u00e4umen kann Radon durch undichte Stellen im Fundament eines Geb\u00e4udes oder Risse in den W\u00e4nden sowie Rohrleitungen ins Innere gelangen und sich in der Raumluft anreichern. Laut einer Studie des <a href=\"https:\/\/www.svlw.ch\/525-indoor-generation\" target=\"_blank\" rel=\"noreferrer noopener\" aria-label=\" (\u00f6ffnet in neuem Tab)\">Schweizerischen Verein f\u00fcr Luft- und Wasserhygiene (SVLW)<\/a> verbringen wir bis zu 90 % unsere Zeit in geschlossenen R\u00e4umen und sind somit einer erh\u00f6hten Gefahr ausgesetzt. <\/p>\n\n\n\n<p>Durch das Einatmen der radioaktiven Zerfallsprodukte von Radon setzten sich diese in der Lunge fest und die Lungen werden einer erh\u00f6hten Strahlung ausgesetzt \u2013 mit einer direkten Auswirkung auf die Zellen des menschlichen K\u00f6rpers und unserer DNA. Mit steigender Radonkonzentration nimmt das Risiko an Lungenkrebs zu erkranken zu, egal ob Raucher oder Nichtraucher. Jedoch verst\u00e4rken sich Rauchen und Radon wechselseitig und auch f\u00fcr lebenslange Nichtraucher ist Radon der wichtigste Risikofaktor f\u00fcr Lungenkrebs.  <\/p>\n\n\n\n<figure class=\"wp-block-image size-large is-style-default\"><a href=\"https:\/\/blog.zhaw.ch\/marketingmanagement\/files\/2020\/04\/Bild2_Gesundheit.jpg\" target=\"_blank\" rel=\"noreferrer noopener\"><img loading=\"lazy\" decoding=\"async\" width=\"800\" height=\"600\" src=\"https:\/\/blog.zhaw.ch\/marketingmanagement\/files\/2020\/04\/Bild2_Gesundheit.jpg\" alt=\"\" class=\"wp-image-11080\" srcset=\"https:\/\/blog.zhaw.ch\/marketingmanagement\/files\/2020\/04\/Bild2_Gesundheit.jpg 800w, https:\/\/blog.zhaw.ch\/marketingmanagement\/files\/2020\/04\/Bild2_Gesundheit-300x225.jpg 300w, https:\/\/blog.zhaw.ch\/marketingmanagement\/files\/2020\/04\/Bild2_Gesundheit-768x576.jpg 768w, https:\/\/blog.zhaw.ch\/marketingmanagement\/files\/2020\/04\/Bild2_Gesundheit-400x300.jpg 400w\" sizes=\"auto, (max-width: 800px) 100vw, 800px\" \/><\/a><figcaption>Ablagerung von radioaktiven Zerfallsprodukten von Radon in der Lunge (\u00a9 Bundesamt f\u00fcr Strahlenschutz 2019)<\/figcaption><\/figure>\n\n\n\n<p>Eine grosse Risikogruppe sind insbesondere die Kinder. Mit der Revision der <a rel=\"noreferrer noopener\" aria-label=\" (\u00f6ffnet in neuem Tab)\" href=\"https:\/\/www.admin.ch\/opc\/de\/classified-compilation\/20163016\/index.html\" target=\"_blank\">Strahlenschutzverordnung <\/a>hat der Bundesrat die Massnahmen gegen Radon versch\u00e4rf, indem er die zul\u00e4ssige Konzentration in Wohn- und Aufenthaltsr\u00e4umen deutlich gesenkt hat. In allen Kantonen sind daher regional gestaffelt in allen \u00f6ffentlichen und privaten Schulen, Kinderg\u00e4rten und weiteren Kinderbetreuungseinrichtungen Radonmessungen durchzuf\u00fchren. Die Messungen werden durch das <a rel=\"noreferrer noopener\" aria-label=\" (\u00f6ffnet in neuem Tab)\" href=\"https:\/\/awel.zh.ch\/internet\/baudirektion\/awel\/de\/home.html\" target=\"_blank\">Amt f\u00fcr Abfall, Wasser, Energie und Luft (AWEL)<\/a> koordiniert und von anerkannten Messstellen durchgef\u00fchrt.  <\/p>\n\n\n\n<p><strong>Kommunikation als wichtigstes Hilfsmittel in der Pr\u00e4ventionskampagne<\/strong> <\/p>\n\n\n\n<p>Da das Radon und die damit verbundenen Gefahren in der \u00d6ffentlichkeit vielen nicht bekannt sind, wird die Kommunikation zu einem wichtigen Faktor in der Pr\u00e4vention. Mit verschiedenen Massnahmen gilt es nun die Bev\u00f6lkerung zu informieren. Als ein Beispiel dient die <a rel=\"noreferrer noopener\" aria-label=\" (\u00f6ffnet in neuem Tab)\" href=\"https:\/\/ecosens.ch\/de\/home.html\" target=\"_blank\">Ecosens AG<\/a>. Sie ist eine neutrale und unabh\u00e4ngige Fachfirma f\u00fcr Beratungen im Zusammenhang mit <a rel=\"noreferrer noopener\" aria-label=\" (\u00f6ffnet in neuem Tab)\" href=\"https:\/\/ecosens.ch\/de\/Raumluft_Wohngifte_Radon.html\" target=\"_blank\">Raumluftqualit\u00e4t <\/a>sowie weiteren umweltbezogenen Themen. Sie hat sich bereits letztes Jahr diesem Thema angenommen und eine zweisprachige Informationskampagne dazu gestartet. Der Kommunikationsmix beinhaltete einen speziellen Flyer und einen Infobrief mit den wichtigsten Fragen und Antworten zum Thema Radon. Beliefert wurden die gesamten Wohngemeinden der Ost- und Westschweiz, um nochmals auf die wichtigsten Punkte und Umsetzungen hinzuweisen. Auch dieses Jahr wurde eine erneute Informationskampagne ausgel\u00f6st, um die Menschen weiter zu sensibilisieren. Die Kommunikation hat aber auch schon einige Institutionen erreicht, die sich von Radonfachpersonen beraten liessen. Weitere kommunikative Massnahmen sind geplant und werden nach und nach umgesetzt. <\/p>\n\n\n\n<figure class=\"wp-block-image size-large is-style-default\"><a href=\"https:\/\/blog.zhaw.ch\/marketingmanagement\/files\/2020\/04\/Bild3_Radon-im-Geb\u00e4ude_Flyer.jpg\" target=\"_blank\" rel=\"noreferrer noopener\"><img loading=\"lazy\" decoding=\"async\" width=\"1024\" height=\"730\" src=\"https:\/\/blog.zhaw.ch\/marketingmanagement\/files\/2020\/04\/Bild3_Radon-im-Geb\u00e4ude_Flyer-1024x730.jpg\" alt=\"\" class=\"wp-image-11083\" srcset=\"https:\/\/blog.zhaw.ch\/marketingmanagement\/files\/2020\/04\/Bild3_Radon-im-Geb\u00e4ude_Flyer-1024x730.jpg 1024w, https:\/\/blog.zhaw.ch\/marketingmanagement\/files\/2020\/04\/Bild3_Radon-im-Geb\u00e4ude_Flyer-300x214.jpg 300w, https:\/\/blog.zhaw.ch\/marketingmanagement\/files\/2020\/04\/Bild3_Radon-im-Geb\u00e4ude_Flyer-768x547.jpg 768w, https:\/\/blog.zhaw.ch\/marketingmanagement\/files\/2020\/04\/Bild3_Radon-im-Geb\u00e4ude_Flyer-421x300.jpg 421w, https:\/\/blog.zhaw.ch\/marketingmanagement\/files\/2020\/04\/Bild3_Radon-im-Geb\u00e4ude_Flyer.jpg 1441w\" sizes=\"auto, (max-width: 1024px) 100vw, 1024px\" \/><\/a><figcaption>Radon im Geb\u00e4ude? Flyer mit Erl\u00e4uterungen zu Radonmessungen (\u00a9 Ecosens AG 2019)<\/figcaption><\/figure>\n\n\n\n<p><strong>Wie kann ich mich sch\u00fctzen? <\/strong><\/p>\n\n\n\n<p>Damit das Radon in der Innenraumluft nicht zur Gefahr wird, helfen oft bereits einfache Schutzmassnahmen, um die Konzentration von Radon in einem Geb\u00e4ude und somit auch das Erkrankungsrisiko deutlich zu senken: <\/p>\n\n\n\n<ul class=\"wp-block-list\"><li>Regel\u00e4ssiges <a href=\"https:\/\/www.bag.admin.ch\/bag\/de\/home\/gesund-leben\/umwelt-und-gesundheit\/wohngifte\/gesundes-wohnen\/korrektes-lueften-und-heizen.html\" target=\"_blank\" rel=\"noreferrer noopener\" aria-label=\" (\u00f6ffnet in neuem Tab)\">korrektes L\u00fcften<\/a> der R\u00e4umlichkeiten<\/li><li>Undichte Eintrittsstellen im Keller und Untergeschoss abdichten lassen<\/li><li>Beizug einer <a href=\"https:\/\/www.ecosens.ch\/de\/Raumluft_Wohngifte_Radon.html\" target=\"_blank\" rel=\"noreferrer noopener\" aria-label=\" (\u00f6ffnet in neuem Tab)\">Radonfachpersonen <\/a>f\u00fcr Messungen und Abkl\u00e4rungen<\/li><li>Schutzmassnahmen zur Verhinderung des Radoneintritts bei Neubauten in die Planung miteinbeziehen <\/li><\/ul>\n\n\n\n<p>Die gute Nachricht ist: Radon ist zwar gef\u00e4hrlich, wir k\u00f6nnen uns aber mit relativ simplen Mitteln davor sch\u00fctzen. Mit einer Messung kann die Radonkonzentration in der Raumluft bestimmt, und es k\u00f6nnen Sanierungs- oder Sicherheitsmassnahmen abgeleitet werden.  Mit der <a rel=\"noreferrer noopener\" aria-label=\" (\u00f6ffnet in neuem Tab)\" href=\"https:\/\/www.bag.admin.ch\/bag\/de\/home\/gesund-leben\/umwelt-und-gesundheit\/strahlung-radioaktivitaet-schall\/radon\/radongebiete-ch.html\" target=\"_blank\">Radonkarte <\/a>der Schweiz des <a href=\"https:\/\/www.bag.admin.ch\/bag\/de\/home.html\" target=\"_blank\" rel=\"noreferrer noopener\" aria-label=\" (\u00f6ffnet in neuem Tab)\">Bundesamtes f\u00fcr Gesundheit BAG<\/a> kann man sich auch als Laie \u00fcber das Radonrisiko in seiner Wohnumgebung informieren. F\u00fcr eine gesunde Raumluft. <\/p>\n\n\n\n<p><strong>Weiterf\u00fchrende Links:<\/strong><\/p>\n\n\n\n<p><a rel=\"noreferrer noopener\" aria-label=\" (\u00f6ffnet in neuem Tab)\" href=\"https:\/\/www.bag.admin.ch\/bag\/de\/home\/gesund-leben\/umwelt-und-gesundheit\/strahlung-radioaktivitaet-schall\/radon\/radongebiete-ch.html\" target=\"_blank\">https:\/\/www.bag.admin.ch\/bag\/de\/home\/gesund-leben\/umwelt-und-gesundheit\/strahlung-radioaktivitaet-schall\/radon\/radongebiete-ch.html<\/a><\/p>\n\n\n\n<p><a rel=\"noreferrer noopener\" aria-label=\" (\u00f6ffnet in neuem Tab)\" href=\"https:\/\/ecosens.ch\/de\/detail\/radonmessungen-und-radonsicheres-bauen.html\" target=\"_blank\">https:\/\/ecosens.ch\/de\/detail\/radonmessungen-und-radonsicheres-bauen.html<\/a><\/p>\n\n\n\n<p><a rel=\"noreferrer noopener\" aria-label=\" (\u00f6ffnet in neuem Tab)\" href=\"https:\/\/www.bag.admin.ch\/bag\/de\/home\/gesund-leben\/umwelt-und-gesundheit\/strahlung-radioaktivitaet-schall\/radon.html\" target=\"_blank\">https:\/\/www.bag.admin.ch\/bag\/de\/home\/gesund-leben\/umwelt-und-gesundheit\/strahlung-radioaktivitaet-schall\/radon.html<\/a><\/p>\n\n\n\n<p><strong>\u00dcber die Autorin<\/strong> <\/p>\n\n\n\n<figure class=\"wp-block-image size-large is-style-default\"><a href=\"https:\/\/blog.zhaw.ch\/marketingmanagement\/files\/2020\/04\/Bild5_Andrea-Zimmermann.jpg\" target=\"_blank\" rel=\"noreferrer noopener\"><img decoding=\"async\" src=\"https:\/\/blog.zhaw.ch\/marketingmanagement\/files\/2020\/04\/Bild5_Andrea-Zimmermann.jpg\" alt=\"\" class=\"wp-image-11087\" \/><\/a><\/figure>\n\n\n\n<p>Andrea Zimmermann arbeitet bei der <a rel=\"noreferrer noopener\" aria-label=\" (\u00f6ffnet in neuem Tab)\" href=\"https:\/\/www.ecosens.ch\/de\/\" target=\"_blank\">Ecosens AG<\/a> in Wallisellen, einem Umweltberatungsunternehmen, und ist im Marketing und der Kommunikation t\u00e4tig. Nach dem Bachelor f\u00fcr mehrsprachige Kommunikation absolviert sie derzeit den <a href=\"https:\/\/www.zhaw.ch\/de\/sml\/weiterbildung\/detail\/kurs\/cas-marketing-corporate-communications\/\" target=\"_blank\" rel=\"noreferrer noopener\" aria-label=\" (\u00f6ffnet in neuem Tab)\">CAS Marketing- und Corporate Communications<\/a> an der <a href=\"https:\/\/www.zhaw.ch\/de\/sml\/\" target=\"_blank\" rel=\"noreferrer noopener\" aria-label=\" (\u00f6ffnet in neuem Tab)\">ZHAW School of Management and Law<\/a> in <a href=\"https:\/\/www.winterthur.ch\/\" target=\"_blank\" rel=\"noreferrer noopener\" aria-label=\" (\u00f6ffnet in neuem Tab)\">Winterthur<\/a>. <\/p>\n\n\n\n<p><\/p>\n<div class=\"pt-sm\">Schlagw\u00f6rter: <a href=\"https:\/\/blog.zhaw.ch\/marketingmanagement\/tag\/amt-fuer-wasser\/\">Amt f\u00fcr Wasser<\/a>, <a href=\"https:\/\/blog.zhaw.ch\/marketingmanagement\/tag\/awel\/\">AWEL<\/a>, <a href=\"https:\/\/blog.zhaw.ch\/marketingmanagement\/tag\/bag\/\">BAG<\/a>, <a href=\"https:\/\/blog.zhaw.ch\/marketingmanagement\/tag\/bundesamt-fuer-gesundheit\/\">Bundesamt f\u00fcr Gesundheit<\/a>, <a href=\"https:\/\/blog.zhaw.ch\/marketingmanagement\/tag\/cas-marketing-und-corporate-communications\/\">CAS Marketing- und Corporate Communications<\/a>, <a href=\"https:\/\/blog.zhaw.ch\/marketingmanagement\/tag\/ecosens-ag\/\">Ecosens AG<\/a>, <a href=\"https:\/\/blog.zhaw.ch\/marketingmanagement\/tag\/energie-und-luft\/\">Energie und Luft<\/a>, <a href=\"https:\/\/blog.zhaw.ch\/marketingmanagement\/tag\/imm\/\">IMM<\/a>, <a href=\"https:\/\/blog.zhaw.ch\/marketingmanagement\/tag\/institut-fur-marketing-management\/\">Institut f\u00fcr Marketing Management<\/a>, <a href=\"https:\/\/blog.zhaw.ch\/marketingmanagement\/tag\/korrektes-lueften\/\">Korrektes L\u00fcften<\/a>, <a href=\"https:\/\/blog.zhaw.ch\/marketingmanagement\/tag\/lungenkrebs\/\">Lungenkrebs<\/a>, <a href=\"https:\/\/blog.zhaw.ch\/marketingmanagement\/tag\/radon\/\">Radon<\/a>, <a href=\"https:\/\/blog.zhaw.ch\/marketingmanagement\/tag\/radonfachpersonen\/\">Radonfachpersonen<\/a>, <a href=\"https:\/\/blog.zhaw.ch\/marketingmanagement\/tag\/radonkarte\/\">Radonkarte<\/a>, <a href=\"https:\/\/blog.zhaw.ch\/marketingmanagement\/tag\/raumluft\/\">Raumluft<\/a>, <a href=\"https:\/\/blog.zhaw.ch\/marketingmanagement\/tag\/schweizerischer-verband-fuer-luft-und-wasserhygiene\/\">Schweizerischer Verband f\u00fcr Luft- und Wasserhygiene<\/a>, <a href=\"https:\/\/blog.zhaw.ch\/marketingmanagement\/tag\/strahlenschutzverordnung\/\">Strahlenschutzverordnung<\/a>, <a href=\"https:\/\/blog.zhaw.ch\/marketingmanagement\/tag\/svlw\/\">SVLW<\/a>, <a href=\"https:\/\/blog.zhaw.ch\/marketingmanagement\/tag\/weiterbildung\/\">Weiterbildung<\/a>, <a href=\"https:\/\/blog.zhaw.ch\/marketingmanagement\/tag\/zhaw\/\">zhaw<\/a>, <a href=\"https:\/\/blog.zhaw.ch\/marketingmanagement\/tag\/zuercher-hochschule-fuer-angewandte-wissenschaften\/\">Z\u00fcrcher Hochschule f\u00fcr Angewandte Wissenschaften.<\/a><br><\/div>","protected":false},"excerpt":{"rendered":"<p>Von Andrea Zimmermann Es ist unsichtbar, geschmacklos und riecht nicht. Nichtsdestotrotz sterben pro Jahr circa 300 Menschen in der Schweiz an den Ursachen des radioaktiven Edelgases Radon. Das sind fast 100 Tote mehr, als im Strassenverkehr t\u00f6dlich Verunfallte. Und dennoch ist Radon der \u00d6ffentlichkeit weitgehend unbekannt. Was genau ist Radon? Radon (Rn-222) ist ein nat\u00fcrlicherweise [&hellip;]<\/p>\n","protected":false},"author":312,"featured_media":0,"comment_status":"open","ping_status":"open","sticky":false,"template":"","format":"standard","meta":{"ngg_post_thumbnail":0,"footnotes":""},"categories":[1,13],"tags":[4248,4251,4193,4255,3301,4247,4249,246,255,4254,4245,4243,4246,4242,4244,4250,4252,4253,903,670,3214],"features":[],"class_list":["post-11076","post","type-post","status-publish","format-standard","hentry","category-allgemein","category-weiterbildung","tag-amt-fuer-wasser","tag-awel","tag-bag","tag-bundesamt-fuer-gesundheit","tag-cas-marketing-und-corporate-communications","tag-ecosens-ag","tag-energie-und-luft","tag-imm","tag-institut-fur-marketing-management","tag-korrektes-lueften","tag-lungenkrebs","tag-radon","tag-radonfachpersonen","tag-radonkarte","tag-raumluft","tag-schweizerischer-verband-fuer-luft-und-wasserhygiene","tag-strahlenschutzverordnung","tag-svlw","tag-weiterbildung","tag-zhaw","tag-zuercher-hochschule-fuer-angewandte-wissenschaften"],"yoast_head":"<!-- This site is optimized with the Yoast SEO Premium plugin v27.2 (Yoast SEO v27.2) - https:\/\/yoast.com\/product\/yoast-seo-premium-wordpress\/ -->\n<title>Radon \u2013 die untersch\u00e4tzte Gesundheitsgefahr - Marketing Management-Blog<\/title>\n<meta name=\"robots\" content=\"index, follow, max-snippet:-1, max-image-preview:large, max-video-preview:-1\" \/>\n<link rel=\"canonical\" href=\"https:\/\/blog.zhaw.ch\/marketingmanagement\/radon-die-unterschaetzte-gesundheitsgefahr\/\" \/>\n<meta property=\"og:locale\" content=\"de_DE\" \/>\n<meta property=\"og:type\" content=\"article\" \/>\n<meta property=\"og:title\" content=\"Radon \u2013 die untersch\u00e4tzte Gesundheitsgefahr\" \/>\n<meta property=\"og:description\" content=\"Von Andrea Zimmermann Es ist unsichtbar, geschmacklos und riecht nicht. Nichtsdestotrotz sterben pro Jahr circa 300 Menschen in der Schweiz an den Ursachen des radioaktiven Edelgases Radon. Das sind fast 100 Tote mehr, als im Strassenverkehr t\u00f6dlich Verunfallte. Und dennoch ist Radon der \u00d6ffentlichkeit weitgehend unbekannt. Was genau ist Radon? Radon (Rn-222) ist ein nat\u00fcrlicherweise [&hellip;]\" \/>\n<meta property=\"og:url\" content=\"https:\/\/blog.zhaw.ch\/marketingmanagement\/radon-die-unterschaetzte-gesundheitsgefahr\/\" \/>\n<meta property=\"og:site_name\" content=\"Marketing Management-Blog\" \/>\n<meta property=\"article:published_time\" content=\"2020-04-29T12:26:14+00:00\" \/>\n<meta property=\"article:modified_time\" content=\"2020-04-29T12:32:56+00:00\" \/>\n<meta property=\"og:image\" content=\"https:\/\/blog.zhaw.ch\/marketingmanagement\/files\/2020\/04\/Bild1_Uranzerfallsreihe.jpg\" \/>\n<meta name=\"author\" content=\"suva\" \/>\n<meta name=\"twitter:card\" content=\"summary_large_image\" \/>\n<meta name=\"twitter:label1\" content=\"Verfasst von\" \/>\n\t<meta name=\"twitter:data1\" content=\"suva\" \/>\n\t<meta name=\"twitter:label2\" content=\"Gesch\u00e4tzte Lesezeit\" \/>\n\t<meta name=\"twitter:data2\" content=\"4\u00a0Minuten\" \/>\n<script type=\"application\/ld+json\" class=\"yoast-schema-graph\">{\"@context\":\"https:\/\/schema.org\",\"@graph\":[{\"@type\":\"Article\",\"@id\":\"https:\/\/blog.zhaw.ch\/marketingmanagement\/radon-die-unterschaetzte-gesundheitsgefahr\/#article\",\"isPartOf\":{\"@id\":\"https:\/\/blog.zhaw.ch\/marketingmanagement\/radon-die-unterschaetzte-gesundheitsgefahr\/\"},\"author\":{\"name\":\"suva\",\"@id\":\"https:\/\/blog.zhaw.ch\/marketingmanagement\/#\/schema\/person\/8e3fd88b17ed80282ba7666e90fa5da3\"},\"headline\":\"Radon \u2013 die untersch\u00e4tzte Gesundheitsgefahr\",\"datePublished\":\"2020-04-29T12:26:14+00:00\",\"dateModified\":\"2020-04-29T12:32:56+00:00\",\"mainEntityOfPage\":{\"@id\":\"https:\/\/blog.zhaw.ch\/marketingmanagement\/radon-die-unterschaetzte-gesundheitsgefahr\/\"},\"wordCount\":847,\"commentCount\":1,\"image\":{\"@id\":\"https:\/\/blog.zhaw.ch\/marketingmanagement\/radon-die-unterschaetzte-gesundheitsgefahr\/#primaryimage\"},\"thumbnailUrl\":\"https:\/\/blog.zhaw.ch\/marketingmanagement\/files\/2020\/04\/Bild1_Uranzerfallsreihe.jpg\",\"keywords\":[\"Amt f\u00fcr Wasser\",\"AWEL\",\"BAG\",\"Bundesamt f\u00fcr Gesundheit\",\"CAS Marketing- und Corporate Communications\",\"Ecosens AG\",\"Energie und Luft\",\"IMM\",\"Institut f\u00fcr Marketing Management\",\"Korrektes L\u00fcften\",\"Lungenkrebs\",\"Radon\",\"Radonfachpersonen\",\"Radonkarte\",\"Raumluft\",\"Schweizerischer Verband f\u00fcr Luft- und Wasserhygiene\",\"Strahlenschutzverordnung\",\"SVLW\",\"Weiterbildung\",\"zhaw\",\"Z\u00fcrcher Hochschule f\u00fcr Angewandte Wissenschaften.\"],\"articleSection\":{\"1\":\"Weiterbildung\"},\"inLanguage\":\"de\",\"potentialAction\":[{\"@type\":\"CommentAction\",\"name\":\"Comment\",\"target\":[\"https:\/\/blog.zhaw.ch\/marketingmanagement\/radon-die-unterschaetzte-gesundheitsgefahr\/#respond\"]}]},{\"@type\":\"WebPage\",\"@id\":\"https:\/\/blog.zhaw.ch\/marketingmanagement\/radon-die-unterschaetzte-gesundheitsgefahr\/\",\"url\":\"https:\/\/blog.zhaw.ch\/marketingmanagement\/radon-die-unterschaetzte-gesundheitsgefahr\/\",\"name\":\"Radon \u2013 die untersch\u00e4tzte Gesundheitsgefahr - Marketing Management-Blog\",\"isPartOf\":{\"@id\":\"https:\/\/blog.zhaw.ch\/marketingmanagement\/#website\"},\"primaryImageOfPage\":{\"@id\":\"https:\/\/blog.zhaw.ch\/marketingmanagement\/radon-die-unterschaetzte-gesundheitsgefahr\/#primaryimage\"},\"image\":{\"@id\":\"https:\/\/blog.zhaw.ch\/marketingmanagement\/radon-die-unterschaetzte-gesundheitsgefahr\/#primaryimage\"},\"thumbnailUrl\":\"https:\/\/blog.zhaw.ch\/marketingmanagement\/files\/2020\/04\/Bild1_Uranzerfallsreihe.jpg\",\"datePublished\":\"2020-04-29T12:26:14+00:00\",\"dateModified\":\"2020-04-29T12:32:56+00:00\",\"author\":{\"@id\":\"https:\/\/blog.zhaw.ch\/marketingmanagement\/#\/schema\/person\/8e3fd88b17ed80282ba7666e90fa5da3\"},\"breadcrumb\":{\"@id\":\"https:\/\/blog.zhaw.ch\/marketingmanagement\/radon-die-unterschaetzte-gesundheitsgefahr\/#breadcrumb\"},\"inLanguage\":\"de\",\"potentialAction\":[{\"@type\":\"ReadAction\",\"target\":[\"https:\/\/blog.zhaw.ch\/marketingmanagement\/radon-die-unterschaetzte-gesundheitsgefahr\/\"]}]},{\"@type\":\"ImageObject\",\"inLanguage\":\"de\",\"@id\":\"https:\/\/blog.zhaw.ch\/marketingmanagement\/radon-die-unterschaetzte-gesundheitsgefahr\/#primaryimage\",\"url\":\"https:\/\/blog.zhaw.ch\/marketingmanagement\/files\/2020\/04\/Bild1_Uranzerfallsreihe.jpg\",\"contentUrl\":\"https:\/\/blog.zhaw.ch\/marketingmanagement\/files\/2020\/04\/Bild1_Uranzerfallsreihe.jpg\"},{\"@type\":\"BreadcrumbList\",\"@id\":\"https:\/\/blog.zhaw.ch\/marketingmanagement\/radon-die-unterschaetzte-gesundheitsgefahr\/#breadcrumb\",\"itemListElement\":[{\"@type\":\"ListItem\",\"position\":1,\"name\":\"Startseite\",\"item\":\"https:\/\/blog.zhaw.ch\/marketingmanagement\/\"},{\"@type\":\"ListItem\",\"position\":2,\"name\":\"Radon \u2013 die untersch\u00e4tzte Gesundheitsgefahr\"}]},{\"@type\":\"WebSite\",\"@id\":\"https:\/\/blog.zhaw.ch\/marketingmanagement\/#website\",\"url\":\"https:\/\/blog.zhaw.ch\/marketingmanagement\/\",\"name\":\"Marketing Management-Blog\",\"description\":\"Ein Blog der ZHAW Z\u00fcrcher Hochschule f\u00fcr Angewandte Wissenschaften\",\"potentialAction\":[{\"@type\":\"SearchAction\",\"target\":{\"@type\":\"EntryPoint\",\"urlTemplate\":\"https:\/\/blog.zhaw.ch\/marketingmanagement\/?s={search_term_string}\"},\"query-input\":{\"@type\":\"PropertyValueSpecification\",\"valueRequired\":true,\"valueName\":\"search_term_string\"}}],\"inLanguage\":\"de\"},{\"@type\":\"Person\",\"@id\":\"https:\/\/blog.zhaw.ch\/marketingmanagement\/#\/schema\/person\/8e3fd88b17ed80282ba7666e90fa5da3\",\"name\":\"suva\",\"image\":{\"@type\":\"ImageObject\",\"inLanguage\":\"de\",\"@id\":\"https:\/\/secure.gravatar.com\/avatar\/40c8bd61df220eadf6e5481cf43dc7e86cda9707732035285b48521487832c5e?s=96&d=mm&r=g\",\"url\":\"https:\/\/secure.gravatar.com\/avatar\/40c8bd61df220eadf6e5481cf43dc7e86cda9707732035285b48521487832c5e?s=96&d=mm&r=g\",\"contentUrl\":\"https:\/\/secure.gravatar.com\/avatar\/40c8bd61df220eadf6e5481cf43dc7e86cda9707732035285b48521487832c5e?s=96&d=mm&r=g\",\"caption\":\"suva\"},\"url\":\"https:\/\/blog.zhaw.ch\/marketingmanagement\/author\/suva\/\"}]}<\/script>\n<!-- \/ Yoast SEO Premium plugin. -->","yoast_head_json":{"title":"Radon \u2013 die untersch\u00e4tzte Gesundheitsgefahr - Marketing Management-Blog","robots":{"index":"index","follow":"follow","max-snippet":"max-snippet:-1","max-image-preview":"max-image-preview:large","max-video-preview":"max-video-preview:-1"},"canonical":"https:\/\/blog.zhaw.ch\/marketingmanagement\/radon-die-unterschaetzte-gesundheitsgefahr\/","og_locale":"de_DE","og_type":"article","og_title":"Radon \u2013 die untersch\u00e4tzte Gesundheitsgefahr","og_description":"Von Andrea Zimmermann Es ist unsichtbar, geschmacklos und riecht nicht. Nichtsdestotrotz sterben pro Jahr circa 300 Menschen in der Schweiz an den Ursachen des radioaktiven Edelgases Radon. Das sind fast 100 Tote mehr, als im Strassenverkehr t\u00f6dlich Verunfallte. Und dennoch ist Radon der \u00d6ffentlichkeit weitgehend unbekannt. Was genau ist Radon? Radon (Rn-222) ist ein nat\u00fcrlicherweise [&hellip;]","og_url":"https:\/\/blog.zhaw.ch\/marketingmanagement\/radon-die-unterschaetzte-gesundheitsgefahr\/","og_site_name":"Marketing Management-Blog","article_published_time":"2020-04-29T12:26:14+00:00","article_modified_time":"2020-04-29T12:32:56+00:00","og_image":[{"url":"https:\/\/blog.zhaw.ch\/marketingmanagement\/files\/2020\/04\/Bild1_Uranzerfallsreihe.jpg","type":"","width":"","height":""}],"author":"suva","twitter_card":"summary_large_image","twitter_misc":{"Verfasst von":"suva","Gesch\u00e4tzte Lesezeit":"4\u00a0Minuten"},"schema":{"@context":"https:\/\/schema.org","@graph":[{"@type":"Article","@id":"https:\/\/blog.zhaw.ch\/marketingmanagement\/radon-die-unterschaetzte-gesundheitsgefahr\/#article","isPartOf":{"@id":"https:\/\/blog.zhaw.ch\/marketingmanagement\/radon-die-unterschaetzte-gesundheitsgefahr\/"},"author":{"name":"suva","@id":"https:\/\/blog.zhaw.ch\/marketingmanagement\/#\/schema\/person\/8e3fd88b17ed80282ba7666e90fa5da3"},"headline":"Radon \u2013 die untersch\u00e4tzte Gesundheitsgefahr","datePublished":"2020-04-29T12:26:14+00:00","dateModified":"2020-04-29T12:32:56+00:00","mainEntityOfPage":{"@id":"https:\/\/blog.zhaw.ch\/marketingmanagement\/radon-die-unterschaetzte-gesundheitsgefahr\/"},"wordCount":847,"commentCount":1,"image":{"@id":"https:\/\/blog.zhaw.ch\/marketingmanagement\/radon-die-unterschaetzte-gesundheitsgefahr\/#primaryimage"},"thumbnailUrl":"https:\/\/blog.zhaw.ch\/marketingmanagement\/files\/2020\/04\/Bild1_Uranzerfallsreihe.jpg","keywords":["Amt f\u00fcr Wasser","AWEL","BAG","Bundesamt f\u00fcr Gesundheit","CAS Marketing- und Corporate Communications","Ecosens AG","Energie und Luft","IMM","Institut f\u00fcr Marketing Management","Korrektes L\u00fcften","Lungenkrebs","Radon","Radonfachpersonen","Radonkarte","Raumluft","Schweizerischer Verband f\u00fcr Luft- und Wasserhygiene","Strahlenschutzverordnung","SVLW","Weiterbildung","zhaw","Z\u00fcrcher Hochschule f\u00fcr Angewandte Wissenschaften."],"articleSection":{"1":"Weiterbildung"},"inLanguage":"de","potentialAction":[{"@type":"CommentAction","name":"Comment","target":["https:\/\/blog.zhaw.ch\/marketingmanagement\/radon-die-unterschaetzte-gesundheitsgefahr\/#respond"]}]},{"@type":"WebPage","@id":"https:\/\/blog.zhaw.ch\/marketingmanagement\/radon-die-unterschaetzte-gesundheitsgefahr\/","url":"https:\/\/blog.zhaw.ch\/marketingmanagement\/radon-die-unterschaetzte-gesundheitsgefahr\/","name":"Radon \u2013 die untersch\u00e4tzte Gesundheitsgefahr - Marketing Management-Blog","isPartOf":{"@id":"https:\/\/blog.zhaw.ch\/marketingmanagement\/#website"},"primaryImageOfPage":{"@id":"https:\/\/blog.zhaw.ch\/marketingmanagement\/radon-die-unterschaetzte-gesundheitsgefahr\/#primaryimage"},"image":{"@id":"https:\/\/blog.zhaw.ch\/marketingmanagement\/radon-die-unterschaetzte-gesundheitsgefahr\/#primaryimage"},"thumbnailUrl":"https:\/\/blog.zhaw.ch\/marketingmanagement\/files\/2020\/04\/Bild1_Uranzerfallsreihe.jpg","datePublished":"2020-04-29T12:26:14+00:00","dateModified":"2020-04-29T12:32:56+00:00","author":{"@id":"https:\/\/blog.zhaw.ch\/marketingmanagement\/#\/schema\/person\/8e3fd88b17ed80282ba7666e90fa5da3"},"breadcrumb":{"@id":"https:\/\/blog.zhaw.ch\/marketingmanagement\/radon-die-unterschaetzte-gesundheitsgefahr\/#breadcrumb"},"inLanguage":"de","potentialAction":[{"@type":"ReadAction","target":["https:\/\/blog.zhaw.ch\/marketingmanagement\/radon-die-unterschaetzte-gesundheitsgefahr\/"]}]},{"@type":"ImageObject","inLanguage":"de","@id":"https:\/\/blog.zhaw.ch\/marketingmanagement\/radon-die-unterschaetzte-gesundheitsgefahr\/#primaryimage","url":"https:\/\/blog.zhaw.ch\/marketingmanagement\/files\/2020\/04\/Bild1_Uranzerfallsreihe.jpg","contentUrl":"https:\/\/blog.zhaw.ch\/marketingmanagement\/files\/2020\/04\/Bild1_Uranzerfallsreihe.jpg"},{"@type":"BreadcrumbList","@id":"https:\/\/blog.zhaw.ch\/marketingmanagement\/radon-die-unterschaetzte-gesundheitsgefahr\/#breadcrumb","itemListElement":[{"@type":"ListItem","position":1,"name":"Startseite","item":"https:\/\/blog.zhaw.ch\/marketingmanagement\/"},{"@type":"ListItem","position":2,"name":"Radon \u2013 die untersch\u00e4tzte Gesundheitsgefahr"}]},{"@type":"WebSite","@id":"https:\/\/blog.zhaw.ch\/marketingmanagement\/#website","url":"https:\/\/blog.zhaw.ch\/marketingmanagement\/","name":"Marketing Management-Blog","description":"Ein Blog der ZHAW Z\u00fcrcher Hochschule f\u00fcr Angewandte Wissenschaften","potentialAction":[{"@type":"SearchAction","target":{"@type":"EntryPoint","urlTemplate":"https:\/\/blog.zhaw.ch\/marketingmanagement\/?s={search_term_string}"},"query-input":{"@type":"PropertyValueSpecification","valueRequired":true,"valueName":"search_term_string"}}],"inLanguage":"de"},{"@type":"Person","@id":"https:\/\/blog.zhaw.ch\/marketingmanagement\/#\/schema\/person\/8e3fd88b17ed80282ba7666e90fa5da3","name":"suva","image":{"@type":"ImageObject","inLanguage":"de","@id":"https:\/\/secure.gravatar.com\/avatar\/40c8bd61df220eadf6e5481cf43dc7e86cda9707732035285b48521487832c5e?s=96&d=mm&r=g","url":"https:\/\/secure.gravatar.com\/avatar\/40c8bd61df220eadf6e5481cf43dc7e86cda9707732035285b48521487832c5e?s=96&d=mm&r=g","contentUrl":"https:\/\/secure.gravatar.com\/avatar\/40c8bd61df220eadf6e5481cf43dc7e86cda9707732035285b48521487832c5e?s=96&d=mm&r=g","caption":"suva"},"url":"https:\/\/blog.zhaw.ch\/marketingmanagement\/author\/suva\/"}]}},"_links":{"self":[{"href":"https:\/\/blog.zhaw.ch\/marketingmanagement\/wp-json\/wp\/v2\/posts\/11076","targetHints":{"allow":["GET"]}}],"collection":[{"href":"https:\/\/blog.zhaw.ch\/marketingmanagement\/wp-json\/wp\/v2\/posts"}],"about":[{"href":"https:\/\/blog.zhaw.ch\/marketingmanagement\/wp-json\/wp\/v2\/types\/post"}],"author":[{"embeddable":true,"href":"https:\/\/blog.zhaw.ch\/marketingmanagement\/wp-json\/wp\/v2\/users\/312"}],"replies":[{"embeddable":true,"href":"https:\/\/blog.zhaw.ch\/marketingmanagement\/wp-json\/wp\/v2\/comments?post=11076"}],"version-history":[{"count":10,"href":"https:\/\/blog.zhaw.ch\/marketingmanagement\/wp-json\/wp\/v2\/posts\/11076\/revisions"}],"predecessor-version":[{"id":11090,"href":"https:\/\/blog.zhaw.ch\/marketingmanagement\/wp-json\/wp\/v2\/posts\/11076\/revisions\/11090"}],"wp:attachment":[{"href":"https:\/\/blog.zhaw.ch\/marketingmanagement\/wp-json\/wp\/v2\/media?parent=11076"}],"wp:term":[{"taxonomy":"category","embeddable":true,"href":"https:\/\/blog.zhaw.ch\/marketingmanagement\/wp-json\/wp\/v2\/categories?post=11076"},{"taxonomy":"post_tag","embeddable":true,"href":"https:\/\/blog.zhaw.ch\/marketingmanagement\/wp-json\/wp\/v2\/tags?post=11076"},{"taxonomy":"features","embeddable":true,"href":"https:\/\/blog.zhaw.ch\/marketingmanagement\/wp-json\/wp\/v2\/features?post=11076"}],"curies":[{"name":"wp","href":"https:\/\/api.w.org\/{rel}","templated":true}]}}