{"id":10668,"date":"2019-10-08T09:22:53","date_gmt":"2019-10-08T07:22:53","guid":{"rendered":"https:\/\/blog.zhaw.ch\/marketingmanagement\/?p=10668"},"modified":"2019-10-08T09:22:54","modified_gmt":"2019-10-08T07:22:54","slug":"den-gemeinden-geht-das-personal-aus-und-was-sie-dagegen-unternehmen","status":"publish","type":"post","link":"https:\/\/blog.zhaw.ch\/marketingmanagement\/den-gemeinden-geht-das-personal-aus-und-was-sie-dagegen-unternehmen\/","title":{"rendered":"Den Gemeinden geht das Personal aus \u2013 und was sie dagegen unternehmen"},"content":{"rendered":"\n<p><em>Von Melanie Hilpertshauser<\/em><\/p>\n\n\n\n<p><em>Eine Anstellung in einer Gemeinde oder Stadt ist nicht mehr attraktiv. Es ist schwierig geworden, Fachkr\u00e4fte zu finden, die \u00fcber die n\u00f6tigen Voraussetzungen verf\u00fcgen, wie sie moderne Verwaltungen heute brauchen. Der <a rel=\"noreferrer noopener\" aria-label=\" (\u00f6ffnet in neuem Tab)\" href=\"https:\/\/www.vzgv.ch\/\" target=\"_blank\">Verein Z\u00fcrcher Gemeindeschreiber und Verwaltungsfachleute<\/a> (VZGV) kennt die Situation und will den Gemeinden und St\u00e4dten unter die Arme greifen \u2013 mit einer Imagekampagne. Allerdings nicht pfannenfertig: Den ersten Schritt m\u00fcssen Gemeinde und St\u00e4dte selber tun.<\/em><\/p>\n\n\n\n<p>Der Arbeitsmarkt in der Schweiz hat sich in den letzten Jahren enorm gewandelt. Nicht zuletzt aufgrund des technologischen Wandels, der digitalen Transformation und weiteren gesellschaftlichen Entwicklungen bewegt sich der Trend weg vom Arbeitsplatzmarkt hin zum Arbeitnehmermarkt. In der Folge buhlen Firmen um die besten Mitarbeitenden. Eine Firma muss sich vermarkten und gut pr\u00e4sentieren, um das Interesse von m\u00f6glichen Arbeitnehmern zu wecken und sie von sich als Arbeitgeberin zu \u00fcberzeugen. <\/p>\n\n\n\n<figure class=\"wp-block-image\"><a href=\"https:\/\/blog.zhaw.ch\/marketingmanagement\/files\/2019\/10\/Bild_01.png\" target=\"_blank\" rel=\"noreferrer noopener\"><img loading=\"lazy\" decoding=\"async\" width=\"1024\" height=\"683\" src=\"https:\/\/blog.zhaw.ch\/marketingmanagement\/files\/2019\/10\/Bild_01-1024x683.png\" alt=\"\" class=\"wp-image-10669\" srcset=\"https:\/\/blog.zhaw.ch\/marketingmanagement\/files\/2019\/10\/Bild_01-1024x683.png 1024w, https:\/\/blog.zhaw.ch\/marketingmanagement\/files\/2019\/10\/Bild_01-300x200.png 300w, https:\/\/blog.zhaw.ch\/marketingmanagement\/files\/2019\/10\/Bild_01-768x512.png 768w, https:\/\/blog.zhaw.ch\/marketingmanagement\/files\/2019\/10\/Bild_01-450x300.png 450w, https:\/\/blog.zhaw.ch\/marketingmanagement\/files\/2019\/10\/Bild_01.png 1920w\" sizes=\"auto, (max-width: 1024px) 100vw, 1024px\" \/><\/a><figcaption>Der Arbeitsmarkt wandelt sich und es gilt das Interesse der Arbeitnehmer zu wecken<\/figcaption><\/figure>\n\n\n\n<p><strong>Gemeinden und St\u00e4dte vor Herausforderungen<\/strong><\/p>\n\n\n\n<p>Der Wandel des Arbeitsmarktes macht auch vor Gemeinde- und Stadtverwaltungen nicht Halt, wie Thomas-Peter Binder, Pr\u00e4sident des <a rel=\"noreferrer noopener\" aria-label=\" (\u00f6ffnet in neuem Tab)\" href=\"https:\/\/www.vzgv.ch\/\" target=\"_blank\">Vereins Z\u00fcrcher Gemeindeschreiber und Verwaltungsfachleute<\/a> (VZGV), best\u00e4tigt. Bis in 15 Jahren fehlen auf Verwaltungen rund 50 Prozent des Personals, sofern Nachfolgeregelungen in Folge von Pensionierungen nicht fristgerecht umgesetzt werden. \u00ab<em>Es ist alarmierend. In einer Gemeinde- oder Stadtverwaltung zu arbeiten, ist f\u00fcr viele nicht mehr interessant<\/em>\u00bb, sagt Thomas-Peter Binder. \u00ab<em>Das negative Image der Gemeinden und St\u00e4dte, auch aufgrund der Berichterstattung in den Medien, wirkt sich auf Verwaltungen als Arbeitgeberinnen aus. Mit negativen Schlagzeilen in Verbindung gebracht zu werden und exponiert zu sein, das m\u00f6chte kein Arbeitnehmer. Und leider sind die Gemeinden und St\u00e4dte oft selbst daf\u00fcr verantwortlich<\/em>\u00bb bedauert Thomas-Peter Binder. <\/p>\n\n\n\n<p><strong>Entwicklungen und Trends wurden ignoriert<\/strong><\/p>\n\n\n\n<p>Nicht zuletzt aufgrund der Daseins-Pflicht schien es lange Zeit keine Verwaltung zu interessieren, wie sich die Gesellschaft entwickelt und die Technologie voranschreitet. Als unverr\u00fcckbare Institution hielten sie an ihren jahrelang gewohnten Abl\u00e4ufen fest. Dass sie sich wie jede andere Unternehmung auch weiterentwickeln m\u00fcssen, um f\u00fcr Kunden und Personal attraktiv zu bleiben, blieb auf der Strecke. Mit gewichtigen Folgen. Das soll sich jetzt aber \u00e4ndern.  <\/p>\n\n\n\n<p><strong>Eine Kampagne soll retten<\/strong><\/p>\n\n\n\n<p>Der <a rel=\"noreferrer noopener\" aria-label=\" (\u00f6ffnet in neuem Tab)\" href=\"https:\/\/www.vzgv.ch\/\" target=\"_blank\">VZGV<\/a> und somit Interessenvertreter der Verwaltungen sieht sich als Verein verpflichtet, Verwaltungen im Kanton Z\u00fcrich zu unterst\u00fctzen, um sie als Arbeitgeberin wieder attraktiv zu machen. Deshalb bildete der Verein eine Arbeitsgruppe. Ziel ist, Gemeinden und St\u00e4dte in der \u00f6ffentlichen Wahrnehmung wieder positiv zu positionieren, als moderne Betriebe mit interessanter Arbeit und fortschrittlichen Arbeitsbedingungen. \u00ab<em>Dieser Prozess wird zuerst im Kern beginnen m\u00fcssen, also bei den Gemeinden und St\u00e4dten selbst<\/em>\u00bb, sagt Thomas-Peter Binder. \u00ab<em>Erst wenn sich alle bewusst sind, weshalb f\u00fcr die \u00d6ffentlichkeit eine Verwaltung so zentral ist und wohin sie sich in den kommenden Jahren entwickeln wird, kann dies nach aussen getragen werden.<\/em>\u00bb <\/p>\n\n\n\n<figure class=\"wp-block-image\"><a href=\"https:\/\/blog.zhaw.ch\/marketingmanagement\/files\/2019\/10\/Logo-VZGV.jpg\" target=\"_blank\" rel=\"noreferrer noopener\"><img decoding=\"async\" src=\"https:\/\/blog.zhaw.ch\/marketingmanagement\/files\/2019\/10\/Logo-VZGV.jpg\" alt=\"\" class=\"wp-image-10670\" \/><\/a><figcaption>Die zentrale Funktion der Verwaltung muss nach aussen getragen werden \u00a9 VZGV<\/figcaption><\/figure>\n\n\n\n<p>Die Arbeitsgruppe ist sich deshalb sicher: \u00ab<em>Die Kampagne muss zuerst intern funktionieren, damit sie sp\u00e4ter auch aussen wirkt.<\/em>\u00bb Konkret braucht jede Verwaltung die eigene Mission und Vision, um sie dann nach aussen zu tragen. Ohne durchdachte Kommunikationsstrategie kaum zu schaffen. \u00ab<em>Wenn es Gemeinden und St\u00e4dten dann aber gelingt, positiv in den Medien aufzutreten und dynamisch pr\u00e4sent zu sein, dann hat das einen nachhaltigen Einfluss auf die Aussenwahrnehmung und somit auch auf die Attraktivit\u00e4t als Arbeitgeberin<\/em>\u00bb, so Thomas-Peter Binder weiter. Ob es der Kampagne gelingt, dieses Ziel den Gemeinden und St\u00e4dten zu vermitteln und ob sich der Personalmangel dadurch minimiert, das weiss man wohl erst, wenn sie 2020 startet. Es w\u00e4re auf jeden Fall ein erster aktiver Schritt. Und diesen haben Gemeinden und St\u00e4dte bitter n\u00f6tig. <\/p>\n\n\n\n<p><strong>\u00dcber die Autorin<\/strong><\/p>\n\n\n\n<figure class=\"wp-block-image\"><a href=\"https:\/\/blog.zhaw.ch\/marketingmanagement\/files\/2019\/10\/Melanie_Hilpertshauser-Mittel.jpg\" target=\"_blank\" rel=\"noreferrer noopener\"><img decoding=\"async\" src=\"https:\/\/blog.zhaw.ch\/marketingmanagement\/files\/2019\/10\/Melanie_Hilpertshauser-Mittel-225x300.jpg\" alt=\"\" class=\"wp-image-10671\" \/><\/a><\/figure>\n\n\n\n<p>Melanie Hilpertshauser arbeitet als Redaktionsleiterin bei der <a rel=\"noreferrer noopener\" aria-label=\" (\u00f6ffnet in neuem Tab)\" href=\"https:\/\/federas.ch\/\" target=\"_blank\">Federas Beratung AG<\/a>. In ihrer Funktion ber\u00e4t sie den <a rel=\"noreferrer noopener\" aria-label=\" (\u00f6ffnet in neuem Tab)\" href=\"https:\/\/www.vzgv.ch\/\" target=\"_blank\">Verein Z\u00fcrcher Gemeindeschreiber und Verwaltungsfachleute<\/a> (VZGV) kommunikativ und sitzt in der Spurgruppe der <a rel=\"noreferrer noopener\" aria-label=\" (\u00f6ffnet in neuem Tab)\" href=\"https:\/\/www.vzgv.ch\/imagekampagne-vzgv\" target=\"_blank\">Imagekampagne<\/a> des VZGV. Neben ihrer beruflichen T\u00e4tigkeit absolviert sie aktuell den <a rel=\"noreferrer noopener\" aria-label=\" (\u00f6ffnet in neuem Tab)\" href=\"https:\/\/www.zhaw.ch\/de\/sml\/weiterbildung\/detail\/kurs\/cas-marketing-corporate-communications\/\" target=\"_blank\">CAS Marketing- und Corporate Communications<\/a> an der <a href=\"https:\/\/www.zhaw.ch\/de\/hochschule\/\" target=\"_blank\" rel=\"noreferrer noopener\" aria-label=\" (\u00f6ffnet in neuem Tab)\">ZHAW<\/a>. <\/p>\n\n\n\n<p><\/p>\n<div class=\"pt-sm\">Schlagw\u00f6rter: <a href=\"https:\/\/blog.zhaw.ch\/marketingmanagement\/tag\/arbeitsgruppe\/\">Arbeitsgruppe<\/a>, <a href=\"https:\/\/blog.zhaw.ch\/marketingmanagement\/tag\/arbeitsmarkt\/\">Arbeitsmarkt<\/a>, <a href=\"https:\/\/blog.zhaw.ch\/marketingmanagement\/tag\/cas-marketing-corporate-communications\/\">CAS Marketing- &amp; Corporate Communications<\/a>, <a href=\"https:\/\/blog.zhaw.ch\/marketingmanagement\/tag\/cas-mcc\/\">CAS MCC<\/a>, <a href=\"https:\/\/blog.zhaw.ch\/marketingmanagement\/tag\/gemeinde\/\">Gemeinde<\/a>, <a href=\"https:\/\/blog.zhaw.ch\/marketingmanagement\/tag\/gemeindeschreiber\/\">Gemeindeschreiber<\/a>, <a href=\"https:\/\/blog.zhaw.ch\/marketingmanagement\/tag\/imagekampagne\/\">Imagekampagne<\/a>, <a href=\"https:\/\/blog.zhaw.ch\/marketingmanagement\/tag\/imm\/\">IMM<\/a>, <a href=\"https:\/\/blog.zhaw.ch\/marketingmanagement\/tag\/institut-fur-marketing-management\/\">Institut f\u00fcr Marketing Management<\/a>, <a href=\"https:\/\/blog.zhaw.ch\/marketingmanagement\/tag\/melanie-hilpertshauser\/\">Melanie Hilpertshauser<\/a>, <a href=\"https:\/\/blog.zhaw.ch\/marketingmanagement\/tag\/verein-zuercher-gemeindeschreiber-und-verwaltungsfachleute\/\">Verein Z\u00fcrcher Gemeindeschreiber und Verwaltungsfachleute<\/a>, <a href=\"https:\/\/blog.zhaw.ch\/marketingmanagement\/tag\/vzgv\/\">VZGV<\/a>, <a href=\"https:\/\/blog.zhaw.ch\/marketingmanagement\/tag\/weiterbildung\/\">Weiterbildung<\/a>, <a href=\"https:\/\/blog.zhaw.ch\/marketingmanagement\/tag\/zhaw\/\">zhaw<\/a><br><\/div>","protected":false},"excerpt":{"rendered":"<p>Von Melanie Hilpertshauser Eine Anstellung in einer Gemeinde oder Stadt ist nicht mehr attraktiv. Es ist schwierig geworden, Fachkr\u00e4fte zu finden, die \u00fcber die n\u00f6tigen Voraussetzungen verf\u00fcgen, wie sie moderne Verwaltungen heute brauchen. Der Verein Z\u00fcrcher Gemeindeschreiber und Verwaltungsfachleute (VZGV) kennt die Situation und will den Gemeinden und St\u00e4dten unter die Arme greifen \u2013 mit [&hellip;]<\/p>\n","protected":false},"author":312,"featured_media":0,"comment_status":"open","ping_status":"open","sticky":false,"template":"","format":"standard","meta":{"ngg_post_thumbnail":0,"footnotes":""},"categories":[1,3,13],"tags":[3895,1633,742,99,2705,3894,3891,246,255,3893,3892,3890,903,670],"features":[],"class_list":["post-10668","post","type-post","status-publish","format-standard","hentry","category-allgemein","category-branding-kommunikation","category-weiterbildung","tag-arbeitsgruppe","tag-arbeitsmarkt","tag-cas-marketing-corporate-communications","tag-cas-mcc","tag-gemeinde","tag-gemeindeschreiber","tag-imagekampagne","tag-imm","tag-institut-fur-marketing-management","tag-melanie-hilpertshauser","tag-verein-zuercher-gemeindeschreiber-und-verwaltungsfachleute","tag-vzgv","tag-weiterbildung","tag-zhaw"],"yoast_head":"<!-- This site is optimized with the Yoast SEO Premium plugin v27.2 (Yoast SEO v27.2) - https:\/\/yoast.com\/product\/yoast-seo-premium-wordpress\/ -->\n<title>Den Gemeinden geht das Personal aus \u2013 und was sie dagegen unternehmen - Marketing Management-Blog<\/title>\n<meta name=\"robots\" content=\"index, follow, max-snippet:-1, max-image-preview:large, max-video-preview:-1\" \/>\n<link rel=\"canonical\" href=\"https:\/\/blog.zhaw.ch\/marketingmanagement\/den-gemeinden-geht-das-personal-aus-und-was-sie-dagegen-unternehmen\/\" \/>\n<meta property=\"og:locale\" content=\"de_DE\" \/>\n<meta property=\"og:type\" content=\"article\" \/>\n<meta property=\"og:title\" content=\"Den Gemeinden geht das Personal aus \u2013 und was sie dagegen unternehmen\" \/>\n<meta property=\"og:description\" content=\"Von Melanie Hilpertshauser Eine Anstellung in einer Gemeinde oder Stadt ist nicht mehr attraktiv. Es ist schwierig geworden, Fachkr\u00e4fte zu finden, die \u00fcber die n\u00f6tigen Voraussetzungen verf\u00fcgen, wie sie moderne Verwaltungen heute brauchen. Der Verein Z\u00fcrcher Gemeindeschreiber und Verwaltungsfachleute (VZGV) kennt die Situation und will den Gemeinden und St\u00e4dten unter die Arme greifen \u2013 mit [&hellip;]\" \/>\n<meta property=\"og:url\" content=\"https:\/\/blog.zhaw.ch\/marketingmanagement\/den-gemeinden-geht-das-personal-aus-und-was-sie-dagegen-unternehmen\/\" \/>\n<meta property=\"og:site_name\" content=\"Marketing Management-Blog\" \/>\n<meta property=\"article:published_time\" content=\"2019-10-08T07:22:53+00:00\" \/>\n<meta property=\"article:modified_time\" content=\"2019-10-08T07:22:54+00:00\" \/>\n<meta property=\"og:image\" content=\"https:\/\/blog.zhaw.ch\/marketingmanagement\/files\/2019\/10\/Bild_01-1024x683.png\" \/>\n<meta name=\"author\" content=\"suva\" \/>\n<meta name=\"twitter:card\" content=\"summary_large_image\" \/>\n<meta name=\"twitter:label1\" content=\"Verfasst von\" \/>\n\t<meta name=\"twitter:data1\" content=\"suva\" \/>\n\t<meta name=\"twitter:label2\" content=\"Gesch\u00e4tzte Lesezeit\" \/>\n\t<meta name=\"twitter:data2\" content=\"3\u00a0Minuten\" \/>\n<script type=\"application\/ld+json\" class=\"yoast-schema-graph\">{\"@context\":\"https:\/\/schema.org\",\"@graph\":[{\"@type\":\"Article\",\"@id\":\"https:\/\/blog.zhaw.ch\/marketingmanagement\/den-gemeinden-geht-das-personal-aus-und-was-sie-dagegen-unternehmen\/#article\",\"isPartOf\":{\"@id\":\"https:\/\/blog.zhaw.ch\/marketingmanagement\/den-gemeinden-geht-das-personal-aus-und-was-sie-dagegen-unternehmen\/\"},\"author\":{\"name\":\"suva\",\"@id\":\"https:\/\/blog.zhaw.ch\/marketingmanagement\/#\/schema\/person\/8e3fd88b17ed80282ba7666e90fa5da3\"},\"headline\":\"Den Gemeinden geht das Personal aus \u2013 und was sie dagegen unternehmen\",\"datePublished\":\"2019-10-08T07:22:53+00:00\",\"dateModified\":\"2019-10-08T07:22:54+00:00\",\"mainEntityOfPage\":{\"@id\":\"https:\/\/blog.zhaw.ch\/marketingmanagement\/den-gemeinden-geht-das-personal-aus-und-was-sie-dagegen-unternehmen\/\"},\"wordCount\":681,\"commentCount\":0,\"image\":{\"@id\":\"https:\/\/blog.zhaw.ch\/marketingmanagement\/den-gemeinden-geht-das-personal-aus-und-was-sie-dagegen-unternehmen\/#primaryimage\"},\"thumbnailUrl\":\"https:\/\/blog.zhaw.ch\/marketingmanagement\/files\/2019\/10\/Bild_01-1024x683.png\",\"keywords\":[\"Arbeitsgruppe\",\"Arbeitsmarkt\",\"CAS Marketing- &amp; Corporate Communications\",\"CAS MCC\",\"Gemeinde\",\"Gemeindeschreiber\",\"Imagekampagne\",\"IMM\",\"Institut f\u00fcr Marketing Management\",\"Melanie Hilpertshauser\",\"Verein Z\u00fcrcher Gemeindeschreiber und Verwaltungsfachleute\",\"VZGV\",\"Weiterbildung\",\"zhaw\"],\"articleSection\":{\"1\":\"Branding &amp; Kommunikation\",\"2\":\"Weiterbildung\"},\"inLanguage\":\"de\",\"potentialAction\":[{\"@type\":\"CommentAction\",\"name\":\"Comment\",\"target\":[\"https:\/\/blog.zhaw.ch\/marketingmanagement\/den-gemeinden-geht-das-personal-aus-und-was-sie-dagegen-unternehmen\/#respond\"]}]},{\"@type\":\"WebPage\",\"@id\":\"https:\/\/blog.zhaw.ch\/marketingmanagement\/den-gemeinden-geht-das-personal-aus-und-was-sie-dagegen-unternehmen\/\",\"url\":\"https:\/\/blog.zhaw.ch\/marketingmanagement\/den-gemeinden-geht-das-personal-aus-und-was-sie-dagegen-unternehmen\/\",\"name\":\"Den Gemeinden geht das Personal aus \u2013 und was sie dagegen unternehmen - Marketing Management-Blog\",\"isPartOf\":{\"@id\":\"https:\/\/blog.zhaw.ch\/marketingmanagement\/#website\"},\"primaryImageOfPage\":{\"@id\":\"https:\/\/blog.zhaw.ch\/marketingmanagement\/den-gemeinden-geht-das-personal-aus-und-was-sie-dagegen-unternehmen\/#primaryimage\"},\"image\":{\"@id\":\"https:\/\/blog.zhaw.ch\/marketingmanagement\/den-gemeinden-geht-das-personal-aus-und-was-sie-dagegen-unternehmen\/#primaryimage\"},\"thumbnailUrl\":\"https:\/\/blog.zhaw.ch\/marketingmanagement\/files\/2019\/10\/Bild_01-1024x683.png\",\"datePublished\":\"2019-10-08T07:22:53+00:00\",\"dateModified\":\"2019-10-08T07:22:54+00:00\",\"author\":{\"@id\":\"https:\/\/blog.zhaw.ch\/marketingmanagement\/#\/schema\/person\/8e3fd88b17ed80282ba7666e90fa5da3\"},\"breadcrumb\":{\"@id\":\"https:\/\/blog.zhaw.ch\/marketingmanagement\/den-gemeinden-geht-das-personal-aus-und-was-sie-dagegen-unternehmen\/#breadcrumb\"},\"inLanguage\":\"de\",\"potentialAction\":[{\"@type\":\"ReadAction\",\"target\":[\"https:\/\/blog.zhaw.ch\/marketingmanagement\/den-gemeinden-geht-das-personal-aus-und-was-sie-dagegen-unternehmen\/\"]}]},{\"@type\":\"ImageObject\",\"inLanguage\":\"de\",\"@id\":\"https:\/\/blog.zhaw.ch\/marketingmanagement\/den-gemeinden-geht-das-personal-aus-und-was-sie-dagegen-unternehmen\/#primaryimage\",\"url\":\"https:\/\/blog.zhaw.ch\/marketingmanagement\/files\/2019\/10\/Bild_01.png\",\"contentUrl\":\"https:\/\/blog.zhaw.ch\/marketingmanagement\/files\/2019\/10\/Bild_01.png\",\"width\":1920,\"height\":1280,\"caption\":\"Der Arbeitsmarkt wandelt sich und es gilt das Interesse der Arbeitnehmer zu wecken\"},{\"@type\":\"BreadcrumbList\",\"@id\":\"https:\/\/blog.zhaw.ch\/marketingmanagement\/den-gemeinden-geht-das-personal-aus-und-was-sie-dagegen-unternehmen\/#breadcrumb\",\"itemListElement\":[{\"@type\":\"ListItem\",\"position\":1,\"name\":\"Startseite\",\"item\":\"https:\/\/blog.zhaw.ch\/marketingmanagement\/\"},{\"@type\":\"ListItem\",\"position\":2,\"name\":\"Den Gemeinden geht das Personal aus \u2013 und was sie dagegen unternehmen\"}]},{\"@type\":\"WebSite\",\"@id\":\"https:\/\/blog.zhaw.ch\/marketingmanagement\/#website\",\"url\":\"https:\/\/blog.zhaw.ch\/marketingmanagement\/\",\"name\":\"Marketing Management-Blog\",\"description\":\"Ein Blog der ZHAW Z\u00fcrcher Hochschule f\u00fcr Angewandte Wissenschaften\",\"potentialAction\":[{\"@type\":\"SearchAction\",\"target\":{\"@type\":\"EntryPoint\",\"urlTemplate\":\"https:\/\/blog.zhaw.ch\/marketingmanagement\/?s={search_term_string}\"},\"query-input\":{\"@type\":\"PropertyValueSpecification\",\"valueRequired\":true,\"valueName\":\"search_term_string\"}}],\"inLanguage\":\"de\"},{\"@type\":\"Person\",\"@id\":\"https:\/\/blog.zhaw.ch\/marketingmanagement\/#\/schema\/person\/8e3fd88b17ed80282ba7666e90fa5da3\",\"name\":\"suva\",\"image\":{\"@type\":\"ImageObject\",\"inLanguage\":\"de\",\"@id\":\"https:\/\/secure.gravatar.com\/avatar\/40c8bd61df220eadf6e5481cf43dc7e86cda9707732035285b48521487832c5e?s=96&d=mm&r=g\",\"url\":\"https:\/\/secure.gravatar.com\/avatar\/40c8bd61df220eadf6e5481cf43dc7e86cda9707732035285b48521487832c5e?s=96&d=mm&r=g\",\"contentUrl\":\"https:\/\/secure.gravatar.com\/avatar\/40c8bd61df220eadf6e5481cf43dc7e86cda9707732035285b48521487832c5e?s=96&d=mm&r=g\",\"caption\":\"suva\"},\"url\":\"https:\/\/blog.zhaw.ch\/marketingmanagement\/author\/suva\/\"}]}<\/script>\n<!-- \/ Yoast SEO Premium plugin. -->","yoast_head_json":{"title":"Den Gemeinden geht das Personal aus \u2013 und was sie dagegen unternehmen - Marketing Management-Blog","robots":{"index":"index","follow":"follow","max-snippet":"max-snippet:-1","max-image-preview":"max-image-preview:large","max-video-preview":"max-video-preview:-1"},"canonical":"https:\/\/blog.zhaw.ch\/marketingmanagement\/den-gemeinden-geht-das-personal-aus-und-was-sie-dagegen-unternehmen\/","og_locale":"de_DE","og_type":"article","og_title":"Den Gemeinden geht das Personal aus \u2013 und was sie dagegen unternehmen","og_description":"Von Melanie Hilpertshauser Eine Anstellung in einer Gemeinde oder Stadt ist nicht mehr attraktiv. Es ist schwierig geworden, Fachkr\u00e4fte zu finden, die \u00fcber die n\u00f6tigen Voraussetzungen verf\u00fcgen, wie sie moderne Verwaltungen heute brauchen. Der Verein Z\u00fcrcher Gemeindeschreiber und Verwaltungsfachleute (VZGV) kennt die Situation und will den Gemeinden und St\u00e4dten unter die Arme greifen \u2013 mit [&hellip;]","og_url":"https:\/\/blog.zhaw.ch\/marketingmanagement\/den-gemeinden-geht-das-personal-aus-und-was-sie-dagegen-unternehmen\/","og_site_name":"Marketing Management-Blog","article_published_time":"2019-10-08T07:22:53+00:00","article_modified_time":"2019-10-08T07:22:54+00:00","og_image":[{"url":"https:\/\/blog.zhaw.ch\/marketingmanagement\/files\/2019\/10\/Bild_01-1024x683.png","type":"","width":"","height":""}],"author":"suva","twitter_card":"summary_large_image","twitter_misc":{"Verfasst von":"suva","Gesch\u00e4tzte Lesezeit":"3\u00a0Minuten"},"schema":{"@context":"https:\/\/schema.org","@graph":[{"@type":"Article","@id":"https:\/\/blog.zhaw.ch\/marketingmanagement\/den-gemeinden-geht-das-personal-aus-und-was-sie-dagegen-unternehmen\/#article","isPartOf":{"@id":"https:\/\/blog.zhaw.ch\/marketingmanagement\/den-gemeinden-geht-das-personal-aus-und-was-sie-dagegen-unternehmen\/"},"author":{"name":"suva","@id":"https:\/\/blog.zhaw.ch\/marketingmanagement\/#\/schema\/person\/8e3fd88b17ed80282ba7666e90fa5da3"},"headline":"Den Gemeinden geht das Personal aus \u2013 und was sie dagegen unternehmen","datePublished":"2019-10-08T07:22:53+00:00","dateModified":"2019-10-08T07:22:54+00:00","mainEntityOfPage":{"@id":"https:\/\/blog.zhaw.ch\/marketingmanagement\/den-gemeinden-geht-das-personal-aus-und-was-sie-dagegen-unternehmen\/"},"wordCount":681,"commentCount":0,"image":{"@id":"https:\/\/blog.zhaw.ch\/marketingmanagement\/den-gemeinden-geht-das-personal-aus-und-was-sie-dagegen-unternehmen\/#primaryimage"},"thumbnailUrl":"https:\/\/blog.zhaw.ch\/marketingmanagement\/files\/2019\/10\/Bild_01-1024x683.png","keywords":["Arbeitsgruppe","Arbeitsmarkt","CAS Marketing- &amp; Corporate Communications","CAS MCC","Gemeinde","Gemeindeschreiber","Imagekampagne","IMM","Institut f\u00fcr Marketing Management","Melanie Hilpertshauser","Verein Z\u00fcrcher Gemeindeschreiber und Verwaltungsfachleute","VZGV","Weiterbildung","zhaw"],"articleSection":{"1":"Branding &amp; Kommunikation","2":"Weiterbildung"},"inLanguage":"de","potentialAction":[{"@type":"CommentAction","name":"Comment","target":["https:\/\/blog.zhaw.ch\/marketingmanagement\/den-gemeinden-geht-das-personal-aus-und-was-sie-dagegen-unternehmen\/#respond"]}]},{"@type":"WebPage","@id":"https:\/\/blog.zhaw.ch\/marketingmanagement\/den-gemeinden-geht-das-personal-aus-und-was-sie-dagegen-unternehmen\/","url":"https:\/\/blog.zhaw.ch\/marketingmanagement\/den-gemeinden-geht-das-personal-aus-und-was-sie-dagegen-unternehmen\/","name":"Den Gemeinden geht das Personal aus \u2013 und was sie dagegen unternehmen - Marketing Management-Blog","isPartOf":{"@id":"https:\/\/blog.zhaw.ch\/marketingmanagement\/#website"},"primaryImageOfPage":{"@id":"https:\/\/blog.zhaw.ch\/marketingmanagement\/den-gemeinden-geht-das-personal-aus-und-was-sie-dagegen-unternehmen\/#primaryimage"},"image":{"@id":"https:\/\/blog.zhaw.ch\/marketingmanagement\/den-gemeinden-geht-das-personal-aus-und-was-sie-dagegen-unternehmen\/#primaryimage"},"thumbnailUrl":"https:\/\/blog.zhaw.ch\/marketingmanagement\/files\/2019\/10\/Bild_01-1024x683.png","datePublished":"2019-10-08T07:22:53+00:00","dateModified":"2019-10-08T07:22:54+00:00","author":{"@id":"https:\/\/blog.zhaw.ch\/marketingmanagement\/#\/schema\/person\/8e3fd88b17ed80282ba7666e90fa5da3"},"breadcrumb":{"@id":"https:\/\/blog.zhaw.ch\/marketingmanagement\/den-gemeinden-geht-das-personal-aus-und-was-sie-dagegen-unternehmen\/#breadcrumb"},"inLanguage":"de","potentialAction":[{"@type":"ReadAction","target":["https:\/\/blog.zhaw.ch\/marketingmanagement\/den-gemeinden-geht-das-personal-aus-und-was-sie-dagegen-unternehmen\/"]}]},{"@type":"ImageObject","inLanguage":"de","@id":"https:\/\/blog.zhaw.ch\/marketingmanagement\/den-gemeinden-geht-das-personal-aus-und-was-sie-dagegen-unternehmen\/#primaryimage","url":"https:\/\/blog.zhaw.ch\/marketingmanagement\/files\/2019\/10\/Bild_01.png","contentUrl":"https:\/\/blog.zhaw.ch\/marketingmanagement\/files\/2019\/10\/Bild_01.png","width":1920,"height":1280,"caption":"Der Arbeitsmarkt wandelt sich und es gilt das Interesse der Arbeitnehmer zu wecken"},{"@type":"BreadcrumbList","@id":"https:\/\/blog.zhaw.ch\/marketingmanagement\/den-gemeinden-geht-das-personal-aus-und-was-sie-dagegen-unternehmen\/#breadcrumb","itemListElement":[{"@type":"ListItem","position":1,"name":"Startseite","item":"https:\/\/blog.zhaw.ch\/marketingmanagement\/"},{"@type":"ListItem","position":2,"name":"Den Gemeinden geht das Personal aus \u2013 und was sie dagegen unternehmen"}]},{"@type":"WebSite","@id":"https:\/\/blog.zhaw.ch\/marketingmanagement\/#website","url":"https:\/\/blog.zhaw.ch\/marketingmanagement\/","name":"Marketing Management-Blog","description":"Ein Blog der ZHAW Z\u00fcrcher Hochschule f\u00fcr Angewandte Wissenschaften","potentialAction":[{"@type":"SearchAction","target":{"@type":"EntryPoint","urlTemplate":"https:\/\/blog.zhaw.ch\/marketingmanagement\/?s={search_term_string}"},"query-input":{"@type":"PropertyValueSpecification","valueRequired":true,"valueName":"search_term_string"}}],"inLanguage":"de"},{"@type":"Person","@id":"https:\/\/blog.zhaw.ch\/marketingmanagement\/#\/schema\/person\/8e3fd88b17ed80282ba7666e90fa5da3","name":"suva","image":{"@type":"ImageObject","inLanguage":"de","@id":"https:\/\/secure.gravatar.com\/avatar\/40c8bd61df220eadf6e5481cf43dc7e86cda9707732035285b48521487832c5e?s=96&d=mm&r=g","url":"https:\/\/secure.gravatar.com\/avatar\/40c8bd61df220eadf6e5481cf43dc7e86cda9707732035285b48521487832c5e?s=96&d=mm&r=g","contentUrl":"https:\/\/secure.gravatar.com\/avatar\/40c8bd61df220eadf6e5481cf43dc7e86cda9707732035285b48521487832c5e?s=96&d=mm&r=g","caption":"suva"},"url":"https:\/\/blog.zhaw.ch\/marketingmanagement\/author\/suva\/"}]}},"_links":{"self":[{"href":"https:\/\/blog.zhaw.ch\/marketingmanagement\/wp-json\/wp\/v2\/posts\/10668","targetHints":{"allow":["GET"]}}],"collection":[{"href":"https:\/\/blog.zhaw.ch\/marketingmanagement\/wp-json\/wp\/v2\/posts"}],"about":[{"href":"https:\/\/blog.zhaw.ch\/marketingmanagement\/wp-json\/wp\/v2\/types\/post"}],"author":[{"embeddable":true,"href":"https:\/\/blog.zhaw.ch\/marketingmanagement\/wp-json\/wp\/v2\/users\/312"}],"replies":[{"embeddable":true,"href":"https:\/\/blog.zhaw.ch\/marketingmanagement\/wp-json\/wp\/v2\/comments?post=10668"}],"version-history":[{"count":1,"href":"https:\/\/blog.zhaw.ch\/marketingmanagement\/wp-json\/wp\/v2\/posts\/10668\/revisions"}],"predecessor-version":[{"id":10672,"href":"https:\/\/blog.zhaw.ch\/marketingmanagement\/wp-json\/wp\/v2\/posts\/10668\/revisions\/10672"}],"wp:attachment":[{"href":"https:\/\/blog.zhaw.ch\/marketingmanagement\/wp-json\/wp\/v2\/media?parent=10668"}],"wp:term":[{"taxonomy":"category","embeddable":true,"href":"https:\/\/blog.zhaw.ch\/marketingmanagement\/wp-json\/wp\/v2\/categories?post=10668"},{"taxonomy":"post_tag","embeddable":true,"href":"https:\/\/blog.zhaw.ch\/marketingmanagement\/wp-json\/wp\/v2\/tags?post=10668"},{"taxonomy":"features","embeddable":true,"href":"https:\/\/blog.zhaw.ch\/marketingmanagement\/wp-json\/wp\/v2\/features?post=10668"}],"curies":[{"name":"wp","href":"https:\/\/api.w.org\/{rel}","templated":true}]}}