{"id":572,"date":"2018-01-17T11:28:10","date_gmt":"2018-01-17T10:28:10","guid":{"rendered":"http:\/\/blog.zhaw.ch\/lehren-und-lernen\/?p=572"},"modified":"2018-02-05T10:37:21","modified_gmt":"2018-02-05T09:37:21","slug":"ias-tag-der-lehre-2018-das-massgeschneiderte-studium","status":"publish","type":"post","link":"https:\/\/blog.zhaw.ch\/lehren-und-lernen\/ias-tag-der-lehre-2018-das-massgeschneiderte-studium\/","title":{"rendered":"IAS Tag der Lehre 2018: Das massgeschneiderte Studium"},"content":{"rendered":"<p><em>Beitrag von <\/em><span style=\"color: #99cc00\"><a style=\"color: #99cc00\" href=\"https:\/\/www.zhaw.ch\/de\/ueber-uns\/person\/ajvz\/\" target=\"_blank\" rel=\"noopener\"><em>Natyra Ajvazi<\/em><\/a><\/span><\/p>\n<figure id=\"attachment_573\" aria-describedby=\"caption-attachment-573\" style=\"width: 650px\" class=\"wp-caption aligncenter\"><img loading=\"lazy\" decoding=\"async\" class=\"wp-image-573 size-full\" src=\"http:\/\/blog.zhaw.ch\/lehren-und-lernen\/files\/2018\/01\/karikatur_kl1.jpg\" alt=\"\" width=\"650\" height=\"386\" srcset=\"https:\/\/blog.zhaw.ch\/lehren-und-lernen\/files\/2018\/01\/karikatur_kl1.jpg 650w, https:\/\/blog.zhaw.ch\/lehren-und-lernen\/files\/2018\/01\/karikatur_kl1-300x178.jpg 300w\" sizes=\"auto, (max-width: 650px) 100vw, 650px\" \/><figcaption id=\"caption-attachment-573\" class=\"wp-caption-text\">&#8222;Im Sinne einer gerechten Auslese lautet die Pr\u00fcfungsaufgabe f\u00fcr Sie alle gleich: Klettern Sie auf den Baum!&#8220; \u2013 Hans Traxler (1976)<\/figcaption><\/figure>\n<p style=\"text-align: justify\">Der <span style=\"color: #333333\">Tag der Lehre<\/span> am ZHAW-Standort W\u00e4denswil wurde 2014 von den Dozierenden des <span style=\"color: #99cc00\"><a style=\"color: #99cc00\" href=\"https:\/\/www.zhaw.ch\/de\/lsfm\/institute-zentren\/ias\/\" target=\"_blank\" rel=\"noopener\">Instituts f\u00fcr angewandte Simulation (IAS)<\/a><\/span> ins Leben gerufen. Die Teilnahme steht jedoch allen Lehrpersonen der ZHAW offen: Ziel der Veranstaltung ist der kollegiale Austausch zu didaktischen Themen \u00fcber Instituts- und Departementsgrenzen hinweg. So gaben am <span style=\"color: #99cc00\"><a style=\"color: #99cc00\" href=\"https:\/\/www.zhaw.ch\/de\/lsfm\/institute-zentren\/ias\/news-und-veranstaltungen\/detailansicht-veranstaltungen\/event\/detail\/1342-20180110-ias-tag-der-lehre-2018-das-massgeschneiderte-studium\/\" target=\"_blank\" rel=\"noopener\">diesj\u00e4hrigen Tag der Lehre<\/a><\/span> eine illustre Anzahl Lehrpersonen aus verschiedenen ZHAW-Departementen in zehn Kurzvortr\u00e4gen Einblick in ihre Ideen und Erfahrungen bez\u00fcglich Individualisierung und Personalisierung in der Lehre.<\/p>\n<p><!--more--><\/p>\n<h4><strong>Heterogenit\u00e4t als Herausforderung, Personalisierung als Ziel<\/strong><\/h4>\n<p style=\"text-align: justify\">Eine essentielle Schwierigkeit f\u00fcr den Lehrbetrieb an allen Hochschulen, einschliesslich ZHAW, liegt in der Heterogenit\u00e4t der ankommenden Studierenden in Bezug auf ihre (Aus-)Bildungshintergr\u00fcnde und Vorkenntnisse. Zum Umgang mit dieser Herausforderung liegen durchaus Ideen vor, etwa Vorkurse mit Pr\u00e4senz sowie Distance-Learning-Angebote. Weiter werden Beratungen f\u00fcr Studieninteressierte angeboten, in denen das massgeschneiderte Studium aufgrund individueller Vorwissensst\u00e4nde, St\u00e4rken, Schw\u00e4chen und Interessen gemeinsam zusammengestellt wird.<\/p>\n<p style=\"text-align: justify\">Als Anforderungen von \u00fcbergeordneter Relevanz sowohl vor als auch w\u00e4hrend des Studiums kristallisierten sich heraus: Zeitliche und \u00f6rtliche Flexibilit\u00e4t, Eigeninitiative, Nachhaltigkeit, Wahlfreir\u00e4ume und Interaktivit\u00e4t. Zum Beispiel arbeiten einige Referierende mit Online-Lernangeboten als Studienvorbereitung vor der Immatrikulation oder zur Unterst\u00fctzung w\u00e4hrend des Studiums. Andere unterrichten im Flipped-Classroom-Modell. Dabei erarbeiten die Studierenden den Lernstoff zuerst selbst, anschliessend wird dies im Pr\u00e4senzunterricht mit den Dozierenden besprochen und vertieft. Wieso zuerst jede\/r f\u00fcr sich? Weil der Lernprozess in den K\u00f6pfen der Studierenden abl\u00e4uft. Und nur entstehen kann, wenn sie selbst aktiv sind \u2013 sei es beim Probleml\u00f6sen, Weiterverarbeiten von Erkenntnissen oder Experimentieren.<\/p>\n<figure id=\"attachment_574\" aria-describedby=\"caption-attachment-574\" style=\"width: 635px\" class=\"wp-caption aligncenter\"><img loading=\"lazy\" decoding=\"async\" class=\"wp-image-574 size-large\" src=\"http:\/\/blog.zhaw.ch\/lehren-und-lernen\/files\/2018\/01\/bild-1-1024x683.jpg\" alt=\"\" width=\"635\" height=\"424\" srcset=\"https:\/\/blog.zhaw.ch\/lehren-und-lernen\/files\/2018\/01\/bild-1-1024x683.jpg 1024w, https:\/\/blog.zhaw.ch\/lehren-und-lernen\/files\/2018\/01\/bild-1-300x200.jpg 300w, https:\/\/blog.zhaw.ch\/lehren-und-lernen\/files\/2018\/01\/bild-1-768x512.jpg 768w, https:\/\/blog.zhaw.ch\/lehren-und-lernen\/files\/2018\/01\/bild-1-860x573.jpg 860w, https:\/\/blog.zhaw.ch\/lehren-und-lernen\/files\/2018\/01\/bild-1.jpg 1140w\" sizes=\"auto, (max-width: 635px) 100vw, 635px\" \/><figcaption id=\"caption-attachment-574\" class=\"wp-caption-text\">Auch die Veranstaltungsteilnehmenden waren aufgefordert, selbst aktiv zu werden. Bild: ZHAW<\/figcaption><\/figure>\n<h4><strong>Keynote: Die Oberstufenschule W\u00e4denswil als Vorreiterin<\/strong><\/h4>\n<p style=\"text-align: justify\">Innovative Entwicklungen gibt es selbstverst\u00e4ndlich nicht nur in den Hochschulen, sondern auch in der Volksschule \u2013 allen voran an der Oberstufenschule in W\u00e4denswil (OSW). Keynote-Speaker Frido Koch, Schulleiter am OSW, hat das innovative Lernmodell LiLO (Lernen in Lernlandschaften an der OSW) mitentwickelt, f\u00fcr welches die OSW 2013 mit dem ersten <span style=\"color: #99cc00\"><a style=\"color: #99cc00\" href=\"http:\/\/www.profilq.ch\/wp-content\/uploads\/profilq_uploads\/proposals\/files\/542d80a63735c_Medienmitteilung_Rangverk%C3%BCndung_5.12.13_d.pdf\" target=\"_blank\" rel=\"noopener\">Schweizer Schulpreis<\/a> <\/span>ausgezeichnet wurde. Das personalisierte, selbstorganisierte und vor allem auch eigenverantwortliche Lernen wird hier bereits auf der Sekundarstufe 1 gef\u00f6rdert und gefordert. Im LiLO-Modell haben die Lernenden weiterhin Grundf\u00e4cher, aber auch Wahlf\u00e4cher, in denen sie sich kreativ und flexibel bewegen k\u00f6nnen. Einzelarbeit, Lernen in Gruppen und Zeit mit Lehrpersonen wechseln sich ab und werden an der OSW wesentlich durch die Infrastruktur (speziell zugeschnittener Neubau) unterst\u00fctzt. Gleichzeitig ist klar, dass Freir\u00e4ume und Individualisierung klarer Grundregeln und Rahmenbedingungen bed\u00fcrfen.<\/p>\n<figure id=\"attachment_575\" aria-describedby=\"caption-attachment-575\" style=\"width: 635px\" class=\"wp-caption aligncenter\"><img loading=\"lazy\" decoding=\"async\" class=\"size-large wp-image-575\" src=\"http:\/\/blog.zhaw.ch\/lehren-und-lernen\/files\/2018\/01\/bild2-1024x683.jpg\" alt=\"\" width=\"635\" height=\"424\" srcset=\"https:\/\/blog.zhaw.ch\/lehren-und-lernen\/files\/2018\/01\/bild2-1024x683.jpg 1024w, https:\/\/blog.zhaw.ch\/lehren-und-lernen\/files\/2018\/01\/bild2-300x200.jpg 300w, https:\/\/blog.zhaw.ch\/lehren-und-lernen\/files\/2018\/01\/bild2-768x512.jpg 768w, https:\/\/blog.zhaw.ch\/lehren-und-lernen\/files\/2018\/01\/bild2-860x573.jpg 860w, https:\/\/blog.zhaw.ch\/lehren-und-lernen\/files\/2018\/01\/bild2.jpg 1140w\" sizes=\"auto, (max-width: 635px) 100vw, 635px\" \/><figcaption id=\"caption-attachment-575\" class=\"wp-caption-text\">Frido Koch stellte die vielf\u00e4ltigen Lernr\u00e4ume am OSW vor. Bild: ZHAW<\/figcaption><\/figure>\n<p style=\"text-align: justify\">Einmal mehr wurde am diesj\u00e4hrigen Tag der Lehre informiert, diskutiert, zum Nachdenken sowie \u00dcberdenken animiert: Der Austausch zwischen Referierenden und Teilnehmenden war ausgesprochen intensiv und inspirierend. Wir sind gespannt auf die Fr\u00fcchte der Tagung in der Lehre und freuen uns schon aufs n\u00e4chste Jahr.<\/p>\n<p><em>Beitrag von <\/em><span style=\"color: #99cc00\"><a style=\"color: #99cc00\" href=\"https:\/\/www.zhaw.ch\/de\/ueber-uns\/person\/ajvz\/\" target=\"_blank\" rel=\"noopener\"><em>Natyra Ajvazi<\/em><\/a><\/span><\/p>\n<div class=\"pt-sm\">Schlagw\u00f6rter: <a href=\"https:\/\/blog.zhaw.ch\/lehren-und-lernen\/tag\/blended-learning\/\">Blended Learning<\/a>, <a href=\"https:\/\/blog.zhaw.ch\/lehren-und-lernen\/tag\/departement-n\/\">Departement N<\/a>, <a href=\"https:\/\/blog.zhaw.ch\/lehren-und-lernen\/tag\/distance-learning\/\">Distance-Learning<\/a>, <a href=\"https:\/\/blog.zhaw.ch\/lehren-und-lernen\/tag\/flipped-classroom\/\">Flipped Classroom<\/a>, <a href=\"https:\/\/blog.zhaw.ch\/lehren-und-lernen\/tag\/heterogenitaet\/\">Heterogenit\u00e4t<\/a>, <a href=\"https:\/\/blog.zhaw.ch\/lehren-und-lernen\/tag\/ias\/\">IAS<\/a>, <a href=\"https:\/\/blog.zhaw.ch\/lehren-und-lernen\/tag\/individualisiertes-studium\/\">individualisiertes Studium<\/a>, <a href=\"https:\/\/blog.zhaw.ch\/lehren-und-lernen\/tag\/institut-fuer-angewandte-simulation\/\">Institut f\u00fcr Angewandte Simulation<\/a>, <a href=\"https:\/\/blog.zhaw.ch\/lehren-und-lernen\/tag\/oberstufenschule-in-waedenswil\/\">Oberstufenschule in W\u00e4denswil<\/a>, <a href=\"https:\/\/blog.zhaw.ch\/lehren-und-lernen\/tag\/online-learning\/\">Online-Learning<\/a>, <a href=\"https:\/\/blog.zhaw.ch\/lehren-und-lernen\/tag\/osw\/\">OSW<\/a>, <a href=\"https:\/\/blog.zhaw.ch\/lehren-und-lernen\/tag\/personalisiertes-studium\/\">personalisiertes Studium<\/a>, <a href=\"https:\/\/blog.zhaw.ch\/lehren-und-lernen\/tag\/studienberatung\/\">Studienberatung<\/a>, <a href=\"https:\/\/blog.zhaw.ch\/lehren-und-lernen\/tag\/studienvorbereitung\/\">Studienvorbereitung<\/a>, <a href=\"https:\/\/blog.zhaw.ch\/lehren-und-lernen\/tag\/vorkurse\/\">Vorkurse<\/a>, <a href=\"https:\/\/blog.zhaw.ch\/lehren-und-lernen\/tag\/zhaw\/\">ZHAW<\/a>, <a href=\"https:\/\/blog.zhaw.ch\/lehren-und-lernen\/tag\/zuercher-hochschule-fuer-angewandte-wissenschaften\/\">Z\u00fcrcher Hochschule f\u00fcr Angewandte Wissenschaften<\/a><br><\/div>","protected":false},"excerpt":{"rendered":"<p>Beitrag von Natyra Ajvazi Der Tag der Lehre am ZHAW-Standort W\u00e4denswil wurde 2014 von den Dozierenden des Instituts f\u00fcr angewandte Simulation (IAS) ins Leben gerufen. Die Teilnahme steht jedoch allen Lehrpersonen der ZHAW offen: Ziel der Veranstaltung ist der kollegiale Austausch zu didaktischen Themen \u00fcber Instituts- und Departementsgrenzen hinweg. So gaben am diesj\u00e4hrigen Tag der [&hellip;]<\/p>\n","protected":false},"author":300,"featured_media":0,"comment_status":"open","ping_status":"open","sticky":false,"template":"","format":"standard","meta":{"ngg_post_thumbnail":0,"footnotes":""},"categories":[3],"tags":[45,181,188,4,183,179,185,180,190,189,182,186,184,191,187,68,58],"features":[],"class_list":["post-572","post","type-post","status-publish","format-standard","hentry","category-lehrformate-und-unterrichtsmodelle","tag-blended-learning","tag-departement-n","tag-distance-learning","tag-flipped-classroom","tag-heterogenitaet","tag-ias","tag-individualisiertes-studium","tag-institut-fuer-angewandte-simulation","tag-oberstufenschule-in-waedenswil","tag-online-learning","tag-osw","tag-personalisiertes-studium","tag-studienberatung","tag-studienvorbereitung","tag-vorkurse","tag-zhaw","tag-zuercher-hochschule-fuer-angewandte-wissenschaften"],"yoast_head":"<!-- This site is optimized with the Yoast SEO Premium plugin v27.2 (Yoast SEO v27.2) - https:\/\/yoast.com\/product\/yoast-seo-premium-wordpress\/ -->\n<title>IAS Tag der Lehre 2018: Das massgeschneiderte Studium - Lehren und Lernen<\/title>\n<meta name=\"robots\" content=\"index, follow, max-snippet:-1, max-image-preview:large, max-video-preview:-1\" \/>\n<link rel=\"canonical\" href=\"https:\/\/blog.zhaw.ch\/lehren-und-lernen\/ias-tag-der-lehre-2018-das-massgeschneiderte-studium\/\" \/>\n<meta property=\"og:locale\" content=\"de_DE\" \/>\n<meta property=\"og:type\" content=\"article\" \/>\n<meta property=\"og:title\" content=\"IAS Tag der Lehre 2018: Das massgeschneiderte Studium\" \/>\n<meta property=\"og:description\" content=\"Beitrag von Natyra Ajvazi Der Tag der Lehre am ZHAW-Standort W\u00e4denswil wurde 2014 von den Dozierenden des Instituts f\u00fcr angewandte Simulation (IAS) ins Leben gerufen. Die Teilnahme steht jedoch allen Lehrpersonen der ZHAW offen: Ziel der Veranstaltung ist der kollegiale Austausch zu didaktischen Themen \u00fcber Instituts- und Departementsgrenzen hinweg. So gaben am diesj\u00e4hrigen Tag der [&hellip;]\" \/>\n<meta property=\"og:url\" content=\"https:\/\/blog.zhaw.ch\/lehren-und-lernen\/ias-tag-der-lehre-2018-das-massgeschneiderte-studium\/\" \/>\n<meta property=\"og:site_name\" content=\"Lehren und Lernen\" \/>\n<meta property=\"article:published_time\" content=\"2018-01-17T10:28:10+00:00\" \/>\n<meta property=\"article:modified_time\" content=\"2018-02-05T09:37:21+00:00\" \/>\n<meta property=\"og:image\" content=\"http:\/\/blog.zhaw.ch\/lehren-und-lernen\/files\/2018\/01\/karikatur_kl1.jpg\" \/>\n<meta name=\"author\" content=\"tali\" \/>\n<meta name=\"twitter:card\" content=\"summary_large_image\" \/>\n<meta name=\"twitter:label1\" content=\"Verfasst von\" \/>\n\t<meta name=\"twitter:data1\" content=\"tali\" \/>\n\t<meta name=\"twitter:label2\" content=\"Gesch\u00e4tzte Lesezeit\" \/>\n\t<meta name=\"twitter:data2\" content=\"3\u00a0Minuten\" \/>\n<script type=\"application\/ld+json\" class=\"yoast-schema-graph\">{\"@context\":\"https:\/\/schema.org\",\"@graph\":[{\"@type\":\"Article\",\"@id\":\"https:\/\/blog.zhaw.ch\/lehren-und-lernen\/ias-tag-der-lehre-2018-das-massgeschneiderte-studium\/#article\",\"isPartOf\":{\"@id\":\"https:\/\/blog.zhaw.ch\/lehren-und-lernen\/ias-tag-der-lehre-2018-das-massgeschneiderte-studium\/\"},\"author\":{\"name\":\"tali\",\"@id\":\"https:\/\/blog.zhaw.ch\/lehren-und-lernen\/#\/schema\/person\/79c1dc972e7f8eb7078de1f093b71c02\"},\"headline\":\"IAS Tag der Lehre 2018: Das massgeschneiderte Studium\",\"datePublished\":\"2018-01-17T10:28:10+00:00\",\"dateModified\":\"2018-02-05T09:37:21+00:00\",\"mainEntityOfPage\":{\"@id\":\"https:\/\/blog.zhaw.ch\/lehren-und-lernen\/ias-tag-der-lehre-2018-das-massgeschneiderte-studium\/\"},\"wordCount\":535,\"commentCount\":0,\"image\":{\"@id\":\"https:\/\/blog.zhaw.ch\/lehren-und-lernen\/ias-tag-der-lehre-2018-das-massgeschneiderte-studium\/#primaryimage\"},\"thumbnailUrl\":\"http:\/\/blog.zhaw.ch\/lehren-und-lernen\/files\/2018\/01\/karikatur_kl1.jpg\",\"keywords\":[\"Blended Learning\",\"Departement N\",\"Distance-Learning\",\"Flipped Classroom\",\"Heterogenit\u00e4t\",\"IAS\",\"individualisiertes Studium\",\"Institut f\u00fcr Angewandte Simulation\",\"Oberstufenschule in W\u00e4denswil\",\"Online-Learning\",\"OSW\",\"personalisiertes Studium\",\"Studienberatung\",\"Studienvorbereitung\",\"Vorkurse\",\"ZHAW\",\"Z\u00fcrcher Hochschule f\u00fcr Angewandte Wissenschaften\"],\"articleSection\":[\"Lehr- und Lernformateformate\"],\"inLanguage\":\"de\",\"potentialAction\":[{\"@type\":\"CommentAction\",\"name\":\"Comment\",\"target\":[\"https:\/\/blog.zhaw.ch\/lehren-und-lernen\/ias-tag-der-lehre-2018-das-massgeschneiderte-studium\/#respond\"]}]},{\"@type\":\"WebPage\",\"@id\":\"https:\/\/blog.zhaw.ch\/lehren-und-lernen\/ias-tag-der-lehre-2018-das-massgeschneiderte-studium\/\",\"url\":\"https:\/\/blog.zhaw.ch\/lehren-und-lernen\/ias-tag-der-lehre-2018-das-massgeschneiderte-studium\/\",\"name\":\"IAS Tag der Lehre 2018: Das massgeschneiderte Studium - Lehren und Lernen\",\"isPartOf\":{\"@id\":\"https:\/\/blog.zhaw.ch\/lehren-und-lernen\/#website\"},\"primaryImageOfPage\":{\"@id\":\"https:\/\/blog.zhaw.ch\/lehren-und-lernen\/ias-tag-der-lehre-2018-das-massgeschneiderte-studium\/#primaryimage\"},\"image\":{\"@id\":\"https:\/\/blog.zhaw.ch\/lehren-und-lernen\/ias-tag-der-lehre-2018-das-massgeschneiderte-studium\/#primaryimage\"},\"thumbnailUrl\":\"http:\/\/blog.zhaw.ch\/lehren-und-lernen\/files\/2018\/01\/karikatur_kl1.jpg\",\"datePublished\":\"2018-01-17T10:28:10+00:00\",\"dateModified\":\"2018-02-05T09:37:21+00:00\",\"author\":{\"@id\":\"https:\/\/blog.zhaw.ch\/lehren-und-lernen\/#\/schema\/person\/79c1dc972e7f8eb7078de1f093b71c02\"},\"breadcrumb\":{\"@id\":\"https:\/\/blog.zhaw.ch\/lehren-und-lernen\/ias-tag-der-lehre-2018-das-massgeschneiderte-studium\/#breadcrumb\"},\"inLanguage\":\"de\",\"potentialAction\":[{\"@type\":\"ReadAction\",\"target\":[\"https:\/\/blog.zhaw.ch\/lehren-und-lernen\/ias-tag-der-lehre-2018-das-massgeschneiderte-studium\/\"]}]},{\"@type\":\"ImageObject\",\"inLanguage\":\"de\",\"@id\":\"https:\/\/blog.zhaw.ch\/lehren-und-lernen\/ias-tag-der-lehre-2018-das-massgeschneiderte-studium\/#primaryimage\",\"url\":\"https:\/\/blog.zhaw.ch\/lehren-und-lernen\/files\/2018\/01\/karikatur_kl1.jpg\",\"contentUrl\":\"https:\/\/blog.zhaw.ch\/lehren-und-lernen\/files\/2018\/01\/karikatur_kl1.jpg\",\"width\":650,\"height\":386},{\"@type\":\"BreadcrumbList\",\"@id\":\"https:\/\/blog.zhaw.ch\/lehren-und-lernen\/ias-tag-der-lehre-2018-das-massgeschneiderte-studium\/#breadcrumb\",\"itemListElement\":[{\"@type\":\"ListItem\",\"position\":1,\"name\":\"Startseite\",\"item\":\"https:\/\/blog.zhaw.ch\/lehren-und-lernen\/\"},{\"@type\":\"ListItem\",\"position\":2,\"name\":\"IAS Tag der Lehre 2018: Das massgeschneiderte Studium\"}]},{\"@type\":\"WebSite\",\"@id\":\"https:\/\/blog.zhaw.ch\/lehren-und-lernen\/#website\",\"url\":\"https:\/\/blog.zhaw.ch\/lehren-und-lernen\/\",\"name\":\"Lehren und Lernen\",\"description\":\"Ein Blog der ZHAW Z\u00fcrcher Hochschule f\u00fcr Angewandte Wissenschaften\",\"potentialAction\":[{\"@type\":\"SearchAction\",\"target\":{\"@type\":\"EntryPoint\",\"urlTemplate\":\"https:\/\/blog.zhaw.ch\/lehren-und-lernen\/?s={search_term_string}\"},\"query-input\":{\"@type\":\"PropertyValueSpecification\",\"valueRequired\":true,\"valueName\":\"search_term_string\"}}],\"inLanguage\":\"de\"},{\"@type\":\"Person\",\"@id\":\"https:\/\/blog.zhaw.ch\/lehren-und-lernen\/#\/schema\/person\/79c1dc972e7f8eb7078de1f093b71c02\",\"name\":\"tali\",\"image\":{\"@type\":\"ImageObject\",\"inLanguage\":\"de\",\"@id\":\"https:\/\/secure.gravatar.com\/avatar\/65f4b311299166e0e8dddee4904e2ef7f151cadd7daf435900d7a1b73f3ea9aa?s=96&d=mm&r=g\",\"url\":\"https:\/\/secure.gravatar.com\/avatar\/65f4b311299166e0e8dddee4904e2ef7f151cadd7daf435900d7a1b73f3ea9aa?s=96&d=mm&r=g\",\"contentUrl\":\"https:\/\/secure.gravatar.com\/avatar\/65f4b311299166e0e8dddee4904e2ef7f151cadd7daf435900d7a1b73f3ea9aa?s=96&d=mm&r=g\",\"caption\":\"tali\"},\"url\":\"https:\/\/blog.zhaw.ch\/lehren-und-lernen\/author\/tali\/\"}]}<\/script>\n<!-- \/ Yoast SEO Premium plugin. -->","yoast_head_json":{"title":"IAS Tag der Lehre 2018: Das massgeschneiderte Studium - Lehren und Lernen","robots":{"index":"index","follow":"follow","max-snippet":"max-snippet:-1","max-image-preview":"max-image-preview:large","max-video-preview":"max-video-preview:-1"},"canonical":"https:\/\/blog.zhaw.ch\/lehren-und-lernen\/ias-tag-der-lehre-2018-das-massgeschneiderte-studium\/","og_locale":"de_DE","og_type":"article","og_title":"IAS Tag der Lehre 2018: Das massgeschneiderte Studium","og_description":"Beitrag von Natyra Ajvazi Der Tag der Lehre am ZHAW-Standort W\u00e4denswil wurde 2014 von den Dozierenden des Instituts f\u00fcr angewandte Simulation (IAS) ins Leben gerufen. Die Teilnahme steht jedoch allen Lehrpersonen der ZHAW offen: Ziel der Veranstaltung ist der kollegiale Austausch zu didaktischen Themen \u00fcber Instituts- und Departementsgrenzen hinweg. So gaben am diesj\u00e4hrigen Tag der [&hellip;]","og_url":"https:\/\/blog.zhaw.ch\/lehren-und-lernen\/ias-tag-der-lehre-2018-das-massgeschneiderte-studium\/","og_site_name":"Lehren und Lernen","article_published_time":"2018-01-17T10:28:10+00:00","article_modified_time":"2018-02-05T09:37:21+00:00","og_image":[{"url":"http:\/\/blog.zhaw.ch\/lehren-und-lernen\/files\/2018\/01\/karikatur_kl1.jpg","type":"","width":"","height":""}],"author":"tali","twitter_card":"summary_large_image","twitter_misc":{"Verfasst von":"tali","Gesch\u00e4tzte Lesezeit":"3\u00a0Minuten"},"schema":{"@context":"https:\/\/schema.org","@graph":[{"@type":"Article","@id":"https:\/\/blog.zhaw.ch\/lehren-und-lernen\/ias-tag-der-lehre-2018-das-massgeschneiderte-studium\/#article","isPartOf":{"@id":"https:\/\/blog.zhaw.ch\/lehren-und-lernen\/ias-tag-der-lehre-2018-das-massgeschneiderte-studium\/"},"author":{"name":"tali","@id":"https:\/\/blog.zhaw.ch\/lehren-und-lernen\/#\/schema\/person\/79c1dc972e7f8eb7078de1f093b71c02"},"headline":"IAS Tag der Lehre 2018: Das massgeschneiderte Studium","datePublished":"2018-01-17T10:28:10+00:00","dateModified":"2018-02-05T09:37:21+00:00","mainEntityOfPage":{"@id":"https:\/\/blog.zhaw.ch\/lehren-und-lernen\/ias-tag-der-lehre-2018-das-massgeschneiderte-studium\/"},"wordCount":535,"commentCount":0,"image":{"@id":"https:\/\/blog.zhaw.ch\/lehren-und-lernen\/ias-tag-der-lehre-2018-das-massgeschneiderte-studium\/#primaryimage"},"thumbnailUrl":"http:\/\/blog.zhaw.ch\/lehren-und-lernen\/files\/2018\/01\/karikatur_kl1.jpg","keywords":["Blended Learning","Departement N","Distance-Learning","Flipped Classroom","Heterogenit\u00e4t","IAS","individualisiertes Studium","Institut f\u00fcr Angewandte Simulation","Oberstufenschule in W\u00e4denswil","Online-Learning","OSW","personalisiertes Studium","Studienberatung","Studienvorbereitung","Vorkurse","ZHAW","Z\u00fcrcher Hochschule f\u00fcr Angewandte Wissenschaften"],"articleSection":["Lehr- und Lernformateformate"],"inLanguage":"de","potentialAction":[{"@type":"CommentAction","name":"Comment","target":["https:\/\/blog.zhaw.ch\/lehren-und-lernen\/ias-tag-der-lehre-2018-das-massgeschneiderte-studium\/#respond"]}]},{"@type":"WebPage","@id":"https:\/\/blog.zhaw.ch\/lehren-und-lernen\/ias-tag-der-lehre-2018-das-massgeschneiderte-studium\/","url":"https:\/\/blog.zhaw.ch\/lehren-und-lernen\/ias-tag-der-lehre-2018-das-massgeschneiderte-studium\/","name":"IAS Tag der Lehre 2018: Das massgeschneiderte Studium - Lehren und Lernen","isPartOf":{"@id":"https:\/\/blog.zhaw.ch\/lehren-und-lernen\/#website"},"primaryImageOfPage":{"@id":"https:\/\/blog.zhaw.ch\/lehren-und-lernen\/ias-tag-der-lehre-2018-das-massgeschneiderte-studium\/#primaryimage"},"image":{"@id":"https:\/\/blog.zhaw.ch\/lehren-und-lernen\/ias-tag-der-lehre-2018-das-massgeschneiderte-studium\/#primaryimage"},"thumbnailUrl":"http:\/\/blog.zhaw.ch\/lehren-und-lernen\/files\/2018\/01\/karikatur_kl1.jpg","datePublished":"2018-01-17T10:28:10+00:00","dateModified":"2018-02-05T09:37:21+00:00","author":{"@id":"https:\/\/blog.zhaw.ch\/lehren-und-lernen\/#\/schema\/person\/79c1dc972e7f8eb7078de1f093b71c02"},"breadcrumb":{"@id":"https:\/\/blog.zhaw.ch\/lehren-und-lernen\/ias-tag-der-lehre-2018-das-massgeschneiderte-studium\/#breadcrumb"},"inLanguage":"de","potentialAction":[{"@type":"ReadAction","target":["https:\/\/blog.zhaw.ch\/lehren-und-lernen\/ias-tag-der-lehre-2018-das-massgeschneiderte-studium\/"]}]},{"@type":"ImageObject","inLanguage":"de","@id":"https:\/\/blog.zhaw.ch\/lehren-und-lernen\/ias-tag-der-lehre-2018-das-massgeschneiderte-studium\/#primaryimage","url":"https:\/\/blog.zhaw.ch\/lehren-und-lernen\/files\/2018\/01\/karikatur_kl1.jpg","contentUrl":"https:\/\/blog.zhaw.ch\/lehren-und-lernen\/files\/2018\/01\/karikatur_kl1.jpg","width":650,"height":386},{"@type":"BreadcrumbList","@id":"https:\/\/blog.zhaw.ch\/lehren-und-lernen\/ias-tag-der-lehre-2018-das-massgeschneiderte-studium\/#breadcrumb","itemListElement":[{"@type":"ListItem","position":1,"name":"Startseite","item":"https:\/\/blog.zhaw.ch\/lehren-und-lernen\/"},{"@type":"ListItem","position":2,"name":"IAS Tag der Lehre 2018: Das massgeschneiderte Studium"}]},{"@type":"WebSite","@id":"https:\/\/blog.zhaw.ch\/lehren-und-lernen\/#website","url":"https:\/\/blog.zhaw.ch\/lehren-und-lernen\/","name":"Lehren und Lernen","description":"Ein Blog der ZHAW Z\u00fcrcher Hochschule f\u00fcr Angewandte Wissenschaften","potentialAction":[{"@type":"SearchAction","target":{"@type":"EntryPoint","urlTemplate":"https:\/\/blog.zhaw.ch\/lehren-und-lernen\/?s={search_term_string}"},"query-input":{"@type":"PropertyValueSpecification","valueRequired":true,"valueName":"search_term_string"}}],"inLanguage":"de"},{"@type":"Person","@id":"https:\/\/blog.zhaw.ch\/lehren-und-lernen\/#\/schema\/person\/79c1dc972e7f8eb7078de1f093b71c02","name":"tali","image":{"@type":"ImageObject","inLanguage":"de","@id":"https:\/\/secure.gravatar.com\/avatar\/65f4b311299166e0e8dddee4904e2ef7f151cadd7daf435900d7a1b73f3ea9aa?s=96&d=mm&r=g","url":"https:\/\/secure.gravatar.com\/avatar\/65f4b311299166e0e8dddee4904e2ef7f151cadd7daf435900d7a1b73f3ea9aa?s=96&d=mm&r=g","contentUrl":"https:\/\/secure.gravatar.com\/avatar\/65f4b311299166e0e8dddee4904e2ef7f151cadd7daf435900d7a1b73f3ea9aa?s=96&d=mm&r=g","caption":"tali"},"url":"https:\/\/blog.zhaw.ch\/lehren-und-lernen\/author\/tali\/"}]}},"_links":{"self":[{"href":"https:\/\/blog.zhaw.ch\/lehren-und-lernen\/wp-json\/wp\/v2\/posts\/572","targetHints":{"allow":["GET"]}}],"collection":[{"href":"https:\/\/blog.zhaw.ch\/lehren-und-lernen\/wp-json\/wp\/v2\/posts"}],"about":[{"href":"https:\/\/blog.zhaw.ch\/lehren-und-lernen\/wp-json\/wp\/v2\/types\/post"}],"author":[{"embeddable":true,"href":"https:\/\/blog.zhaw.ch\/lehren-und-lernen\/wp-json\/wp\/v2\/users\/300"}],"replies":[{"embeddable":true,"href":"https:\/\/blog.zhaw.ch\/lehren-und-lernen\/wp-json\/wp\/v2\/comments?post=572"}],"version-history":[{"count":6,"href":"https:\/\/blog.zhaw.ch\/lehren-und-lernen\/wp-json\/wp\/v2\/posts\/572\/revisions"}],"predecessor-version":[{"id":607,"href":"https:\/\/blog.zhaw.ch\/lehren-und-lernen\/wp-json\/wp\/v2\/posts\/572\/revisions\/607"}],"wp:attachment":[{"href":"https:\/\/blog.zhaw.ch\/lehren-und-lernen\/wp-json\/wp\/v2\/media?parent=572"}],"wp:term":[{"taxonomy":"category","embeddable":true,"href":"https:\/\/blog.zhaw.ch\/lehren-und-lernen\/wp-json\/wp\/v2\/categories?post=572"},{"taxonomy":"post_tag","embeddable":true,"href":"https:\/\/blog.zhaw.ch\/lehren-und-lernen\/wp-json\/wp\/v2\/tags?post=572"},{"taxonomy":"features","embeddable":true,"href":"https:\/\/blog.zhaw.ch\/lehren-und-lernen\/wp-json\/wp\/v2\/features?post=572"}],"curies":[{"name":"wp","href":"https:\/\/api.w.org\/{rel}","templated":true}]}}