{"id":2616,"date":"2024-01-30T10:50:19","date_gmt":"2024-01-30T09:50:19","guid":{"rendered":"https:\/\/blog.zhaw.ch\/lehren-und-lernen\/?p=2616"},"modified":"2024-08-09T09:43:31","modified_gmt":"2024-08-09T07:43:31","slug":"eduhub-days-2024-redefining-learning-spaces","status":"publish","type":"post","link":"https:\/\/blog.zhaw.ch\/lehren-und-lernen\/eduhub-days-2024-redefining-learning-spaces\/","title":{"rendered":"EduHub Days 2024: Redefining Learning Spaces"},"content":{"rendered":"\n<p><strong>Die EduHub Days sind eine j\u00e4hrliche Konferenz, die sich auf E-Learning, Technologie und Didaktik an Schweizer Hochschulen konzentriert. Sie bieten eine Plattform f\u00fcr den hochschul\u00fcbergreifenden Austausch von Ideen und Innovationen im Bereich der Bildungstechnologie.<\/strong><\/p>\n\n\n\n<!--more-->\n\n\n\n<p>Ein Beitrag von <a href=\"https:\/\/www.zhaw.ch\/de\/ueber-uns\/person\/scpt\/\">Thomas Schl\u00e4pfer<\/a><\/p>\n\n\n\n<p>Vom 7. bis 8. Februar 2024 finden die EduHub Days an der ZHAW statt. Als Host dieser Konferenz gestaltet die ZHAW das Programm massgeblich mit und unterst\u00fctzt die Veranstalterin SWITCH bei der Organisation und Durchf\u00fchrung. Lisa Messenzehl-K\u00f6lbl, Leiterin der Fachgruppe Lehrtechnologien und Didaktik im Ressort Bildung, ist Mitglied des hochschul\u00fcbergreifenden Programmkomitees und wurde unter anderem von Julian Keuzenkamp unterst\u00fctzt, Stellvertretender Leiter von ZHAW digital. Sie haben uns erz\u00e4hlt, welche Bedeutung die EduHub Days f\u00fcr die ZHAW haben und worauf sie sich am meisten freuen.<\/p>\n\n\n\n<h3 class=\"wp-block-heading\" id=\"h-worum-geht-es-bei-den-eduhub-days\"><strong>Worum geht es bei den EduHub Days?<\/strong><\/h3>\n\n\n\n<p><em>Lisa:<\/em> Die EduHub Days bieten die M\u00f6glichkeit, sich \u00fcber aktuelle Innovationen und Projekte im Bereich des digitalen Lehrens und Lernens auszutauschen, sich inspirieren zu lassen und zu vernetzen. Als grosser Community Event war die Konferenz auch in diesem Jahr innerhalb von k\u00fcrzester Zeit ausgebucht. Dies zeigt, dass das Hands-on-Lernen mit und von den Peers gerade in Zeiten der rasanten technologischen Entwicklungen extrem hilfreich ist.<\/p>\n\n\n\n<h3 class=\"wp-block-heading\" id=\"h-welche-bedeutung-haben-die-eduhub-days-fur-die-zhaw\"><strong>Welche Bedeutung haben die EduHub Days f\u00fcr die ZHAW?<\/strong><\/h3>\n\n\n\n<p><em>Julian:<\/em> F\u00fcr uns als ZHAW haben die EduHub Days eine besondere Bedeutung, da sie zum ersten Mal an einer Fachhochschule stattfinden. Mit unserem Austragungsort, dem Haus Adeline Favre, haben wir auch einen Ort gew\u00e4hlt, der besonders gut zum diesj\u00e4hrigen Schwerpunkt Lernr\u00e4ume passt.<\/p>\n\n\n\n<h3 class=\"wp-block-heading\" id=\"h-warum-ist-das-thema-lernraume-so-relevant\"><strong>Warum ist das Thema &#8218;Lernr\u00e4ume&#8216; so relevant?<\/strong><\/h3>\n\n\n\n<p><em>Lisa: <\/em>Die Corona-Pandemie hat die Digitalisierung im Bildungsbereich beschleunigt und die Notwendigkeit f\u00fcr flexible, interaktive und kollaborative Lernformate verst\u00e4rkt. Zugleich r\u00fcckt heute die Bildung f\u00fcr nachhaltige Entwicklung st\u00e4rker in den Fokus, zusammen mit dem Erwerb von Zukunftskompetenzen, die innovative, praxisnahe und forschungsorientierte Lernszenarien erfordern. Um diesen Herausforderungen angemessen zu begegnen, ist eine kontinuierliche und kritische Reflexion der Didaktik notwendig, wobei die Technologien, die Teil unserer Realit\u00e4t sind, einbezogen werden m\u00fcssen.<\/p>\n\n\n\n<h3 class=\"wp-block-heading\" id=\"h-worauf-freut-ihr-euch-am-meisten\"><strong>Worauf freut ihr euch am meisten?<\/strong><\/h3>\n\n\n\n<p><em>Julian:<\/em> Ich freue mich darauf von den vorgestellten Projekten inspiriert zu werden. Am meisten freue ich mich jedoch auf die EduSpace Challenge, in der Studierende aus der ganzen Schweiz gemeinsam Ideen ausarbeiten. Bildung ist kollaborativ und das manifestiert sich bei der Challenge.<\/p>\n\n\n\n<p><em>Lisa: <\/em>Auf die EduSpace Challenge! Wir haben diesmal 20 Studierende aus der ganzen Schweiz an die Konferenz eingeladen, weil uns wichtig war, auch die Perspektive der Lernenden zu integrieren. Die Studierenden werden in Gruppen und in einem begleiteten Design Thinking Prozess an ihren idealen Lernr\u00e4umen arbeiten und dazu Prototypen aus Papier und Kleber entwerfen. Dieser Programmpunkt ist ein Novum und kann nur dank des Engagements der ZHAW realisiert werden. Ich freue mich schon riesig darauf, die Studierenden an den EduHub Days willkommen zu heissen.<\/p>\n<div class=\"pt-sm\">Schlagw\u00f6rter: <a href=\"https:\/\/blog.zhaw.ch\/lehren-und-lernen\/tag\/digitalisierung\/\">Digitalisierung<\/a>, <a href=\"https:\/\/blog.zhaw.ch\/lehren-und-lernen\/tag\/e-learning\/\">E-Learning<\/a>, <a href=\"https:\/\/blog.zhaw.ch\/lehren-und-lernen\/tag\/eduhub-days\/\">Eduhub-Days<\/a>, <a href=\"https:\/\/blog.zhaw.ch\/lehren-und-lernen\/tag\/learning-spaces\/\">Learning Spaces<\/a>, <a href=\"https:\/\/blog.zhaw.ch\/lehren-und-lernen\/tag\/lernraeume\/\">Lernr\u00e4ume<\/a><br><\/div>","protected":false},"excerpt":{"rendered":"<p>Die EduHub Days sind eine j\u00e4hrliche Konferenz, die sich auf E-Learning, Technologie und Didaktik an Schweizer Hochschulen konzentriert. Sie bieten eine Plattform f\u00fcr den hochschul\u00fcbergreifenden Austausch von Ideen und Innovationen im Bereich der Bildungstechnologie. Schlagw\u00f6rter: Digitalisierung, E-Learning, Eduhub-Days, Learning Spaces, Lernr\u00e4ume<\/p>\n","protected":false},"author":564,"featured_media":2618,"comment_status":"open","ping_status":"open","sticky":false,"template":"","format":"standard","meta":{"ngg_post_thumbnail":0,"footnotes":""},"categories":[17,352],"tags":[39,46,467,466,465],"features":[],"class_list":["post-2616","post","type-post","status-publish","format-standard","has-post-thumbnail","hentry","category-digitalisierung-ki","category-veranstaltungen-netzwerke","tag-digitalisierung","tag-e-learning","tag-eduhub-days","tag-learning-spaces","tag-lernraeume"],"yoast_head":"<!-- This site is optimized with the Yoast SEO Premium plugin v27.2 (Yoast SEO v27.2) - https:\/\/yoast.com\/product\/yoast-seo-premium-wordpress\/ -->\n<title>EduHub Days 2024: Redefining Learning Spaces - Lehren und Lernen<\/title>\n<meta name=\"robots\" content=\"index, follow, max-snippet:-1, max-image-preview:large, max-video-preview:-1\" \/>\n<link rel=\"canonical\" href=\"https:\/\/blog.zhaw.ch\/lehren-und-lernen\/eduhub-days-2024-redefining-learning-spaces\/\" \/>\n<meta property=\"og:locale\" content=\"de_DE\" \/>\n<meta property=\"og:type\" content=\"article\" \/>\n<meta property=\"og:title\" content=\"EduHub Days 2024: Redefining Learning Spaces\" \/>\n<meta property=\"og:description\" content=\"Die EduHub Days sind eine j\u00e4hrliche Konferenz, die sich auf E-Learning, Technologie und Didaktik an Schweizer Hochschulen konzentriert. Sie bieten eine Plattform f\u00fcr den hochschul\u00fcbergreifenden Austausch von Ideen und Innovationen im Bereich der Bildungstechnologie. Schlagw\u00f6rter: Digitalisierung, E-Learning, Eduhub-Days, Learning Spaces, Lernr\u00e4ume\" \/>\n<meta property=\"og:url\" content=\"https:\/\/blog.zhaw.ch\/lehren-und-lernen\/eduhub-days-2024-redefining-learning-spaces\/\" \/>\n<meta property=\"og:site_name\" content=\"Lehren und Lernen\" \/>\n<meta property=\"article:published_time\" content=\"2024-01-30T09:50:19+00:00\" \/>\n<meta property=\"article:modified_time\" content=\"2024-08-09T07:43:31+00:00\" \/>\n<meta property=\"og:image\" content=\"https:\/\/blog.zhaw.ch\/lehren-und-lernen\/files\/2024\/01\/Bild_Blog-eduHub-Days.jpg\" \/>\n\t<meta property=\"og:image:width\" content=\"2048\" \/>\n\t<meta property=\"og:image:height\" content=\"1366\" \/>\n\t<meta property=\"og:image:type\" content=\"image\/jpeg\" \/>\n<meta name=\"author\" content=\"scnw\" \/>\n<meta name=\"twitter:card\" content=\"summary_large_image\" \/>\n<meta name=\"twitter:label1\" content=\"Verfasst von\" \/>\n\t<meta name=\"twitter:data1\" content=\"scnw\" \/>\n\t<meta name=\"twitter:label2\" content=\"Gesch\u00e4tzte Lesezeit\" \/>\n\t<meta name=\"twitter:data2\" content=\"3\u00a0Minuten\" \/>\n<script type=\"application\/ld+json\" class=\"yoast-schema-graph\">{\"@context\":\"https:\/\/schema.org\",\"@graph\":[{\"@type\":\"Article\",\"@id\":\"https:\/\/blog.zhaw.ch\/lehren-und-lernen\/eduhub-days-2024-redefining-learning-spaces\/#article\",\"isPartOf\":{\"@id\":\"https:\/\/blog.zhaw.ch\/lehren-und-lernen\/eduhub-days-2024-redefining-learning-spaces\/\"},\"author\":{\"name\":\"scnw\",\"@id\":\"https:\/\/blog.zhaw.ch\/lehren-und-lernen\/#\/schema\/person\/e82c5f15f44d6db52a129216f647af1e\"},\"headline\":\"EduHub Days 2024: Redefining Learning Spaces\",\"datePublished\":\"2024-01-30T09:50:19+00:00\",\"dateModified\":\"2024-08-09T07:43:31+00:00\",\"mainEntityOfPage\":{\"@id\":\"https:\/\/blog.zhaw.ch\/lehren-und-lernen\/eduhub-days-2024-redefining-learning-spaces\/\"},\"wordCount\":482,\"commentCount\":0,\"image\":{\"@id\":\"https:\/\/blog.zhaw.ch\/lehren-und-lernen\/eduhub-days-2024-redefining-learning-spaces\/#primaryimage\"},\"thumbnailUrl\":\"https:\/\/blog.zhaw.ch\/lehren-und-lernen\/files\/2024\/01\/Bild_Blog-eduHub-Days.jpg\",\"keywords\":[\"Digitalisierung\",\"E-Learning\",\"Eduhub-Days\",\"Learning Spaces\",\"Lernr\u00e4ume\"],\"articleSection\":[\"Digitalisierung &amp; KI\",\"Veranstaltungen &amp; Netzwerke\"],\"inLanguage\":\"de\",\"potentialAction\":[{\"@type\":\"CommentAction\",\"name\":\"Comment\",\"target\":[\"https:\/\/blog.zhaw.ch\/lehren-und-lernen\/eduhub-days-2024-redefining-learning-spaces\/#respond\"]}]},{\"@type\":\"WebPage\",\"@id\":\"https:\/\/blog.zhaw.ch\/lehren-und-lernen\/eduhub-days-2024-redefining-learning-spaces\/\",\"url\":\"https:\/\/blog.zhaw.ch\/lehren-und-lernen\/eduhub-days-2024-redefining-learning-spaces\/\",\"name\":\"EduHub Days 2024: Redefining Learning Spaces - Lehren und Lernen\",\"isPartOf\":{\"@id\":\"https:\/\/blog.zhaw.ch\/lehren-und-lernen\/#website\"},\"primaryImageOfPage\":{\"@id\":\"https:\/\/blog.zhaw.ch\/lehren-und-lernen\/eduhub-days-2024-redefining-learning-spaces\/#primaryimage\"},\"image\":{\"@id\":\"https:\/\/blog.zhaw.ch\/lehren-und-lernen\/eduhub-days-2024-redefining-learning-spaces\/#primaryimage\"},\"thumbnailUrl\":\"https:\/\/blog.zhaw.ch\/lehren-und-lernen\/files\/2024\/01\/Bild_Blog-eduHub-Days.jpg\",\"datePublished\":\"2024-01-30T09:50:19+00:00\",\"dateModified\":\"2024-08-09T07:43:31+00:00\",\"author\":{\"@id\":\"https:\/\/blog.zhaw.ch\/lehren-und-lernen\/#\/schema\/person\/e82c5f15f44d6db52a129216f647af1e\"},\"breadcrumb\":{\"@id\":\"https:\/\/blog.zhaw.ch\/lehren-und-lernen\/eduhub-days-2024-redefining-learning-spaces\/#breadcrumb\"},\"inLanguage\":\"de\",\"potentialAction\":[{\"@type\":\"ReadAction\",\"target\":[\"https:\/\/blog.zhaw.ch\/lehren-und-lernen\/eduhub-days-2024-redefining-learning-spaces\/\"]}]},{\"@type\":\"ImageObject\",\"inLanguage\":\"de\",\"@id\":\"https:\/\/blog.zhaw.ch\/lehren-und-lernen\/eduhub-days-2024-redefining-learning-spaces\/#primaryimage\",\"url\":\"https:\/\/blog.zhaw.ch\/lehren-und-lernen\/files\/2024\/01\/Bild_Blog-eduHub-Days.jpg\",\"contentUrl\":\"https:\/\/blog.zhaw.ch\/lehren-und-lernen\/files\/2024\/01\/Bild_Blog-eduHub-Days.jpg\",\"width\":2048,\"height\":1366},{\"@type\":\"BreadcrumbList\",\"@id\":\"https:\/\/blog.zhaw.ch\/lehren-und-lernen\/eduhub-days-2024-redefining-learning-spaces\/#breadcrumb\",\"itemListElement\":[{\"@type\":\"ListItem\",\"position\":1,\"name\":\"Startseite\",\"item\":\"https:\/\/blog.zhaw.ch\/lehren-und-lernen\/\"},{\"@type\":\"ListItem\",\"position\":2,\"name\":\"EduHub Days 2024: Redefining Learning Spaces\"}]},{\"@type\":\"WebSite\",\"@id\":\"https:\/\/blog.zhaw.ch\/lehren-und-lernen\/#website\",\"url\":\"https:\/\/blog.zhaw.ch\/lehren-und-lernen\/\",\"name\":\"Lehren und Lernen\",\"description\":\"Ein Blog der ZHAW Z\u00fcrcher Hochschule f\u00fcr Angewandte Wissenschaften\",\"potentialAction\":[{\"@type\":\"SearchAction\",\"target\":{\"@type\":\"EntryPoint\",\"urlTemplate\":\"https:\/\/blog.zhaw.ch\/lehren-und-lernen\/?s={search_term_string}\"},\"query-input\":{\"@type\":\"PropertyValueSpecification\",\"valueRequired\":true,\"valueName\":\"search_term_string\"}}],\"inLanguage\":\"de\"},{\"@type\":\"Person\",\"@id\":\"https:\/\/blog.zhaw.ch\/lehren-und-lernen\/#\/schema\/person\/e82c5f15f44d6db52a129216f647af1e\",\"name\":\"scnw\",\"image\":{\"@type\":\"ImageObject\",\"inLanguage\":\"de\",\"@id\":\"https:\/\/secure.gravatar.com\/avatar\/772dce3a8a394121fb0f9c458e5e8060e2ac57eee5e52648f20e24b50f814ad4?s=96&d=mm&r=g\",\"url\":\"https:\/\/secure.gravatar.com\/avatar\/772dce3a8a394121fb0f9c458e5e8060e2ac57eee5e52648f20e24b50f814ad4?s=96&d=mm&r=g\",\"contentUrl\":\"https:\/\/secure.gravatar.com\/avatar\/772dce3a8a394121fb0f9c458e5e8060e2ac57eee5e52648f20e24b50f814ad4?s=96&d=mm&r=g\",\"caption\":\"scnw\"},\"url\":\"https:\/\/blog.zhaw.ch\/lehren-und-lernen\/author\/scnw\/\"}]}<\/script>\n<!-- \/ Yoast SEO Premium plugin. -->","yoast_head_json":{"title":"EduHub Days 2024: Redefining Learning Spaces - Lehren und Lernen","robots":{"index":"index","follow":"follow","max-snippet":"max-snippet:-1","max-image-preview":"max-image-preview:large","max-video-preview":"max-video-preview:-1"},"canonical":"https:\/\/blog.zhaw.ch\/lehren-und-lernen\/eduhub-days-2024-redefining-learning-spaces\/","og_locale":"de_DE","og_type":"article","og_title":"EduHub Days 2024: Redefining Learning Spaces","og_description":"Die EduHub Days sind eine j\u00e4hrliche Konferenz, die sich auf E-Learning, Technologie und Didaktik an Schweizer Hochschulen konzentriert. Sie bieten eine Plattform f\u00fcr den hochschul\u00fcbergreifenden Austausch von Ideen und Innovationen im Bereich der Bildungstechnologie. Schlagw\u00f6rter: Digitalisierung, E-Learning, Eduhub-Days, Learning Spaces, Lernr\u00e4ume","og_url":"https:\/\/blog.zhaw.ch\/lehren-und-lernen\/eduhub-days-2024-redefining-learning-spaces\/","og_site_name":"Lehren und Lernen","article_published_time":"2024-01-30T09:50:19+00:00","article_modified_time":"2024-08-09T07:43:31+00:00","og_image":[{"width":2048,"height":1366,"url":"https:\/\/blog.zhaw.ch\/lehren-und-lernen\/files\/2024\/01\/Bild_Blog-eduHub-Days.jpg","type":"image\/jpeg"}],"author":"scnw","twitter_card":"summary_large_image","twitter_misc":{"Verfasst von":"scnw","Gesch\u00e4tzte Lesezeit":"3\u00a0Minuten"},"schema":{"@context":"https:\/\/schema.org","@graph":[{"@type":"Article","@id":"https:\/\/blog.zhaw.ch\/lehren-und-lernen\/eduhub-days-2024-redefining-learning-spaces\/#article","isPartOf":{"@id":"https:\/\/blog.zhaw.ch\/lehren-und-lernen\/eduhub-days-2024-redefining-learning-spaces\/"},"author":{"name":"scnw","@id":"https:\/\/blog.zhaw.ch\/lehren-und-lernen\/#\/schema\/person\/e82c5f15f44d6db52a129216f647af1e"},"headline":"EduHub Days 2024: Redefining Learning Spaces","datePublished":"2024-01-30T09:50:19+00:00","dateModified":"2024-08-09T07:43:31+00:00","mainEntityOfPage":{"@id":"https:\/\/blog.zhaw.ch\/lehren-und-lernen\/eduhub-days-2024-redefining-learning-spaces\/"},"wordCount":482,"commentCount":0,"image":{"@id":"https:\/\/blog.zhaw.ch\/lehren-und-lernen\/eduhub-days-2024-redefining-learning-spaces\/#primaryimage"},"thumbnailUrl":"https:\/\/blog.zhaw.ch\/lehren-und-lernen\/files\/2024\/01\/Bild_Blog-eduHub-Days.jpg","keywords":["Digitalisierung","E-Learning","Eduhub-Days","Learning Spaces","Lernr\u00e4ume"],"articleSection":["Digitalisierung &amp; KI","Veranstaltungen &amp; Netzwerke"],"inLanguage":"de","potentialAction":[{"@type":"CommentAction","name":"Comment","target":["https:\/\/blog.zhaw.ch\/lehren-und-lernen\/eduhub-days-2024-redefining-learning-spaces\/#respond"]}]},{"@type":"WebPage","@id":"https:\/\/blog.zhaw.ch\/lehren-und-lernen\/eduhub-days-2024-redefining-learning-spaces\/","url":"https:\/\/blog.zhaw.ch\/lehren-und-lernen\/eduhub-days-2024-redefining-learning-spaces\/","name":"EduHub Days 2024: Redefining Learning Spaces - Lehren und Lernen","isPartOf":{"@id":"https:\/\/blog.zhaw.ch\/lehren-und-lernen\/#website"},"primaryImageOfPage":{"@id":"https:\/\/blog.zhaw.ch\/lehren-und-lernen\/eduhub-days-2024-redefining-learning-spaces\/#primaryimage"},"image":{"@id":"https:\/\/blog.zhaw.ch\/lehren-und-lernen\/eduhub-days-2024-redefining-learning-spaces\/#primaryimage"},"thumbnailUrl":"https:\/\/blog.zhaw.ch\/lehren-und-lernen\/files\/2024\/01\/Bild_Blog-eduHub-Days.jpg","datePublished":"2024-01-30T09:50:19+00:00","dateModified":"2024-08-09T07:43:31+00:00","author":{"@id":"https:\/\/blog.zhaw.ch\/lehren-und-lernen\/#\/schema\/person\/e82c5f15f44d6db52a129216f647af1e"},"breadcrumb":{"@id":"https:\/\/blog.zhaw.ch\/lehren-und-lernen\/eduhub-days-2024-redefining-learning-spaces\/#breadcrumb"},"inLanguage":"de","potentialAction":[{"@type":"ReadAction","target":["https:\/\/blog.zhaw.ch\/lehren-und-lernen\/eduhub-days-2024-redefining-learning-spaces\/"]}]},{"@type":"ImageObject","inLanguage":"de","@id":"https:\/\/blog.zhaw.ch\/lehren-und-lernen\/eduhub-days-2024-redefining-learning-spaces\/#primaryimage","url":"https:\/\/blog.zhaw.ch\/lehren-und-lernen\/files\/2024\/01\/Bild_Blog-eduHub-Days.jpg","contentUrl":"https:\/\/blog.zhaw.ch\/lehren-und-lernen\/files\/2024\/01\/Bild_Blog-eduHub-Days.jpg","width":2048,"height":1366},{"@type":"BreadcrumbList","@id":"https:\/\/blog.zhaw.ch\/lehren-und-lernen\/eduhub-days-2024-redefining-learning-spaces\/#breadcrumb","itemListElement":[{"@type":"ListItem","position":1,"name":"Startseite","item":"https:\/\/blog.zhaw.ch\/lehren-und-lernen\/"},{"@type":"ListItem","position":2,"name":"EduHub Days 2024: Redefining Learning Spaces"}]},{"@type":"WebSite","@id":"https:\/\/blog.zhaw.ch\/lehren-und-lernen\/#website","url":"https:\/\/blog.zhaw.ch\/lehren-und-lernen\/","name":"Lehren und Lernen","description":"Ein Blog der ZHAW Z\u00fcrcher Hochschule f\u00fcr Angewandte Wissenschaften","potentialAction":[{"@type":"SearchAction","target":{"@type":"EntryPoint","urlTemplate":"https:\/\/blog.zhaw.ch\/lehren-und-lernen\/?s={search_term_string}"},"query-input":{"@type":"PropertyValueSpecification","valueRequired":true,"valueName":"search_term_string"}}],"inLanguage":"de"},{"@type":"Person","@id":"https:\/\/blog.zhaw.ch\/lehren-und-lernen\/#\/schema\/person\/e82c5f15f44d6db52a129216f647af1e","name":"scnw","image":{"@type":"ImageObject","inLanguage":"de","@id":"https:\/\/secure.gravatar.com\/avatar\/772dce3a8a394121fb0f9c458e5e8060e2ac57eee5e52648f20e24b50f814ad4?s=96&d=mm&r=g","url":"https:\/\/secure.gravatar.com\/avatar\/772dce3a8a394121fb0f9c458e5e8060e2ac57eee5e52648f20e24b50f814ad4?s=96&d=mm&r=g","contentUrl":"https:\/\/secure.gravatar.com\/avatar\/772dce3a8a394121fb0f9c458e5e8060e2ac57eee5e52648f20e24b50f814ad4?s=96&d=mm&r=g","caption":"scnw"},"url":"https:\/\/blog.zhaw.ch\/lehren-und-lernen\/author\/scnw\/"}]}},"_links":{"self":[{"href":"https:\/\/blog.zhaw.ch\/lehren-und-lernen\/wp-json\/wp\/v2\/posts\/2616","targetHints":{"allow":["GET"]}}],"collection":[{"href":"https:\/\/blog.zhaw.ch\/lehren-und-lernen\/wp-json\/wp\/v2\/posts"}],"about":[{"href":"https:\/\/blog.zhaw.ch\/lehren-und-lernen\/wp-json\/wp\/v2\/types\/post"}],"author":[{"embeddable":true,"href":"https:\/\/blog.zhaw.ch\/lehren-und-lernen\/wp-json\/wp\/v2\/users\/564"}],"replies":[{"embeddable":true,"href":"https:\/\/blog.zhaw.ch\/lehren-und-lernen\/wp-json\/wp\/v2\/comments?post=2616"}],"version-history":[{"count":1,"href":"https:\/\/blog.zhaw.ch\/lehren-und-lernen\/wp-json\/wp\/v2\/posts\/2616\/revisions"}],"predecessor-version":[{"id":2617,"href":"https:\/\/blog.zhaw.ch\/lehren-und-lernen\/wp-json\/wp\/v2\/posts\/2616\/revisions\/2617"}],"wp:featuredmedia":[{"embeddable":true,"href":"https:\/\/blog.zhaw.ch\/lehren-und-lernen\/wp-json\/wp\/v2\/media\/2618"}],"wp:attachment":[{"href":"https:\/\/blog.zhaw.ch\/lehren-und-lernen\/wp-json\/wp\/v2\/media?parent=2616"}],"wp:term":[{"taxonomy":"category","embeddable":true,"href":"https:\/\/blog.zhaw.ch\/lehren-und-lernen\/wp-json\/wp\/v2\/categories?post=2616"},{"taxonomy":"post_tag","embeddable":true,"href":"https:\/\/blog.zhaw.ch\/lehren-und-lernen\/wp-json\/wp\/v2\/tags?post=2616"},{"taxonomy":"features","embeddable":true,"href":"https:\/\/blog.zhaw.ch\/lehren-und-lernen\/wp-json\/wp\/v2\/features?post=2616"}],"curies":[{"name":"wp","href":"https:\/\/api.w.org\/{rel}","templated":true}]}}