{"id":2063,"date":"2022-12-08T11:39:01","date_gmt":"2022-12-08T10:39:01","guid":{"rendered":"https:\/\/blog.zhaw.ch\/lehren-und-lernen\/?p=2063"},"modified":"2024-08-09T09:49:09","modified_gmt":"2024-08-09T07:49:09","slug":"strategische-themenfoerderung-digitale-transformation-departement-lsfm-eine-zwischenbilanz","status":"publish","type":"post","link":"https:\/\/blog.zhaw.ch\/lehren-und-lernen\/strategische-themenfoerderung-digitale-transformation-departement-lsfm-eine-zwischenbilanz\/","title":{"rendered":"Strategische Themenf\u00f6rderung Digitale Transformation @ Departement LSFM \u2013 eine Zwischenbilanz"},"content":{"rendered":"\n<p>Ein Beitrag von <a href=\"https:\/\/www.zhaw.ch\/de\/ueber-uns\/person\/fihr\/\">Miriam Fischer<\/a><\/p>\n\n\n\n<p>Digitale Transformation formt neue Kompetenzen: Digital Literacy, Kollaboration, Komplexit\u00e4t navigieren, Kreativit\u00e4t, kritisches Hinterfragen, selbstgesteuertes Lernen und Self-Leadership, und auch die Multidimensionalit\u00e4t wird sp\u00fcrbar, bei der Menschen, R\u00e4ume und Prozesse auf vielf\u00e4ltige Art miteinander verwoben sind.&nbsp;Als Zwischenbilanz nach der dreij\u00e4hrigen strategischen Initiative \u00abDigitale Transformation @LSFM\u00bb wurden die Ergebnisse nun vor der n\u00e4chsten Etappe in einem Booklet festgehalten.<\/p>\n\n\n\n<!--more-->\n\n\n\n<p>2021 ging die dreij\u00e4hrige strategische Themenf\u00f6rderung \u00abDigitale Transformation @LSFM\u00bb zu Ende. Im Fokus stand die Vision, Mitarbeitende, Studierende und Weiterbildungsteilnehmende zu bef\u00e4higen, mit den digitalen Herausforderungen gesellschaftlicher und beruflicher Natur umzugehen, den digitalen Wandel aktiv mitzugestalten und kritisch zu reflektieren. Die Covid-19 Pandemie beschleunigte die angeregten Prozesse, doch fiel nun deutlich auf, wo verst\u00e4rkt Handlungsbedarf bestand. 2022 war es Zeit, die Erkenntnisse aufzuarbeiten und eine Standortbestimmung vorzunehmen: Wo stehen wir und wie k\u00f6nnte es weiter gehen? Nun liegt diese Standortbestimmung in Form eines <a href=\"https:\/\/www.zhaw.ch\/storage\/lsfm\/forschung\/digital-transformation\/ZHAW-LSFM-DigitalTransformation-Projektbericht.pdf\">Booklets<\/a> vor, das die Ergebnisse \u2013 sowohl digital wie auch auf Papier! \u2013 spiegelt. Im Rahmen der Themenf\u00f6rderung konnten zwischen 2019 und 2021 insgesamt 25 Projekte unterst\u00fctzt werden. <\/p>\n\n\n\n<p>Zu Beginn wurde mit internen und externen Beteiligten untersucht, welche F\u00e4higkeiten und Kompetenzen im Kontext der digitalen Transformation k\u00fcnftig mehr Bedeutung bek\u00e4men. Anschliessend wurde eruiert, welche Prozesse und Anpassungen n\u00f6tig w\u00fcrden, um die neuen F\u00e4higkeiten in den Dimensionen \u00abMenschen\u00bb, \u00abOrte\u00bb und \u00abProzesse\u00bb zu f\u00f6rdern und die ZHAW als zukunftsweisende Bildungsinstitution zu positionieren.<\/p>\n\n\n\n<h3 class=\"wp-block-heading\">3 \u2013 5 \u2013 7 : Drei Dimensionen, f\u00fcnf Handlungsfelder und sieben Kompetenzen<\/h3>\n\n\n\n<p>Aus den genannten Analysen kristallisierten sich aus den drei Dimensionen \u00abMenschen-Orte-Prozesse\u00bb f\u00fcnf Handlungsfelder sowie sieben k\u00fcnftige Kompetenzen oder *Future Skills* (Ehlers, 2000) heraus, in die ein Grossteil des Budgets hineinfloss, um den Wandel am Departement anzuregen. Als Future Skills wurden in den f\u00fcnf Handlungsfeldern Netzwerke und Kooperationen, Self-Leadership, Individualisierung, Coaching sowie Smart Campus und flexible R\u00e4ume die sieben Kompetenzbereiche Digital Literacy, Kollaboration, Komplexit\u00e4t navigieren, Kreativit\u00e4t, Kritisches Hinterfragen, Selbstgesteuertes Lernen und Self-Leadership identifiziert. \u00dcber 100 Personen aus dem Departement LSFM wurden auf unterschiedliche Weise involviert, und eine aktive Community von etwa 50 Personen bildete sich heraus.&nbsp;<\/p>\n\n\n\n<p>In der Folge wird eine kleine Auswahl der realisierten Projekte beschrieben. Weitere Informationen und die Projektdokumentationen finden sich im <a href=\"https:\/\/intra.zhaw.ch\/departemente\/life-sciences-facility-management\/ueber-uns-interne-projekte\/digitaltransformationlsfm\">Intranet<\/a>.<\/p>\n\n\n\n<figure class=\"wp-block-image size-full is-resized\"><img loading=\"lazy\" decoding=\"async\" src=\"https:\/\/blog.zhaw.ch\/lehren-und-lernen\/files\/2022\/12\/Bild1.png\" alt=\"\" class=\"wp-image-2066\" width=\"474\" height=\"465\" srcset=\"https:\/\/blog.zhaw.ch\/lehren-und-lernen\/files\/2022\/12\/Bild1.png 632w, https:\/\/blog.zhaw.ch\/lehren-und-lernen\/files\/2022\/12\/Bild1-300x294.png 300w, https:\/\/blog.zhaw.ch\/lehren-und-lernen\/files\/2022\/12\/Bild1-24x24.png 24w, https:\/\/blog.zhaw.ch\/lehren-und-lernen\/files\/2022\/12\/Bild1-48x48.png 48w\" sizes=\"auto, (max-width: 474px) 100vw, 474px\" \/><figcaption>Abb. 1: Darstellung der drei Dimensionen und f\u00fcnf Handlungsfelder <\/figcaption><\/figure>\n\n\n\n<div style=\"height:75px\" aria-hidden=\"true\" class=\"wp-block-spacer\"><\/div>\n\n\n\n<h2 class=\"wp-block-heading\">Die drei Dimensionen: Menschen &#8211; Orte &#8211; Prozesse<\/h2>\n\n\n\n<h3 class=\"wp-block-heading\">Der Mensch im Mittelpunkt<\/h3>\n\n\n\n<p>In der Dimension &#8222;Menschen&#8220; sollte sichtbar gemacht werden, welche Ver\u00e4nderungen bez\u00fcglich Kompetenzen und Rollen bei Studierenden und Mitarbeitenden des Departements durch die digitale Transformation festzustellen sind. Innerhalb der Handlungsfelder Self-Leadership, Individualisierung und Coaching wurde in diversen Projekten verschiedenen Fragen nachgegangen.<\/p>\n\n\n\n<p>Ein Projektteam befasste sich beispielsweise mit der ver\u00e4nderten Rolle der Lehrenden an der Hochschule. Der Paradigmenwechsel von der Lehrperson als Wissensvermittler:in hin zum Coach oder zum:r Lernbegleitenden im weiteren Sinn &#8211; &nbsp;etwas salopp formuliert der Wandel <em>vom Sage on the Stage<\/em> zum <em>Guide on the Side &#8211; <\/em>&nbsp;ist schon seit l\u00e4ngerem ein Thema. Das Projektteam wollte es nun genauer wissen und entwickelte f\u00fcr ihre Module zwei Szenarien inklusive Coaching-Leitfaden f\u00fcr Studierende und Lehrende, welche diese Rolle im Lehrsetting einnehmen wollen.<\/p>\n\n\n\n<figure class=\"wp-block-image size-large is-resized\"><img loading=\"lazy\" decoding=\"async\" src=\"https:\/\/blog.zhaw.ch\/lehren-und-lernen\/files\/2022\/12\/ZHAW-Digitale-Transformation-2021-8-1-1024x661.jpg\" alt=\"\" class=\"wp-image-2091\" width=\"768\" height=\"496\" srcset=\"https:\/\/blog.zhaw.ch\/lehren-und-lernen\/files\/2022\/12\/ZHAW-Digitale-Transformation-2021-8-1-1024x661.jpg 1024w, https:\/\/blog.zhaw.ch\/lehren-und-lernen\/files\/2022\/12\/ZHAW-Digitale-Transformation-2021-8-1-300x194.jpg 300w, https:\/\/blog.zhaw.ch\/lehren-und-lernen\/files\/2022\/12\/ZHAW-Digitale-Transformation-2021-8-1-768x496.jpg 768w, https:\/\/blog.zhaw.ch\/lehren-und-lernen\/files\/2022\/12\/ZHAW-Digitale-Transformation-2021-8-1-1536x992.jpg 1536w, https:\/\/blog.zhaw.ch\/lehren-und-lernen\/files\/2022\/12\/ZHAW-Digitale-Transformation-2021-8-1.jpg 1672w\" sizes=\"auto, (max-width: 768px) 100vw, 768px\" \/><\/figure>\n\n\n\n<h3 class=\"wp-block-heading\">Orte: Lernorte und R\u00e4ume<\/h3>\n\n\n\n<p>Die Dimension \u00abOrte\u00bb umfasste die ver\u00e4nderten Anforderungen an den Campus, an die Infrastruktur inklusive physischen und virtuellen Lern- und Arbeitsr\u00e4umen sowie deren Schnittstellen.<\/p>\n\n\n\n<p>Das Projekt \u00abSmart Learning Spaces\u00bb ging der Frage nach, wie multifunktionale R\u00e4ume aussehen, die einfach umfunktioniert werden k\u00f6nnen und das aktive Lernen und soziale Interaktion unterst\u00fctzen. Die R\u00e4ume an Hochschulen sind oft auf Frontalunterricht ausgerichtet, so auch bei uns. Mit der zunehmenden Digitalit\u00e4t der Lehre und der Weiterbildung mit neuen interaktiven virtuellen R\u00e4umen ist dieses Format aber nicht mehr so geeignet, um das zunehmend selbstgesteuerte Lernen in den verschiedenen Ausgestaltungen zu unterst\u00fctzen.\u00a0 Lernr\u00e4ume m\u00fcssen also neugestaltet und f\u00fcr andere Lehr- und Lernformate umfunktioniert werden k\u00f6nnen.\u00a0F\u00fcr Studierende, die sich physisch vor Ort treffen, ist es zudem nicht immer ersichtlich, in welchen R\u00e4umen sie Platz zum Arbeiten finden, ob einzeln oder in Gruppen. Das Projektteam hat deshalb einen Prototyp entwickelt, der es erlaubt, mittels Kamera und Sensoren die Anzahl anwesender Personen im Raum zu eruieren und auf einer App anzuzeigen. Auf diese Weise k\u00f6nnen Studierende im Geb\u00e4ude \u00fcber ihre App auf dem Smartphone freie Arbeitspl\u00e4tze finden. Wie dies geht, zeigt das folgende Video.<\/p>\n\n\n<figure class=\"wp-block-embed-youtube wp-block-embed is-type-video is-provider-youtube wp-embed-aspect-16-9 wp-has-aspect-ratio\"><div class=\"lyte-wrapper\" title=\"Smart Learning Spaces - Institut f&uuml;r Facility Management @ZHAW, W&auml;denswil\" style=\"width:640px;max-width:100%;margin:5px;\"><div class=\"lyMe\" id=\"WYL_6cMesdMxlMA\"><div id=\"lyte_6cMesdMxlMA\" data-src=\"https:\/\/blog.zhaw.ch\/lehren-und-lernen\/wp-content\/plugins\/wp-youtube-lyte\/lyteCache.php?origThumbUrl=https%3A%2F%2Fi.ytimg.com%2Fvi%2F6cMesdMxlMA%2Fhqdefault.jpg\" class=\"pL\"><div class=\"tC\"><div class=\"tT\">Smart Learning Spaces - Institut f\u00fcr Facility Management @ZHAW, W\u00e4denswil<\/div><\/div><div class=\"play\"><\/div><div class=\"ctrl\"><div class=\"Lctrl\"><\/div><div class=\"Rctrl\"><\/div><\/div><\/div><noscript><a href=\"https:\/\/youtu.be\/6cMesdMxlMA\" rel=\"nofollow\"><img loading=\"lazy\" decoding=\"async\" src=\"https:\/\/blog.zhaw.ch\/lehren-und-lernen\/wp-content\/plugins\/wp-youtube-lyte\/lyteCache.php?origThumbUrl=https%3A%2F%2Fi.ytimg.com%2Fvi%2F6cMesdMxlMA%2F0.jpg\" alt=\"Smart Learning Spaces - Institut f&uuml;r Facility Management @ZHAW, W&auml;denswil\" width=\"640\" height=\"340\" \/><br \/>Dieses Video auf YouTube ansehen<\/a><\/noscript><\/div><\/div><div class=\"lL\" style=\"max-width:100%;width:640px;margin:5px;\"><br\/><span class=\"lyte_disclaimer\">Defaulttext aus wp-youtube-lyte.php<\/span><\/div><figcaption><\/figcaption><\/figure>\n\n\n<div style=\"height:42px\" aria-hidden=\"true\" class=\"wp-block-spacer\"><\/div>\n\n\n\n<div class=\"wp-block-buttons is-layout-flex wp-block-buttons-is-layout-flex\">\n<div class=\"wp-block-button has-custom-width wp-block-button__width-50\"><a class=\"wp-block-button__link has-background\" href=\"https:\/\/blog.zhaw.ch\/lehren-und-lernen\/digitalisierung-im-labor-das-elektronische-laborjournal-eln\/\" style=\"background-color:#15eb47\"><br><strong>Weiteres Projekt<br>Digitalisierung im Labor<\/strong><br><br><\/a><\/div>\n<\/div>\n\n\n\n<div style=\"height:43px\" aria-hidden=\"true\" class=\"wp-block-spacer\"><\/div>\n\n\n\n<h3 class=\"wp-block-heading\">Prozesse im Wandel<\/h3>\n\n\n\n<p>In der Dimension \u00abProzesse\u00bb befassten sich die Projekte mit der Ver\u00e4nderung der Art und Weise, wie gelernt, gelehrt, geforscht und begleitet wird, und wie sich die Arbeitswelten generell transformieren. Hierbei wurde das Hauptaugenmerk auf die Handlungsfelder Netzwerke und Kooperationen gelegt.<\/p>\n\n\n\n<p>Ein Beispiel, welches die digitale Zusammenarbeit unter Studierenden international f\u00f6rdert, ist die COIL-Methode. Ein Ansatz, der von der State University in New York entwickelt und f\u00fcr mehrere Studieng\u00e4nge am Departements LSFM adaptiert wurde. Zentral ist hier die Verbindung von Internationalit\u00e4t und Digitalit\u00e4t, zwei Dimensionen, die nach der Pandemie f\u00fcr die Arbeitswelt, f\u00fcr Forschung und Lehre nicht mehr voneinander getrennt werden k\u00f6nnen.<\/p>\n\n\n\n<p>Im <a href=\"https:\/\/zhaw.mediaspace.cast.switch.ch\/media\/t\/0_z5f0rqg0\">Video<\/a> beschreibt der Projektleitende, wie die internationale Zusammenarbeit mit der Methode Sprint-COIL (Collaborative Online International Learning) mit einer Gruppe von BSc Studierenden im Modul \u00abR\u00e4umliche Entwicklung\u00bb des Bachelor-Studiengangs <a href=\"https:\/\/www.zhaw.ch\/de\/lsfm\/studium\/bachelor\/umweltingenieurwesen\/\">Umweltingenieurwesen<\/a> und Studierendengruppen aus Iran, Pakistan und Kirgisistan im Herbst 2021 durchgef\u00fchrt wurde.<\/p>\n\n\n\n<div class=\"wp-block-buttons is-layout-flex wp-block-buttons-is-layout-flex\">\n<div class=\"wp-block-button\"><a class=\"wp-block-button__link has-background\" href=\"https:\/\/miro.com\/app\/board\/uXjVO4F3H3M=\/?moveToWidget=3458764527651767636&amp;cot=14\" style=\"background-color:#05f521\">Kompetenzf\u00f6rderung im COIL-Setting<br>&#8222;The seven generic areas of competences&#8220;<\/a><\/div>\n<\/div>\n\n\n\n<div style=\"height:31px\" aria-hidden=\"true\" class=\"wp-block-spacer\"><\/div>\n\n\n\n<p>Nur wenige Projekte sind hier erw\u00e4hnt, dennoch gab es weitere sehr spannende Ans\u00e4tze und Konzepte, mit denen der Wandel in die Digitalit\u00e4t bearbeitet wurde. Es wurden vielversprechende Erkenntnisse gewonnen, die es in die Zukunft mitzutragen und weiterzuverfolgen gilt. Denn wenn eines sich nicht \u00e4ndert, dann ist es der Wandel, die Ver\u00e4nderung selbst. Eine vollst\u00e4ndige Liste mit Dokumentationen, Postern und vielem mehr findet sich im <a href=\"https:\/\/intra.zhaw.ch\/departemente\/life-sciences-facility-management\/ueber-uns-interne-projekte\/digitaltransformationlsfm\">Intranet<\/a>.<\/p>\n\n\n\n<figure class=\"wp-block-image size-large\"><img loading=\"lazy\" decoding=\"async\" width=\"1024\" height=\"576\" src=\"https:\/\/blog.zhaw.ch\/lehren-und-lernen\/files\/2022\/12\/ZHAW-Digitale-Transformation-2021-18-1024x576.jpg\" alt=\"\" class=\"wp-image-2090\" srcset=\"https:\/\/blog.zhaw.ch\/lehren-und-lernen\/files\/2022\/12\/ZHAW-Digitale-Transformation-2021-18-1024x576.jpg 1024w, https:\/\/blog.zhaw.ch\/lehren-und-lernen\/files\/2022\/12\/ZHAW-Digitale-Transformation-2021-18-300x169.jpg 300w, https:\/\/blog.zhaw.ch\/lehren-und-lernen\/files\/2022\/12\/ZHAW-Digitale-Transformation-2021-18-768x432.jpg 768w, https:\/\/blog.zhaw.ch\/lehren-und-lernen\/files\/2022\/12\/ZHAW-Digitale-Transformation-2021-18-1536x864.jpg 1536w, https:\/\/blog.zhaw.ch\/lehren-und-lernen\/files\/2022\/12\/ZHAW-Digitale-Transformation-2021-18.jpg 1920w\" sizes=\"auto, (max-width: 1024px) 100vw, 1024px\" \/><\/figure>\n\n\n\n<div style=\"height:32px\" aria-hidden=\"true\" class=\"wp-block-spacer\"><\/div>\n\n\n\n<h3 class=\"wp-block-heading\">Vorl\u00e4ufiges Fazit aus drei Jahren Transformation@Departement LSFM<\/h3>\n\n\n\n<p>Nach drei Jahren ist der Transformationsprozess noch nicht abgeschlossen, noch stehen die einzelnen Projektergebnisse isoliert wie kleine Inseln in der Landschaft, die es zu verbinden gilt. Es stellt sich die Frage, wie sich die gewonnen Erkenntnisse aus den Projekten zusammenf\u00fcgen lassen. Folgende \u00dcberlegungen stehen nun am Anfang einer weiteren Etappe. <\/p>\n\n\n\n<p><strong>Bottom-Up und Top-Down<\/strong><\/p>\n\n\n\n<p>Mit der Initiative ist eine Basis f\u00fcr eine multiperspektivische Community am Departement entstanden, die das Potenzial hat, skalierbare und nachhaltige Innovation voranzutreiben. Doch gen\u00fcgt der Bottom-Ansatz nicht, es braucht strategische Weichenstellungen und damit die Unterst\u00fctzung der Departementsleitung. Die Future Skills wurden zwar identifiziert, aber erst teilweise nachhaltig in bestehende Studieng\u00e4nge integriert.<\/p>\n\n\n\n<p><strong>Vernetzung von Menschen, Orten und Prozessen<\/strong><\/p>\n\n\n\n<p>Dank den definierten Handlungsfeldern konnten erste Schritte in Richtung digital transformiertes Departement erfolgen. Es fehlt noch die systematische Vernetzung der einzelnen Projektergebnisse.<\/p>\n\n\n\n<p><strong>Community rules<\/strong><\/p>\n\n\n\n<p>Eine besondere Herausforderung wird es sein, die Mitarbeitenden und Studierenden zu motivieren, sich aktiv zu engagieren und den Wandel mitzutragen. Der Aufbau und die Pflege einer Community erfordern Zeit und Engagement.<\/p>\n\n\n\n<p>Prozesse und Infrastruktur sind relativ starr, es braucht Zeit, Grenzen durchl\u00e4ssiger und flexibler zu gestalten. Ein agiles Vorgehen, bei dem stets aus dem aktuellen Stand heraus agiert werden kann, ist vielversprechend f\u00fcr eine erfolgreiche Transformation.<\/p>\n\n\n\n<h3 class=\"wp-block-heading\">Nach dem Projekt ist vor dem Projekt<\/h3>\n\n\n\n<p>Erneut gilt es in die Zukunft zu schauen! Die n\u00e4chste Transformationsetappe steht an. Mit dem Booklet zur strategischen Initiative am Departement LSFM liegt nun ein Zwischenbericht vor. Auf dem Hintergrund der dargelegten Ergebnisse aus dieser Transformationsetappe werden nun weitere Schritte vorbereitet, die es weiterhin erlauben, den Wandel zu gestalten und Akteure zu begleiten.<\/p>\n\n\n\n<p>Zun\u00e4chst sollen die Departementsziele hinsichtlich der digitalen Transformation \u00fcberpr\u00fcft und gegebenenfalls angepasst werden. Im Fokus steht dabei der digitale Reifegrad des Departements, die kundenorientierte Organisation und der Student Life Cycle. Dabei soll auch die bereichs\u00fcbergreifende Zusammenarbeit gef\u00f6rdert werden. Wir k\u00f6nnen auf weitere Entwicklungen gespannt sein!<\/p>\n\n\n\n<div class=\"wp-block-buttons is-layout-flex wp-block-buttons-is-layout-flex\">\n<div class=\"wp-block-button\"><a class=\"wp-block-button__link has-background\" href=\"https:\/\/www.zhaw.ch\/de\/lsfm\/forschung\/interdisziplinaere-zusammenarbeit\/digitale-transformation-zhaw-lsfm\/\" style=\"background-color:#10f431\">Website<br>Digitale Transformation@LSFM<\/a><\/div>\n\n\n\n<div class=\"wp-block-button is-style-fill\"><a class=\"wp-block-button__link has-background\" href=\"https:\/\/www.zhaw.ch\/storage\/lsfm\/forschung\/digital-transformation\/ZHAW-LSFM-DigitalTransformation-Projektbericht.pdf\" style=\"background-color:#0efc3d\">Booklet <br>Digital Transformation 2019-2022 <\/a><\/div>\n<\/div>\n\n\n\n<p><\/p>\n","protected":false},"excerpt":{"rendered":"<p>Digitale Transformation formt neue Kompetenzen: Digital Literacy, Kollaboration, Komplexit\u00e4t navigieren, Kreativit\u00e4t, kritisches Hinterfragen, selbstgesteuertes Lernen und Self-Leadership, und auch die Multidimensionalit\u00e4t wird sp\u00fcrbar, bei dem Menschen, R\u00e4ume und Prozesse auf vielf\u00e4ltige Art miteinander verwoben sind.\u00a0Als Zwischenbilanz nach der dreij\u00e4hrigen strategischen Initiative \u00abDigitale Transformation @LSFM\u00bb wurden die Ergebnisse nun vor der n\u00e4chsten Etappe in einem Booklet festgehalten.<\/p>\n","protected":false},"author":564,"featured_media":2087,"comment_status":"open","ping_status":"open","sticky":false,"template":"","format":"standard","meta":{"ngg_post_thumbnail":0,"footnotes":""},"categories":[1],"tags":[],"features":[],"class_list":["post-2063","post","type-post","status-publish","format-standard","has-post-thumbnail","hentry","category-allgemein"],"yoast_head":"<!-- This site is optimized with the Yoast SEO Premium plugin v27.2 (Yoast SEO v27.2) - https:\/\/yoast.com\/product\/yoast-seo-premium-wordpress\/ -->\n<title>Strategische Themenf\u00f6rderung Digitale Transformation @ Departement LSFM \u2013 eine Zwischenbilanz - Lehren und Lernen<\/title>\n<meta name=\"robots\" content=\"index, follow, max-snippet:-1, max-image-preview:large, max-video-preview:-1\" \/>\n<link rel=\"canonical\" href=\"https:\/\/blog.zhaw.ch\/lehren-und-lernen\/strategische-themenfoerderung-digitale-transformation-departement-lsfm-eine-zwischenbilanz\/\" \/>\n<meta property=\"og:locale\" content=\"de_DE\" \/>\n<meta property=\"og:type\" content=\"article\" \/>\n<meta property=\"og:title\" content=\"Strategische Themenf\u00f6rderung Digitale Transformation @ Departement LSFM \u2013 eine Zwischenbilanz\" \/>\n<meta property=\"og:description\" content=\"Digitale Transformation formt neue Kompetenzen: Digital Literacy, Kollaboration, Komplexit\u00e4t navigieren, Kreativit\u00e4t, kritisches Hinterfragen, selbstgesteuertes Lernen und Self-Leadership, und auch die Multidimensionalit\u00e4t wird sp\u00fcrbar, bei dem Menschen, R\u00e4ume und Prozesse auf vielf\u00e4ltige Art miteinander verwoben sind.\u00a0Als Zwischenbilanz nach der dreij\u00e4hrigen strategischen Initiative \u00abDigitale Transformation @LSFM\u00bb wurden die Ergebnisse nun vor der n\u00e4chsten Etappe in einem Booklet festgehalten.\" \/>\n<meta property=\"og:url\" content=\"https:\/\/blog.zhaw.ch\/lehren-und-lernen\/strategische-themenfoerderung-digitale-transformation-departement-lsfm-eine-zwischenbilanz\/\" \/>\n<meta property=\"og:site_name\" content=\"Lehren und Lernen\" \/>\n<meta property=\"article:published_time\" content=\"2022-12-08T10:39:01+00:00\" \/>\n<meta property=\"article:modified_time\" content=\"2024-08-09T07:49:09+00:00\" \/>\n<meta property=\"og:image\" content=\"https:\/\/blog.zhaw.ch\/lehren-und-lernen\/files\/2022\/12\/digitalitaet_symbolbild.png\" \/>\n\t<meta property=\"og:image:width\" content=\"752\" \/>\n\t<meta property=\"og:image:height\" content=\"504\" \/>\n\t<meta property=\"og:image:type\" content=\"image\/png\" \/>\n<meta name=\"author\" content=\"scnw\" \/>\n<meta name=\"twitter:card\" content=\"summary_large_image\" \/>\n<meta name=\"twitter:label1\" content=\"Verfasst von\" \/>\n\t<meta name=\"twitter:data1\" content=\"scnw\" \/>\n\t<meta name=\"twitter:label2\" content=\"Gesch\u00e4tzte Lesezeit\" \/>\n\t<meta name=\"twitter:data2\" content=\"7\u00a0Minuten\" \/>\n<script type=\"application\/ld+json\" class=\"yoast-schema-graph\">{\"@context\":\"https:\/\/schema.org\",\"@graph\":[{\"@type\":\"Article\",\"@id\":\"https:\/\/blog.zhaw.ch\/lehren-und-lernen\/strategische-themenfoerderung-digitale-transformation-departement-lsfm-eine-zwischenbilanz\/#article\",\"isPartOf\":{\"@id\":\"https:\/\/blog.zhaw.ch\/lehren-und-lernen\/strategische-themenfoerderung-digitale-transformation-departement-lsfm-eine-zwischenbilanz\/\"},\"author\":{\"name\":\"scnw\",\"@id\":\"https:\/\/blog.zhaw.ch\/lehren-und-lernen\/#\/schema\/person\/e82c5f15f44d6db52a129216f647af1e\"},\"headline\":\"Strategische Themenf\u00f6rderung Digitale Transformation @ Departement LSFM \u2013 eine Zwischenbilanz\",\"datePublished\":\"2022-12-08T10:39:01+00:00\",\"dateModified\":\"2024-08-09T07:49:09+00:00\",\"mainEntityOfPage\":{\"@id\":\"https:\/\/blog.zhaw.ch\/lehren-und-lernen\/strategische-themenfoerderung-digitale-transformation-departement-lsfm-eine-zwischenbilanz\/\"},\"wordCount\":1314,\"commentCount\":0,\"image\":{\"@id\":\"https:\/\/blog.zhaw.ch\/lehren-und-lernen\/strategische-themenfoerderung-digitale-transformation-departement-lsfm-eine-zwischenbilanz\/#primaryimage\"},\"thumbnailUrl\":\"https:\/\/blog.zhaw.ch\/lehren-und-lernen\/files\/2022\/12\/digitalitaet_symbolbild.png\",\"inLanguage\":\"de\",\"potentialAction\":[{\"@type\":\"CommentAction\",\"name\":\"Comment\",\"target\":[\"https:\/\/blog.zhaw.ch\/lehren-und-lernen\/strategische-themenfoerderung-digitale-transformation-departement-lsfm-eine-zwischenbilanz\/#respond\"]}]},{\"@type\":\"WebPage\",\"@id\":\"https:\/\/blog.zhaw.ch\/lehren-und-lernen\/strategische-themenfoerderung-digitale-transformation-departement-lsfm-eine-zwischenbilanz\/\",\"url\":\"https:\/\/blog.zhaw.ch\/lehren-und-lernen\/strategische-themenfoerderung-digitale-transformation-departement-lsfm-eine-zwischenbilanz\/\",\"name\":\"Strategische Themenf\u00f6rderung Digitale Transformation @ Departement LSFM \u2013 eine Zwischenbilanz - Lehren und Lernen\",\"isPartOf\":{\"@id\":\"https:\/\/blog.zhaw.ch\/lehren-und-lernen\/#website\"},\"primaryImageOfPage\":{\"@id\":\"https:\/\/blog.zhaw.ch\/lehren-und-lernen\/strategische-themenfoerderung-digitale-transformation-departement-lsfm-eine-zwischenbilanz\/#primaryimage\"},\"image\":{\"@id\":\"https:\/\/blog.zhaw.ch\/lehren-und-lernen\/strategische-themenfoerderung-digitale-transformation-departement-lsfm-eine-zwischenbilanz\/#primaryimage\"},\"thumbnailUrl\":\"https:\/\/blog.zhaw.ch\/lehren-und-lernen\/files\/2022\/12\/digitalitaet_symbolbild.png\",\"datePublished\":\"2022-12-08T10:39:01+00:00\",\"dateModified\":\"2024-08-09T07:49:09+00:00\",\"author\":{\"@id\":\"https:\/\/blog.zhaw.ch\/lehren-und-lernen\/#\/schema\/person\/e82c5f15f44d6db52a129216f647af1e\"},\"breadcrumb\":{\"@id\":\"https:\/\/blog.zhaw.ch\/lehren-und-lernen\/strategische-themenfoerderung-digitale-transformation-departement-lsfm-eine-zwischenbilanz\/#breadcrumb\"},\"inLanguage\":\"de\",\"potentialAction\":[{\"@type\":\"ReadAction\",\"target\":[\"https:\/\/blog.zhaw.ch\/lehren-und-lernen\/strategische-themenfoerderung-digitale-transformation-departement-lsfm-eine-zwischenbilanz\/\"]}]},{\"@type\":\"ImageObject\",\"inLanguage\":\"de\",\"@id\":\"https:\/\/blog.zhaw.ch\/lehren-und-lernen\/strategische-themenfoerderung-digitale-transformation-departement-lsfm-eine-zwischenbilanz\/#primaryimage\",\"url\":\"https:\/\/blog.zhaw.ch\/lehren-und-lernen\/files\/2022\/12\/digitalitaet_symbolbild.png\",\"contentUrl\":\"https:\/\/blog.zhaw.ch\/lehren-und-lernen\/files\/2022\/12\/digitalitaet_symbolbild.png\",\"width\":752,\"height\":504},{\"@type\":\"BreadcrumbList\",\"@id\":\"https:\/\/blog.zhaw.ch\/lehren-und-lernen\/strategische-themenfoerderung-digitale-transformation-departement-lsfm-eine-zwischenbilanz\/#breadcrumb\",\"itemListElement\":[{\"@type\":\"ListItem\",\"position\":1,\"name\":\"Startseite\",\"item\":\"https:\/\/blog.zhaw.ch\/lehren-und-lernen\/\"},{\"@type\":\"ListItem\",\"position\":2,\"name\":\"Strategische Themenf\u00f6rderung Digitale Transformation @ Departement LSFM \u2013 eine Zwischenbilanz\"}]},{\"@type\":\"WebSite\",\"@id\":\"https:\/\/blog.zhaw.ch\/lehren-und-lernen\/#website\",\"url\":\"https:\/\/blog.zhaw.ch\/lehren-und-lernen\/\",\"name\":\"Lehren und Lernen\",\"description\":\"Ein Blog der ZHAW Z\u00fcrcher Hochschule f\u00fcr Angewandte Wissenschaften\",\"potentialAction\":[{\"@type\":\"SearchAction\",\"target\":{\"@type\":\"EntryPoint\",\"urlTemplate\":\"https:\/\/blog.zhaw.ch\/lehren-und-lernen\/?s={search_term_string}\"},\"query-input\":{\"@type\":\"PropertyValueSpecification\",\"valueRequired\":true,\"valueName\":\"search_term_string\"}}],\"inLanguage\":\"de\"},{\"@type\":\"Person\",\"@id\":\"https:\/\/blog.zhaw.ch\/lehren-und-lernen\/#\/schema\/person\/e82c5f15f44d6db52a129216f647af1e\",\"name\":\"scnw\",\"image\":{\"@type\":\"ImageObject\",\"inLanguage\":\"de\",\"@id\":\"https:\/\/secure.gravatar.com\/avatar\/772dce3a8a394121fb0f9c458e5e8060e2ac57eee5e52648f20e24b50f814ad4?s=96&d=mm&r=g\",\"url\":\"https:\/\/secure.gravatar.com\/avatar\/772dce3a8a394121fb0f9c458e5e8060e2ac57eee5e52648f20e24b50f814ad4?s=96&d=mm&r=g\",\"contentUrl\":\"https:\/\/secure.gravatar.com\/avatar\/772dce3a8a394121fb0f9c458e5e8060e2ac57eee5e52648f20e24b50f814ad4?s=96&d=mm&r=g\",\"caption\":\"scnw\"},\"url\":\"https:\/\/blog.zhaw.ch\/lehren-und-lernen\/author\/scnw\/\"}]}<\/script>\n<!-- \/ Yoast SEO Premium plugin. -->","yoast_head_json":{"title":"Strategische Themenf\u00f6rderung Digitale Transformation @ Departement LSFM \u2013 eine Zwischenbilanz - Lehren und Lernen","robots":{"index":"index","follow":"follow","max-snippet":"max-snippet:-1","max-image-preview":"max-image-preview:large","max-video-preview":"max-video-preview:-1"},"canonical":"https:\/\/blog.zhaw.ch\/lehren-und-lernen\/strategische-themenfoerderung-digitale-transformation-departement-lsfm-eine-zwischenbilanz\/","og_locale":"de_DE","og_type":"article","og_title":"Strategische Themenf\u00f6rderung Digitale Transformation @ Departement LSFM \u2013 eine Zwischenbilanz","og_description":"Digitale Transformation formt neue Kompetenzen: Digital Literacy, Kollaboration, Komplexit\u00e4t navigieren, Kreativit\u00e4t, kritisches Hinterfragen, selbstgesteuertes Lernen und Self-Leadership, und auch die Multidimensionalit\u00e4t wird sp\u00fcrbar, bei dem Menschen, R\u00e4ume und Prozesse auf vielf\u00e4ltige Art miteinander verwoben sind.\u00a0Als Zwischenbilanz nach der dreij\u00e4hrigen strategischen Initiative \u00abDigitale Transformation @LSFM\u00bb wurden die Ergebnisse nun vor der n\u00e4chsten Etappe in einem Booklet festgehalten.","og_url":"https:\/\/blog.zhaw.ch\/lehren-und-lernen\/strategische-themenfoerderung-digitale-transformation-departement-lsfm-eine-zwischenbilanz\/","og_site_name":"Lehren und Lernen","article_published_time":"2022-12-08T10:39:01+00:00","article_modified_time":"2024-08-09T07:49:09+00:00","og_image":[{"width":752,"height":504,"url":"https:\/\/blog.zhaw.ch\/lehren-und-lernen\/files\/2022\/12\/digitalitaet_symbolbild.png","type":"image\/png"}],"author":"scnw","twitter_card":"summary_large_image","twitter_misc":{"Verfasst von":"scnw","Gesch\u00e4tzte Lesezeit":"7\u00a0Minuten"},"schema":{"@context":"https:\/\/schema.org","@graph":[{"@type":"Article","@id":"https:\/\/blog.zhaw.ch\/lehren-und-lernen\/strategische-themenfoerderung-digitale-transformation-departement-lsfm-eine-zwischenbilanz\/#article","isPartOf":{"@id":"https:\/\/blog.zhaw.ch\/lehren-und-lernen\/strategische-themenfoerderung-digitale-transformation-departement-lsfm-eine-zwischenbilanz\/"},"author":{"name":"scnw","@id":"https:\/\/blog.zhaw.ch\/lehren-und-lernen\/#\/schema\/person\/e82c5f15f44d6db52a129216f647af1e"},"headline":"Strategische Themenf\u00f6rderung Digitale Transformation @ Departement LSFM \u2013 eine Zwischenbilanz","datePublished":"2022-12-08T10:39:01+00:00","dateModified":"2024-08-09T07:49:09+00:00","mainEntityOfPage":{"@id":"https:\/\/blog.zhaw.ch\/lehren-und-lernen\/strategische-themenfoerderung-digitale-transformation-departement-lsfm-eine-zwischenbilanz\/"},"wordCount":1314,"commentCount":0,"image":{"@id":"https:\/\/blog.zhaw.ch\/lehren-und-lernen\/strategische-themenfoerderung-digitale-transformation-departement-lsfm-eine-zwischenbilanz\/#primaryimage"},"thumbnailUrl":"https:\/\/blog.zhaw.ch\/lehren-und-lernen\/files\/2022\/12\/digitalitaet_symbolbild.png","inLanguage":"de","potentialAction":[{"@type":"CommentAction","name":"Comment","target":["https:\/\/blog.zhaw.ch\/lehren-und-lernen\/strategische-themenfoerderung-digitale-transformation-departement-lsfm-eine-zwischenbilanz\/#respond"]}]},{"@type":"WebPage","@id":"https:\/\/blog.zhaw.ch\/lehren-und-lernen\/strategische-themenfoerderung-digitale-transformation-departement-lsfm-eine-zwischenbilanz\/","url":"https:\/\/blog.zhaw.ch\/lehren-und-lernen\/strategische-themenfoerderung-digitale-transformation-departement-lsfm-eine-zwischenbilanz\/","name":"Strategische Themenf\u00f6rderung Digitale Transformation @ Departement LSFM \u2013 eine Zwischenbilanz - Lehren und Lernen","isPartOf":{"@id":"https:\/\/blog.zhaw.ch\/lehren-und-lernen\/#website"},"primaryImageOfPage":{"@id":"https:\/\/blog.zhaw.ch\/lehren-und-lernen\/strategische-themenfoerderung-digitale-transformation-departement-lsfm-eine-zwischenbilanz\/#primaryimage"},"image":{"@id":"https:\/\/blog.zhaw.ch\/lehren-und-lernen\/strategische-themenfoerderung-digitale-transformation-departement-lsfm-eine-zwischenbilanz\/#primaryimage"},"thumbnailUrl":"https:\/\/blog.zhaw.ch\/lehren-und-lernen\/files\/2022\/12\/digitalitaet_symbolbild.png","datePublished":"2022-12-08T10:39:01+00:00","dateModified":"2024-08-09T07:49:09+00:00","author":{"@id":"https:\/\/blog.zhaw.ch\/lehren-und-lernen\/#\/schema\/person\/e82c5f15f44d6db52a129216f647af1e"},"breadcrumb":{"@id":"https:\/\/blog.zhaw.ch\/lehren-und-lernen\/strategische-themenfoerderung-digitale-transformation-departement-lsfm-eine-zwischenbilanz\/#breadcrumb"},"inLanguage":"de","potentialAction":[{"@type":"ReadAction","target":["https:\/\/blog.zhaw.ch\/lehren-und-lernen\/strategische-themenfoerderung-digitale-transformation-departement-lsfm-eine-zwischenbilanz\/"]}]},{"@type":"ImageObject","inLanguage":"de","@id":"https:\/\/blog.zhaw.ch\/lehren-und-lernen\/strategische-themenfoerderung-digitale-transformation-departement-lsfm-eine-zwischenbilanz\/#primaryimage","url":"https:\/\/blog.zhaw.ch\/lehren-und-lernen\/files\/2022\/12\/digitalitaet_symbolbild.png","contentUrl":"https:\/\/blog.zhaw.ch\/lehren-und-lernen\/files\/2022\/12\/digitalitaet_symbolbild.png","width":752,"height":504},{"@type":"BreadcrumbList","@id":"https:\/\/blog.zhaw.ch\/lehren-und-lernen\/strategische-themenfoerderung-digitale-transformation-departement-lsfm-eine-zwischenbilanz\/#breadcrumb","itemListElement":[{"@type":"ListItem","position":1,"name":"Startseite","item":"https:\/\/blog.zhaw.ch\/lehren-und-lernen\/"},{"@type":"ListItem","position":2,"name":"Strategische Themenf\u00f6rderung Digitale Transformation @ Departement LSFM \u2013 eine Zwischenbilanz"}]},{"@type":"WebSite","@id":"https:\/\/blog.zhaw.ch\/lehren-und-lernen\/#website","url":"https:\/\/blog.zhaw.ch\/lehren-und-lernen\/","name":"Lehren und Lernen","description":"Ein Blog der ZHAW Z\u00fcrcher Hochschule f\u00fcr Angewandte Wissenschaften","potentialAction":[{"@type":"SearchAction","target":{"@type":"EntryPoint","urlTemplate":"https:\/\/blog.zhaw.ch\/lehren-und-lernen\/?s={search_term_string}"},"query-input":{"@type":"PropertyValueSpecification","valueRequired":true,"valueName":"search_term_string"}}],"inLanguage":"de"},{"@type":"Person","@id":"https:\/\/blog.zhaw.ch\/lehren-und-lernen\/#\/schema\/person\/e82c5f15f44d6db52a129216f647af1e","name":"scnw","image":{"@type":"ImageObject","inLanguage":"de","@id":"https:\/\/secure.gravatar.com\/avatar\/772dce3a8a394121fb0f9c458e5e8060e2ac57eee5e52648f20e24b50f814ad4?s=96&d=mm&r=g","url":"https:\/\/secure.gravatar.com\/avatar\/772dce3a8a394121fb0f9c458e5e8060e2ac57eee5e52648f20e24b50f814ad4?s=96&d=mm&r=g","contentUrl":"https:\/\/secure.gravatar.com\/avatar\/772dce3a8a394121fb0f9c458e5e8060e2ac57eee5e52648f20e24b50f814ad4?s=96&d=mm&r=g","caption":"scnw"},"url":"https:\/\/blog.zhaw.ch\/lehren-und-lernen\/author\/scnw\/"}]}},"_links":{"self":[{"href":"https:\/\/blog.zhaw.ch\/lehren-und-lernen\/wp-json\/wp\/v2\/posts\/2063","targetHints":{"allow":["GET"]}}],"collection":[{"href":"https:\/\/blog.zhaw.ch\/lehren-und-lernen\/wp-json\/wp\/v2\/posts"}],"about":[{"href":"https:\/\/blog.zhaw.ch\/lehren-und-lernen\/wp-json\/wp\/v2\/types\/post"}],"author":[{"embeddable":true,"href":"https:\/\/blog.zhaw.ch\/lehren-und-lernen\/wp-json\/wp\/v2\/users\/564"}],"replies":[{"embeddable":true,"href":"https:\/\/blog.zhaw.ch\/lehren-und-lernen\/wp-json\/wp\/v2\/comments?post=2063"}],"version-history":[{"count":29,"href":"https:\/\/blog.zhaw.ch\/lehren-und-lernen\/wp-json\/wp\/v2\/posts\/2063\/revisions"}],"predecessor-version":[{"id":2098,"href":"https:\/\/blog.zhaw.ch\/lehren-und-lernen\/wp-json\/wp\/v2\/posts\/2063\/revisions\/2098"}],"wp:featuredmedia":[{"embeddable":true,"href":"https:\/\/blog.zhaw.ch\/lehren-und-lernen\/wp-json\/wp\/v2\/media\/2087"}],"wp:attachment":[{"href":"https:\/\/blog.zhaw.ch\/lehren-und-lernen\/wp-json\/wp\/v2\/media?parent=2063"}],"wp:term":[{"taxonomy":"category","embeddable":true,"href":"https:\/\/blog.zhaw.ch\/lehren-und-lernen\/wp-json\/wp\/v2\/categories?post=2063"},{"taxonomy":"post_tag","embeddable":true,"href":"https:\/\/blog.zhaw.ch\/lehren-und-lernen\/wp-json\/wp\/v2\/tags?post=2063"},{"taxonomy":"features","embeddable":true,"href":"https:\/\/blog.zhaw.ch\/lehren-und-lernen\/wp-json\/wp\/v2\/features?post=2063"}],"curies":[{"name":"wp","href":"https:\/\/api.w.org\/{rel}","templated":true}]}}