{"id":1696,"date":"2022-01-06T08:45:21","date_gmt":"2022-01-06T07:45:21","guid":{"rendered":"https:\/\/blog.zhaw.ch\/lehren-und-lernen\/?p=1696"},"modified":"2022-01-06T08:45:22","modified_gmt":"2022-01-06T07:45:22","slug":"fernunterricht-neues-normal-oder-corona-nebeneffekt","status":"publish","type":"post","link":"https:\/\/blog.zhaw.ch\/lehren-und-lernen\/fernunterricht-neues-normal-oder-corona-nebeneffekt\/","title":{"rendered":"Fernunterricht: Neues Normal oder Corona-Nebeneffekt?"},"content":{"rendered":"\n<p>Ein Beitrag von <a href=\"https:\/\/www.zhaw.ch\/de\/ueber-uns\/person\/scpt\/\" data-type=\"URL\" data-id=\"https:\/\/www.zhaw.ch\/de\/ueber-uns\/person\/scpt\/\">Thomas Schl\u00e4pfer<\/a><\/p>\n\n\n\n<p>Seit Beginn der Pandemie hat sich die Digitalisierung an der ZHAW stark beschleunigt \u2013 so auch in der Lehre. Aufgrund der pl\u00f6tzlichen Umstellung mussten sich Dozierende sowie Studierende im Eiltempo auf das neue Umfeld einstellen. Heute findet der Unterricht grunds\u00e4tzlich wieder vor Ort statt. Doch viele w\u00fcnschen sich kein Zur\u00fcck mehr in die Zeit vor der Pandemie.<\/p>\n\n\n\n<!--more-->\n\n\n\n<h3 class=\"wp-block-heading\"><strong>Selbstbestimmung durch digitales Setting<\/strong><\/h3>\n\n\n\n<p>Manuela K\u00e4ppeli, Dozentin und Leiterin der Fachstelle Qualit\u00e4tsentwicklung und Digital Campus am ZHAW Departement Soziale Arbeit, sieht im Fernunterricht unterschiedliche Chancen. F\u00fcr sie sollen Studierende vor allem dank dem digitalen Setting im selbstregulierten Lernen gef\u00f6rdert werden. So k\u00f6nnen Studierende online den Zeitpunkt und das Tempo der Lerninhalte selbst bestimmen. \u00abDurch die orts- und zeitunabh\u00e4ngigen Lehr- und Lernsettings kann ein wichtiger Beitrag zur Vereinbarkeit von Beruf, Familie, Freizeit und Ausbildung oder Weiterbildung geleistet werden\u00bb, so K\u00e4ppeli. \u00abZudem zeigen interne Umfragen vom Departement Soziale Arbeit, dass Studierende insbesondere bei Wissensvermittlungen im digitalen Raum positive Lernerfahrungen machen<a>\u00bb<\/a>, f\u00fchrt K\u00e4ppeli weiter aus. <\/p>\n\n\n\n<blockquote class=\"wp-block-quote has-text-align-left is-layout-flow wp-block-quote-is-layout-flow\"><p><strong>\u00abDurch die orts- und zeitunabh\u00e4ngigen Lehr- und Lernsettings kann ein wichtiger Beitrag zur Vereinbarkeit von Beruf, Familie, Freizeit und Ausbildung oder Weiterbildung geleistet werden\u00bb <\/strong><\/p><cite>Manuela K\u00e4ppeli<\/cite><\/blockquote>\n\n\n\n<p>Jedoch eignen sich auch nicht alle Inhalte f\u00fcr das Online-Format. So gestaltet sich grunds\u00e4tzlich die Interaktion und Kommunikation im digitalen Setting schwieriger. Studierende m\u00fcssen aktiv und direkt mit einbezogen werden. \u00abDie internen Umfragen weisen zudem darauf hin, dass sich die Studierenden im digitalen Setting oft nicht motiviert f\u00fchlen\u00bb, erkl\u00e4rt K\u00e4ppeli und warnt davor, die Bedeutung der Hochschule als Sozialisationsort zu untersch\u00e4tzen: \u00abNebst den inhaltlichen Kompetenzen ist der Begegnungsort Hochschule f\u00fcr die Studierenden im Rahmen des Studiums zentral!\u00bb<\/p>\n\n\n\n<h3 class=\"wp-block-heading\"><strong>Kompetenzen einer neuen Arbeitswelt<\/strong><\/h3>\n\n\n\n<p>Der Meinung, dass flexible Lernformen die Zukunft sind, ist auch Miriam Fischer, Verantwortliche E-Didaktik am ZHAW Departement Soziale Arbeit. Sie sieht vor allem in den zu erlernenden Kompetenzen und F\u00e4higkeiten eine Herausforderung, aber auch eine grosse Chance. Sich diese anzueignen, bedeute f\u00fcr viele Dozierende einen anf\u00e4nglichen Initialaufwand, der sich aber langfristig auszahlt. Dozierende lernen auf organisatorische, technische oder motivationale Aspekte zu achten. So werden Gestalten, Initiieren und Begleiten zunehmend wichtiger. \u00abMan kann nicht das Bisherige 1:1 ins Digitale \u00fcbertragen. Es werden vielmehr neue Formen des Lehrens und Lernens wichtig und n\u00f6tig werden\u00bb, so Fischer.<\/p>\n\n\n\n<blockquote class=\"wp-block-quote is-layout-flow wp-block-quote-is-layout-flow\"><p><strong>\u00abDiese F\u00e4higkeiten und Kompetenzen sind klar eine Anforderung der neuen Arbeitswelt\u00bb <\/strong><\/p><cite>Miriam Fischer<\/cite><\/blockquote>\n\n\n\n<p>Dies ben\u00f6tige viel Zeit und den Mut, eine neue Entwicklung anzugehen. So haben sich die Dozierenden im Fernunterricht gezwungenermassen mit neuen digitalen und didaktischen Kompetenzen auseinandergesetzt. \u00abDiese F\u00e4higkeiten und Kompetenzen sind klar eine Anforderung der neuen Arbeitswelt\u00bb, erkl\u00e4rt Fischer. Damit Dozierende diese neue Entwicklung angehen k\u00f6nnen, ist die Unterst\u00fctzung seitens Studiengangleitungen oder Weiterbildungsverantwortlichen in Form von Rahmenbedingungen und Supportleistungen wichtig. Deswegen ermutigt Fischer Dozierende sich diese Zeit zu nehmen: \u00abSeid mutig. Es gibt andere Methoden und neue Kompetenzen, die es erm\u00f6glichen, sich geschickt im digitalen Raum zu bewegen\u00bb.<\/p>\n\n\n\n<h3 class=\"wp-block-heading\"><strong>5 Tipps f\u00fcr erfolgreichen Fernunterricht von Manuela K\u00e4ppeli, Dozentin und Leiterin der Fachstelle Qualit\u00e4tsentwicklung und Digital Campus am Departement Soziale Arbeit<\/strong><\/h3>\n\n\n\n<div class=\"wp-block-group\"><div class=\"wp-block-group__inner-container is-layout-flow wp-block-group-is-layout-flow\">\n<ul class=\"has-pale-cyan-blue-background-color has-background wp-block-list\"><li>Planen Sie eine gute Mischung aus synchronen und asynchronen Elementen in digitalen Settings ein, um Abwechslung zu gew\u00e4hrleisten. So kann die Aufmerksamkeitsspanne der Studierenden positiv beeinflusst werden.<br><\/li><li>Passen Sie Ihre Inhalte an das digitale Setting an. \u00dcberlegen Sie dabei, welche Inhalte sich f\u00fcr welche Settings am besten eignen. Positive Lernerfahrungen machen Studierende insbesondere bei Wissensvermittlungen im digitalen Setting. Eine 1:1 \u00dcbertragung des Onsite-Unterrichts ins digitale Setting ist nicht zu empfehlen.<br><\/li><li>Planen Sie gen\u00fcgend zeitliche Ressourcen ein f\u00fcr die Umstellung auf digitale Settings. Es ist in den meisten F\u00e4llen ein Initialaufwand notwendig, um die digitalen Settings optimal zu gestalten.<br><\/li><li>W\u00e4hlen Sie Settings, die Studierende im digitalen Raum konkret einbeziehen. \u00dcbergeben Sie den Studierenden konkrete Rollen in digitalen Settings (Bedienen des Chats, um Fragen zu sammeln etc.). Dies f\u00f6rdert die Motivation der Studierenden und animiert sie, aktiv am Unterricht teilzunehmen.<br><\/li><li>Haben Sie den Mut mit neuen Formaten zu experimentieren. Dabei k\u00f6nnen es einfache Elemente sein. Meist sind extravagante, digital komplexe Formate f\u00fcr die Studierenden eher schwierig. Die Settings m\u00fcssen nicht von Anfang an perfekt laufen. Experimentieren erlauben \u2013 ohne zu hohe Erwartungen an Perfektion zu haben.<\/li><\/ul>\n<\/div><\/div>\n\n\n\n<p class=\"has-black-color has-text-color\">Weitere Informationen zu Best-Practice-Erfahrungen und Hintergrundwissen in der digitalen Lehre sowie Tipps und Tricks f\u00fcr die didaktische und technische Gestaltung von Lehr- und Lerninhalten gibt es auf <span class=\"has-inline-color has-black-color\"> \u00ab<a href=\"https:\/\/blog.zhaw.ch\/digitalsozial\/\">digital &amp; sozial<\/a>\u00bb, <\/span>dem Blog des Departements Soziale Arbeit.<\/p>\n\n\n\n<p>Foto: Philippe Bout\/unsplash<\/p>\n","protected":false},"excerpt":{"rendered":"<p>Ein Beitrag von Thomas Schl\u00e4pfer Seit Beginn der Pandemie hat sich die Digitalisierung an der ZHAW stark beschleunigt \u2013 so auch in der Lehre. Aufgrund der pl\u00f6tzlichen Umstellung mussten sich Dozierende sowie Studierende im Eiltempo auf das neue Umfeld einstellen. Heute findet der Unterricht grunds\u00e4tzlich wieder vor Ort statt. Doch viele w\u00fcnschen sich kein Zur\u00fcck [&hellip;]<\/p>\n","protected":false},"author":564,"featured_media":1707,"comment_status":"open","ping_status":"open","sticky":false,"template":"","format":"standard","meta":{"ngg_post_thumbnail":0,"footnotes":""},"categories":[17,3,32],"tags":[],"features":[],"class_list":["post-1696","post","type-post","status-publish","format-standard","has-post-thumbnail","hentry","category-digitalisierung-ki","category-lehrformate-und-unterrichtsmodelle","category-lernstrategien"],"yoast_head":"<!-- This site is optimized with the Yoast SEO Premium plugin v27.2 (Yoast SEO v27.2) - https:\/\/yoast.com\/product\/yoast-seo-premium-wordpress\/ -->\n<title>Fernunterricht: Neues Normal oder Corona-Nebeneffekt? - Lehren und Lernen<\/title>\n<meta name=\"robots\" content=\"index, follow, max-snippet:-1, max-image-preview:large, max-video-preview:-1\" \/>\n<link rel=\"canonical\" href=\"https:\/\/blog.zhaw.ch\/lehren-und-lernen\/fernunterricht-neues-normal-oder-corona-nebeneffekt\/\" \/>\n<meta property=\"og:locale\" content=\"de_DE\" \/>\n<meta property=\"og:type\" content=\"article\" \/>\n<meta property=\"og:title\" content=\"Fernunterricht: Neues Normal oder Corona-Nebeneffekt?\" \/>\n<meta property=\"og:description\" content=\"Ein Beitrag von Thomas Schl\u00e4pfer Seit Beginn der Pandemie hat sich die Digitalisierung an der ZHAW stark beschleunigt \u2013 so auch in der Lehre. Aufgrund der pl\u00f6tzlichen Umstellung mussten sich Dozierende sowie Studierende im Eiltempo auf das neue Umfeld einstellen. Heute findet der Unterricht grunds\u00e4tzlich wieder vor Ort statt. Doch viele w\u00fcnschen sich kein Zur\u00fcck [&hellip;]\" \/>\n<meta property=\"og:url\" content=\"https:\/\/blog.zhaw.ch\/lehren-und-lernen\/fernunterricht-neues-normal-oder-corona-nebeneffekt\/\" \/>\n<meta property=\"og:site_name\" content=\"Lehren und Lernen\" \/>\n<meta property=\"article:published_time\" content=\"2022-01-06T07:45:21+00:00\" \/>\n<meta property=\"article:modified_time\" content=\"2022-01-06T07:45:22+00:00\" \/>\n<meta property=\"og:image\" content=\"https:\/\/blog.zhaw.ch\/lehren-und-lernen\/files\/2022\/01\/Teaserbild-Fernuntericht.jpg\" \/>\n\t<meta property=\"og:image:width\" content=\"1773\" \/>\n\t<meta property=\"og:image:height\" content=\"1182\" \/>\n\t<meta property=\"og:image:type\" content=\"image\/jpeg\" \/>\n<meta name=\"author\" content=\"scnw\" \/>\n<meta name=\"twitter:card\" content=\"summary_large_image\" \/>\n<meta name=\"twitter:label1\" content=\"Verfasst von\" \/>\n\t<meta name=\"twitter:data1\" content=\"scnw\" \/>\n\t<meta name=\"twitter:label2\" content=\"Gesch\u00e4tzte Lesezeit\" \/>\n\t<meta name=\"twitter:data2\" content=\"4\u00a0Minuten\" \/>\n<script type=\"application\/ld+json\" class=\"yoast-schema-graph\">{\"@context\":\"https:\/\/schema.org\",\"@graph\":[{\"@type\":\"Article\",\"@id\":\"https:\/\/blog.zhaw.ch\/lehren-und-lernen\/fernunterricht-neues-normal-oder-corona-nebeneffekt\/#article\",\"isPartOf\":{\"@id\":\"https:\/\/blog.zhaw.ch\/lehren-und-lernen\/fernunterricht-neues-normal-oder-corona-nebeneffekt\/\"},\"author\":{\"name\":\"scnw\",\"@id\":\"https:\/\/blog.zhaw.ch\/lehren-und-lernen\/#\/schema\/person\/e82c5f15f44d6db52a129216f647af1e\"},\"headline\":\"Fernunterricht: Neues Normal oder Corona-Nebeneffekt?\",\"datePublished\":\"2022-01-06T07:45:21+00:00\",\"dateModified\":\"2022-01-06T07:45:22+00:00\",\"mainEntityOfPage\":{\"@id\":\"https:\/\/blog.zhaw.ch\/lehren-und-lernen\/fernunterricht-neues-normal-oder-corona-nebeneffekt\/\"},\"wordCount\":760,\"commentCount\":0,\"image\":{\"@id\":\"https:\/\/blog.zhaw.ch\/lehren-und-lernen\/fernunterricht-neues-normal-oder-corona-nebeneffekt\/#primaryimage\"},\"thumbnailUrl\":\"https:\/\/blog.zhaw.ch\/lehren-und-lernen\/files\/2022\/01\/Teaserbild-Fernuntericht.jpg\",\"articleSection\":[\"Digitalisierung &amp; KI\",\"Lehr- und Lernformateformate\",\"Lernstrategien\"],\"inLanguage\":\"de\",\"potentialAction\":[{\"@type\":\"CommentAction\",\"name\":\"Comment\",\"target\":[\"https:\/\/blog.zhaw.ch\/lehren-und-lernen\/fernunterricht-neues-normal-oder-corona-nebeneffekt\/#respond\"]}]},{\"@type\":\"WebPage\",\"@id\":\"https:\/\/blog.zhaw.ch\/lehren-und-lernen\/fernunterricht-neues-normal-oder-corona-nebeneffekt\/\",\"url\":\"https:\/\/blog.zhaw.ch\/lehren-und-lernen\/fernunterricht-neues-normal-oder-corona-nebeneffekt\/\",\"name\":\"Fernunterricht: Neues Normal oder Corona-Nebeneffekt? - Lehren und Lernen\",\"isPartOf\":{\"@id\":\"https:\/\/blog.zhaw.ch\/lehren-und-lernen\/#website\"},\"primaryImageOfPage\":{\"@id\":\"https:\/\/blog.zhaw.ch\/lehren-und-lernen\/fernunterricht-neues-normal-oder-corona-nebeneffekt\/#primaryimage\"},\"image\":{\"@id\":\"https:\/\/blog.zhaw.ch\/lehren-und-lernen\/fernunterricht-neues-normal-oder-corona-nebeneffekt\/#primaryimage\"},\"thumbnailUrl\":\"https:\/\/blog.zhaw.ch\/lehren-und-lernen\/files\/2022\/01\/Teaserbild-Fernuntericht.jpg\",\"datePublished\":\"2022-01-06T07:45:21+00:00\",\"dateModified\":\"2022-01-06T07:45:22+00:00\",\"author\":{\"@id\":\"https:\/\/blog.zhaw.ch\/lehren-und-lernen\/#\/schema\/person\/e82c5f15f44d6db52a129216f647af1e\"},\"breadcrumb\":{\"@id\":\"https:\/\/blog.zhaw.ch\/lehren-und-lernen\/fernunterricht-neues-normal-oder-corona-nebeneffekt\/#breadcrumb\"},\"inLanguage\":\"de\",\"potentialAction\":[{\"@type\":\"ReadAction\",\"target\":[\"https:\/\/blog.zhaw.ch\/lehren-und-lernen\/fernunterricht-neues-normal-oder-corona-nebeneffekt\/\"]}]},{\"@type\":\"ImageObject\",\"inLanguage\":\"de\",\"@id\":\"https:\/\/blog.zhaw.ch\/lehren-und-lernen\/fernunterricht-neues-normal-oder-corona-nebeneffekt\/#primaryimage\",\"url\":\"https:\/\/blog.zhaw.ch\/lehren-und-lernen\/files\/2022\/01\/Teaserbild-Fernuntericht.jpg\",\"contentUrl\":\"https:\/\/blog.zhaw.ch\/lehren-und-lernen\/files\/2022\/01\/Teaserbild-Fernuntericht.jpg\",\"width\":1773,\"height\":1182},{\"@type\":\"BreadcrumbList\",\"@id\":\"https:\/\/blog.zhaw.ch\/lehren-und-lernen\/fernunterricht-neues-normal-oder-corona-nebeneffekt\/#breadcrumb\",\"itemListElement\":[{\"@type\":\"ListItem\",\"position\":1,\"name\":\"Startseite\",\"item\":\"https:\/\/blog.zhaw.ch\/lehren-und-lernen\/\"},{\"@type\":\"ListItem\",\"position\":2,\"name\":\"Fernunterricht: Neues Normal oder Corona-Nebeneffekt?\"}]},{\"@type\":\"WebSite\",\"@id\":\"https:\/\/blog.zhaw.ch\/lehren-und-lernen\/#website\",\"url\":\"https:\/\/blog.zhaw.ch\/lehren-und-lernen\/\",\"name\":\"Lehren und Lernen\",\"description\":\"Ein Blog der ZHAW Z\u00fcrcher Hochschule f\u00fcr Angewandte Wissenschaften\",\"potentialAction\":[{\"@type\":\"SearchAction\",\"target\":{\"@type\":\"EntryPoint\",\"urlTemplate\":\"https:\/\/blog.zhaw.ch\/lehren-und-lernen\/?s={search_term_string}\"},\"query-input\":{\"@type\":\"PropertyValueSpecification\",\"valueRequired\":true,\"valueName\":\"search_term_string\"}}],\"inLanguage\":\"de\"},{\"@type\":\"Person\",\"@id\":\"https:\/\/blog.zhaw.ch\/lehren-und-lernen\/#\/schema\/person\/e82c5f15f44d6db52a129216f647af1e\",\"name\":\"scnw\",\"image\":{\"@type\":\"ImageObject\",\"inLanguage\":\"de\",\"@id\":\"https:\/\/secure.gravatar.com\/avatar\/772dce3a8a394121fb0f9c458e5e8060e2ac57eee5e52648f20e24b50f814ad4?s=96&d=mm&r=g\",\"url\":\"https:\/\/secure.gravatar.com\/avatar\/772dce3a8a394121fb0f9c458e5e8060e2ac57eee5e52648f20e24b50f814ad4?s=96&d=mm&r=g\",\"contentUrl\":\"https:\/\/secure.gravatar.com\/avatar\/772dce3a8a394121fb0f9c458e5e8060e2ac57eee5e52648f20e24b50f814ad4?s=96&d=mm&r=g\",\"caption\":\"scnw\"},\"url\":\"https:\/\/blog.zhaw.ch\/lehren-und-lernen\/author\/scnw\/\"}]}<\/script>\n<!-- \/ Yoast SEO Premium plugin. -->","yoast_head_json":{"title":"Fernunterricht: Neues Normal oder Corona-Nebeneffekt? - Lehren und Lernen","robots":{"index":"index","follow":"follow","max-snippet":"max-snippet:-1","max-image-preview":"max-image-preview:large","max-video-preview":"max-video-preview:-1"},"canonical":"https:\/\/blog.zhaw.ch\/lehren-und-lernen\/fernunterricht-neues-normal-oder-corona-nebeneffekt\/","og_locale":"de_DE","og_type":"article","og_title":"Fernunterricht: Neues Normal oder Corona-Nebeneffekt?","og_description":"Ein Beitrag von Thomas Schl\u00e4pfer Seit Beginn der Pandemie hat sich die Digitalisierung an der ZHAW stark beschleunigt \u2013 so auch in der Lehre. Aufgrund der pl\u00f6tzlichen Umstellung mussten sich Dozierende sowie Studierende im Eiltempo auf das neue Umfeld einstellen. Heute findet der Unterricht grunds\u00e4tzlich wieder vor Ort statt. Doch viele w\u00fcnschen sich kein Zur\u00fcck [&hellip;]","og_url":"https:\/\/blog.zhaw.ch\/lehren-und-lernen\/fernunterricht-neues-normal-oder-corona-nebeneffekt\/","og_site_name":"Lehren und Lernen","article_published_time":"2022-01-06T07:45:21+00:00","article_modified_time":"2022-01-06T07:45:22+00:00","og_image":[{"width":1773,"height":1182,"url":"https:\/\/blog.zhaw.ch\/lehren-und-lernen\/files\/2022\/01\/Teaserbild-Fernuntericht.jpg","type":"image\/jpeg"}],"author":"scnw","twitter_card":"summary_large_image","twitter_misc":{"Verfasst von":"scnw","Gesch\u00e4tzte Lesezeit":"4\u00a0Minuten"},"schema":{"@context":"https:\/\/schema.org","@graph":[{"@type":"Article","@id":"https:\/\/blog.zhaw.ch\/lehren-und-lernen\/fernunterricht-neues-normal-oder-corona-nebeneffekt\/#article","isPartOf":{"@id":"https:\/\/blog.zhaw.ch\/lehren-und-lernen\/fernunterricht-neues-normal-oder-corona-nebeneffekt\/"},"author":{"name":"scnw","@id":"https:\/\/blog.zhaw.ch\/lehren-und-lernen\/#\/schema\/person\/e82c5f15f44d6db52a129216f647af1e"},"headline":"Fernunterricht: Neues Normal oder Corona-Nebeneffekt?","datePublished":"2022-01-06T07:45:21+00:00","dateModified":"2022-01-06T07:45:22+00:00","mainEntityOfPage":{"@id":"https:\/\/blog.zhaw.ch\/lehren-und-lernen\/fernunterricht-neues-normal-oder-corona-nebeneffekt\/"},"wordCount":760,"commentCount":0,"image":{"@id":"https:\/\/blog.zhaw.ch\/lehren-und-lernen\/fernunterricht-neues-normal-oder-corona-nebeneffekt\/#primaryimage"},"thumbnailUrl":"https:\/\/blog.zhaw.ch\/lehren-und-lernen\/files\/2022\/01\/Teaserbild-Fernuntericht.jpg","articleSection":["Digitalisierung &amp; KI","Lehr- und Lernformateformate","Lernstrategien"],"inLanguage":"de","potentialAction":[{"@type":"CommentAction","name":"Comment","target":["https:\/\/blog.zhaw.ch\/lehren-und-lernen\/fernunterricht-neues-normal-oder-corona-nebeneffekt\/#respond"]}]},{"@type":"WebPage","@id":"https:\/\/blog.zhaw.ch\/lehren-und-lernen\/fernunterricht-neues-normal-oder-corona-nebeneffekt\/","url":"https:\/\/blog.zhaw.ch\/lehren-und-lernen\/fernunterricht-neues-normal-oder-corona-nebeneffekt\/","name":"Fernunterricht: Neues Normal oder Corona-Nebeneffekt? - Lehren und Lernen","isPartOf":{"@id":"https:\/\/blog.zhaw.ch\/lehren-und-lernen\/#website"},"primaryImageOfPage":{"@id":"https:\/\/blog.zhaw.ch\/lehren-und-lernen\/fernunterricht-neues-normal-oder-corona-nebeneffekt\/#primaryimage"},"image":{"@id":"https:\/\/blog.zhaw.ch\/lehren-und-lernen\/fernunterricht-neues-normal-oder-corona-nebeneffekt\/#primaryimage"},"thumbnailUrl":"https:\/\/blog.zhaw.ch\/lehren-und-lernen\/files\/2022\/01\/Teaserbild-Fernuntericht.jpg","datePublished":"2022-01-06T07:45:21+00:00","dateModified":"2022-01-06T07:45:22+00:00","author":{"@id":"https:\/\/blog.zhaw.ch\/lehren-und-lernen\/#\/schema\/person\/e82c5f15f44d6db52a129216f647af1e"},"breadcrumb":{"@id":"https:\/\/blog.zhaw.ch\/lehren-und-lernen\/fernunterricht-neues-normal-oder-corona-nebeneffekt\/#breadcrumb"},"inLanguage":"de","potentialAction":[{"@type":"ReadAction","target":["https:\/\/blog.zhaw.ch\/lehren-und-lernen\/fernunterricht-neues-normal-oder-corona-nebeneffekt\/"]}]},{"@type":"ImageObject","inLanguage":"de","@id":"https:\/\/blog.zhaw.ch\/lehren-und-lernen\/fernunterricht-neues-normal-oder-corona-nebeneffekt\/#primaryimage","url":"https:\/\/blog.zhaw.ch\/lehren-und-lernen\/files\/2022\/01\/Teaserbild-Fernuntericht.jpg","contentUrl":"https:\/\/blog.zhaw.ch\/lehren-und-lernen\/files\/2022\/01\/Teaserbild-Fernuntericht.jpg","width":1773,"height":1182},{"@type":"BreadcrumbList","@id":"https:\/\/blog.zhaw.ch\/lehren-und-lernen\/fernunterricht-neues-normal-oder-corona-nebeneffekt\/#breadcrumb","itemListElement":[{"@type":"ListItem","position":1,"name":"Startseite","item":"https:\/\/blog.zhaw.ch\/lehren-und-lernen\/"},{"@type":"ListItem","position":2,"name":"Fernunterricht: Neues Normal oder Corona-Nebeneffekt?"}]},{"@type":"WebSite","@id":"https:\/\/blog.zhaw.ch\/lehren-und-lernen\/#website","url":"https:\/\/blog.zhaw.ch\/lehren-und-lernen\/","name":"Lehren und Lernen","description":"Ein Blog der ZHAW Z\u00fcrcher Hochschule f\u00fcr Angewandte Wissenschaften","potentialAction":[{"@type":"SearchAction","target":{"@type":"EntryPoint","urlTemplate":"https:\/\/blog.zhaw.ch\/lehren-und-lernen\/?s={search_term_string}"},"query-input":{"@type":"PropertyValueSpecification","valueRequired":true,"valueName":"search_term_string"}}],"inLanguage":"de"},{"@type":"Person","@id":"https:\/\/blog.zhaw.ch\/lehren-und-lernen\/#\/schema\/person\/e82c5f15f44d6db52a129216f647af1e","name":"scnw","image":{"@type":"ImageObject","inLanguage":"de","@id":"https:\/\/secure.gravatar.com\/avatar\/772dce3a8a394121fb0f9c458e5e8060e2ac57eee5e52648f20e24b50f814ad4?s=96&d=mm&r=g","url":"https:\/\/secure.gravatar.com\/avatar\/772dce3a8a394121fb0f9c458e5e8060e2ac57eee5e52648f20e24b50f814ad4?s=96&d=mm&r=g","contentUrl":"https:\/\/secure.gravatar.com\/avatar\/772dce3a8a394121fb0f9c458e5e8060e2ac57eee5e52648f20e24b50f814ad4?s=96&d=mm&r=g","caption":"scnw"},"url":"https:\/\/blog.zhaw.ch\/lehren-und-lernen\/author\/scnw\/"}]}},"_links":{"self":[{"href":"https:\/\/blog.zhaw.ch\/lehren-und-lernen\/wp-json\/wp\/v2\/posts\/1696","targetHints":{"allow":["GET"]}}],"collection":[{"href":"https:\/\/blog.zhaw.ch\/lehren-und-lernen\/wp-json\/wp\/v2\/posts"}],"about":[{"href":"https:\/\/blog.zhaw.ch\/lehren-und-lernen\/wp-json\/wp\/v2\/types\/post"}],"author":[{"embeddable":true,"href":"https:\/\/blog.zhaw.ch\/lehren-und-lernen\/wp-json\/wp\/v2\/users\/564"}],"replies":[{"embeddable":true,"href":"https:\/\/blog.zhaw.ch\/lehren-und-lernen\/wp-json\/wp\/v2\/comments?post=1696"}],"version-history":[{"count":11,"href":"https:\/\/blog.zhaw.ch\/lehren-und-lernen\/wp-json\/wp\/v2\/posts\/1696\/revisions"}],"predecessor-version":[{"id":1709,"href":"https:\/\/blog.zhaw.ch\/lehren-und-lernen\/wp-json\/wp\/v2\/posts\/1696\/revisions\/1709"}],"wp:featuredmedia":[{"embeddable":true,"href":"https:\/\/blog.zhaw.ch\/lehren-und-lernen\/wp-json\/wp\/v2\/media\/1707"}],"wp:attachment":[{"href":"https:\/\/blog.zhaw.ch\/lehren-und-lernen\/wp-json\/wp\/v2\/media?parent=1696"}],"wp:term":[{"taxonomy":"category","embeddable":true,"href":"https:\/\/blog.zhaw.ch\/lehren-und-lernen\/wp-json\/wp\/v2\/categories?post=1696"},{"taxonomy":"post_tag","embeddable":true,"href":"https:\/\/blog.zhaw.ch\/lehren-und-lernen\/wp-json\/wp\/v2\/tags?post=1696"},{"taxonomy":"features","embeddable":true,"href":"https:\/\/blog.zhaw.ch\/lehren-und-lernen\/wp-json\/wp\/v2\/features?post=1696"}],"curies":[{"name":"wp","href":"https:\/\/api.w.org\/{rel}","templated":true}]}}