{"id":1497,"date":"2021-07-28T09:49:14","date_gmt":"2021-07-28T07:49:14","guid":{"rendered":"https:\/\/blog.zhaw.ch\/lehren-und-lernen\/?p=1497"},"modified":"2021-07-28T09:53:18","modified_gmt":"2021-07-28T07:53:18","slug":"sommerzeit-lesezeit-lektuere-fuer-die-sommerpause","status":"publish","type":"post","link":"https:\/\/blog.zhaw.ch\/lehren-und-lernen\/sommerzeit-lesezeit-lektuere-fuer-die-sommerpause\/","title":{"rendered":"Sommerzeit \u2013 Lesezeit: Lekt\u00fcre f\u00fcr die Sommerpause"},"content":{"rendered":"\n<p>Von <a href=\"https:\/\/www.zhaw.ch\/de\/ueber-uns\/person\/scnw\/\" data-type=\"URL\" data-id=\"https:\/\/www.zhaw.ch\/de\/ueber-uns\/person\/scnw\/\">Svenia Schneider-Wulf<\/a><\/p>\n\n\n\n<p>Endlich Zeit zum Lesen! Wer noch auf der Suche nach anregender (Fach)Lekt\u00fcre f\u00fcr die Sommerpause ist, k\u00f6nnte hier f\u00fcndig werden. Die drei vorgestellten Publikationen beleuchten, die Potentiale der Digitalisierung f\u00fcr die weitere Internationalisierung der Hochschule in der Lehr- und Lernpraxis (&#8222;The Digital Turn in Internationalization&#8220;, 2021), untersuchen am Beispiel von Hochschulen f\u00fcr Angewandte Wissenschaften Perspektiven post Covid-19 (&#8222;Entwicklungspfade f\u00fcr die Hochschule und Lehre nach der Corona-Pandemie&#8220;, 2021) und stellen die Fragen nach Klassikern und der Bedeutung der &#8222;Klassiker-Frage&#8220; f\u00fcr die Hochschuldidaktik (&#8222;Klassiker der Hochschuldidaktik? Kartografie einer Landschaft&#8220;, 2020). <\/p>\n\n\n\n<!--more-->\n\n\n\n<h3 class=\"wp-block-heading\"><strong>The Digital Turn in Internationalization. Herausgegeben von Svenja Bedenlier &amp; Elisa Bruhn-Zass<\/strong><\/h3>\n\n\n\n<p>Reihe: <a href=\"https:\/\/zfhe.at\/index.php\/zfhe\/issue\/view\/70\">Zeitschrift f\u00fcr Hochschulentwicklung (ZFHE)<\/a>, Jg. 16 \/ Nr. 2 (Juni 2021)<br>Graz: <a href=\"https:\/\/www.fnma.at\/\">Verein Forum Neue Medien in der Lehre Austria<\/a><\/p>\n\n\n\n<p>Die beiden Querschnittsthemen Digitalisierung und Internationalisierung verbinden sich auf unterschiedliche Weise in der hochschulischen Praxis. Welche innovativen Potentiale f\u00fcr Hochschulen aus der integrierten Betrachtung beider Themenfelder und der Verbindung der Diskurse erwachsen k\u00f6nnen \u2013 u.a. f\u00fcr die Lehre oder die Erweiterung physischer Mobilit\u00e4t durch ein hybrides Verst\u00e4ndnis analoger und digitaler R\u00e4ume \u2013 dieser Frage geht das vorliegende Themenheft \u00abThe digital Turn in Internationalization\u00bb nach.<\/p>\n\n\n\n<p>Das von <a href=\"https:\/\/www.ili.fau.de\/team\/prof-dr-svenja-bedenlier\/https:\/www.ili.fau.de\/team\/prof-dr-svenja-bedenlier\/\">Svenja Bedenlier<\/a> (FAU Erlangen-N\u00fcrnberg) und <a href=\"https:\/\/www.researchgate.net\/profile\/Elisa-Bruhn-Zass\" data-type=\"URL\" data-id=\"https:\/\/www.researchgate.net\/profile\/Elisa-Bruhn-Zass\">Elisa Bruhn-Zass <\/a>(GIZ) herausgegebene Themenheft umfasst 12 Beitr\u00e4ge, die anhand konkreter Fall- und Projektbeispiele die Verschr\u00e4nkung von Digitalisierung und Internationalisierung auf curricularer Ebene verhandeln und aufzeigen, wie die Verzahnung praktisch auf Ebene des Lehrens und Lernens an der Hochschule aussehen kann. Die Themen, die in den Beitr\u00e4gen behandelt werden, reichen von der hochschul\u00fcbergreifenden Gestaltung und Durchf\u00fchrung international-digitaler Seminare, virtuellen Studienreisen, digitalen Unterst\u00fctzungsformate f\u00fcr internationale Studienanf\u00e4nger*innen bis hin zu bildungstechnologischen Fragestellungen (Videos und Plattformen).<\/p>\n\n\n\n<p>Gem\u00e4ss den Herausgeberinnen verdeutlichen die Beitr\u00e4ge, dass in der hochschulischen Lehr-\/Lern-Praxis aus einer Bottom-up-Perspektive aktuell Entwicklungen erfolgen und zahlreiche Ans\u00e4tze erprobt werden, sich diese Entwicklungen bislang jedoch nicht fl\u00e4chendeckend in hochschulischen Internationalisierungsstrategien widerspiegeln. Die beitragenden Autor*innen des Themenhefts erweitern mit ihren Arbeiten ein Feld und bieten Anschlussm\u00f6glichkeiten f\u00fcr weitere Forschung und Praxis (S.14).<\/p>\n\n\n\n<p class=\"has-vivid-cyan-blue-color has-text-color\"><a href=\"https:\/\/zfhe.at\/index.php\/zfhe\/issue\/view\/70\">Download Publikation ZFHE-Webseite<\/a>&nbsp;<\/p>\n\n\n\n<hr class=\"wp-block-separator is-style-dots\" \/>\n\n\n\n<p><strong>Entwicklungspfade f\u00fcr die Hochschule und Lehre nach der Corona-Pandemie. Von Sonja S\u00e4lzle, Linda Vogt, Jennifer Blank, Andr\u00e9 Bleicher, Ingrid Scholz, Nadja Karossa, Renate Stratmann, Thomas D\u2019Souza<\/strong><\/p>\n\n\n\n<p>Eine qualitative Studie mit Hochschulleitungen, Lehrenden und Studierenden<br>Baden-Baden: Tectum-Verlag 2021<\/p>\n\n\n\n<p>Eine Studie des <a href=\"https:\/\/www.hochschule-biberach.de\/ibit\">Instituts f\u00fcr Bildungstransfer der Hochschule Biberach<\/a> in Zusammenarbeit mit der <a href=\"https:\/\/www.hochschuldidaktik.net\/\">Gesch\u00e4ftsstelle der Studienkommission f\u00fcr Hochschuldidaktik<\/a> an Hochschulen f\u00fcr Angewandte Wissenschaften in Baden-W\u00fcrttemberg<\/p>\n\n\n\n<p>In Folge der Corona-Pandemie mussten Hochschulen 2020 von heute auf morgen auf digitalen Betrieb und rein digitale Lehr-Lernsettings umstellen. Die Studie untersucht am Beispiel von Hochschulen f\u00fcr Angewandte Wissenschaften (HAW), wie sich die Hochschullehre w\u00e4hrend und nach den Corona-Semestern entwickelt hat und fragt nach den Entwicklungspfaden, die aus den Erfahrungen der digitalen Semester f\u00fcr Hochschulen und Lehre abgeleitet werden k\u00f6nnen.<\/p>\n\n\n\n<p>Um das komplexe System Hochschule w\u00e4hrend der Corona-Semester m\u00f6glichst ganzheitlich und differenziert reflektieren zu k\u00f6nnen, wurde ein qualitativer Forschungsansatz gew\u00e4hlt und zwischen Januar und Mitte M\u00e4rz 2021 in 34 Einzelinterviews und Fokusgruppen insgesamt 86 Hochschulleitungen, Lehrende und Studierende an 11 der 24 Hochschulen f\u00fcr Angewandte Wissenschaften (HAW) in Baden-W\u00fcrttemberg interviewt. Die verschiedenen Gruppen von Akteur*innen (Hochschulleitungen, Lehrende, Studierende) wurden in drei Zug\u00e4ngen themenfokussiert befragt, um unterschiedliche Perspektiven miteinander in Verbindung zu bringen. Ausgehend von den Dimensionen Akteur*innen, Strukturation und Strategie wurden weitergehend aus den Daten acht Leitmotive erfasst und basierend darauf Handlungsimpulse abgeleitet.<\/p>\n\n\n\n<p>Ausblickend wird festgehalten, dass das Neue nicht im Vorhandensein digitaler Lehre nach Corona besteht, sondern vielmehr in der Art und Weise, wie Pr\u00e4senzhochschulen post Corona digitale Lehre in ihre Strategie integrieren und den Mix der Lehr-\/Lernformate neu definieren. Wie sie den entstandenen Kontingenzraum gestalten und die Transformationsprozesse in eine gesteuerte Pfadentwicklung \u00fcberf\u00fchren (S.201\/202).<\/p>\n\n\n\n<p class=\"has-vivid-cyan-blue-color has-text-color\"><a href=\"https:\/\/www.tectum-elibrary.de\/10.5771\/9783828877351\/entwicklungspfade-fuer-hochschule-und-lehre-nach-der-corona-pandemie\">Download Publikation Tectum eLibrary<\/a><\/p>\n\n\n\n<hr class=\"wp-block-separator is-style-dots\" \/>\n\n\n\n<p><strong>Klassiker der Hochschuldidaktik? Kartografie einer Landschaft.<\/strong> <strong>Herausgegeben von Peter Tremp und Balthasar Eugster<\/strong><\/p>\n\n\n\n<p>Wiesbaden: Springer Fachmedien Wiesbaden 2020<\/p>\n\n\n\n<p>Gibt es Klassiker der Hochschuldidaktik? Welche Bedeutung hat die Klassiker-Frage \u00fcberhaupt f\u00fcr die Hochschul-didaktik? Ausgehend von \u00dcberlegungen zur Rolle von Klassikern f\u00fcr das Selbstverst\u00e4ndnis einer wissenschaftlichen Disziplin und die Markierung ihres professionellen Gegenstandsbereiches, strebt der Band eine Kartografie der hochschuldidaktischen Landschaft an. Ziel des Bandes soll dabei nicht die Erstellung einer Klassiker-Liste der Hochschuldidaktik sein, sondern vielmehr der Versuch einer skizzenhaften \u00abVermessung\u00bb eines (Arbeits)Feldes und ein Beitrag zu dessen Kl\u00e4rung und zur Weiterentwicklung einer Disziplin mit \u00abPatchworkidentit\u00e4t\u00bb (S.218). Hierf\u00fcr versammelt die von <a href=\"https:\/\/www.phlu.ch\/peter-tremp.html\">Peter Tremp (PH Luzern)<\/a> und <a href=\"https:\/\/www.hochschuldidaktik.uzh.ch\/de\/aboutus\/team\/eugster-balthasar.html\">Balthasar Eugster (Universit\u00e4t Z\u00fcrich)<\/a> herausgegebene Publikation in drei Teilen Beitr\u00e4ge 18 verschiedener Autor*innen und stellt verschiedene Theoriekontexte aus Disziplinen vor, denen sich die Hochschuldidaktik verbunden f\u00fchlt. &nbsp;<\/p>\n\n\n\n<p>Im ersten Teil (\u00abWeshalb Klassiker?\u00bb) werden in f\u00fcnf Beitr\u00e4gen grunds\u00e4tzliche Gedanken zur Funktion von Klassikern f\u00fcr die disziplin\u00e4re Selbstverst\u00e4ndigung und den (hochschuldidaktischen) Diskurs diskutiert. Im zweiten Teil (\u00abVerwandtschaftliche Anregungen\u00bb) stehen Texte im Fokus, die in ihren Ursprungsdisziplinen als Klassiker gelten. Die Autor*innen der Beitr\u00e4ge untersuchen Denkkonzepte und praktische Handlungsmuster aus Referenzdisziplinen der Hochschuldidaktik und fragen nach der Nutzbarmachung dieser Positionen f\u00fcr die noch recht junge Disziplin Hochschuldidaktik und ihren Gegenstandsbereich (S.101\/102). Die wissenschaftliche Verortung der Beitr\u00e4ge reicht dabei von der antiken Philosophie, \u00fcber die Bildungstheorie bis zur Sozialpsychologie. Im dritten Teil (\u00abWegmarken erkunden\u00bb) schliesst sich der Kreis zur Leitfrage der Publikation: Exemplarisch werden Konzepte und Theorien, die in der hochschuldidaktischen Praxis und im zugeh\u00f6rigen Diskurs eine gewisse Bedeutung erlangt haben \u2013 von Lernzieltaxonomie bis zum Constructive Alignment, vom Forschenden Lernen bis zum Third Space \u2013 vorgestellt und die Frage angekn\u00fcpft, was die vorgestellten Ans\u00e4tze zum Verst\u00e4ndnis von Hochschuldidaktik als Disziplin beitragen (S. 218).<\/p>\n\n\n\n<p class=\"has-vivid-cyan-blue-color has-text-color\"><a href=\"https:\/\/link.springer.com\/book\/10.1007%2F978-3-658-28124-3\" data-type=\"URL\" data-id=\"https:\/\/link.springer.com\/book\/10.1007%2F978-3-658-28124-3\">Zur Publikation auf der Verlagsseite<\/a><\/p>\n","protected":false},"excerpt":{"rendered":"<p>Endlich Zeit zum Lesen! Wer noch auf der Suche nach anregender (Fach)Lekt\u00fcre f\u00fcr die Sommerpause ist, k\u00f6nnte hier f\u00fcndig werden\u2026 <\/p>\n","protected":false},"author":564,"featured_media":1498,"comment_status":"open","ping_status":"open","sticky":false,"template":"","format":"standard","meta":{"ngg_post_thumbnail":0,"footnotes":""},"categories":[411],"tags":[],"features":[],"class_list":["post-1497","post","type-post","status-publish","format-standard","has-post-thumbnail","hentry","category-publikationen-forschung"],"yoast_head":"<!-- This site is optimized with the Yoast SEO Premium plugin v27.2 (Yoast SEO v27.2) - https:\/\/yoast.com\/product\/yoast-seo-premium-wordpress\/ -->\n<title>Sommerzeit \u2013 Lesezeit: Lekt\u00fcre f\u00fcr die Sommerpause - Lehren und Lernen<\/title>\n<meta name=\"robots\" content=\"index, follow, max-snippet:-1, max-image-preview:large, max-video-preview:-1\" \/>\n<link rel=\"canonical\" href=\"https:\/\/blog.zhaw.ch\/lehren-und-lernen\/sommerzeit-lesezeit-lektuere-fuer-die-sommerpause\/\" \/>\n<meta property=\"og:locale\" content=\"de_DE\" \/>\n<meta property=\"og:type\" content=\"article\" \/>\n<meta property=\"og:title\" content=\"Sommerzeit \u2013 Lesezeit: Lekt\u00fcre f\u00fcr die Sommerpause\" \/>\n<meta property=\"og:description\" content=\"Endlich Zeit zum Lesen! Wer noch auf der Suche nach anregender (Fach)Lekt\u00fcre f\u00fcr die Sommerpause ist, k\u00f6nnte hier f\u00fcndig werden\u2026\" \/>\n<meta property=\"og:url\" content=\"https:\/\/blog.zhaw.ch\/lehren-und-lernen\/sommerzeit-lesezeit-lektuere-fuer-die-sommerpause\/\" \/>\n<meta property=\"og:site_name\" content=\"Lehren und Lernen\" \/>\n<meta property=\"article:published_time\" content=\"2021-07-28T07:49:14+00:00\" \/>\n<meta property=\"article:modified_time\" content=\"2021-07-28T07:53:18+00:00\" \/>\n<meta property=\"og:image\" content=\"https:\/\/blog.zhaw.ch\/lehren-und-lernen\/files\/2021\/07\/s-o-c-i-a-l-c-u-t-GoFeJMsxAVM-unsplash-1-scaled.jpg\" \/>\n\t<meta property=\"og:image:width\" content=\"2560\" \/>\n\t<meta property=\"og:image:height\" content=\"1707\" \/>\n\t<meta property=\"og:image:type\" content=\"image\/jpeg\" \/>\n<meta name=\"author\" content=\"scnw\" \/>\n<meta name=\"twitter:card\" content=\"summary_large_image\" \/>\n<meta name=\"twitter:label1\" content=\"Verfasst von\" \/>\n\t<meta name=\"twitter:data1\" content=\"scnw\" \/>\n\t<meta name=\"twitter:label2\" content=\"Gesch\u00e4tzte Lesezeit\" \/>\n\t<meta name=\"twitter:data2\" content=\"5\u00a0Minuten\" \/>\n<script type=\"application\/ld+json\" class=\"yoast-schema-graph\">{\"@context\":\"https:\/\/schema.org\",\"@graph\":[{\"@type\":\"Article\",\"@id\":\"https:\/\/blog.zhaw.ch\/lehren-und-lernen\/sommerzeit-lesezeit-lektuere-fuer-die-sommerpause\/#article\",\"isPartOf\":{\"@id\":\"https:\/\/blog.zhaw.ch\/lehren-und-lernen\/sommerzeit-lesezeit-lektuere-fuer-die-sommerpause\/\"},\"author\":{\"name\":\"scnw\",\"@id\":\"https:\/\/blog.zhaw.ch\/lehren-und-lernen\/#\/schema\/person\/e82c5f15f44d6db52a129216f647af1e\"},\"headline\":\"Sommerzeit \u2013 Lesezeit: Lekt\u00fcre f\u00fcr die Sommerpause\",\"datePublished\":\"2021-07-28T07:49:14+00:00\",\"dateModified\":\"2021-07-28T07:53:18+00:00\",\"mainEntityOfPage\":{\"@id\":\"https:\/\/blog.zhaw.ch\/lehren-und-lernen\/sommerzeit-lesezeit-lektuere-fuer-die-sommerpause\/\"},\"wordCount\":958,\"commentCount\":1,\"image\":{\"@id\":\"https:\/\/blog.zhaw.ch\/lehren-und-lernen\/sommerzeit-lesezeit-lektuere-fuer-die-sommerpause\/#primaryimage\"},\"thumbnailUrl\":\"https:\/\/blog.zhaw.ch\/lehren-und-lernen\/files\/2021\/07\/s-o-c-i-a-l-c-u-t-GoFeJMsxAVM-unsplash-1-scaled.jpg\",\"articleSection\":[\"Publikationen &amp; Forschung\"],\"inLanguage\":\"de\",\"potentialAction\":[{\"@type\":\"CommentAction\",\"name\":\"Comment\",\"target\":[\"https:\/\/blog.zhaw.ch\/lehren-und-lernen\/sommerzeit-lesezeit-lektuere-fuer-die-sommerpause\/#respond\"]}]},{\"@type\":\"WebPage\",\"@id\":\"https:\/\/blog.zhaw.ch\/lehren-und-lernen\/sommerzeit-lesezeit-lektuere-fuer-die-sommerpause\/\",\"url\":\"https:\/\/blog.zhaw.ch\/lehren-und-lernen\/sommerzeit-lesezeit-lektuere-fuer-die-sommerpause\/\",\"name\":\"Sommerzeit \u2013 Lesezeit: Lekt\u00fcre f\u00fcr die Sommerpause - Lehren und Lernen\",\"isPartOf\":{\"@id\":\"https:\/\/blog.zhaw.ch\/lehren-und-lernen\/#website\"},\"primaryImageOfPage\":{\"@id\":\"https:\/\/blog.zhaw.ch\/lehren-und-lernen\/sommerzeit-lesezeit-lektuere-fuer-die-sommerpause\/#primaryimage\"},\"image\":{\"@id\":\"https:\/\/blog.zhaw.ch\/lehren-und-lernen\/sommerzeit-lesezeit-lektuere-fuer-die-sommerpause\/#primaryimage\"},\"thumbnailUrl\":\"https:\/\/blog.zhaw.ch\/lehren-und-lernen\/files\/2021\/07\/s-o-c-i-a-l-c-u-t-GoFeJMsxAVM-unsplash-1-scaled.jpg\",\"datePublished\":\"2021-07-28T07:49:14+00:00\",\"dateModified\":\"2021-07-28T07:53:18+00:00\",\"author\":{\"@id\":\"https:\/\/blog.zhaw.ch\/lehren-und-lernen\/#\/schema\/person\/e82c5f15f44d6db52a129216f647af1e\"},\"breadcrumb\":{\"@id\":\"https:\/\/blog.zhaw.ch\/lehren-und-lernen\/sommerzeit-lesezeit-lektuere-fuer-die-sommerpause\/#breadcrumb\"},\"inLanguage\":\"de\",\"potentialAction\":[{\"@type\":\"ReadAction\",\"target\":[\"https:\/\/blog.zhaw.ch\/lehren-und-lernen\/sommerzeit-lesezeit-lektuere-fuer-die-sommerpause\/\"]}]},{\"@type\":\"ImageObject\",\"inLanguage\":\"de\",\"@id\":\"https:\/\/blog.zhaw.ch\/lehren-und-lernen\/sommerzeit-lesezeit-lektuere-fuer-die-sommerpause\/#primaryimage\",\"url\":\"https:\/\/blog.zhaw.ch\/lehren-und-lernen\/files\/2021\/07\/s-o-c-i-a-l-c-u-t-GoFeJMsxAVM-unsplash-1-scaled.jpg\",\"contentUrl\":\"https:\/\/blog.zhaw.ch\/lehren-und-lernen\/files\/2021\/07\/s-o-c-i-a-l-c-u-t-GoFeJMsxAVM-unsplash-1-scaled.jpg\",\"width\":2560,\"height\":1707},{\"@type\":\"BreadcrumbList\",\"@id\":\"https:\/\/blog.zhaw.ch\/lehren-und-lernen\/sommerzeit-lesezeit-lektuere-fuer-die-sommerpause\/#breadcrumb\",\"itemListElement\":[{\"@type\":\"ListItem\",\"position\":1,\"name\":\"Startseite\",\"item\":\"https:\/\/blog.zhaw.ch\/lehren-und-lernen\/\"},{\"@type\":\"ListItem\",\"position\":2,\"name\":\"Sommerzeit \u2013 Lesezeit: Lekt\u00fcre f\u00fcr die Sommerpause\"}]},{\"@type\":\"WebSite\",\"@id\":\"https:\/\/blog.zhaw.ch\/lehren-und-lernen\/#website\",\"url\":\"https:\/\/blog.zhaw.ch\/lehren-und-lernen\/\",\"name\":\"Lehren und Lernen\",\"description\":\"Ein Blog der ZHAW Z\u00fcrcher Hochschule f\u00fcr Angewandte Wissenschaften\",\"potentialAction\":[{\"@type\":\"SearchAction\",\"target\":{\"@type\":\"EntryPoint\",\"urlTemplate\":\"https:\/\/blog.zhaw.ch\/lehren-und-lernen\/?s={search_term_string}\"},\"query-input\":{\"@type\":\"PropertyValueSpecification\",\"valueRequired\":true,\"valueName\":\"search_term_string\"}}],\"inLanguage\":\"de\"},{\"@type\":\"Person\",\"@id\":\"https:\/\/blog.zhaw.ch\/lehren-und-lernen\/#\/schema\/person\/e82c5f15f44d6db52a129216f647af1e\",\"name\":\"scnw\",\"image\":{\"@type\":\"ImageObject\",\"inLanguage\":\"de\",\"@id\":\"https:\/\/secure.gravatar.com\/avatar\/772dce3a8a394121fb0f9c458e5e8060e2ac57eee5e52648f20e24b50f814ad4?s=96&d=mm&r=g\",\"url\":\"https:\/\/secure.gravatar.com\/avatar\/772dce3a8a394121fb0f9c458e5e8060e2ac57eee5e52648f20e24b50f814ad4?s=96&d=mm&r=g\",\"contentUrl\":\"https:\/\/secure.gravatar.com\/avatar\/772dce3a8a394121fb0f9c458e5e8060e2ac57eee5e52648f20e24b50f814ad4?s=96&d=mm&r=g\",\"caption\":\"scnw\"},\"url\":\"https:\/\/blog.zhaw.ch\/lehren-und-lernen\/author\/scnw\/\"}]}<\/script>\n<!-- \/ Yoast SEO Premium plugin. -->","yoast_head_json":{"title":"Sommerzeit \u2013 Lesezeit: Lekt\u00fcre f\u00fcr die Sommerpause - Lehren und Lernen","robots":{"index":"index","follow":"follow","max-snippet":"max-snippet:-1","max-image-preview":"max-image-preview:large","max-video-preview":"max-video-preview:-1"},"canonical":"https:\/\/blog.zhaw.ch\/lehren-und-lernen\/sommerzeit-lesezeit-lektuere-fuer-die-sommerpause\/","og_locale":"de_DE","og_type":"article","og_title":"Sommerzeit \u2013 Lesezeit: Lekt\u00fcre f\u00fcr die Sommerpause","og_description":"Endlich Zeit zum Lesen! Wer noch auf der Suche nach anregender (Fach)Lekt\u00fcre f\u00fcr die Sommerpause ist, k\u00f6nnte hier f\u00fcndig werden\u2026","og_url":"https:\/\/blog.zhaw.ch\/lehren-und-lernen\/sommerzeit-lesezeit-lektuere-fuer-die-sommerpause\/","og_site_name":"Lehren und Lernen","article_published_time":"2021-07-28T07:49:14+00:00","article_modified_time":"2021-07-28T07:53:18+00:00","og_image":[{"width":2560,"height":1707,"url":"https:\/\/blog.zhaw.ch\/lehren-und-lernen\/files\/2021\/07\/s-o-c-i-a-l-c-u-t-GoFeJMsxAVM-unsplash-1-scaled.jpg","type":"image\/jpeg"}],"author":"scnw","twitter_card":"summary_large_image","twitter_misc":{"Verfasst von":"scnw","Gesch\u00e4tzte Lesezeit":"5\u00a0Minuten"},"schema":{"@context":"https:\/\/schema.org","@graph":[{"@type":"Article","@id":"https:\/\/blog.zhaw.ch\/lehren-und-lernen\/sommerzeit-lesezeit-lektuere-fuer-die-sommerpause\/#article","isPartOf":{"@id":"https:\/\/blog.zhaw.ch\/lehren-und-lernen\/sommerzeit-lesezeit-lektuere-fuer-die-sommerpause\/"},"author":{"name":"scnw","@id":"https:\/\/blog.zhaw.ch\/lehren-und-lernen\/#\/schema\/person\/e82c5f15f44d6db52a129216f647af1e"},"headline":"Sommerzeit \u2013 Lesezeit: Lekt\u00fcre f\u00fcr die Sommerpause","datePublished":"2021-07-28T07:49:14+00:00","dateModified":"2021-07-28T07:53:18+00:00","mainEntityOfPage":{"@id":"https:\/\/blog.zhaw.ch\/lehren-und-lernen\/sommerzeit-lesezeit-lektuere-fuer-die-sommerpause\/"},"wordCount":958,"commentCount":1,"image":{"@id":"https:\/\/blog.zhaw.ch\/lehren-und-lernen\/sommerzeit-lesezeit-lektuere-fuer-die-sommerpause\/#primaryimage"},"thumbnailUrl":"https:\/\/blog.zhaw.ch\/lehren-und-lernen\/files\/2021\/07\/s-o-c-i-a-l-c-u-t-GoFeJMsxAVM-unsplash-1-scaled.jpg","articleSection":["Publikationen &amp; Forschung"],"inLanguage":"de","potentialAction":[{"@type":"CommentAction","name":"Comment","target":["https:\/\/blog.zhaw.ch\/lehren-und-lernen\/sommerzeit-lesezeit-lektuere-fuer-die-sommerpause\/#respond"]}]},{"@type":"WebPage","@id":"https:\/\/blog.zhaw.ch\/lehren-und-lernen\/sommerzeit-lesezeit-lektuere-fuer-die-sommerpause\/","url":"https:\/\/blog.zhaw.ch\/lehren-und-lernen\/sommerzeit-lesezeit-lektuere-fuer-die-sommerpause\/","name":"Sommerzeit \u2013 Lesezeit: Lekt\u00fcre f\u00fcr die Sommerpause - Lehren und Lernen","isPartOf":{"@id":"https:\/\/blog.zhaw.ch\/lehren-und-lernen\/#website"},"primaryImageOfPage":{"@id":"https:\/\/blog.zhaw.ch\/lehren-und-lernen\/sommerzeit-lesezeit-lektuere-fuer-die-sommerpause\/#primaryimage"},"image":{"@id":"https:\/\/blog.zhaw.ch\/lehren-und-lernen\/sommerzeit-lesezeit-lektuere-fuer-die-sommerpause\/#primaryimage"},"thumbnailUrl":"https:\/\/blog.zhaw.ch\/lehren-und-lernen\/files\/2021\/07\/s-o-c-i-a-l-c-u-t-GoFeJMsxAVM-unsplash-1-scaled.jpg","datePublished":"2021-07-28T07:49:14+00:00","dateModified":"2021-07-28T07:53:18+00:00","author":{"@id":"https:\/\/blog.zhaw.ch\/lehren-und-lernen\/#\/schema\/person\/e82c5f15f44d6db52a129216f647af1e"},"breadcrumb":{"@id":"https:\/\/blog.zhaw.ch\/lehren-und-lernen\/sommerzeit-lesezeit-lektuere-fuer-die-sommerpause\/#breadcrumb"},"inLanguage":"de","potentialAction":[{"@type":"ReadAction","target":["https:\/\/blog.zhaw.ch\/lehren-und-lernen\/sommerzeit-lesezeit-lektuere-fuer-die-sommerpause\/"]}]},{"@type":"ImageObject","inLanguage":"de","@id":"https:\/\/blog.zhaw.ch\/lehren-und-lernen\/sommerzeit-lesezeit-lektuere-fuer-die-sommerpause\/#primaryimage","url":"https:\/\/blog.zhaw.ch\/lehren-und-lernen\/files\/2021\/07\/s-o-c-i-a-l-c-u-t-GoFeJMsxAVM-unsplash-1-scaled.jpg","contentUrl":"https:\/\/blog.zhaw.ch\/lehren-und-lernen\/files\/2021\/07\/s-o-c-i-a-l-c-u-t-GoFeJMsxAVM-unsplash-1-scaled.jpg","width":2560,"height":1707},{"@type":"BreadcrumbList","@id":"https:\/\/blog.zhaw.ch\/lehren-und-lernen\/sommerzeit-lesezeit-lektuere-fuer-die-sommerpause\/#breadcrumb","itemListElement":[{"@type":"ListItem","position":1,"name":"Startseite","item":"https:\/\/blog.zhaw.ch\/lehren-und-lernen\/"},{"@type":"ListItem","position":2,"name":"Sommerzeit \u2013 Lesezeit: Lekt\u00fcre f\u00fcr die Sommerpause"}]},{"@type":"WebSite","@id":"https:\/\/blog.zhaw.ch\/lehren-und-lernen\/#website","url":"https:\/\/blog.zhaw.ch\/lehren-und-lernen\/","name":"Lehren und Lernen","description":"Ein Blog der ZHAW Z\u00fcrcher Hochschule f\u00fcr Angewandte Wissenschaften","potentialAction":[{"@type":"SearchAction","target":{"@type":"EntryPoint","urlTemplate":"https:\/\/blog.zhaw.ch\/lehren-und-lernen\/?s={search_term_string}"},"query-input":{"@type":"PropertyValueSpecification","valueRequired":true,"valueName":"search_term_string"}}],"inLanguage":"de"},{"@type":"Person","@id":"https:\/\/blog.zhaw.ch\/lehren-und-lernen\/#\/schema\/person\/e82c5f15f44d6db52a129216f647af1e","name":"scnw","image":{"@type":"ImageObject","inLanguage":"de","@id":"https:\/\/secure.gravatar.com\/avatar\/772dce3a8a394121fb0f9c458e5e8060e2ac57eee5e52648f20e24b50f814ad4?s=96&d=mm&r=g","url":"https:\/\/secure.gravatar.com\/avatar\/772dce3a8a394121fb0f9c458e5e8060e2ac57eee5e52648f20e24b50f814ad4?s=96&d=mm&r=g","contentUrl":"https:\/\/secure.gravatar.com\/avatar\/772dce3a8a394121fb0f9c458e5e8060e2ac57eee5e52648f20e24b50f814ad4?s=96&d=mm&r=g","caption":"scnw"},"url":"https:\/\/blog.zhaw.ch\/lehren-und-lernen\/author\/scnw\/"}]}},"_links":{"self":[{"href":"https:\/\/blog.zhaw.ch\/lehren-und-lernen\/wp-json\/wp\/v2\/posts\/1497","targetHints":{"allow":["GET"]}}],"collection":[{"href":"https:\/\/blog.zhaw.ch\/lehren-und-lernen\/wp-json\/wp\/v2\/posts"}],"about":[{"href":"https:\/\/blog.zhaw.ch\/lehren-und-lernen\/wp-json\/wp\/v2\/types\/post"}],"author":[{"embeddable":true,"href":"https:\/\/blog.zhaw.ch\/lehren-und-lernen\/wp-json\/wp\/v2\/users\/564"}],"replies":[{"embeddable":true,"href":"https:\/\/blog.zhaw.ch\/lehren-und-lernen\/wp-json\/wp\/v2\/comments?post=1497"}],"version-history":[{"count":22,"href":"https:\/\/blog.zhaw.ch\/lehren-und-lernen\/wp-json\/wp\/v2\/posts\/1497\/revisions"}],"predecessor-version":[{"id":1521,"href":"https:\/\/blog.zhaw.ch\/lehren-und-lernen\/wp-json\/wp\/v2\/posts\/1497\/revisions\/1521"}],"wp:featuredmedia":[{"embeddable":true,"href":"https:\/\/blog.zhaw.ch\/lehren-und-lernen\/wp-json\/wp\/v2\/media\/1498"}],"wp:attachment":[{"href":"https:\/\/blog.zhaw.ch\/lehren-und-lernen\/wp-json\/wp\/v2\/media?parent=1497"}],"wp:term":[{"taxonomy":"category","embeddable":true,"href":"https:\/\/blog.zhaw.ch\/lehren-und-lernen\/wp-json\/wp\/v2\/categories?post=1497"},{"taxonomy":"post_tag","embeddable":true,"href":"https:\/\/blog.zhaw.ch\/lehren-und-lernen\/wp-json\/wp\/v2\/tags?post=1497"},{"taxonomy":"features","embeddable":true,"href":"https:\/\/blog.zhaw.ch\/lehren-und-lernen\/wp-json\/wp\/v2\/features?post=1497"}],"curies":[{"name":"wp","href":"https:\/\/api.w.org\/{rel}","templated":true}]}}