{"id":9775,"date":"2021-01-21T18:23:25","date_gmt":"2021-01-21T17:23:25","guid":{"rendered":"http:\/\/blog.zhaw.ch\/languagematters\/?p=9775"},"modified":"2024-08-20T14:31:08","modified_gmt":"2024-08-20T12:31:08","slug":"mitarbeitende-digitaler-wandel","status":"publish","type":"post","link":"https:\/\/blog.zhaw.ch\/languagematters\/2021\/01\/21\/mitarbeitende-digitaler-wandel\/","title":{"rendered":"Mitarbeitende durch den digitalen Wandel begleiten"},"content":{"rendered":"\n<p style=\"font-size:20px\">Michael Preisig verantwortet als Head Internal &amp; Online Communications bei der Swiss Life AG die interne Kommunikation. Er hat an der ZHAW den CAS Digitale Transformation und Kommunikation absolviert und erz\u00e4hlt im Interview, wie ihm das erlernte Wissen im Berufsalltag hilft, die Mitarbeitenden durch den digitalen Wandel zu begleiten.<\/p>\n\n\n\n<p style=\"font-size:14px\">Ein Interview mit Michael Preisig, Head Internal &amp; Online Communications bei der Swiss Life AG, Absolvent des CAS Digitale Transformation und Kommunikation 2019. Von&nbsp;<a rel=\"noreferrer noopener\" href=\"https:\/\/www.zhaw.ch\/de\/ueber-uns\/person\/spoi\/\" target=\"_blank\">Susanna Sp\u00f6rri<\/a>, Kommunikationsverantwortliche IAM Institut f\u00fcr Angewandte Medienwissenschaft der ZHAW.<\/p>\n\n\n\n<p><strong>Susanna Sp\u00f6rri: Michael, warum hast du den CAS Digitale Transformation und Kommunikation absolviert?<\/strong><\/p>\n\n\n\n<p>Michael Preisig: Die Digitalisierung wirft f\u00fcr die Versicherungsindustrie zentrale Fragen auf, so auch f\u00fcr Swiss Life. Wie begegnen wir unseren Kunden in der Zukunft? Wie bleiben Versicherungsunternehmen auch k\u00fcnftig relevant f\u00fcr die Menschen? Wie sieht die Beratung der Kunden in 10 Jahren aus? M\u00f6gliche Antworten auf diese Fragen sind stark von den technologischen Entwicklungen getrieben. Bei der digitalen Transformation spielt die Kommunikation eine wichtige Rolle. Zum einen ist die Kommunikation selbst Teil des digitalen Wandels. Gleichzeitig geht es darum, die Ver\u00e4nderungen zu begleiten und die Mitarbeitenden auf den Weg mitzunehmen, ihnen Orientierung und Halt zu geben. Der CAS Digitale Transformation und Kommunikation hat mir entsprechende Impulse f\u00fcr meine Arbeit als Verantwortlicher Internal &amp; Online Communications bei Swiss Life gegeben.<\/p>\n\n\n\n<p><strong>Welche Themen aus dem CAS Digitale Transformation und Kommunikation haben dir im Beruf bisher am meisten geholfen?<\/strong><\/p>\n\n\n\n<p>Das Thema \u201eBef\u00e4higung der Mitarbeitenden\u201c hat in meinem Beruf einen hohen Stellenwert. Die im CAS hierzu behandelten Inhalte haben mir nochmals verdeutlicht, wie wichtig es ist, die Mitarbeitenden auf unterschiedlichen Ebenen in die digitale Transformation mit einzubeziehen und neue M\u00f6glichkeiten zu nutzen. Sei es, in dem man beispielsweise die neuen Vorteile des digitalen Arbeitsplatzes verst\u00e4ndlich erkl\u00e4rt oder die Mitarbeitenden f\u00fcr das Unternehmen als Ambassadoren auf sozialen Netzwerken gewinnt.<\/p>\n\n\n\n<p><strong>Welche GastdozentInnen und deren Themen waren r\u00fcckblickend ein Highlight f\u00fcr dich?<\/strong><\/p>\n\n\n\n<p>Barbara Josef, Co-Founder 5to9 AG, hat nachvollziehbar aufgezeigt, warum die klassischen Change Management-Modelle in der digitalen Transformation nur bedingt funktionieren. Es braucht neue Ans\u00e4tze, die eine k\u00fcrzere Dauer zwischen Analyse und Umsetzung von Massnahmen m\u00f6glich machen. &nbsp;Ein weiteres Highlight war Michael Klaas, Leiter Fachstelle Digital Marketing, der ZHAW. Er hat einen eindr\u00fccklichen Einblick in die Welt von Automatisierung und Chatbots gegeben. Auch wenn nicht alles neu war \u2013 die Art und Weise, wie er es vermittelt hat, hat Spass gemacht.<\/p>\n\n\n\n<p><strong>Inwiefern konntest du dein Umsetzungsprojekt aus dem CAS an deinem Arbeitsort realisieren?<\/strong><\/p>\n\n\n\n<p>Swiss Life setzt auch in einer zunehmend digitalisierten Welt in ihrem Industriezweig weiterhin auf pers\u00f6nliche Beratung und den pers\u00f6nlichen Austausch \u2013 ohne die digitalen M\u00f6glichkeiten ausser Acht zu lassen. Dies immer mit dem Ziel, die Menschen dabei zu unterst\u00fctzen, ein selbstbestimmtes Leben zu f\u00fchren. Bei der Vermittlung dieser Philosophie nimmt der Group CEO eine wichtige Rolle ein. F\u00fcr die interne Kommunikation haben wir ein attraktives Videoformat mit unserem Group CEO produziert, in dem er sein Verst\u00e4ndnis von Digitalisierung den Mitarbeitenden verst\u00e4ndlich n\u00e4her bringen konnte.<\/p>\n\n\n\n<p><strong>Wie hilft dir das erlernte Wissen im Arbeitsalltag und besonders jetzt w\u00e4hrend der Corona-Pandemie?<\/strong><\/p>\n\n\n\n<p>Der Kurs hat mich in meiner \u00dcberzeugung best\u00e4rkt, dass Reaktionsgeschwindigkeit und Anpassungsf\u00e4higkeit die neuen Werte sind, an denen sich Kommunikationseinheiten messen lassen m\u00fcssen. Dies wird in einer Krisensituation wie der Corona-Pandemie umso deutlicher.<\/p>\n\n\n\n<p><strong>Wie hast du die Stimmung w\u00e4hren dem CAS erlebt?<\/strong><\/p>\n\n\n\n<p>Mir hat der Austausch mit den anderen CAS-Teilnehmenden sehr gut gefallen. Das war eines der Highlights f\u00fcr mich. Es waren 25 Pers\u00f6nlichkeiten mit einem unterschiedlichen Werdegang \u2013 und einem grossen Fachwissen. Alle haben sich konstruktiv eingebracht. Ich habe viel profitiert.<\/p>\n\n\n\n<p><strong>Warum hast du dich entschieden, anschliessend noch den CAS Leadership zu absolvieren?<\/strong><\/p>\n\n\n\n<p>Ich strebe an, den Master in Communication Management and Leadership an der ZHAW zu absolvieren. Das Thema Leadership war f\u00fcr mich eine passende Erg\u00e4nzung zu meinem ersten CAS Digitale Transformation und Kommunikation.<\/p>\n\n\n\n<hr class=\"wp-block-separator is-style-wide\" \/>\n\n\n\n<div class=\"wp-block-image\"><figure class=\"aligncenter size-large\"><a href=\"https:\/\/www.zhaw.ch\/de\/linguistik\/weiterbildung\/detail\/kurs\/cas-digitale-transformation-und-kommunikation\/?gclid=CjwKCAiAxp-ABhALEiwAXm6IycaZou-ALF9woWbfazONHA80zyd934Dgi4dSLJrtvFIEL8Zyv4kXzhoCquIQAvD_BwE\" target=\"_blank\" rel=\"noopener noreferrer\"><img loading=\"lazy\" decoding=\"async\" width=\"1024\" height=\"273\" src=\"http:\/\/blog.zhaw.ch\/languagematters\/files\/2020\/06\/2020_06_Blogfooter_CAS_DT-1024x273.gif\" alt=\"Informationshinweis zur Weiterbildung CAS Digitale Transformation und Kommunikation\" class=\"wp-image-8482\" srcset=\"https:\/\/blog.zhaw.ch\/languagematters\/files\/2020\/06\/2020_06_Blogfooter_CAS_DT-1024x273.gif 1024w, https:\/\/blog.zhaw.ch\/languagematters\/files\/2020\/06\/2020_06_Blogfooter_CAS_DT-300x80.gif 300w, https:\/\/blog.zhaw.ch\/languagematters\/files\/2020\/06\/2020_06_Blogfooter_CAS_DT-768x205.gif 768w\" sizes=\"auto, (max-width: 1024px) 100vw, 1024px\" \/><\/a><\/figure><\/div>\n\n\n\n<hr class=\"wp-block-separator is-style-wide\" \/>\n\n\n\n<h2 class=\"wp-block-heading\">\u00c4hnliche Beitr\u00e4ge:<\/h2>\n\n\n\n<ul class=\"wp-block-list\"><li><a href=\"https:\/\/blog.zhaw.ch\/languagematters\/2020\/12\/03\/ceo-kommunikation-digitale-transformation\/\" target=\"_blank\" rel=\"noreferrer noopener\">CEO-Kommunikation ist in der digitalen Transformation entscheidend<\/a><\/li><li><a href=\"https:\/\/blog.zhaw.ch\/languagematters\/2020\/04\/27\/die-krise-zwingt-zur-strategiekommunikation\/\">Die Krise zwingt zur Strategiekommunikation<\/a><\/li><li><a rel=\"noreferrer noopener\" href=\"https:\/\/blog.zhaw.ch\/languagematters\/2020\/11\/04\/fuhren-heisst-sinn-ermoeglichen\/\" target=\"_blank\">\u00abF\u00fchren heisst, Sinn erm\u00f6glichen\u00bb<\/a><\/li><li><a rel=\"noreferrer noopener\" href=\"https:\/\/blog.zhaw.ch\/languagematters\/2020\/07\/21\/agenda-interne-kommunikation-digitale-transformation\/\" target=\"_blank\">Agenda f\u00fcr die interne Kommunikation in der digitalen Transformation<\/a><\/li><li><a rel=\"noreferrer noopener\" href=\"https:\/\/blog.zhaw.ch\/languagematters\/2020\/06\/15\/interne-kommunikation-in-digitaler-transformation\/\" target=\"_blank\">Die interne Kommunikation in der digitalen Transformation<\/a><\/li><li><a rel=\"noreferrer noopener\" href=\"https:\/\/blog.zhaw.ch\/languagematters\/2018\/12\/12\/wie-kommunikation-die-digitale-transformation-ermoeglicht\/\" target=\"_blank\">Wie Kommunikation die digitale Transformation erm\u00f6glicht<\/a><\/li><li><a rel=\"noreferrer noopener\" href=\"https:\/\/blog.zhaw.ch\/languagematters\/2018\/10\/03\/botschaften-und-daten-kommunikation-braucht-gleichgewicht\/\" target=\"_blank\">Botschaften UND Daten: Kommunikation braucht Gleichgewicht<\/a><\/li><li><a rel=\"noreferrer noopener\" href=\"https:\/\/blog.zhaw.ch\/languagematters\/2018\/09\/19\/maeuschen-oder-manager\/\" target=\"_blank\">M\u00e4uschen oder Manager<\/a><\/li><li><a rel=\"noreferrer noopener\" href=\"https:\/\/blog.zhaw.ch\/languagematters\/2018\/06\/13\/was-macht-mitarbeitende-zu-influencern\/\" target=\"_blank\">Was macht Mitarbeitende zu Influencern?<\/a><\/li><li><a rel=\"noreferrer noopener\" href=\"https:\/\/blog.zhaw.ch\/languagematters\/2018\/04\/05\/was-kommunikation-mit-kuenstlicher-intelligenz-zu-tun-hat\/\" target=\"_blank\">Was Kommunikation mit k\u00fcnstlicher Intelligenz zu tun hat<\/a><\/li><li><a rel=\"noreferrer noopener\" href=\"https:\/\/blog.zhaw.ch\/languagematters\/2018\/07\/30\/ki-bietet-ganz-neue-moeglichkeiten\/\" target=\"_blank\">\u00abKI bietet ganz neue M\u00f6glichkeiten\u00bb<\/a><\/li><li><a rel=\"noreferrer noopener\" href=\"https:\/\/blog.zhaw.ch\/languagematters\/2017\/05\/09\/ein-megatrend-und-noch-keiner-macht-mit\/\" target=\"_blank\">Ein Megatrend \u2013 und (noch) keiner macht mit<\/a><\/li><li><a rel=\"noreferrer noopener\" href=\"https:\/\/blog.zhaw.ch\/languagematters\/2017\/06\/28\/offen-schnell-und-dialogisch\/\" target=\"_blank\">Offen \u2013 schnell und dialogisch<\/a><\/li><\/ul>\n<div class=\"pt-sm\">Schlagw\u00f6rter: <a href=\"http:\/\/blog.zhaw.ch\/languagematters\/tag\/cas-digitale-transformation-und-kommunikation\/\">CAS Digitale Transformation und Kommunikation<\/a>, <a href=\"http:\/\/blog.zhaw.ch\/languagematters\/tag\/digitale-transformation\/\">Digitale Transformation<\/a>, <a href=\"http:\/\/blog.zhaw.ch\/languagematters\/tag\/iam\/\">IAM Institut f\u00fcr Angewandte Medienwissenschaft<\/a>, <a href=\"http:\/\/blog.zhaw.ch\/languagematters\/tag\/mas-communication-management-and-leadership\/\">MAS Communication Management and Leadership<\/a>, <a href=\"http:\/\/blog.zhaw.ch\/languagematters\/tag\/organisationskommunikation\/\">Organisationskommunikation<\/a>, <a href=\"http:\/\/blog.zhaw.ch\/languagematters\/tag\/organisationskommunikation-und-management\/\">Organisationskommunikation und Management<\/a><br><\/div>","protected":false},"excerpt":{"rendered":"<p>Michael Preisig verantwortet als Head Internal &amp; Online Communications bei der Swiss Life AG die interne Kommunikation. Er hat an der ZHAW den CAS Digitale Transformation und Kommunikation absolviert und erz\u00e4hlt im Interview, wie ihm das erlernte Wissen im Berufsalltag hilft, die Mitarbeitenden durch den digitalen Wandel zu begleiten.<\/p>\n","protected":false},"author":487,"featured_media":9787,"comment_status":"open","ping_status":"open","sticky":false,"template":"","format":"standard","meta":{"ngg_post_thumbnail":0,"footnotes":""},"categories":[204],"tags":[393,31,200,67,80,81],"features":[],"class_list":["post-9775","post","type-post","status-publish","format-standard","has-post-thumbnail","hentry","category-weiterbildung","tag-cas-digitale-transformation-und-kommunikation","tag-digitale-transformation","tag-iam","tag-mas-communication-management-and-leadership","tag-organisationskommunikation","tag-organisationskommunikation-und-management"],"yoast_head":"<!-- This site is optimized with the Yoast SEO Premium plugin v27.2 (Yoast SEO v27.2) - https:\/\/yoast.com\/product\/yoast-seo-premium-wordpress\/ -->\n<title>Mitarbeitende durch den digitalen Wandel begleiten - Language matters.<\/title>\n<meta name=\"robots\" content=\"index, follow, max-snippet:-1, max-image-preview:large, max-video-preview:-1\" \/>\n<link rel=\"canonical\" href=\"https:\/\/blog.zhaw.ch\/languagematters\/2021\/01\/21\/mitarbeitende-digitaler-wandel\/\" \/>\n<meta property=\"og:locale\" content=\"de_DE\" \/>\n<meta property=\"og:type\" content=\"article\" \/>\n<meta property=\"og:title\" content=\"Mitarbeitende durch den digitalen Wandel begleiten\" \/>\n<meta property=\"og:description\" content=\"Michael Preisig verantwortet als Head Internal &amp; Online Communications bei der Swiss Life AG die interne Kommunikation. Er hat an der ZHAW den CAS Digitale Transformation und Kommunikation absolviert und erz\u00e4hlt im Interview, wie ihm das erlernte Wissen im Berufsalltag hilft, die Mitarbeitenden durch den digitalen Wandel zu begleiten.\" \/>\n<meta property=\"og:url\" content=\"https:\/\/blog.zhaw.ch\/languagematters\/2021\/01\/21\/mitarbeitende-digitaler-wandel\/\" \/>\n<meta property=\"og:site_name\" content=\"Language matters.\" \/>\n<meta property=\"article:published_time\" content=\"2021-01-21T17:23:25+00:00\" \/>\n<meta property=\"article:modified_time\" content=\"2024-08-20T12:31:08+00:00\" \/>\n<meta property=\"og:image\" content=\"http:\/\/blog.zhaw.ch\/languagematters\/files\/2021\/01\/michael_preisig_cas_digitale_transformation_kommunikation_zhaw_iam.jpg\" \/>\n\t<meta property=\"og:image:width\" content=\"2000\" \/>\n\t<meta property=\"og:image:height\" content=\"1047\" \/>\n\t<meta property=\"og:image:type\" content=\"image\/jpeg\" \/>\n<meta name=\"author\" content=\"spoi\" \/>\n<meta name=\"twitter:card\" content=\"summary_large_image\" \/>\n<meta name=\"twitter:label1\" content=\"Verfasst von\" \/>\n\t<meta name=\"twitter:data1\" content=\"spoi\" \/>\n\t<meta name=\"twitter:label2\" content=\"Gesch\u00e4tzte Lesezeit\" \/>\n\t<meta name=\"twitter:data2\" content=\"4\u00a0Minuten\" \/>\n<script type=\"application\/ld+json\" class=\"yoast-schema-graph\">{\"@context\":\"https:\/\/schema.org\",\"@graph\":[{\"@type\":\"Article\",\"@id\":\"https:\/\/blog.zhaw.ch\/languagematters\/2021\/01\/21\/mitarbeitende-digitaler-wandel\/#article\",\"isPartOf\":{\"@id\":\"https:\/\/blog.zhaw.ch\/languagematters\/2021\/01\/21\/mitarbeitende-digitaler-wandel\/\"},\"author\":{\"name\":\"spoi\",\"@id\":\"https:\/\/blog.zhaw.ch\/languagematters\/#\/schema\/person\/605ea8801668a20ac9d53a501827f818\"},\"headline\":\"Mitarbeitende durch den digitalen Wandel begleiten\",\"datePublished\":\"2021-01-21T17:23:25+00:00\",\"dateModified\":\"2024-08-20T12:31:08+00:00\",\"mainEntityOfPage\":{\"@id\":\"https:\/\/blog.zhaw.ch\/languagematters\/2021\/01\/21\/mitarbeitende-digitaler-wandel\/\"},\"wordCount\":755,\"commentCount\":0,\"image\":{\"@id\":\"https:\/\/blog.zhaw.ch\/languagematters\/2021\/01\/21\/mitarbeitende-digitaler-wandel\/#primaryimage\"},\"thumbnailUrl\":\"https:\/\/blog.zhaw.ch\/languagematters\/files\/2021\/01\/michael_preisig_cas_digitale_transformation_kommunikation_zhaw_iam.jpg\",\"keywords\":[\"CAS Digitale Transformation und Kommunikation\",\"Digitale Transformation\",\"IAM Institut f\u00fcr Angewandte Medienwissenschaft\",\"MAS Communication Management and Leadership\",\"Organisationskommunikation\",\"Organisationskommunikation und Management\"],\"articleSection\":[\"Weiterbildung\"],\"inLanguage\":\"de\",\"potentialAction\":[{\"@type\":\"CommentAction\",\"name\":\"Comment\",\"target\":[\"https:\/\/blog.zhaw.ch\/languagematters\/2021\/01\/21\/mitarbeitende-digitaler-wandel\/#respond\"]}]},{\"@type\":\"WebPage\",\"@id\":\"https:\/\/blog.zhaw.ch\/languagematters\/2021\/01\/21\/mitarbeitende-digitaler-wandel\/\",\"url\":\"https:\/\/blog.zhaw.ch\/languagematters\/2021\/01\/21\/mitarbeitende-digitaler-wandel\/\",\"name\":\"Mitarbeitende durch den digitalen Wandel begleiten - Language matters.\",\"isPartOf\":{\"@id\":\"https:\/\/blog.zhaw.ch\/languagematters\/#website\"},\"primaryImageOfPage\":{\"@id\":\"https:\/\/blog.zhaw.ch\/languagematters\/2021\/01\/21\/mitarbeitende-digitaler-wandel\/#primaryimage\"},\"image\":{\"@id\":\"https:\/\/blog.zhaw.ch\/languagematters\/2021\/01\/21\/mitarbeitende-digitaler-wandel\/#primaryimage\"},\"thumbnailUrl\":\"https:\/\/blog.zhaw.ch\/languagematters\/files\/2021\/01\/michael_preisig_cas_digitale_transformation_kommunikation_zhaw_iam.jpg\",\"datePublished\":\"2021-01-21T17:23:25+00:00\",\"dateModified\":\"2024-08-20T12:31:08+00:00\",\"author\":{\"@id\":\"https:\/\/blog.zhaw.ch\/languagematters\/#\/schema\/person\/605ea8801668a20ac9d53a501827f818\"},\"breadcrumb\":{\"@id\":\"https:\/\/blog.zhaw.ch\/languagematters\/2021\/01\/21\/mitarbeitende-digitaler-wandel\/#breadcrumb\"},\"inLanguage\":\"de\",\"potentialAction\":[{\"@type\":\"ReadAction\",\"target\":[\"https:\/\/blog.zhaw.ch\/languagematters\/2021\/01\/21\/mitarbeitende-digitaler-wandel\/\"]}]},{\"@type\":\"ImageObject\",\"inLanguage\":\"de\",\"@id\":\"https:\/\/blog.zhaw.ch\/languagematters\/2021\/01\/21\/mitarbeitende-digitaler-wandel\/#primaryimage\",\"url\":\"https:\/\/blog.zhaw.ch\/languagematters\/files\/2021\/01\/michael_preisig_cas_digitale_transformation_kommunikation_zhaw_iam.jpg\",\"contentUrl\":\"https:\/\/blog.zhaw.ch\/languagematters\/files\/2021\/01\/michael_preisig_cas_digitale_transformation_kommunikation_zhaw_iam.jpg\",\"width\":2000,\"height\":1047,\"caption\":\"Michael Preisig Absolvent des CAS Digitale Transformation und Kommunikation\"},{\"@type\":\"BreadcrumbList\",\"@id\":\"https:\/\/blog.zhaw.ch\/languagematters\/2021\/01\/21\/mitarbeitende-digitaler-wandel\/#breadcrumb\",\"itemListElement\":[{\"@type\":\"ListItem\",\"position\":1,\"name\":\"Startseite\",\"item\":\"https:\/\/blog.zhaw.ch\/languagematters\/\"},{\"@type\":\"ListItem\",\"position\":2,\"name\":\"Mitarbeitende durch den digitalen Wandel begleiten\"}]},{\"@type\":\"WebSite\",\"@id\":\"https:\/\/blog.zhaw.ch\/languagematters\/#website\",\"url\":\"https:\/\/blog.zhaw.ch\/languagematters\/\",\"name\":\"Language matters.\",\"description\":\"Ein Blog der ZHAW Z\u00fcrcher Hochschule f\u00fcr Angewandte Wissenschaften\",\"potentialAction\":[{\"@type\":\"SearchAction\",\"target\":{\"@type\":\"EntryPoint\",\"urlTemplate\":\"https:\/\/blog.zhaw.ch\/languagematters\/?s={search_term_string}\"},\"query-input\":{\"@type\":\"PropertyValueSpecification\",\"valueRequired\":true,\"valueName\":\"search_term_string\"}}],\"inLanguage\":\"de\"},{\"@type\":\"Person\",\"@id\":\"https:\/\/blog.zhaw.ch\/languagematters\/#\/schema\/person\/605ea8801668a20ac9d53a501827f818\",\"name\":\"spoi\",\"image\":{\"@type\":\"ImageObject\",\"inLanguage\":\"de\",\"@id\":\"https:\/\/secure.gravatar.com\/avatar\/059ef4d6a19f5d97714a8703de5169cd243767c225b4ce20e2f174ba440f5ff8?s=96&d=mm&r=g\",\"url\":\"https:\/\/secure.gravatar.com\/avatar\/059ef4d6a19f5d97714a8703de5169cd243767c225b4ce20e2f174ba440f5ff8?s=96&d=mm&r=g\",\"contentUrl\":\"https:\/\/secure.gravatar.com\/avatar\/059ef4d6a19f5d97714a8703de5169cd243767c225b4ce20e2f174ba440f5ff8?s=96&d=mm&r=g\",\"caption\":\"spoi\"},\"url\":\"https:\/\/blog.zhaw.ch\/languagematters\/author\/spoi\/\"}]}<\/script>\n<!-- \/ Yoast SEO Premium plugin. -->","yoast_head_json":{"title":"Mitarbeitende durch den digitalen Wandel begleiten - Language matters.","robots":{"index":"index","follow":"follow","max-snippet":"max-snippet:-1","max-image-preview":"max-image-preview:large","max-video-preview":"max-video-preview:-1"},"canonical":"https:\/\/blog.zhaw.ch\/languagematters\/2021\/01\/21\/mitarbeitende-digitaler-wandel\/","og_locale":"de_DE","og_type":"article","og_title":"Mitarbeitende durch den digitalen Wandel begleiten","og_description":"Michael Preisig verantwortet als Head Internal &amp; Online Communications bei der Swiss Life AG die interne Kommunikation. Er hat an der ZHAW den CAS Digitale Transformation und Kommunikation absolviert und erz\u00e4hlt im Interview, wie ihm das erlernte Wissen im Berufsalltag hilft, die Mitarbeitenden durch den digitalen Wandel zu begleiten.","og_url":"https:\/\/blog.zhaw.ch\/languagematters\/2021\/01\/21\/mitarbeitende-digitaler-wandel\/","og_site_name":"Language matters.","article_published_time":"2021-01-21T17:23:25+00:00","article_modified_time":"2024-08-20T12:31:08+00:00","og_image":[{"width":2000,"height":1047,"url":"http:\/\/blog.zhaw.ch\/languagematters\/files\/2021\/01\/michael_preisig_cas_digitale_transformation_kommunikation_zhaw_iam.jpg","type":"image\/jpeg"}],"author":"spoi","twitter_card":"summary_large_image","twitter_misc":{"Verfasst von":"spoi","Gesch\u00e4tzte Lesezeit":"4\u00a0Minuten"},"schema":{"@context":"https:\/\/schema.org","@graph":[{"@type":"Article","@id":"https:\/\/blog.zhaw.ch\/languagematters\/2021\/01\/21\/mitarbeitende-digitaler-wandel\/#article","isPartOf":{"@id":"https:\/\/blog.zhaw.ch\/languagematters\/2021\/01\/21\/mitarbeitende-digitaler-wandel\/"},"author":{"name":"spoi","@id":"https:\/\/blog.zhaw.ch\/languagematters\/#\/schema\/person\/605ea8801668a20ac9d53a501827f818"},"headline":"Mitarbeitende durch den digitalen Wandel begleiten","datePublished":"2021-01-21T17:23:25+00:00","dateModified":"2024-08-20T12:31:08+00:00","mainEntityOfPage":{"@id":"https:\/\/blog.zhaw.ch\/languagematters\/2021\/01\/21\/mitarbeitende-digitaler-wandel\/"},"wordCount":755,"commentCount":0,"image":{"@id":"https:\/\/blog.zhaw.ch\/languagematters\/2021\/01\/21\/mitarbeitende-digitaler-wandel\/#primaryimage"},"thumbnailUrl":"https:\/\/blog.zhaw.ch\/languagematters\/files\/2021\/01\/michael_preisig_cas_digitale_transformation_kommunikation_zhaw_iam.jpg","keywords":["CAS Digitale Transformation und Kommunikation","Digitale Transformation","IAM Institut f\u00fcr Angewandte Medienwissenschaft","MAS Communication Management and Leadership","Organisationskommunikation","Organisationskommunikation und Management"],"articleSection":["Weiterbildung"],"inLanguage":"de","potentialAction":[{"@type":"CommentAction","name":"Comment","target":["https:\/\/blog.zhaw.ch\/languagematters\/2021\/01\/21\/mitarbeitende-digitaler-wandel\/#respond"]}]},{"@type":"WebPage","@id":"https:\/\/blog.zhaw.ch\/languagematters\/2021\/01\/21\/mitarbeitende-digitaler-wandel\/","url":"https:\/\/blog.zhaw.ch\/languagematters\/2021\/01\/21\/mitarbeitende-digitaler-wandel\/","name":"Mitarbeitende durch den digitalen Wandel begleiten - Language matters.","isPartOf":{"@id":"https:\/\/blog.zhaw.ch\/languagematters\/#website"},"primaryImageOfPage":{"@id":"https:\/\/blog.zhaw.ch\/languagematters\/2021\/01\/21\/mitarbeitende-digitaler-wandel\/#primaryimage"},"image":{"@id":"https:\/\/blog.zhaw.ch\/languagematters\/2021\/01\/21\/mitarbeitende-digitaler-wandel\/#primaryimage"},"thumbnailUrl":"https:\/\/blog.zhaw.ch\/languagematters\/files\/2021\/01\/michael_preisig_cas_digitale_transformation_kommunikation_zhaw_iam.jpg","datePublished":"2021-01-21T17:23:25+00:00","dateModified":"2024-08-20T12:31:08+00:00","author":{"@id":"https:\/\/blog.zhaw.ch\/languagematters\/#\/schema\/person\/605ea8801668a20ac9d53a501827f818"},"breadcrumb":{"@id":"https:\/\/blog.zhaw.ch\/languagematters\/2021\/01\/21\/mitarbeitende-digitaler-wandel\/#breadcrumb"},"inLanguage":"de","potentialAction":[{"@type":"ReadAction","target":["https:\/\/blog.zhaw.ch\/languagematters\/2021\/01\/21\/mitarbeitende-digitaler-wandel\/"]}]},{"@type":"ImageObject","inLanguage":"de","@id":"https:\/\/blog.zhaw.ch\/languagematters\/2021\/01\/21\/mitarbeitende-digitaler-wandel\/#primaryimage","url":"https:\/\/blog.zhaw.ch\/languagematters\/files\/2021\/01\/michael_preisig_cas_digitale_transformation_kommunikation_zhaw_iam.jpg","contentUrl":"https:\/\/blog.zhaw.ch\/languagematters\/files\/2021\/01\/michael_preisig_cas_digitale_transformation_kommunikation_zhaw_iam.jpg","width":2000,"height":1047,"caption":"Michael Preisig Absolvent des CAS Digitale Transformation und Kommunikation"},{"@type":"BreadcrumbList","@id":"https:\/\/blog.zhaw.ch\/languagematters\/2021\/01\/21\/mitarbeitende-digitaler-wandel\/#breadcrumb","itemListElement":[{"@type":"ListItem","position":1,"name":"Startseite","item":"https:\/\/blog.zhaw.ch\/languagematters\/"},{"@type":"ListItem","position":2,"name":"Mitarbeitende durch den digitalen Wandel begleiten"}]},{"@type":"WebSite","@id":"https:\/\/blog.zhaw.ch\/languagematters\/#website","url":"https:\/\/blog.zhaw.ch\/languagematters\/","name":"Language matters.","description":"Ein Blog der ZHAW Z\u00fcrcher Hochschule f\u00fcr Angewandte Wissenschaften","potentialAction":[{"@type":"SearchAction","target":{"@type":"EntryPoint","urlTemplate":"https:\/\/blog.zhaw.ch\/languagematters\/?s={search_term_string}"},"query-input":{"@type":"PropertyValueSpecification","valueRequired":true,"valueName":"search_term_string"}}],"inLanguage":"de"},{"@type":"Person","@id":"https:\/\/blog.zhaw.ch\/languagematters\/#\/schema\/person\/605ea8801668a20ac9d53a501827f818","name":"spoi","image":{"@type":"ImageObject","inLanguage":"de","@id":"https:\/\/secure.gravatar.com\/avatar\/059ef4d6a19f5d97714a8703de5169cd243767c225b4ce20e2f174ba440f5ff8?s=96&d=mm&r=g","url":"https:\/\/secure.gravatar.com\/avatar\/059ef4d6a19f5d97714a8703de5169cd243767c225b4ce20e2f174ba440f5ff8?s=96&d=mm&r=g","contentUrl":"https:\/\/secure.gravatar.com\/avatar\/059ef4d6a19f5d97714a8703de5169cd243767c225b4ce20e2f174ba440f5ff8?s=96&d=mm&r=g","caption":"spoi"},"url":"https:\/\/blog.zhaw.ch\/languagematters\/author\/spoi\/"}]}},"_links":{"self":[{"href":"https:\/\/blog.zhaw.ch\/languagematters\/wp-json\/wp\/v2\/posts\/9775","targetHints":{"allow":["GET"]}}],"collection":[{"href":"https:\/\/blog.zhaw.ch\/languagematters\/wp-json\/wp\/v2\/posts"}],"about":[{"href":"https:\/\/blog.zhaw.ch\/languagematters\/wp-json\/wp\/v2\/types\/post"}],"author":[{"embeddable":true,"href":"https:\/\/blog.zhaw.ch\/languagematters\/wp-json\/wp\/v2\/users\/487"}],"replies":[{"embeddable":true,"href":"https:\/\/blog.zhaw.ch\/languagematters\/wp-json\/wp\/v2\/comments?post=9775"}],"version-history":[{"count":16,"href":"https:\/\/blog.zhaw.ch\/languagematters\/wp-json\/wp\/v2\/posts\/9775\/revisions"}],"predecessor-version":[{"id":9795,"href":"https:\/\/blog.zhaw.ch\/languagematters\/wp-json\/wp\/v2\/posts\/9775\/revisions\/9795"}],"wp:featuredmedia":[{"embeddable":true,"href":"https:\/\/blog.zhaw.ch\/languagematters\/wp-json\/wp\/v2\/media\/9787"}],"wp:attachment":[{"href":"https:\/\/blog.zhaw.ch\/languagematters\/wp-json\/wp\/v2\/media?parent=9775"}],"wp:term":[{"taxonomy":"category","embeddable":true,"href":"https:\/\/blog.zhaw.ch\/languagematters\/wp-json\/wp\/v2\/categories?post=9775"},{"taxonomy":"post_tag","embeddable":true,"href":"https:\/\/blog.zhaw.ch\/languagematters\/wp-json\/wp\/v2\/tags?post=9775"},{"taxonomy":"features","embeddable":true,"href":"https:\/\/blog.zhaw.ch\/languagematters\/wp-json\/wp\/v2\/features?post=9775"}],"curies":[{"name":"wp","href":"https:\/\/api.w.org\/{rel}","templated":true}]}}